{"id":139966,"date":"2023-10-20T12:26:00","date_gmt":"2023-10-20T12:26:00","guid":{"rendered":"https:\/\/all-car-news.com\/opel-corsa-electrico-2024-mas-autonomia-y-potencia\/"},"modified":"2023-10-20T12:26:00","modified_gmt":"2023-10-20T12:26:00","slug":"opel-corsa-electrico-2024-mas-autonomia-y-potencia","status":"publish","type":"post","link":"https:\/\/all-car-news.com\/es\/opel-corsa-electrico-2024-mas-autonomia-y-potencia\/","title":{"rendered":"Opel Corsa El\u00e9ctrico (2024) &#8211; M\u00e1s autonom\u00eda y potencia"},"content":{"rendered":"<h2>Opel Corsa  <\/h2>\n<p>Vauxhall no se ha guardado nada en el lavado de cara del Corsa. Con algunos cambios radicales en el frontal, Opel ha elegido claramente una nueva direcci\u00f3n y un aspecto fresco para el Corsa. El simp\u00e1tico morro de su predecesor, con formas redondeadas, parrilla tradicional y faros puntiagudos es cosa del pasado. El morro del renovado Corsa tiene ahora un aspecto m\u00e1s duro. La parrilla se ha redise\u00f1ado e integrado con los faros, creando un frontal m\u00e1s aerodin\u00e1mico y agresivo. Se trata del llamado Opel Vizor, que tambi\u00e9n conocemos de todos los dem\u00e1s modelos actuales de Opel.  <\/p>\n<figure class=\"wp-block-embed is-type-video is-provider-youtube wp-block-embed-youtube wp-embed-aspect-16-9 wp-has-aspect-ratio\">\n<div class=\"wp-block-embed__wrapper\">\n<\/div>\n<\/figure>\n<h2><strong>Alivio<\/strong><\/h2>\n<p>Los simp\u00e1ticos faros anteriores dan paso a unos elegantes con luces diurnas en forma de ala. Las nuevas unidades est\u00e1n disponibles con tecnolog\u00eda LED matricial. Estos denominados faros matriciales Intelli-Lux LED debutaron en 2019 en el Corsa -el primer coche del segmento B con esta tecnolog\u00eda- y se han mejorado a\u00fan m\u00e1s, seg\u00fan el fabricante de autom\u00f3viles. Esta tecnolog\u00eda garantiza una visi\u00f3n n\u00edtida sin deslumbrar a otros usuarios de la carretera, haci\u00e9ndole m\u00e1s seguro y c\u00f3modo al volante.<\/p>\n<figure class=\"wp-block-image size-content\"><img decoding=\"async\" loading=\"lazy\" width=\"1140\" height=\"760\" src=\"https:\/\/autorai.nl\/wp-content\/uploads\/2023\/10\/Opel_523045-1140x760.jpg\" alt=\"\" class=\"wp-image-168267\"><\/figure>\n<h2>Techo flotante<\/h2>\n<p>El llamativo pilar C \u00abinterrumpido\u00bb crea la ilusi\u00f3n de que el techo flota sobre el coche. Dependiendo del nivel de acabado elegido, el techo puede ir acabado en un elegante color negro, que realza su aspecto deportivo. Otro cambio notable es la prominente ubicaci\u00f3n del nombre Corsa, que ahora aparece completamente escrito en el port\u00f3n trasero. Tambi\u00e9n est\u00e1 disponible un nuevo color: Gris Grafik.<\/p>\n<figure class=\"wp-block-image size-content\"><img decoding=\"async\" loading=\"lazy\" width=\"1140\" height=\"760\" src=\"https:\/\/autorai.nl\/wp-content\/uploads\/2023\/10\/Opel_523043-1140x760.jpg\" alt=\"\" class=\"wp-image-168268\"><\/figure>\n<h2>Pantallas grandes<\/h2>\n<p>En el interior del renovado <a href=\"https:\/\/autorai.nl\/autozoeker\/opel\/corsa\/\">Corsa<\/a> hay dos pantallas de gran nitidez. La navegaci\u00f3n, el sistema multimedia y la conectividad se han mejorado y el sistema se adapta a las preferencias del conductor. No falta potencia de c\u00e1lculo: el sistema de infoentretenimiento incorpora nuevos y potentes chips. Aunque tenemos que ser sinceros: todav\u00eda no es el sistema m\u00e1s r\u00e1pido que conocemos. Por primera vez, es posible cargar de forma inal\u00e1mbrica y conectar smartphones sin cables con Apple CarPlay y Android Auto. Vauxhall tambi\u00e9n ha pensado en la seguridad y el confort. El Corsa est\u00e1 equipado con todos los sistemas modernos de asistencia a la conducci\u00f3n, como el control de crucero adaptativo, la c\u00e1mara panor\u00e1mica de marcha atr\u00e1s y el asistente de \u00e1ngulo muerto.  <\/p>\n<figure class=\"wp-block-image size-content\"><img decoding=\"async\" loading=\"lazy\" width=\"1140\" height=\"760\" src=\"https:\/\/autorai.nl\/wp-content\/uploads\/2023\/10\/Opel_523084_DE-1140x760.jpg\" alt=\"\" class=\"wp-image-168269\"><\/figure>\n<h2>Opel Corsa El\u00e9ctrico<\/h2>\n<p>El Corsa el\u00e9ctrico tambi\u00e9n ha recibido un nuevo nombre. El Corsa-e se llama ahora Corsa Electric. Bajo la piel, tambi\u00e9n ha recibido una actualizaci\u00f3n t\u00e9cnica. Est\u00e1 disponible con dos cadenas cinem\u00e1ticas el\u00e9ctricas. La versi\u00f3n tope de gama ofrece 156 CV y, gracias a un nuevo paquete de bater\u00edas de 51 kWh, una autonom\u00eda de hasta 405 km. No est\u00e1 mal, para un VE compacto. Con un cargador r\u00e1pido, puedes cargar la bater\u00eda del 20 al 80% en 27 minutos con una potencia de carga de hasta 100 kW. La versi\u00f3n b\u00e1sica tiene una potencia de 100 kW (136 CV) con una autonom\u00eda mejorada de hasta 357 km (antes 337 km).  <\/p>\n<figure class=\"wp-block-image size-content\"><img decoding=\"async\" loading=\"lazy\" width=\"1140\" height=\"760\" src=\"https:\/\/autorai.nl\/wp-content\/uploads\/2023\/10\/Opel_523049-1140x760.jpg\" alt=\"\" class=\"wp-image-168270\"><\/figure>\n<h2>Tecnolog\u00eda h\u00edbrida<\/h2>\n<p>Opel tambi\u00e9n introduce por primera vez la opci\u00f3n de optar por la tecnolog\u00eda h\u00edbrida de 48 voltios en las versiones de gasolina. Esta tecnolog\u00eda est\u00e1 disponible para dos motores diferentes, con potencias de 100 y 136 CV. Ambos motores van asociados a una nueva transmisi\u00f3n autom\u00e1tica de doble embrague. Los motores de gasolina de 75 y 130 CV siguen estando disponibles en el renovado Corsa, como de costumbre.  <\/p>\n<h2>\u00bfCu\u00e1nto cuesta?<\/h2>\n<p>El Vauxhall Corsa actualizado parte de 23.349 euros para la versi\u00f3n b\u00e1sica de gasolina. Por el Corsa El\u00e9ctrico, los alemanes cobran un m\u00ednimo de 34.999 euros (136 CV y 357 km de autonom\u00eda) y 37.999 euros (156 CV y 405 km de autonom\u00eda). \u00bfTienes curiosidad por saber c\u00f3mo se conduce con la versi\u00f3n actualizada? A continuaci\u00f3n, vea el v\u00eddeo.<\/p>\n<\/p>\n<figure class=\"wp-block-embed is-type-video is-provider-youtube wp-block-embed-youtube wp-embed-aspect-16-9 wp-has-aspect-ratio\">\n<div class=\"wp-block-embed__wrapper\">\n<\/div>\n<\/figure>\n","protected":false},"excerpt":{"rendered":"Vauxhall Corsa Vauxhall no se ha guardado nada en el lavado de cara del Corsa. Con algunos cambios radicales en&hellip;","protected":false},"author":0,"featured_media":139935,"comment_status":"","ping_status":"open","sticky":false,"template":"","format":"standard","meta":{"footnotes":""},"categories":[145],"tags":[],"class_list":["post-139966","post","type-post","status-publish","format-standard","has-post-thumbnail","hentry","category-pruebas-de-autos"],"acf":[],"yoast_head":"<!-- This site is optimized with the Yoast SEO plugin v21.2 - https:\/\/yoast.com\/wordpress\/plugins\/seo\/ -->\n<title>Opel Corsa El\u00e9ctrico (2024) - M\u00e1s autonom\u00eda y potencia - All cars news<\/title>\n<meta name=\"robots\" content=\"index, follow, max-snippet:-1, max-image-preview:large, max-video-preview:-1\" \/>\n<link rel=\"canonical\" href=\"https:\/\/all-car-news.com\/es\/opel-corsa-electrico-2024-mas-autonomia-y-potencia\/\" \/>\n<meta property=\"og:locale\" content=\"es_ES\" \/>\n<meta property=\"og:type\" content=\"article\" \/>\n<meta property=\"og:title\" content=\"Opel Corsa El\u00e9ctrico (2024) - M\u00e1s autonom\u00eda y potencia - All cars news\" \/>\n<meta property=\"og:description\" content=\"Vauxhall Corsa Vauxhall no se ha guardado nada en el lavado de cara del Corsa. Con algunos cambios radicales en el frontal, Opel ha elegido claramente una nueva direcci\u00f3n y un aspecto fresco para el Corsa. El simp\u00e1tico morro de su predecesor, con formas redondeadas, parrilla tradicional y faros puntiagudos es cosa del pasado. \u00c9l [\u2026]\" \/>\n<meta property=\"og:url\" content=\"https:\/\/all-car-news.com\/es\/opel-corsa-electrico-2024-mas-autonomia-y-potencia\/\" \/>\n<meta property=\"og:site_name\" content=\"All cars news\" \/>\n<meta property=\"article:published_time\" content=\"2023-10-20T12:26:00+00:00\" \/>\n<meta property=\"og:image\" content=\"https:\/\/autorai.nl\/wp-content\/uploads\/2023\/10\/Opel_523045-1140x760.jpg\" \/>\n<meta name=\"twitter:card\" content=\"summary_large_image\" \/>\n<meta name=\"twitter:label1\" content=\"Tiempo de lectura\" \/>\n\t<meta name=\"twitter:data1\" content=\"3 minutos\" \/>\n<script type=\"application\/ld+json\" class=\"yoast-schema-graph\">{\"@context\":\"https:\/\/schema.org\",\"@graph\":[{\"@type\":\"Article\",\"@id\":\"https:\/\/all-car-news.com\/es\/opel-corsa-electrico-2024-mas-autonomia-y-potencia\/#article\",\"isPartOf\":{\"@id\":\"https:\/\/all-car-news.com\/es\/opel-corsa-electrico-2024-mas-autonomia-y-potencia\/\"},\"author\":{\"name\":\"\",\"@id\":\"\"},\"headline\":\"Opel Corsa El\u00e9ctrico (2024) &#8211; M\u00e1s autonom\u00eda y potencia\",\"datePublished\":\"2023-10-20T12:26:00+00:00\",\"dateModified\":\"2023-10-20T12:26:00+00:00\",\"mainEntityOfPage\":{\"@id\":\"https:\/\/all-car-news.com\/es\/opel-corsa-electrico-2024-mas-autonomia-y-potencia\/\"},\"wordCount\":673,\"publisher\":{\"@id\":\"https:\/\/all-car-news.com\/es\/#organization\"},\"articleSection\":[\"pruebas de autos\"],\"inLanguage\":\"es\"},{\"@type\":\"WebPage\",\"@id\":\"https:\/\/all-car-news.com\/es\/opel-corsa-electrico-2024-mas-autonomia-y-potencia\/\",\"url\":\"https:\/\/all-car-news.com\/es\/opel-corsa-electrico-2024-mas-autonomia-y-potencia\/\",\"name\":\"Opel Corsa El\u00e9ctrico (2024) - M\u00e1s autonom\u00eda y potencia - All cars news\",\"isPartOf\":{\"@id\":\"https:\/\/all-car-news.com\/es\/#website\"},\"datePublished\":\"2023-10-20T12:26:00+00:00\",\"dateModified\":\"2023-10-20T12:26:00+00:00\",\"breadcrumb\":{\"@id\":\"https:\/\/all-car-news.com\/es\/opel-corsa-electrico-2024-mas-autonomia-y-potencia\/#breadcrumb\"},\"inLanguage\":\"es\",\"potentialAction\":[{\"@type\":\"ReadAction\",\"target\":[\"https:\/\/all-car-news.com\/es\/opel-corsa-electrico-2024-mas-autonomia-y-potencia\/\"]}]},{\"@type\":\"BreadcrumbList\",\"@id\":\"https:\/\/all-car-news.com\/es\/opel-corsa-electrico-2024-mas-autonomia-y-potencia\/#breadcrumb\",\"itemListElement\":[{\"@type\":\"ListItem\",\"position\":1,\"name\":\"Home\",\"item\":\"https:\/\/all-car-news.com\/es\/\"},{\"@type\":\"ListItem\",\"position\":2,\"name\":\"Opel Corsa El\u00e9ctrico (2024) &#8211; M\u00e1s autonom\u00eda y potencia\"}]},{\"@type\":\"WebSite\",\"@id\":\"https:\/\/all-car-news.com\/es\/#website\",\"url\":\"https:\/\/all-car-news.com\/es\/\",\"name\":\"All cars news\",\"description\":\"\",\"publisher\":{\"@id\":\"https:\/\/all-car-news.com\/es\/#organization\"},\"potentialAction\":[{\"@type\":\"SearchAction\",\"target\":{\"@type\":\"EntryPoint\",\"urlTemplate\":\"https:\/\/all-car-news.com\/es\/?s={search_term_string}\"},\"query-input\":\"required name=search_term_string\"}],\"inLanguage\":\"es\"},{\"@type\":\"Organization\",\"@id\":\"https:\/\/all-car-news.com\/es\/#organization\",\"name\":\"All cars news\",\"url\":\"https:\/\/all-car-news.com\/es\/\",\"logo\":{\"@type\":\"ImageObject\",\"inLanguage\":\"es\",\"@id\":\"https:\/\/all-car-news.com\/es\/#\/schema\/logo\/image\/\",\"url\":\"https:\/\/all-car-news.com\/wp-content\/uploads\/2022\/02\/CMYK-AllCarNews_LANDSCAPE_300px-1.png\",\"contentUrl\":\"https:\/\/all-car-news.com\/wp-content\/uploads\/2022\/02\/CMYK-AllCarNews_LANDSCAPE_300px-1.png\",\"width\":300,\"height\":100,\"caption\":\"All cars news\"},\"image\":{\"@id\":\"https:\/\/all-car-news.com\/es\/#\/schema\/logo\/image\/\"}}]}<\/script>\n<!-- \/ Yoast SEO plugin. -->","yoast_head_json":{"title":"Opel Corsa El\u00e9ctrico (2024) - M\u00e1s autonom\u00eda y potencia - All cars news","robots":{"index":"index","follow":"follow","max-snippet":"max-snippet:-1","max-image-preview":"max-image-preview:large","max-video-preview":"max-video-preview:-1"},"canonical":"https:\/\/all-car-news.com\/es\/opel-corsa-electrico-2024-mas-autonomia-y-potencia\/","og_locale":"es_ES","og_type":"article","og_title":"Opel Corsa El\u00e9ctrico (2024) - M\u00e1s autonom\u00eda y potencia - All cars news","og_description":"Vauxhall Corsa Vauxhall no se ha guardado nada en el lavado de cara del Corsa. Con algunos cambios radicales en el frontal, Opel ha elegido claramente una nueva direcci\u00f3n y un aspecto fresco para el Corsa. El simp\u00e1tico morro de su predecesor, con formas redondeadas, parrilla tradicional y faros puntiagudos es cosa del pasado. \u00c9l [\u2026]","og_url":"https:\/\/all-car-news.com\/es\/opel-corsa-electrico-2024-mas-autonomia-y-potencia\/","og_site_name":"All cars news","article_published_time":"2023-10-20T12:26:00+00:00","og_image":[{"url":"https:\/\/autorai.nl\/wp-content\/uploads\/2023\/10\/Opel_523045-1140x760.jpg"}],"twitter_card":"summary_large_image","twitter_misc":{"Tiempo de lectura":"3 minutos"},"schema":{"@context":"https:\/\/schema.org","@graph":[{"@type":"Article","@id":"https:\/\/all-car-news.com\/es\/opel-corsa-electrico-2024-mas-autonomia-y-potencia\/#article","isPartOf":{"@id":"https:\/\/all-car-news.com\/es\/opel-corsa-electrico-2024-mas-autonomia-y-potencia\/"},"author":{"name":"","@id":""},"headline":"Opel Corsa El\u00e9ctrico (2024) &#8211; M\u00e1s autonom\u00eda y potencia","datePublished":"2023-10-20T12:26:00+00:00","dateModified":"2023-10-20T12:26:00+00:00","mainEntityOfPage":{"@id":"https:\/\/all-car-news.com\/es\/opel-corsa-electrico-2024-mas-autonomia-y-potencia\/"},"wordCount":673,"publisher":{"@id":"https:\/\/all-car-news.com\/es\/#organization"},"articleSection":["pruebas de autos"],"inLanguage":"es"},{"@type":"WebPage","@id":"https:\/\/all-car-news.com\/es\/opel-corsa-electrico-2024-mas-autonomia-y-potencia\/","url":"https:\/\/all-car-news.com\/es\/opel-corsa-electrico-2024-mas-autonomia-y-potencia\/","name":"Opel Corsa El\u00e9ctrico (2024) - M\u00e1s autonom\u00eda y potencia - All cars news","isPartOf":{"@id":"https:\/\/all-car-news.com\/es\/#website"},"datePublished":"2023-10-20T12:26:00+00:00","dateModified":"2023-10-20T12:26:00+00:00","breadcrumb":{"@id":"https:\/\/all-car-news.com\/es\/opel-corsa-electrico-2024-mas-autonomia-y-potencia\/#breadcrumb"},"inLanguage":"es","potentialAction":[{"@type":"ReadAction","target":["https:\/\/all-car-news.com\/es\/opel-corsa-electrico-2024-mas-autonomia-y-potencia\/"]}]},{"@type":"BreadcrumbList","@id":"https:\/\/all-car-news.com\/es\/opel-corsa-electrico-2024-mas-autonomia-y-potencia\/#breadcrumb","itemListElement":[{"@type":"ListItem","position":1,"name":"Home","item":"https:\/\/all-car-news.com\/es\/"},{"@type":"ListItem","position":2,"name":"Opel Corsa El\u00e9ctrico (2024) &#8211; M\u00e1s autonom\u00eda y potencia"}]},{"@type":"WebSite","@id":"https:\/\/all-car-news.com\/es\/#website","url":"https:\/\/all-car-news.com\/es\/","name":"All cars news","description":"","publisher":{"@id":"https:\/\/all-car-news.com\/es\/#organization"},"potentialAction":[{"@type":"SearchAction","target":{"@type":"EntryPoint","urlTemplate":"https:\/\/all-car-news.com\/es\/?s={search_term_string}"},"query-input":"required name=search_term_string"}],"inLanguage":"es"},{"@type":"Organization","@id":"https:\/\/all-car-news.com\/es\/#organization","name":"All cars news","url":"https:\/\/all-car-news.com\/es\/","logo":{"@type":"ImageObject","inLanguage":"es","@id":"https:\/\/all-car-news.com\/es\/#\/schema\/logo\/image\/","url":"https:\/\/all-car-news.com\/wp-content\/uploads\/2022\/02\/CMYK-AllCarNews_LANDSCAPE_300px-1.png","contentUrl":"https:\/\/all-car-news.com\/wp-content\/uploads\/2022\/02\/CMYK-AllCarNews_LANDSCAPE_300px-1.png","width":300,"height":100,"caption":"All cars news"},"image":{"@id":"https:\/\/all-car-news.com\/es\/#\/schema\/logo\/image\/"}}]}},"_links":{"self":[{"href":"https:\/\/all-car-news.com\/es\/wp-json\/wp\/v2\/posts\/139966","targetHints":{"allow":["GET"]}}],"collection":[{"href":"https:\/\/all-car-news.com\/es\/wp-json\/wp\/v2\/posts"}],"about":[{"href":"https:\/\/all-car-news.com\/es\/wp-json\/wp\/v2\/types\/post"}],"replies":[{"embeddable":true,"href":"https:\/\/all-car-news.com\/es\/wp-json\/wp\/v2\/comments?post=139966"}],"version-history":[{"count":0,"href":"https:\/\/all-car-news.com\/es\/wp-json\/wp\/v2\/posts\/139966\/revisions"}],"wp:featuredmedia":[{"embeddable":true,"href":"https:\/\/all-car-news.com\/es\/wp-json\/wp\/v2\/media\/139935"}],"wp:attachment":[{"href":"https:\/\/all-car-news.com\/es\/wp-json\/wp\/v2\/media?parent=139966"}],"wp:term":[{"taxonomy":"category","embeddable":true,"href":"https:\/\/all-car-news.com\/es\/wp-json\/wp\/v2\/categories?post=139966"},{"taxonomy":"post_tag","embeddable":true,"href":"https:\/\/all-car-news.com\/es\/wp-json\/wp\/v2\/tags?post=139966"}],"curies":[{"name":"wp","href":"https:\/\/api.w.org\/{rel}","templated":true}]}}