{"id":139917,"date":"2023-10-19T13:04:12","date_gmt":"2023-10-19T13:04:12","guid":{"rendered":"https:\/\/all-car-news.com\/el-ds-3-e-tense-esprit-de-voyage-pone-el-acento-en-el-lujo\/"},"modified":"2023-10-19T13:04:12","modified_gmt":"2023-10-19T13:04:12","slug":"el-ds-3-e-tense-esprit-de-voyage-pone-el-acento-en-el-lujo","status":"publish","type":"post","link":"https:\/\/all-car-news.com\/es\/el-ds-3-e-tense-esprit-de-voyage-pone-el-acento-en-el-lujo\/","title":{"rendered":"El DS 3 E-Tense Esprit de Voyage pone el acento en el lujo"},"content":{"rendered":"<h2>Patr\u00f3n \u00abClous de Paris<\/h2>\n<p>El DS 3 Esprit de Voyage tiene una serie de caracter\u00edsticas sorprendentes. Empezando por un interior Pebble Grey en el que el salpicadero est\u00e1 acabado en cuero Nappa, complementado con un mapa de Europa en relieve especial. El motivo geom\u00e9trico \u00abClous de Paris\u00bb -herencia del ic\u00f3nico relieve \u00abguillochage\u00bb de los relojeros parisinos- simboliza el lugar donde se desarroll\u00f3 el Esprit de Voyage: el DS Design Studio Paris.<\/p>\n<h2>Llantas Kyoto de 18 pulgadas<\/h2>\n<p>El motivo Clous de Paris ha sido desarrollado espec\u00edficamente para los modelos de esta colecci\u00f3n y aparece de varias formas en esta variante del DS 3, incluyendo las franjas de entrada delanteras, las insignias de las puertas delanteras y tambi\u00e9n como grabado l\u00e1ser en las carcasas de los retrovisores exteriores. Las llantas Kyoto de 18 pulgadas -ahora espec\u00edficas del Esprit de Voyage- tienen un acabado diamantado Gris Antracita con revestimiento mate.<\/p>\n<figure class=\"wp-block-image size-content\"><img decoding=\"async\" loading=\"lazy\" width=\"1140\" height=\"855\" src=\"https:\/\/autorai.nl\/wp-content\/uploads\/2023\/10\/DS-3-E-Tense-Esprit-de-Voyage-2023-foto-15-1140x855.jpg\" alt=\"DS 3 E-Tense Esprit de Voyage 2023\" class=\"wp-image-168139\"><\/figure>\n<h2>Interior<\/h2>\n<p>Los asientos est\u00e1n acabados en dos materiales de alta calidad: tejido \u00abLuxembourg\u00bb&nbsp;combinado con napa de color Pebble Grey. La tapicer\u00eda de los asientos en cuero Negro Basalto est\u00e1 disponible como opci\u00f3n. Las alfombrillas tienen un ribete de color Pebble Grey a juego con el interior. Adem\u00e1s, las puertas y el revestimiento del techo est\u00e1n acabados en Pebble Grey.<\/p>\n<h2>Basado en Rivoli<\/h2>\n<p>El DS 3 Esprit de Voyage se basa en la versi\u00f3n Rivoli. El equipamiento incluye acceso y arranque sin llave, el sistema de infoentretenimiento DS Iris System con navegaci\u00f3n 3D conectada, asientos delanteros calefactados, reposabrazos central delantero, retrovisor interior sin marco con atenuaci\u00f3n autom\u00e1tica y parasoles con retrovisores interiores LED iluminados. La versi\u00f3n tambi\u00e9n cuenta con iluminaci\u00f3n ambiental en el espacio para los pies, cristal de privacidad trasero y luces traseras LED.<\/p>\n<figure class=\"wp-block-image size-content\"><img decoding=\"async\" loading=\"lazy\" width=\"1140\" height=\"855\" src=\"https:\/\/autorai.nl\/wp-content\/uploads\/2023\/10\/DS-3-E-Tense-Esprit-de-Voyage-2023-foto-16-1140x855.jpg\" alt=\"DS 3 E-Tense Esprit de Voyage 2023\" class=\"wp-image-168140\"><\/figure>\n<h2>Colores<\/h2>\n<p>Nueve combinaciones de colores exteriores est\u00e1n disponibles para el DS 3 Esprit de Voyage. Desde tonos monocolor como Gris Platino, Negro Perla Nera y Blanco Polar, hasta opciones bitono como Gris Platino, Blanco Polar, Crystal Pearl, Gris Artense, Gris Lacado o Rojo Diva combinados con un color de techo Negro Perla Nera.<\/p>\n<h2>Cadena cinem\u00e1tica el\u00e9ctrica<\/h2>\n<p>En los Pa\u00edses Bajos, el DS 3 E-Tense Esprit de Voyage est\u00e1 equipado con la cadena cinem\u00e1tica 100% el\u00e9ctrica E-Tense, compuesta por un motor el\u00e9ctrico de 115 kW (156 CV) y una bater\u00eda de iones de litio de 54 kWh, con una autonom\u00eda WLTP de hasta 402 kil\u00f3metros. El DS 3 E-Tense Esprit de Voyage estar\u00e1 disponible para pedidos a partir del 2 de octubre a precios de cat\u00e1logo desde 42.260 euros (valor fiscal 41.260 euros). Esto tambi\u00e9n hace que la versi\u00f3n exclusiva de propulsi\u00f3n el\u00e9ctrica pueda optar a una subvenci\u00f3n SEPP de 2.950 euros para particulares.<\/p>\n<p>Esprit de Voyage es la primera \u00abColecci\u00f3n\u00bb especial de DS Automobiles. En el futuro seguir\u00e1n varias colecciones.<\/p>\n<div class=\"galery galery-0\">\n<figure>\n\t\t\t\t\t<span style=\"cursor: pointer\" data-src=\"https:\/\/autorai.nl\/wp-content\/uploads\/2023\/10\/DS-3-E-Tense-Esprit-de-Voyage-2023-foto-1-1600x1200.jpg\" data-fancybox=\"galery-0\" title=\"\"><br \/>\n\t\t\t\t\t\t\t<img decoding=\"async\" width=\"360\" height=\"270\" src=\"https:\/\/autorai.nl\/wp-content\/uploads\/2023\/10\/DS-3-E-Tense-Esprit-de-Voyage-2023-foto-1-360x270.jpg\" class=\"attachment-small size-small\" alt=\"\" loading=\"lazy\"><i class=\"fa fa-search-plus\" aria-hidden=\"true\"><\/i><br \/>\n\t\t\t\t\t\t<\/span><br \/>\n\t\t\t\t\t<\/figure>\n<figure>\n\t\t\t\t\t<span style=\"cursor: pointer\" data-src=\"https:\/\/autorai.nl\/wp-content\/uploads\/2023\/10\/DS-3-E-Tense-Esprit-de-Voyage-2023-foto-20-1600x1200.jpg\" data-fancybox=\"galery-0\" title=\"\"><br \/>\n\t\t\t\t\t\t\t<img decoding=\"async\" width=\"360\" height=\"270\" src=\"https:\/\/autorai.nl\/wp-content\/uploads\/2023\/10\/DS-3-E-Tense-Esprit-de-Voyage-2023-foto-20-360x270.jpg\" class=\"attachment-small size-small\" alt=\"DS 3 E-Tense Esprit de Voyage 2023\" loading=\"lazy\"><i class=\"fa fa-search-plus\" aria-hidden=\"true\"><\/i><br \/>\n\t\t\t\t\t\t<\/span><br \/>\n\t\t\t\t\t<\/figure>\n<figure>\n\t\t\t\t\t<span style=\"cursor: pointer\" data-src=\"https:\/\/autorai.nl\/wp-content\/uploads\/2023\/10\/DS-3-E-Tense-Esprit-de-Voyage-2023-foto-19-1600x1200.jpg\" data-fancybox=\"galery-0\" title=\"\"><br \/>\n\t\t\t\t\t\t\t<img decoding=\"async\" width=\"360\" height=\"270\" src=\"https:\/\/autorai.nl\/wp-content\/uploads\/2023\/10\/DS-3-E-Tense-Esprit-de-Voyage-2023-foto-19-360x270.jpg\" class=\"attachment-small size-small\" alt=\"\" loading=\"lazy\"><i class=\"fa fa-search-plus\" aria-hidden=\"true\"><\/i><br \/>\n\t\t\t\t\t\t<\/span><br \/>\n\t\t\t\t\t<\/figure>\n<figure>\n\t\t\t\t\t<span style=\"cursor: pointer\" data-src=\"https:\/\/autorai.nl\/wp-content\/uploads\/2023\/10\/DS-3-E-Tense-Esprit-de-Voyage-2023-foto-18-1600x1200.jpg\" data-fancybox=\"galery-0\" title=\"\"><br \/>\n\t\t\t\t\t\t\t<img decoding=\"async\" width=\"360\" height=\"270\" src=\"https:\/\/autorai.nl\/wp-content\/uploads\/2023\/10\/DS-3-E-Tense-Esprit-de-Voyage-2023-foto-18-360x270.jpg\" class=\"attachment-small size-small\" alt=\"\" loading=\"lazy\"><i class=\"fa fa-search-plus\" aria-hidden=\"true\"><\/i><br \/>\n\t\t\t\t\t\t<\/span><br \/>\n\t\t\t\t\t<\/figure>\n<figure>\n\t\t\t\t\t<span style=\"cursor: pointer\" data-src=\"https:\/\/autorai.nl\/wp-content\/uploads\/2023\/10\/DS-3-E-Tense-Esprit-de-Voyage-2023-foto-17-1600x1200.jpg\" data-fancybox=\"galery-0\" title=\"\"><br \/>\n\t\t\t\t\t\t\t<img decoding=\"async\" width=\"360\" height=\"270\" src=\"https:\/\/autorai.nl\/wp-content\/uploads\/2023\/10\/DS-3-E-Tense-Esprit-de-Voyage-2023-foto-17-360x270.jpg\" class=\"attachment-small size-small\" alt=\"\" loading=\"lazy\"><i class=\"fa fa-search-plus\" aria-hidden=\"true\"><\/i><br \/>\n\t\t\t\t\t\t<\/span><br \/>\n\t\t\t\t\t<\/figure>\n<figure>\n\t\t\t\t\t<span style=\"cursor: pointer\" data-src=\"https:\/\/autorai.nl\/wp-content\/uploads\/2023\/10\/DS-3-E-Tense-Esprit-de-Voyage-2023-foto-16-1600x1200.jpg\" data-fancybox=\"galery-0\" title=\"\"><br \/>\n\t\t\t\t\t\t\t<img decoding=\"async\" width=\"360\" height=\"270\" src=\"https:\/\/autorai.nl\/wp-content\/uploads\/2023\/10\/DS-3-E-Tense-Esprit-de-Voyage-2023-foto-16-360x270.jpg\" class=\"attachment-small size-small\" alt=\"DS 3 E-Tense Esprit de Voyage 2023\" loading=\"lazy\"><i class=\"fa fa-search-plus\" aria-hidden=\"true\"><\/i><br \/>\n\t\t\t\t\t\t<\/span><br \/>\n\t\t\t\t\t<\/figure>\n<figure>\n\t\t\t\t\t<span style=\"cursor: pointer\" data-src=\"https:\/\/autorai.nl\/wp-content\/uploads\/2023\/10\/DS-3-E-Tense-Esprit-de-Voyage-2023-foto-15-1600x1200.jpg\" data-fancybox=\"galery-0\" title=\"\"><br \/>\n\t\t\t\t\t\t\t<img decoding=\"async\" width=\"360\" height=\"270\" src=\"https:\/\/autorai.nl\/wp-content\/uploads\/2023\/10\/DS-3-E-Tense-Esprit-de-Voyage-2023-foto-15-360x270.jpg\" class=\"attachment-small size-small\" alt=\"DS 3 E-Tense Esprit de Voyage 2023\" loading=\"lazy\"><i class=\"fa fa-search-plus\" aria-hidden=\"true\"><\/i><br \/>\n\t\t\t\t\t\t<\/span><br \/>\n\t\t\t\t\t<\/figure>\n<figure>\n\t\t\t\t\t<span style=\"cursor: pointer\" data-src=\"https:\/\/autorai.nl\/wp-content\/uploads\/2023\/10\/DS-3-E-Tense-Esprit-de-Voyage-2023-foto-14-1600x1200.jpg\" data-fancybox=\"galery-0\" title=\"\"><br \/>\n\t\t\t\t\t\t\t<img decoding=\"async\" width=\"360\" height=\"270\" src=\"https:\/\/autorai.nl\/wp-content\/uploads\/2023\/10\/DS-3-E-Tense-Esprit-de-Voyage-2023-foto-14-360x270.jpg\" class=\"attachment-small size-small\" alt=\"\" loading=\"lazy\"><i class=\"fa fa-search-plus\" aria-hidden=\"true\"><\/i><br \/>\n\t\t\t\t\t\t<\/span><br \/>\n\t\t\t\t\t<\/figure>\n<figure>\n\t\t\t\t\t<span style=\"cursor: pointer\" data-src=\"https:\/\/autorai.nl\/wp-content\/uploads\/2023\/10\/DS-3-E-Tense-Esprit-de-Voyage-2023-foto-13-1600x1200.jpg\" data-fancybox=\"galery-0\" title=\"\"><br \/>\n\t\t\t\t\t\t\t<img decoding=\"async\" width=\"360\" height=\"270\" src=\"https:\/\/autorai.nl\/wp-content\/uploads\/2023\/10\/DS-3-E-Tense-Esprit-de-Voyage-2023-foto-13-360x270.jpg\" class=\"attachment-small size-small\" alt=\"\" loading=\"lazy\"><i class=\"fa fa-search-plus\" aria-hidden=\"true\"><\/i><br \/>\n\t\t\t\t\t\t<\/span><br \/>\n\t\t\t\t\t<\/figure>\n<figure>\n\t\t\t\t\t<span style=\"cursor: pointer\" data-src=\"https:\/\/autorai.nl\/wp-content\/uploads\/2023\/10\/DS-3-E-Tense-Esprit-de-Voyage-2023-foto-12-1600x1200.jpg\" data-fancybox=\"galery-0\" title=\"\"><br \/>\n\t\t\t\t\t\t\t<img decoding=\"async\" width=\"360\" height=\"270\" src=\"https:\/\/autorai.nl\/wp-content\/uploads\/2023\/10\/DS-3-E-Tense-Esprit-de-Voyage-2023-foto-12-360x270.jpg\" class=\"attachment-small size-small\" alt=\"\" loading=\"lazy\"><i class=\"fa fa-search-plus\" aria-hidden=\"true\"><\/i><br \/>\n\t\t\t\t\t\t<\/span><br \/>\n\t\t\t\t\t<\/figure>\n<figure>\n\t\t\t\t\t<span style=\"cursor: pointer\" data-src=\"https:\/\/autorai.nl\/wp-content\/uploads\/2023\/10\/DS-3-E-Tense-Esprit-de-Voyage-2023-foto-11-1600x1200.jpg\" data-fancybox=\"galery-0\" title=\"\"><br \/>\n\t\t\t\t\t\t\t<img decoding=\"async\" width=\"360\" height=\"270\" src=\"https:\/\/autorai.nl\/wp-content\/uploads\/2023\/10\/DS-3-E-Tense-Esprit-de-Voyage-2023-foto-11-360x270.jpg\" class=\"attachment-small size-small\" alt=\"\" loading=\"lazy\"><i class=\"fa fa-search-plus\" aria-hidden=\"true\"><\/i><br \/>\n\t\t\t\t\t\t<\/span><br \/>\n\t\t\t\t\t<\/figure>\n<figure>\n\t\t\t\t\t<span style=\"cursor: pointer\" data-src=\"https:\/\/autorai.nl\/wp-content\/uploads\/2023\/10\/DS-3-E-Tense-Esprit-de-Voyage-2023-foto-10-1600x1200.jpg\" data-fancybox=\"galery-0\" title=\"\"><br \/>\n\t\t\t\t\t\t\t<img decoding=\"async\" width=\"360\" height=\"270\" src=\"https:\/\/autorai.nl\/wp-content\/uploads\/2023\/10\/DS-3-E-Tense-Esprit-de-Voyage-2023-foto-10-360x270.jpg\" class=\"attachment-small size-small\" alt=\"\" loading=\"lazy\"><i class=\"fa fa-search-plus\" aria-hidden=\"true\"><\/i><br \/>\n\t\t\t\t\t\t<\/span><br \/>\n\t\t\t\t\t<\/figure>\n<figure>\n\t\t\t\t\t<span style=\"cursor: pointer\" data-src=\"https:\/\/autorai.nl\/wp-content\/uploads\/2023\/10\/DS-3-E-Tense-Esprit-de-Voyage-2023-foto-9-1600x1200.jpg\" data-fancybox=\"galery-0\" title=\"\"><br \/>\n\t\t\t\t\t\t\t<img decoding=\"async\" width=\"360\" height=\"270\" src=\"https:\/\/autorai.nl\/wp-content\/uploads\/2023\/10\/DS-3-E-Tense-Esprit-de-Voyage-2023-foto-9-360x270.jpg\" class=\"attachment-small size-small\" alt=\"\" loading=\"lazy\"><i class=\"fa fa-search-plus\" aria-hidden=\"true\"><\/i><br \/>\n\t\t\t\t\t\t<\/span><br \/>\n\t\t\t\t\t<\/figure>\n<figure>\n\t\t\t\t\t<span style=\"cursor: pointer\" data-src=\"https:\/\/autorai.nl\/wp-content\/uploads\/2023\/10\/DS-3-E-Tense-Esprit-de-Voyage-2023-foto-8-1600x1200.jpg\" data-fancybox=\"galery-0\" title=\"\"><br \/>\n\t\t\t\t\t\t\t<img decoding=\"async\" width=\"360\" height=\"270\" src=\"https:\/\/autorai.nl\/wp-content\/uploads\/2023\/10\/DS-3-E-Tense-Esprit-de-Voyage-2023-foto-8-360x270.jpg\" class=\"attachment-small size-small\" alt=\"\" loading=\"lazy\"><i class=\"fa fa-search-plus\" aria-hidden=\"true\"><\/i><br \/>\n\t\t\t\t\t\t<\/span><br \/>\n\t\t\t\t\t<\/figure>\n<figure>\n\t\t\t\t\t<span style=\"cursor: pointer\" data-src=\"https:\/\/autorai.nl\/wp-content\/uploads\/2023\/10\/DS-3-E-Tense-Esprit-de-Voyage-2023-foto-7-1600x1200.jpg\" data-fancybox=\"galery-0\" title=\"\"><br \/>\n\t\t\t\t\t\t\t<img decoding=\"async\" width=\"360\" height=\"270\" src=\"https:\/\/autorai.nl\/wp-content\/uploads\/2023\/10\/DS-3-E-Tense-Esprit-de-Voyage-2023-foto-7-360x270.jpg\" class=\"attachment-small size-small\" alt=\"\" loading=\"lazy\"><i class=\"fa fa-search-plus\" aria-hidden=\"true\"><\/i><br \/>\n\t\t\t\t\t\t<\/span><br \/>\n\t\t\t\t\t<\/figure>\n<figure>\n\t\t\t\t\t<span style=\"cursor: pointer\" data-src=\"https:\/\/autorai.nl\/wp-content\/uploads\/2023\/10\/DS-3-E-Tense-Esprit-de-Voyage-2023-foto-6-1200x1600.jpg\" data-fancybox=\"galery-0\" title=\"\"><br \/>\n\t\t\t\t\t\t\t<img decoding=\"async\" width=\"360\" height=\"270\" src=\"https:\/\/autorai.nl\/wp-content\/uploads\/2023\/10\/DS-3-E-Tense-Esprit-de-Voyage-2023-foto-6-360x270.jpg\" class=\"attachment-small size-small\" alt=\"\" loading=\"lazy\"><i class=\"fa fa-search-plus\" aria-hidden=\"true\"><\/i><br \/>\n\t\t\t\t\t\t<\/span><br \/>\n\t\t\t\t\t<\/figure>\n<figure>\n\t\t\t\t\t<span style=\"cursor: pointer\" data-src=\"https:\/\/autorai.nl\/wp-content\/uploads\/2023\/10\/DS-3-E-Tense-Esprit-de-Voyage-2023-foto-5-1600x1200.jpg\" data-fancybox=\"galery-0\" title=\"\"><br \/>\n\t\t\t\t\t\t\t<img decoding=\"async\" width=\"360\" height=\"270\" src=\"https:\/\/autorai.nl\/wp-content\/uploads\/2023\/10\/DS-3-E-Tense-Esprit-de-Voyage-2023-foto-5-360x270.jpg\" class=\"attachment-small size-small\" alt=\"\" loading=\"lazy\"><i class=\"fa fa-search-plus\" aria-hidden=\"true\"><\/i><br \/>\n\t\t\t\t\t\t<\/span><br \/>\n\t\t\t\t\t<\/figure>\n<figure>\n\t\t\t\t\t<span style=\"cursor: pointer\" data-src=\"https:\/\/autorai.nl\/wp-content\/uploads\/2023\/10\/DS-3-E-Tense-Esprit-de-Voyage-2023-foto-4-1600x1200.jpg\" data-fancybox=\"galery-0\" title=\"\"><br \/>\n\t\t\t\t\t\t\t<img decoding=\"async\" width=\"360\" height=\"270\" src=\"https:\/\/autorai.nl\/wp-content\/uploads\/2023\/10\/DS-3-E-Tense-Esprit-de-Voyage-2023-foto-4-360x270.jpg\" class=\"attachment-small size-small\" alt=\"\" loading=\"lazy\"><i class=\"fa fa-search-plus\" aria-hidden=\"true\"><\/i><br \/>\n\t\t\t\t\t\t<\/span><br \/>\n\t\t\t\t\t<\/figure>\n<figure>\n\t\t\t\t\t<span style=\"cursor: pointer\" data-src=\"https:\/\/autorai.nl\/wp-content\/uploads\/2023\/10\/DS-3-E-Tense-Esprit-de-Voyage-2023-foto-3-1600x1200.jpg\" data-fancybox=\"galery-0\" title=\"\"><br \/>\n\t\t\t\t\t\t\t<img decoding=\"async\" width=\"360\" height=\"270\" src=\"https:\/\/autorai.nl\/wp-content\/uploads\/2023\/10\/DS-3-E-Tense-Esprit-de-Voyage-2023-foto-3-360x270.jpg\" class=\"attachment-small size-small\" alt=\"\" loading=\"lazy\"><i class=\"fa fa-search-plus\" aria-hidden=\"true\"><\/i><br \/>\n\t\t\t\t\t\t<\/span><br \/>\n\t\t\t\t\t<\/figure>\n<figure>\n\t\t\t\t\t<span style=\"cursor: pointer\" data-src=\"https:\/\/autorai.nl\/wp-content\/uploads\/2023\/10\/DS-3-E-Tense-Esprit-de-Voyage-2023-foto-2-1600x1143.jpg\" data-fancybox=\"galery-0\" title=\"\"><br \/>\n\t\t\t\t\t\t\t<img decoding=\"async\" width=\"360\" height=\"270\" src=\"https:\/\/autorai.nl\/wp-content\/uploads\/2023\/10\/DS-3-E-Tense-Esprit-de-Voyage-2023-foto-2-360x270.jpg\" class=\"attachment-small size-small\" alt=\"\" loading=\"lazy\"><i class=\"fa fa-search-plus\" aria-hidden=\"true\"><\/i><br \/>\n\t\t\t\t\t\t<\/span><br \/>\n\t\t\t\t\t<\/figure>\n<div class=\"clear\"><\/div>\n<\/div>\n","protected":false},"excerpt":{"rendered":"Estampado \"Clous de Paris\" El DS 3 Esprit de Voyage presenta una serie de caracter\u00edsticas llamativas. Empezando por un interior&hellip;","protected":false},"author":0,"featured_media":139915,"comment_status":"","ping_status":"open","sticky":false,"template":"","format":"standard","meta":{"footnotes":""},"categories":[126],"tags":[],"class_list":["post-139917","post","type-post","status-publish","format-standard","has-post-thumbnail","hentry","category-noticias-de-autos"],"acf":[],"yoast_head":"<!-- This site is optimized with the Yoast SEO plugin v21.2 - https:\/\/yoast.com\/wordpress\/plugins\/seo\/ -->\n<title>El DS 3 E-Tense Esprit de Voyage pone el acento en el lujo - All cars news<\/title>\n<meta name=\"robots\" content=\"index, follow, max-snippet:-1, max-image-preview:large, max-video-preview:-1\" \/>\n<link rel=\"canonical\" href=\"https:\/\/all-car-news.com\/es\/el-ds-3-e-tense-esprit-de-voyage-pone-el-acento-en-el-lujo\/\" \/>\n<meta property=\"og:locale\" content=\"es_ES\" \/>\n<meta property=\"og:type\" content=\"article\" \/>\n<meta property=\"og:title\" content=\"El DS 3 E-Tense Esprit de Voyage pone el acento en el lujo - All cars news\" \/>\n<meta property=\"og:description\" content=\"Estampado &quot;Clous de Paris&quot; El DS 3 Esprit de Voyage presenta una serie de caracter\u00edsticas llamativas. Empezando por un interior Pebble Grey en el que el salpicadero est\u00e1 acabado en cuero Nappa, complementado con un mapa de Europa en relieve especial. El motivo geom\u00e9trico &quot;Clous de Paris&quot;, herencia del emblem\u00e1tico relieve &quot;guillochage&quot; de los relojeros parisinos [...].\" \/>\n<meta property=\"og:url\" content=\"https:\/\/all-car-news.com\/es\/el-ds-3-e-tense-esprit-de-voyage-pone-el-acento-en-el-lujo\/\" \/>\n<meta property=\"og:site_name\" content=\"All cars news\" \/>\n<meta property=\"article:published_time\" content=\"2023-10-19T13:04:12+00:00\" \/>\n<meta property=\"og:image\" content=\"https:\/\/autorai.nl\/wp-content\/uploads\/2023\/10\/DS-3-E-Tense-Esprit-de-Voyage-2023-foto-15-1140x855.jpg\" \/>\n<meta name=\"twitter:card\" content=\"summary_large_image\" \/>\n<meta name=\"twitter:label1\" content=\"Tiempo de lectura\" \/>\n\t<meta name=\"twitter:data1\" content=\"2 minutos\" \/>\n<script type=\"application\/ld+json\" class=\"yoast-schema-graph\">{\"@context\":\"https:\/\/schema.org\",\"@graph\":[{\"@type\":\"Article\",\"@id\":\"https:\/\/all-car-news.com\/es\/el-ds-3-e-tense-esprit-de-voyage-pone-el-acento-en-el-lujo\/#article\",\"isPartOf\":{\"@id\":\"https:\/\/all-car-news.com\/es\/el-ds-3-e-tense-esprit-de-voyage-pone-el-acento-en-el-lujo\/\"},\"author\":{\"name\":\"\",\"@id\":\"\"},\"headline\":\"El DS 3 E-Tense Esprit de Voyage pone el acento en el lujo\",\"datePublished\":\"2023-10-19T13:04:12+00:00\",\"dateModified\":\"2023-10-19T13:04:12+00:00\",\"mainEntityOfPage\":{\"@id\":\"https:\/\/all-car-news.com\/es\/el-ds-3-e-tense-esprit-de-voyage-pone-el-acento-en-el-lujo\/\"},\"wordCount\":487,\"publisher\":{\"@id\":\"https:\/\/all-car-news.com\/es\/#organization\"},\"articleSection\":[\"noticias de autos\"],\"inLanguage\":\"es\"},{\"@type\":\"WebPage\",\"@id\":\"https:\/\/all-car-news.com\/es\/el-ds-3-e-tense-esprit-de-voyage-pone-el-acento-en-el-lujo\/\",\"url\":\"https:\/\/all-car-news.com\/es\/el-ds-3-e-tense-esprit-de-voyage-pone-el-acento-en-el-lujo\/\",\"name\":\"El DS 3 E-Tense Esprit de Voyage pone el acento en el lujo - All cars news\",\"isPartOf\":{\"@id\":\"https:\/\/all-car-news.com\/es\/#website\"},\"datePublished\":\"2023-10-19T13:04:12+00:00\",\"dateModified\":\"2023-10-19T13:04:12+00:00\",\"breadcrumb\":{\"@id\":\"https:\/\/all-car-news.com\/es\/el-ds-3-e-tense-esprit-de-voyage-pone-el-acento-en-el-lujo\/#breadcrumb\"},\"inLanguage\":\"es\",\"potentialAction\":[{\"@type\":\"ReadAction\",\"target\":[\"https:\/\/all-car-news.com\/es\/el-ds-3-e-tense-esprit-de-voyage-pone-el-acento-en-el-lujo\/\"]}]},{\"@type\":\"BreadcrumbList\",\"@id\":\"https:\/\/all-car-news.com\/es\/el-ds-3-e-tense-esprit-de-voyage-pone-el-acento-en-el-lujo\/#breadcrumb\",\"itemListElement\":[{\"@type\":\"ListItem\",\"position\":1,\"name\":\"Home\",\"item\":\"https:\/\/all-car-news.com\/es\/\"},{\"@type\":\"ListItem\",\"position\":2,\"name\":\"El DS 3 E-Tense Esprit de Voyage pone el acento en el lujo\"}]},{\"@type\":\"WebSite\",\"@id\":\"https:\/\/all-car-news.com\/es\/#website\",\"url\":\"https:\/\/all-car-news.com\/es\/\",\"name\":\"All cars news\",\"description\":\"\",\"publisher\":{\"@id\":\"https:\/\/all-car-news.com\/es\/#organization\"},\"potentialAction\":[{\"@type\":\"SearchAction\",\"target\":{\"@type\":\"EntryPoint\",\"urlTemplate\":\"https:\/\/all-car-news.com\/es\/?s={search_term_string}\"},\"query-input\":\"required name=search_term_string\"}],\"inLanguage\":\"es\"},{\"@type\":\"Organization\",\"@id\":\"https:\/\/all-car-news.com\/es\/#organization\",\"name\":\"All cars news\",\"url\":\"https:\/\/all-car-news.com\/es\/\",\"logo\":{\"@type\":\"ImageObject\",\"inLanguage\":\"es\",\"@id\":\"https:\/\/all-car-news.com\/es\/#\/schema\/logo\/image\/\",\"url\":\"https:\/\/all-car-news.com\/wp-content\/uploads\/2022\/02\/CMYK-AllCarNews_LANDSCAPE_300px-1.png\",\"contentUrl\":\"https:\/\/all-car-news.com\/wp-content\/uploads\/2022\/02\/CMYK-AllCarNews_LANDSCAPE_300px-1.png\",\"width\":300,\"height\":100,\"caption\":\"All cars news\"},\"image\":{\"@id\":\"https:\/\/all-car-news.com\/es\/#\/schema\/logo\/image\/\"}}]}<\/script>\n<!-- \/ Yoast SEO plugin. -->","yoast_head_json":{"title":"El DS 3 E-Tense Esprit de Voyage pone el acento en el lujo - All cars news","robots":{"index":"index","follow":"follow","max-snippet":"max-snippet:-1","max-image-preview":"max-image-preview:large","max-video-preview":"max-video-preview:-1"},"canonical":"https:\/\/all-car-news.com\/es\/el-ds-3-e-tense-esprit-de-voyage-pone-el-acento-en-el-lujo\/","og_locale":"es_ES","og_type":"article","og_title":"El DS 3 E-Tense Esprit de Voyage pone el acento en el lujo - All cars news","og_description":"Estampado \"Clous de Paris\" El DS 3 Esprit de Voyage presenta una serie de caracter\u00edsticas llamativas. Empezando por un interior Pebble Grey en el que el salpicadero est\u00e1 acabado en cuero Nappa, complementado con un mapa de Europa en relieve especial. El motivo geom\u00e9trico \"Clous de Paris\", herencia del emblem\u00e1tico relieve \"guillochage\" de los relojeros parisinos [...].","og_url":"https:\/\/all-car-news.com\/es\/el-ds-3-e-tense-esprit-de-voyage-pone-el-acento-en-el-lujo\/","og_site_name":"All cars news","article_published_time":"2023-10-19T13:04:12+00:00","og_image":[{"url":"https:\/\/autorai.nl\/wp-content\/uploads\/2023\/10\/DS-3-E-Tense-Esprit-de-Voyage-2023-foto-15-1140x855.jpg"}],"twitter_card":"summary_large_image","twitter_misc":{"Tiempo de lectura":"2 minutos"},"schema":{"@context":"https:\/\/schema.org","@graph":[{"@type":"Article","@id":"https:\/\/all-car-news.com\/es\/el-ds-3-e-tense-esprit-de-voyage-pone-el-acento-en-el-lujo\/#article","isPartOf":{"@id":"https:\/\/all-car-news.com\/es\/el-ds-3-e-tense-esprit-de-voyage-pone-el-acento-en-el-lujo\/"},"author":{"name":"","@id":""},"headline":"El DS 3 E-Tense Esprit de Voyage pone el acento en el lujo","datePublished":"2023-10-19T13:04:12+00:00","dateModified":"2023-10-19T13:04:12+00:00","mainEntityOfPage":{"@id":"https:\/\/all-car-news.com\/es\/el-ds-3-e-tense-esprit-de-voyage-pone-el-acento-en-el-lujo\/"},"wordCount":487,"publisher":{"@id":"https:\/\/all-car-news.com\/es\/#organization"},"articleSection":["noticias de autos"],"inLanguage":"es"},{"@type":"WebPage","@id":"https:\/\/all-car-news.com\/es\/el-ds-3-e-tense-esprit-de-voyage-pone-el-acento-en-el-lujo\/","url":"https:\/\/all-car-news.com\/es\/el-ds-3-e-tense-esprit-de-voyage-pone-el-acento-en-el-lujo\/","name":"El DS 3 E-Tense Esprit de Voyage pone el acento en el lujo - All cars news","isPartOf":{"@id":"https:\/\/all-car-news.com\/es\/#website"},"datePublished":"2023-10-19T13:04:12+00:00","dateModified":"2023-10-19T13:04:12+00:00","breadcrumb":{"@id":"https:\/\/all-car-news.com\/es\/el-ds-3-e-tense-esprit-de-voyage-pone-el-acento-en-el-lujo\/#breadcrumb"},"inLanguage":"es","potentialAction":[{"@type":"ReadAction","target":["https:\/\/all-car-news.com\/es\/el-ds-3-e-tense-esprit-de-voyage-pone-el-acento-en-el-lujo\/"]}]},{"@type":"BreadcrumbList","@id":"https:\/\/all-car-news.com\/es\/el-ds-3-e-tense-esprit-de-voyage-pone-el-acento-en-el-lujo\/#breadcrumb","itemListElement":[{"@type":"ListItem","position":1,"name":"Home","item":"https:\/\/all-car-news.com\/es\/"},{"@type":"ListItem","position":2,"name":"El DS 3 E-Tense Esprit de Voyage pone el acento en el lujo"}]},{"@type":"WebSite","@id":"https:\/\/all-car-news.com\/es\/#website","url":"https:\/\/all-car-news.com\/es\/","name":"All cars news","description":"","publisher":{"@id":"https:\/\/all-car-news.com\/es\/#organization"},"potentialAction":[{"@type":"SearchAction","target":{"@type":"EntryPoint","urlTemplate":"https:\/\/all-car-news.com\/es\/?s={search_term_string}"},"query-input":"required name=search_term_string"}],"inLanguage":"es"},{"@type":"Organization","@id":"https:\/\/all-car-news.com\/es\/#organization","name":"All cars news","url":"https:\/\/all-car-news.com\/es\/","logo":{"@type":"ImageObject","inLanguage":"es","@id":"https:\/\/all-car-news.com\/es\/#\/schema\/logo\/image\/","url":"https:\/\/all-car-news.com\/wp-content\/uploads\/2022\/02\/CMYK-AllCarNews_LANDSCAPE_300px-1.png","contentUrl":"https:\/\/all-car-news.com\/wp-content\/uploads\/2022\/02\/CMYK-AllCarNews_LANDSCAPE_300px-1.png","width":300,"height":100,"caption":"All cars news"},"image":{"@id":"https:\/\/all-car-news.com\/es\/#\/schema\/logo\/image\/"}}]}},"_links":{"self":[{"href":"https:\/\/all-car-news.com\/es\/wp-json\/wp\/v2\/posts\/139917","targetHints":{"allow":["GET"]}}],"collection":[{"href":"https:\/\/all-car-news.com\/es\/wp-json\/wp\/v2\/posts"}],"about":[{"href":"https:\/\/all-car-news.com\/es\/wp-json\/wp\/v2\/types\/post"}],"replies":[{"embeddable":true,"href":"https:\/\/all-car-news.com\/es\/wp-json\/wp\/v2\/comments?post=139917"}],"version-history":[{"count":0,"href":"https:\/\/all-car-news.com\/es\/wp-json\/wp\/v2\/posts\/139917\/revisions"}],"wp:featuredmedia":[{"embeddable":true,"href":"https:\/\/all-car-news.com\/es\/wp-json\/wp\/v2\/media\/139915"}],"wp:attachment":[{"href":"https:\/\/all-car-news.com\/es\/wp-json\/wp\/v2\/media?parent=139917"}],"wp:term":[{"taxonomy":"category","embeddable":true,"href":"https:\/\/all-car-news.com\/es\/wp-json\/wp\/v2\/categories?post=139917"},{"taxonomy":"post_tag","embeddable":true,"href":"https:\/\/all-car-news.com\/es\/wp-json\/wp\/v2\/tags?post=139917"}],"curies":[{"name":"wp","href":"https:\/\/api.w.org\/{rel}","templated":true}]}}