{"id":139702,"date":"2023-10-11T10:28:56","date_gmt":"2023-10-11T10:28:56","guid":{"rendered":"https:\/\/all-car-news.com\/walkaround-bmw-x2-e-ix2-2024-autorai-tv\/"},"modified":"2023-10-11T10:28:56","modified_gmt":"2023-10-11T10:28:56","slug":"walkaround-bmw-x2-e-ix2-2024-autorai-tv","status":"publish","type":"post","link":"https:\/\/all-car-news.com\/es\/walkaround-bmw-x2-e-ix2-2024-autorai-tv\/","title":{"rendered":"WALKAROUND: BMW X2 E IX2 (2024) &#8211; AUTORAI TV"},"content":{"rendered":"<h2>BMW X2<\/h2>\n<p>BMW pretende claramente atraer a un p\u00fablico m\u00e1s joven con la introducci\u00f3n del <a href=\"https:\/\/youtu.be\/FetK_fN26is\">nuevo X2<\/a>. El X2 desprende bastante m\u00e1s deportividad que el X1. El dise\u00f1o llama m\u00e1s la atenci\u00f3n, especialmente la llamativa parrilla en forma de ri\u00f1\u00f3n, que tiene una forma casi hexagonal y recuerda a la parrilla del nuevo BMW XM, el potente M-SUV de BMW. Al igual que en el XM, puedes decorar la parrilla del X2 con la opci\u00f3n Iconic Glow. A continuaci\u00f3n, BMW coloca una tira de LED a su alrededor, una primicia en este segmento dentro de BMW. Este nuevo X2 est\u00e1 disponible en 11 colores de carrocer\u00eda metalizados diferentes, incluido el Gris Rascacielos metalizado, tal y como se puede ver en el coche en el siguiente v\u00eddeo.<\/p>\n<figure class=\"wp-block-embed is-type-video is-provider-youtube wp-block-embed-youtube wp-embed-aspect-16-9 wp-has-aspect-ratio\">\n<div class=\"wp-block-embed__wrapper\">\n<\/div>\n<\/figure>\n<h2>Culo ancho<\/h2>\n<p>En la parte trasera del X2 destacan los anchos pasos de rueda y los poderosos hombros, con un distintivo spoiler Gurney y un robusto parachoques trasero. El paquete deportivo M est\u00e1 disponible para todas las variantes del modelo, incluida la el\u00e9ctrica: el iX2.<\/p>\n<p>En cuanto al maletero, el X2 ofrece entre 560 y 1.470 litros, seg\u00fan la variante del modelo, mientras que el BMW iX2 ofrece entre 525 y 1.400 litros de maletero. Unas cifras impresionantes, que no cabr\u00eda esperar de un SUV compacto con una l\u00ednea de techo inclinada. \u00bfEl secreto? BMW ha hecho el nuevo X2 casi 20 cent\u00edmetros m\u00e1s largo que su predecesor.  <\/p>\n<figure class=\"wp-block-image size-content\"><img decoding=\"async\" loading=\"lazy\" width=\"1140\" height=\"760\" src=\"https:\/\/autorai.nl\/wp-content\/uploads\/2023\/10\/P90525197_highRes_the-first-ever-bmw-i-1140x760.jpg\" alt=\"\" class=\"wp-image-167713\"><\/figure>\n<figure class=\"wp-block-image size-content\"><img decoding=\"async\" loading=\"lazy\" width=\"1140\" height=\"761\" src=\"https:\/\/autorai.nl\/wp-content\/uploads\/2023\/10\/P90525185_highRes_the-first-ever-bmw-i-1140x761.jpg\" alt=\"\" class=\"wp-image-167720\"><\/figure>\n<h2>BMW iX2<\/h2>\n<p>A partir de su lanzamiento en marzo de 2024, el nuevo X2 tambi\u00e9n estar\u00e1 disponible como variante totalmente el\u00e9ctrica, el BMW iX2. T\u00e9cnicamente, el iX2 es similar al iX1. El xDrive30 es la primera variante que llega a nuestro pa\u00eds, con dos motores el\u00e9ctricos -uno en el eje delantero y otro en el trasero- que juntos producen 313 CV y casi 500 Nm de par. Esto se traduce en unas excelentes prestaciones, con una aceleraci\u00f3n de 0 a 100 km\/h en s\u00f3lo 5,6 segundos y una velocidad m\u00e1xima de 180 km\/h (limitada electr\u00f3nicamente). El iX2 xDrive30 cuenta con un paquete de bater\u00edas de 64,8 kWh y tiene una autonom\u00eda de hasta 449 kil\u00f3metros y puede cargarse r\u00e1pidamente hasta 130 kW. La carga dom\u00e9stica puede ser trif\u00e1sica de hasta 11 kW.<\/p>\n<\/p>\n<figure class=\"wp-block-image size-content\"><img decoding=\"async\" loading=\"lazy\" width=\"1140\" height=\"760\" src=\"https:\/\/autorai.nl\/wp-content\/uploads\/2023\/10\/P90525193_highRes_the-first-ever-bmw-i-1-1140x760.jpg\" alt=\"\" class=\"wp-image-167719\"><\/figure>\n<h2>Gasolina y gas\u00f3leo<\/h2>\n<p>Para los que prefieran la diversi\u00f3n a la antigua usanza de la gasolina, en marzo de 2024 se lanzar\u00e1 el X2 M35i xDrive, equipado con un potente motor de cuatro cilindros y 2,0 litros con 300 CV. Sorprendentemente, es un poco m\u00e1s r\u00e1pido que la versi\u00f3n el\u00e9ctrica: pasa de 0 a 100 km\/h en s\u00f3lo 5,4 segundos. Tambi\u00e9n habr\u00e1 un sDrive20i con un motor tricil\u00edndrico de 1,5 litros y 170 CV desde el lanzamiento, as\u00ed como una opci\u00f3n di\u00e9sel con 150 CV. M\u00e1s adelante, los alemanes introducir\u00e1n otro di\u00e9sel y un iX2 menos potente con un \u00fanico motor el\u00e9ctrico.  <\/p>\n<figure class=\"wp-block-image size-content\"><img decoding=\"async\" loading=\"lazy\" width=\"1140\" height=\"760\" src=\"https:\/\/autorai.nl\/wp-content\/uploads\/2023\/10\/P90525192_highRes_the-first-ever-bmw-i-1140x760.jpg\" alt=\"\" class=\"wp-image-167714\"><\/figure>\n<h2>Interior<\/h2>\n<p>El interior guarda grandes similitudes con el <a href=\"https:\/\/autorai.nl\/walkaround-bwm-x1-en-ix1-2022-autorai-tv\/\">X1<\/a> y otros modelos recientes de BMW. La larga pantalla de infoentretenimiento, conocida como BMW Curved Display, presume de pontifical en el salpicadero. El sistema operativo BMW 9.0 funciona sin problemas en \u00e9l. Est\u00e1 repleto de funciones, por lo que necesitar\u00e1s unas cuantas horas antes de entender exactamente d\u00f3nde est\u00e1 cada cosa. Un problema de lujo.  <\/p>\n<figure class=\"wp-block-image size-content\"><img decoding=\"async\" loading=\"lazy\" width=\"1140\" height=\"775\" src=\"https:\/\/autorai.nl\/wp-content\/uploads\/2023\/10\/P90525181_highRes_the-first-ever-bmw-i-1140x775.jpg\" alt=\"\" class=\"wp-image-167721\"><\/figure>\n<h2>Precios BMW X2 e iX2<\/h2>\n<p>Como hemos comentado, el BMW X2 y el BMW iX2 llegar\u00e1n a nuestro pa\u00eds en marzo de 2024. El BMW X2 tiene un precio de partida de 52.340 euros para el sDrive20i Launch Edition. El iX2 xDrive30 arranca en 59.350 euros. En el siguiente v\u00eddeo te contamos m\u00e1s cosas sobre el nuevo X2.<\/p>\n<figure class=\"wp-block-embed is-type-video is-provider-youtube wp-block-embed-youtube wp-embed-aspect-16-9 wp-has-aspect-ratio\">\n<div class=\"wp-block-embed__wrapper\">\n<\/div>\n<\/figure>\n","protected":false},"excerpt":{"rendered":"BMW X2 BMW tiene la clara intenci\u00f3n de atraer a un p\u00fablico m\u00e1s joven con la introducci\u00f3n del nuevo X2.&hellip;","protected":false},"author":0,"featured_media":139691,"comment_status":"","ping_status":"open","sticky":false,"template":"","format":"standard","meta":{"footnotes":""},"categories":[126],"tags":[],"class_list":["post-139702","post","type-post","status-publish","format-standard","has-post-thumbnail","hentry","category-noticias-de-autos"],"acf":[],"yoast_head":"<!-- This site is optimized with the Yoast SEO plugin v21.2 - https:\/\/yoast.com\/wordpress\/plugins\/seo\/ -->\n<title>WALKAROUND: BMW X2 E IX2 (2024) - AUTORAI TV - All cars news<\/title>\n<meta name=\"robots\" content=\"index, follow, max-snippet:-1, max-image-preview:large, max-video-preview:-1\" \/>\n<link rel=\"canonical\" href=\"https:\/\/all-car-news.com\/es\/walkaround-bmw-x2-e-ix2-2024-autorai-tv\/\" \/>\n<meta property=\"og:locale\" content=\"es_ES\" \/>\n<meta property=\"og:type\" content=\"article\" \/>\n<meta property=\"og:title\" content=\"WALKAROUND: BMW X2 E IX2 (2024) - AUTORAI TV - All cars news\" \/>\n<meta property=\"og:description\" content=\"BMW X2 BMW tiene la clara intenci\u00f3n de atraer a un p\u00fablico m\u00e1s joven con la introducci\u00f3n del nuevo X2. El X2 desprende bastante m\u00e1s deportividad que el X1. El dise\u00f1o llama m\u00e1s la atenci\u00f3n, especialmente la llamativa parrilla en forma de ri\u00f1\u00f3n, que tiene una forma casi hexagonal y recuerda a la parrilla del nuevo [...].\" \/>\n<meta property=\"og:url\" content=\"https:\/\/all-car-news.com\/es\/walkaround-bmw-x2-e-ix2-2024-autorai-tv\/\" \/>\n<meta property=\"og:site_name\" content=\"All cars news\" \/>\n<meta property=\"article:published_time\" content=\"2023-10-11T10:28:56+00:00\" \/>\n<meta property=\"og:image\" content=\"https:\/\/autorai.nl\/wp-content\/uploads\/2023\/10\/P90525197_highRes_the-first-ever-bmw-i-1140x760.jpg\" \/>\n<meta name=\"twitter:card\" content=\"summary_large_image\" \/>\n<meta name=\"twitter:label1\" content=\"Tiempo de lectura\" \/>\n\t<meta name=\"twitter:data1\" content=\"3 minutos\" \/>\n<script type=\"application\/ld+json\" class=\"yoast-schema-graph\">{\"@context\":\"https:\/\/schema.org\",\"@graph\":[{\"@type\":\"Article\",\"@id\":\"https:\/\/all-car-news.com\/es\/walkaround-bmw-x2-e-ix2-2024-autorai-tv\/#article\",\"isPartOf\":{\"@id\":\"https:\/\/all-car-news.com\/es\/walkaround-bmw-x2-e-ix2-2024-autorai-tv\/\"},\"author\":{\"name\":\"\",\"@id\":\"\"},\"headline\":\"WALKAROUND: BMW X2 E IX2 (2024) &#8211; AUTORAI TV\",\"datePublished\":\"2023-10-11T10:28:56+00:00\",\"dateModified\":\"2023-10-11T10:28:56+00:00\",\"mainEntityOfPage\":{\"@id\":\"https:\/\/all-car-news.com\/es\/walkaround-bmw-x2-e-ix2-2024-autorai-tv\/\"},\"wordCount\":628,\"publisher\":{\"@id\":\"https:\/\/all-car-news.com\/es\/#organization\"},\"articleSection\":[\"noticias de autos\"],\"inLanguage\":\"es\"},{\"@type\":\"WebPage\",\"@id\":\"https:\/\/all-car-news.com\/es\/walkaround-bmw-x2-e-ix2-2024-autorai-tv\/\",\"url\":\"https:\/\/all-car-news.com\/es\/walkaround-bmw-x2-e-ix2-2024-autorai-tv\/\",\"name\":\"WALKAROUND: BMW X2 E IX2 (2024) - AUTORAI TV - All cars news\",\"isPartOf\":{\"@id\":\"https:\/\/all-car-news.com\/es\/#website\"},\"datePublished\":\"2023-10-11T10:28:56+00:00\",\"dateModified\":\"2023-10-11T10:28:56+00:00\",\"breadcrumb\":{\"@id\":\"https:\/\/all-car-news.com\/es\/walkaround-bmw-x2-e-ix2-2024-autorai-tv\/#breadcrumb\"},\"inLanguage\":\"es\",\"potentialAction\":[{\"@type\":\"ReadAction\",\"target\":[\"https:\/\/all-car-news.com\/es\/walkaround-bmw-x2-e-ix2-2024-autorai-tv\/\"]}]},{\"@type\":\"BreadcrumbList\",\"@id\":\"https:\/\/all-car-news.com\/es\/walkaround-bmw-x2-e-ix2-2024-autorai-tv\/#breadcrumb\",\"itemListElement\":[{\"@type\":\"ListItem\",\"position\":1,\"name\":\"Home\",\"item\":\"https:\/\/all-car-news.com\/es\/\"},{\"@type\":\"ListItem\",\"position\":2,\"name\":\"WALKAROUND: BMW X2 E IX2 (2024) &#8211; AUTORAI TV\"}]},{\"@type\":\"WebSite\",\"@id\":\"https:\/\/all-car-news.com\/es\/#website\",\"url\":\"https:\/\/all-car-news.com\/es\/\",\"name\":\"All cars news\",\"description\":\"\",\"publisher\":{\"@id\":\"https:\/\/all-car-news.com\/es\/#organization\"},\"potentialAction\":[{\"@type\":\"SearchAction\",\"target\":{\"@type\":\"EntryPoint\",\"urlTemplate\":\"https:\/\/all-car-news.com\/es\/?s={search_term_string}\"},\"query-input\":\"required name=search_term_string\"}],\"inLanguage\":\"es\"},{\"@type\":\"Organization\",\"@id\":\"https:\/\/all-car-news.com\/es\/#organization\",\"name\":\"All cars news\",\"url\":\"https:\/\/all-car-news.com\/es\/\",\"logo\":{\"@type\":\"ImageObject\",\"inLanguage\":\"es\",\"@id\":\"https:\/\/all-car-news.com\/es\/#\/schema\/logo\/image\/\",\"url\":\"https:\/\/all-car-news.com\/wp-content\/uploads\/2022\/02\/CMYK-AllCarNews_LANDSCAPE_300px-1.png\",\"contentUrl\":\"https:\/\/all-car-news.com\/wp-content\/uploads\/2022\/02\/CMYK-AllCarNews_LANDSCAPE_300px-1.png\",\"width\":300,\"height\":100,\"caption\":\"All cars news\"},\"image\":{\"@id\":\"https:\/\/all-car-news.com\/es\/#\/schema\/logo\/image\/\"}}]}<\/script>\n<!-- \/ Yoast SEO plugin. -->","yoast_head_json":{"title":"WALKAROUND: BMW X2 E IX2 (2024) - AUTORAI TV - All cars news","robots":{"index":"index","follow":"follow","max-snippet":"max-snippet:-1","max-image-preview":"max-image-preview:large","max-video-preview":"max-video-preview:-1"},"canonical":"https:\/\/all-car-news.com\/es\/walkaround-bmw-x2-e-ix2-2024-autorai-tv\/","og_locale":"es_ES","og_type":"article","og_title":"WALKAROUND: BMW X2 E IX2 (2024) - AUTORAI TV - All cars news","og_description":"BMW X2 BMW tiene la clara intenci\u00f3n de atraer a un p\u00fablico m\u00e1s joven con la introducci\u00f3n del nuevo X2. El X2 desprende bastante m\u00e1s deportividad que el X1. El dise\u00f1o llama m\u00e1s la atenci\u00f3n, especialmente la llamativa parrilla en forma de ri\u00f1\u00f3n, que tiene una forma casi hexagonal y recuerda a la parrilla del nuevo [...].","og_url":"https:\/\/all-car-news.com\/es\/walkaround-bmw-x2-e-ix2-2024-autorai-tv\/","og_site_name":"All cars news","article_published_time":"2023-10-11T10:28:56+00:00","og_image":[{"url":"https:\/\/autorai.nl\/wp-content\/uploads\/2023\/10\/P90525197_highRes_the-first-ever-bmw-i-1140x760.jpg"}],"twitter_card":"summary_large_image","twitter_misc":{"Tiempo de lectura":"3 minutos"},"schema":{"@context":"https:\/\/schema.org","@graph":[{"@type":"Article","@id":"https:\/\/all-car-news.com\/es\/walkaround-bmw-x2-e-ix2-2024-autorai-tv\/#article","isPartOf":{"@id":"https:\/\/all-car-news.com\/es\/walkaround-bmw-x2-e-ix2-2024-autorai-tv\/"},"author":{"name":"","@id":""},"headline":"WALKAROUND: BMW X2 E IX2 (2024) &#8211; AUTORAI TV","datePublished":"2023-10-11T10:28:56+00:00","dateModified":"2023-10-11T10:28:56+00:00","mainEntityOfPage":{"@id":"https:\/\/all-car-news.com\/es\/walkaround-bmw-x2-e-ix2-2024-autorai-tv\/"},"wordCount":628,"publisher":{"@id":"https:\/\/all-car-news.com\/es\/#organization"},"articleSection":["noticias de autos"],"inLanguage":"es"},{"@type":"WebPage","@id":"https:\/\/all-car-news.com\/es\/walkaround-bmw-x2-e-ix2-2024-autorai-tv\/","url":"https:\/\/all-car-news.com\/es\/walkaround-bmw-x2-e-ix2-2024-autorai-tv\/","name":"WALKAROUND: BMW X2 E IX2 (2024) - AUTORAI TV - All cars news","isPartOf":{"@id":"https:\/\/all-car-news.com\/es\/#website"},"datePublished":"2023-10-11T10:28:56+00:00","dateModified":"2023-10-11T10:28:56+00:00","breadcrumb":{"@id":"https:\/\/all-car-news.com\/es\/walkaround-bmw-x2-e-ix2-2024-autorai-tv\/#breadcrumb"},"inLanguage":"es","potentialAction":[{"@type":"ReadAction","target":["https:\/\/all-car-news.com\/es\/walkaround-bmw-x2-e-ix2-2024-autorai-tv\/"]}]},{"@type":"BreadcrumbList","@id":"https:\/\/all-car-news.com\/es\/walkaround-bmw-x2-e-ix2-2024-autorai-tv\/#breadcrumb","itemListElement":[{"@type":"ListItem","position":1,"name":"Home","item":"https:\/\/all-car-news.com\/es\/"},{"@type":"ListItem","position":2,"name":"WALKAROUND: BMW X2 E IX2 (2024) &#8211; AUTORAI TV"}]},{"@type":"WebSite","@id":"https:\/\/all-car-news.com\/es\/#website","url":"https:\/\/all-car-news.com\/es\/","name":"All cars news","description":"","publisher":{"@id":"https:\/\/all-car-news.com\/es\/#organization"},"potentialAction":[{"@type":"SearchAction","target":{"@type":"EntryPoint","urlTemplate":"https:\/\/all-car-news.com\/es\/?s={search_term_string}"},"query-input":"required name=search_term_string"}],"inLanguage":"es"},{"@type":"Organization","@id":"https:\/\/all-car-news.com\/es\/#organization","name":"All cars news","url":"https:\/\/all-car-news.com\/es\/","logo":{"@type":"ImageObject","inLanguage":"es","@id":"https:\/\/all-car-news.com\/es\/#\/schema\/logo\/image\/","url":"https:\/\/all-car-news.com\/wp-content\/uploads\/2022\/02\/CMYK-AllCarNews_LANDSCAPE_300px-1.png","contentUrl":"https:\/\/all-car-news.com\/wp-content\/uploads\/2022\/02\/CMYK-AllCarNews_LANDSCAPE_300px-1.png","width":300,"height":100,"caption":"All cars news"},"image":{"@id":"https:\/\/all-car-news.com\/es\/#\/schema\/logo\/image\/"}}]}},"_links":{"self":[{"href":"https:\/\/all-car-news.com\/es\/wp-json\/wp\/v2\/posts\/139702","targetHints":{"allow":["GET"]}}],"collection":[{"href":"https:\/\/all-car-news.com\/es\/wp-json\/wp\/v2\/posts"}],"about":[{"href":"https:\/\/all-car-news.com\/es\/wp-json\/wp\/v2\/types\/post"}],"replies":[{"embeddable":true,"href":"https:\/\/all-car-news.com\/es\/wp-json\/wp\/v2\/comments?post=139702"}],"version-history":[{"count":0,"href":"https:\/\/all-car-news.com\/es\/wp-json\/wp\/v2\/posts\/139702\/revisions"}],"wp:featuredmedia":[{"embeddable":true,"href":"https:\/\/all-car-news.com\/es\/wp-json\/wp\/v2\/media\/139691"}],"wp:attachment":[{"href":"https:\/\/all-car-news.com\/es\/wp-json\/wp\/v2\/media?parent=139702"}],"wp:term":[{"taxonomy":"category","embeddable":true,"href":"https:\/\/all-car-news.com\/es\/wp-json\/wp\/v2\/categories?post=139702"},{"taxonomy":"post_tag","embeddable":true,"href":"https:\/\/all-car-news.com\/es\/wp-json\/wp\/v2\/tags?post=139702"}],"curies":[{"name":"wp","href":"https:\/\/api.w.org\/{rel}","templated":true}]}}