{"id":139662,"date":"2023-10-09T11:39:49","date_gmt":"2023-10-09T11:39:49","guid":{"rendered":"https:\/\/all-car-news.com\/suzuki-muestra-extravagantes-prototipos-en-el-salon-del-automovil-de-tokio\/"},"modified":"2023-10-09T11:39:49","modified_gmt":"2023-10-09T11:39:49","slug":"suzuki-muestra-extravagantes-prototipos-en-el-salon-del-automovil-de-tokio","status":"publish","type":"post","link":"https:\/\/all-car-news.com\/es\/suzuki-muestra-extravagantes-prototipos-en-el-salon-del-automovil-de-tokio\/","title":{"rendered":"Suzuki muestra extravagantes prototipos en el Sal\u00f3n del Autom\u00f3vil de Tokio"},"content":{"rendered":"<h2>Sal\u00f3n de la Movilidad de Jap\u00f3n  <\/h2>\n<p>En el Sal\u00f3n de la Movilidad de Jap\u00f3n 2023 (del 26 de octubre al 5 de noviembre), el stand de Suzuki Motor Corporation girar\u00e1 en torno a la movilidad sostenible. Los conceptos e ideas expuestos no se limitan a los autom\u00f3viles. Tambi\u00e9n se destacar\u00e1n los veh\u00edculos de dos ruedas el\u00e9ctricos y propulsados por hidr\u00f3geno, as\u00ed como un motor fueraborda el\u00e9ctrico, para demostrar que la marca trabaja para reducir las emisiones de CO2 en todos los frentes.<\/p>\n<figure class=\"wp-block-image size-content\"><img decoding=\"async\" loading=\"lazy\" width=\"1140\" height=\"641\" src=\"https:\/\/autorai.nl\/wp-content\/uploads\/2023\/10\/8.MOQBA_-1140x641.jpg\" alt=\"\" class=\"wp-image-167532\"><\/figure>\n<figure class=\"wp-block-gallery has-nested-images columns-default is-cropped\">\n<figure class=\"wp-block-image size-large\"><img decoding=\"async\" loading=\"lazy\" width=\"1140\" height=\"641\" data-id=\"167534\" src=\"https:\/\/autorai.nl\/wp-content\/uploads\/2023\/10\/8.MOQBA_-1-1140x641.jpg\" alt=\"\" class=\"wp-image-167534\"><\/figure>\n<figure class=\"wp-block-image size-large\"><img decoding=\"async\" loading=\"lazy\" width=\"1140\" height=\"641\" data-id=\"167535\" src=\"https:\/\/autorai.nl\/wp-content\/uploads\/2023\/10\/9.SUZU-RIDE-1140x641.jpg\" alt=\"\" class=\"wp-image-167535\"><\/figure>\n<figure class=\"wp-block-image size-large\"><img decoding=\"async\" loading=\"lazy\" width=\"1140\" height=\"641\" data-id=\"167537\" src=\"https:\/\/autorai.nl\/wp-content\/uploads\/2023\/10\/17.Small-e-outboard-concept-hoofdfoto-voor-marine-PB-1-1140x641.jpg\" alt=\"\" class=\"wp-image-167537\"><\/figure>\n<\/figure>\n<p><strong>Suzuki eVX<\/strong><\/p>\n<p>El Suzuki eVX es un concepto de SUV el\u00e9ctrico con tracci\u00f3n a las cuatro ruedas. El aspecto ha evolucionado desde que el concepto se mostr\u00f3 en Auto Expo India en enero. Sobre el papel, el modelo ofrece una autonom\u00eda de 500 kil\u00f3metros y mide 4,3 metros de largo, 1,8 metros de ancho y 1,6 metros de alto.<\/p>\n<figure class=\"wp-block-image size-content\"><img decoding=\"async\" loading=\"lazy\" width=\"1140\" height=\"641\" src=\"https:\/\/autorai.nl\/wp-content\/uploads\/2023\/10\/1.eVX_-1140x641.jpg\" alt=\"\" class=\"wp-image-167528\"><\/figure>\n<p><strong>Concepto Suzuki Swift<\/strong><\/p>\n<p>El credo de Suzuki \u00abSerious about fun\u00bb se pone de manifiesto con el Swift Concept, que hace su presentaci\u00f3n mundial en Jap\u00f3n. El placer de conducir, el dise\u00f1o, la eficiencia y la seguridad est\u00e1n en el coraz\u00f3n del Concepto Swift, seg\u00fan la marca.  <\/p>\n<figure class=\"wp-block-image size-content\"><img decoding=\"async\" loading=\"lazy\" width=\"1140\" height=\"734\" src=\"https:\/\/autorai.nl\/wp-content\/uploads\/2023\/10\/6.SWIFT-CONCEPT-hoofdfoto-voor-auto-PB-1140x734.jpg\" alt=\"\" class=\"wp-image-167529\"><\/figure>\n<p><strong>Suzuki eWX<\/strong><\/p>\n<p>El eWX es un crossover compacto con una longitud de 3,39 metros, una anchura de 1,47 metros y una altura de 1,62 metros. La cadena cinem\u00e1tica el\u00e9ctrica permite una autonom\u00eda de 230 kil\u00f3metros.  <\/p>\n<figure class=\"wp-block-image size-content\"><img decoding=\"async\" loading=\"lazy\" width=\"1140\" height=\"641\" src=\"https:\/\/autorai.nl\/wp-content\/uploads\/2023\/10\/2.eWX_-1140x641.jpg\" alt=\"\" class=\"wp-image-167530\"><\/figure>\n<h3><strong>Concepto Suzuki Spacia (Custom)<\/strong><\/h3>\n<p>El Suzuki Spacia es un concepto del llamado minicoche con soluciones ingeniosas. El asiento trasero, por ejemplo, cuenta con una ingeniosa \u00absolapa multiusos\u00bb en el asiento para mayor comodidad.  <\/p>\n<figure class=\"wp-block-image size-content\"><img decoding=\"async\" loading=\"lazy\" width=\"1140\" height=\"641\" src=\"https:\/\/autorai.nl\/wp-content\/uploads\/2023\/10\/4.SPACIA-CONCEPT-1140x641.jpg\" alt=\"\" class=\"wp-image-167531\"><\/figure>\n","protected":false},"excerpt":{"rendered":"Japan Mobility Show En el Japan Mobility Show 2023 (del 26 de octubre al 5 de noviembre), el stand de&hellip;","protected":false},"author":0,"featured_media":139660,"comment_status":"","ping_status":"open","sticky":false,"template":"","format":"standard","meta":{"footnotes":""},"categories":[126],"tags":[],"class_list":["post-139662","post","type-post","status-publish","format-standard","has-post-thumbnail","hentry","category-noticias-de-autos"],"acf":[],"yoast_head":"<!-- This site is optimized with the Yoast SEO plugin v21.2 - https:\/\/yoast.com\/wordpress\/plugins\/seo\/ -->\n<title>Suzuki muestra extravagantes prototipos en el Sal\u00f3n del Autom\u00f3vil de Tokio - All cars news<\/title>\n<meta name=\"robots\" content=\"index, follow, max-snippet:-1, max-image-preview:large, max-video-preview:-1\" \/>\n<link rel=\"canonical\" href=\"https:\/\/all-car-news.com\/es\/suzuki-muestra-extravagantes-prototipos-en-el-salon-del-automovil-de-tokio\/\" \/>\n<meta property=\"og:locale\" content=\"es_ES\" \/>\n<meta property=\"og:type\" content=\"article\" \/>\n<meta property=\"og:title\" content=\"Suzuki muestra extravagantes prototipos en el Sal\u00f3n del Autom\u00f3vil de Tokio - All cars news\" \/>\n<meta property=\"og:description\" content=\"Japan Mobility Show En el Japan Mobility Show 2023 (del 26 de octubre al 5 de noviembre), el stand de Suzuki Motor Corporation gira en torno a la movilidad sostenible. Los conceptos e ideas expuestos no se limitan a los autom\u00f3viles. Tambi\u00e9n destacar\u00e1n los veh\u00edculos de dos ruedas el\u00e9ctricos y propulsados por hidr\u00f3geno y un motor fueraborda el\u00e9ctrico [...].\" \/>\n<meta property=\"og:url\" content=\"https:\/\/all-car-news.com\/es\/suzuki-muestra-extravagantes-prototipos-en-el-salon-del-automovil-de-tokio\/\" \/>\n<meta property=\"og:site_name\" content=\"All cars news\" \/>\n<meta property=\"article:published_time\" content=\"2023-10-09T11:39:49+00:00\" \/>\n<meta property=\"og:image\" content=\"https:\/\/autorai.nl\/wp-content\/uploads\/2023\/10\/8.MOQBA_-1140x641.jpg\" \/>\n<meta name=\"twitter:card\" content=\"summary_large_image\" \/>\n<meta name=\"twitter:label1\" content=\"Tiempo de lectura\" \/>\n\t<meta name=\"twitter:data1\" content=\"1 minuto\" \/>\n<script type=\"application\/ld+json\" class=\"yoast-schema-graph\">{\"@context\":\"https:\/\/schema.org\",\"@graph\":[{\"@type\":\"Article\",\"@id\":\"https:\/\/all-car-news.com\/es\/suzuki-muestra-extravagantes-prototipos-en-el-salon-del-automovil-de-tokio\/#article\",\"isPartOf\":{\"@id\":\"https:\/\/all-car-news.com\/es\/suzuki-muestra-extravagantes-prototipos-en-el-salon-del-automovil-de-tokio\/\"},\"author\":{\"name\":\"\",\"@id\":\"\"},\"headline\":\"Suzuki muestra extravagantes prototipos en el Sal\u00f3n del Autom\u00f3vil de Tokio\",\"datePublished\":\"2023-10-09T11:39:49+00:00\",\"dateModified\":\"2023-10-09T11:39:49+00:00\",\"mainEntityOfPage\":{\"@id\":\"https:\/\/all-car-news.com\/es\/suzuki-muestra-extravagantes-prototipos-en-el-salon-del-automovil-de-tokio\/\"},\"wordCount\":282,\"publisher\":{\"@id\":\"https:\/\/all-car-news.com\/es\/#organization\"},\"articleSection\":[\"noticias de autos\"],\"inLanguage\":\"es\"},{\"@type\":\"WebPage\",\"@id\":\"https:\/\/all-car-news.com\/es\/suzuki-muestra-extravagantes-prototipos-en-el-salon-del-automovil-de-tokio\/\",\"url\":\"https:\/\/all-car-news.com\/es\/suzuki-muestra-extravagantes-prototipos-en-el-salon-del-automovil-de-tokio\/\",\"name\":\"Suzuki muestra extravagantes prototipos en el Sal\u00f3n del Autom\u00f3vil de Tokio - All cars news\",\"isPartOf\":{\"@id\":\"https:\/\/all-car-news.com\/es\/#website\"},\"datePublished\":\"2023-10-09T11:39:49+00:00\",\"dateModified\":\"2023-10-09T11:39:49+00:00\",\"breadcrumb\":{\"@id\":\"https:\/\/all-car-news.com\/es\/suzuki-muestra-extravagantes-prototipos-en-el-salon-del-automovil-de-tokio\/#breadcrumb\"},\"inLanguage\":\"es\",\"potentialAction\":[{\"@type\":\"ReadAction\",\"target\":[\"https:\/\/all-car-news.com\/es\/suzuki-muestra-extravagantes-prototipos-en-el-salon-del-automovil-de-tokio\/\"]}]},{\"@type\":\"BreadcrumbList\",\"@id\":\"https:\/\/all-car-news.com\/es\/suzuki-muestra-extravagantes-prototipos-en-el-salon-del-automovil-de-tokio\/#breadcrumb\",\"itemListElement\":[{\"@type\":\"ListItem\",\"position\":1,\"name\":\"Home\",\"item\":\"https:\/\/all-car-news.com\/es\/\"},{\"@type\":\"ListItem\",\"position\":2,\"name\":\"Suzuki muestra extravagantes prototipos en el Sal\u00f3n del Autom\u00f3vil de Tokio\"}]},{\"@type\":\"WebSite\",\"@id\":\"https:\/\/all-car-news.com\/es\/#website\",\"url\":\"https:\/\/all-car-news.com\/es\/\",\"name\":\"All cars news\",\"description\":\"\",\"publisher\":{\"@id\":\"https:\/\/all-car-news.com\/es\/#organization\"},\"potentialAction\":[{\"@type\":\"SearchAction\",\"target\":{\"@type\":\"EntryPoint\",\"urlTemplate\":\"https:\/\/all-car-news.com\/es\/?s={search_term_string}\"},\"query-input\":\"required name=search_term_string\"}],\"inLanguage\":\"es\"},{\"@type\":\"Organization\",\"@id\":\"https:\/\/all-car-news.com\/es\/#organization\",\"name\":\"All cars news\",\"url\":\"https:\/\/all-car-news.com\/es\/\",\"logo\":{\"@type\":\"ImageObject\",\"inLanguage\":\"es\",\"@id\":\"https:\/\/all-car-news.com\/es\/#\/schema\/logo\/image\/\",\"url\":\"https:\/\/all-car-news.com\/wp-content\/uploads\/2022\/02\/CMYK-AllCarNews_LANDSCAPE_300px-1.png\",\"contentUrl\":\"https:\/\/all-car-news.com\/wp-content\/uploads\/2022\/02\/CMYK-AllCarNews_LANDSCAPE_300px-1.png\",\"width\":300,\"height\":100,\"caption\":\"All cars news\"},\"image\":{\"@id\":\"https:\/\/all-car-news.com\/es\/#\/schema\/logo\/image\/\"}}]}<\/script>\n<!-- \/ Yoast SEO plugin. -->","yoast_head_json":{"title":"Suzuki muestra extravagantes prototipos en el Sal\u00f3n del Autom\u00f3vil de Tokio - All cars news","robots":{"index":"index","follow":"follow","max-snippet":"max-snippet:-1","max-image-preview":"max-image-preview:large","max-video-preview":"max-video-preview:-1"},"canonical":"https:\/\/all-car-news.com\/es\/suzuki-muestra-extravagantes-prototipos-en-el-salon-del-automovil-de-tokio\/","og_locale":"es_ES","og_type":"article","og_title":"Suzuki muestra extravagantes prototipos en el Sal\u00f3n del Autom\u00f3vil de Tokio - All cars news","og_description":"Japan Mobility Show En el Japan Mobility Show 2023 (del 26 de octubre al 5 de noviembre), el stand de Suzuki Motor Corporation gira en torno a la movilidad sostenible. Los conceptos e ideas expuestos no se limitan a los autom\u00f3viles. Tambi\u00e9n destacar\u00e1n los veh\u00edculos de dos ruedas el\u00e9ctricos y propulsados por hidr\u00f3geno y un motor fueraborda el\u00e9ctrico [...].","og_url":"https:\/\/all-car-news.com\/es\/suzuki-muestra-extravagantes-prototipos-en-el-salon-del-automovil-de-tokio\/","og_site_name":"All cars news","article_published_time":"2023-10-09T11:39:49+00:00","og_image":[{"url":"https:\/\/autorai.nl\/wp-content\/uploads\/2023\/10\/8.MOQBA_-1140x641.jpg"}],"twitter_card":"summary_large_image","twitter_misc":{"Tiempo de lectura":"1 minuto"},"schema":{"@context":"https:\/\/schema.org","@graph":[{"@type":"Article","@id":"https:\/\/all-car-news.com\/es\/suzuki-muestra-extravagantes-prototipos-en-el-salon-del-automovil-de-tokio\/#article","isPartOf":{"@id":"https:\/\/all-car-news.com\/es\/suzuki-muestra-extravagantes-prototipos-en-el-salon-del-automovil-de-tokio\/"},"author":{"name":"","@id":""},"headline":"Suzuki muestra extravagantes prototipos en el Sal\u00f3n del Autom\u00f3vil de Tokio","datePublished":"2023-10-09T11:39:49+00:00","dateModified":"2023-10-09T11:39:49+00:00","mainEntityOfPage":{"@id":"https:\/\/all-car-news.com\/es\/suzuki-muestra-extravagantes-prototipos-en-el-salon-del-automovil-de-tokio\/"},"wordCount":282,"publisher":{"@id":"https:\/\/all-car-news.com\/es\/#organization"},"articleSection":["noticias de autos"],"inLanguage":"es"},{"@type":"WebPage","@id":"https:\/\/all-car-news.com\/es\/suzuki-muestra-extravagantes-prototipos-en-el-salon-del-automovil-de-tokio\/","url":"https:\/\/all-car-news.com\/es\/suzuki-muestra-extravagantes-prototipos-en-el-salon-del-automovil-de-tokio\/","name":"Suzuki muestra extravagantes prototipos en el Sal\u00f3n del Autom\u00f3vil de Tokio - All cars news","isPartOf":{"@id":"https:\/\/all-car-news.com\/es\/#website"},"datePublished":"2023-10-09T11:39:49+00:00","dateModified":"2023-10-09T11:39:49+00:00","breadcrumb":{"@id":"https:\/\/all-car-news.com\/es\/suzuki-muestra-extravagantes-prototipos-en-el-salon-del-automovil-de-tokio\/#breadcrumb"},"inLanguage":"es","potentialAction":[{"@type":"ReadAction","target":["https:\/\/all-car-news.com\/es\/suzuki-muestra-extravagantes-prototipos-en-el-salon-del-automovil-de-tokio\/"]}]},{"@type":"BreadcrumbList","@id":"https:\/\/all-car-news.com\/es\/suzuki-muestra-extravagantes-prototipos-en-el-salon-del-automovil-de-tokio\/#breadcrumb","itemListElement":[{"@type":"ListItem","position":1,"name":"Home","item":"https:\/\/all-car-news.com\/es\/"},{"@type":"ListItem","position":2,"name":"Suzuki muestra extravagantes prototipos en el Sal\u00f3n del Autom\u00f3vil de Tokio"}]},{"@type":"WebSite","@id":"https:\/\/all-car-news.com\/es\/#website","url":"https:\/\/all-car-news.com\/es\/","name":"All cars news","description":"","publisher":{"@id":"https:\/\/all-car-news.com\/es\/#organization"},"potentialAction":[{"@type":"SearchAction","target":{"@type":"EntryPoint","urlTemplate":"https:\/\/all-car-news.com\/es\/?s={search_term_string}"},"query-input":"required name=search_term_string"}],"inLanguage":"es"},{"@type":"Organization","@id":"https:\/\/all-car-news.com\/es\/#organization","name":"All cars news","url":"https:\/\/all-car-news.com\/es\/","logo":{"@type":"ImageObject","inLanguage":"es","@id":"https:\/\/all-car-news.com\/es\/#\/schema\/logo\/image\/","url":"https:\/\/all-car-news.com\/wp-content\/uploads\/2022\/02\/CMYK-AllCarNews_LANDSCAPE_300px-1.png","contentUrl":"https:\/\/all-car-news.com\/wp-content\/uploads\/2022\/02\/CMYK-AllCarNews_LANDSCAPE_300px-1.png","width":300,"height":100,"caption":"All cars news"},"image":{"@id":"https:\/\/all-car-news.com\/es\/#\/schema\/logo\/image\/"}}]}},"_links":{"self":[{"href":"https:\/\/all-car-news.com\/es\/wp-json\/wp\/v2\/posts\/139662","targetHints":{"allow":["GET"]}}],"collection":[{"href":"https:\/\/all-car-news.com\/es\/wp-json\/wp\/v2\/posts"}],"about":[{"href":"https:\/\/all-car-news.com\/es\/wp-json\/wp\/v2\/types\/post"}],"replies":[{"embeddable":true,"href":"https:\/\/all-car-news.com\/es\/wp-json\/wp\/v2\/comments?post=139662"}],"version-history":[{"count":0,"href":"https:\/\/all-car-news.com\/es\/wp-json\/wp\/v2\/posts\/139662\/revisions"}],"wp:featuredmedia":[{"embeddable":true,"href":"https:\/\/all-car-news.com\/es\/wp-json\/wp\/v2\/media\/139660"}],"wp:attachment":[{"href":"https:\/\/all-car-news.com\/es\/wp-json\/wp\/v2\/media?parent=139662"}],"wp:term":[{"taxonomy":"category","embeddable":true,"href":"https:\/\/all-car-news.com\/es\/wp-json\/wp\/v2\/categories?post=139662"},{"taxonomy":"post_tag","embeddable":true,"href":"https:\/\/all-car-news.com\/es\/wp-json\/wp\/v2\/tags?post=139662"}],"curies":[{"name":"wp","href":"https:\/\/api.w.org\/{rel}","templated":true}]}}