{"id":139346,"date":"2023-06-06T14:16:04","date_gmt":"2023-06-06T14:16:04","guid":{"rendered":"https:\/\/all-car-news.com\/los-paises-bajos-reciben-otra-marca-de-coches-china-omoda\/"},"modified":"2023-06-06T14:16:04","modified_gmt":"2023-06-06T14:16:04","slug":"los-paises-bajos-reciben-otra-marca-de-coches-china-omoda","status":"publish","type":"post","link":"https:\/\/all-car-news.com\/es\/los-paises-bajos-reciben-otra-marca-de-coches-china-omoda\/","title":{"rendered":"Los Pa\u00edses Bajos reciben otra marca de coches china: Omoda"},"content":{"rendered":"<h2>Omoda, una marca de coches china<\/h2>\n<p>En el momento de escribir estas l\u00edneas, Omoda se lanza como nueva marca de autom\u00f3viles en el mercado europeo y ya ha presentado oficialmente sus primeros modelos en el sur de Europa. Recientemente, el Omoda 5 EV tambi\u00e9n obtuvo la m\u00e1xima puntuaci\u00f3n de cinco estrellas en EuroNCAP.<\/p>\n<h2>Esto significa que Omoda<\/h2>\n<p>Aunque Omoda es una marca mundial de autom\u00f3viles, su nombre es de origen latino. Para ser precisos, la letra \u00abO\u00bb representa un tono positivo y en\u00e9rgico, al tiempo que representa la palabra \u00abOx\u00edgeno\u00bb, un elemento esencial de nuestras vidas. El t\u00e9rmino \u00abModa\u00bb significa Moderno y tambi\u00e9n simboliza un estilo de vida contempor\u00e1neo y a la moda. Lo explica el fabricante: \u00abUn estilo de vida contempor\u00e1neo con un aspecto de alta calidad y productos de alta tecnolog\u00eda\u00bb.<\/p>\n<figure class=\"wp-block-image size-content\"><img decoding=\"async\" loading=\"lazy\" width=\"1140\" height=\"675\" src=\"https:\/\/autorai.nl\/wp-content\/uploads\/2023\/06\/Omoda-5-EV-2024-1140x675.jpg\" alt=\"Omoda 5 EV 2024\" class=\"wp-image-160462\"><\/figure>\n<h2>Grupo destinatario de Omoda<\/h2>\n<p>Como marca de autom\u00f3viles, Omoda se dirige a clientes con mentalidad joven, los consumidores de la nueva era. \u00abSu coche no es solo un art\u00edculo de moda para resaltar su personalidad \u00fanica, sino que tambi\u00e9n forma parte de un ecosistema de viajes m\u00e1s sostenible y de una nueva forma de vida. Omoda aspira a utilizar su tecnolog\u00eda de alto rendimiento para que los clientes de todo el mundo puedan viajar de forma responsable y agradable\u00bb, escribe la marca en el mensaje en el que anuncia la implantaci\u00f3n de Omoda en el Benelux.<\/p>\n<h2>SUV de los segmentos B y C<\/h2>\n<p>Omoda se centra principalmente en los crossover\/SUV de los segmentos B y C. Habr\u00e1 varios modelos el\u00e9ctricos de bater\u00eda. El primer modelo ser\u00e1 el Omoda 5 EV con un lenguaje de dise\u00f1o denominado Light of Movement. En este sentido, Omoda considera que la Uni\u00f3n Europea es un mercado estrat\u00e9gico y, por tanto, apuesta por su expansi\u00f3n en este mercado. El mercado del Benelux es uno de los primeros en los que se introducir\u00e1 la marca china a principios de 2024.<\/p>\n<h2>Lanzamiento al mercado en el primer semestre de 2024<\/h2>\n<p>El Omoda 5 EV se lanzar\u00e1 en el primer semestre de 2024. Actualmente se est\u00e1 estudiando la organizaci\u00f3n de ventas de OMODA en el Benelux. M\u00e1s adelante, en 2023, se dar\u00e1n m\u00e1s detalles.<\/p>\n<h2>Retos Omoda<\/h2>\n<p>La marca de coches Omoda se enfrenta a varios retos. Ya hay varias nuevas marcas chinas de autom\u00f3viles, por ejemplo, que tambi\u00e9n lo est\u00e1n intentando en Europa. Piensa en NIO, BYD, Seres, Aiways, Hongqi y XPENG. Adem\u00e1s, Omoda tambi\u00e9n es una marca de zapatos y ropa, entre otros.<\/p>\n","protected":false},"excerpt":{"rendered":"Omoda, una marca de coches china En el momento de escribir estas l\u00edneas, Omoda se lanza como nueva marca de&hellip;","protected":false},"author":0,"featured_media":136266,"comment_status":"","ping_status":"open","sticky":false,"template":"","format":"standard","meta":{"footnotes":""},"categories":[129,126],"tags":[],"class_list":["post-139346","post","type-post","status-publish","format-standard","has-post-thumbnail","hentry","category-fondo","category-noticias-de-autos"],"acf":[],"yoast_head":"<!-- This site is optimized with the Yoast SEO plugin v21.2 - https:\/\/yoast.com\/wordpress\/plugins\/seo\/ -->\n<title>Los Pa\u00edses Bajos reciben otra marca de coches china: Omoda - All cars news<\/title>\n<meta name=\"robots\" content=\"index, follow, max-snippet:-1, max-image-preview:large, max-video-preview:-1\" \/>\n<link rel=\"canonical\" href=\"https:\/\/all-car-news.com\/es\/los-paises-bajos-reciben-otra-marca-de-coches-china-omoda\/\" \/>\n<meta property=\"og:locale\" content=\"es_ES\" \/>\n<meta property=\"og:type\" content=\"article\" \/>\n<meta property=\"og:title\" content=\"Los Pa\u00edses Bajos reciben otra marca de coches china: Omoda - All cars news\" \/>\n<meta property=\"og:description\" content=\"Omoda, una marca de coches china En el momento de escribir estas l\u00edneas, Omoda se lanza como nueva marca de coches en el mercado europeo y ya ha presentado oficialmente sus primeros modelos en el sur de Europa. Recientemente, el Omoda 5 EV tambi\u00e9n obtuvo la m\u00e1xima puntuaci\u00f3n de cinco estrellas en EuroNCAP. Esto significa que Omoda Aunque Omoda es una marca mundial de autom\u00f3viles, [...]\" \/>\n<meta property=\"og:url\" content=\"https:\/\/all-car-news.com\/es\/los-paises-bajos-reciben-otra-marca-de-coches-china-omoda\/\" \/>\n<meta property=\"og:site_name\" content=\"All cars news\" \/>\n<meta property=\"article:published_time\" content=\"2023-06-06T14:16:04+00:00\" \/>\n<meta property=\"og:image\" content=\"https:\/\/autorai.nl\/wp-content\/uploads\/2023\/06\/Omoda-5-EV-2024-1140x675.jpg\" \/>\n<meta name=\"twitter:card\" content=\"summary_large_image\" \/>\n<meta name=\"twitter:label1\" content=\"Tiempo de lectura\" \/>\n\t<meta name=\"twitter:data1\" content=\"2 minutos\" \/>\n<script type=\"application\/ld+json\" class=\"yoast-schema-graph\">{\"@context\":\"https:\/\/schema.org\",\"@graph\":[{\"@type\":\"Article\",\"@id\":\"https:\/\/all-car-news.com\/es\/los-paises-bajos-reciben-otra-marca-de-coches-china-omoda\/#article\",\"isPartOf\":{\"@id\":\"https:\/\/all-car-news.com\/es\/los-paises-bajos-reciben-otra-marca-de-coches-china-omoda\/\"},\"author\":{\"name\":\"\",\"@id\":\"\"},\"headline\":\"Los Pa\u00edses Bajos reciben otra marca de coches china: Omoda\",\"datePublished\":\"2023-06-06T14:16:04+00:00\",\"dateModified\":\"2023-06-06T14:16:04+00:00\",\"mainEntityOfPage\":{\"@id\":\"https:\/\/all-car-news.com\/es\/los-paises-bajos-reciben-otra-marca-de-coches-china-omoda\/\"},\"wordCount\":447,\"publisher\":{\"@id\":\"https:\/\/all-car-news.com\/es\/#organization\"},\"articleSection\":[\"Fondo\",\"noticias de autos\"],\"inLanguage\":\"es\"},{\"@type\":\"WebPage\",\"@id\":\"https:\/\/all-car-news.com\/es\/los-paises-bajos-reciben-otra-marca-de-coches-china-omoda\/\",\"url\":\"https:\/\/all-car-news.com\/es\/los-paises-bajos-reciben-otra-marca-de-coches-china-omoda\/\",\"name\":\"Los Pa\u00edses Bajos reciben otra marca de coches china: Omoda - All cars news\",\"isPartOf\":{\"@id\":\"https:\/\/all-car-news.com\/es\/#website\"},\"datePublished\":\"2023-06-06T14:16:04+00:00\",\"dateModified\":\"2023-06-06T14:16:04+00:00\",\"breadcrumb\":{\"@id\":\"https:\/\/all-car-news.com\/es\/los-paises-bajos-reciben-otra-marca-de-coches-china-omoda\/#breadcrumb\"},\"inLanguage\":\"es\",\"potentialAction\":[{\"@type\":\"ReadAction\",\"target\":[\"https:\/\/all-car-news.com\/es\/los-paises-bajos-reciben-otra-marca-de-coches-china-omoda\/\"]}]},{\"@type\":\"BreadcrumbList\",\"@id\":\"https:\/\/all-car-news.com\/es\/los-paises-bajos-reciben-otra-marca-de-coches-china-omoda\/#breadcrumb\",\"itemListElement\":[{\"@type\":\"ListItem\",\"position\":1,\"name\":\"Home\",\"item\":\"https:\/\/all-car-news.com\/es\/\"},{\"@type\":\"ListItem\",\"position\":2,\"name\":\"Los Pa\u00edses Bajos reciben otra marca de coches china: Omoda\"}]},{\"@type\":\"WebSite\",\"@id\":\"https:\/\/all-car-news.com\/es\/#website\",\"url\":\"https:\/\/all-car-news.com\/es\/\",\"name\":\"All cars news\",\"description\":\"\",\"publisher\":{\"@id\":\"https:\/\/all-car-news.com\/es\/#organization\"},\"potentialAction\":[{\"@type\":\"SearchAction\",\"target\":{\"@type\":\"EntryPoint\",\"urlTemplate\":\"https:\/\/all-car-news.com\/es\/?s={search_term_string}\"},\"query-input\":\"required name=search_term_string\"}],\"inLanguage\":\"es\"},{\"@type\":\"Organization\",\"@id\":\"https:\/\/all-car-news.com\/es\/#organization\",\"name\":\"All cars news\",\"url\":\"https:\/\/all-car-news.com\/es\/\",\"logo\":{\"@type\":\"ImageObject\",\"inLanguage\":\"es\",\"@id\":\"https:\/\/all-car-news.com\/es\/#\/schema\/logo\/image\/\",\"url\":\"https:\/\/all-car-news.com\/wp-content\/uploads\/2022\/02\/CMYK-AllCarNews_LANDSCAPE_300px-1.png\",\"contentUrl\":\"https:\/\/all-car-news.com\/wp-content\/uploads\/2022\/02\/CMYK-AllCarNews_LANDSCAPE_300px-1.png\",\"width\":300,\"height\":100,\"caption\":\"All cars news\"},\"image\":{\"@id\":\"https:\/\/all-car-news.com\/es\/#\/schema\/logo\/image\/\"}}]}<\/script>\n<!-- \/ Yoast SEO plugin. -->","yoast_head_json":{"title":"Los Pa\u00edses Bajos reciben otra marca de coches china: Omoda - All cars news","robots":{"index":"index","follow":"follow","max-snippet":"max-snippet:-1","max-image-preview":"max-image-preview:large","max-video-preview":"max-video-preview:-1"},"canonical":"https:\/\/all-car-news.com\/es\/los-paises-bajos-reciben-otra-marca-de-coches-china-omoda\/","og_locale":"es_ES","og_type":"article","og_title":"Los Pa\u00edses Bajos reciben otra marca de coches china: Omoda - All cars news","og_description":"Omoda, una marca de coches china En el momento de escribir estas l\u00edneas, Omoda se lanza como nueva marca de coches en el mercado europeo y ya ha presentado oficialmente sus primeros modelos en el sur de Europa. Recientemente, el Omoda 5 EV tambi\u00e9n obtuvo la m\u00e1xima puntuaci\u00f3n de cinco estrellas en EuroNCAP. Esto significa que Omoda Aunque Omoda es una marca mundial de autom\u00f3viles, [...]","og_url":"https:\/\/all-car-news.com\/es\/los-paises-bajos-reciben-otra-marca-de-coches-china-omoda\/","og_site_name":"All cars news","article_published_time":"2023-06-06T14:16:04+00:00","og_image":[{"url":"https:\/\/autorai.nl\/wp-content\/uploads\/2023\/06\/Omoda-5-EV-2024-1140x675.jpg"}],"twitter_card":"summary_large_image","twitter_misc":{"Tiempo de lectura":"2 minutos"},"schema":{"@context":"https:\/\/schema.org","@graph":[{"@type":"Article","@id":"https:\/\/all-car-news.com\/es\/los-paises-bajos-reciben-otra-marca-de-coches-china-omoda\/#article","isPartOf":{"@id":"https:\/\/all-car-news.com\/es\/los-paises-bajos-reciben-otra-marca-de-coches-china-omoda\/"},"author":{"name":"","@id":""},"headline":"Los Pa\u00edses Bajos reciben otra marca de coches china: Omoda","datePublished":"2023-06-06T14:16:04+00:00","dateModified":"2023-06-06T14:16:04+00:00","mainEntityOfPage":{"@id":"https:\/\/all-car-news.com\/es\/los-paises-bajos-reciben-otra-marca-de-coches-china-omoda\/"},"wordCount":447,"publisher":{"@id":"https:\/\/all-car-news.com\/es\/#organization"},"articleSection":["Fondo","noticias de autos"],"inLanguage":"es"},{"@type":"WebPage","@id":"https:\/\/all-car-news.com\/es\/los-paises-bajos-reciben-otra-marca-de-coches-china-omoda\/","url":"https:\/\/all-car-news.com\/es\/los-paises-bajos-reciben-otra-marca-de-coches-china-omoda\/","name":"Los Pa\u00edses Bajos reciben otra marca de coches china: Omoda - All cars news","isPartOf":{"@id":"https:\/\/all-car-news.com\/es\/#website"},"datePublished":"2023-06-06T14:16:04+00:00","dateModified":"2023-06-06T14:16:04+00:00","breadcrumb":{"@id":"https:\/\/all-car-news.com\/es\/los-paises-bajos-reciben-otra-marca-de-coches-china-omoda\/#breadcrumb"},"inLanguage":"es","potentialAction":[{"@type":"ReadAction","target":["https:\/\/all-car-news.com\/es\/los-paises-bajos-reciben-otra-marca-de-coches-china-omoda\/"]}]},{"@type":"BreadcrumbList","@id":"https:\/\/all-car-news.com\/es\/los-paises-bajos-reciben-otra-marca-de-coches-china-omoda\/#breadcrumb","itemListElement":[{"@type":"ListItem","position":1,"name":"Home","item":"https:\/\/all-car-news.com\/es\/"},{"@type":"ListItem","position":2,"name":"Los Pa\u00edses Bajos reciben otra marca de coches china: Omoda"}]},{"@type":"WebSite","@id":"https:\/\/all-car-news.com\/es\/#website","url":"https:\/\/all-car-news.com\/es\/","name":"All cars news","description":"","publisher":{"@id":"https:\/\/all-car-news.com\/es\/#organization"},"potentialAction":[{"@type":"SearchAction","target":{"@type":"EntryPoint","urlTemplate":"https:\/\/all-car-news.com\/es\/?s={search_term_string}"},"query-input":"required name=search_term_string"}],"inLanguage":"es"},{"@type":"Organization","@id":"https:\/\/all-car-news.com\/es\/#organization","name":"All cars news","url":"https:\/\/all-car-news.com\/es\/","logo":{"@type":"ImageObject","inLanguage":"es","@id":"https:\/\/all-car-news.com\/es\/#\/schema\/logo\/image\/","url":"https:\/\/all-car-news.com\/wp-content\/uploads\/2022\/02\/CMYK-AllCarNews_LANDSCAPE_300px-1.png","contentUrl":"https:\/\/all-car-news.com\/wp-content\/uploads\/2022\/02\/CMYK-AllCarNews_LANDSCAPE_300px-1.png","width":300,"height":100,"caption":"All cars news"},"image":{"@id":"https:\/\/all-car-news.com\/es\/#\/schema\/logo\/image\/"}}]}},"_links":{"self":[{"href":"https:\/\/all-car-news.com\/es\/wp-json\/wp\/v2\/posts\/139346","targetHints":{"allow":["GET"]}}],"collection":[{"href":"https:\/\/all-car-news.com\/es\/wp-json\/wp\/v2\/posts"}],"about":[{"href":"https:\/\/all-car-news.com\/es\/wp-json\/wp\/v2\/types\/post"}],"replies":[{"embeddable":true,"href":"https:\/\/all-car-news.com\/es\/wp-json\/wp\/v2\/comments?post=139346"}],"version-history":[{"count":0,"href":"https:\/\/all-car-news.com\/es\/wp-json\/wp\/v2\/posts\/139346\/revisions"}],"wp:featuredmedia":[{"embeddable":true,"href":"https:\/\/all-car-news.com\/es\/wp-json\/wp\/v2\/media\/136266"}],"wp:attachment":[{"href":"https:\/\/all-car-news.com\/es\/wp-json\/wp\/v2\/media?parent=139346"}],"wp:term":[{"taxonomy":"category","embeddable":true,"href":"https:\/\/all-car-news.com\/es\/wp-json\/wp\/v2\/categories?post=139346"},{"taxonomy":"post_tag","embeddable":true,"href":"https:\/\/all-car-news.com\/es\/wp-json\/wp\/v2\/tags?post=139346"}],"curies":[{"name":"wp","href":"https:\/\/api.w.org\/{rel}","templated":true}]}}