{"id":139307,"date":"2023-06-05T17:32:33","date_gmt":"2023-06-05T17:32:33","guid":{"rendered":"https:\/\/all-car-news.com\/el-moderno-coche-urbano-microlino-llega-a-los-paises-bajos\/"},"modified":"2023-06-05T17:32:33","modified_gmt":"2023-06-05T17:32:33","slug":"el-moderno-coche-urbano-microlino-llega-a-los-paises-bajos","status":"publish","type":"post","link":"https:\/\/all-car-news.com\/es\/el-moderno-coche-urbano-microlino-llega-a-los-paises-bajos\/","title":{"rendered":"El moderno coche urbano Microlino llega a los Pa\u00edses Bajos."},"content":{"rendered":"<p>\u00bfRecuerdas el <a href=\"https:\/\/autorai.nl\/autoboek-bmw-isetta-ein-auto-bewegt-die-welt\/\" target=\"_blank\" rel=\"noreferrer noopener\">BMW Isetta<\/a>? Este ic\u00f3nico coche con forma de huevo fue, con diferencia, el modelo m\u00e1s vendido de BMW en la d\u00e9cada de 1950. Uno de los rasgos caracter\u00edsticos del Isetta era la puerta, que no estaba montada en el lateral, sino en la parte delantera. El <a href=\"https:\/\/autorai.nl\/is-de-microlino-stadsauto-een-koopje\/\" target=\"_blank\" rel=\"noreferrer noopener\">Micro Microlino<\/a> es, de hecho, la encarnaci\u00f3n moderna de ese Isetta y guarda grandes semejanzas con \u00e9l. Durante un tiempo no se supo con certeza si el Microlino llegar\u00eda tambi\u00e9n a los Pa\u00edses Bajos, pero la empresa, relativamente peque\u00f1a, ha encontrado en Louwman un distribuidor\/importador para el mercado holand\u00e9s.<\/p>\n<h2>\u00bfQu\u00e9 es el Microlino?<\/h2>\n<p>El Microlino, inspirado en el BMW Isetta y otros coches burbuja de los a\u00f1os 50, es un innovador microcoche el\u00e9ctrico. El Microlino ofrece las ventajas de un scooter y la comodidad de un coche. A pesar de su tama\u00f1o compacto, el microcoche ofrece espacio para dos personas y cuenta con un maletero de 230 litros. El motor el\u00e9ctrico entrega 12,5 kW y 89 Nm de par, lo que le permite alcanzar una velocidad m\u00e1xima de 90 km\/h y un 0-50 de 5 segundos. El peso del Microlino depende del pack de bater\u00edas que elijas. El modelo base con 6 kWh pesa 496 kilogramos, la versi\u00f3n con bater\u00eda de 10,5 kWh pesa 513 kilogramos y la variante de 14 kWh tiene un peso de 530 kilogramos.<\/p>\n<figure class=\"wp-block-image size-content\"><img decoding=\"async\" loading=\"lazy\" width=\"1140\" height=\"760\" src=\"https:\/\/autorai.nl\/wp-content\/uploads\/2023\/03\/microlino-grijs-foto3-1140x760.jpg\" alt=\"\" class=\"wp-image-153781\"><\/figure>\n<h2>\u00bfPor qu\u00e9 Louwman va a suministrar el Microlino?<\/h2>\n<p>Louwman afirma que es un proveedor de movilidad que quiere desahogar a las personas con soluciones de movilidad sostenibles y vers\u00e1tiles para todas las generaciones. Con su tama\u00f1o, el Microlino puede ayudar a mantener las zonas urbanas f\u00e1cilmente accesibles, seg\u00fan Eric Louwman, presidente del Grupo Louwman: \u00abEstamos muy satisfechos de contribuir a mejorar la movilidad urbana con Microlino. Esta fant\u00e1stica nueva marca encaja en nuestro objetivo de \u00abMovilidad para la vida\u00bb, que ofrece a nuestros clientes una movilidad flexible y sostenible en cualquier momento del d\u00eda.\u00bb Todav\u00eda este a\u00f1o, Louwman entregar\u00e1 el Microlino en los Pa\u00edses Bajos.<\/p>\n<h2>\u00bfCu\u00e1l es el precio en Holanda del Microlino?<\/h2>\n<p>A\u00fan no se conoce el precio exacto del Microlino, pero es de suponer que no ser\u00e1 barato. De hecho, la marca comunic\u00f3 anteriormente precios de partida de unos 18.000 euros. Bastante dinero, sobre todo si tenemos en cuenta que por menos de 10.000 euros ya tenemos un Opel Rocks-e en la puerta de casa. Aun as\u00ed, por su aspecto, el Microlino podr\u00eda convertirse sin duda en un \u00e9xito entre los urbanitas adinerados que ya pagan m\u00e1s de 16.000 euros tambi\u00e9n por un Bir\u00f2. Adem\u00e1s, su mayor velocidad m\u00e1xima tambi\u00e9n hace que el Microlino se pueda utilizar en carreteras provinciales, aunque, por supuesto, entonces ya no se clasifica como ciclomotor. Se prev\u00e9 que la versi\u00f3n m\u00e1s cara del Microlino cueste casi 23.000 euros. Gulp&#8230;<\/p>\n<figure class=\"wp-block-image size-content\"><img decoding=\"async\" loading=\"lazy\" width=\"1140\" height=\"760\" src=\"https:\/\/autorai.nl\/wp-content\/uploads\/2023\/03\/microlino-foto12-1140x760.jpg\" alt=\"\" class=\"wp-image-153774\"><\/figure>\n","protected":false},"excerpt":{"rendered":"\u00bfRecuerdas el BMW Isetta? Este ic\u00f3nico cochecito con forma de huevo fue, con diferencia, el modelo m\u00e1s vendido de BMW&hellip;","protected":false},"author":0,"featured_media":136320,"comment_status":"","ping_status":"open","sticky":false,"template":"","format":"standard","meta":{"footnotes":""},"categories":[126],"tags":[],"class_list":["post-139307","post","type-post","status-publish","format-standard","has-post-thumbnail","hentry","category-noticias-de-autos"],"acf":[],"yoast_head":"<!-- This site is optimized with the Yoast SEO plugin v21.2 - https:\/\/yoast.com\/wordpress\/plugins\/seo\/ -->\n<title>El moderno coche urbano Microlino llega a los Pa\u00edses Bajos. - All cars news<\/title>\n<meta name=\"robots\" content=\"index, follow, max-snippet:-1, max-image-preview:large, max-video-preview:-1\" \/>\n<link rel=\"canonical\" href=\"https:\/\/all-car-news.com\/es\/el-moderno-coche-urbano-microlino-llega-a-los-paises-bajos\/\" \/>\n<meta property=\"og:locale\" content=\"es_ES\" \/>\n<meta property=\"og:type\" content=\"article\" \/>\n<meta property=\"og:title\" content=\"El moderno coche urbano Microlino llega a los Pa\u00edses Bajos. - All cars news\" \/>\n<meta property=\"og:description\" content=\"\u00bfRecuerdas el BMW Isetta? Este ic\u00f3nico cochecito con forma de huevo fue, con diferencia, el modelo m\u00e1s vendido de BMW en la d\u00e9cada de 1950. Uno de los rasgos caracter\u00edsticos del Isetta era la puerta, que no estaba montada en el lateral, sino en la parte delantera. El Micro Microlino es b\u00e1sicamente la encarnaci\u00f3n moderna de aquel Isetta [...]\" \/>\n<meta property=\"og:url\" content=\"https:\/\/all-car-news.com\/es\/el-moderno-coche-urbano-microlino-llega-a-los-paises-bajos\/\" \/>\n<meta property=\"og:site_name\" content=\"All cars news\" \/>\n<meta property=\"article:published_time\" content=\"2023-06-05T17:32:33+00:00\" \/>\n<meta property=\"og:image\" content=\"https:\/\/autorai.nl\/wp-content\/uploads\/2023\/03\/microlino-grijs-foto3-1140x760.jpg\" \/>\n<meta name=\"twitter:card\" content=\"summary_large_image\" \/>\n<meta name=\"twitter:label1\" content=\"Tiempo de lectura\" \/>\n\t<meta name=\"twitter:data1\" content=\"2 minutos\" \/>\n<script type=\"application\/ld+json\" class=\"yoast-schema-graph\">{\"@context\":\"https:\/\/schema.org\",\"@graph\":[{\"@type\":\"Article\",\"@id\":\"https:\/\/all-car-news.com\/es\/el-moderno-coche-urbano-microlino-llega-a-los-paises-bajos\/#article\",\"isPartOf\":{\"@id\":\"https:\/\/all-car-news.com\/es\/el-moderno-coche-urbano-microlino-llega-a-los-paises-bajos\/\"},\"author\":{\"name\":\"\",\"@id\":\"\"},\"headline\":\"El moderno coche urbano Microlino llega a los Pa\u00edses Bajos.\",\"datePublished\":\"2023-06-05T17:32:33+00:00\",\"dateModified\":\"2023-06-05T17:32:33+00:00\",\"mainEntityOfPage\":{\"@id\":\"https:\/\/all-car-news.com\/es\/el-moderno-coche-urbano-microlino-llega-a-los-paises-bajos\/\"},\"wordCount\":495,\"publisher\":{\"@id\":\"https:\/\/all-car-news.com\/es\/#organization\"},\"articleSection\":[\"noticias de autos\"],\"inLanguage\":\"es\"},{\"@type\":\"WebPage\",\"@id\":\"https:\/\/all-car-news.com\/es\/el-moderno-coche-urbano-microlino-llega-a-los-paises-bajos\/\",\"url\":\"https:\/\/all-car-news.com\/es\/el-moderno-coche-urbano-microlino-llega-a-los-paises-bajos\/\",\"name\":\"El moderno coche urbano Microlino llega a los Pa\u00edses Bajos. - All cars news\",\"isPartOf\":{\"@id\":\"https:\/\/all-car-news.com\/es\/#website\"},\"datePublished\":\"2023-06-05T17:32:33+00:00\",\"dateModified\":\"2023-06-05T17:32:33+00:00\",\"breadcrumb\":{\"@id\":\"https:\/\/all-car-news.com\/es\/el-moderno-coche-urbano-microlino-llega-a-los-paises-bajos\/#breadcrumb\"},\"inLanguage\":\"es\",\"potentialAction\":[{\"@type\":\"ReadAction\",\"target\":[\"https:\/\/all-car-news.com\/es\/el-moderno-coche-urbano-microlino-llega-a-los-paises-bajos\/\"]}]},{\"@type\":\"BreadcrumbList\",\"@id\":\"https:\/\/all-car-news.com\/es\/el-moderno-coche-urbano-microlino-llega-a-los-paises-bajos\/#breadcrumb\",\"itemListElement\":[{\"@type\":\"ListItem\",\"position\":1,\"name\":\"Home\",\"item\":\"https:\/\/all-car-news.com\/es\/\"},{\"@type\":\"ListItem\",\"position\":2,\"name\":\"El moderno coche urbano Microlino llega a los Pa\u00edses Bajos.\"}]},{\"@type\":\"WebSite\",\"@id\":\"https:\/\/all-car-news.com\/es\/#website\",\"url\":\"https:\/\/all-car-news.com\/es\/\",\"name\":\"All cars news\",\"description\":\"\",\"publisher\":{\"@id\":\"https:\/\/all-car-news.com\/es\/#organization\"},\"potentialAction\":[{\"@type\":\"SearchAction\",\"target\":{\"@type\":\"EntryPoint\",\"urlTemplate\":\"https:\/\/all-car-news.com\/es\/?s={search_term_string}\"},\"query-input\":\"required name=search_term_string\"}],\"inLanguage\":\"es\"},{\"@type\":\"Organization\",\"@id\":\"https:\/\/all-car-news.com\/es\/#organization\",\"name\":\"All cars news\",\"url\":\"https:\/\/all-car-news.com\/es\/\",\"logo\":{\"@type\":\"ImageObject\",\"inLanguage\":\"es\",\"@id\":\"https:\/\/all-car-news.com\/es\/#\/schema\/logo\/image\/\",\"url\":\"https:\/\/all-car-news.com\/wp-content\/uploads\/2022\/02\/CMYK-AllCarNews_LANDSCAPE_300px-1.png\",\"contentUrl\":\"https:\/\/all-car-news.com\/wp-content\/uploads\/2022\/02\/CMYK-AllCarNews_LANDSCAPE_300px-1.png\",\"width\":300,\"height\":100,\"caption\":\"All cars news\"},\"image\":{\"@id\":\"https:\/\/all-car-news.com\/es\/#\/schema\/logo\/image\/\"}}]}<\/script>\n<!-- \/ Yoast SEO plugin. -->","yoast_head_json":{"title":"El moderno coche urbano Microlino llega a los Pa\u00edses Bajos. - All cars news","robots":{"index":"index","follow":"follow","max-snippet":"max-snippet:-1","max-image-preview":"max-image-preview:large","max-video-preview":"max-video-preview:-1"},"canonical":"https:\/\/all-car-news.com\/es\/el-moderno-coche-urbano-microlino-llega-a-los-paises-bajos\/","og_locale":"es_ES","og_type":"article","og_title":"El moderno coche urbano Microlino llega a los Pa\u00edses Bajos. - All cars news","og_description":"\u00bfRecuerdas el BMW Isetta? Este ic\u00f3nico cochecito con forma de huevo fue, con diferencia, el modelo m\u00e1s vendido de BMW en la d\u00e9cada de 1950. Uno de los rasgos caracter\u00edsticos del Isetta era la puerta, que no estaba montada en el lateral, sino en la parte delantera. El Micro Microlino es b\u00e1sicamente la encarnaci\u00f3n moderna de aquel Isetta [...]","og_url":"https:\/\/all-car-news.com\/es\/el-moderno-coche-urbano-microlino-llega-a-los-paises-bajos\/","og_site_name":"All cars news","article_published_time":"2023-06-05T17:32:33+00:00","og_image":[{"url":"https:\/\/autorai.nl\/wp-content\/uploads\/2023\/03\/microlino-grijs-foto3-1140x760.jpg"}],"twitter_card":"summary_large_image","twitter_misc":{"Tiempo de lectura":"2 minutos"},"schema":{"@context":"https:\/\/schema.org","@graph":[{"@type":"Article","@id":"https:\/\/all-car-news.com\/es\/el-moderno-coche-urbano-microlino-llega-a-los-paises-bajos\/#article","isPartOf":{"@id":"https:\/\/all-car-news.com\/es\/el-moderno-coche-urbano-microlino-llega-a-los-paises-bajos\/"},"author":{"name":"","@id":""},"headline":"El moderno coche urbano Microlino llega a los Pa\u00edses Bajos.","datePublished":"2023-06-05T17:32:33+00:00","dateModified":"2023-06-05T17:32:33+00:00","mainEntityOfPage":{"@id":"https:\/\/all-car-news.com\/es\/el-moderno-coche-urbano-microlino-llega-a-los-paises-bajos\/"},"wordCount":495,"publisher":{"@id":"https:\/\/all-car-news.com\/es\/#organization"},"articleSection":["noticias de autos"],"inLanguage":"es"},{"@type":"WebPage","@id":"https:\/\/all-car-news.com\/es\/el-moderno-coche-urbano-microlino-llega-a-los-paises-bajos\/","url":"https:\/\/all-car-news.com\/es\/el-moderno-coche-urbano-microlino-llega-a-los-paises-bajos\/","name":"El moderno coche urbano Microlino llega a los Pa\u00edses Bajos. - All cars news","isPartOf":{"@id":"https:\/\/all-car-news.com\/es\/#website"},"datePublished":"2023-06-05T17:32:33+00:00","dateModified":"2023-06-05T17:32:33+00:00","breadcrumb":{"@id":"https:\/\/all-car-news.com\/es\/el-moderno-coche-urbano-microlino-llega-a-los-paises-bajos\/#breadcrumb"},"inLanguage":"es","potentialAction":[{"@type":"ReadAction","target":["https:\/\/all-car-news.com\/es\/el-moderno-coche-urbano-microlino-llega-a-los-paises-bajos\/"]}]},{"@type":"BreadcrumbList","@id":"https:\/\/all-car-news.com\/es\/el-moderno-coche-urbano-microlino-llega-a-los-paises-bajos\/#breadcrumb","itemListElement":[{"@type":"ListItem","position":1,"name":"Home","item":"https:\/\/all-car-news.com\/es\/"},{"@type":"ListItem","position":2,"name":"El moderno coche urbano Microlino llega a los Pa\u00edses Bajos."}]},{"@type":"WebSite","@id":"https:\/\/all-car-news.com\/es\/#website","url":"https:\/\/all-car-news.com\/es\/","name":"All cars news","description":"","publisher":{"@id":"https:\/\/all-car-news.com\/es\/#organization"},"potentialAction":[{"@type":"SearchAction","target":{"@type":"EntryPoint","urlTemplate":"https:\/\/all-car-news.com\/es\/?s={search_term_string}"},"query-input":"required name=search_term_string"}],"inLanguage":"es"},{"@type":"Organization","@id":"https:\/\/all-car-news.com\/es\/#organization","name":"All cars news","url":"https:\/\/all-car-news.com\/es\/","logo":{"@type":"ImageObject","inLanguage":"es","@id":"https:\/\/all-car-news.com\/es\/#\/schema\/logo\/image\/","url":"https:\/\/all-car-news.com\/wp-content\/uploads\/2022\/02\/CMYK-AllCarNews_LANDSCAPE_300px-1.png","contentUrl":"https:\/\/all-car-news.com\/wp-content\/uploads\/2022\/02\/CMYK-AllCarNews_LANDSCAPE_300px-1.png","width":300,"height":100,"caption":"All cars news"},"image":{"@id":"https:\/\/all-car-news.com\/es\/#\/schema\/logo\/image\/"}}]}},"_links":{"self":[{"href":"https:\/\/all-car-news.com\/es\/wp-json\/wp\/v2\/posts\/139307","targetHints":{"allow":["GET"]}}],"collection":[{"href":"https:\/\/all-car-news.com\/es\/wp-json\/wp\/v2\/posts"}],"about":[{"href":"https:\/\/all-car-news.com\/es\/wp-json\/wp\/v2\/types\/post"}],"replies":[{"embeddable":true,"href":"https:\/\/all-car-news.com\/es\/wp-json\/wp\/v2\/comments?post=139307"}],"version-history":[{"count":0,"href":"https:\/\/all-car-news.com\/es\/wp-json\/wp\/v2\/posts\/139307\/revisions"}],"wp:featuredmedia":[{"embeddable":true,"href":"https:\/\/all-car-news.com\/es\/wp-json\/wp\/v2\/media\/136320"}],"wp:attachment":[{"href":"https:\/\/all-car-news.com\/es\/wp-json\/wp\/v2\/media?parent=139307"}],"wp:term":[{"taxonomy":"category","embeddable":true,"href":"https:\/\/all-car-news.com\/es\/wp-json\/wp\/v2\/categories?post=139307"},{"taxonomy":"post_tag","embeddable":true,"href":"https:\/\/all-car-news.com\/es\/wp-json\/wp\/v2\/tags?post=139307"}],"curies":[{"name":"wp","href":"https:\/\/api.w.org\/{rel}","templated":true}]}}