{"id":139207,"date":"2023-09-22T10:26:08","date_gmt":"2023-09-22T10:26:08","guid":{"rendered":"https:\/\/all-car-news.com\/10-000-mg-vendidos-en-los-paises-bajos\/"},"modified":"2023-09-22T10:26:08","modified_gmt":"2023-09-22T10:26:08","slug":"10-000-mg-vendidos-en-los-paises-bajos","status":"publish","type":"post","link":"https:\/\/all-car-news.com\/es\/10-000-mg-vendidos-en-los-paises-bajos\/","title":{"rendered":"10.000 MG vendidos en los Pa\u00edses Bajos"},"content":{"rendered":"<h2>Suerte<\/h2>\n<p>Desde que MG anunci\u00f3 su regreso al mercado europeo hace cuatro a\u00f1os, la antigua marca brit\u00e1nica ha logrado unos resultados de ventas impresionantes. En el a\u00f1o de su relanzamiento, en 2019, se vendieron en nuestro pa\u00eds un total de 1.076 coches MG nuevos, mientras que la cifra ya ha ascendido a 3.011 este a\u00f1o hasta junio. Su \u00e9xito se debe en gran medida a la popularidad del MG ZS EV y del MG4 Electric.<\/p>\n<h2>10.000e<\/h2>\n<p>El MG n\u00famero 10.000 ya est\u00e1 en la carretera en los Pa\u00edses Bajos. Esta semana, el modelo aniversario fue entregado a su nuevo propietario en presencia de representantes de MG Motor Europe y Van Mossel MG en la sede de Van Mossel en Waalwijk.<\/p>\n<figure class=\"wp-block-image size-content\"><img decoding=\"async\" loading=\"lazy\" width=\"1140\" height=\"760\" src=\"https:\/\/autorai.nl\/wp-content\/uploads\/2023\/09\/Van-Mossel-MG-10.000ste-MG-33-1140x760.jpg\" alt=\"\" class=\"wp-image-166917\"><\/figure>\n<h2>La oferta<\/h2>\n<p>Adem\u00e1s del MG ZS EV y el MG4 Electric, la gama MG est\u00e1 compuesta actualmente por el MG5 Electric, el EHS Plug-in Hybrid y el modelo insignia de MG, el MARVEL R Electric. MG pronto ampliar\u00e1 a\u00fan m\u00e1s esa gama con dos nuevas variantes del MG4 Electric -el deportivo MG4 Electric XPOWER y el MG4 Electric Trophy Extended Range-, adem\u00e1s del actualizado MG EHS Plug-in Hybrid. El pr\u00f3ximo a\u00f1o se incorporar\u00e1n cuatro nuevos modelos, entre ellos un coche compacto del popular segmento B y el roadster totalmente el\u00e9ctrico MG Cyberster.<\/p>\n<figure class=\"wp-block-embed is-type-video is-provider-youtube wp-block-embed-youtube wp-embed-aspect-16-9 wp-has-aspect-ratio\">\n<div class=\"wp-block-embed__wrapper\">\n<\/div>\n<\/figure>\n","protected":false},"excerpt":{"rendered":"\u00c9xito Desde que MG anunci\u00f3 su regreso al mercado europeo hace cuatro a\u00f1os, la antigua marca brit\u00e1nica ha logrado unos&hellip;","protected":false},"author":0,"featured_media":139187,"comment_status":"","ping_status":"open","sticky":false,"template":"","format":"standard","meta":{"footnotes":""},"categories":[126],"tags":[],"class_list":["post-139207","post","type-post","status-publish","format-standard","has-post-thumbnail","hentry","category-noticias-de-autos"],"acf":[],"yoast_head":"<!-- This site is optimized with the Yoast SEO plugin v21.2 - https:\/\/yoast.com\/wordpress\/plugins\/seo\/ -->\n<title>10.000 MG vendidos en los Pa\u00edses Bajos - All cars news<\/title>\n<meta name=\"robots\" content=\"index, follow, max-snippet:-1, max-image-preview:large, max-video-preview:-1\" \/>\n<link rel=\"canonical\" href=\"https:\/\/all-car-news.com\/es\/10-000-mg-vendidos-en-los-paises-bajos\/\" \/>\n<meta property=\"og:locale\" content=\"es_ES\" \/>\n<meta property=\"og:type\" content=\"article\" \/>\n<meta property=\"og:title\" content=\"10.000 MG vendidos en los Pa\u00edses Bajos - All cars news\" \/>\n<meta property=\"og:description\" content=\"\u00c9xito Desde que MG anunci\u00f3 su regreso al mercado europeo hace cuatro a\u00f1os, la antigua marca brit\u00e1nica ha logrado unos resultados de ventas impresionantes. En el a\u00f1o de su relanzamiento, en 2019, se vendieron en nuestro pa\u00eds un total de 1.076 coches MG nuevos, mientras que la cifra ya ha ascendido a 3.011 este a\u00f1o hasta junio. Eso [\u2026]\" \/>\n<meta property=\"og:url\" content=\"https:\/\/all-car-news.com\/es\/10-000-mg-vendidos-en-los-paises-bajos\/\" \/>\n<meta property=\"og:site_name\" content=\"All cars news\" \/>\n<meta property=\"article:published_time\" content=\"2023-09-22T10:26:08+00:00\" \/>\n<meta property=\"og:image\" content=\"https:\/\/autorai.nl\/wp-content\/uploads\/2023\/09\/Van-Mossel-MG-10.000ste-MG-33-1140x760.jpg\" \/>\n<meta name=\"twitter:card\" content=\"summary_large_image\" \/>\n<meta name=\"twitter:label1\" content=\"Tiempo de lectura\" \/>\n\t<meta name=\"twitter:data1\" content=\"1 minuto\" \/>\n<script type=\"application\/ld+json\" class=\"yoast-schema-graph\">{\"@context\":\"https:\/\/schema.org\",\"@graph\":[{\"@type\":\"Article\",\"@id\":\"https:\/\/all-car-news.com\/es\/10-000-mg-vendidos-en-los-paises-bajos\/#article\",\"isPartOf\":{\"@id\":\"https:\/\/all-car-news.com\/es\/10-000-mg-vendidos-en-los-paises-bajos\/\"},\"author\":{\"name\":\"\",\"@id\":\"\"},\"headline\":\"10.000 MG vendidos en los Pa\u00edses Bajos\",\"datePublished\":\"2023-09-22T10:26:08+00:00\",\"dateModified\":\"2023-09-22T10:26:08+00:00\",\"mainEntityOfPage\":{\"@id\":\"https:\/\/all-car-news.com\/es\/10-000-mg-vendidos-en-los-paises-bajos\/\"},\"wordCount\":230,\"publisher\":{\"@id\":\"https:\/\/all-car-news.com\/es\/#organization\"},\"articleSection\":[\"noticias de autos\"],\"inLanguage\":\"es\"},{\"@type\":\"WebPage\",\"@id\":\"https:\/\/all-car-news.com\/es\/10-000-mg-vendidos-en-los-paises-bajos\/\",\"url\":\"https:\/\/all-car-news.com\/es\/10-000-mg-vendidos-en-los-paises-bajos\/\",\"name\":\"10.000 MG vendidos en los Pa\u00edses Bajos - All cars news\",\"isPartOf\":{\"@id\":\"https:\/\/all-car-news.com\/es\/#website\"},\"datePublished\":\"2023-09-22T10:26:08+00:00\",\"dateModified\":\"2023-09-22T10:26:08+00:00\",\"breadcrumb\":{\"@id\":\"https:\/\/all-car-news.com\/es\/10-000-mg-vendidos-en-los-paises-bajos\/#breadcrumb\"},\"inLanguage\":\"es\",\"potentialAction\":[{\"@type\":\"ReadAction\",\"target\":[\"https:\/\/all-car-news.com\/es\/10-000-mg-vendidos-en-los-paises-bajos\/\"]}]},{\"@type\":\"BreadcrumbList\",\"@id\":\"https:\/\/all-car-news.com\/es\/10-000-mg-vendidos-en-los-paises-bajos\/#breadcrumb\",\"itemListElement\":[{\"@type\":\"ListItem\",\"position\":1,\"name\":\"Home\",\"item\":\"https:\/\/all-car-news.com\/es\/\"},{\"@type\":\"ListItem\",\"position\":2,\"name\":\"10.000 MG vendidos en los Pa\u00edses Bajos\"}]},{\"@type\":\"WebSite\",\"@id\":\"https:\/\/all-car-news.com\/es\/#website\",\"url\":\"https:\/\/all-car-news.com\/es\/\",\"name\":\"All cars news\",\"description\":\"\",\"publisher\":{\"@id\":\"https:\/\/all-car-news.com\/es\/#organization\"},\"potentialAction\":[{\"@type\":\"SearchAction\",\"target\":{\"@type\":\"EntryPoint\",\"urlTemplate\":\"https:\/\/all-car-news.com\/es\/?s={search_term_string}\"},\"query-input\":\"required name=search_term_string\"}],\"inLanguage\":\"es\"},{\"@type\":\"Organization\",\"@id\":\"https:\/\/all-car-news.com\/es\/#organization\",\"name\":\"All cars news\",\"url\":\"https:\/\/all-car-news.com\/es\/\",\"logo\":{\"@type\":\"ImageObject\",\"inLanguage\":\"es\",\"@id\":\"https:\/\/all-car-news.com\/es\/#\/schema\/logo\/image\/\",\"url\":\"https:\/\/all-car-news.com\/wp-content\/uploads\/2022\/02\/CMYK-AllCarNews_LANDSCAPE_300px-1.png\",\"contentUrl\":\"https:\/\/all-car-news.com\/wp-content\/uploads\/2022\/02\/CMYK-AllCarNews_LANDSCAPE_300px-1.png\",\"width\":300,\"height\":100,\"caption\":\"All cars news\"},\"image\":{\"@id\":\"https:\/\/all-car-news.com\/es\/#\/schema\/logo\/image\/\"}}]}<\/script>\n<!-- \/ Yoast SEO plugin. -->","yoast_head_json":{"title":"10.000 MG vendidos en los Pa\u00edses Bajos - All cars news","robots":{"index":"index","follow":"follow","max-snippet":"max-snippet:-1","max-image-preview":"max-image-preview:large","max-video-preview":"max-video-preview:-1"},"canonical":"https:\/\/all-car-news.com\/es\/10-000-mg-vendidos-en-los-paises-bajos\/","og_locale":"es_ES","og_type":"article","og_title":"10.000 MG vendidos en los Pa\u00edses Bajos - All cars news","og_description":"\u00c9xito Desde que MG anunci\u00f3 su regreso al mercado europeo hace cuatro a\u00f1os, la antigua marca brit\u00e1nica ha logrado unos resultados de ventas impresionantes. En el a\u00f1o de su relanzamiento, en 2019, se vendieron en nuestro pa\u00eds un total de 1.076 coches MG nuevos, mientras que la cifra ya ha ascendido a 3.011 este a\u00f1o hasta junio. Eso [\u2026]","og_url":"https:\/\/all-car-news.com\/es\/10-000-mg-vendidos-en-los-paises-bajos\/","og_site_name":"All cars news","article_published_time":"2023-09-22T10:26:08+00:00","og_image":[{"url":"https:\/\/autorai.nl\/wp-content\/uploads\/2023\/09\/Van-Mossel-MG-10.000ste-MG-33-1140x760.jpg"}],"twitter_card":"summary_large_image","twitter_misc":{"Tiempo de lectura":"1 minuto"},"schema":{"@context":"https:\/\/schema.org","@graph":[{"@type":"Article","@id":"https:\/\/all-car-news.com\/es\/10-000-mg-vendidos-en-los-paises-bajos\/#article","isPartOf":{"@id":"https:\/\/all-car-news.com\/es\/10-000-mg-vendidos-en-los-paises-bajos\/"},"author":{"name":"","@id":""},"headline":"10.000 MG vendidos en los Pa\u00edses Bajos","datePublished":"2023-09-22T10:26:08+00:00","dateModified":"2023-09-22T10:26:08+00:00","mainEntityOfPage":{"@id":"https:\/\/all-car-news.com\/es\/10-000-mg-vendidos-en-los-paises-bajos\/"},"wordCount":230,"publisher":{"@id":"https:\/\/all-car-news.com\/es\/#organization"},"articleSection":["noticias de autos"],"inLanguage":"es"},{"@type":"WebPage","@id":"https:\/\/all-car-news.com\/es\/10-000-mg-vendidos-en-los-paises-bajos\/","url":"https:\/\/all-car-news.com\/es\/10-000-mg-vendidos-en-los-paises-bajos\/","name":"10.000 MG vendidos en los Pa\u00edses Bajos - All cars news","isPartOf":{"@id":"https:\/\/all-car-news.com\/es\/#website"},"datePublished":"2023-09-22T10:26:08+00:00","dateModified":"2023-09-22T10:26:08+00:00","breadcrumb":{"@id":"https:\/\/all-car-news.com\/es\/10-000-mg-vendidos-en-los-paises-bajos\/#breadcrumb"},"inLanguage":"es","potentialAction":[{"@type":"ReadAction","target":["https:\/\/all-car-news.com\/es\/10-000-mg-vendidos-en-los-paises-bajos\/"]}]},{"@type":"BreadcrumbList","@id":"https:\/\/all-car-news.com\/es\/10-000-mg-vendidos-en-los-paises-bajos\/#breadcrumb","itemListElement":[{"@type":"ListItem","position":1,"name":"Home","item":"https:\/\/all-car-news.com\/es\/"},{"@type":"ListItem","position":2,"name":"10.000 MG vendidos en los Pa\u00edses Bajos"}]},{"@type":"WebSite","@id":"https:\/\/all-car-news.com\/es\/#website","url":"https:\/\/all-car-news.com\/es\/","name":"All cars news","description":"","publisher":{"@id":"https:\/\/all-car-news.com\/es\/#organization"},"potentialAction":[{"@type":"SearchAction","target":{"@type":"EntryPoint","urlTemplate":"https:\/\/all-car-news.com\/es\/?s={search_term_string}"},"query-input":"required name=search_term_string"}],"inLanguage":"es"},{"@type":"Organization","@id":"https:\/\/all-car-news.com\/es\/#organization","name":"All cars news","url":"https:\/\/all-car-news.com\/es\/","logo":{"@type":"ImageObject","inLanguage":"es","@id":"https:\/\/all-car-news.com\/es\/#\/schema\/logo\/image\/","url":"https:\/\/all-car-news.com\/wp-content\/uploads\/2022\/02\/CMYK-AllCarNews_LANDSCAPE_300px-1.png","contentUrl":"https:\/\/all-car-news.com\/wp-content\/uploads\/2022\/02\/CMYK-AllCarNews_LANDSCAPE_300px-1.png","width":300,"height":100,"caption":"All cars news"},"image":{"@id":"https:\/\/all-car-news.com\/es\/#\/schema\/logo\/image\/"}}]}},"_links":{"self":[{"href":"https:\/\/all-car-news.com\/es\/wp-json\/wp\/v2\/posts\/139207","targetHints":{"allow":["GET"]}}],"collection":[{"href":"https:\/\/all-car-news.com\/es\/wp-json\/wp\/v2\/posts"}],"about":[{"href":"https:\/\/all-car-news.com\/es\/wp-json\/wp\/v2\/types\/post"}],"replies":[{"embeddable":true,"href":"https:\/\/all-car-news.com\/es\/wp-json\/wp\/v2\/comments?post=139207"}],"version-history":[{"count":0,"href":"https:\/\/all-car-news.com\/es\/wp-json\/wp\/v2\/posts\/139207\/revisions"}],"wp:featuredmedia":[{"embeddable":true,"href":"https:\/\/all-car-news.com\/es\/wp-json\/wp\/v2\/media\/139187"}],"wp:attachment":[{"href":"https:\/\/all-car-news.com\/es\/wp-json\/wp\/v2\/media?parent=139207"}],"wp:term":[{"taxonomy":"category","embeddable":true,"href":"https:\/\/all-car-news.com\/es\/wp-json\/wp\/v2\/categories?post=139207"},{"taxonomy":"post_tag","embeddable":true,"href":"https:\/\/all-car-news.com\/es\/wp-json\/wp\/v2\/tags?post=139207"}],"curies":[{"name":"wp","href":"https:\/\/api.w.org\/{rel}","templated":true}]}}