{"id":139204,"date":"2023-09-22T09:59:08","date_gmt":"2023-09-22T09:59:08","guid":{"rendered":"https:\/\/all-car-news.com\/stoffel-vandoorne-se-pone-al-volante-del-team-peugeot-totalenergie\/"},"modified":"2023-09-22T09:59:08","modified_gmt":"2023-09-22T09:59:08","slug":"stoffel-vandoorne-se-pone-al-volante-del-team-peugeot-totalenergie","status":"publish","type":"post","link":"https:\/\/all-car-news.com\/es\/stoffel-vandoorne-se-pone-al-volante-del-team-peugeot-totalenergie\/","title":{"rendered":"Stoffel Vandoorne se pone al volante del Team Peugeot TotalEnergie"},"content":{"rendered":"<h2>Peugeot 9X8<\/h2>\n<p>El equipo Peugeot TotalEnergies aspira a luchar por la victoria en la disputada categor\u00eda Hypercar la pr\u00f3xima temporada. El equipo ha reclutado a Stoffel Vandoorne para afrontar este reto. El belga es actualmente piloto reserva de Peugeot Sport, pero ahora ha sido nombrado oficialmente piloto del Team Peugeot TotalEnergies para la temporada 2024 del Campeonato del Mundo de Resistencia de la FIA (FIA WEC). A continuaci\u00f3n, el piloto belga de 31 a\u00f1os se pondr\u00e1 al volante de un Peugeot 9X8.<\/p>\n<figure class=\"wp-block-image size-content\"><img decoding=\"async\" loading=\"lazy\" width=\"1140\" height=\"760\" src=\"https:\/\/autorai.nl\/wp-content\/uploads\/2023\/09\/Stoffel-Vandoorne-benoemd-tot-coureur-voor-Team-Peugeot-TotalEnergies-voor-seizoen-2024-1-1140x760.jpg\" alt=\"\" class=\"wp-image-166902\"><\/figure>\n<h2>Una experiencia panadera<\/h2>\n<p>El campe\u00f3n del mundo de F\u00f3rmula E de la FIA de 2022 debut\u00f3 en las carreras de resistencia en 2019. Lo hizo en la clase LMP1 con SMP Racing. En 2021, compiti\u00f3 con JOTA en la clase LMP2. Stoffel Vandoorne -tambi\u00e9n piloto de DS Penske (F\u00f3rmula E), que forma parte del grupo Stellantis Motorsport, que tambi\u00e9n incluye al equipo Peugeot- ya conoce bien a sus futuros compa\u00f1eros de equipo y al personal t\u00e9cnico gracias a anteriores pruebas en pista y sesiones en simulador con el equipo. Tampoco es ajeno al Peugeot 9X8 con el que competir\u00e1 en el FIA WEC dentro de unos meses. El pasado fin de semana, Vandoorne ya pilot\u00f3 el coche en las 6 Horas de Fuji, donde sustituy\u00f3 al lesionado Nico M\u00fcller.<\/p>\n<h2>Debut<\/h2>\n<p>Vandoorne debutar\u00e1 como piloto del equipo en la primera carrera del FIA WEC de la pr\u00f3xima temporada, que tendr\u00e1 lugar el 2 de marzo de 2024 en Qatar. A continuaci\u00f3n se disputar\u00e1n las otras siete pruebas de la temporada, que culminar\u00e1n con las 24 Horas de Le Mans los d\u00edas 15 y 16 de junio de 2024.<\/p>\n<p>Stoffel Vandoorne: \u00abEstoy muy contento de ser oficialmente piloto para la temporada 2024. Siempre me ha gustado el FIA WEC y ya lo conozco de mis participaciones en 2019 y 2021. Mi objetivo era volver al campeonato. Esa ambici\u00f3n es a\u00fan mayor ahora que puede hacerse en la clase Hypercar, en la que participan tantos fabricantes de coches. Es fant\u00e1stico tener la oportunidad de competir por la victoria en las 24 Horas de Le Mans. Es el sue\u00f1o de muchos pilotos. Estoy feliz de formar parte de este equipo y no veo la hora de empezar con Peugeot.\u00bb<\/p>\n","protected":false},"excerpt":{"rendered":"El equipo Peugeot 9X8 Team Peugeot TotalEnergies aspira a luchar por la victoria en la disputada categor\u00eda Hypercar la pr\u00f3xima&hellip;","protected":false},"author":0,"featured_media":139193,"comment_status":"","ping_status":"open","sticky":false,"template":"","format":"standard","meta":{"footnotes":""},"categories":[126],"tags":[],"class_list":["post-139204","post","type-post","status-publish","format-standard","has-post-thumbnail","hentry","category-noticias-de-autos"],"acf":[],"yoast_head":"<!-- This site is optimized with the Yoast SEO plugin v21.2 - https:\/\/yoast.com\/wordpress\/plugins\/seo\/ -->\n<title>Stoffel Vandoorne se pone al volante del Team Peugeot TotalEnergie - All cars news<\/title>\n<meta name=\"robots\" content=\"index, follow, max-snippet:-1, max-image-preview:large, max-video-preview:-1\" \/>\n<link rel=\"canonical\" href=\"https:\/\/all-car-news.com\/es\/stoffel-vandoorne-se-pone-al-volante-del-team-peugeot-totalenergie\/\" \/>\n<meta property=\"og:locale\" content=\"es_ES\" \/>\n<meta property=\"og:type\" content=\"article\" \/>\n<meta property=\"og:title\" content=\"Stoffel Vandoorne se pone al volante del Team Peugeot TotalEnergie - All cars news\" \/>\n<meta property=\"og:description\" content=\"El equipo Peugeot 9X8 Team Peugeot TotalEnergies aspira a luchar por la victoria en la disputada categor\u00eda Hypercar la pr\u00f3xima temporada. El equipo ha reclutado a Stoffel Vandoorne para afrontar este reto. El belga es actualmente piloto reserva de Peugeot Sport, pero ahora ha sido nombrado oficialmente piloto del Team Peugeot TotalEnergies para el Campeonato del Mundo de Resistencia de la FIA (FIA WEC) [...].\" \/>\n<meta property=\"og:url\" content=\"https:\/\/all-car-news.com\/es\/stoffel-vandoorne-se-pone-al-volante-del-team-peugeot-totalenergie\/\" \/>\n<meta property=\"og:site_name\" content=\"All cars news\" \/>\n<meta property=\"article:published_time\" content=\"2023-09-22T09:59:08+00:00\" \/>\n<meta property=\"og:image\" content=\"https:\/\/autorai.nl\/wp-content\/uploads\/2023\/09\/Stoffel-Vandoorne-benoemd-tot-coureur-voor-Team-Peugeot-TotalEnergies-voor-seizoen-2024-1-1140x760.jpg\" \/>\n<meta name=\"twitter:card\" content=\"summary_large_image\" \/>\n<meta name=\"twitter:label1\" content=\"Tiempo de lectura\" \/>\n\t<meta name=\"twitter:data1\" content=\"2 minutos\" \/>\n<script type=\"application\/ld+json\" class=\"yoast-schema-graph\">{\"@context\":\"https:\/\/schema.org\",\"@graph\":[{\"@type\":\"Article\",\"@id\":\"https:\/\/all-car-news.com\/es\/stoffel-vandoorne-se-pone-al-volante-del-team-peugeot-totalenergie\/#article\",\"isPartOf\":{\"@id\":\"https:\/\/all-car-news.com\/es\/stoffel-vandoorne-se-pone-al-volante-del-team-peugeot-totalenergie\/\"},\"author\":{\"name\":\"\",\"@id\":\"\"},\"headline\":\"Stoffel Vandoorne se pone al volante del Team Peugeot TotalEnergie\",\"datePublished\":\"2023-09-22T09:59:08+00:00\",\"dateModified\":\"2023-09-22T09:59:08+00:00\",\"mainEntityOfPage\":{\"@id\":\"https:\/\/all-car-news.com\/es\/stoffel-vandoorne-se-pone-al-volante-del-team-peugeot-totalenergie\/\"},\"wordCount\":382,\"publisher\":{\"@id\":\"https:\/\/all-car-news.com\/es\/#organization\"},\"articleSection\":[\"noticias de autos\"],\"inLanguage\":\"es\"},{\"@type\":\"WebPage\",\"@id\":\"https:\/\/all-car-news.com\/es\/stoffel-vandoorne-se-pone-al-volante-del-team-peugeot-totalenergie\/\",\"url\":\"https:\/\/all-car-news.com\/es\/stoffel-vandoorne-se-pone-al-volante-del-team-peugeot-totalenergie\/\",\"name\":\"Stoffel Vandoorne se pone al volante del Team Peugeot TotalEnergie - All cars news\",\"isPartOf\":{\"@id\":\"https:\/\/all-car-news.com\/es\/#website\"},\"datePublished\":\"2023-09-22T09:59:08+00:00\",\"dateModified\":\"2023-09-22T09:59:08+00:00\",\"breadcrumb\":{\"@id\":\"https:\/\/all-car-news.com\/es\/stoffel-vandoorne-se-pone-al-volante-del-team-peugeot-totalenergie\/#breadcrumb\"},\"inLanguage\":\"es\",\"potentialAction\":[{\"@type\":\"ReadAction\",\"target\":[\"https:\/\/all-car-news.com\/es\/stoffel-vandoorne-se-pone-al-volante-del-team-peugeot-totalenergie\/\"]}]},{\"@type\":\"BreadcrumbList\",\"@id\":\"https:\/\/all-car-news.com\/es\/stoffel-vandoorne-se-pone-al-volante-del-team-peugeot-totalenergie\/#breadcrumb\",\"itemListElement\":[{\"@type\":\"ListItem\",\"position\":1,\"name\":\"Home\",\"item\":\"https:\/\/all-car-news.com\/es\/\"},{\"@type\":\"ListItem\",\"position\":2,\"name\":\"Stoffel Vandoorne se pone al volante del Team Peugeot TotalEnergie\"}]},{\"@type\":\"WebSite\",\"@id\":\"https:\/\/all-car-news.com\/es\/#website\",\"url\":\"https:\/\/all-car-news.com\/es\/\",\"name\":\"All cars news\",\"description\":\"\",\"publisher\":{\"@id\":\"https:\/\/all-car-news.com\/es\/#organization\"},\"potentialAction\":[{\"@type\":\"SearchAction\",\"target\":{\"@type\":\"EntryPoint\",\"urlTemplate\":\"https:\/\/all-car-news.com\/es\/?s={search_term_string}\"},\"query-input\":\"required name=search_term_string\"}],\"inLanguage\":\"es\"},{\"@type\":\"Organization\",\"@id\":\"https:\/\/all-car-news.com\/es\/#organization\",\"name\":\"All cars news\",\"url\":\"https:\/\/all-car-news.com\/es\/\",\"logo\":{\"@type\":\"ImageObject\",\"inLanguage\":\"es\",\"@id\":\"https:\/\/all-car-news.com\/es\/#\/schema\/logo\/image\/\",\"url\":\"https:\/\/all-car-news.com\/wp-content\/uploads\/2022\/02\/CMYK-AllCarNews_LANDSCAPE_300px-1.png\",\"contentUrl\":\"https:\/\/all-car-news.com\/wp-content\/uploads\/2022\/02\/CMYK-AllCarNews_LANDSCAPE_300px-1.png\",\"width\":300,\"height\":100,\"caption\":\"All cars news\"},\"image\":{\"@id\":\"https:\/\/all-car-news.com\/es\/#\/schema\/logo\/image\/\"}}]}<\/script>\n<!-- \/ Yoast SEO plugin. -->","yoast_head_json":{"title":"Stoffel Vandoorne se pone al volante del Team Peugeot TotalEnergie - All cars news","robots":{"index":"index","follow":"follow","max-snippet":"max-snippet:-1","max-image-preview":"max-image-preview:large","max-video-preview":"max-video-preview:-1"},"canonical":"https:\/\/all-car-news.com\/es\/stoffel-vandoorne-se-pone-al-volante-del-team-peugeot-totalenergie\/","og_locale":"es_ES","og_type":"article","og_title":"Stoffel Vandoorne se pone al volante del Team Peugeot TotalEnergie - All cars news","og_description":"El equipo Peugeot 9X8 Team Peugeot TotalEnergies aspira a luchar por la victoria en la disputada categor\u00eda Hypercar la pr\u00f3xima temporada. El equipo ha reclutado a Stoffel Vandoorne para afrontar este reto. El belga es actualmente piloto reserva de Peugeot Sport, pero ahora ha sido nombrado oficialmente piloto del Team Peugeot TotalEnergies para el Campeonato del Mundo de Resistencia de la FIA (FIA WEC) [...].","og_url":"https:\/\/all-car-news.com\/es\/stoffel-vandoorne-se-pone-al-volante-del-team-peugeot-totalenergie\/","og_site_name":"All cars news","article_published_time":"2023-09-22T09:59:08+00:00","og_image":[{"url":"https:\/\/autorai.nl\/wp-content\/uploads\/2023\/09\/Stoffel-Vandoorne-benoemd-tot-coureur-voor-Team-Peugeot-TotalEnergies-voor-seizoen-2024-1-1140x760.jpg"}],"twitter_card":"summary_large_image","twitter_misc":{"Tiempo de lectura":"2 minutos"},"schema":{"@context":"https:\/\/schema.org","@graph":[{"@type":"Article","@id":"https:\/\/all-car-news.com\/es\/stoffel-vandoorne-se-pone-al-volante-del-team-peugeot-totalenergie\/#article","isPartOf":{"@id":"https:\/\/all-car-news.com\/es\/stoffel-vandoorne-se-pone-al-volante-del-team-peugeot-totalenergie\/"},"author":{"name":"","@id":""},"headline":"Stoffel Vandoorne se pone al volante del Team Peugeot TotalEnergie","datePublished":"2023-09-22T09:59:08+00:00","dateModified":"2023-09-22T09:59:08+00:00","mainEntityOfPage":{"@id":"https:\/\/all-car-news.com\/es\/stoffel-vandoorne-se-pone-al-volante-del-team-peugeot-totalenergie\/"},"wordCount":382,"publisher":{"@id":"https:\/\/all-car-news.com\/es\/#organization"},"articleSection":["noticias de autos"],"inLanguage":"es"},{"@type":"WebPage","@id":"https:\/\/all-car-news.com\/es\/stoffel-vandoorne-se-pone-al-volante-del-team-peugeot-totalenergie\/","url":"https:\/\/all-car-news.com\/es\/stoffel-vandoorne-se-pone-al-volante-del-team-peugeot-totalenergie\/","name":"Stoffel Vandoorne se pone al volante del Team Peugeot TotalEnergie - All cars news","isPartOf":{"@id":"https:\/\/all-car-news.com\/es\/#website"},"datePublished":"2023-09-22T09:59:08+00:00","dateModified":"2023-09-22T09:59:08+00:00","breadcrumb":{"@id":"https:\/\/all-car-news.com\/es\/stoffel-vandoorne-se-pone-al-volante-del-team-peugeot-totalenergie\/#breadcrumb"},"inLanguage":"es","potentialAction":[{"@type":"ReadAction","target":["https:\/\/all-car-news.com\/es\/stoffel-vandoorne-se-pone-al-volante-del-team-peugeot-totalenergie\/"]}]},{"@type":"BreadcrumbList","@id":"https:\/\/all-car-news.com\/es\/stoffel-vandoorne-se-pone-al-volante-del-team-peugeot-totalenergie\/#breadcrumb","itemListElement":[{"@type":"ListItem","position":1,"name":"Home","item":"https:\/\/all-car-news.com\/es\/"},{"@type":"ListItem","position":2,"name":"Stoffel Vandoorne se pone al volante del Team Peugeot TotalEnergie"}]},{"@type":"WebSite","@id":"https:\/\/all-car-news.com\/es\/#website","url":"https:\/\/all-car-news.com\/es\/","name":"All cars news","description":"","publisher":{"@id":"https:\/\/all-car-news.com\/es\/#organization"},"potentialAction":[{"@type":"SearchAction","target":{"@type":"EntryPoint","urlTemplate":"https:\/\/all-car-news.com\/es\/?s={search_term_string}"},"query-input":"required name=search_term_string"}],"inLanguage":"es"},{"@type":"Organization","@id":"https:\/\/all-car-news.com\/es\/#organization","name":"All cars news","url":"https:\/\/all-car-news.com\/es\/","logo":{"@type":"ImageObject","inLanguage":"es","@id":"https:\/\/all-car-news.com\/es\/#\/schema\/logo\/image\/","url":"https:\/\/all-car-news.com\/wp-content\/uploads\/2022\/02\/CMYK-AllCarNews_LANDSCAPE_300px-1.png","contentUrl":"https:\/\/all-car-news.com\/wp-content\/uploads\/2022\/02\/CMYK-AllCarNews_LANDSCAPE_300px-1.png","width":300,"height":100,"caption":"All cars news"},"image":{"@id":"https:\/\/all-car-news.com\/es\/#\/schema\/logo\/image\/"}}]}},"_links":{"self":[{"href":"https:\/\/all-car-news.com\/es\/wp-json\/wp\/v2\/posts\/139204","targetHints":{"allow":["GET"]}}],"collection":[{"href":"https:\/\/all-car-news.com\/es\/wp-json\/wp\/v2\/posts"}],"about":[{"href":"https:\/\/all-car-news.com\/es\/wp-json\/wp\/v2\/types\/post"}],"replies":[{"embeddable":true,"href":"https:\/\/all-car-news.com\/es\/wp-json\/wp\/v2\/comments?post=139204"}],"version-history":[{"count":0,"href":"https:\/\/all-car-news.com\/es\/wp-json\/wp\/v2\/posts\/139204\/revisions"}],"wp:featuredmedia":[{"embeddable":true,"href":"https:\/\/all-car-news.com\/es\/wp-json\/wp\/v2\/media\/139193"}],"wp:attachment":[{"href":"https:\/\/all-car-news.com\/es\/wp-json\/wp\/v2\/media?parent=139204"}],"wp:term":[{"taxonomy":"category","embeddable":true,"href":"https:\/\/all-car-news.com\/es\/wp-json\/wp\/v2\/categories?post=139204"},{"taxonomy":"post_tag","embeddable":true,"href":"https:\/\/all-car-news.com\/es\/wp-json\/wp\/v2\/tags?post=139204"}],"curies":[{"name":"wp","href":"https:\/\/api.w.org\/{rel}","templated":true}]}}