{"id":139175,"date":"2023-09-21T09:34:23","date_gmt":"2023-09-21T09:34:23","guid":{"rendered":"https:\/\/all-car-news.com\/el-nuevo-renault-trafic-e-tech-viene-de-lejos\/"},"modified":"2023-09-21T09:34:23","modified_gmt":"2023-09-21T09:34:23","slug":"el-nuevo-renault-trafic-e-tech-viene-de-lejos","status":"publish","type":"post","link":"https:\/\/all-car-news.com\/es\/el-nuevo-renault-trafic-e-tech-viene-de-lejos\/","title":{"rendered":"El nuevo Renault Trafic E-Tech viene de lejos"},"content":{"rendered":"<h2>mayor alcance<\/h2>\n<p>Hace un a\u00f1o, en la IAA Transportation -la feria del sector europeo del transporte- vimos por primera vez la versi\u00f3n el\u00e9ctrica del Trafic: el Trafic E-Tech. Tras la presentaci\u00f3n, la furgoneta mediana de Renault permaneci\u00f3 en silencio durante mucho tiempo. Ahora se sabe por qu\u00e9: los franceses a\u00fan no se hab\u00edan dado cuenta. Renault presenta ahora una versi\u00f3n mejorada, que viene de lejos.<\/p>\n<figure class=\"wp-block-image size-content\"><img decoding=\"async\" loading=\"lazy\" width=\"1140\" height=\"641\" src=\"https:\/\/autorai.nl\/wp-content\/uploads\/2023\/09\/05-Nieuwe-Renault-Trafic-E-Tech-electric-maakt-aanbod-elektrische-bedrijfswagens-compleet-1140x641.jpg\" alt=\"\" class=\"wp-image-166775\"><\/figure>\n<h2>Especificaciones<\/h2>\n<p>El Trafic verde est\u00e1 equipado con un motor el\u00e9ctrico de 120 CV, ya conocido del Renault Zoe. La bater\u00eda tambi\u00e9n procede del utilitario el\u00e9ctrico de Renault y tiene una capacidad de 52 kWh. Cuando se present\u00f3 el a\u00f1o pasado, los franceses dieron una autonom\u00eda de 240 kil\u00f3metros, pero ahora parece que el autob\u00fas tiene 297 kil\u00f3metros totalmente el\u00e9ctricos. La carga se puede realizar en casa con 7 kW y en una bala de carga p\u00fablica hasta 22 kW. La carga r\u00e1pida puede llevar al autob\u00fas hasta 50 kW.<\/p>\n<figure class=\"wp-block-image size-content\"><img decoding=\"async\" loading=\"lazy\" width=\"1140\" height=\"645\" src=\"https:\/\/autorai.nl\/wp-content\/uploads\/2023\/09\/01-Nieuwe-Renault-Trafic-E-Tech-electric-maakt-aanbod-elektrische-bedrijfswagens-compleet-1-1140x645.jpg\" alt=\"\" class=\"wp-image-166777\"><\/figure>\n<h2>Espacio de carga y peso de remolque<\/h2>\n<p>El paquete de bater\u00edas se encuentra bajo el suelo, lo que proporciona al Trafic el\u00e9ctrico tanto espacio como su hermano tradicional. Disponible en dos longitudes (5,08 m y 5,48 m) y dos alturas (1,96 m y 2,49 m), el Trafic E-Tech ofrece una longitud de carga de hasta 4,15 m. El autob\u00fas puede remolcar m\u00e1s de lo que comunic\u00f3 Renault el a\u00f1o pasado. Antes, los franceses hablaban de una capacidad de remolque de 750 kg, ahora el autob\u00fas puede remolcar hasta 920 kg y transportar hasta 1,1 toneladas.<\/p>\n<figure class=\"wp-block-image size-content\"><img decoding=\"async\" loading=\"lazy\" width=\"1140\" height=\"641\" src=\"https:\/\/autorai.nl\/wp-content\/uploads\/2023\/09\/03-Nieuwe-Renault-Trafic-E-Tech-electric-maakt-aanbod-elektrische-bedrijfswagens-compleet-1140x641.jpg\" alt=\"\" class=\"wp-image-166778\"><\/figure>\n<h2>Tecnolog\u00eda<\/h2>\n<p>El interior, al igual que el exterior, es id\u00e9ntico al del Trafic normal. Una pantalla de infoentretenimiento de 8 pulgadas hace alarde en el salpicadero, y numerosos portavasos y un mar de espacio de almacenamiento hacen la vida del conductor del Trafic m\u00e1s agradable. Lo mismo ocurre con todos los sistemas de seguridad y asistencia a la conducci\u00f3n que est\u00e1n presentes y garantizan que los usuarios lleguen a casa sanos y salvos incluso despu\u00e9s de una larga jornada de trabajo. Piensa en funciones como el asistente de mantenimiento de carril, el aviso de \u00e1ngulo muerto, la frenada de emergencia y el reconocimiento de se\u00f1ales de tr\u00e1fico. Los gestores de flotas pueden utilizar una aplicaci\u00f3n para ver a distancia d\u00f3nde est\u00e1n los autobuses y si se est\u00e1n utilizando de forma limpia. Tambi\u00e9n pueden ver de un vistazo qu\u00e9 autobuses deben ser recargados. En el siguiente v\u00eddeo te contamos m\u00e1s sobre el Renault Trafic E-Tech.<\/p>\n<figure class=\"wp-block-embed is-type-video is-provider-youtube wp-block-embed-youtube wp-embed-aspect-16-9 wp-has-aspect-ratio\">\n<div class=\"wp-block-embed__wrapper\">\n<\/div>\n<\/figure>\n<p><a href=\"https:\/\/leasevergelijker.nl\/private-lease\/Renault\/Zoe\/?utm_source=autorai.nl&amp;utm_medium=cpc&amp;utm_campaign=autorai.nl_lease\" target=\"_blank\" rel=\"noreferrer noopener\"><\/a><\/p>\n","protected":false},"excerpt":{"rendered":"Gama m\u00e1s amplia Hace un a\u00f1o, en la IAA Transportation -la feria del sector europeo del transporte-, nos encontramos por&hellip;","protected":false},"author":0,"featured_media":139159,"comment_status":"","ping_status":"open","sticky":false,"template":"","format":"standard","meta":{"footnotes":""},"categories":[126],"tags":[],"class_list":["post-139175","post","type-post","status-publish","format-standard","has-post-thumbnail","hentry","category-noticias-de-autos"],"acf":[],"yoast_head":"<!-- This site is optimized with the Yoast SEO plugin v21.2 - https:\/\/yoast.com\/wordpress\/plugins\/seo\/ -->\n<title>El nuevo Renault Trafic E-Tech viene de lejos - All cars news<\/title>\n<meta name=\"robots\" content=\"index, follow, max-snippet:-1, max-image-preview:large, max-video-preview:-1\" \/>\n<link rel=\"canonical\" href=\"https:\/\/all-car-news.com\/es\/el-nuevo-renault-trafic-e-tech-viene-de-lejos\/\" \/>\n<meta property=\"og:locale\" content=\"es_ES\" \/>\n<meta property=\"og:type\" content=\"article\" \/>\n<meta property=\"og:title\" content=\"El nuevo Renault Trafic E-Tech viene de lejos - All cars news\" \/>\n<meta property=\"og:description\" content=\"Gama m\u00e1s amplia Hace un a\u00f1o, en la IAA Transportation -la feria del sector europeo del transporte-, nos encontramos por primera vez cara a cara con la versi\u00f3n el\u00e9ctrica del Trafic: el Trafic E-Tech. Tras la presentaci\u00f3n, la furgoneta mediana de Renault permaneci\u00f3 en silencio durante mucho tiempo. Ahora resulta que por qu\u00e9: los franceses [...]\" \/>\n<meta property=\"og:url\" content=\"https:\/\/all-car-news.com\/es\/el-nuevo-renault-trafic-e-tech-viene-de-lejos\/\" \/>\n<meta property=\"og:site_name\" content=\"All cars news\" \/>\n<meta property=\"article:published_time\" content=\"2023-09-21T09:34:23+00:00\" \/>\n<meta property=\"og:image\" content=\"https:\/\/autorai.nl\/wp-content\/uploads\/2023\/09\/05-Nieuwe-Renault-Trafic-E-Tech-electric-maakt-aanbod-elektrische-bedrijfswagens-compleet-1140x641.jpg\" \/>\n<meta name=\"twitter:card\" content=\"summary_large_image\" \/>\n<meta name=\"twitter:label1\" content=\"Tiempo de lectura\" \/>\n\t<meta name=\"twitter:data1\" content=\"2 minutos\" \/>\n<script type=\"application\/ld+json\" class=\"yoast-schema-graph\">{\"@context\":\"https:\/\/schema.org\",\"@graph\":[{\"@type\":\"Article\",\"@id\":\"https:\/\/all-car-news.com\/es\/el-nuevo-renault-trafic-e-tech-viene-de-lejos\/#article\",\"isPartOf\":{\"@id\":\"https:\/\/all-car-news.com\/es\/el-nuevo-renault-trafic-e-tech-viene-de-lejos\/\"},\"author\":{\"name\":\"\",\"@id\":\"\"},\"headline\":\"El nuevo Renault Trafic E-Tech viene de lejos\",\"datePublished\":\"2023-09-21T09:34:23+00:00\",\"dateModified\":\"2023-09-21T09:34:23+00:00\",\"mainEntityOfPage\":{\"@id\":\"https:\/\/all-car-news.com\/es\/el-nuevo-renault-trafic-e-tech-viene-de-lejos\/\"},\"wordCount\":436,\"publisher\":{\"@id\":\"https:\/\/all-car-news.com\/es\/#organization\"},\"articleSection\":[\"noticias de autos\"],\"inLanguage\":\"es\"},{\"@type\":\"WebPage\",\"@id\":\"https:\/\/all-car-news.com\/es\/el-nuevo-renault-trafic-e-tech-viene-de-lejos\/\",\"url\":\"https:\/\/all-car-news.com\/es\/el-nuevo-renault-trafic-e-tech-viene-de-lejos\/\",\"name\":\"El nuevo Renault Trafic E-Tech viene de lejos - All cars news\",\"isPartOf\":{\"@id\":\"https:\/\/all-car-news.com\/es\/#website\"},\"datePublished\":\"2023-09-21T09:34:23+00:00\",\"dateModified\":\"2023-09-21T09:34:23+00:00\",\"breadcrumb\":{\"@id\":\"https:\/\/all-car-news.com\/es\/el-nuevo-renault-trafic-e-tech-viene-de-lejos\/#breadcrumb\"},\"inLanguage\":\"es\",\"potentialAction\":[{\"@type\":\"ReadAction\",\"target\":[\"https:\/\/all-car-news.com\/es\/el-nuevo-renault-trafic-e-tech-viene-de-lejos\/\"]}]},{\"@type\":\"BreadcrumbList\",\"@id\":\"https:\/\/all-car-news.com\/es\/el-nuevo-renault-trafic-e-tech-viene-de-lejos\/#breadcrumb\",\"itemListElement\":[{\"@type\":\"ListItem\",\"position\":1,\"name\":\"Home\",\"item\":\"https:\/\/all-car-news.com\/es\/\"},{\"@type\":\"ListItem\",\"position\":2,\"name\":\"El nuevo Renault Trafic E-Tech viene de lejos\"}]},{\"@type\":\"WebSite\",\"@id\":\"https:\/\/all-car-news.com\/es\/#website\",\"url\":\"https:\/\/all-car-news.com\/es\/\",\"name\":\"All cars news\",\"description\":\"\",\"publisher\":{\"@id\":\"https:\/\/all-car-news.com\/es\/#organization\"},\"potentialAction\":[{\"@type\":\"SearchAction\",\"target\":{\"@type\":\"EntryPoint\",\"urlTemplate\":\"https:\/\/all-car-news.com\/es\/?s={search_term_string}\"},\"query-input\":\"required name=search_term_string\"}],\"inLanguage\":\"es\"},{\"@type\":\"Organization\",\"@id\":\"https:\/\/all-car-news.com\/es\/#organization\",\"name\":\"All cars news\",\"url\":\"https:\/\/all-car-news.com\/es\/\",\"logo\":{\"@type\":\"ImageObject\",\"inLanguage\":\"es\",\"@id\":\"https:\/\/all-car-news.com\/es\/#\/schema\/logo\/image\/\",\"url\":\"https:\/\/all-car-news.com\/wp-content\/uploads\/2022\/02\/CMYK-AllCarNews_LANDSCAPE_300px-1.png\",\"contentUrl\":\"https:\/\/all-car-news.com\/wp-content\/uploads\/2022\/02\/CMYK-AllCarNews_LANDSCAPE_300px-1.png\",\"width\":300,\"height\":100,\"caption\":\"All cars news\"},\"image\":{\"@id\":\"https:\/\/all-car-news.com\/es\/#\/schema\/logo\/image\/\"}}]}<\/script>\n<!-- \/ Yoast SEO plugin. -->","yoast_head_json":{"title":"El nuevo Renault Trafic E-Tech viene de lejos - All cars news","robots":{"index":"index","follow":"follow","max-snippet":"max-snippet:-1","max-image-preview":"max-image-preview:large","max-video-preview":"max-video-preview:-1"},"canonical":"https:\/\/all-car-news.com\/es\/el-nuevo-renault-trafic-e-tech-viene-de-lejos\/","og_locale":"es_ES","og_type":"article","og_title":"El nuevo Renault Trafic E-Tech viene de lejos - All cars news","og_description":"Gama m\u00e1s amplia Hace un a\u00f1o, en la IAA Transportation -la feria del sector europeo del transporte-, nos encontramos por primera vez cara a cara con la versi\u00f3n el\u00e9ctrica del Trafic: el Trafic E-Tech. Tras la presentaci\u00f3n, la furgoneta mediana de Renault permaneci\u00f3 en silencio durante mucho tiempo. Ahora resulta que por qu\u00e9: los franceses [...]","og_url":"https:\/\/all-car-news.com\/es\/el-nuevo-renault-trafic-e-tech-viene-de-lejos\/","og_site_name":"All cars news","article_published_time":"2023-09-21T09:34:23+00:00","og_image":[{"url":"https:\/\/autorai.nl\/wp-content\/uploads\/2023\/09\/05-Nieuwe-Renault-Trafic-E-Tech-electric-maakt-aanbod-elektrische-bedrijfswagens-compleet-1140x641.jpg"}],"twitter_card":"summary_large_image","twitter_misc":{"Tiempo de lectura":"2 minutos"},"schema":{"@context":"https:\/\/schema.org","@graph":[{"@type":"Article","@id":"https:\/\/all-car-news.com\/es\/el-nuevo-renault-trafic-e-tech-viene-de-lejos\/#article","isPartOf":{"@id":"https:\/\/all-car-news.com\/es\/el-nuevo-renault-trafic-e-tech-viene-de-lejos\/"},"author":{"name":"","@id":""},"headline":"El nuevo Renault Trafic E-Tech viene de lejos","datePublished":"2023-09-21T09:34:23+00:00","dateModified":"2023-09-21T09:34:23+00:00","mainEntityOfPage":{"@id":"https:\/\/all-car-news.com\/es\/el-nuevo-renault-trafic-e-tech-viene-de-lejos\/"},"wordCount":436,"publisher":{"@id":"https:\/\/all-car-news.com\/es\/#organization"},"articleSection":["noticias de autos"],"inLanguage":"es"},{"@type":"WebPage","@id":"https:\/\/all-car-news.com\/es\/el-nuevo-renault-trafic-e-tech-viene-de-lejos\/","url":"https:\/\/all-car-news.com\/es\/el-nuevo-renault-trafic-e-tech-viene-de-lejos\/","name":"El nuevo Renault Trafic E-Tech viene de lejos - All cars news","isPartOf":{"@id":"https:\/\/all-car-news.com\/es\/#website"},"datePublished":"2023-09-21T09:34:23+00:00","dateModified":"2023-09-21T09:34:23+00:00","breadcrumb":{"@id":"https:\/\/all-car-news.com\/es\/el-nuevo-renault-trafic-e-tech-viene-de-lejos\/#breadcrumb"},"inLanguage":"es","potentialAction":[{"@type":"ReadAction","target":["https:\/\/all-car-news.com\/es\/el-nuevo-renault-trafic-e-tech-viene-de-lejos\/"]}]},{"@type":"BreadcrumbList","@id":"https:\/\/all-car-news.com\/es\/el-nuevo-renault-trafic-e-tech-viene-de-lejos\/#breadcrumb","itemListElement":[{"@type":"ListItem","position":1,"name":"Home","item":"https:\/\/all-car-news.com\/es\/"},{"@type":"ListItem","position":2,"name":"El nuevo Renault Trafic E-Tech viene de lejos"}]},{"@type":"WebSite","@id":"https:\/\/all-car-news.com\/es\/#website","url":"https:\/\/all-car-news.com\/es\/","name":"All cars news","description":"","publisher":{"@id":"https:\/\/all-car-news.com\/es\/#organization"},"potentialAction":[{"@type":"SearchAction","target":{"@type":"EntryPoint","urlTemplate":"https:\/\/all-car-news.com\/es\/?s={search_term_string}"},"query-input":"required name=search_term_string"}],"inLanguage":"es"},{"@type":"Organization","@id":"https:\/\/all-car-news.com\/es\/#organization","name":"All cars news","url":"https:\/\/all-car-news.com\/es\/","logo":{"@type":"ImageObject","inLanguage":"es","@id":"https:\/\/all-car-news.com\/es\/#\/schema\/logo\/image\/","url":"https:\/\/all-car-news.com\/wp-content\/uploads\/2022\/02\/CMYK-AllCarNews_LANDSCAPE_300px-1.png","contentUrl":"https:\/\/all-car-news.com\/wp-content\/uploads\/2022\/02\/CMYK-AllCarNews_LANDSCAPE_300px-1.png","width":300,"height":100,"caption":"All cars news"},"image":{"@id":"https:\/\/all-car-news.com\/es\/#\/schema\/logo\/image\/"}}]}},"_links":{"self":[{"href":"https:\/\/all-car-news.com\/es\/wp-json\/wp\/v2\/posts\/139175","targetHints":{"allow":["GET"]}}],"collection":[{"href":"https:\/\/all-car-news.com\/es\/wp-json\/wp\/v2\/posts"}],"about":[{"href":"https:\/\/all-car-news.com\/es\/wp-json\/wp\/v2\/types\/post"}],"replies":[{"embeddable":true,"href":"https:\/\/all-car-news.com\/es\/wp-json\/wp\/v2\/comments?post=139175"}],"version-history":[{"count":0,"href":"https:\/\/all-car-news.com\/es\/wp-json\/wp\/v2\/posts\/139175\/revisions"}],"wp:featuredmedia":[{"embeddable":true,"href":"https:\/\/all-car-news.com\/es\/wp-json\/wp\/v2\/media\/139159"}],"wp:attachment":[{"href":"https:\/\/all-car-news.com\/es\/wp-json\/wp\/v2\/media?parent=139175"}],"wp:term":[{"taxonomy":"category","embeddable":true,"href":"https:\/\/all-car-news.com\/es\/wp-json\/wp\/v2\/categories?post=139175"},{"taxonomy":"post_tag","embeddable":true,"href":"https:\/\/all-car-news.com\/es\/wp-json\/wp\/v2\/tags?post=139175"}],"curies":[{"name":"wp","href":"https:\/\/api.w.org\/{rel}","templated":true}]}}