{"id":139135,"date":"2023-09-20T10:10:40","date_gmt":"2023-09-20T10:10:40","guid":{"rendered":"https:\/\/all-car-news.com\/mini-anuncia-los-precios-de-los-nuevos-cooper-se-y-countryman-c\/"},"modified":"2023-09-20T10:10:40","modified_gmt":"2023-09-20T10:10:40","slug":"mini-anuncia-los-precios-de-los-nuevos-cooper-se-y-countryman-c","status":"publish","type":"post","link":"https:\/\/all-car-news.com\/es\/mini-anuncia-los-precios-de-los-nuevos-cooper-se-y-countryman-c\/","title":{"rendered":"Mini anuncia los precios de los nuevos Cooper SE y Countryman C"},"content":{"rendered":"<h1>Nuevo Mini<\/h1>\n<p>Mini est\u00e1 a punto de poner en producci\u00f3n la quinta y \u00faltima generaci\u00f3n del MINI Cooper 3 puertas. Mini arranca con dos versiones totalmente el\u00e9ctricas: el MINI Cooper E y el MINI Cooper SE. Las versiones de gasolina tambi\u00e9n llegar\u00e1n m\u00e1s adelante, as\u00ed como una carrocer\u00eda de cinco puertas. Incluso se est\u00e1 considerando la posibilidad de un nuevo MINI Convertible. Ya se conoce el precio de partida del Mini Cooper SE: 38.990 euros. Eso lo convierte en unos 300 euros m\u00e1s caro que el Mini el\u00e9ctrico actual. Pero mientras que el Mini el\u00e9ctrico actual s\u00f3lo recorre 235 kil\u00f3metros con una carga completa de la bater\u00eda, la nueva versi\u00f3n el\u00e9ctrica alcanza los 402 kil\u00f3metros. Una actualizaci\u00f3n s\u00f3lida, entonces. La producci\u00f3n del nuevo MINI Cooper SE comenzar\u00e1 a partir de noviembre de 2023 en la planta de China y a partir de 2026 en la planta de MINI en Oxford.<\/p>\n<figure class=\"wp-block-image size-content\"><img decoding=\"async\" loading=\"lazy\" width=\"1140\" height=\"760\" src=\"https:\/\/autorai.nl\/wp-content\/uploads\/2023\/09\/mini-productie-fabriek-oxford-2023-foto1-1140x760.jpg\" alt=\"MINI en Oxford\" class=\"wp-image-166577\"><\/figure>\n<h2><strong>Mini Countryman C<\/strong><\/h2>\n<p>El nuevo Countryman tambi\u00e9n tiene un precio de 45.990 euros. El nuevo MINI Countryman es m\u00e1s alto y largo que su predecesor. La altura ha crecido seis cent\u00edmetros y la longitud 13 cent\u00edmetros. El nuevo MINI Countryman mide ahora 4.433 mm de largo, 1.843 mm de ancho y 1.656 mm de alto. La producci\u00f3n del nuevo MINI Countryman C comenzar\u00e1 a partir de noviembre de 2023 en la planta de BMW Group en Leipzig.  <\/p>\n<figure class=\"wp-block-image size-content\"><img decoding=\"async\" loading=\"lazy\" width=\"1140\" height=\"760\" src=\"https:\/\/autorai.nl\/wp-content\/uploads\/2023\/09\/mini-countryman-2024-foto34-1140x760.jpg\" alt=\"\" class=\"wp-image-165669\"><\/figure>\n<\/p>\n<figure class=\"wp-block-embed is-type-video is-provider-youtube wp-block-embed-youtube wp-embed-aspect-16-9 wp-has-aspect-ratio\">\n<div class=\"wp-block-embed__wrapper\">\n<\/div>\n<\/figure>\n","protected":false},"excerpt":{"rendered":"El nuevo Mini Mini est\u00e1 a punto de poner en producci\u00f3n la quinta y \u00faltima generaci\u00f3n del MINI Cooper 3&hellip;","protected":false},"author":0,"featured_media":139127,"comment_status":"","ping_status":"open","sticky":false,"template":"","format":"standard","meta":{"footnotes":""},"categories":[126],"tags":[],"class_list":["post-139135","post","type-post","status-publish","format-standard","has-post-thumbnail","hentry","category-noticias-de-autos"],"acf":[],"yoast_head":"<!-- This site is optimized with the Yoast SEO plugin v21.2 - https:\/\/yoast.com\/wordpress\/plugins\/seo\/ -->\n<title>Mini anuncia los precios de los nuevos Cooper SE y Countryman C - All cars news<\/title>\n<meta name=\"robots\" content=\"index, follow, max-snippet:-1, max-image-preview:large, max-video-preview:-1\" \/>\n<link rel=\"canonical\" href=\"https:\/\/all-car-news.com\/es\/mini-anuncia-los-precios-de-los-nuevos-cooper-se-y-countryman-c\/\" \/>\n<meta property=\"og:locale\" content=\"es_ES\" \/>\n<meta property=\"og:type\" content=\"article\" \/>\n<meta property=\"og:title\" content=\"Mini anuncia los precios de los nuevos Cooper SE y Countryman C - All cars news\" \/>\n<meta property=\"og:description\" content=\"El nuevo Mini Mini est\u00e1 a punto de poner en producci\u00f3n la quinta y \u00faltima generaci\u00f3n del MINI Cooper 3 puertas. Mini arranca con dos versiones totalmente el\u00e9ctricas: el MINI Cooper E y el MINI Cooper SE. Las versiones de gasolina tambi\u00e9n llegar\u00e1n m\u00e1s adelante, as\u00ed como una carrocer\u00eda de cinco puertas. Incluso se est\u00e1 considerando la posibilidad de un nuevo MINI Convertible. \u2020\" \/>\n<meta property=\"og:url\" content=\"https:\/\/all-car-news.com\/es\/mini-anuncia-los-precios-de-los-nuevos-cooper-se-y-countryman-c\/\" \/>\n<meta property=\"og:site_name\" content=\"All cars news\" \/>\n<meta property=\"article:published_time\" content=\"2023-09-20T10:10:40+00:00\" \/>\n<meta property=\"og:image\" content=\"https:\/\/autorai.nl\/wp-content\/uploads\/2023\/09\/mini-productie-fabriek-oxford-2023-foto1-1140x760.jpg\" \/>\n<meta name=\"twitter:card\" content=\"summary_large_image\" \/>\n<meta name=\"twitter:label1\" content=\"Tiempo de lectura\" \/>\n\t<meta name=\"twitter:data1\" content=\"1 minuto\" \/>\n<script type=\"application\/ld+json\" class=\"yoast-schema-graph\">{\"@context\":\"https:\/\/schema.org\",\"@graph\":[{\"@type\":\"Article\",\"@id\":\"https:\/\/all-car-news.com\/es\/mini-anuncia-los-precios-de-los-nuevos-cooper-se-y-countryman-c\/#article\",\"isPartOf\":{\"@id\":\"https:\/\/all-car-news.com\/es\/mini-anuncia-los-precios-de-los-nuevos-cooper-se-y-countryman-c\/\"},\"author\":{\"name\":\"\",\"@id\":\"\"},\"headline\":\"Mini anuncia los precios de los nuevos Cooper SE y Countryman C\",\"datePublished\":\"2023-09-20T10:10:40+00:00\",\"dateModified\":\"2023-09-20T10:10:40+00:00\",\"mainEntityOfPage\":{\"@id\":\"https:\/\/all-car-news.com\/es\/mini-anuncia-los-precios-de-los-nuevos-cooper-se-y-countryman-c\/\"},\"wordCount\":250,\"publisher\":{\"@id\":\"https:\/\/all-car-news.com\/es\/#organization\"},\"articleSection\":[\"noticias de autos\"],\"inLanguage\":\"es\"},{\"@type\":\"WebPage\",\"@id\":\"https:\/\/all-car-news.com\/es\/mini-anuncia-los-precios-de-los-nuevos-cooper-se-y-countryman-c\/\",\"url\":\"https:\/\/all-car-news.com\/es\/mini-anuncia-los-precios-de-los-nuevos-cooper-se-y-countryman-c\/\",\"name\":\"Mini anuncia los precios de los nuevos Cooper SE y Countryman C - All cars news\",\"isPartOf\":{\"@id\":\"https:\/\/all-car-news.com\/es\/#website\"},\"datePublished\":\"2023-09-20T10:10:40+00:00\",\"dateModified\":\"2023-09-20T10:10:40+00:00\",\"breadcrumb\":{\"@id\":\"https:\/\/all-car-news.com\/es\/mini-anuncia-los-precios-de-los-nuevos-cooper-se-y-countryman-c\/#breadcrumb\"},\"inLanguage\":\"es\",\"potentialAction\":[{\"@type\":\"ReadAction\",\"target\":[\"https:\/\/all-car-news.com\/es\/mini-anuncia-los-precios-de-los-nuevos-cooper-se-y-countryman-c\/\"]}]},{\"@type\":\"BreadcrumbList\",\"@id\":\"https:\/\/all-car-news.com\/es\/mini-anuncia-los-precios-de-los-nuevos-cooper-se-y-countryman-c\/#breadcrumb\",\"itemListElement\":[{\"@type\":\"ListItem\",\"position\":1,\"name\":\"Home\",\"item\":\"https:\/\/all-car-news.com\/es\/\"},{\"@type\":\"ListItem\",\"position\":2,\"name\":\"Mini anuncia los precios de los nuevos Cooper SE y Countryman C\"}]},{\"@type\":\"WebSite\",\"@id\":\"https:\/\/all-car-news.com\/es\/#website\",\"url\":\"https:\/\/all-car-news.com\/es\/\",\"name\":\"All cars news\",\"description\":\"\",\"publisher\":{\"@id\":\"https:\/\/all-car-news.com\/es\/#organization\"},\"potentialAction\":[{\"@type\":\"SearchAction\",\"target\":{\"@type\":\"EntryPoint\",\"urlTemplate\":\"https:\/\/all-car-news.com\/es\/?s={search_term_string}\"},\"query-input\":\"required name=search_term_string\"}],\"inLanguage\":\"es\"},{\"@type\":\"Organization\",\"@id\":\"https:\/\/all-car-news.com\/es\/#organization\",\"name\":\"All cars news\",\"url\":\"https:\/\/all-car-news.com\/es\/\",\"logo\":{\"@type\":\"ImageObject\",\"inLanguage\":\"es\",\"@id\":\"https:\/\/all-car-news.com\/es\/#\/schema\/logo\/image\/\",\"url\":\"https:\/\/all-car-news.com\/wp-content\/uploads\/2022\/02\/CMYK-AllCarNews_LANDSCAPE_300px-1.png\",\"contentUrl\":\"https:\/\/all-car-news.com\/wp-content\/uploads\/2022\/02\/CMYK-AllCarNews_LANDSCAPE_300px-1.png\",\"width\":300,\"height\":100,\"caption\":\"All cars news\"},\"image\":{\"@id\":\"https:\/\/all-car-news.com\/es\/#\/schema\/logo\/image\/\"}}]}<\/script>\n<!-- \/ Yoast SEO plugin. -->","yoast_head_json":{"title":"Mini anuncia los precios de los nuevos Cooper SE y Countryman C - All cars news","robots":{"index":"index","follow":"follow","max-snippet":"max-snippet:-1","max-image-preview":"max-image-preview:large","max-video-preview":"max-video-preview:-1"},"canonical":"https:\/\/all-car-news.com\/es\/mini-anuncia-los-precios-de-los-nuevos-cooper-se-y-countryman-c\/","og_locale":"es_ES","og_type":"article","og_title":"Mini anuncia los precios de los nuevos Cooper SE y Countryman C - All cars news","og_description":"El nuevo Mini Mini est\u00e1 a punto de poner en producci\u00f3n la quinta y \u00faltima generaci\u00f3n del MINI Cooper 3 puertas. Mini arranca con dos versiones totalmente el\u00e9ctricas: el MINI Cooper E y el MINI Cooper SE. Las versiones de gasolina tambi\u00e9n llegar\u00e1n m\u00e1s adelante, as\u00ed como una carrocer\u00eda de cinco puertas. Incluso se est\u00e1 considerando la posibilidad de un nuevo MINI Convertible. \u2020","og_url":"https:\/\/all-car-news.com\/es\/mini-anuncia-los-precios-de-los-nuevos-cooper-se-y-countryman-c\/","og_site_name":"All cars news","article_published_time":"2023-09-20T10:10:40+00:00","og_image":[{"url":"https:\/\/autorai.nl\/wp-content\/uploads\/2023\/09\/mini-productie-fabriek-oxford-2023-foto1-1140x760.jpg"}],"twitter_card":"summary_large_image","twitter_misc":{"Tiempo de lectura":"1 minuto"},"schema":{"@context":"https:\/\/schema.org","@graph":[{"@type":"Article","@id":"https:\/\/all-car-news.com\/es\/mini-anuncia-los-precios-de-los-nuevos-cooper-se-y-countryman-c\/#article","isPartOf":{"@id":"https:\/\/all-car-news.com\/es\/mini-anuncia-los-precios-de-los-nuevos-cooper-se-y-countryman-c\/"},"author":{"name":"","@id":""},"headline":"Mini anuncia los precios de los nuevos Cooper SE y Countryman C","datePublished":"2023-09-20T10:10:40+00:00","dateModified":"2023-09-20T10:10:40+00:00","mainEntityOfPage":{"@id":"https:\/\/all-car-news.com\/es\/mini-anuncia-los-precios-de-los-nuevos-cooper-se-y-countryman-c\/"},"wordCount":250,"publisher":{"@id":"https:\/\/all-car-news.com\/es\/#organization"},"articleSection":["noticias de autos"],"inLanguage":"es"},{"@type":"WebPage","@id":"https:\/\/all-car-news.com\/es\/mini-anuncia-los-precios-de-los-nuevos-cooper-se-y-countryman-c\/","url":"https:\/\/all-car-news.com\/es\/mini-anuncia-los-precios-de-los-nuevos-cooper-se-y-countryman-c\/","name":"Mini anuncia los precios de los nuevos Cooper SE y Countryman C - All cars news","isPartOf":{"@id":"https:\/\/all-car-news.com\/es\/#website"},"datePublished":"2023-09-20T10:10:40+00:00","dateModified":"2023-09-20T10:10:40+00:00","breadcrumb":{"@id":"https:\/\/all-car-news.com\/es\/mini-anuncia-los-precios-de-los-nuevos-cooper-se-y-countryman-c\/#breadcrumb"},"inLanguage":"es","potentialAction":[{"@type":"ReadAction","target":["https:\/\/all-car-news.com\/es\/mini-anuncia-los-precios-de-los-nuevos-cooper-se-y-countryman-c\/"]}]},{"@type":"BreadcrumbList","@id":"https:\/\/all-car-news.com\/es\/mini-anuncia-los-precios-de-los-nuevos-cooper-se-y-countryman-c\/#breadcrumb","itemListElement":[{"@type":"ListItem","position":1,"name":"Home","item":"https:\/\/all-car-news.com\/es\/"},{"@type":"ListItem","position":2,"name":"Mini anuncia los precios de los nuevos Cooper SE y Countryman C"}]},{"@type":"WebSite","@id":"https:\/\/all-car-news.com\/es\/#website","url":"https:\/\/all-car-news.com\/es\/","name":"All cars news","description":"","publisher":{"@id":"https:\/\/all-car-news.com\/es\/#organization"},"potentialAction":[{"@type":"SearchAction","target":{"@type":"EntryPoint","urlTemplate":"https:\/\/all-car-news.com\/es\/?s={search_term_string}"},"query-input":"required name=search_term_string"}],"inLanguage":"es"},{"@type":"Organization","@id":"https:\/\/all-car-news.com\/es\/#organization","name":"All cars news","url":"https:\/\/all-car-news.com\/es\/","logo":{"@type":"ImageObject","inLanguage":"es","@id":"https:\/\/all-car-news.com\/es\/#\/schema\/logo\/image\/","url":"https:\/\/all-car-news.com\/wp-content\/uploads\/2022\/02\/CMYK-AllCarNews_LANDSCAPE_300px-1.png","contentUrl":"https:\/\/all-car-news.com\/wp-content\/uploads\/2022\/02\/CMYK-AllCarNews_LANDSCAPE_300px-1.png","width":300,"height":100,"caption":"All cars news"},"image":{"@id":"https:\/\/all-car-news.com\/es\/#\/schema\/logo\/image\/"}}]}},"_links":{"self":[{"href":"https:\/\/all-car-news.com\/es\/wp-json\/wp\/v2\/posts\/139135","targetHints":{"allow":["GET"]}}],"collection":[{"href":"https:\/\/all-car-news.com\/es\/wp-json\/wp\/v2\/posts"}],"about":[{"href":"https:\/\/all-car-news.com\/es\/wp-json\/wp\/v2\/types\/post"}],"replies":[{"embeddable":true,"href":"https:\/\/all-car-news.com\/es\/wp-json\/wp\/v2\/comments?post=139135"}],"version-history":[{"count":0,"href":"https:\/\/all-car-news.com\/es\/wp-json\/wp\/v2\/posts\/139135\/revisions"}],"wp:featuredmedia":[{"embeddable":true,"href":"https:\/\/all-car-news.com\/es\/wp-json\/wp\/v2\/media\/139127"}],"wp:attachment":[{"href":"https:\/\/all-car-news.com\/es\/wp-json\/wp\/v2\/media?parent=139135"}],"wp:term":[{"taxonomy":"category","embeddable":true,"href":"https:\/\/all-car-news.com\/es\/wp-json\/wp\/v2\/categories?post=139135"},{"taxonomy":"post_tag","embeddable":true,"href":"https:\/\/all-car-news.com\/es\/wp-json\/wp\/v2\/tags?post=139135"}],"curies":[{"name":"wp","href":"https:\/\/api.w.org\/{rel}","templated":true}]}}