{"id":139067,"date":"2023-09-15T10:13:20","date_gmt":"2023-09-15T10:13:20","guid":{"rendered":"https:\/\/all-car-news.com\/mullen-five-que-ofrece-este-suv-electrico\/"},"modified":"2023-09-15T10:13:20","modified_gmt":"2023-09-15T10:13:20","slug":"mullen-five-que-ofrece-este-suv-electrico","status":"publish","type":"post","link":"https:\/\/all-car-news.com\/es\/mullen-five-que-ofrece-este-suv-electrico\/","title":{"rendered":"Mullen FIVE: \u00bfqu\u00e9 ofrece este SUV el\u00e9ctrico?"},"content":{"rendered":"<h2>Inspirado en California<\/h2>\n<p>Mullen Automotive tiene su sede en el sur de California. La empresa ya fabrica furgonetas el\u00e9ctricas en forma de Campus, One y Three. David Michery es el Director General de la empresa. \u00abNuestro equipo de dise\u00f1o se centr\u00f3 en dos temas inspiradores de California para la influencia general del dise\u00f1o del FIVE: California Landscape y California Urban\u00bb.<\/p>\n<h2>Datos t\u00e9cnicos Mullen FIVE<\/h2>\n<p>El precio del Mullen FIVE comienza en 55.000 d\u00f3lares. Estar\u00e1 disponible en blanco, rojo, azul, gris, negro y un color arena. El fabricante tambi\u00e9n est\u00e1 publicando ya informaci\u00f3n t\u00e9cnica. Por ejemplo, el modelo tiene una bater\u00eda de 95 kWh. El resultado es una autonom\u00eda de 325 millas, o 520 kil\u00f3metros convertidos. El 0-96 es de 3,2 segundos y la velocidad m\u00e1xima es de 250 km\/h. La carga de 0 a 80% tarda 21 minutos. Adem\u00e1s, el coche puede conducir de forma parcialmente aut\u00f3noma.<\/p>\n<h2>Interior con componentes BMW<\/h2>\n<p>Sorprendentemente, el interior del FIVE est\u00e1 formado por varios componentes de BMW, como se muestra en las siguientes im\u00e1genes, compartidas por David Michery. Entre otros, el volante y el infoentretenimiento proceden de las estanter\u00edas de BMW. Mullen s\u00ed elige molduras de carbono en el volante. Es posible que a\u00fan se trate de un prototipo. A\u00fan no se sabe si el modelo de producci\u00f3n tambi\u00e9n contar\u00e1 con componentes interiores de BMW. Hay otras fotos del interior en el sitio web de Mullen, sin influencias de BMW.<\/p>\n<figure class=\"wp-block-image size-content\"><img decoding=\"async\" loading=\"lazy\" width=\"1140\" height=\"631\" src=\"https:\/\/autorai.nl\/wp-content\/uploads\/2023\/09\/mullen-five-interieur-1140x631.png\" alt=\"Mullen CINCO\" class=\"wp-image-166696\"><\/figure>\n<h2>Inicio de la producci\u00f3n<\/h2>\n<p>En el momento de escribir estas l\u00edneas, la producci\u00f3n del Mullen FIVE comenzar\u00e1 a finales de 2025 y se vender\u00e1 a los clientes a mediados de 2026. Mullen arranca con la versi\u00f3n RS, seguida de los modelos Mullen FIVE base y touring. La producci\u00f3n del modelo tiene lugar en Mishawaka. Si lo desea, la empresa puede entregarle el coche en su domicilio.<\/p>\n<blockquote class=\"twitter-tweet\">\n<p lang=\"en\" dir=\"ltr\">No hace falta decir nada m\u00e1s <a href=\"https:\/\/twitter.com\/hashtag\/AmericanMadeV?src=hash&amp;ref_src=twsrc%5Etfw\"> \ud83d\ude0a#AmericanMadeV<\/a> <a href=\"https:\/\/t.co\/WAUAwrh86Z\">pic.twitter.com\/WAUAwrh86Z<\/a><\/p>\n<p>&#8211; David Michery (@DavidMichery) <a href=\"https:\/\/twitter.com\/DavidMichery\/status\/1701961886617534761?ref_src=twsrc%5Etfw\">13 de septiembre de 2023<\/a><\/p>\n<\/blockquote>\n<\/p>\n<figure class=\"wp-block-embed is-type-video is-provider-youtube wp-block-embed-youtube wp-embed-aspect-16-9 wp-has-aspect-ratio\">\n<div class=\"wp-block-embed__wrapper\">\n<\/div>\n<\/figure>\n","protected":false},"excerpt":{"rendered":"Inspirada en California Mullen Automotive tiene su sede en el sur de California. La empresa ya fabrica furgonetas el\u00e9ctricas en&hellip;","protected":false},"author":0,"featured_media":139047,"comment_status":"","ping_status":"open","sticky":false,"template":"","format":"standard","meta":{"footnotes":""},"categories":[126],"tags":[],"class_list":["post-139067","post","type-post","status-publish","format-standard","has-post-thumbnail","hentry","category-noticias-de-autos"],"acf":[],"yoast_head":"<!-- This site is optimized with the Yoast SEO plugin v21.2 - https:\/\/yoast.com\/wordpress\/plugins\/seo\/ -->\n<title>Mullen FIVE: \u00bfqu\u00e9 ofrece este SUV el\u00e9ctrico? - All cars news<\/title>\n<meta name=\"robots\" content=\"index, follow, max-snippet:-1, max-image-preview:large, max-video-preview:-1\" \/>\n<link rel=\"canonical\" href=\"https:\/\/all-car-news.com\/es\/mullen-five-que-ofrece-este-suv-electrico\/\" \/>\n<meta property=\"og:locale\" content=\"es_ES\" \/>\n<meta property=\"og:type\" content=\"article\" \/>\n<meta property=\"og:title\" content=\"Mullen FIVE: \u00bfqu\u00e9 ofrece este SUV el\u00e9ctrico? - All cars news\" \/>\n<meta property=\"og:description\" content=\"Inspirada en California Mullen Automotive tiene su sede en el sur de California. La empresa ya fabrica furgonetas el\u00e9ctricas en forma de Campus, One y Three. David Michery es el Director General de la empresa. &quot;Nuestro equipo de dise\u00f1o se centr\u00f3 en dos inspiradores temas californianos como influencia general para el dise\u00f1o del FIVE: California Landscape y California [...].\" \/>\n<meta property=\"og:url\" content=\"https:\/\/all-car-news.com\/es\/mullen-five-que-ofrece-este-suv-electrico\/\" \/>\n<meta property=\"og:site_name\" content=\"All cars news\" \/>\n<meta property=\"article:published_time\" content=\"2023-09-15T10:13:20+00:00\" \/>\n<meta property=\"og:image\" content=\"https:\/\/autorai.nl\/wp-content\/uploads\/2023\/09\/mullen-five-interieur-1140x631.png\" \/>\n<meta name=\"twitter:card\" content=\"summary_large_image\" \/>\n<meta name=\"twitter:label1\" content=\"Tiempo de lectura\" \/>\n\t<meta name=\"twitter:data1\" content=\"2 minutos\" \/>\n<script type=\"application\/ld+json\" class=\"yoast-schema-graph\">{\"@context\":\"https:\/\/schema.org\",\"@graph\":[{\"@type\":\"Article\",\"@id\":\"https:\/\/all-car-news.com\/es\/mullen-five-que-ofrece-este-suv-electrico\/#article\",\"isPartOf\":{\"@id\":\"https:\/\/all-car-news.com\/es\/mullen-five-que-ofrece-este-suv-electrico\/\"},\"author\":{\"name\":\"\",\"@id\":\"\"},\"headline\":\"Mullen FIVE: \u00bfqu\u00e9 ofrece este SUV el\u00e9ctrico?\",\"datePublished\":\"2023-09-15T10:13:20+00:00\",\"dateModified\":\"2023-09-15T10:13:20+00:00\",\"mainEntityOfPage\":{\"@id\":\"https:\/\/all-car-news.com\/es\/mullen-five-que-ofrece-este-suv-electrico\/\"},\"wordCount\":345,\"publisher\":{\"@id\":\"https:\/\/all-car-news.com\/es\/#organization\"},\"articleSection\":[\"noticias de autos\"],\"inLanguage\":\"es\"},{\"@type\":\"WebPage\",\"@id\":\"https:\/\/all-car-news.com\/es\/mullen-five-que-ofrece-este-suv-electrico\/\",\"url\":\"https:\/\/all-car-news.com\/es\/mullen-five-que-ofrece-este-suv-electrico\/\",\"name\":\"Mullen FIVE: \u00bfqu\u00e9 ofrece este SUV el\u00e9ctrico? - All cars news\",\"isPartOf\":{\"@id\":\"https:\/\/all-car-news.com\/es\/#website\"},\"datePublished\":\"2023-09-15T10:13:20+00:00\",\"dateModified\":\"2023-09-15T10:13:20+00:00\",\"breadcrumb\":{\"@id\":\"https:\/\/all-car-news.com\/es\/mullen-five-que-ofrece-este-suv-electrico\/#breadcrumb\"},\"inLanguage\":\"es\",\"potentialAction\":[{\"@type\":\"ReadAction\",\"target\":[\"https:\/\/all-car-news.com\/es\/mullen-five-que-ofrece-este-suv-electrico\/\"]}]},{\"@type\":\"BreadcrumbList\",\"@id\":\"https:\/\/all-car-news.com\/es\/mullen-five-que-ofrece-este-suv-electrico\/#breadcrumb\",\"itemListElement\":[{\"@type\":\"ListItem\",\"position\":1,\"name\":\"Home\",\"item\":\"https:\/\/all-car-news.com\/es\/\"},{\"@type\":\"ListItem\",\"position\":2,\"name\":\"Mullen FIVE: \u00bfqu\u00e9 ofrece este SUV el\u00e9ctrico?\"}]},{\"@type\":\"WebSite\",\"@id\":\"https:\/\/all-car-news.com\/es\/#website\",\"url\":\"https:\/\/all-car-news.com\/es\/\",\"name\":\"All cars news\",\"description\":\"\",\"publisher\":{\"@id\":\"https:\/\/all-car-news.com\/es\/#organization\"},\"potentialAction\":[{\"@type\":\"SearchAction\",\"target\":{\"@type\":\"EntryPoint\",\"urlTemplate\":\"https:\/\/all-car-news.com\/es\/?s={search_term_string}\"},\"query-input\":\"required name=search_term_string\"}],\"inLanguage\":\"es\"},{\"@type\":\"Organization\",\"@id\":\"https:\/\/all-car-news.com\/es\/#organization\",\"name\":\"All cars news\",\"url\":\"https:\/\/all-car-news.com\/es\/\",\"logo\":{\"@type\":\"ImageObject\",\"inLanguage\":\"es\",\"@id\":\"https:\/\/all-car-news.com\/es\/#\/schema\/logo\/image\/\",\"url\":\"https:\/\/all-car-news.com\/wp-content\/uploads\/2022\/02\/CMYK-AllCarNews_LANDSCAPE_300px-1.png\",\"contentUrl\":\"https:\/\/all-car-news.com\/wp-content\/uploads\/2022\/02\/CMYK-AllCarNews_LANDSCAPE_300px-1.png\",\"width\":300,\"height\":100,\"caption\":\"All cars news\"},\"image\":{\"@id\":\"https:\/\/all-car-news.com\/es\/#\/schema\/logo\/image\/\"}}]}<\/script>\n<!-- \/ Yoast SEO plugin. -->","yoast_head_json":{"title":"Mullen FIVE: \u00bfqu\u00e9 ofrece este SUV el\u00e9ctrico? - All cars news","robots":{"index":"index","follow":"follow","max-snippet":"max-snippet:-1","max-image-preview":"max-image-preview:large","max-video-preview":"max-video-preview:-1"},"canonical":"https:\/\/all-car-news.com\/es\/mullen-five-que-ofrece-este-suv-electrico\/","og_locale":"es_ES","og_type":"article","og_title":"Mullen FIVE: \u00bfqu\u00e9 ofrece este SUV el\u00e9ctrico? - All cars news","og_description":"Inspirada en California Mullen Automotive tiene su sede en el sur de California. La empresa ya fabrica furgonetas el\u00e9ctricas en forma de Campus, One y Three. David Michery es el Director General de la empresa. \"Nuestro equipo de dise\u00f1o se centr\u00f3 en dos inspiradores temas californianos como influencia general para el dise\u00f1o del FIVE: California Landscape y California [...].","og_url":"https:\/\/all-car-news.com\/es\/mullen-five-que-ofrece-este-suv-electrico\/","og_site_name":"All cars news","article_published_time":"2023-09-15T10:13:20+00:00","og_image":[{"url":"https:\/\/autorai.nl\/wp-content\/uploads\/2023\/09\/mullen-five-interieur-1140x631.png"}],"twitter_card":"summary_large_image","twitter_misc":{"Tiempo de lectura":"2 minutos"},"schema":{"@context":"https:\/\/schema.org","@graph":[{"@type":"Article","@id":"https:\/\/all-car-news.com\/es\/mullen-five-que-ofrece-este-suv-electrico\/#article","isPartOf":{"@id":"https:\/\/all-car-news.com\/es\/mullen-five-que-ofrece-este-suv-electrico\/"},"author":{"name":"","@id":""},"headline":"Mullen FIVE: \u00bfqu\u00e9 ofrece este SUV el\u00e9ctrico?","datePublished":"2023-09-15T10:13:20+00:00","dateModified":"2023-09-15T10:13:20+00:00","mainEntityOfPage":{"@id":"https:\/\/all-car-news.com\/es\/mullen-five-que-ofrece-este-suv-electrico\/"},"wordCount":345,"publisher":{"@id":"https:\/\/all-car-news.com\/es\/#organization"},"articleSection":["noticias de autos"],"inLanguage":"es"},{"@type":"WebPage","@id":"https:\/\/all-car-news.com\/es\/mullen-five-que-ofrece-este-suv-electrico\/","url":"https:\/\/all-car-news.com\/es\/mullen-five-que-ofrece-este-suv-electrico\/","name":"Mullen FIVE: \u00bfqu\u00e9 ofrece este SUV el\u00e9ctrico? - All cars news","isPartOf":{"@id":"https:\/\/all-car-news.com\/es\/#website"},"datePublished":"2023-09-15T10:13:20+00:00","dateModified":"2023-09-15T10:13:20+00:00","breadcrumb":{"@id":"https:\/\/all-car-news.com\/es\/mullen-five-que-ofrece-este-suv-electrico\/#breadcrumb"},"inLanguage":"es","potentialAction":[{"@type":"ReadAction","target":["https:\/\/all-car-news.com\/es\/mullen-five-que-ofrece-este-suv-electrico\/"]}]},{"@type":"BreadcrumbList","@id":"https:\/\/all-car-news.com\/es\/mullen-five-que-ofrece-este-suv-electrico\/#breadcrumb","itemListElement":[{"@type":"ListItem","position":1,"name":"Home","item":"https:\/\/all-car-news.com\/es\/"},{"@type":"ListItem","position":2,"name":"Mullen FIVE: \u00bfqu\u00e9 ofrece este SUV el\u00e9ctrico?"}]},{"@type":"WebSite","@id":"https:\/\/all-car-news.com\/es\/#website","url":"https:\/\/all-car-news.com\/es\/","name":"All cars news","description":"","publisher":{"@id":"https:\/\/all-car-news.com\/es\/#organization"},"potentialAction":[{"@type":"SearchAction","target":{"@type":"EntryPoint","urlTemplate":"https:\/\/all-car-news.com\/es\/?s={search_term_string}"},"query-input":"required name=search_term_string"}],"inLanguage":"es"},{"@type":"Organization","@id":"https:\/\/all-car-news.com\/es\/#organization","name":"All cars news","url":"https:\/\/all-car-news.com\/es\/","logo":{"@type":"ImageObject","inLanguage":"es","@id":"https:\/\/all-car-news.com\/es\/#\/schema\/logo\/image\/","url":"https:\/\/all-car-news.com\/wp-content\/uploads\/2022\/02\/CMYK-AllCarNews_LANDSCAPE_300px-1.png","contentUrl":"https:\/\/all-car-news.com\/wp-content\/uploads\/2022\/02\/CMYK-AllCarNews_LANDSCAPE_300px-1.png","width":300,"height":100,"caption":"All cars news"},"image":{"@id":"https:\/\/all-car-news.com\/es\/#\/schema\/logo\/image\/"}}]}},"_links":{"self":[{"href":"https:\/\/all-car-news.com\/es\/wp-json\/wp\/v2\/posts\/139067","targetHints":{"allow":["GET"]}}],"collection":[{"href":"https:\/\/all-car-news.com\/es\/wp-json\/wp\/v2\/posts"}],"about":[{"href":"https:\/\/all-car-news.com\/es\/wp-json\/wp\/v2\/types\/post"}],"replies":[{"embeddable":true,"href":"https:\/\/all-car-news.com\/es\/wp-json\/wp\/v2\/comments?post=139067"}],"version-history":[{"count":0,"href":"https:\/\/all-car-news.com\/es\/wp-json\/wp\/v2\/posts\/139067\/revisions"}],"wp:featuredmedia":[{"embeddable":true,"href":"https:\/\/all-car-news.com\/es\/wp-json\/wp\/v2\/media\/139047"}],"wp:attachment":[{"href":"https:\/\/all-car-news.com\/es\/wp-json\/wp\/v2\/media?parent=139067"}],"wp:term":[{"taxonomy":"category","embeddable":true,"href":"https:\/\/all-car-news.com\/es\/wp-json\/wp\/v2\/categories?post=139067"},{"taxonomy":"post_tag","embeddable":true,"href":"https:\/\/all-car-news.com\/es\/wp-json\/wp\/v2\/tags?post=139067"}],"curies":[{"name":"wp","href":"https:\/\/api.w.org\/{rel}","templated":true}]}}