{"id":138928,"date":"2023-09-11T07:52:52","date_gmt":"2023-09-11T07:52:52","guid":{"rendered":"https:\/\/all-car-news.com\/el-volkswagen-id-x-performance-tiene-como-base-el-nuevo-id-7\/"},"modified":"2023-09-11T07:52:52","modified_gmt":"2023-09-11T07:52:52","slug":"el-volkswagen-id-x-performance-tiene-como-base-el-nuevo-id-7","status":"publish","type":"post","link":"https:\/\/all-car-news.com\/es\/el-volkswagen-id-x-performance-tiene-como-base-el-nuevo-id-7\/","title":{"rendered":"El Volkswagen ID.X Performance tiene como base el nuevo ID.7"},"content":{"rendered":"<h2>Aspecto gordo, ese Volkswagen ID.X Performance<\/h2>\n<p>El Volkswagen ID.X Performance incorpora un splitter delantero y un difusor trasero de fibra de carbono. Los ingenieros aumentaron la distancia entre ejes en 80 mil\u00edmetros y rebajaron 60 mil\u00edmetros la suspensi\u00f3n deportiva, que incluye muelles r\u00edgidos espec\u00edficos. Junto con la nueva cadena cinem\u00e1tica, esta combinaci\u00f3n proporciona unas prestaciones deportivas y un comportamiento a\u00fan m\u00e1s \u00e1gil.<\/p>\n<h2><strong>Ruedas gruesas<\/strong><\/h2>\n<p>El ID.X Performance se asienta sobre unas deportivas llantas de 20 pulgadas con tuerca central y neum\u00e1ticos de competici\u00f3n de ancho 265. Detr\u00e1s, un aler\u00f3n de fibra de carbono proporciona algo m\u00e1s de carga aerodin\u00e1mica. Los grupos \u00f3pticos traseros tintados acent\u00faan el aspecto deportivo de la limusina el\u00e9ctrica de altas prestaciones. En el interior, los ocupantes se sientan en asientos individuales de fibra de carbono. Los detalles en rojo subrayan su car\u00e1cter deportivo.<\/p>\n<figure class=\"wp-block-image size-content\"><img decoding=\"async\" loading=\"lazy\" width=\"1140\" height=\"641\" src=\"https:\/\/autorai.nl\/wp-content\/uploads\/2023\/09\/Volkswagen-ID.X-Performance-2023-foto1-1140x641.jpg\" alt=\"Volkswagen ID.X Performance\" class=\"wp-image-166442\"><\/figure>\n<h2>tren motriz<\/h2>\n<p>En el coche de exhibici\u00f3n Volkswagen ID.X Performance, Volkswagen complement\u00f3 el motor s\u00edncrono permanente del eje trasero con un motor as\u00edncrono adicional en el eje delantero para conseguir la tracci\u00f3n total. Esto hace que este accionamiento sea ideal para suministrar r\u00e1fagas cortas de potencia en forma de funci\u00f3n boost. El par motor se controla mediante un gestor de la din\u00e1mica del veh\u00edculo, que tambi\u00e9n controla el funcionamiento del diferencial de deslizamiento limitado del eje trasero. Esta funci\u00f3n se controla a trav\u00e9s de una pantalla independiente de 17 pulgadas situada en la consola central. La energ\u00eda para la cadena cinem\u00e1tica de dos motores la proporciona un paquete de bater\u00edas con una elevada potencia continua y tiempos de carga cortos de hasta 200 kW. El propulsor de tracci\u00f3n total tiene una potencia de 441 kW (558 CV).  <\/p>\n<div class=\"galery shuffle galery-0\">\n<figure>\n\t\t\t\t\t<span style=\"cursor: pointer\" data-src=\"https:\/\/autorai.nl\/wp-content\/uploads\/2023\/09\/Volkswagen-ID.X-Performance-2023-foto4-1600x1067.jpg\" data-fancybox=\"galery-0\" title=\"\"><br \/>\n\t\t\t\t\t\t\t<img decoding=\"async\" width=\"640\" height=\"480\" src=\"https:\/\/autorai.nl\/wp-content\/uploads\/2023\/09\/Volkswagen-ID.X-Performance-2023-foto4-640x480.jpg\" class=\"attachment-medium size-medium\" alt=\"\" loading=\"lazy\"><i class=\"fa fa-search-plus\" aria-hidden=\"true\"><\/i><br \/>\n\t\t\t\t\t\t<\/span><br \/>\n\t\t\t\t\t<\/figure>\n<figure>\n\t\t\t\t\t<span style=\"cursor: pointer\" data-src=\"https:\/\/autorai.nl\/wp-content\/uploads\/2023\/09\/Volkswagen-ID.X-Performance-2023-foto3-1600x1067.jpg\" data-fancybox=\"galery-0\" title=\"\"><br \/>\n\t\t\t\t\t\t\t<img decoding=\"async\" width=\"360\" height=\"270\" src=\"https:\/\/autorai.nl\/wp-content\/uploads\/2023\/09\/Volkswagen-ID.X-Performance-2023-foto3-360x270.jpg\" class=\"attachment-small size-small\" alt=\"\" loading=\"lazy\"><i class=\"fa fa-search-plus\" aria-hidden=\"true\"><\/i><br \/>\n\t\t\t\t\t\t<\/span><br \/>\n\t\t\t\t\t<\/figure>\n<figure>\n\t\t\t\t\t<span style=\"cursor: pointer\" data-src=\"https:\/\/autorai.nl\/wp-content\/uploads\/2023\/09\/Volkswagen-ID.X-Performance-2023-foto7-1600x1067.jpg\" data-fancybox=\"galery-0\" title=\"\"><br \/>\n\t\t\t\t\t\t\t<img decoding=\"async\" width=\"360\" height=\"270\" src=\"https:\/\/autorai.nl\/wp-content\/uploads\/2023\/09\/Volkswagen-ID.X-Performance-2023-foto7-360x270.jpg\" class=\"attachment-small size-small\" alt=\"Volkswagen ID.X Performance\" loading=\"lazy\"><i class=\"fa fa-search-plus\" aria-hidden=\"true\"><\/i><br \/>\n\t\t\t\t\t\t<\/span><br \/>\n\t\t\t\t\t<\/figure>\n<figure>\n\t\t\t\t\t<span style=\"cursor: pointer\" data-src=\"https:\/\/autorai.nl\/wp-content\/uploads\/2023\/09\/Volkswagen-ID.X-Performance-2023-foto6-1600x1068.jpg\" data-fancybox=\"galery-0\" title=\"\"><br \/>\n\t\t\t\t\t\t\t<img decoding=\"async\" width=\"640\" height=\"480\" src=\"https:\/\/autorai.nl\/wp-content\/uploads\/2023\/09\/Volkswagen-ID.X-Performance-2023-foto6-640x480.jpg\" class=\"attachment-medium size-medium\" alt=\"\" loading=\"lazy\"><i class=\"fa fa-search-plus\" aria-hidden=\"true\"><\/i><br \/>\n\t\t\t\t\t\t<\/span><br \/>\n\t\t\t\t\t<\/figure>\n<figure>\n\t\t\t\t\t<span style=\"cursor: pointer\" data-src=\"https:\/\/autorai.nl\/wp-content\/uploads\/2023\/09\/Volkswagen-ID.X-Performance-2023-foto5-1600x1067.jpg\" data-fancybox=\"galery-0\" title=\"\"><br \/>\n\t\t\t\t\t\t\t<img decoding=\"async\" width=\"360\" height=\"270\" src=\"https:\/\/autorai.nl\/wp-content\/uploads\/2023\/09\/Volkswagen-ID.X-Performance-2023-foto5-360x270.jpg\" class=\"attachment-small size-small\" alt=\"\" loading=\"lazy\"><i class=\"fa fa-search-plus\" aria-hidden=\"true\"><\/i><br \/>\n\t\t\t\t\t\t<\/span><br \/>\n\t\t\t\t\t<\/figure>\n<figure>\n\t\t\t\t\t<span style=\"cursor: pointer\" data-src=\"https:\/\/autorai.nl\/wp-content\/uploads\/2023\/09\/Volkswagen-ID.X-Performance-2023-foto2-1600x1067.jpg\" data-fancybox=\"galery-0\" title=\"\"><br \/>\n\t\t\t\t\t\t\t<img decoding=\"async\" width=\"360\" height=\"270\" src=\"https:\/\/autorai.nl\/wp-content\/uploads\/2023\/09\/Volkswagen-ID.X-Performance-2023-foto2-360x270.jpg\" class=\"attachment-small size-small\" alt=\"\" loading=\"lazy\"><i class=\"fa fa-search-plus\" aria-hidden=\"true\"><\/i><br \/>\n\t\t\t\t\t\t<\/span><br \/>\n\t\t\t\t\t<\/figure>\n<div class=\"clear\"><\/div>\n<\/div>\n","protected":false},"excerpt":{"rendered":"Aspecto gordo, ese Volkswagen ID.X Performance El Volkswagen ID.X Performance incorpora un splitter delantero y un difusor trasero de fibra&hellip;","protected":false},"author":0,"featured_media":138913,"comment_status":"","ping_status":"open","sticky":false,"template":"","format":"standard","meta":{"footnotes":""},"categories":[126],"tags":[],"class_list":["post-138928","post","type-post","status-publish","format-standard","has-post-thumbnail","hentry","category-noticias-de-autos"],"acf":[],"yoast_head":"<!-- This site is optimized with the Yoast SEO plugin v21.2 - https:\/\/yoast.com\/wordpress\/plugins\/seo\/ -->\n<title>El Volkswagen ID.X Performance tiene como base el nuevo ID.7 - All cars news<\/title>\n<meta name=\"robots\" content=\"index, follow, max-snippet:-1, max-image-preview:large, max-video-preview:-1\" \/>\n<link rel=\"canonical\" href=\"https:\/\/all-car-news.com\/es\/el-volkswagen-id-x-performance-tiene-como-base-el-nuevo-id-7\/\" \/>\n<meta property=\"og:locale\" content=\"es_ES\" \/>\n<meta property=\"og:type\" content=\"article\" \/>\n<meta property=\"og:title\" content=\"El Volkswagen ID.X Performance tiene como base el nuevo ID.7 - All cars news\" \/>\n<meta property=\"og:description\" content=\"Aspecto gordo, ese Volkswagen ID.X Performance El Volkswagen ID.X Performance incorpora un splitter delantero y un difusor trasero de fibra de carbono. Los ingenieros aumentaron la distancia entre ejes en 80 mil\u00edmetros y rebajaron 60 mil\u00edmetros la suspensi\u00f3n deportiva, que incluye muelles r\u00edgidos espec\u00edficos. Junto con la nueva cadena cinem\u00e1tica, esta combinaci\u00f3n proporciona unas prestaciones deportivas y un comportamiento a\u00fan m\u00e1s \u00e1gil. \u2020\" \/>\n<meta property=\"og:url\" content=\"https:\/\/all-car-news.com\/es\/el-volkswagen-id-x-performance-tiene-como-base-el-nuevo-id-7\/\" \/>\n<meta property=\"og:site_name\" content=\"All cars news\" \/>\n<meta property=\"article:published_time\" content=\"2023-09-11T07:52:52+00:00\" \/>\n<meta property=\"og:image\" content=\"https:\/\/autorai.nl\/wp-content\/uploads\/2023\/09\/Volkswagen-ID.X-Performance-2023-foto1-1140x641.jpg\" \/>\n<meta name=\"twitter:card\" content=\"summary_large_image\" \/>\n<meta name=\"twitter:label1\" content=\"Tiempo de lectura\" \/>\n\t<meta name=\"twitter:data1\" content=\"2 minutos\" \/>\n<script type=\"application\/ld+json\" class=\"yoast-schema-graph\">{\"@context\":\"https:\/\/schema.org\",\"@graph\":[{\"@type\":\"Article\",\"@id\":\"https:\/\/all-car-news.com\/es\/el-volkswagen-id-x-performance-tiene-como-base-el-nuevo-id-7\/#article\",\"isPartOf\":{\"@id\":\"https:\/\/all-car-news.com\/es\/el-volkswagen-id-x-performance-tiene-como-base-el-nuevo-id-7\/\"},\"author\":{\"name\":\"\",\"@id\":\"\"},\"headline\":\"El Volkswagen ID.X Performance tiene como base el nuevo ID.7\",\"datePublished\":\"2023-09-11T07:52:52+00:00\",\"dateModified\":\"2023-09-11T07:52:52+00:00\",\"mainEntityOfPage\":{\"@id\":\"https:\/\/all-car-news.com\/es\/el-volkswagen-id-x-performance-tiene-como-base-el-nuevo-id-7\/\"},\"wordCount\":314,\"publisher\":{\"@id\":\"https:\/\/all-car-news.com\/es\/#organization\"},\"articleSection\":[\"noticias de autos\"],\"inLanguage\":\"es\"},{\"@type\":\"WebPage\",\"@id\":\"https:\/\/all-car-news.com\/es\/el-volkswagen-id-x-performance-tiene-como-base-el-nuevo-id-7\/\",\"url\":\"https:\/\/all-car-news.com\/es\/el-volkswagen-id-x-performance-tiene-como-base-el-nuevo-id-7\/\",\"name\":\"El Volkswagen ID.X Performance tiene como base el nuevo ID.7 - All cars news\",\"isPartOf\":{\"@id\":\"https:\/\/all-car-news.com\/es\/#website\"},\"datePublished\":\"2023-09-11T07:52:52+00:00\",\"dateModified\":\"2023-09-11T07:52:52+00:00\",\"breadcrumb\":{\"@id\":\"https:\/\/all-car-news.com\/es\/el-volkswagen-id-x-performance-tiene-como-base-el-nuevo-id-7\/#breadcrumb\"},\"inLanguage\":\"es\",\"potentialAction\":[{\"@type\":\"ReadAction\",\"target\":[\"https:\/\/all-car-news.com\/es\/el-volkswagen-id-x-performance-tiene-como-base-el-nuevo-id-7\/\"]}]},{\"@type\":\"BreadcrumbList\",\"@id\":\"https:\/\/all-car-news.com\/es\/el-volkswagen-id-x-performance-tiene-como-base-el-nuevo-id-7\/#breadcrumb\",\"itemListElement\":[{\"@type\":\"ListItem\",\"position\":1,\"name\":\"Home\",\"item\":\"https:\/\/all-car-news.com\/es\/\"},{\"@type\":\"ListItem\",\"position\":2,\"name\":\"El Volkswagen ID.X Performance tiene como base el nuevo ID.7\"}]},{\"@type\":\"WebSite\",\"@id\":\"https:\/\/all-car-news.com\/es\/#website\",\"url\":\"https:\/\/all-car-news.com\/es\/\",\"name\":\"All cars news\",\"description\":\"\",\"publisher\":{\"@id\":\"https:\/\/all-car-news.com\/es\/#organization\"},\"potentialAction\":[{\"@type\":\"SearchAction\",\"target\":{\"@type\":\"EntryPoint\",\"urlTemplate\":\"https:\/\/all-car-news.com\/es\/?s={search_term_string}\"},\"query-input\":\"required name=search_term_string\"}],\"inLanguage\":\"es\"},{\"@type\":\"Organization\",\"@id\":\"https:\/\/all-car-news.com\/es\/#organization\",\"name\":\"All cars news\",\"url\":\"https:\/\/all-car-news.com\/es\/\",\"logo\":{\"@type\":\"ImageObject\",\"inLanguage\":\"es\",\"@id\":\"https:\/\/all-car-news.com\/es\/#\/schema\/logo\/image\/\",\"url\":\"https:\/\/all-car-news.com\/wp-content\/uploads\/2022\/02\/CMYK-AllCarNews_LANDSCAPE_300px-1.png\",\"contentUrl\":\"https:\/\/all-car-news.com\/wp-content\/uploads\/2022\/02\/CMYK-AllCarNews_LANDSCAPE_300px-1.png\",\"width\":300,\"height\":100,\"caption\":\"All cars news\"},\"image\":{\"@id\":\"https:\/\/all-car-news.com\/es\/#\/schema\/logo\/image\/\"}}]}<\/script>\n<!-- \/ Yoast SEO plugin. -->","yoast_head_json":{"title":"El Volkswagen ID.X Performance tiene como base el nuevo ID.7 - All cars news","robots":{"index":"index","follow":"follow","max-snippet":"max-snippet:-1","max-image-preview":"max-image-preview:large","max-video-preview":"max-video-preview:-1"},"canonical":"https:\/\/all-car-news.com\/es\/el-volkswagen-id-x-performance-tiene-como-base-el-nuevo-id-7\/","og_locale":"es_ES","og_type":"article","og_title":"El Volkswagen ID.X Performance tiene como base el nuevo ID.7 - All cars news","og_description":"Aspecto gordo, ese Volkswagen ID.X Performance El Volkswagen ID.X Performance incorpora un splitter delantero y un difusor trasero de fibra de carbono. Los ingenieros aumentaron la distancia entre ejes en 80 mil\u00edmetros y rebajaron 60 mil\u00edmetros la suspensi\u00f3n deportiva, que incluye muelles r\u00edgidos espec\u00edficos. Junto con la nueva cadena cinem\u00e1tica, esta combinaci\u00f3n proporciona unas prestaciones deportivas y un comportamiento a\u00fan m\u00e1s \u00e1gil. \u2020","og_url":"https:\/\/all-car-news.com\/es\/el-volkswagen-id-x-performance-tiene-como-base-el-nuevo-id-7\/","og_site_name":"All cars news","article_published_time":"2023-09-11T07:52:52+00:00","og_image":[{"url":"https:\/\/autorai.nl\/wp-content\/uploads\/2023\/09\/Volkswagen-ID.X-Performance-2023-foto1-1140x641.jpg"}],"twitter_card":"summary_large_image","twitter_misc":{"Tiempo de lectura":"2 minutos"},"schema":{"@context":"https:\/\/schema.org","@graph":[{"@type":"Article","@id":"https:\/\/all-car-news.com\/es\/el-volkswagen-id-x-performance-tiene-como-base-el-nuevo-id-7\/#article","isPartOf":{"@id":"https:\/\/all-car-news.com\/es\/el-volkswagen-id-x-performance-tiene-como-base-el-nuevo-id-7\/"},"author":{"name":"","@id":""},"headline":"El Volkswagen ID.X Performance tiene como base el nuevo ID.7","datePublished":"2023-09-11T07:52:52+00:00","dateModified":"2023-09-11T07:52:52+00:00","mainEntityOfPage":{"@id":"https:\/\/all-car-news.com\/es\/el-volkswagen-id-x-performance-tiene-como-base-el-nuevo-id-7\/"},"wordCount":314,"publisher":{"@id":"https:\/\/all-car-news.com\/es\/#organization"},"articleSection":["noticias de autos"],"inLanguage":"es"},{"@type":"WebPage","@id":"https:\/\/all-car-news.com\/es\/el-volkswagen-id-x-performance-tiene-como-base-el-nuevo-id-7\/","url":"https:\/\/all-car-news.com\/es\/el-volkswagen-id-x-performance-tiene-como-base-el-nuevo-id-7\/","name":"El Volkswagen ID.X Performance tiene como base el nuevo ID.7 - All cars news","isPartOf":{"@id":"https:\/\/all-car-news.com\/es\/#website"},"datePublished":"2023-09-11T07:52:52+00:00","dateModified":"2023-09-11T07:52:52+00:00","breadcrumb":{"@id":"https:\/\/all-car-news.com\/es\/el-volkswagen-id-x-performance-tiene-como-base-el-nuevo-id-7\/#breadcrumb"},"inLanguage":"es","potentialAction":[{"@type":"ReadAction","target":["https:\/\/all-car-news.com\/es\/el-volkswagen-id-x-performance-tiene-como-base-el-nuevo-id-7\/"]}]},{"@type":"BreadcrumbList","@id":"https:\/\/all-car-news.com\/es\/el-volkswagen-id-x-performance-tiene-como-base-el-nuevo-id-7\/#breadcrumb","itemListElement":[{"@type":"ListItem","position":1,"name":"Home","item":"https:\/\/all-car-news.com\/es\/"},{"@type":"ListItem","position":2,"name":"El Volkswagen ID.X Performance tiene como base el nuevo ID.7"}]},{"@type":"WebSite","@id":"https:\/\/all-car-news.com\/es\/#website","url":"https:\/\/all-car-news.com\/es\/","name":"All cars news","description":"","publisher":{"@id":"https:\/\/all-car-news.com\/es\/#organization"},"potentialAction":[{"@type":"SearchAction","target":{"@type":"EntryPoint","urlTemplate":"https:\/\/all-car-news.com\/es\/?s={search_term_string}"},"query-input":"required name=search_term_string"}],"inLanguage":"es"},{"@type":"Organization","@id":"https:\/\/all-car-news.com\/es\/#organization","name":"All cars news","url":"https:\/\/all-car-news.com\/es\/","logo":{"@type":"ImageObject","inLanguage":"es","@id":"https:\/\/all-car-news.com\/es\/#\/schema\/logo\/image\/","url":"https:\/\/all-car-news.com\/wp-content\/uploads\/2022\/02\/CMYK-AllCarNews_LANDSCAPE_300px-1.png","contentUrl":"https:\/\/all-car-news.com\/wp-content\/uploads\/2022\/02\/CMYK-AllCarNews_LANDSCAPE_300px-1.png","width":300,"height":100,"caption":"All cars news"},"image":{"@id":"https:\/\/all-car-news.com\/es\/#\/schema\/logo\/image\/"}}]}},"_links":{"self":[{"href":"https:\/\/all-car-news.com\/es\/wp-json\/wp\/v2\/posts\/138928","targetHints":{"allow":["GET"]}}],"collection":[{"href":"https:\/\/all-car-news.com\/es\/wp-json\/wp\/v2\/posts"}],"about":[{"href":"https:\/\/all-car-news.com\/es\/wp-json\/wp\/v2\/types\/post"}],"replies":[{"embeddable":true,"href":"https:\/\/all-car-news.com\/es\/wp-json\/wp\/v2\/comments?post=138928"}],"version-history":[{"count":0,"href":"https:\/\/all-car-news.com\/es\/wp-json\/wp\/v2\/posts\/138928\/revisions"}],"wp:featuredmedia":[{"embeddable":true,"href":"https:\/\/all-car-news.com\/es\/wp-json\/wp\/v2\/media\/138913"}],"wp:attachment":[{"href":"https:\/\/all-car-news.com\/es\/wp-json\/wp\/v2\/media?parent=138928"}],"wp:term":[{"taxonomy":"category","embeddable":true,"href":"https:\/\/all-car-news.com\/es\/wp-json\/wp\/v2\/categories?post=138928"},{"taxonomy":"post_tag","embeddable":true,"href":"https:\/\/all-car-news.com\/es\/wp-json\/wp\/v2\/tags?post=138928"}],"curies":[{"name":"wp","href":"https:\/\/api.w.org\/{rel}","templated":true}]}}