{"id":138925,"date":"2023-09-11T08:18:23","date_gmt":"2023-09-11T08:18:23","guid":{"rendered":"https:\/\/all-car-news.com\/el-kia-sportage-dark-edition-celebra-los-30-anos-del-sportage\/"},"modified":"2023-09-11T08:18:23","modified_gmt":"2023-09-11T08:18:23","slug":"el-kia-sportage-dark-edition-celebra-los-30-anos-del-sportage","status":"publish","type":"post","link":"https:\/\/all-car-news.com\/es\/el-kia-sportage-dark-edition-celebra-los-30-anos-del-sportage\/","title":{"rendered":"El Kia Sportage Dark Edition celebra los 30 a\u00f1os del Sportage"},"content":{"rendered":"<h2>Kia Sportage Dark Edition<\/h2>\n<p>El Kia Sportage Dark Edition especial destaca por una serie de caracter\u00edsticas de dise\u00f1o exclusivas, como las l\u00edneas de contorno en negro de alto brillo alrededor de las ventanillas laterales y el spoiler. Adem\u00e1s, el modelo incorpora nuevos elementos cromados oscuros en el frontal, la zaga y los laterales. La edici\u00f3n especial rueda sobre llantas de aleaci\u00f3n pintadas en negro de alto brillo.&nbsp;Otras caracter\u00edsticas llamativas incluyen cristales de privacidad y placas protectoras cromadas oscuras.<\/p>\n<p>En exclusiva para la Dark Edition, se introduce el nuevo color Wolf Grey. Otros colores disponibles son el Blanco Deluxe, el Blanco Casa, el Negro Perla, el Metal Penta y el Verde Experience.<\/p>\n<h2>Interior<\/h2>\n<p>El Jubilee Sportage destaca en su interior con tapicer\u00edas acabadas en ante y piel sint\u00e9tica. El lujoso equipamiento de serie incluye asientos delanteros el\u00e9ctricos, calefacci\u00f3n en los asientos y el volante e iluminaci\u00f3n ambiental adicional. La Dark Edition viene con un paquete interior especial Verde Medianoche.<\/p>\n<figure class=\"wp-block-image size-content\"><img decoding=\"async\" loading=\"lazy\" width=\"1140\" height=\"641\" src=\"https:\/\/autorai.nl\/wp-content\/uploads\/2023\/09\/kia-sportage-dark-edition-2023-foto4-1140x641.jpg\" alt=\"Kia Sportage Dark Edition\" class=\"wp-image-166455\"><\/figure>\n<h2>Dark Edition en los Pa\u00edses Bajos a finales de a\u00f1o<\/h2>\n<p>Los primeros ejemplares del Kia Sportage Dark Edition llegar\u00e1n a los Pa\u00edses Bajos a finales de este a\u00f1o. Precios pr\u00f3ximamente.<\/p>\n<h2>30 a\u00f1os de Kia Sportage<\/h2>\n<p>El Kia Sportage ha vendido m\u00e1s de 7 millones de unidades en todo el mundo en 30 a\u00f1os, a lo largo de cinco generaciones. La primera generaci\u00f3n apareci\u00f3 en 1993. Desde 2015, el Kia Sportage es el modelo m\u00e1s vendido de la marca.  <\/p>\n<p>\u00abDurante los \u00faltimos 30 a\u00f1os, la f\u00f3rmula de \u00e9xito de este SUV siempre ha sido la misma\u00bb, afirma Alexandre Papapetropoulos, Director de Producto y Precios de Kia Europa. \u00abPara celebrar el aniversario de este ic\u00f3nico Kia, presentamos una edici\u00f3n especial que, si bien recuerda los 30 a\u00f1os del Sportage, sobre todo mira hacia el futuro con su tren motriz electrificado.\u00bb  <\/p>\n<div class=\"galery shuffle galery-0\">\n<figure>\n\t\t\t\t\t<span style=\"cursor: pointer\" data-src=\"https:\/\/autorai.nl\/wp-content\/uploads\/2023\/09\/kia-sportage-dark-edition-2023-foto3-1600x900.jpg\" data-fancybox=\"galery-0\" title=\"\"><br \/>\n\t\t\t\t\t\t\t<img decoding=\"async\" width=\"640\" height=\"480\" src=\"https:\/\/autorai.nl\/wp-content\/uploads\/2023\/09\/kia-sportage-dark-edition-2023-foto3-640x480.jpg\" class=\"attachment-medium size-medium\" alt=\"\" loading=\"lazy\"><i class=\"fa fa-search-plus\" aria-hidden=\"true\"><\/i><br \/>\n\t\t\t\t\t\t<\/span><br \/>\n\t\t\t\t\t<\/figure>\n<figure>\n\t\t\t\t\t<span style=\"cursor: pointer\" data-src=\"https:\/\/autorai.nl\/wp-content\/uploads\/2023\/09\/kia-sportage-dark-edition-2023-foto7-1600x900.jpg\" data-fancybox=\"galery-0\" title=\"\"><br \/>\n\t\t\t\t\t\t\t<img decoding=\"async\" width=\"360\" height=\"270\" src=\"https:\/\/autorai.nl\/wp-content\/uploads\/2023\/09\/kia-sportage-dark-edition-2023-foto7-360x270.jpg\" class=\"attachment-small size-small\" alt=\"\" loading=\"lazy\"><i class=\"fa fa-search-plus\" aria-hidden=\"true\"><\/i><br \/>\n\t\t\t\t\t\t<\/span><br \/>\n\t\t\t\t\t<\/figure>\n<figure>\n\t\t\t\t\t<span style=\"cursor: pointer\" data-src=\"https:\/\/autorai.nl\/wp-content\/uploads\/2023\/09\/kia-sportage-dark-edition-2023-foto6-1600x900.jpg\" data-fancybox=\"galery-0\" title=\"\"><br \/>\n\t\t\t\t\t\t\t<img decoding=\"async\" width=\"360\" height=\"270\" src=\"https:\/\/autorai.nl\/wp-content\/uploads\/2023\/09\/kia-sportage-dark-edition-2023-foto6-360x270.jpg\" class=\"attachment-small size-small\" alt=\"Kia Sportage Dark Edition\" loading=\"lazy\"><i class=\"fa fa-search-plus\" aria-hidden=\"true\"><\/i><br \/>\n\t\t\t\t\t\t<\/span><br \/>\n\t\t\t\t\t<\/figure>\n<figure>\n\t\t\t\t\t<span style=\"cursor: pointer\" data-src=\"https:\/\/autorai.nl\/wp-content\/uploads\/2023\/09\/kia-sportage-dark-edition-2023-foto2-1600x900.jpg\" data-fancybox=\"galery-0\" title=\"\"><br \/>\n\t\t\t\t\t\t\t<img decoding=\"async\" width=\"640\" height=\"480\" src=\"https:\/\/autorai.nl\/wp-content\/uploads\/2023\/09\/kia-sportage-dark-edition-2023-foto2-640x480.jpg\" class=\"attachment-medium size-medium\" alt=\"\" loading=\"lazy\"><i class=\"fa fa-search-plus\" aria-hidden=\"true\"><\/i><br \/>\n\t\t\t\t\t\t<\/span><br \/>\n\t\t\t\t\t<\/figure>\n<figure>\n\t\t\t\t\t<span style=\"cursor: pointer\" data-src=\"https:\/\/autorai.nl\/wp-content\/uploads\/2023\/09\/kia-sportage-dark-edition-2023-foto5-1600x900.jpg\" data-fancybox=\"galery-0\" title=\"\"><br \/>\n\t\t\t\t\t\t\t<img decoding=\"async\" width=\"360\" height=\"270\" src=\"https:\/\/autorai.nl\/wp-content\/uploads\/2023\/09\/kia-sportage-dark-edition-2023-foto5-360x270.jpg\" class=\"attachment-small size-small\" alt=\"\" loading=\"lazy\"><i class=\"fa fa-search-plus\" aria-hidden=\"true\"><\/i><br \/>\n\t\t\t\t\t\t<\/span><br \/>\n\t\t\t\t\t<\/figure>\n<figure>\n\t\t\t\t\t<span style=\"cursor: pointer\" data-src=\"https:\/\/autorai.nl\/wp-content\/uploads\/2023\/09\/kia-sportage-dark-edition-2023-foto4-1600x900.jpg\" data-fancybox=\"galery-0\" title=\"\"><br \/>\n\t\t\t\t\t\t\t<img decoding=\"async\" width=\"360\" height=\"270\" src=\"https:\/\/autorai.nl\/wp-content\/uploads\/2023\/09\/kia-sportage-dark-edition-2023-foto4-360x270.jpg\" class=\"attachment-small size-small\" alt=\"Kia Sportage Dark Edition\" loading=\"lazy\"><i class=\"fa fa-search-plus\" aria-hidden=\"true\"><\/i><br \/>\n\t\t\t\t\t\t<\/span><br \/>\n\t\t\t\t\t<\/figure>\n<div class=\"clear\"><\/div>\n<\/div>\n<h2>Cinco generaciones del Kia Sportage<\/h2>\n<p>Esta primera generaci\u00f3n es considerada por muchos como pionera en un segmento totalmente nuevo. La segunda generaci\u00f3n (a partir de 2004) avanz\u00f3 mucho en t\u00e9rminos de calidad y seguridad. Por tanto, se bas\u00f3 en una plataforma totalmente nueva. Kia vendi\u00f3 m\u00e1s del doble de unidades de esta segunda generaci\u00f3n que de su predecesora. La tercera generaci\u00f3n (2010) volvi\u00f3 a subir el list\u00f3n en el segmento, llamando especialmente la atenci\u00f3n por su dise\u00f1o totalmente nuevo y la parrilla Tiger Nose.<\/p>\n<p>La cuarta generaci\u00f3n del Sportage (2015) trajo consigo un arsenal de nuevas caracter\u00edsticas de confort y seguridad, incluyendo una gran cantidad de sistemas de asistencia al conductor. Desde la introducci\u00f3n de esta generaci\u00f3n, el Sportage ha sido el Kia m\u00e1s vendido dentro de la amplia gama. La quinta generaci\u00f3n del Sportage (2021) est\u00e1 disponible con varios sistemas de propulsi\u00f3n el\u00e9ctricos, desde el h\u00edbrido suave y el h\u00edbrido hasta el h\u00edbrido enchufable.<\/p>\n<figure class=\"wp-block-image size-content\"><img decoding=\"async\" loading=\"lazy\" width=\"1140\" height=\"641\" src=\"https:\/\/autorai.nl\/wp-content\/uploads\/2023\/09\/kia-sportage-dark-edition-2023-foto1-1140x641.jpg\" alt=\"Cinco generaciones del Kia Sportage\" class=\"wp-image-166452\"><\/figure>\n","protected":false},"excerpt":{"rendered":"Kia Sportage Dark Edition El especial Kia Sportage Dark Edition destaca por una serie de caracter\u00edsticas de dise\u00f1o exclusivas, como&hellip;","protected":false},"author":0,"featured_media":138907,"comment_status":"","ping_status":"open","sticky":false,"template":"","format":"standard","meta":{"footnotes":""},"categories":[126],"tags":[],"class_list":["post-138925","post","type-post","status-publish","format-standard","has-post-thumbnail","hentry","category-noticias-de-autos"],"acf":[],"yoast_head":"<!-- This site is optimized with the Yoast SEO plugin v21.2 - https:\/\/yoast.com\/wordpress\/plugins\/seo\/ -->\n<title>El Kia Sportage Dark Edition celebra los 30 a\u00f1os del Sportage - All cars news<\/title>\n<meta name=\"robots\" content=\"index, follow, max-snippet:-1, max-image-preview:large, max-video-preview:-1\" \/>\n<link rel=\"canonical\" href=\"https:\/\/all-car-news.com\/es\/el-kia-sportage-dark-edition-celebra-los-30-anos-del-sportage\/\" \/>\n<meta property=\"og:locale\" content=\"es_ES\" \/>\n<meta property=\"og:type\" content=\"article\" \/>\n<meta property=\"og:title\" content=\"El Kia Sportage Dark Edition celebra los 30 a\u00f1os del Sportage - All cars news\" \/>\n<meta property=\"og:description\" content=\"Kia Sportage Dark Edition El especial Kia Sportage Dark Edition destaca por una serie de caracter\u00edsticas de dise\u00f1o exclusivas, como las l\u00edneas de contorno en negro de alto brillo alrededor de las ventanillas laterales y el spoiler. Adem\u00e1s, el modelo incorpora nuevos elementos cromados oscuros en el frontal, la zaga y los laterales. La edici\u00f3n especial rueda sobre llantas de aleaci\u00f3n pintadas en negro de alto brillo.&nbsp;Otros [...]\" \/>\n<meta property=\"og:url\" content=\"https:\/\/all-car-news.com\/es\/el-kia-sportage-dark-edition-celebra-los-30-anos-del-sportage\/\" \/>\n<meta property=\"og:site_name\" content=\"All cars news\" \/>\n<meta property=\"article:published_time\" content=\"2023-09-11T08:18:23+00:00\" \/>\n<meta property=\"og:image\" content=\"https:\/\/autorai.nl\/wp-content\/uploads\/2023\/09\/kia-sportage-dark-edition-2023-foto4-1140x641.jpg\" \/>\n<meta name=\"twitter:card\" content=\"summary_large_image\" \/>\n<meta name=\"twitter:label1\" content=\"Tiempo de lectura\" \/>\n\t<meta name=\"twitter:data1\" content=\"2 minutos\" \/>\n<script type=\"application\/ld+json\" class=\"yoast-schema-graph\">{\"@context\":\"https:\/\/schema.org\",\"@graph\":[{\"@type\":\"Article\",\"@id\":\"https:\/\/all-car-news.com\/es\/el-kia-sportage-dark-edition-celebra-los-30-anos-del-sportage\/#article\",\"isPartOf\":{\"@id\":\"https:\/\/all-car-news.com\/es\/el-kia-sportage-dark-edition-celebra-los-30-anos-del-sportage\/\"},\"author\":{\"name\":\"\",\"@id\":\"\"},\"headline\":\"El Kia Sportage Dark Edition celebra los 30 a\u00f1os del Sportage\",\"datePublished\":\"2023-09-11T08:18:23+00:00\",\"dateModified\":\"2023-09-11T08:18:23+00:00\",\"mainEntityOfPage\":{\"@id\":\"https:\/\/all-car-news.com\/es\/el-kia-sportage-dark-edition-celebra-los-30-anos-del-sportage\/\"},\"wordCount\":501,\"publisher\":{\"@id\":\"https:\/\/all-car-news.com\/es\/#organization\"},\"articleSection\":[\"noticias de autos\"],\"inLanguage\":\"es\"},{\"@type\":\"WebPage\",\"@id\":\"https:\/\/all-car-news.com\/es\/el-kia-sportage-dark-edition-celebra-los-30-anos-del-sportage\/\",\"url\":\"https:\/\/all-car-news.com\/es\/el-kia-sportage-dark-edition-celebra-los-30-anos-del-sportage\/\",\"name\":\"El Kia Sportage Dark Edition celebra los 30 a\u00f1os del Sportage - All cars news\",\"isPartOf\":{\"@id\":\"https:\/\/all-car-news.com\/es\/#website\"},\"datePublished\":\"2023-09-11T08:18:23+00:00\",\"dateModified\":\"2023-09-11T08:18:23+00:00\",\"breadcrumb\":{\"@id\":\"https:\/\/all-car-news.com\/es\/el-kia-sportage-dark-edition-celebra-los-30-anos-del-sportage\/#breadcrumb\"},\"inLanguage\":\"es\",\"potentialAction\":[{\"@type\":\"ReadAction\",\"target\":[\"https:\/\/all-car-news.com\/es\/el-kia-sportage-dark-edition-celebra-los-30-anos-del-sportage\/\"]}]},{\"@type\":\"BreadcrumbList\",\"@id\":\"https:\/\/all-car-news.com\/es\/el-kia-sportage-dark-edition-celebra-los-30-anos-del-sportage\/#breadcrumb\",\"itemListElement\":[{\"@type\":\"ListItem\",\"position\":1,\"name\":\"Home\",\"item\":\"https:\/\/all-car-news.com\/es\/\"},{\"@type\":\"ListItem\",\"position\":2,\"name\":\"El Kia Sportage Dark Edition celebra los 30 a\u00f1os del Sportage\"}]},{\"@type\":\"WebSite\",\"@id\":\"https:\/\/all-car-news.com\/es\/#website\",\"url\":\"https:\/\/all-car-news.com\/es\/\",\"name\":\"All cars news\",\"description\":\"\",\"publisher\":{\"@id\":\"https:\/\/all-car-news.com\/es\/#organization\"},\"potentialAction\":[{\"@type\":\"SearchAction\",\"target\":{\"@type\":\"EntryPoint\",\"urlTemplate\":\"https:\/\/all-car-news.com\/es\/?s={search_term_string}\"},\"query-input\":\"required name=search_term_string\"}],\"inLanguage\":\"es\"},{\"@type\":\"Organization\",\"@id\":\"https:\/\/all-car-news.com\/es\/#organization\",\"name\":\"All cars news\",\"url\":\"https:\/\/all-car-news.com\/es\/\",\"logo\":{\"@type\":\"ImageObject\",\"inLanguage\":\"es\",\"@id\":\"https:\/\/all-car-news.com\/es\/#\/schema\/logo\/image\/\",\"url\":\"https:\/\/all-car-news.com\/wp-content\/uploads\/2022\/02\/CMYK-AllCarNews_LANDSCAPE_300px-1.png\",\"contentUrl\":\"https:\/\/all-car-news.com\/wp-content\/uploads\/2022\/02\/CMYK-AllCarNews_LANDSCAPE_300px-1.png\",\"width\":300,\"height\":100,\"caption\":\"All cars news\"},\"image\":{\"@id\":\"https:\/\/all-car-news.com\/es\/#\/schema\/logo\/image\/\"}}]}<\/script>\n<!-- \/ Yoast SEO plugin. -->","yoast_head_json":{"title":"El Kia Sportage Dark Edition celebra los 30 a\u00f1os del Sportage - All cars news","robots":{"index":"index","follow":"follow","max-snippet":"max-snippet:-1","max-image-preview":"max-image-preview:large","max-video-preview":"max-video-preview:-1"},"canonical":"https:\/\/all-car-news.com\/es\/el-kia-sportage-dark-edition-celebra-los-30-anos-del-sportage\/","og_locale":"es_ES","og_type":"article","og_title":"El Kia Sportage Dark Edition celebra los 30 a\u00f1os del Sportage - All cars news","og_description":"Kia Sportage Dark Edition El especial Kia Sportage Dark Edition destaca por una serie de caracter\u00edsticas de dise\u00f1o exclusivas, como las l\u00edneas de contorno en negro de alto brillo alrededor de las ventanillas laterales y el spoiler. Adem\u00e1s, el modelo incorpora nuevos elementos cromados oscuros en el frontal, la zaga y los laterales. La edici\u00f3n especial rueda sobre llantas de aleaci\u00f3n pintadas en negro de alto brillo.&nbsp;Otros [...]","og_url":"https:\/\/all-car-news.com\/es\/el-kia-sportage-dark-edition-celebra-los-30-anos-del-sportage\/","og_site_name":"All cars news","article_published_time":"2023-09-11T08:18:23+00:00","og_image":[{"url":"https:\/\/autorai.nl\/wp-content\/uploads\/2023\/09\/kia-sportage-dark-edition-2023-foto4-1140x641.jpg"}],"twitter_card":"summary_large_image","twitter_misc":{"Tiempo de lectura":"2 minutos"},"schema":{"@context":"https:\/\/schema.org","@graph":[{"@type":"Article","@id":"https:\/\/all-car-news.com\/es\/el-kia-sportage-dark-edition-celebra-los-30-anos-del-sportage\/#article","isPartOf":{"@id":"https:\/\/all-car-news.com\/es\/el-kia-sportage-dark-edition-celebra-los-30-anos-del-sportage\/"},"author":{"name":"","@id":""},"headline":"El Kia Sportage Dark Edition celebra los 30 a\u00f1os del Sportage","datePublished":"2023-09-11T08:18:23+00:00","dateModified":"2023-09-11T08:18:23+00:00","mainEntityOfPage":{"@id":"https:\/\/all-car-news.com\/es\/el-kia-sportage-dark-edition-celebra-los-30-anos-del-sportage\/"},"wordCount":501,"publisher":{"@id":"https:\/\/all-car-news.com\/es\/#organization"},"articleSection":["noticias de autos"],"inLanguage":"es"},{"@type":"WebPage","@id":"https:\/\/all-car-news.com\/es\/el-kia-sportage-dark-edition-celebra-los-30-anos-del-sportage\/","url":"https:\/\/all-car-news.com\/es\/el-kia-sportage-dark-edition-celebra-los-30-anos-del-sportage\/","name":"El Kia Sportage Dark Edition celebra los 30 a\u00f1os del Sportage - All cars news","isPartOf":{"@id":"https:\/\/all-car-news.com\/es\/#website"},"datePublished":"2023-09-11T08:18:23+00:00","dateModified":"2023-09-11T08:18:23+00:00","breadcrumb":{"@id":"https:\/\/all-car-news.com\/es\/el-kia-sportage-dark-edition-celebra-los-30-anos-del-sportage\/#breadcrumb"},"inLanguage":"es","potentialAction":[{"@type":"ReadAction","target":["https:\/\/all-car-news.com\/es\/el-kia-sportage-dark-edition-celebra-los-30-anos-del-sportage\/"]}]},{"@type":"BreadcrumbList","@id":"https:\/\/all-car-news.com\/es\/el-kia-sportage-dark-edition-celebra-los-30-anos-del-sportage\/#breadcrumb","itemListElement":[{"@type":"ListItem","position":1,"name":"Home","item":"https:\/\/all-car-news.com\/es\/"},{"@type":"ListItem","position":2,"name":"El Kia Sportage Dark Edition celebra los 30 a\u00f1os del Sportage"}]},{"@type":"WebSite","@id":"https:\/\/all-car-news.com\/es\/#website","url":"https:\/\/all-car-news.com\/es\/","name":"All cars news","description":"","publisher":{"@id":"https:\/\/all-car-news.com\/es\/#organization"},"potentialAction":[{"@type":"SearchAction","target":{"@type":"EntryPoint","urlTemplate":"https:\/\/all-car-news.com\/es\/?s={search_term_string}"},"query-input":"required name=search_term_string"}],"inLanguage":"es"},{"@type":"Organization","@id":"https:\/\/all-car-news.com\/es\/#organization","name":"All cars news","url":"https:\/\/all-car-news.com\/es\/","logo":{"@type":"ImageObject","inLanguage":"es","@id":"https:\/\/all-car-news.com\/es\/#\/schema\/logo\/image\/","url":"https:\/\/all-car-news.com\/wp-content\/uploads\/2022\/02\/CMYK-AllCarNews_LANDSCAPE_300px-1.png","contentUrl":"https:\/\/all-car-news.com\/wp-content\/uploads\/2022\/02\/CMYK-AllCarNews_LANDSCAPE_300px-1.png","width":300,"height":100,"caption":"All cars news"},"image":{"@id":"https:\/\/all-car-news.com\/es\/#\/schema\/logo\/image\/"}}]}},"_links":{"self":[{"href":"https:\/\/all-car-news.com\/es\/wp-json\/wp\/v2\/posts\/138925","targetHints":{"allow":["GET"]}}],"collection":[{"href":"https:\/\/all-car-news.com\/es\/wp-json\/wp\/v2\/posts"}],"about":[{"href":"https:\/\/all-car-news.com\/es\/wp-json\/wp\/v2\/types\/post"}],"replies":[{"embeddable":true,"href":"https:\/\/all-car-news.com\/es\/wp-json\/wp\/v2\/comments?post=138925"}],"version-history":[{"count":0,"href":"https:\/\/all-car-news.com\/es\/wp-json\/wp\/v2\/posts\/138925\/revisions"}],"wp:featuredmedia":[{"embeddable":true,"href":"https:\/\/all-car-news.com\/es\/wp-json\/wp\/v2\/media\/138907"}],"wp:attachment":[{"href":"https:\/\/all-car-news.com\/es\/wp-json\/wp\/v2\/media?parent=138925"}],"wp:term":[{"taxonomy":"category","embeddable":true,"href":"https:\/\/all-car-news.com\/es\/wp-json\/wp\/v2\/categories?post=138925"},{"taxonomy":"post_tag","embeddable":true,"href":"https:\/\/all-car-news.com\/es\/wp-json\/wp\/v2\/tags?post=138925"}],"curies":[{"name":"wp","href":"https:\/\/api.w.org\/{rel}","templated":true}]}}