{"id":138805,"date":"2023-09-06T14:22:45","date_gmt":"2023-09-06T14:22:45","guid":{"rendered":"https:\/\/all-car-news.com\/actualizacion-completa-para-audi-q8-incluido-audi-sq8\/"},"modified":"2023-09-06T14:22:45","modified_gmt":"2023-09-06T14:22:45","slug":"actualizacion-completa-para-audi-q8-incluido-audi-sq8","status":"publish","type":"post","link":"https:\/\/all-car-news.com\/es\/actualizacion-completa-para-audi-q8-incluido-audi-sq8\/","title":{"rendered":"Actualizaci\u00f3n completa para Audi Q8, \u00a1incluido Audi SQ8!"},"content":{"rendered":"<h2>nueva parrilla<\/h2>\n<p>Los cambios m\u00e1s llamativos en el dise\u00f1o del Q8 actualizado incluyen la parrilla revisada con estructura de nido de abeja y los difusores delantero y trasero en color de contraste de serie. El paquete exterior S line disponible opcionalmente ofrece una parrilla con estructura de panal de abeja. Adem\u00e1s, el renovado Audi Q8 es reconocible por la firma luminosa actualizada de los faros y grupos \u00f3pticos traseros, disponibles opcionalmente con tecnolog\u00eda OLED e incluso personalizables en algunos niveles de acabado.<\/p>\n<figure class=\"wp-block-image size-content\"><img decoding=\"async\" loading=\"lazy\" width=\"1140\" height=\"730\" src=\"https:\/\/autorai.nl\/wp-content\/uploads\/2023\/09\/audiq88-1140x730.jpg\" alt=\"Audi Q8\" class=\"wp-image-166171\"><figcaption>Foto est\u00e1tica,<br \/>\nColor: Sakhir dorado metalizado<\/figcaption><\/figure>\n<h2>As\u00ed se reconoce la iluminaci\u00f3n LED HD Matrix<\/h2>\n<p>La calzada del Q8 est\u00e1 iluminada de serie por faros LED de alta intensidad. Los faros Matrix LED est\u00e1n disponibles como opci\u00f3n. Los tambi\u00e9n opcionales faros HD Matrix LED con tecnolog\u00eda de luz l\u00e1ser, constan de 24 LED individuales y son inmediatamente reconocibles por una luz ambiental azul incorporada en los faros. La luz l\u00e1ser se activa a partir de 70 km\/h y ampl\u00eda considerablemente el alcance luminoso. Tambi\u00e9n son nuevas las luces diurnas digitales. El usuario puede seleccionar entre cuatro se\u00f1ales luminosas a trav\u00e9s de la HMI.  <\/p>\n<h2>El Audi SQ8 tiene un motor de gasolina V8 TFSI  <\/h2>\n<p>El redise\u00f1ado Audi SQ8 TFSI destaca por su spoiler delantero de nuevo dise\u00f1o, su difusor deportivo y su impresionante sistema de escape. El SQ8 se reconoce por su parrilla con ranuras en forma de L. Las tomas de aire de mayor tama\u00f1o presentan una estructura de panal en toda la superficie de la parrilla.  <\/p>\n<p>Una vez m\u00e1s, el SQ8 TFSI incorpora un motor de gasolina de ocho cilindros y 4.0 litros (373 kW\/507 CV) con cambio autom\u00e1tico tiptronic de ocho velocidades y tracci\u00f3n total permanente quattro. Con este motor, el SQ8 TFSI acelera hasta 100 km\/h en s\u00f3lo 4,1 segundos, con una velocidad m\u00e1xima limitada electr\u00f3nicamente a 250 km\/h. El actualizado SQ8 TFSI incorpora de serie la desactivaci\u00f3n de cilindros cuando no se utiliza toda su potencia.<\/p>\n<figure class=\"wp-block-image size-content\"><img decoding=\"async\" loading=\"lazy\" width=\"1140\" height=\"760\" src=\"https:\/\/autorai.nl\/wp-content\/uploads\/2023\/09\/audisq8tfsi3-1140x760.jpg\" alt=\"Audi SQ8 TFSI\" class=\"wp-image-166174\"><\/figure>\n<h2>Sakhir Gold, Ascari Blue y Chili Red<\/h2>\n<p>Los paquetes Black y Black Plus disponibles opcionalmente dotan al Audi Q8 de llamativos detalles en negro de alto brillo alrededor de la parrilla, las molduras de las ventanillas y los paragolpes delantero y trasero. Para subrayar a\u00fan m\u00e1s el car\u00e1cter del Q8, se ofrecen tres nuevos colores metalizados: Oro Sakhir, Azul Ascari y Rojo Chili. La gama de llantas tambi\u00e9n se ha ampliado con cinco nuevos dise\u00f1os, de tama\u00f1os comprendidos entre 21 y 23 pulgadas. Las costuras de la tapicer\u00eda de los asientos ahora son de color gris de contraste de serie en la versi\u00f3n b\u00e1sica. Para el interior, se puede elegir entre nueve detalles decorativos.<\/p>\n<h2>Audi virtual cockpit en Full HD<\/h2>\n<p>Como parte de la actualizaci\u00f3n, Audi tambi\u00e9n ampl\u00eda su gama de aplicaciones. Las actualizaciones peri\u00f3dicas del software y la creciente gama de aplicaciones permiten personalizar a\u00fan m\u00e1s el sistema de infoentretenimiento. En cuanto a los sistemas de asistencia a la conducci\u00f3n, el Audi virtual cockpit en particular ha recibido una importante actualizaci\u00f3n. Ahora muestra todas las alertas y la informaci\u00f3n de tr\u00e1fico con una calidad Full HD impresionante.&nbsp;<\/p>\n<p>El programa de entregas del Audi Q8 para los Pa\u00edses Bajos, incluidas todas las especificaciones y precios, se anunciar\u00e1 m\u00e1s adelante.<\/p>\n<div class=\"galery galery-0\">\n<figure>\n\t\t\t\t\t<span style=\"cursor: pointer\" data-src=\"https:\/\/autorai.nl\/wp-content\/uploads\/2023\/09\/audisq8tfsi3-1600x1067.jpg\" data-fancybox=\"galery-0\" title=\"Foto din\u00e1mica, Color: Azul Waitomo\"><br \/>\n\t\t\t\t\t\t\t<img decoding=\"async\" width=\"360\" height=\"270\" src=\"https:\/\/autorai.nl\/wp-content\/uploads\/2023\/09\/audisq8tfsi3-360x270.jpg\" class=\"attachment-small size-small\" alt=\"Audi SQ8 TFSI\" loading=\"lazy\"><i class=\"fa fa-search-plus\" aria-hidden=\"true\"><\/i><br \/>\n\t\t\t\t\t\t<\/span><br \/>\n\t\t\t\t\t<\/figure>\n<figure>\n\t\t\t\t\t<span style=\"cursor: pointer\" data-src=\"https:\/\/autorai.nl\/wp-content\/uploads\/2023\/09\/audisq8tfsi2-1600x1067.jpg\" data-fancybox=\"galery-0\" title=\"Foto est\u00e1tica, Color: Azul Waitomo\"><br \/>\n\t\t\t\t\t\t\t<img decoding=\"async\" width=\"360\" height=\"270\" src=\"https:\/\/autorai.nl\/wp-content\/uploads\/2023\/09\/audisq8tfsi2-360x270.jpg\" class=\"attachment-small size-small\" alt=\"\" loading=\"lazy\"><i class=\"fa fa-search-plus\" aria-hidden=\"true\"><\/i><br \/>\n\t\t\t\t\t\t<\/span><br \/>\n\t\t\t\t\t<\/figure>\n<figure>\n\t\t\t\t\t<span style=\"cursor: pointer\" data-src=\"https:\/\/autorai.nl\/wp-content\/uploads\/2023\/09\/audiq88-1600x1024.jpg\" data-fancybox=\"galery-0\" title=\"Foto est\u00e1tica, Color: Sakhir oro met\u00e1lico\"><br \/>\n\t\t\t\t\t\t\t<img decoding=\"async\" width=\"360\" height=\"270\" src=\"https:\/\/autorai.nl\/wp-content\/uploads\/2023\/09\/audiq88-360x270.jpg\" class=\"attachment-small size-small\" alt=\"Audi Q8\" loading=\"lazy\"><i class=\"fa fa-search-plus\" aria-hidden=\"true\"><\/i><br \/>\n\t\t\t\t\t\t<\/span><br \/>\n\t\t\t\t\t<\/figure>\n<figure>\n\t\t\t\t\t<span style=\"cursor: pointer\" data-src=\"https:\/\/autorai.nl\/wp-content\/uploads\/2023\/09\/audiq87-1600x992.jpg\" data-fancybox=\"galery-0\" title=\"Foto est\u00e1tica, Color: Sakhir oro met\u00e1lico\"><br \/>\n\t\t\t\t\t\t\t<img decoding=\"async\" width=\"360\" height=\"270\" src=\"https:\/\/autorai.nl\/wp-content\/uploads\/2023\/09\/audiq87-360x270.jpg\" class=\"attachment-small size-small\" alt=\"\" loading=\"lazy\"><i class=\"fa fa-search-plus\" aria-hidden=\"true\"><\/i><br \/>\n\t\t\t\t\t\t<\/span><br \/>\n\t\t\t\t\t<\/figure>\n<figure>\n\t\t\t\t\t<span style=\"cursor: pointer\" data-src=\"https:\/\/autorai.nl\/wp-content\/uploads\/2023\/09\/audiq81-1600x900.jpg\" data-fancybox=\"galery-0\" title=\"Foto est\u00e1tica, Color: Sakhir oro met\u00e1lico\"><br \/>\n\t\t\t\t\t\t\t<img decoding=\"async\" width=\"360\" height=\"270\" src=\"https:\/\/autorai.nl\/wp-content\/uploads\/2023\/09\/audiq81-360x270.jpg\" class=\"attachment-small size-small\" alt=\"\" loading=\"lazy\"><i class=\"fa fa-search-plus\" aria-hidden=\"true\"><\/i><br \/>\n\t\t\t\t\t\t<\/span><br \/>\n\t\t\t\t\t<\/figure>\n<figure>\n\t\t\t\t\t<span style=\"cursor: pointer\" data-src=\"https:\/\/autorai.nl\/wp-content\/uploads\/2023\/09\/audiq86-1600x1039.jpg\" data-fancybox=\"galery-0\" title=\"Foto din\u00e1mica, Color: Sakhir dorado metalizado\"><br \/>\n\t\t\t\t\t\t\t<img decoding=\"async\" width=\"360\" height=\"270\" src=\"https:\/\/autorai.nl\/wp-content\/uploads\/2023\/09\/audiq86-360x270.jpg\" class=\"attachment-small size-small\" alt=\"\" loading=\"lazy\"><i class=\"fa fa-search-plus\" aria-hidden=\"true\"><\/i><br \/>\n\t\t\t\t\t\t<\/span><br \/>\n\t\t\t\t\t<\/figure>\n<figure>\n\t\t\t\t\t<span style=\"cursor: pointer\" data-src=\"https:\/\/autorai.nl\/wp-content\/uploads\/2023\/09\/audiq85-1600x903.jpg\" data-fancybox=\"galery-0\" title=\"Foto din\u00e1mica, Color: Sakhir dorado metalizado\"><br \/>\n\t\t\t\t\t\t\t<img decoding=\"async\" width=\"360\" height=\"270\" src=\"https:\/\/autorai.nl\/wp-content\/uploads\/2023\/09\/audiq85-360x270.jpg\" class=\"attachment-small size-small\" alt=\"\" loading=\"lazy\"><i class=\"fa fa-search-plus\" aria-hidden=\"true\"><\/i><br \/>\n\t\t\t\t\t\t<\/span><br \/>\n\t\t\t\t\t<\/figure>\n<figure>\n\t\t\t\t\t<span style=\"cursor: pointer\" data-src=\"https:\/\/autorai.nl\/wp-content\/uploads\/2023\/09\/audiq84-1600x1200.jpg\" data-fancybox=\"galery-0\" title=\"Interior, Color: Sakhir dorado metalizado\"><br \/>\n\t\t\t\t\t\t\t<img decoding=\"async\" width=\"360\" height=\"270\" src=\"https:\/\/autorai.nl\/wp-content\/uploads\/2023\/09\/audiq84-360x270.jpg\" class=\"attachment-small size-small\" alt=\"\" loading=\"lazy\"><i class=\"fa fa-search-plus\" aria-hidden=\"true\"><\/i><br \/>\n\t\t\t\t\t\t<\/span><br \/>\n\t\t\t\t\t<\/figure>\n<figure>\n\t\t\t\t\t<span style=\"cursor: pointer\" data-src=\"https:\/\/autorai.nl\/wp-content\/uploads\/2023\/09\/audiq83-1600x1200.jpg\" data-fancybox=\"galery-0\" title=\"Cockpit, Color: Sakhir oro met\u00e1lico\"><br \/>\n\t\t\t\t\t\t\t<img decoding=\"async\" width=\"360\" height=\"270\" src=\"https:\/\/autorai.nl\/wp-content\/uploads\/2023\/09\/audiq83-360x270.jpg\" class=\"attachment-small size-small\" alt=\"\" loading=\"lazy\"><i class=\"fa fa-search-plus\" aria-hidden=\"true\"><\/i><br \/>\n\t\t\t\t\t\t<\/span><br \/>\n\t\t\t\t\t<\/figure>\n<figure>\n\t\t\t\t\t<span style=\"cursor: pointer\" data-src=\"https:\/\/autorai.nl\/wp-content\/uploads\/2023\/09\/audiq82-1600x1200.jpg\" data-fancybox=\"galery-0\" title=\"Detalle, Color: Sakhir oro met\u00e1lico\"><br \/>\n\t\t\t\t\t\t\t<img decoding=\"async\" width=\"360\" height=\"270\" src=\"https:\/\/autorai.nl\/wp-content\/uploads\/2023\/09\/audiq82-360x270.jpg\" class=\"attachment-small size-small\" alt=\"\" loading=\"lazy\"><i class=\"fa fa-search-plus\" aria-hidden=\"true\"><\/i><br \/>\n\t\t\t\t\t\t<\/span><br \/>\n\t\t\t\t\t<\/figure>\n<div class=\"clear\"><\/div>\n<\/div>\n","protected":false},"excerpt":{"rendered":"Nueva parrilla Los cambios m\u00e1s llamativos en el dise\u00f1o del Q8 actualizado incluyen la parrilla revisada con estructura de nido&hellip;","protected":false},"author":0,"featured_media":138726,"comment_status":"","ping_status":"open","sticky":false,"template":"","format":"standard","meta":{"footnotes":""},"categories":[126],"tags":[],"class_list":["post-138805","post","type-post","status-publish","format-standard","has-post-thumbnail","hentry","category-noticias-de-autos"],"acf":[],"yoast_head":"<!-- This site is optimized with the Yoast SEO plugin v21.2 - https:\/\/yoast.com\/wordpress\/plugins\/seo\/ -->\n<title>Actualizaci\u00f3n completa para Audi Q8, \u00a1incluido Audi SQ8! - All cars news<\/title>\n<meta name=\"robots\" content=\"index, follow, max-snippet:-1, max-image-preview:large, max-video-preview:-1\" \/>\n<link rel=\"canonical\" href=\"https:\/\/all-car-news.com\/es\/actualizacion-completa-para-audi-q8-incluido-audi-sq8\/\" \/>\n<meta property=\"og:locale\" content=\"es_ES\" \/>\n<meta property=\"og:type\" content=\"article\" \/>\n<meta property=\"og:title\" content=\"Actualizaci\u00f3n completa para Audi Q8, \u00a1incluido Audi SQ8! - All cars news\" \/>\n<meta property=\"og:description\" content=\"Nueva parrilla Los cambios m\u00e1s llamativos en el dise\u00f1o del Q8 actualizado incluyen la parrilla revisada con estructura de nido de abeja y los difusores delantero y trasero en color de contraste de serie. El paquete exterior S line disponible opcionalmente ofrece una parrilla con estructura de panal de abeja. Adem\u00e1s, el Audi Q8 actualizado se reconoce por [...]\" \/>\n<meta property=\"og:url\" content=\"https:\/\/all-car-news.com\/es\/actualizacion-completa-para-audi-q8-incluido-audi-sq8\/\" \/>\n<meta property=\"og:site_name\" content=\"All cars news\" \/>\n<meta property=\"article:published_time\" content=\"2023-09-06T14:22:45+00:00\" \/>\n<meta property=\"og:image\" content=\"https:\/\/autorai.nl\/wp-content\/uploads\/2023\/09\/audiq88-1140x730.jpg\" \/>\n<meta name=\"twitter:card\" content=\"summary_large_image\" \/>\n<meta name=\"twitter:label1\" content=\"Tiempo de lectura\" \/>\n\t<meta name=\"twitter:data1\" content=\"3 minutos\" \/>\n<script type=\"application\/ld+json\" class=\"yoast-schema-graph\">{\"@context\":\"https:\/\/schema.org\",\"@graph\":[{\"@type\":\"Article\",\"@id\":\"https:\/\/all-car-news.com\/es\/actualizacion-completa-para-audi-q8-incluido-audi-sq8\/#article\",\"isPartOf\":{\"@id\":\"https:\/\/all-car-news.com\/es\/actualizacion-completa-para-audi-q8-incluido-audi-sq8\/\"},\"author\":{\"name\":\"\",\"@id\":\"\"},\"headline\":\"Actualizaci\u00f3n completa para Audi Q8, \u00a1incluido Audi SQ8!\",\"datePublished\":\"2023-09-06T14:22:45+00:00\",\"dateModified\":\"2023-09-06T14:22:45+00:00\",\"mainEntityOfPage\":{\"@id\":\"https:\/\/all-car-news.com\/es\/actualizacion-completa-para-audi-q8-incluido-audi-sq8\/\"},\"wordCount\":581,\"publisher\":{\"@id\":\"https:\/\/all-car-news.com\/es\/#organization\"},\"articleSection\":[\"noticias de autos\"],\"inLanguage\":\"es\"},{\"@type\":\"WebPage\",\"@id\":\"https:\/\/all-car-news.com\/es\/actualizacion-completa-para-audi-q8-incluido-audi-sq8\/\",\"url\":\"https:\/\/all-car-news.com\/es\/actualizacion-completa-para-audi-q8-incluido-audi-sq8\/\",\"name\":\"Actualizaci\u00f3n completa para Audi Q8, \u00a1incluido Audi SQ8! - All cars news\",\"isPartOf\":{\"@id\":\"https:\/\/all-car-news.com\/es\/#website\"},\"datePublished\":\"2023-09-06T14:22:45+00:00\",\"dateModified\":\"2023-09-06T14:22:45+00:00\",\"breadcrumb\":{\"@id\":\"https:\/\/all-car-news.com\/es\/actualizacion-completa-para-audi-q8-incluido-audi-sq8\/#breadcrumb\"},\"inLanguage\":\"es\",\"potentialAction\":[{\"@type\":\"ReadAction\",\"target\":[\"https:\/\/all-car-news.com\/es\/actualizacion-completa-para-audi-q8-incluido-audi-sq8\/\"]}]},{\"@type\":\"BreadcrumbList\",\"@id\":\"https:\/\/all-car-news.com\/es\/actualizacion-completa-para-audi-q8-incluido-audi-sq8\/#breadcrumb\",\"itemListElement\":[{\"@type\":\"ListItem\",\"position\":1,\"name\":\"Home\",\"item\":\"https:\/\/all-car-news.com\/es\/\"},{\"@type\":\"ListItem\",\"position\":2,\"name\":\"Actualizaci\u00f3n completa para Audi Q8, \u00a1incluido Audi SQ8!\"}]},{\"@type\":\"WebSite\",\"@id\":\"https:\/\/all-car-news.com\/es\/#website\",\"url\":\"https:\/\/all-car-news.com\/es\/\",\"name\":\"All cars news\",\"description\":\"\",\"publisher\":{\"@id\":\"https:\/\/all-car-news.com\/es\/#organization\"},\"potentialAction\":[{\"@type\":\"SearchAction\",\"target\":{\"@type\":\"EntryPoint\",\"urlTemplate\":\"https:\/\/all-car-news.com\/es\/?s={search_term_string}\"},\"query-input\":\"required name=search_term_string\"}],\"inLanguage\":\"es\"},{\"@type\":\"Organization\",\"@id\":\"https:\/\/all-car-news.com\/es\/#organization\",\"name\":\"All cars news\",\"url\":\"https:\/\/all-car-news.com\/es\/\",\"logo\":{\"@type\":\"ImageObject\",\"inLanguage\":\"es\",\"@id\":\"https:\/\/all-car-news.com\/es\/#\/schema\/logo\/image\/\",\"url\":\"https:\/\/all-car-news.com\/wp-content\/uploads\/2022\/02\/CMYK-AllCarNews_LANDSCAPE_300px-1.png\",\"contentUrl\":\"https:\/\/all-car-news.com\/wp-content\/uploads\/2022\/02\/CMYK-AllCarNews_LANDSCAPE_300px-1.png\",\"width\":300,\"height\":100,\"caption\":\"All cars news\"},\"image\":{\"@id\":\"https:\/\/all-car-news.com\/es\/#\/schema\/logo\/image\/\"}}]}<\/script>\n<!-- \/ Yoast SEO plugin. -->","yoast_head_json":{"title":"Actualizaci\u00f3n completa para Audi Q8, \u00a1incluido Audi SQ8! - All cars news","robots":{"index":"index","follow":"follow","max-snippet":"max-snippet:-1","max-image-preview":"max-image-preview:large","max-video-preview":"max-video-preview:-1"},"canonical":"https:\/\/all-car-news.com\/es\/actualizacion-completa-para-audi-q8-incluido-audi-sq8\/","og_locale":"es_ES","og_type":"article","og_title":"Actualizaci\u00f3n completa para Audi Q8, \u00a1incluido Audi SQ8! - All cars news","og_description":"Nueva parrilla Los cambios m\u00e1s llamativos en el dise\u00f1o del Q8 actualizado incluyen la parrilla revisada con estructura de nido de abeja y los difusores delantero y trasero en color de contraste de serie. El paquete exterior S line disponible opcionalmente ofrece una parrilla con estructura de panal de abeja. Adem\u00e1s, el Audi Q8 actualizado se reconoce por [...]","og_url":"https:\/\/all-car-news.com\/es\/actualizacion-completa-para-audi-q8-incluido-audi-sq8\/","og_site_name":"All cars news","article_published_time":"2023-09-06T14:22:45+00:00","og_image":[{"url":"https:\/\/autorai.nl\/wp-content\/uploads\/2023\/09\/audiq88-1140x730.jpg"}],"twitter_card":"summary_large_image","twitter_misc":{"Tiempo de lectura":"3 minutos"},"schema":{"@context":"https:\/\/schema.org","@graph":[{"@type":"Article","@id":"https:\/\/all-car-news.com\/es\/actualizacion-completa-para-audi-q8-incluido-audi-sq8\/#article","isPartOf":{"@id":"https:\/\/all-car-news.com\/es\/actualizacion-completa-para-audi-q8-incluido-audi-sq8\/"},"author":{"name":"","@id":""},"headline":"Actualizaci\u00f3n completa para Audi Q8, \u00a1incluido Audi SQ8!","datePublished":"2023-09-06T14:22:45+00:00","dateModified":"2023-09-06T14:22:45+00:00","mainEntityOfPage":{"@id":"https:\/\/all-car-news.com\/es\/actualizacion-completa-para-audi-q8-incluido-audi-sq8\/"},"wordCount":581,"publisher":{"@id":"https:\/\/all-car-news.com\/es\/#organization"},"articleSection":["noticias de autos"],"inLanguage":"es"},{"@type":"WebPage","@id":"https:\/\/all-car-news.com\/es\/actualizacion-completa-para-audi-q8-incluido-audi-sq8\/","url":"https:\/\/all-car-news.com\/es\/actualizacion-completa-para-audi-q8-incluido-audi-sq8\/","name":"Actualizaci\u00f3n completa para Audi Q8, \u00a1incluido Audi SQ8! - All cars news","isPartOf":{"@id":"https:\/\/all-car-news.com\/es\/#website"},"datePublished":"2023-09-06T14:22:45+00:00","dateModified":"2023-09-06T14:22:45+00:00","breadcrumb":{"@id":"https:\/\/all-car-news.com\/es\/actualizacion-completa-para-audi-q8-incluido-audi-sq8\/#breadcrumb"},"inLanguage":"es","potentialAction":[{"@type":"ReadAction","target":["https:\/\/all-car-news.com\/es\/actualizacion-completa-para-audi-q8-incluido-audi-sq8\/"]}]},{"@type":"BreadcrumbList","@id":"https:\/\/all-car-news.com\/es\/actualizacion-completa-para-audi-q8-incluido-audi-sq8\/#breadcrumb","itemListElement":[{"@type":"ListItem","position":1,"name":"Home","item":"https:\/\/all-car-news.com\/es\/"},{"@type":"ListItem","position":2,"name":"Actualizaci\u00f3n completa para Audi Q8, \u00a1incluido Audi SQ8!"}]},{"@type":"WebSite","@id":"https:\/\/all-car-news.com\/es\/#website","url":"https:\/\/all-car-news.com\/es\/","name":"All cars news","description":"","publisher":{"@id":"https:\/\/all-car-news.com\/es\/#organization"},"potentialAction":[{"@type":"SearchAction","target":{"@type":"EntryPoint","urlTemplate":"https:\/\/all-car-news.com\/es\/?s={search_term_string}"},"query-input":"required name=search_term_string"}],"inLanguage":"es"},{"@type":"Organization","@id":"https:\/\/all-car-news.com\/es\/#organization","name":"All cars news","url":"https:\/\/all-car-news.com\/es\/","logo":{"@type":"ImageObject","inLanguage":"es","@id":"https:\/\/all-car-news.com\/es\/#\/schema\/logo\/image\/","url":"https:\/\/all-car-news.com\/wp-content\/uploads\/2022\/02\/CMYK-AllCarNews_LANDSCAPE_300px-1.png","contentUrl":"https:\/\/all-car-news.com\/wp-content\/uploads\/2022\/02\/CMYK-AllCarNews_LANDSCAPE_300px-1.png","width":300,"height":100,"caption":"All cars news"},"image":{"@id":"https:\/\/all-car-news.com\/es\/#\/schema\/logo\/image\/"}}]}},"_links":{"self":[{"href":"https:\/\/all-car-news.com\/es\/wp-json\/wp\/v2\/posts\/138805","targetHints":{"allow":["GET"]}}],"collection":[{"href":"https:\/\/all-car-news.com\/es\/wp-json\/wp\/v2\/posts"}],"about":[{"href":"https:\/\/all-car-news.com\/es\/wp-json\/wp\/v2\/types\/post"}],"replies":[{"embeddable":true,"href":"https:\/\/all-car-news.com\/es\/wp-json\/wp\/v2\/comments?post=138805"}],"version-history":[{"count":0,"href":"https:\/\/all-car-news.com\/es\/wp-json\/wp\/v2\/posts\/138805\/revisions"}],"wp:featuredmedia":[{"embeddable":true,"href":"https:\/\/all-car-news.com\/es\/wp-json\/wp\/v2\/media\/138726"}],"wp:attachment":[{"href":"https:\/\/all-car-news.com\/es\/wp-json\/wp\/v2\/media?parent=138805"}],"wp:term":[{"taxonomy":"category","embeddable":true,"href":"https:\/\/all-car-news.com\/es\/wp-json\/wp\/v2\/categories?post=138805"},{"taxonomy":"post_tag","embeddable":true,"href":"https:\/\/all-car-news.com\/es\/wp-json\/wp\/v2\/tags?post=138805"}],"curies":[{"name":"wp","href":"https:\/\/api.w.org\/{rel}","templated":true}]}}