{"id":138711,"date":"2023-09-04T07:17:06","date_gmt":"2023-09-04T07:17:06","guid":{"rendered":"https:\/\/all-car-news.com\/fuente-de-energia-zeekr-001-fr\/"},"modified":"2023-09-04T07:17:06","modified_gmt":"2023-09-04T07:17:06","slug":"fuente-de-energia-zeekr-001-fr","status":"publish","type":"post","link":"https:\/\/all-car-news.com\/es\/fuente-de-energia-zeekr-001-fr\/","title":{"rendered":"Fuente de energ\u00eda: ZEEKR 001 FR"},"content":{"rendered":"<h2>tren motriz<\/h2>\n<p>El ZEEKR 001 FR tiene un dise\u00f1o exterior e interior \u00fanico, centrado en la reducci\u00f3n de peso. Por este motivo, se han utilizado muchos componentes ligeros de fibra de carbono. Con motores el\u00e9ctricos Quad de carburo de silicio y tecnolog\u00edas internas de software y hardware, el ZEEKR 001 FR utiliza tecnolog\u00edas de vectorizaci\u00f3n de par que env\u00edan la m\u00e1xima potencia a cada rueda y pueden ajustar la potencia a cada rueda en milisegundos para disfrutar de una aut\u00e9ntica experiencia de rendimiento. La potencia del sistema asciende a 1.265 CV, y el sprint de 0 a 100 km\/h tarda s\u00f3lo 2,07 segundos.<\/p>\n<h2>Bater\u00eda ZEEKR 001 FR<\/h2>\n<p>El coche utiliza un paquete de bater\u00edas CATL Qilin de 100 kWh con soporte tecnol\u00f3gico de 800 V. Cargar la bater\u00eda del 10 al 80 por ciento s\u00f3lo lleva 15 minutos con un cargador r\u00e1pido. A\u00fan no se sabe nada de la gama.<\/p>\n<figure class=\"wp-block-image size-content\"><img decoding=\"async\" loading=\"lazy\" width=\"1140\" height=\"713\" src=\"https:\/\/autorai.nl\/wp-content\/uploads\/2023\/09\/zeekr-001-fr-2023-foto3-1140x713.jpg\" alt=\"ZEEKR 001 FR\" class=\"wp-image-165752\"><\/figure>\n<h2>Acostumbrarse al poder<\/h2>\n<p>Las entregas del nuevo ZEEKR 001 FR comenzar\u00e1n en octubre de 2023, con una producci\u00f3n limitada a 99 coches al mes. Cada comprador recibe sesiones de formaci\u00f3n personalizadas para acostumbrarse a conducir veh\u00edculos potentes.<\/p>\n<h2>Red de recarga propia ZEEKR<\/h2>\n<p>ZEEKR ya tiene planes para su propia red de recarga en China. De aqu\u00ed a 2023, se a\u00f1adir\u00e1n 450 nuevas estaciones de recarga ultrarr\u00e1pida en toda China. La marca tambi\u00e9n est\u00e1 trabajando en una nueva estaci\u00f3n de carga V3 con una capacidad m\u00e1xima de carga de 800 kW y una tensi\u00f3n m\u00e1xima de salida de 1.000 V con una corriente m\u00e1xima de salida de 800 A. A corto plazo, ZEEKR espera alcanzar las 1.000 estaciones de carga ultrarr\u00e1pida para 2024.<\/p>\n<div class=\"galery shuffle galery-0\">\n<figure>\n\t\t\t\t\t<span style=\"cursor: pointer\" data-src=\"https:\/\/autorai.nl\/wp-content\/uploads\/2023\/09\/zeekr-001-fr-2023-foto1-1600x1000.jpg\" data-fancybox=\"galery-0\" title=\"\"><br \/>\n\t\t\t\t\t\t\t<img decoding=\"async\" width=\"640\" height=\"480\" src=\"https:\/\/autorai.nl\/wp-content\/uploads\/2023\/09\/zeekr-001-fr-2023-foto1-640x480.jpg\" class=\"attachment-medium size-medium\" alt=\"\" loading=\"lazy\"><i class=\"fa fa-search-plus\" aria-hidden=\"true\"><\/i><br \/>\n\t\t\t\t\t\t<\/span><br \/>\n\t\t\t\t\t<\/figure>\n<figure>\n\t\t\t\t\t<span style=\"cursor: pointer\" data-src=\"https:\/\/autorai.nl\/wp-content\/uploads\/2023\/09\/zeekr-001-fr-2023-foto12-1600x1000.jpg\" data-fancybox=\"galery-0\" title=\"\"><br \/>\n\t\t\t\t\t\t\t<img decoding=\"async\" width=\"360\" height=\"270\" src=\"https:\/\/autorai.nl\/wp-content\/uploads\/2023\/09\/zeekr-001-fr-2023-foto12-360x270.jpg\" class=\"attachment-small size-small\" alt=\"\" loading=\"lazy\"><i class=\"fa fa-search-plus\" aria-hidden=\"true\"><\/i><br \/>\n\t\t\t\t\t\t<\/span><br \/>\n\t\t\t\t\t<\/figure>\n<figure>\n\t\t\t\t\t<span style=\"cursor: pointer\" data-src=\"https:\/\/autorai.nl\/wp-content\/uploads\/2023\/09\/zeekr-001-fr-2023-foto11-1600x1000.jpg\" data-fancybox=\"galery-0\" title=\"\"><br \/>\n\t\t\t\t\t\t\t<img decoding=\"async\" width=\"360\" height=\"270\" src=\"https:\/\/autorai.nl\/wp-content\/uploads\/2023\/09\/zeekr-001-fr-2023-foto11-360x270.jpg\" class=\"attachment-small size-small\" alt=\"\" loading=\"lazy\"><i class=\"fa fa-search-plus\" aria-hidden=\"true\"><\/i><br \/>\n\t\t\t\t\t\t<\/span><br \/>\n\t\t\t\t\t<\/figure>\n<figure>\n\t\t\t\t\t<span style=\"cursor: pointer\" data-src=\"https:\/\/autorai.nl\/wp-content\/uploads\/2023\/09\/zeekr-001-fr-2023-foto10-1600x1000.jpg\" data-fancybox=\"galery-0\" title=\"\"><br \/>\n\t\t\t\t\t\t\t<img decoding=\"async\" width=\"640\" height=\"480\" src=\"https:\/\/autorai.nl\/wp-content\/uploads\/2023\/09\/zeekr-001-fr-2023-foto10-640x480.jpg\" class=\"attachment-medium size-medium\" alt=\"\" loading=\"lazy\"><i class=\"fa fa-search-plus\" aria-hidden=\"true\"><\/i><br \/>\n\t\t\t\t\t\t<\/span><br \/>\n\t\t\t\t\t<\/figure>\n<figure>\n\t\t\t\t\t<span style=\"cursor: pointer\" data-src=\"https:\/\/autorai.nl\/wp-content\/uploads\/2023\/09\/zeekr-001-fr-2023-foto9-1600x1000.jpg\" data-fancybox=\"galery-0\" title=\"\"><br \/>\n\t\t\t\t\t\t\t<img decoding=\"async\" width=\"360\" height=\"270\" src=\"https:\/\/autorai.nl\/wp-content\/uploads\/2023\/09\/zeekr-001-fr-2023-foto9-360x270.jpg\" class=\"attachment-small size-small\" alt=\"\" loading=\"lazy\"><i class=\"fa fa-search-plus\" aria-hidden=\"true\"><\/i><br \/>\n\t\t\t\t\t\t<\/span><br \/>\n\t\t\t\t\t<\/figure>\n<figure>\n\t\t\t\t\t<span style=\"cursor: pointer\" data-src=\"https:\/\/autorai.nl\/wp-content\/uploads\/2023\/09\/zeekr-001-fr-2023-foto8-1600x1000.jpg\" data-fancybox=\"galery-0\" title=\"\"><br \/>\n\t\t\t\t\t\t\t<img decoding=\"async\" width=\"360\" height=\"270\" src=\"https:\/\/autorai.nl\/wp-content\/uploads\/2023\/09\/zeekr-001-fr-2023-foto8-360x270.jpg\" class=\"attachment-small size-small\" alt=\"\" loading=\"lazy\"><i class=\"fa fa-search-plus\" aria-hidden=\"true\"><\/i><br \/>\n\t\t\t\t\t\t<\/span><br \/>\n\t\t\t\t\t<\/figure>\n<figure>\n\t\t\t\t\t<span style=\"cursor: pointer\" data-src=\"https:\/\/autorai.nl\/wp-content\/uploads\/2023\/09\/zeekr-001-fr-2023-foto7-1600x1000.jpg\" data-fancybox=\"galery-0\" title=\"\"><br \/>\n\t\t\t\t\t\t\t<img decoding=\"async\" width=\"640\" height=\"480\" src=\"https:\/\/autorai.nl\/wp-content\/uploads\/2023\/09\/zeekr-001-fr-2023-foto7-640x480.jpg\" class=\"attachment-medium size-medium\" alt=\"\" loading=\"lazy\"><i class=\"fa fa-search-plus\" aria-hidden=\"true\"><\/i><br \/>\n\t\t\t\t\t\t<\/span><br \/>\n\t\t\t\t\t<\/figure>\n<figure>\n\t\t\t\t\t<span style=\"cursor: pointer\" data-src=\"https:\/\/autorai.nl\/wp-content\/uploads\/2023\/09\/zeekr-001-fr-2023-foto6-1600x1000.jpg\" data-fancybox=\"galery-0\" title=\"\"><br \/>\n\t\t\t\t\t\t\t<img decoding=\"async\" width=\"360\" height=\"270\" src=\"https:\/\/autorai.nl\/wp-content\/uploads\/2023\/09\/zeekr-001-fr-2023-foto6-360x270.jpg\" class=\"attachment-small size-small\" alt=\"\" loading=\"lazy\"><i class=\"fa fa-search-plus\" aria-hidden=\"true\"><\/i><br \/>\n\t\t\t\t\t\t<\/span><br \/>\n\t\t\t\t\t<\/figure>\n<figure>\n\t\t\t\t\t<span style=\"cursor: pointer\" data-src=\"https:\/\/autorai.nl\/wp-content\/uploads\/2023\/09\/zeekr-001-fr-2023-foto5-1600x1000.jpg\" data-fancybox=\"galery-0\" title=\"\"><br \/>\n\t\t\t\t\t\t\t<img decoding=\"async\" width=\"360\" height=\"270\" src=\"https:\/\/autorai.nl\/wp-content\/uploads\/2023\/09\/zeekr-001-fr-2023-foto5-360x270.jpg\" class=\"attachment-small size-small\" alt=\"\" loading=\"lazy\"><i class=\"fa fa-search-plus\" aria-hidden=\"true\"><\/i><br \/>\n\t\t\t\t\t\t<\/span><br \/>\n\t\t\t\t\t<\/figure>\n<figure>\n\t\t\t\t\t<span style=\"cursor: pointer\" data-src=\"https:\/\/autorai.nl\/wp-content\/uploads\/2023\/09\/zeekr-001-fr-2023-foto4-1600x1000.jpg\" data-fancybox=\"galery-0\" title=\"\"><br \/>\n\t\t\t\t\t\t\t<img decoding=\"async\" width=\"640\" height=\"480\" src=\"https:\/\/autorai.nl\/wp-content\/uploads\/2023\/09\/zeekr-001-fr-2023-foto4-640x480.jpg\" class=\"attachment-medium size-medium\" alt=\"ZEEKR 001 FR\" loading=\"lazy\"><i class=\"fa fa-search-plus\" aria-hidden=\"true\"><\/i><br \/>\n\t\t\t\t\t\t<\/span><br \/>\n\t\t\t\t\t<\/figure>\n<figure>\n\t\t\t\t\t<span style=\"cursor: pointer\" data-src=\"https:\/\/autorai.nl\/wp-content\/uploads\/2023\/09\/zeekr-001-fr-2023-foto3-1600x1000.jpg\" data-fancybox=\"galery-0\" title=\"\"><br \/>\n\t\t\t\t\t\t\t<img decoding=\"async\" width=\"360\" height=\"270\" src=\"https:\/\/autorai.nl\/wp-content\/uploads\/2023\/09\/zeekr-001-fr-2023-foto3-360x270.jpg\" class=\"attachment-small size-small\" alt=\"ZEEKR 001 FR\" loading=\"lazy\"><i class=\"fa fa-search-plus\" aria-hidden=\"true\"><\/i><br \/>\n\t\t\t\t\t\t<\/span><br \/>\n\t\t\t\t\t<\/figure>\n<figure>\n\t\t\t\t\t<span style=\"cursor: pointer\" data-src=\"https:\/\/autorai.nl\/wp-content\/uploads\/2023\/09\/zeekr-001-fr-2023-foto2-1600x1000.jpg\" data-fancybox=\"galery-0\" title=\"\"><br \/>\n\t\t\t\t\t\t\t<img decoding=\"async\" width=\"360\" height=\"270\" src=\"https:\/\/autorai.nl\/wp-content\/uploads\/2023\/09\/zeekr-001-fr-2023-foto2-360x270.jpg\" class=\"attachment-small size-small\" alt=\"ZEEKR 001 FR\" loading=\"lazy\"><i class=\"fa fa-search-plus\" aria-hidden=\"true\"><\/i><br \/>\n\t\t\t\t\t\t<\/span><br \/>\n\t\t\t\t\t<\/figure>\n<div class=\"clear\"><\/div>\n<\/div>\n","protected":false},"excerpt":{"rendered":"Cadena cinem\u00e1tica El ZEEKR 001 FR tiene un dise\u00f1o exterior e interior \u00fanico centrado en la reducci\u00f3n de peso. Por&hellip;","protected":false},"author":0,"featured_media":138674,"comment_status":"","ping_status":"open","sticky":false,"template":"","format":"standard","meta":{"footnotes":""},"categories":[126],"tags":[],"class_list":["post-138711","post","type-post","status-publish","format-standard","has-post-thumbnail","hentry","category-noticias-de-autos"],"acf":[],"yoast_head":"<!-- This site is optimized with the Yoast SEO plugin v21.2 - https:\/\/yoast.com\/wordpress\/plugins\/seo\/ -->\n<title>Fuente de energ\u00eda: ZEEKR 001 FR - All cars news<\/title>\n<meta name=\"robots\" content=\"index, follow, max-snippet:-1, max-image-preview:large, max-video-preview:-1\" \/>\n<link rel=\"canonical\" href=\"https:\/\/all-car-news.com\/es\/fuente-de-energia-zeekr-001-fr\/\" \/>\n<meta property=\"og:locale\" content=\"es_ES\" \/>\n<meta property=\"og:type\" content=\"article\" \/>\n<meta property=\"og:title\" content=\"Fuente de energ\u00eda: ZEEKR 001 FR - All cars news\" \/>\n<meta property=\"og:description\" content=\"Cadena cinem\u00e1tica El ZEEKR 001 FR tiene un dise\u00f1o exterior e interior \u00fanico centrado en la reducci\u00f3n de peso. Por este motivo, se han utilizado muchos componentes ligeros de fibra de carbono. Gracias a los motores el\u00e9ctricos Quad de carburo de silicio y a las tecnolog\u00edas internas de software y hardware, el ZEEKR 001 FR utiliza tecnolog\u00edas de vectorizaci\u00f3n de par que env\u00edan la m\u00e1xima potencia a cada rueda y [...].\" \/>\n<meta property=\"og:url\" content=\"https:\/\/all-car-news.com\/es\/fuente-de-energia-zeekr-001-fr\/\" \/>\n<meta property=\"og:site_name\" content=\"All cars news\" \/>\n<meta property=\"article:published_time\" content=\"2023-09-04T07:17:06+00:00\" \/>\n<meta property=\"og:image\" content=\"https:\/\/autorai.nl\/wp-content\/uploads\/2023\/09\/zeekr-001-fr-2023-foto3-1140x713.jpg\" \/>\n<meta name=\"twitter:card\" content=\"summary_large_image\" \/>\n<meta name=\"twitter:label1\" content=\"Tiempo de lectura\" \/>\n\t<meta name=\"twitter:data1\" content=\"1 minuto\" \/>\n<script type=\"application\/ld+json\" class=\"yoast-schema-graph\">{\"@context\":\"https:\/\/schema.org\",\"@graph\":[{\"@type\":\"Article\",\"@id\":\"https:\/\/all-car-news.com\/es\/fuente-de-energia-zeekr-001-fr\/#article\",\"isPartOf\":{\"@id\":\"https:\/\/all-car-news.com\/es\/fuente-de-energia-zeekr-001-fr\/\"},\"author\":{\"name\":\"\",\"@id\":\"\"},\"headline\":\"Fuente de energ\u00eda: ZEEKR 001 FR\",\"datePublished\":\"2023-09-04T07:17:06+00:00\",\"dateModified\":\"2023-09-04T07:17:06+00:00\",\"mainEntityOfPage\":{\"@id\":\"https:\/\/all-car-news.com\/es\/fuente-de-energia-zeekr-001-fr\/\"},\"wordCount\":288,\"publisher\":{\"@id\":\"https:\/\/all-car-news.com\/es\/#organization\"},\"articleSection\":[\"noticias de autos\"],\"inLanguage\":\"es\"},{\"@type\":\"WebPage\",\"@id\":\"https:\/\/all-car-news.com\/es\/fuente-de-energia-zeekr-001-fr\/\",\"url\":\"https:\/\/all-car-news.com\/es\/fuente-de-energia-zeekr-001-fr\/\",\"name\":\"Fuente de energ\u00eda: ZEEKR 001 FR - All cars news\",\"isPartOf\":{\"@id\":\"https:\/\/all-car-news.com\/es\/#website\"},\"datePublished\":\"2023-09-04T07:17:06+00:00\",\"dateModified\":\"2023-09-04T07:17:06+00:00\",\"breadcrumb\":{\"@id\":\"https:\/\/all-car-news.com\/es\/fuente-de-energia-zeekr-001-fr\/#breadcrumb\"},\"inLanguage\":\"es\",\"potentialAction\":[{\"@type\":\"ReadAction\",\"target\":[\"https:\/\/all-car-news.com\/es\/fuente-de-energia-zeekr-001-fr\/\"]}]},{\"@type\":\"BreadcrumbList\",\"@id\":\"https:\/\/all-car-news.com\/es\/fuente-de-energia-zeekr-001-fr\/#breadcrumb\",\"itemListElement\":[{\"@type\":\"ListItem\",\"position\":1,\"name\":\"Home\",\"item\":\"https:\/\/all-car-news.com\/es\/\"},{\"@type\":\"ListItem\",\"position\":2,\"name\":\"Fuente de energ\u00eda: ZEEKR 001 FR\"}]},{\"@type\":\"WebSite\",\"@id\":\"https:\/\/all-car-news.com\/es\/#website\",\"url\":\"https:\/\/all-car-news.com\/es\/\",\"name\":\"All cars news\",\"description\":\"\",\"publisher\":{\"@id\":\"https:\/\/all-car-news.com\/es\/#organization\"},\"potentialAction\":[{\"@type\":\"SearchAction\",\"target\":{\"@type\":\"EntryPoint\",\"urlTemplate\":\"https:\/\/all-car-news.com\/es\/?s={search_term_string}\"},\"query-input\":\"required name=search_term_string\"}],\"inLanguage\":\"es\"},{\"@type\":\"Organization\",\"@id\":\"https:\/\/all-car-news.com\/es\/#organization\",\"name\":\"All cars news\",\"url\":\"https:\/\/all-car-news.com\/es\/\",\"logo\":{\"@type\":\"ImageObject\",\"inLanguage\":\"es\",\"@id\":\"https:\/\/all-car-news.com\/es\/#\/schema\/logo\/image\/\",\"url\":\"https:\/\/all-car-news.com\/wp-content\/uploads\/2022\/02\/CMYK-AllCarNews_LANDSCAPE_300px-1.png\",\"contentUrl\":\"https:\/\/all-car-news.com\/wp-content\/uploads\/2022\/02\/CMYK-AllCarNews_LANDSCAPE_300px-1.png\",\"width\":300,\"height\":100,\"caption\":\"All cars news\"},\"image\":{\"@id\":\"https:\/\/all-car-news.com\/es\/#\/schema\/logo\/image\/\"}}]}<\/script>\n<!-- \/ Yoast SEO plugin. -->","yoast_head_json":{"title":"Fuente de energ\u00eda: ZEEKR 001 FR - All cars news","robots":{"index":"index","follow":"follow","max-snippet":"max-snippet:-1","max-image-preview":"max-image-preview:large","max-video-preview":"max-video-preview:-1"},"canonical":"https:\/\/all-car-news.com\/es\/fuente-de-energia-zeekr-001-fr\/","og_locale":"es_ES","og_type":"article","og_title":"Fuente de energ\u00eda: ZEEKR 001 FR - All cars news","og_description":"Cadena cinem\u00e1tica El ZEEKR 001 FR tiene un dise\u00f1o exterior e interior \u00fanico centrado en la reducci\u00f3n de peso. Por este motivo, se han utilizado muchos componentes ligeros de fibra de carbono. Gracias a los motores el\u00e9ctricos Quad de carburo de silicio y a las tecnolog\u00edas internas de software y hardware, el ZEEKR 001 FR utiliza tecnolog\u00edas de vectorizaci\u00f3n de par que env\u00edan la m\u00e1xima potencia a cada rueda y [...].","og_url":"https:\/\/all-car-news.com\/es\/fuente-de-energia-zeekr-001-fr\/","og_site_name":"All cars news","article_published_time":"2023-09-04T07:17:06+00:00","og_image":[{"url":"https:\/\/autorai.nl\/wp-content\/uploads\/2023\/09\/zeekr-001-fr-2023-foto3-1140x713.jpg"}],"twitter_card":"summary_large_image","twitter_misc":{"Tiempo de lectura":"1 minuto"},"schema":{"@context":"https:\/\/schema.org","@graph":[{"@type":"Article","@id":"https:\/\/all-car-news.com\/es\/fuente-de-energia-zeekr-001-fr\/#article","isPartOf":{"@id":"https:\/\/all-car-news.com\/es\/fuente-de-energia-zeekr-001-fr\/"},"author":{"name":"","@id":""},"headline":"Fuente de energ\u00eda: ZEEKR 001 FR","datePublished":"2023-09-04T07:17:06+00:00","dateModified":"2023-09-04T07:17:06+00:00","mainEntityOfPage":{"@id":"https:\/\/all-car-news.com\/es\/fuente-de-energia-zeekr-001-fr\/"},"wordCount":288,"publisher":{"@id":"https:\/\/all-car-news.com\/es\/#organization"},"articleSection":["noticias de autos"],"inLanguage":"es"},{"@type":"WebPage","@id":"https:\/\/all-car-news.com\/es\/fuente-de-energia-zeekr-001-fr\/","url":"https:\/\/all-car-news.com\/es\/fuente-de-energia-zeekr-001-fr\/","name":"Fuente de energ\u00eda: ZEEKR 001 FR - All cars news","isPartOf":{"@id":"https:\/\/all-car-news.com\/es\/#website"},"datePublished":"2023-09-04T07:17:06+00:00","dateModified":"2023-09-04T07:17:06+00:00","breadcrumb":{"@id":"https:\/\/all-car-news.com\/es\/fuente-de-energia-zeekr-001-fr\/#breadcrumb"},"inLanguage":"es","potentialAction":[{"@type":"ReadAction","target":["https:\/\/all-car-news.com\/es\/fuente-de-energia-zeekr-001-fr\/"]}]},{"@type":"BreadcrumbList","@id":"https:\/\/all-car-news.com\/es\/fuente-de-energia-zeekr-001-fr\/#breadcrumb","itemListElement":[{"@type":"ListItem","position":1,"name":"Home","item":"https:\/\/all-car-news.com\/es\/"},{"@type":"ListItem","position":2,"name":"Fuente de energ\u00eda: ZEEKR 001 FR"}]},{"@type":"WebSite","@id":"https:\/\/all-car-news.com\/es\/#website","url":"https:\/\/all-car-news.com\/es\/","name":"All cars news","description":"","publisher":{"@id":"https:\/\/all-car-news.com\/es\/#organization"},"potentialAction":[{"@type":"SearchAction","target":{"@type":"EntryPoint","urlTemplate":"https:\/\/all-car-news.com\/es\/?s={search_term_string}"},"query-input":"required name=search_term_string"}],"inLanguage":"es"},{"@type":"Organization","@id":"https:\/\/all-car-news.com\/es\/#organization","name":"All cars news","url":"https:\/\/all-car-news.com\/es\/","logo":{"@type":"ImageObject","inLanguage":"es","@id":"https:\/\/all-car-news.com\/es\/#\/schema\/logo\/image\/","url":"https:\/\/all-car-news.com\/wp-content\/uploads\/2022\/02\/CMYK-AllCarNews_LANDSCAPE_300px-1.png","contentUrl":"https:\/\/all-car-news.com\/wp-content\/uploads\/2022\/02\/CMYK-AllCarNews_LANDSCAPE_300px-1.png","width":300,"height":100,"caption":"All cars news"},"image":{"@id":"https:\/\/all-car-news.com\/es\/#\/schema\/logo\/image\/"}}]}},"_links":{"self":[{"href":"https:\/\/all-car-news.com\/es\/wp-json\/wp\/v2\/posts\/138711","targetHints":{"allow":["GET"]}}],"collection":[{"href":"https:\/\/all-car-news.com\/es\/wp-json\/wp\/v2\/posts"}],"about":[{"href":"https:\/\/all-car-news.com\/es\/wp-json\/wp\/v2\/types\/post"}],"replies":[{"embeddable":true,"href":"https:\/\/all-car-news.com\/es\/wp-json\/wp\/v2\/comments?post=138711"}],"version-history":[{"count":0,"href":"https:\/\/all-car-news.com\/es\/wp-json\/wp\/v2\/posts\/138711\/revisions"}],"wp:featuredmedia":[{"embeddable":true,"href":"https:\/\/all-car-news.com\/es\/wp-json\/wp\/v2\/media\/138674"}],"wp:attachment":[{"href":"https:\/\/all-car-news.com\/es\/wp-json\/wp\/v2\/media?parent=138711"}],"wp:term":[{"taxonomy":"category","embeddable":true,"href":"https:\/\/all-car-news.com\/es\/wp-json\/wp\/v2\/categories?post=138711"},{"taxonomy":"post_tag","embeddable":true,"href":"https:\/\/all-car-news.com\/es\/wp-json\/wp\/v2\/tags?post=138711"}],"curies":[{"name":"wp","href":"https:\/\/api.w.org\/{rel}","templated":true}]}}