{"id":138693,"date":"2023-09-04T08:25:23","date_gmt":"2023-09-04T08:25:23","guid":{"rendered":"https:\/\/all-car-news.com\/identificacion-de-volkswagen-gti-concept-ya-hay-luz-verde\/"},"modified":"2023-09-04T08:25:23","modified_gmt":"2023-09-04T08:25:23","slug":"identificacion-de-volkswagen-gti-concept-ya-hay-luz-verde","status":"publish","type":"post","link":"https:\/\/all-car-news.com\/es\/identificacion-de-volkswagen-gti-concept-ya-hay-luz-verde\/","title":{"rendered":"Identificaci\u00f3n de Volkswagen. GTI Concept: ya hay luz verde"},"content":{"rendered":"<h2>Basado en el Volkswagen ID.2all<\/h2>\n<p>Ha llegado la hora del GTI el\u00e9ctrico, seg\u00fan Volkswagen. Este Volkswagen ID. Avance del GTI Concept. El modelo de estudio se basa en el Volkswagen ID.2all presentado en marzo. Ya se ha aprobado el desarrollo de la producci\u00f3n en serie.<\/p>\n<p>\u00abCon tracci\u00f3n delantera, un dise\u00f1o elegante y unas proporciones potentes, este modelo es un punto de partida perfecto para un nuevo GTI en el que el placer de conducir, la durabilidad y la facilidad de uso encajan a la perfecci\u00f3n\u00bb, ha declarado Volkswagen.<\/p>\n<h2>GTI, con la &#8216;I&#8217; de&#8230;<\/h2>\n<p>A partir de ahora, la I de la legendaria combinaci\u00f3n de tres letras tambi\u00e9n significa \u00abInteligente\u00bb. Dado que la configuraci\u00f3n del motor el\u00e9ctrico es casi totalmente variable, el Gestor de Din\u00e1mica del Veh\u00edculo del ID. El GTI Concept integra la cadena cinem\u00e1tica a\u00fan m\u00e1s en el sistema de gesti\u00f3n que en los modelos con motor de combusti\u00f3n.<\/p>\n<p>Con variables como el tren motriz, la direcci\u00f3n, el sonido e incluso los puntos de cambio al estilo de los modelos GTI hist\u00f3ricos, esto permite una amplia gama de perfiles GTI. Se pueden seleccionar mediante el nuevo GTI Experience Control de la consola central. Eso hace la identificaci\u00f3n. GTI Concept tambi\u00e9n es una m\u00e1quina del tiempo din\u00e1mica.  <\/p>\n<figure class=\"wp-block-image size-content\"><img decoding=\"async\" loading=\"lazy\" width=\"1140\" height=\"760\" src=\"https:\/\/autorai.nl\/wp-content\/uploads\/2023\/09\/volkswagen-id-gti-concept-2023-foto13-1140x760.jpg\" alt=\"Volkswagen ID GTI Concept\" class=\"wp-image-165862\"><\/figure>\n<h2>La base: el Volkswagen ID.2all<\/h2>\n<p>Al igual que el primer GTI de 1976, el ID. GTI Concept utilizan el concepto de dise\u00f1o y tecnolog\u00eda de un modelo de producci\u00f3n en serie alcanzable, en este caso el Volkswagen ID.2all. La identificaci\u00f3n. El GTI Concept es compacto. Mide 4,10 metros de largo, 1,84 metros de ancho y 1,50 metros de alto. La distancia entre ejes es de 2,60 metros.  <\/p>\n<h2>Caracter\u00edsticas del modelo GTI<\/h2>\n<p>La forma distintiva del pilar C, el marco rojo de la parrilla, el spoiler trasero negro, las extensiones de los pasos de rueda en negro mate y el color Plata Diamante Metalizado son referencias al primer Golf GTI. El dise\u00f1o tambi\u00e9n incluye elementos GTI modernos, como las tomas de aire en forma de panal. Los ojos de remolque rojos son un gui\u00f1o al automovilismo.&nbsp;<\/p>\n<h2>Nuevos elementos GTI&nbsp;<\/h2>\n<p>Tambi\u00e9n con nuevos elementos de dise\u00f1o, el ID. GTI Concept el futuro del GTI. Un buen ejemplo son las tiras de LED conectadas a IQ. Los faros LED Matrix, las luces diurnas LED en posici\u00f3n vertical, el logotipo Volkswagen iluminado y las cortinas de aire enmarcadas en negro en el parachoques delantero deportivo. Las llantas de aleaci\u00f3n llaman la atenci\u00f3n por su tama\u00f1o de 20 pulgadas, ocho radios dobles, llamativo c\u00edrculo con ocho aberturas y acabado en una combinaci\u00f3n de negro y pulido de alto brillo. Los grupos \u00f3pticos traseros de la ID. GTI Concept est\u00e1n interconectados por una franja negra y el logotipo central de Volkswagen est\u00e1 iluminado. El difusor negro consta de dos partes. El poderoso aspecto se refuerza a\u00fan m\u00e1s con las extensiones de los pasos de rueda a juego. El parachoques trasero negro recuerda al del primitivo Golf GTI.<\/p>\n<figure class=\"wp-block-image size-content\"><img decoding=\"async\" loading=\"lazy\" width=\"1140\" height=\"641\" src=\"https:\/\/autorai.nl\/wp-content\/uploads\/2023\/09\/volkswagen-id-gti-concept-2023-foto23-1140x641.jpg\" alt=\"Volkswagen ID GTI Concept\" class=\"wp-image-165872\"><\/figure>\n<h2>Interior Volkswagen ID. Concepto GTI<\/h2>\n<p>Con detalles llamativos como los asientos deportivos forrados de tela a cuadros, el pomo del cambio en forma de pelota de golf y el volante deportivo de tres radios con su caracter\u00edstica secci\u00f3n central rebajada, el interior del primer Golf GTI tambi\u00e9n era de alto perfil deportivo. La identificaci\u00f3n. El GTI Concept interpreta estos elementos a su manera. Por ejemplo, el airbag empotrado en el volante deportivo de tres radios salva las distancias con el volante del Golf GTI I. Un detalle moderno es el marcador de las 12 horas iluminado.<\/p>\n<p>En los radios horizontales del volante se puede acceder perfectamente a los mandos de, por ejemplo, el salpicadero, el Head-up Display de realidad aumentada y el volumen del audio. Aunque la caja de cambios autom\u00e1tica del ID. GTI Concept se controla mediante un interruptor en la columna de direcci\u00f3n, el dise\u00f1o de la pelota de golf s\u00ed aparece en el interior: la pelota de golf de la consola central es el mando del GTI Experience Control, que selecciona los perfiles de conducci\u00f3n y la pantalla del salpicadero.<\/p>\n<h2>Asientos GTI, Cockpit GTI<\/h2>\n<p>Los asientos deportivos del ID. GTI Concept est\u00e1n parcialmente tapizados en un tejido a cuadros \u00abJack-e\u00bb, una referencia a la tapicer\u00eda a cuadros \u00abJacky\u00bb de los asientos del Golf GTI 6. En el reposacabezas del acompa\u00f1ante se ha integrado un elemento LED rojo intermitente. Este sensor \u00abGTI Heartbeat\u00bb deja claro cuando el coche est\u00e1 bloqueado que la alarma se ha activado.&nbsp;<\/p>\n<p>El GTI Experience Control permite seleccionar varias vistas del cuadro de instrumentos digital. Adem\u00e1s del ya de por s\u00ed deportivo aspecto de serie, tambi\u00e9n hay una pantalla GTI vintage, en la que el cuadro de instrumentos tiene la sensaci\u00f3n de la cabina del legendario Golf Pirelli GTI.&nbsp;<\/p>\n<h2>Head-up display GTI y modo GTI<\/h2>\n<p>La pantalla de realidad aumentada fusiona el mundo virtual con el entorno del coche. Esta pantalla tambi\u00e9n proyecta informaci\u00f3n (velocidad, autonom\u00eda restante) en el campo de visi\u00f3n del pasajero. En el modo est\u00e1ndar, se utiliza luz blanca (GTI Silver Drive) para las pantallas y la retroiluminaci\u00f3n. Cuando el conductor activa el nuevo modo GTI, cambia al tono GTI Rojo Turbo. Entonces, por ejemplo, la pantalla tambi\u00e9n proyecta el mapa de la pista por la que se circula y muestra la posici\u00f3n del coche en la pista. Una carrera muestra incluso la posici\u00f3n actual, los tiempos por vuelta y el n\u00famero de vueltas completadas. La identificaci\u00f3n. GTI Concept tambi\u00e9n lo utiliza para mostrar lo que es posible en el futuro.&nbsp;<\/p>\n<p>La identificaci\u00f3n. El GTI Concept ya presenta elementos que est\u00e1n casi listos para la producci\u00f3n en serie, como la gran pantalla t\u00e1ctil (12,9 pulgadas) y los mandos del sistema de climatizaci\u00f3n situados bajo ella. Para las funciones m\u00e1s importantes, hay botones iluminados al alcance tanto del conductor como del acompa\u00f1ante. El volumen del sonido se ajusta f\u00e1cilmente con un interruptor giratorio que se acciona con el pulgar. Los tel\u00e9fonos pueden cargarse sin cables. Adem\u00e1s de varios puertos USB-C, tambi\u00e9n hay una toma de 230 V.&nbsp;<\/p>\n<h2>\u00bfTambi\u00e9n un poco pr\u00e1ctico?<\/h2>\n<p>La facilidad de uso forma parte del ADN de GTI. La identificaci\u00f3n. GTI Concept, que se asienta sobre la plataforma de acceso MEB, tiene capacidad para cinco ocupantes. El maletero flexible con compartimento portaobjetos adicional tiene una capacidad de 490 litros (1.330 litros con los asientos traseros abatidos). Incluso debajo del asiento trasero hay otro espacio de almacenamiento con cerradura con un volumen de 50 litros, ideal para port\u00e1tiles y tabletas, por ejemplo.&nbsp;<\/p>\n<p>Adem\u00e1s, con su eficiente cadena cinem\u00e1tica, su bajo peso, su buena aerodin\u00e1mica, su gran bater\u00eda y su perfecto equilibrio entre deportividad y confort, el ID. GTI Concept listo para cualquier viaje (largo).<\/p>\n<div class=\"galery galery-0\">\n<figure>\n\t\t\t\t\t<span style=\"cursor: pointer\" data-src=\"https:\/\/autorai.nl\/wp-content\/uploads\/2023\/09\/volkswagen-id-gti-concept-2023-foto29-1600x1068.jpg\" data-fancybox=\"galery-0\" title=\"\"><br \/>\n\t\t\t\t\t\t\t<img decoding=\"async\" width=\"360\" height=\"270\" src=\"https:\/\/autorai.nl\/wp-content\/uploads\/2023\/09\/volkswagen-id-gti-concept-2023-foto29-360x270.jpg\" class=\"attachment-small size-small\" alt=\"\" loading=\"lazy\"><i class=\"fa fa-search-plus\" aria-hidden=\"true\"><\/i><br \/>\n\t\t\t\t\t\t<\/span><br \/>\n\t\t\t\t\t<\/figure>\n<figure>\n\t\t\t\t\t<span style=\"cursor: pointer\" data-src=\"https:\/\/autorai.nl\/wp-content\/uploads\/2023\/09\/volkswagen-id-gti-concept-2023-foto28-1600x900.jpg\" data-fancybox=\"galery-0\" title=\"\"><br \/>\n\t\t\t\t\t\t\t<img decoding=\"async\" width=\"360\" height=\"270\" src=\"https:\/\/autorai.nl\/wp-content\/uploads\/2023\/09\/volkswagen-id-gti-concept-2023-foto28-360x270.jpg\" class=\"attachment-small size-small\" alt=\"\" loading=\"lazy\"><i class=\"fa fa-search-plus\" aria-hidden=\"true\"><\/i><br \/>\n\t\t\t\t\t\t<\/span><br \/>\n\t\t\t\t\t<\/figure>\n<figure>\n\t\t\t\t\t<span style=\"cursor: pointer\" data-src=\"https:\/\/autorai.nl\/wp-content\/uploads\/2023\/09\/volkswagen-id-gti-concept-2023-foto27-1600x1068.jpg\" data-fancybox=\"galery-0\" title=\"\"><br \/>\n\t\t\t\t\t\t\t<img decoding=\"async\" width=\"360\" height=\"270\" src=\"https:\/\/autorai.nl\/wp-content\/uploads\/2023\/09\/volkswagen-id-gti-concept-2023-foto27-360x270.jpg\" class=\"attachment-small size-small\" alt=\"\" loading=\"lazy\"><i class=\"fa fa-search-plus\" aria-hidden=\"true\"><\/i><br \/>\n\t\t\t\t\t\t<\/span><br \/>\n\t\t\t\t\t<\/figure>\n<figure>\n\t\t\t\t\t<span style=\"cursor: pointer\" data-src=\"https:\/\/autorai.nl\/wp-content\/uploads\/2023\/09\/volkswagen-id-gti-concept-2023-foto26-1600x1067.jpg\" data-fancybox=\"galery-0\" title=\"\"><br \/>\n\t\t\t\t\t\t\t<img decoding=\"async\" width=\"360\" height=\"270\" src=\"https:\/\/autorai.nl\/wp-content\/uploads\/2023\/09\/volkswagen-id-gti-concept-2023-foto26-360x270.jpg\" class=\"attachment-small size-small\" alt=\"\" loading=\"lazy\"><i class=\"fa fa-search-plus\" aria-hidden=\"true\"><\/i><br \/>\n\t\t\t\t\t\t<\/span><br \/>\n\t\t\t\t\t<\/figure>\n<figure>\n\t\t\t\t\t<span style=\"cursor: pointer\" data-src=\"https:\/\/autorai.nl\/wp-content\/uploads\/2023\/09\/volkswagen-id-gti-concept-2023-foto25-1600x740.jpg\" data-fancybox=\"galery-0\" title=\"\"><br \/>\n\t\t\t\t\t\t\t<img decoding=\"async\" width=\"360\" height=\"270\" src=\"https:\/\/autorai.nl\/wp-content\/uploads\/2023\/09\/volkswagen-id-gti-concept-2023-foto25-360x270.jpg\" class=\"attachment-small size-small\" alt=\"\" loading=\"lazy\"><i class=\"fa fa-search-plus\" aria-hidden=\"true\"><\/i><br \/>\n\t\t\t\t\t\t<\/span><br \/>\n\t\t\t\t\t<\/figure>\n<figure>\n\t\t\t\t\t<span style=\"cursor: pointer\" data-src=\"https:\/\/autorai.nl\/wp-content\/uploads\/2023\/09\/volkswagen-id-gti-concept-2023-foto24-1600x540.jpg\" data-fancybox=\"galery-0\" title=\"\"><br \/>\n\t\t\t\t\t\t\t<img decoding=\"async\" width=\"360\" height=\"270\" src=\"https:\/\/autorai.nl\/wp-content\/uploads\/2023\/09\/volkswagen-id-gti-concept-2023-foto24-360x270.jpg\" class=\"attachment-small size-small\" alt=\"\" loading=\"lazy\"><i class=\"fa fa-search-plus\" aria-hidden=\"true\"><\/i><br \/>\n\t\t\t\t\t\t<\/span><br \/>\n\t\t\t\t\t<\/figure>\n<figure>\n\t\t\t\t\t<span style=\"cursor: pointer\" data-src=\"https:\/\/autorai.nl\/wp-content\/uploads\/2023\/09\/volkswagen-id-gti-concept-2023-foto23-1600x900.jpg\" data-fancybox=\"galery-0\" title=\"\"><br \/>\n\t\t\t\t\t\t\t<img decoding=\"async\" width=\"360\" height=\"270\" src=\"https:\/\/autorai.nl\/wp-content\/uploads\/2023\/09\/volkswagen-id-gti-concept-2023-foto23-360x270.jpg\" class=\"attachment-small size-small\" alt=\"Volkswagen ID GTI Concept\" loading=\"lazy\"><i class=\"fa fa-search-plus\" aria-hidden=\"true\"><\/i><br \/>\n\t\t\t\t\t\t<\/span><br \/>\n\t\t\t\t\t<\/figure>\n<figure>\n\t\t\t\t\t<span style=\"cursor: pointer\" data-src=\"https:\/\/autorai.nl\/wp-content\/uploads\/2023\/09\/volkswagen-id-gti-concept-2023-foto22-1600x900.jpg\" data-fancybox=\"galery-0\" title=\"\"><br \/>\n\t\t\t\t\t\t\t<img decoding=\"async\" width=\"360\" height=\"270\" src=\"https:\/\/autorai.nl\/wp-content\/uploads\/2023\/09\/volkswagen-id-gti-concept-2023-foto22-360x270.jpg\" class=\"attachment-small size-small\" alt=\"\" loading=\"lazy\"><i class=\"fa fa-search-plus\" aria-hidden=\"true\"><\/i><br \/>\n\t\t\t\t\t\t<\/span><br \/>\n\t\t\t\t\t<\/figure>\n<figure>\n\t\t\t\t\t<span style=\"cursor: pointer\" data-src=\"https:\/\/autorai.nl\/wp-content\/uploads\/2023\/09\/volkswagen-id-gti-concept-2023-foto21-1600x740.jpg\" data-fancybox=\"galery-0\" title=\"\"><br \/>\n\t\t\t\t\t\t\t<img decoding=\"async\" width=\"360\" height=\"270\" src=\"https:\/\/autorai.nl\/wp-content\/uploads\/2023\/09\/volkswagen-id-gti-concept-2023-foto21-360x270.jpg\" class=\"attachment-small size-small\" alt=\"\" loading=\"lazy\"><i class=\"fa fa-search-plus\" aria-hidden=\"true\"><\/i><br \/>\n\t\t\t\t\t\t<\/span><br \/>\n\t\t\t\t\t<\/figure>\n<figure>\n\t\t\t\t\t<span style=\"cursor: pointer\" data-src=\"https:\/\/autorai.nl\/wp-content\/uploads\/2023\/09\/volkswagen-id-gti-concept-2023-foto20-1600x900.jpg\" data-fancybox=\"galery-0\" title=\"\"><br \/>\n\t\t\t\t\t\t\t<img decoding=\"async\" width=\"360\" height=\"270\" src=\"https:\/\/autorai.nl\/wp-content\/uploads\/2023\/09\/volkswagen-id-gti-concept-2023-foto20-360x270.jpg\" class=\"attachment-small size-small\" alt=\"\" loading=\"lazy\"><i class=\"fa fa-search-plus\" aria-hidden=\"true\"><\/i><br \/>\n\t\t\t\t\t\t<\/span><br \/>\n\t\t\t\t\t<\/figure>\n<figure>\n\t\t\t\t\t<span style=\"cursor: pointer\" data-src=\"https:\/\/autorai.nl\/wp-content\/uploads\/2023\/09\/volkswagen-id-gti-concept-2023-foto19-1600x598.jpg\" data-fancybox=\"galery-0\" title=\"\"><br \/>\n\t\t\t\t\t\t\t<img decoding=\"async\" width=\"360\" height=\"270\" src=\"https:\/\/autorai.nl\/wp-content\/uploads\/2023\/09\/volkswagen-id-gti-concept-2023-foto19-360x270.jpg\" class=\"attachment-small size-small\" alt=\"\" loading=\"lazy\"><i class=\"fa fa-search-plus\" aria-hidden=\"true\"><\/i><br \/>\n\t\t\t\t\t\t<\/span><br \/>\n\t\t\t\t\t<\/figure>\n<figure>\n\t\t\t\t\t<span style=\"cursor: pointer\" data-src=\"https:\/\/autorai.nl\/wp-content\/uploads\/2023\/09\/volkswagen-id-gti-concept-2023-foto18-1600x740.jpg\" data-fancybox=\"galery-0\" title=\"\"><br \/>\n\t\t\t\t\t\t\t<img decoding=\"async\" width=\"360\" height=\"270\" src=\"https:\/\/autorai.nl\/wp-content\/uploads\/2023\/09\/volkswagen-id-gti-concept-2023-foto18-360x270.jpg\" class=\"attachment-small size-small\" alt=\"\" loading=\"lazy\"><i class=\"fa fa-search-plus\" aria-hidden=\"true\"><\/i><br \/>\n\t\t\t\t\t\t<\/span><br \/>\n\t\t\t\t\t<\/figure>\n<figure>\n\t\t\t\t\t<span style=\"cursor: pointer\" data-src=\"https:\/\/autorai.nl\/wp-content\/uploads\/2023\/09\/volkswagen-id-gti-concept-2023-foto17-1600x800.jpg\" data-fancybox=\"galery-0\" title=\"\"><br \/>\n\t\t\t\t\t\t\t<img decoding=\"async\" width=\"360\" height=\"270\" src=\"https:\/\/autorai.nl\/wp-content\/uploads\/2023\/09\/volkswagen-id-gti-concept-2023-foto17-360x270.jpg\" class=\"attachment-small size-small\" alt=\"\" loading=\"lazy\"><i class=\"fa fa-search-plus\" aria-hidden=\"true\"><\/i><br \/>\n\t\t\t\t\t\t<\/span><br \/>\n\t\t\t\t\t<\/figure>\n<figure>\n\t\t\t\t\t<span style=\"cursor: pointer\" data-src=\"https:\/\/autorai.nl\/wp-content\/uploads\/2023\/09\/volkswagen-id-gti-concept-2023-foto16-1600x800.jpg\" data-fancybox=\"galery-0\" title=\"\"><br \/>\n\t\t\t\t\t\t\t<img decoding=\"async\" width=\"360\" height=\"270\" src=\"https:\/\/autorai.nl\/wp-content\/uploads\/2023\/09\/volkswagen-id-gti-concept-2023-foto16-360x270.jpg\" class=\"attachment-small size-small\" alt=\"\" loading=\"lazy\"><i class=\"fa fa-search-plus\" aria-hidden=\"true\"><\/i><br \/>\n\t\t\t\t\t\t<\/span><br \/>\n\t\t\t\t\t<\/figure>\n<figure>\n\t\t\t\t\t<span style=\"cursor: pointer\" data-src=\"https:\/\/autorai.nl\/wp-content\/uploads\/2023\/09\/volkswagen-id-gti-concept-2023-foto15-1600x800.jpg\" data-fancybox=\"galery-0\" title=\"\"><br \/>\n\t\t\t\t\t\t\t<img decoding=\"async\" width=\"360\" height=\"270\" src=\"https:\/\/autorai.nl\/wp-content\/uploads\/2023\/09\/volkswagen-id-gti-concept-2023-foto15-360x270.jpg\" class=\"attachment-small size-small\" alt=\"\" loading=\"lazy\"><i class=\"fa fa-search-plus\" aria-hidden=\"true\"><\/i><br \/>\n\t\t\t\t\t\t<\/span><br \/>\n\t\t\t\t\t<\/figure>\n<figure>\n\t\t\t\t\t<span style=\"cursor: pointer\" data-src=\"https:\/\/autorai.nl\/wp-content\/uploads\/2023\/09\/volkswagen-id-gti-concept-2023-foto14-1600x800.jpg\" data-fancybox=\"galery-0\" title=\"\"><br \/>\n\t\t\t\t\t\t\t<img decoding=\"async\" width=\"360\" height=\"270\" src=\"https:\/\/autorai.nl\/wp-content\/uploads\/2023\/09\/volkswagen-id-gti-concept-2023-foto14-360x270.jpg\" class=\"attachment-small size-small\" alt=\"\" loading=\"lazy\"><i class=\"fa fa-search-plus\" aria-hidden=\"true\"><\/i><br \/>\n\t\t\t\t\t\t<\/span><br \/>\n\t\t\t\t\t<\/figure>\n<figure>\n\t\t\t\t\t<span style=\"cursor: pointer\" data-src=\"https:\/\/autorai.nl\/wp-content\/uploads\/2023\/09\/volkswagen-id-gti-concept-2023-foto13-1600x1067.jpg\" data-fancybox=\"galery-0\" title=\"\"><br \/>\n\t\t\t\t\t\t\t<img decoding=\"async\" width=\"360\" height=\"270\" src=\"https:\/\/autorai.nl\/wp-content\/uploads\/2023\/09\/volkswagen-id-gti-concept-2023-foto13-360x270.jpg\" class=\"attachment-small size-small\" alt=\"Volkswagen ID GTI Concept\" loading=\"lazy\"><i class=\"fa fa-search-plus\" aria-hidden=\"true\"><\/i><br \/>\n\t\t\t\t\t\t<\/span><br \/>\n\t\t\t\t\t<\/figure>\n<figure>\n\t\t\t\t\t<span style=\"cursor: pointer\" data-src=\"https:\/\/autorai.nl\/wp-content\/uploads\/2023\/09\/volkswagen-id-gti-concept-2023-foto12-1600x1068.jpg\" data-fancybox=\"galery-0\" title=\"\"><br \/>\n\t\t\t\t\t\t\t<img decoding=\"async\" width=\"360\" height=\"270\" src=\"https:\/\/autorai.nl\/wp-content\/uploads\/2023\/09\/volkswagen-id-gti-concept-2023-foto12-360x270.jpg\" class=\"attachment-small size-small\" alt=\"Volkswagen ID GTI Concept\" loading=\"lazy\"><i class=\"fa fa-search-plus\" aria-hidden=\"true\"><\/i><br \/>\n\t\t\t\t\t\t<\/span><br \/>\n\t\t\t\t\t<\/figure>\n<figure>\n\t\t\t\t\t<span style=\"cursor: pointer\" data-src=\"https:\/\/autorai.nl\/wp-content\/uploads\/2023\/09\/volkswagen-id-gti-concept-2023-foto11-1600x1067.jpg\" data-fancybox=\"galery-0\" title=\"\"><br \/>\n\t\t\t\t\t\t\t<img decoding=\"async\" width=\"360\" height=\"270\" src=\"https:\/\/autorai.nl\/wp-content\/uploads\/2023\/09\/volkswagen-id-gti-concept-2023-foto11-360x270.jpg\" class=\"attachment-small size-small\" alt=\"\" loading=\"lazy\"><i class=\"fa fa-search-plus\" aria-hidden=\"true\"><\/i><br \/>\n\t\t\t\t\t\t<\/span><br \/>\n\t\t\t\t\t<\/figure>\n<figure>\n\t\t\t\t\t<span style=\"cursor: pointer\" data-src=\"https:\/\/autorai.nl\/wp-content\/uploads\/2023\/09\/volkswagen-id-gti-concept-2023-foto10-1600x1067.jpg\" data-fancybox=\"galery-0\" title=\"\"><br \/>\n\t\t\t\t\t\t\t<img decoding=\"async\" width=\"360\" height=\"270\" src=\"https:\/\/autorai.nl\/wp-content\/uploads\/2023\/09\/volkswagen-id-gti-concept-2023-foto10-360x270.jpg\" class=\"attachment-small size-small\" alt=\"\" loading=\"lazy\"><i class=\"fa fa-search-plus\" aria-hidden=\"true\"><\/i><br \/>\n\t\t\t\t\t\t<\/span><br \/>\n\t\t\t\t\t<\/figure>\n<figure>\n\t\t\t\t\t<span style=\"cursor: pointer\" data-src=\"https:\/\/autorai.nl\/wp-content\/uploads\/2023\/09\/volkswagen-id-gti-concept-2023-foto9-1600x1067.jpg\" data-fancybox=\"galery-0\" title=\"\"><br \/>\n\t\t\t\t\t\t\t<img decoding=\"async\" width=\"360\" height=\"270\" src=\"https:\/\/autorai.nl\/wp-content\/uploads\/2023\/09\/volkswagen-id-gti-concept-2023-foto9-360x270.jpg\" class=\"attachment-small size-small\" alt=\"\" loading=\"lazy\"><i class=\"fa fa-search-plus\" aria-hidden=\"true\"><\/i><br \/>\n\t\t\t\t\t\t<\/span><br \/>\n\t\t\t\t\t<\/figure>\n<figure>\n\t\t\t\t\t<span style=\"cursor: pointer\" data-src=\"https:\/\/autorai.nl\/wp-content\/uploads\/2023\/09\/volkswagen-id-gti-concept-2023-foto8-1600x1067.jpg\" data-fancybox=\"galery-0\" title=\"\"><br \/>\n\t\t\t\t\t\t\t<img decoding=\"async\" width=\"360\" height=\"270\" src=\"https:\/\/autorai.nl\/wp-content\/uploads\/2023\/09\/volkswagen-id-gti-concept-2023-foto8-360x270.jpg\" class=\"attachment-small size-small\" alt=\"\" loading=\"lazy\"><i class=\"fa fa-search-plus\" aria-hidden=\"true\"><\/i><br \/>\n\t\t\t\t\t\t<\/span><br \/>\n\t\t\t\t\t<\/figure>\n<figure>\n\t\t\t\t\t<span style=\"cursor: pointer\" data-src=\"https:\/\/autorai.nl\/wp-content\/uploads\/2023\/09\/volkswagen-id-gti-concept-2023-foto7-1600x1067.jpg\" data-fancybox=\"galery-0\" title=\"\"><br \/>\n\t\t\t\t\t\t\t<img decoding=\"async\" width=\"360\" height=\"270\" src=\"https:\/\/autorai.nl\/wp-content\/uploads\/2023\/09\/volkswagen-id-gti-concept-2023-foto7-360x270.jpg\" class=\"attachment-small size-small\" alt=\"\" loading=\"lazy\"><i class=\"fa fa-search-plus\" aria-hidden=\"true\"><\/i><br \/>\n\t\t\t\t\t\t<\/span><br \/>\n\t\t\t\t\t<\/figure>\n<figure>\n\t\t\t\t\t<span style=\"cursor: pointer\" data-src=\"https:\/\/autorai.nl\/wp-content\/uploads\/2023\/09\/volkswagen-id-gti-concept-2023-foto6-1600x1067.jpg\" data-fancybox=\"galery-0\" title=\"\"><br \/>\n\t\t\t\t\t\t\t<img decoding=\"async\" width=\"360\" height=\"270\" src=\"https:\/\/autorai.nl\/wp-content\/uploads\/2023\/09\/volkswagen-id-gti-concept-2023-foto6-360x270.jpg\" class=\"attachment-small size-small\" alt=\"\" loading=\"lazy\"><i class=\"fa fa-search-plus\" aria-hidden=\"true\"><\/i><br \/>\n\t\t\t\t\t\t<\/span><br \/>\n\t\t\t\t\t<\/figure>\n<figure>\n\t\t\t\t\t<span style=\"cursor: pointer\" data-src=\"https:\/\/autorai.nl\/wp-content\/uploads\/2023\/09\/volkswagen-id-gti-concept-2023-foto5-1600x1067.jpg\" data-fancybox=\"galery-0\" title=\"\"><br \/>\n\t\t\t\t\t\t\t<img decoding=\"async\" width=\"360\" height=\"270\" src=\"https:\/\/autorai.nl\/wp-content\/uploads\/2023\/09\/volkswagen-id-gti-concept-2023-foto5-360x270.jpg\" class=\"attachment-small size-small\" alt=\"\" loading=\"lazy\"><i class=\"fa fa-search-plus\" aria-hidden=\"true\"><\/i><br \/>\n\t\t\t\t\t\t<\/span><br \/>\n\t\t\t\t\t<\/figure>\n<figure>\n\t\t\t\t\t<span style=\"cursor: pointer\" data-src=\"https:\/\/autorai.nl\/wp-content\/uploads\/2023\/09\/volkswagen-id-gti-concept-2023-foto4-1600x1067.jpg\" data-fancybox=\"galery-0\" title=\"\"><br \/>\n\t\t\t\t\t\t\t<img decoding=\"async\" width=\"360\" height=\"270\" src=\"https:\/\/autorai.nl\/wp-content\/uploads\/2023\/09\/volkswagen-id-gti-concept-2023-foto4-360x270.jpg\" class=\"attachment-small size-small\" alt=\"\" loading=\"lazy\"><i class=\"fa fa-search-plus\" aria-hidden=\"true\"><\/i><br \/>\n\t\t\t\t\t\t<\/span><br \/>\n\t\t\t\t\t<\/figure>\n<figure>\n\t\t\t\t\t<span style=\"cursor: pointer\" data-src=\"https:\/\/autorai.nl\/wp-content\/uploads\/2023\/09\/volkswagen-id-gti-concept-2023-foto3-1600x1067.jpg\" data-fancybox=\"galery-0\" title=\"\"><br \/>\n\t\t\t\t\t\t\t<img decoding=\"async\" width=\"360\" height=\"270\" src=\"https:\/\/autorai.nl\/wp-content\/uploads\/2023\/09\/volkswagen-id-gti-concept-2023-foto3-360x270.jpg\" class=\"attachment-small size-small\" alt=\"\" loading=\"lazy\"><i class=\"fa fa-search-plus\" aria-hidden=\"true\"><\/i><br \/>\n\t\t\t\t\t\t<\/span><br \/>\n\t\t\t\t\t<\/figure>\n<figure>\n\t\t\t\t\t<span style=\"cursor: pointer\" data-src=\"https:\/\/autorai.nl\/wp-content\/uploads\/2023\/09\/volkswagen-id-gti-concept-2023-foto2-1600x1067.jpg\" data-fancybox=\"galery-0\" title=\"\"><br \/>\n\t\t\t\t\t\t\t<img decoding=\"async\" width=\"360\" height=\"270\" src=\"https:\/\/autorai.nl\/wp-content\/uploads\/2023\/09\/volkswagen-id-gti-concept-2023-foto2-360x270.jpg\" class=\"attachment-small size-small\" alt=\"\" loading=\"lazy\"><i class=\"fa fa-search-plus\" aria-hidden=\"true\"><\/i><br \/>\n\t\t\t\t\t\t<\/span><br \/>\n\t\t\t\t\t<\/figure>\n<figure>\n\t\t\t\t\t<span style=\"cursor: pointer\" data-src=\"https:\/\/autorai.nl\/wp-content\/uploads\/2023\/09\/volkswagen-id-gti-concept-2023-foto1-1600x1068.jpg\" data-fancybox=\"galery-0\" title=\"\"><br \/>\n\t\t\t\t\t\t\t<img decoding=\"async\" width=\"360\" height=\"270\" src=\"https:\/\/autorai.nl\/wp-content\/uploads\/2023\/09\/volkswagen-id-gti-concept-2023-foto1-360x270.jpg\" class=\"attachment-small size-small\" alt=\"\" loading=\"lazy\"><i class=\"fa fa-search-plus\" aria-hidden=\"true\"><\/i><br \/>\n\t\t\t\t\t\t<\/span><br \/>\n\t\t\t\t\t<\/figure>\n<div class=\"clear\"><\/div>\n<\/div>\n","protected":false},"excerpt":{"rendered":"Basado en el Volkswagen ID.2all Ha llegado la hora del GTI el\u00e9ctrico, seg\u00fan Volkswagen. Este Volkswagen ID. Avance del GTI&hellip;","protected":false},"author":0,"featured_media":138649,"comment_status":"","ping_status":"open","sticky":false,"template":"","format":"standard","meta":{"footnotes":""},"categories":[126],"tags":[],"class_list":["post-138693","post","type-post","status-publish","format-standard","has-post-thumbnail","hentry","category-noticias-de-autos"],"acf":[],"yoast_head":"<!-- This site is optimized with the Yoast SEO plugin v21.2 - https:\/\/yoast.com\/wordpress\/plugins\/seo\/ -->\n<title>Identificaci\u00f3n de Volkswagen. GTI Concept: ya hay luz verde - All cars news<\/title>\n<meta name=\"robots\" content=\"index, follow, max-snippet:-1, max-image-preview:large, max-video-preview:-1\" \/>\n<link rel=\"canonical\" href=\"https:\/\/all-car-news.com\/es\/identificacion-de-volkswagen-gti-concept-ya-hay-luz-verde\/\" \/>\n<meta property=\"og:locale\" content=\"es_ES\" \/>\n<meta property=\"og:type\" content=\"article\" \/>\n<meta property=\"og:title\" content=\"Identificaci\u00f3n de Volkswagen. GTI Concept: ya hay luz verde - All cars news\" \/>\n<meta property=\"og:description\" content=\"Basado en el Volkswagen ID.2all Ha llegado la hora del GTI el\u00e9ctrico, seg\u00fan Volkswagen. Este Volkswagen ID. Avance del GTI Concept. El modelo de estudio se basa en el Volkswagen ID.2all presentado en marzo. Ya se ha aprobado el desarrollo de la producci\u00f3n en serie. &quot;Con tracci\u00f3n delantera, un dise\u00f1o elegante y unas proporciones potentes, este modelo es un punto de partida perfecto para [...]\" \/>\n<meta property=\"og:url\" content=\"https:\/\/all-car-news.com\/es\/identificacion-de-volkswagen-gti-concept-ya-hay-luz-verde\/\" \/>\n<meta property=\"og:site_name\" content=\"All cars news\" \/>\n<meta property=\"article:published_time\" content=\"2023-09-04T08:25:23+00:00\" \/>\n<meta property=\"og:image\" content=\"https:\/\/autorai.nl\/wp-content\/uploads\/2023\/09\/volkswagen-id-gti-concept-2023-foto13-1140x760.jpg\" \/>\n<meta name=\"twitter:card\" content=\"summary_large_image\" \/>\n<meta name=\"twitter:label1\" content=\"Tiempo de lectura\" \/>\n\t<meta name=\"twitter:data1\" content=\"6 minutos\" \/>\n<script type=\"application\/ld+json\" class=\"yoast-schema-graph\">{\"@context\":\"https:\/\/schema.org\",\"@graph\":[{\"@type\":\"Article\",\"@id\":\"https:\/\/all-car-news.com\/es\/identificacion-de-volkswagen-gti-concept-ya-hay-luz-verde\/#article\",\"isPartOf\":{\"@id\":\"https:\/\/all-car-news.com\/es\/identificacion-de-volkswagen-gti-concept-ya-hay-luz-verde\/\"},\"author\":{\"name\":\"\",\"@id\":\"\"},\"headline\":\"Identificaci\u00f3n de Volkswagen. GTI Concept: ya hay luz verde\",\"datePublished\":\"2023-09-04T08:25:23+00:00\",\"dateModified\":\"2023-09-04T08:25:23+00:00\",\"mainEntityOfPage\":{\"@id\":\"https:\/\/all-car-news.com\/es\/identificacion-de-volkswagen-gti-concept-ya-hay-luz-verde\/\"},\"wordCount\":1197,\"publisher\":{\"@id\":\"https:\/\/all-car-news.com\/es\/#organization\"},\"articleSection\":[\"noticias de autos\"],\"inLanguage\":\"es\"},{\"@type\":\"WebPage\",\"@id\":\"https:\/\/all-car-news.com\/es\/identificacion-de-volkswagen-gti-concept-ya-hay-luz-verde\/\",\"url\":\"https:\/\/all-car-news.com\/es\/identificacion-de-volkswagen-gti-concept-ya-hay-luz-verde\/\",\"name\":\"Identificaci\u00f3n de Volkswagen. GTI Concept: ya hay luz verde - All cars news\",\"isPartOf\":{\"@id\":\"https:\/\/all-car-news.com\/es\/#website\"},\"datePublished\":\"2023-09-04T08:25:23+00:00\",\"dateModified\":\"2023-09-04T08:25:23+00:00\",\"breadcrumb\":{\"@id\":\"https:\/\/all-car-news.com\/es\/identificacion-de-volkswagen-gti-concept-ya-hay-luz-verde\/#breadcrumb\"},\"inLanguage\":\"es\",\"potentialAction\":[{\"@type\":\"ReadAction\",\"target\":[\"https:\/\/all-car-news.com\/es\/identificacion-de-volkswagen-gti-concept-ya-hay-luz-verde\/\"]}]},{\"@type\":\"BreadcrumbList\",\"@id\":\"https:\/\/all-car-news.com\/es\/identificacion-de-volkswagen-gti-concept-ya-hay-luz-verde\/#breadcrumb\",\"itemListElement\":[{\"@type\":\"ListItem\",\"position\":1,\"name\":\"Home\",\"item\":\"https:\/\/all-car-news.com\/es\/\"},{\"@type\":\"ListItem\",\"position\":2,\"name\":\"Identificaci\u00f3n de Volkswagen. GTI Concept: ya hay luz verde\"}]},{\"@type\":\"WebSite\",\"@id\":\"https:\/\/all-car-news.com\/es\/#website\",\"url\":\"https:\/\/all-car-news.com\/es\/\",\"name\":\"All cars news\",\"description\":\"\",\"publisher\":{\"@id\":\"https:\/\/all-car-news.com\/es\/#organization\"},\"potentialAction\":[{\"@type\":\"SearchAction\",\"target\":{\"@type\":\"EntryPoint\",\"urlTemplate\":\"https:\/\/all-car-news.com\/es\/?s={search_term_string}\"},\"query-input\":\"required name=search_term_string\"}],\"inLanguage\":\"es\"},{\"@type\":\"Organization\",\"@id\":\"https:\/\/all-car-news.com\/es\/#organization\",\"name\":\"All cars news\",\"url\":\"https:\/\/all-car-news.com\/es\/\",\"logo\":{\"@type\":\"ImageObject\",\"inLanguage\":\"es\",\"@id\":\"https:\/\/all-car-news.com\/es\/#\/schema\/logo\/image\/\",\"url\":\"https:\/\/all-car-news.com\/wp-content\/uploads\/2022\/02\/CMYK-AllCarNews_LANDSCAPE_300px-1.png\",\"contentUrl\":\"https:\/\/all-car-news.com\/wp-content\/uploads\/2022\/02\/CMYK-AllCarNews_LANDSCAPE_300px-1.png\",\"width\":300,\"height\":100,\"caption\":\"All cars news\"},\"image\":{\"@id\":\"https:\/\/all-car-news.com\/es\/#\/schema\/logo\/image\/\"}}]}<\/script>\n<!-- \/ Yoast SEO plugin. -->","yoast_head_json":{"title":"Identificaci\u00f3n de Volkswagen. GTI Concept: ya hay luz verde - All cars news","robots":{"index":"index","follow":"follow","max-snippet":"max-snippet:-1","max-image-preview":"max-image-preview:large","max-video-preview":"max-video-preview:-1"},"canonical":"https:\/\/all-car-news.com\/es\/identificacion-de-volkswagen-gti-concept-ya-hay-luz-verde\/","og_locale":"es_ES","og_type":"article","og_title":"Identificaci\u00f3n de Volkswagen. GTI Concept: ya hay luz verde - All cars news","og_description":"Basado en el Volkswagen ID.2all Ha llegado la hora del GTI el\u00e9ctrico, seg\u00fan Volkswagen. Este Volkswagen ID. Avance del GTI Concept. El modelo de estudio se basa en el Volkswagen ID.2all presentado en marzo. Ya se ha aprobado el desarrollo de la producci\u00f3n en serie. \"Con tracci\u00f3n delantera, un dise\u00f1o elegante y unas proporciones potentes, este modelo es un punto de partida perfecto para [...]","og_url":"https:\/\/all-car-news.com\/es\/identificacion-de-volkswagen-gti-concept-ya-hay-luz-verde\/","og_site_name":"All cars news","article_published_time":"2023-09-04T08:25:23+00:00","og_image":[{"url":"https:\/\/autorai.nl\/wp-content\/uploads\/2023\/09\/volkswagen-id-gti-concept-2023-foto13-1140x760.jpg"}],"twitter_card":"summary_large_image","twitter_misc":{"Tiempo de lectura":"6 minutos"},"schema":{"@context":"https:\/\/schema.org","@graph":[{"@type":"Article","@id":"https:\/\/all-car-news.com\/es\/identificacion-de-volkswagen-gti-concept-ya-hay-luz-verde\/#article","isPartOf":{"@id":"https:\/\/all-car-news.com\/es\/identificacion-de-volkswagen-gti-concept-ya-hay-luz-verde\/"},"author":{"name":"","@id":""},"headline":"Identificaci\u00f3n de Volkswagen. GTI Concept: ya hay luz verde","datePublished":"2023-09-04T08:25:23+00:00","dateModified":"2023-09-04T08:25:23+00:00","mainEntityOfPage":{"@id":"https:\/\/all-car-news.com\/es\/identificacion-de-volkswagen-gti-concept-ya-hay-luz-verde\/"},"wordCount":1197,"publisher":{"@id":"https:\/\/all-car-news.com\/es\/#organization"},"articleSection":["noticias de autos"],"inLanguage":"es"},{"@type":"WebPage","@id":"https:\/\/all-car-news.com\/es\/identificacion-de-volkswagen-gti-concept-ya-hay-luz-verde\/","url":"https:\/\/all-car-news.com\/es\/identificacion-de-volkswagen-gti-concept-ya-hay-luz-verde\/","name":"Identificaci\u00f3n de Volkswagen. GTI Concept: ya hay luz verde - All cars news","isPartOf":{"@id":"https:\/\/all-car-news.com\/es\/#website"},"datePublished":"2023-09-04T08:25:23+00:00","dateModified":"2023-09-04T08:25:23+00:00","breadcrumb":{"@id":"https:\/\/all-car-news.com\/es\/identificacion-de-volkswagen-gti-concept-ya-hay-luz-verde\/#breadcrumb"},"inLanguage":"es","potentialAction":[{"@type":"ReadAction","target":["https:\/\/all-car-news.com\/es\/identificacion-de-volkswagen-gti-concept-ya-hay-luz-verde\/"]}]},{"@type":"BreadcrumbList","@id":"https:\/\/all-car-news.com\/es\/identificacion-de-volkswagen-gti-concept-ya-hay-luz-verde\/#breadcrumb","itemListElement":[{"@type":"ListItem","position":1,"name":"Home","item":"https:\/\/all-car-news.com\/es\/"},{"@type":"ListItem","position":2,"name":"Identificaci\u00f3n de Volkswagen. GTI Concept: ya hay luz verde"}]},{"@type":"WebSite","@id":"https:\/\/all-car-news.com\/es\/#website","url":"https:\/\/all-car-news.com\/es\/","name":"All cars news","description":"","publisher":{"@id":"https:\/\/all-car-news.com\/es\/#organization"},"potentialAction":[{"@type":"SearchAction","target":{"@type":"EntryPoint","urlTemplate":"https:\/\/all-car-news.com\/es\/?s={search_term_string}"},"query-input":"required name=search_term_string"}],"inLanguage":"es"},{"@type":"Organization","@id":"https:\/\/all-car-news.com\/es\/#organization","name":"All cars news","url":"https:\/\/all-car-news.com\/es\/","logo":{"@type":"ImageObject","inLanguage":"es","@id":"https:\/\/all-car-news.com\/es\/#\/schema\/logo\/image\/","url":"https:\/\/all-car-news.com\/wp-content\/uploads\/2022\/02\/CMYK-AllCarNews_LANDSCAPE_300px-1.png","contentUrl":"https:\/\/all-car-news.com\/wp-content\/uploads\/2022\/02\/CMYK-AllCarNews_LANDSCAPE_300px-1.png","width":300,"height":100,"caption":"All cars news"},"image":{"@id":"https:\/\/all-car-news.com\/es\/#\/schema\/logo\/image\/"}}]}},"_links":{"self":[{"href":"https:\/\/all-car-news.com\/es\/wp-json\/wp\/v2\/posts\/138693","targetHints":{"allow":["GET"]}}],"collection":[{"href":"https:\/\/all-car-news.com\/es\/wp-json\/wp\/v2\/posts"}],"about":[{"href":"https:\/\/all-car-news.com\/es\/wp-json\/wp\/v2\/types\/post"}],"replies":[{"embeddable":true,"href":"https:\/\/all-car-news.com\/es\/wp-json\/wp\/v2\/comments?post=138693"}],"version-history":[{"count":0,"href":"https:\/\/all-car-news.com\/es\/wp-json\/wp\/v2\/posts\/138693\/revisions"}],"wp:featuredmedia":[{"embeddable":true,"href":"https:\/\/all-car-news.com\/es\/wp-json\/wp\/v2\/media\/138649"}],"wp:attachment":[{"href":"https:\/\/all-car-news.com\/es\/wp-json\/wp\/v2\/media?parent=138693"}],"wp:term":[{"taxonomy":"category","embeddable":true,"href":"https:\/\/all-car-news.com\/es\/wp-json\/wp\/v2\/categories?post=138693"},{"taxonomy":"post_tag","embeddable":true,"href":"https:\/\/all-car-news.com\/es\/wp-json\/wp\/v2\/tags?post=138693"}],"curies":[{"name":"wp","href":"https:\/\/api.w.org\/{rel}","templated":true}]}}