{"id":138684,"date":"2023-09-04T12:31:06","date_gmt":"2023-09-04T12:31:06","guid":{"rendered":"https:\/\/all-car-news.com\/esto-cuesta-el-sello-byd-el-competidor-del-model-3\/"},"modified":"2023-09-04T12:31:06","modified_gmt":"2023-09-04T12:31:06","slug":"esto-cuesta-el-sello-byd-el-competidor-del-model-3","status":"publish","type":"post","link":"https:\/\/all-car-news.com\/es\/esto-cuesta-el-sello-byd-el-competidor-del-model-3\/","title":{"rendered":"Esto cuesta el sello BYD &#8211; \u00bfEl competidor del Model 3?"},"content":{"rendered":"<h2>Modelo ofensivo  <\/h2>\n<p>Tras el Han, el Tang y el Atto 3, el fabricante chino trae ahora el en Seal a Europa. El Seal competir\u00e1 en Europa contra el Tesla Model 3, el BMW i4 y el Nio ET5. El Seal es una berlina deportiva cl\u00e1sica, con un cap\u00f3 alargado y un trasero corto. Al igual que el Dolphin, forma parte de la gama Ocean de BYD. As\u00ed que el tema del coche es el oc\u00e9ano. El tema se refleja en el dise\u00f1o en forma de bigotes de foca (las zonas negras me luces blancas del parachoques delantero), branquias junto a los pasos de rueda y una especie de textura escamada en los umbrales de las puertas. Los faros, similares a los del Taycan, aportan un toque deportivo.<\/p>\n<figure class=\"wp-block-image size-content\"><img decoding=\"async\" loading=\"lazy\" width=\"1140\" height=\"760\" src=\"https:\/\/autorai.nl\/wp-content\/uploads\/2023\/04\/byd_seal_923-1140x760.jpg\" alt=\"\" class=\"wp-image-156717\"><\/figure>\n<h2>Rango<\/h2>\n<p>BYD suministrar\u00e1 el Seal en Europa por ahora s\u00f3lo con un paquete de bater\u00edas de 82,5 kWh, que puede tener hasta 150 kW de potencia de carga en un cargador r\u00e1pido. En la versi\u00f3n de tracci\u00f3n trasera, ofrece 570 kil\u00f3metros de autonom\u00eda WLTP. En la versi\u00f3n de tracci\u00f3n total, se sacrifican 50 kil\u00f3metros de autonom\u00eda. Como todos los BYD, el SEAL tiene una bater\u00eda de litio hierro fosfato sin cobalto. BYD est\u00e1 muy orgullosa de esta bater\u00eda y la denomina Blade Battery. Seg\u00fan la marca, la bater\u00eda es extra segura y tiene una larga vida \u00fatil. Adem\u00e1s, el tama\u00f1o compacto de la Bater\u00eda Blade ofrece mucho espacio interior. De hecho, es especialmente plana.<\/p>\n<figure class=\"wp-block-image size-content\"><img decoding=\"async\" loading=\"lazy\" width=\"1140\" height=\"760\" src=\"https:\/\/autorai.nl\/wp-content\/uploads\/2023\/04\/byd_seal_11-1140x760.jpg\" alt=\"\" class=\"wp-image-156718\"><\/figure>\n<h2><strong>3.8S<\/strong><\/h2>\n<p>El Sello parece suave y lo es. El modelo b\u00e1sico -la versi\u00f3n de tracci\u00f3n trasera- ya cuenta con 313 CV. La versi\u00f3n AWD supera esa cifra y tiene 530 CV. Pasa de parado a 100 km\/h en s\u00f3lo 3,8 segundos. Bonito detalle: en la culata de la Seal pone \u00ab3.8S\u00bb bajo la designaci\u00f3n del modelo.  <\/p>\n<figure class=\"wp-block-image size-content\"><img decoding=\"async\" loading=\"lazy\" width=\"1140\" height=\"760\" src=\"https:\/\/autorai.nl\/wp-content\/uploads\/2023\/04\/byd_seal_27-1140x760.jpg\" alt=\"\" class=\"wp-image-156719\"><\/figure>\n<h2>Precios<\/h2>\n<p>El lanzamiento al mercado del <a href=\"https:\/\/autorai.nl\/byd-seal-2023-review-budget-porsche-taycan-met-530-pk\/\">BYD SEAL<\/a> est\u00e1 previsto para este oto\u00f1o. Cada modelo tiene una garant\u00eda general de 6 a\u00f1os y una garant\u00eda de 8 a\u00f1os para la cadena cinem\u00e1tica y la bater\u00eda. Adem\u00e1s, la garant\u00eda es espec\u00edfica para cada veh\u00edculo y, por tanto, transferible.  <\/p>\n<p>Hay dos versiones disponibles: el Design RWD y el Exellence AWD. Los precios de consumo de un vistazo:<\/p>\n<ul>\n<li>BYD SEAL Design RWD <strong>47.990 euros<\/strong> (tipo impositivo adicional a partir de 263 euros\/mes)<\/li>\n<li>BYD SEAL Excellence AWD <strong>50.990 euros<\/strong> (tipo impositivo adicional desde 283 euros\/mes)<\/li>\n<\/ul>\n<p>\u00bfSaber m\u00e1s? A continuaci\u00f3n, vea nuestra primera presentaci\u00f3n del Sello BYD en el siguiente <a href=\"https:\/\/www.youtube.com\/watch?v=P4HLxRmaEto&amp;ab_channel=AutoRAITV\">v\u00eddeo<\/a>:<\/p>\n<figure class=\"wp-block-embed is-type-video is-provider-youtube wp-block-embed-youtube wp-embed-aspect-16-9 wp-has-aspect-ratio\">\n<div class=\"wp-block-embed__wrapper\">\n<\/div>\n<\/figure>\n<p><strong>  <\/strong><\/p>\n","protected":false},"excerpt":{"rendered":"Ofensiva de modelos Tras el Han, el Tang y el Atto 3, el fabricante chino trae ahora a Europa el&hellip;","protected":false},"author":0,"featured_media":138631,"comment_status":"","ping_status":"open","sticky":false,"template":"","format":"standard","meta":{"footnotes":""},"categories":[126],"tags":[],"class_list":["post-138684","post","type-post","status-publish","format-standard","has-post-thumbnail","hentry","category-noticias-de-autos"],"acf":[],"yoast_head":"<!-- This site is optimized with the Yoast SEO plugin v21.2 - https:\/\/yoast.com\/wordpress\/plugins\/seo\/ -->\n<title>Esto cuesta el sello BYD - \u00bfEl competidor del Model 3? - All cars news<\/title>\n<meta name=\"robots\" content=\"index, follow, max-snippet:-1, max-image-preview:large, max-video-preview:-1\" \/>\n<link rel=\"canonical\" href=\"https:\/\/all-car-news.com\/es\/esto-cuesta-el-sello-byd-el-competidor-del-model-3\/\" \/>\n<meta property=\"og:locale\" content=\"es_ES\" \/>\n<meta property=\"og:type\" content=\"article\" \/>\n<meta property=\"og:title\" content=\"Esto cuesta el sello BYD - \u00bfEl competidor del Model 3? - All cars news\" \/>\n<meta property=\"og:description\" content=\"Ofensiva de modelos Tras el Han, el Tang y el Atto 3, el fabricante chino trae ahora a Europa el y Seal. El Seal competir\u00e1 en Europa contra el Tesla Model 3, el BMW i4 y el Nio ET5. El Seal es una berlina deportiva cl\u00e1sica, con un cap\u00f3 alargado y un trasero corto. Al igual que el Delf\u00edn, hace [...]\" \/>\n<meta property=\"og:url\" content=\"https:\/\/all-car-news.com\/es\/esto-cuesta-el-sello-byd-el-competidor-del-model-3\/\" \/>\n<meta property=\"og:site_name\" content=\"All cars news\" \/>\n<meta property=\"article:published_time\" content=\"2023-09-04T12:31:06+00:00\" \/>\n<meta property=\"og:image\" content=\"https:\/\/autorai.nl\/wp-content\/uploads\/2023\/04\/byd_seal_923-1140x760.jpg\" \/>\n<meta name=\"twitter:card\" content=\"summary_large_image\" \/>\n<meta name=\"twitter:label1\" content=\"Tiempo de lectura\" \/>\n\t<meta name=\"twitter:data1\" content=\"2 minutos\" \/>\n<script type=\"application\/ld+json\" class=\"yoast-schema-graph\">{\"@context\":\"https:\/\/schema.org\",\"@graph\":[{\"@type\":\"Article\",\"@id\":\"https:\/\/all-car-news.com\/es\/esto-cuesta-el-sello-byd-el-competidor-del-model-3\/#article\",\"isPartOf\":{\"@id\":\"https:\/\/all-car-news.com\/es\/esto-cuesta-el-sello-byd-el-competidor-del-model-3\/\"},\"author\":{\"name\":\"\",\"@id\":\"\"},\"headline\":\"Esto cuesta el sello BYD &#8211; \u00bfEl competidor del Model 3?\",\"datePublished\":\"2023-09-04T12:31:06+00:00\",\"dateModified\":\"2023-09-04T12:31:06+00:00\",\"mainEntityOfPage\":{\"@id\":\"https:\/\/all-car-news.com\/es\/esto-cuesta-el-sello-byd-el-competidor-del-model-3\/\"},\"wordCount\":442,\"publisher\":{\"@id\":\"https:\/\/all-car-news.com\/es\/#organization\"},\"articleSection\":[\"noticias de autos\"],\"inLanguage\":\"es\"},{\"@type\":\"WebPage\",\"@id\":\"https:\/\/all-car-news.com\/es\/esto-cuesta-el-sello-byd-el-competidor-del-model-3\/\",\"url\":\"https:\/\/all-car-news.com\/es\/esto-cuesta-el-sello-byd-el-competidor-del-model-3\/\",\"name\":\"Esto cuesta el sello BYD - \u00bfEl competidor del Model 3? - All cars news\",\"isPartOf\":{\"@id\":\"https:\/\/all-car-news.com\/es\/#website\"},\"datePublished\":\"2023-09-04T12:31:06+00:00\",\"dateModified\":\"2023-09-04T12:31:06+00:00\",\"breadcrumb\":{\"@id\":\"https:\/\/all-car-news.com\/es\/esto-cuesta-el-sello-byd-el-competidor-del-model-3\/#breadcrumb\"},\"inLanguage\":\"es\",\"potentialAction\":[{\"@type\":\"ReadAction\",\"target\":[\"https:\/\/all-car-news.com\/es\/esto-cuesta-el-sello-byd-el-competidor-del-model-3\/\"]}]},{\"@type\":\"BreadcrumbList\",\"@id\":\"https:\/\/all-car-news.com\/es\/esto-cuesta-el-sello-byd-el-competidor-del-model-3\/#breadcrumb\",\"itemListElement\":[{\"@type\":\"ListItem\",\"position\":1,\"name\":\"Home\",\"item\":\"https:\/\/all-car-news.com\/es\/\"},{\"@type\":\"ListItem\",\"position\":2,\"name\":\"Esto cuesta el sello BYD &#8211; \u00bfEl competidor del Model 3?\"}]},{\"@type\":\"WebSite\",\"@id\":\"https:\/\/all-car-news.com\/es\/#website\",\"url\":\"https:\/\/all-car-news.com\/es\/\",\"name\":\"All cars news\",\"description\":\"\",\"publisher\":{\"@id\":\"https:\/\/all-car-news.com\/es\/#organization\"},\"potentialAction\":[{\"@type\":\"SearchAction\",\"target\":{\"@type\":\"EntryPoint\",\"urlTemplate\":\"https:\/\/all-car-news.com\/es\/?s={search_term_string}\"},\"query-input\":\"required name=search_term_string\"}],\"inLanguage\":\"es\"},{\"@type\":\"Organization\",\"@id\":\"https:\/\/all-car-news.com\/es\/#organization\",\"name\":\"All cars news\",\"url\":\"https:\/\/all-car-news.com\/es\/\",\"logo\":{\"@type\":\"ImageObject\",\"inLanguage\":\"es\",\"@id\":\"https:\/\/all-car-news.com\/es\/#\/schema\/logo\/image\/\",\"url\":\"https:\/\/all-car-news.com\/wp-content\/uploads\/2022\/02\/CMYK-AllCarNews_LANDSCAPE_300px-1.png\",\"contentUrl\":\"https:\/\/all-car-news.com\/wp-content\/uploads\/2022\/02\/CMYK-AllCarNews_LANDSCAPE_300px-1.png\",\"width\":300,\"height\":100,\"caption\":\"All cars news\"},\"image\":{\"@id\":\"https:\/\/all-car-news.com\/es\/#\/schema\/logo\/image\/\"}}]}<\/script>\n<!-- \/ Yoast SEO plugin. -->","yoast_head_json":{"title":"Esto cuesta el sello BYD - \u00bfEl competidor del Model 3? - All cars news","robots":{"index":"index","follow":"follow","max-snippet":"max-snippet:-1","max-image-preview":"max-image-preview:large","max-video-preview":"max-video-preview:-1"},"canonical":"https:\/\/all-car-news.com\/es\/esto-cuesta-el-sello-byd-el-competidor-del-model-3\/","og_locale":"es_ES","og_type":"article","og_title":"Esto cuesta el sello BYD - \u00bfEl competidor del Model 3? - All cars news","og_description":"Ofensiva de modelos Tras el Han, el Tang y el Atto 3, el fabricante chino trae ahora a Europa el y Seal. El Seal competir\u00e1 en Europa contra el Tesla Model 3, el BMW i4 y el Nio ET5. El Seal es una berlina deportiva cl\u00e1sica, con un cap\u00f3 alargado y un trasero corto. Al igual que el Delf\u00edn, hace [...]","og_url":"https:\/\/all-car-news.com\/es\/esto-cuesta-el-sello-byd-el-competidor-del-model-3\/","og_site_name":"All cars news","article_published_time":"2023-09-04T12:31:06+00:00","og_image":[{"url":"https:\/\/autorai.nl\/wp-content\/uploads\/2023\/04\/byd_seal_923-1140x760.jpg"}],"twitter_card":"summary_large_image","twitter_misc":{"Tiempo de lectura":"2 minutos"},"schema":{"@context":"https:\/\/schema.org","@graph":[{"@type":"Article","@id":"https:\/\/all-car-news.com\/es\/esto-cuesta-el-sello-byd-el-competidor-del-model-3\/#article","isPartOf":{"@id":"https:\/\/all-car-news.com\/es\/esto-cuesta-el-sello-byd-el-competidor-del-model-3\/"},"author":{"name":"","@id":""},"headline":"Esto cuesta el sello BYD &#8211; \u00bfEl competidor del Model 3?","datePublished":"2023-09-04T12:31:06+00:00","dateModified":"2023-09-04T12:31:06+00:00","mainEntityOfPage":{"@id":"https:\/\/all-car-news.com\/es\/esto-cuesta-el-sello-byd-el-competidor-del-model-3\/"},"wordCount":442,"publisher":{"@id":"https:\/\/all-car-news.com\/es\/#organization"},"articleSection":["noticias de autos"],"inLanguage":"es"},{"@type":"WebPage","@id":"https:\/\/all-car-news.com\/es\/esto-cuesta-el-sello-byd-el-competidor-del-model-3\/","url":"https:\/\/all-car-news.com\/es\/esto-cuesta-el-sello-byd-el-competidor-del-model-3\/","name":"Esto cuesta el sello BYD - \u00bfEl competidor del Model 3? - All cars news","isPartOf":{"@id":"https:\/\/all-car-news.com\/es\/#website"},"datePublished":"2023-09-04T12:31:06+00:00","dateModified":"2023-09-04T12:31:06+00:00","breadcrumb":{"@id":"https:\/\/all-car-news.com\/es\/esto-cuesta-el-sello-byd-el-competidor-del-model-3\/#breadcrumb"},"inLanguage":"es","potentialAction":[{"@type":"ReadAction","target":["https:\/\/all-car-news.com\/es\/esto-cuesta-el-sello-byd-el-competidor-del-model-3\/"]}]},{"@type":"BreadcrumbList","@id":"https:\/\/all-car-news.com\/es\/esto-cuesta-el-sello-byd-el-competidor-del-model-3\/#breadcrumb","itemListElement":[{"@type":"ListItem","position":1,"name":"Home","item":"https:\/\/all-car-news.com\/es\/"},{"@type":"ListItem","position":2,"name":"Esto cuesta el sello BYD &#8211; \u00bfEl competidor del Model 3?"}]},{"@type":"WebSite","@id":"https:\/\/all-car-news.com\/es\/#website","url":"https:\/\/all-car-news.com\/es\/","name":"All cars news","description":"","publisher":{"@id":"https:\/\/all-car-news.com\/es\/#organization"},"potentialAction":[{"@type":"SearchAction","target":{"@type":"EntryPoint","urlTemplate":"https:\/\/all-car-news.com\/es\/?s={search_term_string}"},"query-input":"required name=search_term_string"}],"inLanguage":"es"},{"@type":"Organization","@id":"https:\/\/all-car-news.com\/es\/#organization","name":"All cars news","url":"https:\/\/all-car-news.com\/es\/","logo":{"@type":"ImageObject","inLanguage":"es","@id":"https:\/\/all-car-news.com\/es\/#\/schema\/logo\/image\/","url":"https:\/\/all-car-news.com\/wp-content\/uploads\/2022\/02\/CMYK-AllCarNews_LANDSCAPE_300px-1.png","contentUrl":"https:\/\/all-car-news.com\/wp-content\/uploads\/2022\/02\/CMYK-AllCarNews_LANDSCAPE_300px-1.png","width":300,"height":100,"caption":"All cars news"},"image":{"@id":"https:\/\/all-car-news.com\/es\/#\/schema\/logo\/image\/"}}]}},"_links":{"self":[{"href":"https:\/\/all-car-news.com\/es\/wp-json\/wp\/v2\/posts\/138684","targetHints":{"allow":["GET"]}}],"collection":[{"href":"https:\/\/all-car-news.com\/es\/wp-json\/wp\/v2\/posts"}],"about":[{"href":"https:\/\/all-car-news.com\/es\/wp-json\/wp\/v2\/types\/post"}],"replies":[{"embeddable":true,"href":"https:\/\/all-car-news.com\/es\/wp-json\/wp\/v2\/comments?post=138684"}],"version-history":[{"count":0,"href":"https:\/\/all-car-news.com\/es\/wp-json\/wp\/v2\/posts\/138684\/revisions"}],"wp:featuredmedia":[{"embeddable":true,"href":"https:\/\/all-car-news.com\/es\/wp-json\/wp\/v2\/media\/138631"}],"wp:attachment":[{"href":"https:\/\/all-car-news.com\/es\/wp-json\/wp\/v2\/media?parent=138684"}],"wp:term":[{"taxonomy":"category","embeddable":true,"href":"https:\/\/all-car-news.com\/es\/wp-json\/wp\/v2\/categories?post=138684"},{"taxonomy":"post_tag","embeddable":true,"href":"https:\/\/all-car-news.com\/es\/wp-json\/wp\/v2\/tags?post=138684"}],"curies":[{"name":"wp","href":"https:\/\/api.w.org\/{rel}","templated":true}]}}