{"id":138587,"date":"2023-09-01T07:31:27","date_gmt":"2023-09-01T07:31:27","guid":{"rendered":"https:\/\/all-car-news.com\/gran-actualizacion-del-tesla-model-3-todos-los-detalles\/"},"modified":"2023-09-01T07:31:27","modified_gmt":"2023-09-01T07:31:27","slug":"gran-actualizacion-del-tesla-model-3-todos-los-detalles","status":"publish","type":"post","link":"https:\/\/all-car-news.com\/es\/gran-actualizacion-del-tesla-model-3-todos-los-detalles\/","title":{"rendered":"Gran actualizaci\u00f3n del Tesla Model 3: \u00a1todos los detalles!"},"content":{"rendered":"<h2>Un lifting despu\u00e9s de seis a\u00f1os<\/h2>\n<p>Ya se han producido m\u00e1s de 2 millones de unidades del Tesla Model 3, despu\u00e9s de que el primero saliera de la cadena de montaje hace seis a\u00f1os. Ahora el Model 3 recibe una importante actualizaci\u00f3n. Tesla arranca con el Model 3 de tracci\u00f3n trasera y el Long Range All-Wheel Drive. La variante Performance puede aparecer m\u00e1s adelante. La actualizaci\u00f3n se refiere principalmente a un mayor refinamiento, confort y calidad, tanto en el interior como en el exterior. El Tesla Model Y tambi\u00e9n pasar\u00e1 pronto por el quir\u00f3fano.<\/p>\n<h2>Dise\u00f1o Tesla Model 3 2024<\/h2>\n<p>Al hacerlo, Tesla se mantiene fiel al dise\u00f1o elegante y despejado del Model 3. Se trata m\u00e1s de una evoluci\u00f3n que de una revoluci\u00f3n. El Model 3 actualizado se reconoce al instante por su nuevo frontal, su trasera redise\u00f1ada, su aerodin\u00e1mica mejorada, su nueva iluminaci\u00f3n y un interior minimalista completamente nuevo. Pero, \u00bfqu\u00e9 hay de nuevo exactamente? Enumeramos todos los problemas paso a paso.<\/p>\n<p><em><strong>El texto contin\u00faa despu\u00e9s del resumen fotogr\u00e1fico<\/strong><\/em><\/p>\n<div class=\"galery galery-0\">\n<figure>\n\t\t\t\t\t<span style=\"cursor: pointer\" data-src=\"https:\/\/autorai.nl\/wp-content\/uploads\/2023\/09\/tesla-model-3-2024-facelift-foto1-1600x900.jpg\" data-fancybox=\"galery-0\" title=\"\"><br \/>\n\t\t\t\t\t\t\t<img decoding=\"async\" width=\"360\" height=\"270\" src=\"https:\/\/autorai.nl\/wp-content\/uploads\/2023\/09\/tesla-model-3-2024-facelift-foto1-360x270.jpg\" class=\"attachment-small size-small\" alt=\"Renovaci\u00f3n del Tesla Model 3\" loading=\"lazy\"><i class=\"fa fa-search-plus\" aria-hidden=\"true\"><\/i><br \/>\n\t\t\t\t\t\t<\/span><br \/>\n\t\t\t\t\t<\/figure>\n<figure>\n\t\t\t\t\t<span style=\"cursor: pointer\" data-src=\"https:\/\/autorai.nl\/wp-content\/uploads\/2023\/09\/tesla-model-3-2024-facelift-foto14-1600x900.jpg\" data-fancybox=\"galery-0\" title=\"\"><br \/>\n\t\t\t\t\t\t\t<img decoding=\"async\" width=\"360\" height=\"270\" src=\"https:\/\/autorai.nl\/wp-content\/uploads\/2023\/09\/tesla-model-3-2024-facelift-foto14-360x270.jpg\" class=\"attachment-small size-small\" alt=\"\" loading=\"lazy\"><i class=\"fa fa-search-plus\" aria-hidden=\"true\"><\/i><br \/>\n\t\t\t\t\t\t<\/span><br \/>\n\t\t\t\t\t<\/figure>\n<figure>\n\t\t\t\t\t<span style=\"cursor: pointer\" data-src=\"https:\/\/autorai.nl\/wp-content\/uploads\/2023\/09\/tesla-model-3-2024-facelift-foto13-1600x900.jpg\" data-fancybox=\"galery-0\" title=\"\"><br \/>\n\t\t\t\t\t\t\t<img decoding=\"async\" width=\"360\" height=\"270\" src=\"https:\/\/autorai.nl\/wp-content\/uploads\/2023\/09\/tesla-model-3-2024-facelift-foto13-360x270.jpg\" class=\"attachment-small size-small\" alt=\"\" loading=\"lazy\"><i class=\"fa fa-search-plus\" aria-hidden=\"true\"><\/i><br \/>\n\t\t\t\t\t\t<\/span><br \/>\n\t\t\t\t\t<\/figure>\n<figure>\n\t\t\t\t\t<span style=\"cursor: pointer\" data-src=\"https:\/\/autorai.nl\/wp-content\/uploads\/2023\/09\/tesla-model-3-2024-facelift-foto12-1600x900.jpg\" data-fancybox=\"galery-0\" title=\"\"><br \/>\n\t\t\t\t\t\t\t<img decoding=\"async\" width=\"360\" height=\"270\" src=\"https:\/\/autorai.nl\/wp-content\/uploads\/2023\/09\/tesla-model-3-2024-facelift-foto12-360x270.jpg\" class=\"attachment-small size-small\" alt=\"\" loading=\"lazy\"><i class=\"fa fa-search-plus\" aria-hidden=\"true\"><\/i><br \/>\n\t\t\t\t\t\t<\/span><br \/>\n\t\t\t\t\t<\/figure>\n<figure>\n\t\t\t\t\t<span style=\"cursor: pointer\" data-src=\"https:\/\/autorai.nl\/wp-content\/uploads\/2023\/09\/tesla-model-3-2024-facelift-foto11-1600x900.jpg\" data-fancybox=\"galery-0\" title=\"\"><br \/>\n\t\t\t\t\t\t\t<img decoding=\"async\" width=\"360\" height=\"270\" src=\"https:\/\/autorai.nl\/wp-content\/uploads\/2023\/09\/tesla-model-3-2024-facelift-foto11-360x270.jpg\" class=\"attachment-small size-small\" alt=\"Tesla Modelo 3 2024\" loading=\"lazy\"><i class=\"fa fa-search-plus\" aria-hidden=\"true\"><\/i><br \/>\n\t\t\t\t\t\t<\/span><br \/>\n\t\t\t\t\t<\/figure>\n<figure>\n\t\t\t\t\t<span style=\"cursor: pointer\" data-src=\"https:\/\/autorai.nl\/wp-content\/uploads\/2023\/09\/tesla-model-3-2024-facelift-foto10-1600x900.jpg\" data-fancybox=\"galery-0\" title=\"\"><br \/>\n\t\t\t\t\t\t\t<img decoding=\"async\" width=\"360\" height=\"270\" src=\"https:\/\/autorai.nl\/wp-content\/uploads\/2023\/09\/tesla-model-3-2024-facelift-foto10-360x270.jpg\" class=\"attachment-small size-small\" alt=\"\" loading=\"lazy\"><i class=\"fa fa-search-plus\" aria-hidden=\"true\"><\/i><br \/>\n\t\t\t\t\t\t<\/span><br \/>\n\t\t\t\t\t<\/figure>\n<figure>\n\t\t\t\t\t<span style=\"cursor: pointer\" data-src=\"https:\/\/autorai.nl\/wp-content\/uploads\/2023\/09\/tesla-model-3-2024-facelift-foto9-1600x900.jpg\" data-fancybox=\"galery-0\" title=\"\"><br \/>\n\t\t\t\t\t\t\t<img decoding=\"async\" width=\"360\" height=\"270\" src=\"https:\/\/autorai.nl\/wp-content\/uploads\/2023\/09\/tesla-model-3-2024-facelift-foto9-360x270.jpg\" class=\"attachment-small size-small\" alt=\"\" loading=\"lazy\"><i class=\"fa fa-search-plus\" aria-hidden=\"true\"><\/i><br \/>\n\t\t\t\t\t\t<\/span><br \/>\n\t\t\t\t\t<\/figure>\n<figure>\n\t\t\t\t\t<span style=\"cursor: pointer\" data-src=\"https:\/\/autorai.nl\/wp-content\/uploads\/2023\/09\/tesla-model-3-2024-facelift-foto8-1600x900.jpg\" data-fancybox=\"galery-0\" title=\"\"><br \/>\n\t\t\t\t\t\t\t<img decoding=\"async\" width=\"360\" height=\"270\" src=\"https:\/\/autorai.nl\/wp-content\/uploads\/2023\/09\/tesla-model-3-2024-facelift-foto8-360x270.jpg\" class=\"attachment-small size-small\" alt=\"\" loading=\"lazy\"><i class=\"fa fa-search-plus\" aria-hidden=\"true\"><\/i><br \/>\n\t\t\t\t\t\t<\/span><br \/>\n\t\t\t\t\t<\/figure>\n<figure>\n\t\t\t\t\t<span style=\"cursor: pointer\" data-src=\"https:\/\/autorai.nl\/wp-content\/uploads\/2023\/09\/tesla-model-3-2024-facelift-foto7-1600x900.jpg\" data-fancybox=\"galery-0\" title=\"\"><br \/>\n\t\t\t\t\t\t\t<img decoding=\"async\" width=\"360\" height=\"270\" src=\"https:\/\/autorai.nl\/wp-content\/uploads\/2023\/09\/tesla-model-3-2024-facelift-foto7-360x270.jpg\" class=\"attachment-small size-small\" alt=\"\" loading=\"lazy\"><i class=\"fa fa-search-plus\" aria-hidden=\"true\"><\/i><br \/>\n\t\t\t\t\t\t<\/span><br \/>\n\t\t\t\t\t<\/figure>\n<figure>\n\t\t\t\t\t<span style=\"cursor: pointer\" data-src=\"https:\/\/autorai.nl\/wp-content\/uploads\/2023\/09\/tesla-model-3-2024-facelift-foto6-1600x900.jpg\" data-fancybox=\"galery-0\" title=\"\"><br \/>\n\t\t\t\t\t\t\t<img decoding=\"async\" width=\"360\" height=\"270\" src=\"https:\/\/autorai.nl\/wp-content\/uploads\/2023\/09\/tesla-model-3-2024-facelift-foto6-360x270.jpg\" class=\"attachment-small size-small\" alt=\"\" loading=\"lazy\"><i class=\"fa fa-search-plus\" aria-hidden=\"true\"><\/i><br \/>\n\t\t\t\t\t\t<\/span><br \/>\n\t\t\t\t\t<\/figure>\n<figure>\n\t\t\t\t\t<span style=\"cursor: pointer\" data-src=\"https:\/\/autorai.nl\/wp-content\/uploads\/2023\/09\/tesla-model-3-2024-facelift-foto5-1600x900.jpg\" data-fancybox=\"galery-0\" title=\"\"><br \/>\n\t\t\t\t\t\t\t<img decoding=\"async\" width=\"360\" height=\"270\" src=\"https:\/\/autorai.nl\/wp-content\/uploads\/2023\/09\/tesla-model-3-2024-facelift-foto5-360x270.jpg\" class=\"attachment-small size-small\" alt=\"\" loading=\"lazy\"><i class=\"fa fa-search-plus\" aria-hidden=\"true\"><\/i><br \/>\n\t\t\t\t\t\t<\/span><br \/>\n\t\t\t\t\t<\/figure>\n<figure>\n\t\t\t\t\t<span style=\"cursor: pointer\" data-src=\"https:\/\/autorai.nl\/wp-content\/uploads\/2023\/09\/tesla-model-3-2024-facelift-foto4-1600x900.jpg\" data-fancybox=\"galery-0\" title=\"\"><br \/>\n\t\t\t\t\t\t\t<img decoding=\"async\" width=\"360\" height=\"270\" src=\"https:\/\/autorai.nl\/wp-content\/uploads\/2023\/09\/tesla-model-3-2024-facelift-foto4-360x270.jpg\" class=\"attachment-small size-small\" alt=\"\" loading=\"lazy\"><i class=\"fa fa-search-plus\" aria-hidden=\"true\"><\/i><br \/>\n\t\t\t\t\t\t<\/span><br \/>\n\t\t\t\t\t<\/figure>\n<figure>\n\t\t\t\t\t<span style=\"cursor: pointer\" data-src=\"https:\/\/autorai.nl\/wp-content\/uploads\/2023\/09\/tesla-model-3-2024-facelift-foto3-1600x900.jpg\" data-fancybox=\"galery-0\" title=\"\"><br \/>\n\t\t\t\t\t\t\t<img decoding=\"async\" width=\"360\" height=\"270\" src=\"https:\/\/autorai.nl\/wp-content\/uploads\/2023\/09\/tesla-model-3-2024-facelift-foto3-360x270.jpg\" class=\"attachment-small size-small\" alt=\"\" loading=\"lazy\"><i class=\"fa fa-search-plus\" aria-hidden=\"true\"><\/i><br \/>\n\t\t\t\t\t\t<\/span><br \/>\n\t\t\t\t\t<\/figure>\n<figure>\n\t\t\t\t\t<span style=\"cursor: pointer\" data-src=\"https:\/\/autorai.nl\/wp-content\/uploads\/2023\/09\/tesla-model-3-2024-facelift-foto2-1600x900.jpg\" data-fancybox=\"galery-0\" title=\"\"><br \/>\n\t\t\t\t\t\t\t<img decoding=\"async\" width=\"360\" height=\"270\" src=\"https:\/\/autorai.nl\/wp-content\/uploads\/2023\/09\/tesla-model-3-2024-facelift-foto2-360x270.jpg\" class=\"attachment-small size-small\" alt=\"\" loading=\"lazy\"><i class=\"fa fa-search-plus\" aria-hidden=\"true\"><\/i><br \/>\n\t\t\t\t\t\t<\/span><br \/>\n\t\t\t\t\t<\/figure>\n<figure>\n\t\t\t\t\t<span style=\"cursor: pointer\" data-src=\"https:\/\/autorai.nl\/wp-content\/uploads\/2023\/09\/tesla-model3-2024-details-kleuren-interieur-velgen-foto19-1600x881.png\" data-fancybox=\"galery-0\" title=\"\"><br \/>\n\t\t\t\t\t\t\t<img decoding=\"async\" width=\"360\" height=\"270\" src=\"https:\/\/autorai.nl\/wp-content\/uploads\/2023\/09\/tesla-model3-2024-details-kleuren-interieur-velgen-foto19-360x270.png\" class=\"attachment-small size-small\" alt=\"\" loading=\"lazy\"><i class=\"fa fa-search-plus\" aria-hidden=\"true\"><\/i><br \/>\n\t\t\t\t\t\t<\/span><br \/>\n\t\t\t\t\t<\/figure>\n<figure>\n\t\t\t\t\t<span style=\"cursor: pointer\" data-src=\"https:\/\/autorai.nl\/wp-content\/uploads\/2023\/09\/tesla-model3-2024-details-kleuren-interieur-velgen-foto1-1600x881.png\" data-fancybox=\"galery-0\" title=\"\"><br \/>\n\t\t\t\t\t\t\t<img decoding=\"async\" width=\"360\" height=\"270\" src=\"https:\/\/autorai.nl\/wp-content\/uploads\/2023\/09\/tesla-model3-2024-details-kleuren-interieur-velgen-foto1-360x270.png\" class=\"attachment-small size-small\" alt=\"\" loading=\"lazy\"><i class=\"fa fa-search-plus\" aria-hidden=\"true\"><\/i><br \/>\n\t\t\t\t\t\t<\/span><br \/>\n\t\t\t\t\t<\/figure>\n<div class=\"clear\"><\/div>\n<\/div>\n<h2>Mejor aerodin\u00e1mica<\/h2>\n<p>Las l\u00edneas m\u00e1s afiladas de la carrocer\u00eda y las superficies optimizadas aerodin\u00e1micamente reducen la resistencia y el ruido del viento y aumentan la autonom\u00eda.<\/p>\n<h2><strong>Nueva iluminaci\u00f3n<\/strong><\/h2>\n<p>Los faros tienen un aspecto totalmente nuevo. Las luces traseras tambi\u00e9n tienen un estilo actualizado. Ahora est\u00e1n muy bien integrados en el port\u00f3n trasero.<\/p>\n<h2>Dos nuevos colores<\/h2>\n<p>Ultra Red y Stealth Grey son dos nuevos colores para el Tesla Model 3 de 2024. Ultra Red es un color de alto cromatismo con una profundidad din\u00e1mica creada mediante la aplicaci\u00f3n de laca multicapa. El color Midnight Silver Metallic se sustituye por el Stealth Grey, un intenso color gris oscuro metalizado. Todos los colores en fila.<\/p>\n<ul>\n<li>Multicapa Blanco Perla &#8211; incluido<\/li>\n<li>Azul oscuro metalizado &#8211; 1.300<\/li>\n<li>Negro s\u00f3lido &#8211; 1.300<\/li>\n<li>Ultra Rojo &#8211; 2.000 euros<\/li>\n<li>Gris Stealth &#8211; 2.000 euros<\/li>\n<\/ul>\n<div class=\"galery shuffle galery-2\">\n<figure>\n\t\t\t\t\t<span style=\"cursor: pointer\" data-src=\"https:\/\/autorai.nl\/wp-content\/uploads\/2023\/09\/tesla-model3-2024-details-kleuren-interieur-velgen-foto9-1600x908.png\" data-fancybox=\"galery-2\" title=\"\"><br \/>\n\t\t\t\t\t\t\t<img decoding=\"async\" width=\"640\" height=\"480\" src=\"https:\/\/autorai.nl\/wp-content\/uploads\/2023\/09\/tesla-model3-2024-details-kleuren-interieur-velgen-foto9-640x480.png\" class=\"attachment-medium size-medium\" alt=\"\" loading=\"lazy\"><i class=\"fa fa-search-plus\" aria-hidden=\"true\"><\/i><br \/>\n\t\t\t\t\t\t<\/span><br \/>\n\t\t\t\t\t<\/figure>\n<figure>\n\t\t\t\t\t<span style=\"cursor: pointer\" data-src=\"https:\/\/autorai.nl\/wp-content\/uploads\/2023\/09\/tesla-model3-2024-details-kleuren-interieur-velgen-foto4-1600x908.png\" data-fancybox=\"galery-2\" title=\"\"><br \/>\n\t\t\t\t\t\t\t<img decoding=\"async\" width=\"360\" height=\"270\" src=\"https:\/\/autorai.nl\/wp-content\/uploads\/2023\/09\/tesla-model3-2024-details-kleuren-interieur-velgen-foto4-360x270.png\" class=\"attachment-small size-small\" alt=\"\" loading=\"lazy\"><i class=\"fa fa-search-plus\" aria-hidden=\"true\"><\/i><br \/>\n\t\t\t\t\t\t<\/span><br \/>\n\t\t\t\t\t<\/figure>\n<figure>\n\t\t\t\t\t<span style=\"cursor: pointer\" data-src=\"https:\/\/autorai.nl\/wp-content\/uploads\/2023\/09\/tesla-model3-2024-details-kleuren-interieur-velgen-foto14-1600x908.png\" data-fancybox=\"galery-2\" title=\"\"><br \/>\n\t\t\t\t\t\t\t<img decoding=\"async\" width=\"360\" height=\"270\" src=\"https:\/\/autorai.nl\/wp-content\/uploads\/2023\/09\/tesla-model3-2024-details-kleuren-interieur-velgen-foto14-360x270.png\" class=\"attachment-small size-small\" alt=\"\" loading=\"lazy\"><i class=\"fa fa-search-plus\" aria-hidden=\"true\"><\/i><br \/>\n\t\t\t\t\t\t<\/span><br \/>\n\t\t\t\t\t<\/figure>\n<figure>\n\t\t\t\t\t<span style=\"cursor: pointer\" data-src=\"https:\/\/autorai.nl\/wp-content\/uploads\/2023\/09\/tesla-model3-2024-details-kleuren-interieur-velgen-foto10-1600x908.png\" data-fancybox=\"galery-2\" title=\"\"><br \/>\n\t\t\t\t\t\t\t<img decoding=\"async\" width=\"640\" height=\"480\" src=\"https:\/\/autorai.nl\/wp-content\/uploads\/2023\/09\/tesla-model3-2024-details-kleuren-interieur-velgen-foto10-640x480.png\" class=\"attachment-medium size-medium\" alt=\"\" loading=\"lazy\"><i class=\"fa fa-search-plus\" aria-hidden=\"true\"><\/i><br \/>\n\t\t\t\t\t\t<\/span><br \/>\n\t\t\t\t\t<\/figure>\n<figure>\n\t\t\t\t\t<span style=\"cursor: pointer\" data-src=\"https:\/\/autorai.nl\/wp-content\/uploads\/2023\/09\/tesla-model3-2024-details-kleuren-interieur-velgen-foto5-1600x908.png\" data-fancybox=\"galery-2\" title=\"\"><br \/>\n\t\t\t\t\t\t\t<img decoding=\"async\" width=\"360\" height=\"270\" src=\"https:\/\/autorai.nl\/wp-content\/uploads\/2023\/09\/tesla-model3-2024-details-kleuren-interieur-velgen-foto5-360x270.png\" class=\"attachment-small size-small\" alt=\"\" loading=\"lazy\"><i class=\"fa fa-search-plus\" aria-hidden=\"true\"><\/i><br \/>\n\t\t\t\t\t\t<\/span><br \/>\n\t\t\t\t\t<\/figure>\n<figure>\n\t\t\t\t\t<span style=\"cursor: pointer\" data-src=\"https:\/\/autorai.nl\/wp-content\/uploads\/2023\/09\/tesla-model3-2024-details-kleuren-interieur-velgen-foto15-1600x908.png\" data-fancybox=\"galery-2\" title=\"\"><br \/>\n\t\t\t\t\t\t\t<img decoding=\"async\" width=\"360\" height=\"270\" src=\"https:\/\/autorai.nl\/wp-content\/uploads\/2023\/09\/tesla-model3-2024-details-kleuren-interieur-velgen-foto15-360x270.png\" class=\"attachment-small size-small\" alt=\"\" loading=\"lazy\"><i class=\"fa fa-search-plus\" aria-hidden=\"true\"><\/i><br \/>\n\t\t\t\t\t\t<\/span><br \/>\n\t\t\t\t\t<\/figure>\n<figure>\n\t\t\t\t\t<span style=\"cursor: pointer\" data-src=\"https:\/\/autorai.nl\/wp-content\/uploads\/2023\/09\/tesla-model3-2024-details-kleuren-interieur-velgen-foto11-1600x908.png\" data-fancybox=\"galery-2\" title=\"\"><br \/>\n\t\t\t\t\t\t\t<img decoding=\"async\" width=\"640\" height=\"480\" src=\"https:\/\/autorai.nl\/wp-content\/uploads\/2023\/09\/tesla-model3-2024-details-kleuren-interieur-velgen-foto11-640x480.png\" class=\"attachment-medium size-medium\" alt=\"\" loading=\"lazy\"><i class=\"fa fa-search-plus\" aria-hidden=\"true\"><\/i><br \/>\n\t\t\t\t\t\t<\/span><br \/>\n\t\t\t\t\t<\/figure>\n<figure>\n\t\t\t\t\t<span style=\"cursor: pointer\" data-src=\"https:\/\/autorai.nl\/wp-content\/uploads\/2023\/09\/tesla-model3-2024-details-kleuren-interieur-velgen-foto6-1600x908.png\" data-fancybox=\"galery-2\" title=\"\"><br \/>\n\t\t\t\t\t\t\t<img decoding=\"async\" width=\"360\" height=\"270\" src=\"https:\/\/autorai.nl\/wp-content\/uploads\/2023\/09\/tesla-model3-2024-details-kleuren-interieur-velgen-foto6-360x270.png\" class=\"attachment-small size-small\" alt=\"\" loading=\"lazy\"><i class=\"fa fa-search-plus\" aria-hidden=\"true\"><\/i><br \/>\n\t\t\t\t\t\t<\/span><br \/>\n\t\t\t\t\t<\/figure>\n<figure>\n\t\t\t\t\t<span style=\"cursor: pointer\" data-src=\"https:\/\/autorai.nl\/wp-content\/uploads\/2023\/09\/tesla-model3-2024-details-kleuren-interieur-velgen-foto16-1600x908.png\" data-fancybox=\"galery-2\" title=\"\"><br \/>\n\t\t\t\t\t\t\t<img decoding=\"async\" width=\"360\" height=\"270\" src=\"https:\/\/autorai.nl\/wp-content\/uploads\/2023\/09\/tesla-model3-2024-details-kleuren-interieur-velgen-foto16-360x270.png\" class=\"attachment-small size-small\" alt=\"\" loading=\"lazy\"><i class=\"fa fa-search-plus\" aria-hidden=\"true\"><\/i><br \/>\n\t\t\t\t\t\t<\/span><br \/>\n\t\t\t\t\t<\/figure>\n<figure>\n\t\t\t\t\t<span style=\"cursor: pointer\" data-src=\"https:\/\/autorai.nl\/wp-content\/uploads\/2023\/09\/tesla-model3-2024-details-kleuren-interieur-velgen-foto12-1600x908.png\" data-fancybox=\"galery-2\" title=\"\"><br \/>\n\t\t\t\t\t\t\t<img decoding=\"async\" width=\"640\" height=\"480\" src=\"https:\/\/autorai.nl\/wp-content\/uploads\/2023\/09\/tesla-model3-2024-details-kleuren-interieur-velgen-foto12-640x480.png\" class=\"attachment-medium size-medium\" alt=\"\" loading=\"lazy\"><i class=\"fa fa-search-plus\" aria-hidden=\"true\"><\/i><br \/>\n\t\t\t\t\t\t<\/span><br \/>\n\t\t\t\t\t<\/figure>\n<figure>\n\t\t\t\t\t<span style=\"cursor: pointer\" data-src=\"https:\/\/autorai.nl\/wp-content\/uploads\/2023\/09\/tesla-model3-2024-details-kleuren-interieur-velgen-foto7-1600x908.png\" data-fancybox=\"galery-2\" title=\"\"><br \/>\n\t\t\t\t\t\t\t<img decoding=\"async\" width=\"360\" height=\"270\" src=\"https:\/\/autorai.nl\/wp-content\/uploads\/2023\/09\/tesla-model3-2024-details-kleuren-interieur-velgen-foto7-360x270.png\" class=\"attachment-small size-small\" alt=\"\" loading=\"lazy\"><i class=\"fa fa-search-plus\" aria-hidden=\"true\"><\/i><br \/>\n\t\t\t\t\t\t<\/span><br \/>\n\t\t\t\t\t<\/figure>\n<figure>\n\t\t\t\t\t<span style=\"cursor: pointer\" data-src=\"https:\/\/autorai.nl\/wp-content\/uploads\/2023\/09\/tesla-model3-2024-details-kleuren-interieur-velgen-foto17-1600x908.png\" data-fancybox=\"galery-2\" title=\"\"><br \/>\n\t\t\t\t\t\t\t<img decoding=\"async\" width=\"360\" height=\"270\" src=\"https:\/\/autorai.nl\/wp-content\/uploads\/2023\/09\/tesla-model3-2024-details-kleuren-interieur-velgen-foto17-360x270.png\" class=\"attachment-small size-small\" alt=\"\" loading=\"lazy\"><i class=\"fa fa-search-plus\" aria-hidden=\"true\"><\/i><br \/>\n\t\t\t\t\t\t<\/span><br \/>\n\t\t\t\t\t<\/figure>\n<figure>\n\t\t\t\t\t<span style=\"cursor: pointer\" data-src=\"https:\/\/autorai.nl\/wp-content\/uploads\/2023\/09\/tesla-model3-2024-details-kleuren-interieur-velgen-foto13-1600x908.png\" data-fancybox=\"galery-2\" title=\"\"><br \/>\n\t\t\t\t\t\t\t<img decoding=\"async\" width=\"640\" height=\"480\" src=\"https:\/\/autorai.nl\/wp-content\/uploads\/2023\/09\/tesla-model3-2024-details-kleuren-interieur-velgen-foto13-640x480.png\" class=\"attachment-medium size-medium\" alt=\"\" loading=\"lazy\"><i class=\"fa fa-search-plus\" aria-hidden=\"true\"><\/i><br \/>\n\t\t\t\t\t\t<\/span><br \/>\n\t\t\t\t\t<\/figure>\n<figure>\n\t\t\t\t\t<span style=\"cursor: pointer\" data-src=\"https:\/\/autorai.nl\/wp-content\/uploads\/2023\/09\/tesla-model3-2024-details-kleuren-interieur-velgen-foto8-1600x908.png\" data-fancybox=\"galery-2\" title=\"\"><br \/>\n\t\t\t\t\t\t\t<img decoding=\"async\" width=\"360\" height=\"270\" src=\"https:\/\/autorai.nl\/wp-content\/uploads\/2023\/09\/tesla-model3-2024-details-kleuren-interieur-velgen-foto8-360x270.png\" class=\"attachment-small size-small\" alt=\"\" loading=\"lazy\"><i class=\"fa fa-search-plus\" aria-hidden=\"true\"><\/i><br \/>\n\t\t\t\t\t\t<\/span><br \/>\n\t\t\t\t\t<\/figure>\n<figure>\n\t\t\t\t\t<span style=\"cursor: pointer\" data-src=\"https:\/\/autorai.nl\/wp-content\/uploads\/2023\/09\/tesla-model3-2024-details-kleuren-interieur-velgen-foto18-1600x908.png\" data-fancybox=\"galery-2\" title=\"\"><br \/>\n\t\t\t\t\t\t\t<img decoding=\"async\" width=\"360\" height=\"270\" src=\"https:\/\/autorai.nl\/wp-content\/uploads\/2023\/09\/tesla-model3-2024-details-kleuren-interieur-velgen-foto18-360x270.png\" class=\"attachment-small size-small\" alt=\"\" loading=\"lazy\"><i class=\"fa fa-search-plus\" aria-hidden=\"true\"><\/i><br \/>\n\t\t\t\t\t\t<\/span><br \/>\n\t\t\t\t\t<\/figure>\n<div class=\"clear\"><\/div>\n<\/div>\n<h2><strong>Otras llantas\/neum\u00e1ticos<\/strong><\/h2>\n<p>Las ruedas tienen un nuevo dise\u00f1o con aerodin\u00e1mica mejorada. Tesla tambi\u00e9n aplica neum\u00e1ticos diferentes para lograr una mayor autonom\u00eda y menos ruido de conducci\u00f3n.<\/p>\n<ul>\n<li><strong>Llantas Photon de 18&#8243; &#8211; Incluidas<\/strong><\/li>\n<li>Autonom\u00eda estimada seg\u00fan configuraci\u00f3n: 554 km<\/li>\n<li><strong>Llantas Nova de 19&#8243; &#8211; 1.700<\/strong><\/li>\n<li>Autonom\u00eda certificada (WLTP): 513 km<\/li>\n<\/ul>\n<div class=\"galery galery-1\">\n<figure>\n\t\t\t\t\t<span style=\"cursor: pointer\" data-src=\"https:\/\/autorai.nl\/wp-content\/uploads\/2023\/09\/tesla-model3-2024-details-kleuren-interieur-velgen-foto2-1600x908.png\" data-fancybox=\"galery-1\" title=\"\"><br \/>\n\t\t\t\t\t\t\t<img decoding=\"async\" width=\"360\" height=\"270\" src=\"https:\/\/autorai.nl\/wp-content\/uploads\/2023\/09\/tesla-model3-2024-details-kleuren-interieur-velgen-foto2-360x270.png\" class=\"attachment-small size-small\" alt=\"\" loading=\"lazy\"><i class=\"fa fa-search-plus\" aria-hidden=\"true\"><\/i><br \/>\n\t\t\t\t\t\t<\/span><br \/>\n\t\t\t\t\t<\/figure>\n<figure>\n\t\t\t\t\t<span style=\"cursor: pointer\" data-src=\"https:\/\/autorai.nl\/wp-content\/uploads\/2023\/09\/tesla-model3-2024-details-kleuren-interieur-velgen-foto3-1600x908.png\" data-fancybox=\"galery-1\" title=\"\"><br \/>\n\t\t\t\t\t\t\t<img decoding=\"async\" width=\"360\" height=\"270\" src=\"https:\/\/autorai.nl\/wp-content\/uploads\/2023\/09\/tesla-model3-2024-details-kleuren-interieur-velgen-foto3-360x270.png\" class=\"attachment-small size-small\" alt=\"\" loading=\"lazy\"><i class=\"fa fa-search-plus\" aria-hidden=\"true\"><\/i><br \/>\n\t\t\t\t\t\t<\/span><br \/>\n\t\t\t\t\t<\/figure>\n<div class=\"clear\"><\/div>\n<\/div>\n<h2><strong>Interior elegante<\/strong> para el Tesla Model 3<\/h2>\n<p>Tesla lleva el acabado interior al siguiente nivel utilizando materiales de primera calidad (aluminio aut\u00e9ntico, textiles, etc.). El interior tambi\u00e9n dispone de iluminaci\u00f3n ambiental.<\/p>\n<h3><strong>Asientos ventilados<\/strong><\/h3>\n<p>Los asientos delanteros ventilados y la calefacci\u00f3n de todos los asientos est\u00e1n totalmente integrados con el aire acondicionado autom\u00e1tico.<\/p>\n<h3><strong>Interior silencioso<\/strong><\/h3>\n<p>El interior es m\u00e1s silencioso que nunca, gracias a nuestro cristal ac\u00fastico integral, a la mejora de los casquillos de los cojinetes, a las juntas y a los materiales insonorizantes.<\/p>\n<h3><strong>Carga inal\u00e1mbrica del tel\u00e9fono y espacio de almacenamiento<\/strong><\/h3>\n<p>La consola central se ha redise\u00f1ado. El Tesla Model 3 actualizado cuenta con un espacioso compartimento de almacenamiento de aluminio y dos cargadores inal\u00e1mbricos para tel\u00e9fonos. Para cargar r\u00e1pidamente un port\u00e1til, el coche cuenta con un puerto de carga USB-C en la parte delantera y dos en la trasera, cada uno con hasta 65 W de potencia.<\/p>\n<h3><strong>Sistema de audio de nueva generaci\u00f3n  <\/strong><\/h3>\n<p>El Model 3 cuenta con un nuevo sistema de audio premium dise\u00f1ado por la propia Tesla. En las versiones de largo alcance, el sistema consta de 17 altavoces, dos subwoofers y dos amplificadores. Las versiones de tracci\u00f3n trasera tienen 9 altavoces, un subwoofer y un amplificador. Incluye soporte integrado para Spotify, Apple Music y Tidal. Los micr\u00f3fonos adicionales y m\u00e1s potentes garantizan una calidad de llamada mejorada.<\/p>\n<h3><strong>Mostrar segunda fila de asientos<\/strong><\/h3>\n<p>Al igual que el Model S y el Model X, el Model 3 ahora tiene una pantalla trasera de 8 pulgadas con climatizaci\u00f3n, ventilaci\u00f3n y entretenimiento integrados.<\/p>\n<h3><strong>Conducir sin palancas<\/strong><\/h3>\n<p>Las palancas del volante se han sustituido por mandos en el volante para ofrecer una experiencia de conducci\u00f3n despejada, tanto con interruptores h\u00e1pticos como con botones f\u00edsicos. El cambio inteligente selecciona autom\u00e1ticamente la direcci\u00f3n correcta para iniciar la marcha, como en los \u00faltimos Model S y Model X.<\/p>\n<figure class=\"wp-block-image size-content\"><img decoding=\"async\" loading=\"lazy\" width=\"1140\" height=\"641\" src=\"https:\/\/autorai.nl\/wp-content\/uploads\/2023\/09\/tesla-model-3-2024-facelift-foto11-1140x641.jpg\" alt=\"Tesla Modelo 3 2024\" class=\"wp-image-165564\"><\/figure>\n<h3><strong>Pantalla central<\/strong><\/h3>\n<p>La pantalla central de 15,4 pulgadas tiene las mismas dimensiones que antes, pero con una mayor superficie \u00fatil gracias al bisel m\u00e1s estrecho. Cuenta con una interfaz de usuario personalizable y se mejora con el tiempo mediante actualizaciones OTA. Tambi\u00e9n cuenta con una red m\u00f3vil mejorada en un 50%, 2x de alcance Wi-Fi y capacidades Wi-Fi de doble banda (2,4GHz y 5GHz).<\/p>\n<h2>Gama y precios Tesla Model 3<\/h2>\n<p>Las entregas del Model 3 con tracci\u00f3n trasera y tracci\u00f3n total de largo alcance comenzar\u00e1n en Europa y Oriente Medio a finales de octubre. En los Pa\u00edses Bajos, el Model 3 RWD est\u00e1 disponible desde 42.990 euros y el Model 3 Long Range desde 50.990 euros.<\/p>\n<h3><strong>Especificaciones del Tesla Model 3 con tracci\u00f3n trasera<\/strong><\/h3>\n<ul>\n<li>Autonom\u00eda: 513 kil\u00f3metros (WLTP)<\/li>\n<li>Velocidad m\u00e1xima: 201 km\/h<\/li>\n<li>0-100 km\/h: 6,1 segundos<\/li>\n<li>Precio: 42.990 euros (43.993 euros con gastos adicionales)<\/li>\n<\/ul>\n<h3><strong>Especificaciones del Tesla Model 3 Long Range<\/strong><\/h3>\n<ul>\n<li>Autonom\u00eda: 629 kil\u00f3metros (WLTP)<\/li>\n<li>Velocidad m\u00e1xima: 201 km\/h<\/li>\n<li>0-100 km\/h: 4,4 segundos<\/li>\n<li>Precio: 50.990 euros (51.993 euros con gastos adicionales)<\/li>\n<\/ul>\n<h2>  Barra de remolque Tesla Model 3<\/h2>\n<p>Pagas 1.350 euros m\u00e1s por un enganche de remolque de acero con adaptador desmontable. Es adecuado para un peso de remolque frenado de hasta 1.000 kg.<\/p><\/p>\n","protected":false},"excerpt":{"rendered":"Un lavado de cara despu\u00e9s de seis a\u00f1os Ya se han producido m\u00e1s de 2 millones de unidades del Tesla&hellip;","protected":false},"author":0,"featured_media":138561,"comment_status":"","ping_status":"open","sticky":false,"template":"","format":"standard","meta":{"footnotes":""},"categories":[126],"tags":[],"class_list":["post-138587","post","type-post","status-publish","format-standard","has-post-thumbnail","hentry","category-noticias-de-autos"],"acf":[],"yoast_head":"<!-- This site is optimized with the Yoast SEO plugin v21.2 - https:\/\/yoast.com\/wordpress\/plugins\/seo\/ -->\n<title>Gran actualizaci\u00f3n del Tesla Model 3: \u00a1todos los detalles! - All cars news<\/title>\n<meta name=\"robots\" content=\"index, follow, max-snippet:-1, max-image-preview:large, max-video-preview:-1\" \/>\n<link rel=\"canonical\" href=\"https:\/\/all-car-news.com\/es\/gran-actualizacion-del-tesla-model-3-todos-los-detalles\/\" \/>\n<meta property=\"og:locale\" content=\"es_ES\" \/>\n<meta property=\"og:type\" content=\"article\" \/>\n<meta property=\"og:title\" content=\"Gran actualizaci\u00f3n del Tesla Model 3: \u00a1todos los detalles! - All cars news\" \/>\n<meta property=\"og:description\" content=\"Un lavado de cara despu\u00e9s de seis a\u00f1os Ya se han producido m\u00e1s de 2 millones de unidades del Tesla Model 3, despu\u00e9s de que el primero saliera de la cadena de montaje hace seis a\u00f1os. Ahora el Model 3 recibe una importante actualizaci\u00f3n. Tesla arranca con el Model 3 de tracci\u00f3n trasera y el Long Range All-Wheel Drive. La variante Performance puede seguir [...]\" \/>\n<meta property=\"og:url\" content=\"https:\/\/all-car-news.com\/es\/gran-actualizacion-del-tesla-model-3-todos-los-detalles\/\" \/>\n<meta property=\"og:site_name\" content=\"All cars news\" \/>\n<meta property=\"article:published_time\" content=\"2023-09-01T07:31:27+00:00\" \/>\n<meta property=\"og:image\" content=\"https:\/\/autorai.nl\/wp-content\/uploads\/2023\/09\/tesla-model-3-2024-facelift-foto1-360x270.jpg\" \/>\n<meta name=\"twitter:card\" content=\"summary_large_image\" \/>\n<meta name=\"twitter:label1\" content=\"Tiempo de lectura\" \/>\n\t<meta name=\"twitter:data1\" content=\"5 minutos\" \/>\n<script type=\"application\/ld+json\" class=\"yoast-schema-graph\">{\"@context\":\"https:\/\/schema.org\",\"@graph\":[{\"@type\":\"Article\",\"@id\":\"https:\/\/all-car-news.com\/es\/gran-actualizacion-del-tesla-model-3-todos-los-detalles\/#article\",\"isPartOf\":{\"@id\":\"https:\/\/all-car-news.com\/es\/gran-actualizacion-del-tesla-model-3-todos-los-detalles\/\"},\"author\":{\"name\":\"\",\"@id\":\"\"},\"headline\":\"Gran actualizaci\u00f3n del Tesla Model 3: \u00a1todos los detalles!\",\"datePublished\":\"2023-09-01T07:31:27+00:00\",\"dateModified\":\"2023-09-01T07:31:27+00:00\",\"mainEntityOfPage\":{\"@id\":\"https:\/\/all-car-news.com\/es\/gran-actualizacion-del-tesla-model-3-todos-los-detalles\/\"},\"wordCount\":915,\"publisher\":{\"@id\":\"https:\/\/all-car-news.com\/es\/#organization\"},\"articleSection\":[\"noticias de autos\"],\"inLanguage\":\"es\"},{\"@type\":\"WebPage\",\"@id\":\"https:\/\/all-car-news.com\/es\/gran-actualizacion-del-tesla-model-3-todos-los-detalles\/\",\"url\":\"https:\/\/all-car-news.com\/es\/gran-actualizacion-del-tesla-model-3-todos-los-detalles\/\",\"name\":\"Gran actualizaci\u00f3n del Tesla Model 3: \u00a1todos los detalles! - All cars news\",\"isPartOf\":{\"@id\":\"https:\/\/all-car-news.com\/es\/#website\"},\"datePublished\":\"2023-09-01T07:31:27+00:00\",\"dateModified\":\"2023-09-01T07:31:27+00:00\",\"breadcrumb\":{\"@id\":\"https:\/\/all-car-news.com\/es\/gran-actualizacion-del-tesla-model-3-todos-los-detalles\/#breadcrumb\"},\"inLanguage\":\"es\",\"potentialAction\":[{\"@type\":\"ReadAction\",\"target\":[\"https:\/\/all-car-news.com\/es\/gran-actualizacion-del-tesla-model-3-todos-los-detalles\/\"]}]},{\"@type\":\"BreadcrumbList\",\"@id\":\"https:\/\/all-car-news.com\/es\/gran-actualizacion-del-tesla-model-3-todos-los-detalles\/#breadcrumb\",\"itemListElement\":[{\"@type\":\"ListItem\",\"position\":1,\"name\":\"Home\",\"item\":\"https:\/\/all-car-news.com\/es\/\"},{\"@type\":\"ListItem\",\"position\":2,\"name\":\"Gran actualizaci\u00f3n del Tesla Model 3: \u00a1todos los detalles!\"}]},{\"@type\":\"WebSite\",\"@id\":\"https:\/\/all-car-news.com\/es\/#website\",\"url\":\"https:\/\/all-car-news.com\/es\/\",\"name\":\"All cars news\",\"description\":\"\",\"publisher\":{\"@id\":\"https:\/\/all-car-news.com\/es\/#organization\"},\"potentialAction\":[{\"@type\":\"SearchAction\",\"target\":{\"@type\":\"EntryPoint\",\"urlTemplate\":\"https:\/\/all-car-news.com\/es\/?s={search_term_string}\"},\"query-input\":\"required name=search_term_string\"}],\"inLanguage\":\"es\"},{\"@type\":\"Organization\",\"@id\":\"https:\/\/all-car-news.com\/es\/#organization\",\"name\":\"All cars news\",\"url\":\"https:\/\/all-car-news.com\/es\/\",\"logo\":{\"@type\":\"ImageObject\",\"inLanguage\":\"es\",\"@id\":\"https:\/\/all-car-news.com\/es\/#\/schema\/logo\/image\/\",\"url\":\"https:\/\/all-car-news.com\/wp-content\/uploads\/2022\/02\/CMYK-AllCarNews_LANDSCAPE_300px-1.png\",\"contentUrl\":\"https:\/\/all-car-news.com\/wp-content\/uploads\/2022\/02\/CMYK-AllCarNews_LANDSCAPE_300px-1.png\",\"width\":300,\"height\":100,\"caption\":\"All cars news\"},\"image\":{\"@id\":\"https:\/\/all-car-news.com\/es\/#\/schema\/logo\/image\/\"}}]}<\/script>\n<!-- \/ Yoast SEO plugin. -->","yoast_head_json":{"title":"Gran actualizaci\u00f3n del Tesla Model 3: \u00a1todos los detalles! - All cars news","robots":{"index":"index","follow":"follow","max-snippet":"max-snippet:-1","max-image-preview":"max-image-preview:large","max-video-preview":"max-video-preview:-1"},"canonical":"https:\/\/all-car-news.com\/es\/gran-actualizacion-del-tesla-model-3-todos-los-detalles\/","og_locale":"es_ES","og_type":"article","og_title":"Gran actualizaci\u00f3n del Tesla Model 3: \u00a1todos los detalles! - All cars news","og_description":"Un lavado de cara despu\u00e9s de seis a\u00f1os Ya se han producido m\u00e1s de 2 millones de unidades del Tesla Model 3, despu\u00e9s de que el primero saliera de la cadena de montaje hace seis a\u00f1os. Ahora el Model 3 recibe una importante actualizaci\u00f3n. Tesla arranca con el Model 3 de tracci\u00f3n trasera y el Long Range All-Wheel Drive. La variante Performance puede seguir [...]","og_url":"https:\/\/all-car-news.com\/es\/gran-actualizacion-del-tesla-model-3-todos-los-detalles\/","og_site_name":"All cars news","article_published_time":"2023-09-01T07:31:27+00:00","og_image":[{"url":"https:\/\/autorai.nl\/wp-content\/uploads\/2023\/09\/tesla-model-3-2024-facelift-foto1-360x270.jpg"}],"twitter_card":"summary_large_image","twitter_misc":{"Tiempo de lectura":"5 minutos"},"schema":{"@context":"https:\/\/schema.org","@graph":[{"@type":"Article","@id":"https:\/\/all-car-news.com\/es\/gran-actualizacion-del-tesla-model-3-todos-los-detalles\/#article","isPartOf":{"@id":"https:\/\/all-car-news.com\/es\/gran-actualizacion-del-tesla-model-3-todos-los-detalles\/"},"author":{"name":"","@id":""},"headline":"Gran actualizaci\u00f3n del Tesla Model 3: \u00a1todos los detalles!","datePublished":"2023-09-01T07:31:27+00:00","dateModified":"2023-09-01T07:31:27+00:00","mainEntityOfPage":{"@id":"https:\/\/all-car-news.com\/es\/gran-actualizacion-del-tesla-model-3-todos-los-detalles\/"},"wordCount":915,"publisher":{"@id":"https:\/\/all-car-news.com\/es\/#organization"},"articleSection":["noticias de autos"],"inLanguage":"es"},{"@type":"WebPage","@id":"https:\/\/all-car-news.com\/es\/gran-actualizacion-del-tesla-model-3-todos-los-detalles\/","url":"https:\/\/all-car-news.com\/es\/gran-actualizacion-del-tesla-model-3-todos-los-detalles\/","name":"Gran actualizaci\u00f3n del Tesla Model 3: \u00a1todos los detalles! - All cars news","isPartOf":{"@id":"https:\/\/all-car-news.com\/es\/#website"},"datePublished":"2023-09-01T07:31:27+00:00","dateModified":"2023-09-01T07:31:27+00:00","breadcrumb":{"@id":"https:\/\/all-car-news.com\/es\/gran-actualizacion-del-tesla-model-3-todos-los-detalles\/#breadcrumb"},"inLanguage":"es","potentialAction":[{"@type":"ReadAction","target":["https:\/\/all-car-news.com\/es\/gran-actualizacion-del-tesla-model-3-todos-los-detalles\/"]}]},{"@type":"BreadcrumbList","@id":"https:\/\/all-car-news.com\/es\/gran-actualizacion-del-tesla-model-3-todos-los-detalles\/#breadcrumb","itemListElement":[{"@type":"ListItem","position":1,"name":"Home","item":"https:\/\/all-car-news.com\/es\/"},{"@type":"ListItem","position":2,"name":"Gran actualizaci\u00f3n del Tesla Model 3: \u00a1todos los detalles!"}]},{"@type":"WebSite","@id":"https:\/\/all-car-news.com\/es\/#website","url":"https:\/\/all-car-news.com\/es\/","name":"All cars news","description":"","publisher":{"@id":"https:\/\/all-car-news.com\/es\/#organization"},"potentialAction":[{"@type":"SearchAction","target":{"@type":"EntryPoint","urlTemplate":"https:\/\/all-car-news.com\/es\/?s={search_term_string}"},"query-input":"required name=search_term_string"}],"inLanguage":"es"},{"@type":"Organization","@id":"https:\/\/all-car-news.com\/es\/#organization","name":"All cars news","url":"https:\/\/all-car-news.com\/es\/","logo":{"@type":"ImageObject","inLanguage":"es","@id":"https:\/\/all-car-news.com\/es\/#\/schema\/logo\/image\/","url":"https:\/\/all-car-news.com\/wp-content\/uploads\/2022\/02\/CMYK-AllCarNews_LANDSCAPE_300px-1.png","contentUrl":"https:\/\/all-car-news.com\/wp-content\/uploads\/2022\/02\/CMYK-AllCarNews_LANDSCAPE_300px-1.png","width":300,"height":100,"caption":"All cars news"},"image":{"@id":"https:\/\/all-car-news.com\/es\/#\/schema\/logo\/image\/"}}]}},"_links":{"self":[{"href":"https:\/\/all-car-news.com\/es\/wp-json\/wp\/v2\/posts\/138587","targetHints":{"allow":["GET"]}}],"collection":[{"href":"https:\/\/all-car-news.com\/es\/wp-json\/wp\/v2\/posts"}],"about":[{"href":"https:\/\/all-car-news.com\/es\/wp-json\/wp\/v2\/types\/post"}],"replies":[{"embeddable":true,"href":"https:\/\/all-car-news.com\/es\/wp-json\/wp\/v2\/comments?post=138587"}],"version-history":[{"count":0,"href":"https:\/\/all-car-news.com\/es\/wp-json\/wp\/v2\/posts\/138587\/revisions"}],"wp:featuredmedia":[{"embeddable":true,"href":"https:\/\/all-car-news.com\/es\/wp-json\/wp\/v2\/media\/138561"}],"wp:attachment":[{"href":"https:\/\/all-car-news.com\/es\/wp-json\/wp\/v2\/media?parent=138587"}],"wp:term":[{"taxonomy":"category","embeddable":true,"href":"https:\/\/all-car-news.com\/es\/wp-json\/wp\/v2\/categories?post=138587"},{"taxonomy":"post_tag","embeddable":true,"href":"https:\/\/all-car-news.com\/es\/wp-json\/wp\/v2\/tags?post=138587"}],"curies":[{"name":"wp","href":"https:\/\/api.w.org\/{rel}","templated":true}]}}