{"id":138479,"date":"2023-08-29T08:07:19","date_gmt":"2023-08-29T08:07:19","guid":{"rendered":"https:\/\/all-car-news.com\/mercedes-benz-abrira-sus-primeros-supercargadores-propios-este-otono-mercedes-benz-charging-hubs\/"},"modified":"2023-08-29T08:07:19","modified_gmt":"2023-08-29T08:07:19","slug":"mercedes-benz-abrira-sus-primeros-supercargadores-propios-este-otono-mercedes-benz-charging-hubs","status":"publish","type":"post","link":"https:\/\/all-car-news.com\/es\/mercedes-benz-abrira-sus-primeros-supercargadores-propios-este-otono-mercedes-benz-charging-hubs\/","title":{"rendered":"Mercedes-Benz abrir\u00e1 sus primeros supercargadores propios este oto\u00f1o: Mercedes-Benz Charging Hubs"},"content":{"rendered":"<h2>Cargadores Mercedes-Benz<\/h2>\n<p>Los primeros Mercedes-Benz Charging Hubs comenzar\u00e1n a funcionar en Atlanta (Estados Unidos), Chengdu (China) y Mannheim (Alemania) a partir de octubre de 2023. Para finales de 2024, Mercedes-Benz pretende ampliar la red mundial de recarga r\u00e1pida a m\u00e1s de 2.000 estaciones de carga. El objetivo a largo plazo es crear m\u00e1s de 2.000 Charging Hubs con m\u00e1s de 10.000 estaciones de recarga para finales de la d\u00e9cada. A\u00fan no se sabe cu\u00e1ndo llegar\u00e1 el primero a los Pa\u00edses Bajos.<\/p>\n<h2>Esto es lo que ofrecen los puntos de carga Mercedes-Benz<\/h2>\n<p>Las estaciones de carga de Mercedes-Benz ofrecen, en funci\u00f3n de la regi\u00f3n, capacidades de carga de hasta 400 kW mediante los sistemas de carga est\u00e1ndar CCS1, CCS2, NACS y GB\/T. La gesti\u00f3n inteligente de la carga permite cargar cada veh\u00edculo al m\u00e1ximo de su capacidad. Esto minimiza el tiempo de carga para los clientes.<\/p>\n<figure class=\"wp-block-image size-content is-resized\"><img decoding=\"async\" loading=\"lazy\" src=\"https:\/\/autorai.nl\/wp-content\/uploads\/2023\/08\/Mercedes-Benz-Charging-Hubs-foto-2-1140x641.jpg\" alt=\"Centro de carga Mercedes-Benz  \" class=\"wp-image-165382\" width=\"840\" height=\"472\"><figcaption>Centro de carga Mercedes-Benz<\/figcaption><\/figure>\n<h2>Situados en los principales nudos de transporte<\/h2>\n<p>A la hora de elegir la ubicaci\u00f3n de los puntos de recarga, Mercedes-Benz concede gran importancia a que la experiencia del cliente sea agradable y segura. Las estaciones de recarga est\u00e1n situadas en nudos de transporte clave o en sucursales propiedad de Mercedes-Benz y ofrecen otras instalaciones en las inmediaciones, como alojamiento, restaurantes e instalaciones sanitarias. Para garantizar la seguridad, est\u00e1 previsto equipar los parques de recarga con c\u00e1maras de vigilancia. En determinados lugares, los postes de luz inteligentes no s\u00f3lo proporcionan una buena iluminaci\u00f3n, sino que tambi\u00e9n incorporan elementos LED funcionales que informan sobre la disponibilidad de estaciones de carga y el estado de carga de los veh\u00edculos. En algunas estaciones de recarga, las marquesinas protegen de las inclemencias del tiempo.<\/p>\n<blockquote class=\"wp-block-quote\">\n<p>\u00abPara garantizar la seguridad, est\u00e1 previsto equipar los parques de recarga con c\u00e1maras de vigilancia\u00bb.<\/p>\n<p><cite>Mercedes-Benz<\/cite><\/p><\/blockquote>\n<h2>Accesible a conductores de todas las marcas<\/h2>\n<p>La red de recarga es accesible a los conductores de todas las marcas. Los clientes de Mercedes-Benz se benefician de ventajas especiales, como la posibilidad de reservar una estaci\u00f3n de carga a trav\u00e9s del servicio Mercedes-Benz me Charge para reducir los tiempos de espera. La red de recarga de Mercedes-Benz se integra aqu\u00ed a la perfecci\u00f3n, complementando los m\u00e1s de 1,3 millones de estaciones de recarga a las que ya tienen acceso los usuarios de todo el mundo. Gracias al sistema de navegaci\u00f3n inteligente de Mercedes-Benz, las estaciones de recarga se integran directamente en la planificaci\u00f3n de la ruta para determinar la mejor ruta hasta la estaci\u00f3n de recarga. Para que la recarga sea a\u00fan m\u00e1s c\u00f3moda, las estaciones de carga ofrecer\u00e1n funciones adicionales, como el servicio Plug &amp; Charge. Esto permite a los clientes de Mercedes-Benz gestionar el proceso de carga y pago autom\u00e1ticamente en cuanto se conecta el cable de carga.<\/p>\n<blockquote class=\"wp-block-quote\">\n<p>\u00abEstamos convencidos de que la electromovilidad es la clave de un futuro sostenible y sin emisiones. Nuestro objetivo es crear una infraestructura que permita cargar veh\u00edculos el\u00e9ctricos de forma fiable y sencilla. De este modo, apoyamos activamente la transformaci\u00f3n de la movilidad. Con la red de recarga r\u00e1pida de Mercedes-Benz, estamos ampliando las capacidades de recarga globales y creando nuevos est\u00e1ndares para la recarga de veh\u00edculos el\u00e9ctricos. Queremos animar a nuestros clientes a pasarse a la conducci\u00f3n sin emisiones y contribuir as\u00ed positivamente a proteger nuestro medio ambiente.\u00bb<\/p>\n<p><cite><strong>Franz Reiner, Director General de Mercedes-Benz Mobility AG<\/strong><\/cite><\/p><\/blockquote>\n<h2>Electricidad 100% verde<\/h2>\n<p>Mercedes-Benz, como parte de su estrategia de negocio sostenible \u00abAmbition 2039\u00bb, tambi\u00e9n permite a los clientes recargar de forma respetuosa con el medio ambiente con electricidad 100% verde dentro de esta red de recarga. Esto se hace preferiblemente a trav\u00e9s de contratos de suministro de energ\u00eda verde (siempre que sea posible) o utilizando certificados de energ\u00eda renovable de un proveedor certificado. Las estaciones de recarga seleccionadas tambi\u00e9n estar\u00e1n equipadas con sistemas fotovoltaicos.<\/p>\n<figure class=\"wp-block-image size-content\"><img decoding=\"async\" loading=\"lazy\" width=\"1140\" height=\"641\" src=\"https:\/\/autorai.nl\/wp-content\/uploads\/2023\/08\/Mercedes-Benz-Charging-Hubs-foto-1-1140x641.jpg\" alt=\"Centro de carga Mercedes-Benz  \" class=\"wp-image-165383\"><figcaption>Centro de carga Mercedes-Benz<\/figcaption><\/figure>\n<h2>Ampliaci\u00f3n de las capacidades globales de tarificaci\u00f3n<\/h2>\n<p>El Grupo Mercedes-Benz sigue promoviendo la electromovilidad y se ha comprometido a ampliar r\u00e1pidamente y con visi\u00f3n de futuro su infraestructura mundial de recarga r\u00e1pida. Con el desarrollo de la Red de recarga de alta potencia Mercedes-Benz, Mercedes-Benz ampl\u00eda continuamente su oferta actual. Esto incluye tambi\u00e9n IONITY, la red europea de recarga r\u00e1pida, y la empresa conjunta anunciada recientemente para ampliar la labor de recarga r\u00e1pida en Norteam\u00e9rica. La red de recarga de alta potencia de Mercedes-Benz es el siguiente paso importante en la estrategia de electrificaci\u00f3n de la empresa. Todas las actividades relacionadas con el ecosistema de recarga est\u00e1n alojadas en Mercedes-Benz Mobility AG.<\/p>\n","protected":false},"excerpt":{"rendered":"Mercedes-Benz Charging Hubs Los primeros Mercedes-Benz Charging Hubs comenzar\u00e1n a funcionar en Atlanta (Estados Unidos), Chengdu (China) y Mannheim (Alemania)&hellip;","protected":false},"author":0,"featured_media":138447,"comment_status":"","ping_status":"open","sticky":false,"template":"","format":"standard","meta":{"footnotes":""},"categories":[129,126],"tags":[],"class_list":["post-138479","post","type-post","status-publish","format-standard","has-post-thumbnail","hentry","category-fondo","category-noticias-de-autos"],"acf":[],"yoast_head":"<!-- This site is optimized with the Yoast SEO plugin v21.2 - https:\/\/yoast.com\/wordpress\/plugins\/seo\/ -->\n<title>Mercedes-Benz abrir\u00e1 sus primeros supercargadores propios este oto\u00f1o: Mercedes-Benz Charging Hubs - All cars news<\/title>\n<meta name=\"robots\" content=\"index, follow, max-snippet:-1, max-image-preview:large, max-video-preview:-1\" \/>\n<link rel=\"canonical\" href=\"https:\/\/all-car-news.com\/es\/mercedes-benz-abrira-sus-primeros-supercargadores-propios-este-otono-mercedes-benz-charging-hubs\/\" \/>\n<meta property=\"og:locale\" content=\"es_ES\" \/>\n<meta property=\"og:type\" content=\"article\" \/>\n<meta property=\"og:title\" content=\"Mercedes-Benz abrir\u00e1 sus primeros supercargadores propios este oto\u00f1o: Mercedes-Benz Charging Hubs - All cars news\" \/>\n<meta property=\"og:description\" content=\"Mercedes-Benz Charging Hubs Los primeros Mercedes-Benz Charging Hubs comenzar\u00e1n a funcionar en Atlanta (Estados Unidos), Chengdu (China) y Mannheim (Alemania) a partir de octubre de 2023. Para finales de 2024, Mercedes-Benz pretende ampliar la red mundial de recarga r\u00e1pida a m\u00e1s de 2.000 estaciones de carga. El objetivo a largo plazo es contar con m\u00e1s de 2.000 puntos de recarga [...] para finales de la d\u00e9cada.\" \/>\n<meta property=\"og:url\" content=\"https:\/\/all-car-news.com\/es\/mercedes-benz-abrira-sus-primeros-supercargadores-propios-este-otono-mercedes-benz-charging-hubs\/\" \/>\n<meta property=\"og:site_name\" content=\"All cars news\" \/>\n<meta property=\"article:published_time\" content=\"2023-08-29T08:07:19+00:00\" \/>\n<meta property=\"og:image\" content=\"https:\/\/autorai.nl\/wp-content\/uploads\/2023\/08\/Mercedes-Benz-Charging-Hubs-foto-2-1140x641.jpg\" \/>\n<meta name=\"twitter:card\" content=\"summary_large_image\" \/>\n<meta name=\"twitter:label1\" content=\"Tiempo de lectura\" \/>\n\t<meta name=\"twitter:data1\" content=\"4 minutos\" \/>\n<script type=\"application\/ld+json\" class=\"yoast-schema-graph\">{\"@context\":\"https:\/\/schema.org\",\"@graph\":[{\"@type\":\"Article\",\"@id\":\"https:\/\/all-car-news.com\/es\/mercedes-benz-abrira-sus-primeros-supercargadores-propios-este-otono-mercedes-benz-charging-hubs\/#article\",\"isPartOf\":{\"@id\":\"https:\/\/all-car-news.com\/es\/mercedes-benz-abrira-sus-primeros-supercargadores-propios-este-otono-mercedes-benz-charging-hubs\/\"},\"author\":{\"name\":\"\",\"@id\":\"\"},\"headline\":\"Mercedes-Benz abrir\u00e1 sus primeros supercargadores propios este oto\u00f1o: Mercedes-Benz Charging Hubs\",\"datePublished\":\"2023-08-29T08:07:19+00:00\",\"dateModified\":\"2023-08-29T08:07:19+00:00\",\"mainEntityOfPage\":{\"@id\":\"https:\/\/all-car-news.com\/es\/mercedes-benz-abrira-sus-primeros-supercargadores-propios-este-otono-mercedes-benz-charging-hubs\/\"},\"wordCount\":805,\"publisher\":{\"@id\":\"https:\/\/all-car-news.com\/es\/#organization\"},\"articleSection\":[\"Fondo\",\"noticias de autos\"],\"inLanguage\":\"es\"},{\"@type\":\"WebPage\",\"@id\":\"https:\/\/all-car-news.com\/es\/mercedes-benz-abrira-sus-primeros-supercargadores-propios-este-otono-mercedes-benz-charging-hubs\/\",\"url\":\"https:\/\/all-car-news.com\/es\/mercedes-benz-abrira-sus-primeros-supercargadores-propios-este-otono-mercedes-benz-charging-hubs\/\",\"name\":\"Mercedes-Benz abrir\u00e1 sus primeros supercargadores propios este oto\u00f1o: Mercedes-Benz Charging Hubs - All cars news\",\"isPartOf\":{\"@id\":\"https:\/\/all-car-news.com\/es\/#website\"},\"datePublished\":\"2023-08-29T08:07:19+00:00\",\"dateModified\":\"2023-08-29T08:07:19+00:00\",\"breadcrumb\":{\"@id\":\"https:\/\/all-car-news.com\/es\/mercedes-benz-abrira-sus-primeros-supercargadores-propios-este-otono-mercedes-benz-charging-hubs\/#breadcrumb\"},\"inLanguage\":\"es\",\"potentialAction\":[{\"@type\":\"ReadAction\",\"target\":[\"https:\/\/all-car-news.com\/es\/mercedes-benz-abrira-sus-primeros-supercargadores-propios-este-otono-mercedes-benz-charging-hubs\/\"]}]},{\"@type\":\"BreadcrumbList\",\"@id\":\"https:\/\/all-car-news.com\/es\/mercedes-benz-abrira-sus-primeros-supercargadores-propios-este-otono-mercedes-benz-charging-hubs\/#breadcrumb\",\"itemListElement\":[{\"@type\":\"ListItem\",\"position\":1,\"name\":\"Home\",\"item\":\"https:\/\/all-car-news.com\/es\/\"},{\"@type\":\"ListItem\",\"position\":2,\"name\":\"Mercedes-Benz abrir\u00e1 sus primeros supercargadores propios este oto\u00f1o: Mercedes-Benz Charging Hubs\"}]},{\"@type\":\"WebSite\",\"@id\":\"https:\/\/all-car-news.com\/es\/#website\",\"url\":\"https:\/\/all-car-news.com\/es\/\",\"name\":\"All cars news\",\"description\":\"\",\"publisher\":{\"@id\":\"https:\/\/all-car-news.com\/es\/#organization\"},\"potentialAction\":[{\"@type\":\"SearchAction\",\"target\":{\"@type\":\"EntryPoint\",\"urlTemplate\":\"https:\/\/all-car-news.com\/es\/?s={search_term_string}\"},\"query-input\":\"required name=search_term_string\"}],\"inLanguage\":\"es\"},{\"@type\":\"Organization\",\"@id\":\"https:\/\/all-car-news.com\/es\/#organization\",\"name\":\"All cars news\",\"url\":\"https:\/\/all-car-news.com\/es\/\",\"logo\":{\"@type\":\"ImageObject\",\"inLanguage\":\"es\",\"@id\":\"https:\/\/all-car-news.com\/es\/#\/schema\/logo\/image\/\",\"url\":\"https:\/\/all-car-news.com\/wp-content\/uploads\/2022\/02\/CMYK-AllCarNews_LANDSCAPE_300px-1.png\",\"contentUrl\":\"https:\/\/all-car-news.com\/wp-content\/uploads\/2022\/02\/CMYK-AllCarNews_LANDSCAPE_300px-1.png\",\"width\":300,\"height\":100,\"caption\":\"All cars news\"},\"image\":{\"@id\":\"https:\/\/all-car-news.com\/es\/#\/schema\/logo\/image\/\"}}]}<\/script>\n<!-- \/ Yoast SEO plugin. -->","yoast_head_json":{"title":"Mercedes-Benz abrir\u00e1 sus primeros supercargadores propios este oto\u00f1o: Mercedes-Benz Charging Hubs - All cars news","robots":{"index":"index","follow":"follow","max-snippet":"max-snippet:-1","max-image-preview":"max-image-preview:large","max-video-preview":"max-video-preview:-1"},"canonical":"https:\/\/all-car-news.com\/es\/mercedes-benz-abrira-sus-primeros-supercargadores-propios-este-otono-mercedes-benz-charging-hubs\/","og_locale":"es_ES","og_type":"article","og_title":"Mercedes-Benz abrir\u00e1 sus primeros supercargadores propios este oto\u00f1o: Mercedes-Benz Charging Hubs - All cars news","og_description":"Mercedes-Benz Charging Hubs Los primeros Mercedes-Benz Charging Hubs comenzar\u00e1n a funcionar en Atlanta (Estados Unidos), Chengdu (China) y Mannheim (Alemania) a partir de octubre de 2023. Para finales de 2024, Mercedes-Benz pretende ampliar la red mundial de recarga r\u00e1pida a m\u00e1s de 2.000 estaciones de carga. El objetivo a largo plazo es contar con m\u00e1s de 2.000 puntos de recarga [...] para finales de la d\u00e9cada.","og_url":"https:\/\/all-car-news.com\/es\/mercedes-benz-abrira-sus-primeros-supercargadores-propios-este-otono-mercedes-benz-charging-hubs\/","og_site_name":"All cars news","article_published_time":"2023-08-29T08:07:19+00:00","og_image":[{"url":"https:\/\/autorai.nl\/wp-content\/uploads\/2023\/08\/Mercedes-Benz-Charging-Hubs-foto-2-1140x641.jpg"}],"twitter_card":"summary_large_image","twitter_misc":{"Tiempo de lectura":"4 minutos"},"schema":{"@context":"https:\/\/schema.org","@graph":[{"@type":"Article","@id":"https:\/\/all-car-news.com\/es\/mercedes-benz-abrira-sus-primeros-supercargadores-propios-este-otono-mercedes-benz-charging-hubs\/#article","isPartOf":{"@id":"https:\/\/all-car-news.com\/es\/mercedes-benz-abrira-sus-primeros-supercargadores-propios-este-otono-mercedes-benz-charging-hubs\/"},"author":{"name":"","@id":""},"headline":"Mercedes-Benz abrir\u00e1 sus primeros supercargadores propios este oto\u00f1o: Mercedes-Benz Charging Hubs","datePublished":"2023-08-29T08:07:19+00:00","dateModified":"2023-08-29T08:07:19+00:00","mainEntityOfPage":{"@id":"https:\/\/all-car-news.com\/es\/mercedes-benz-abrira-sus-primeros-supercargadores-propios-este-otono-mercedes-benz-charging-hubs\/"},"wordCount":805,"publisher":{"@id":"https:\/\/all-car-news.com\/es\/#organization"},"articleSection":["Fondo","noticias de autos"],"inLanguage":"es"},{"@type":"WebPage","@id":"https:\/\/all-car-news.com\/es\/mercedes-benz-abrira-sus-primeros-supercargadores-propios-este-otono-mercedes-benz-charging-hubs\/","url":"https:\/\/all-car-news.com\/es\/mercedes-benz-abrira-sus-primeros-supercargadores-propios-este-otono-mercedes-benz-charging-hubs\/","name":"Mercedes-Benz abrir\u00e1 sus primeros supercargadores propios este oto\u00f1o: Mercedes-Benz Charging Hubs - All cars news","isPartOf":{"@id":"https:\/\/all-car-news.com\/es\/#website"},"datePublished":"2023-08-29T08:07:19+00:00","dateModified":"2023-08-29T08:07:19+00:00","breadcrumb":{"@id":"https:\/\/all-car-news.com\/es\/mercedes-benz-abrira-sus-primeros-supercargadores-propios-este-otono-mercedes-benz-charging-hubs\/#breadcrumb"},"inLanguage":"es","potentialAction":[{"@type":"ReadAction","target":["https:\/\/all-car-news.com\/es\/mercedes-benz-abrira-sus-primeros-supercargadores-propios-este-otono-mercedes-benz-charging-hubs\/"]}]},{"@type":"BreadcrumbList","@id":"https:\/\/all-car-news.com\/es\/mercedes-benz-abrira-sus-primeros-supercargadores-propios-este-otono-mercedes-benz-charging-hubs\/#breadcrumb","itemListElement":[{"@type":"ListItem","position":1,"name":"Home","item":"https:\/\/all-car-news.com\/es\/"},{"@type":"ListItem","position":2,"name":"Mercedes-Benz abrir\u00e1 sus primeros supercargadores propios este oto\u00f1o: Mercedes-Benz Charging Hubs"}]},{"@type":"WebSite","@id":"https:\/\/all-car-news.com\/es\/#website","url":"https:\/\/all-car-news.com\/es\/","name":"All cars news","description":"","publisher":{"@id":"https:\/\/all-car-news.com\/es\/#organization"},"potentialAction":[{"@type":"SearchAction","target":{"@type":"EntryPoint","urlTemplate":"https:\/\/all-car-news.com\/es\/?s={search_term_string}"},"query-input":"required name=search_term_string"}],"inLanguage":"es"},{"@type":"Organization","@id":"https:\/\/all-car-news.com\/es\/#organization","name":"All cars news","url":"https:\/\/all-car-news.com\/es\/","logo":{"@type":"ImageObject","inLanguage":"es","@id":"https:\/\/all-car-news.com\/es\/#\/schema\/logo\/image\/","url":"https:\/\/all-car-news.com\/wp-content\/uploads\/2022\/02\/CMYK-AllCarNews_LANDSCAPE_300px-1.png","contentUrl":"https:\/\/all-car-news.com\/wp-content\/uploads\/2022\/02\/CMYK-AllCarNews_LANDSCAPE_300px-1.png","width":300,"height":100,"caption":"All cars news"},"image":{"@id":"https:\/\/all-car-news.com\/es\/#\/schema\/logo\/image\/"}}]}},"_links":{"self":[{"href":"https:\/\/all-car-news.com\/es\/wp-json\/wp\/v2\/posts\/138479","targetHints":{"allow":["GET"]}}],"collection":[{"href":"https:\/\/all-car-news.com\/es\/wp-json\/wp\/v2\/posts"}],"about":[{"href":"https:\/\/all-car-news.com\/es\/wp-json\/wp\/v2\/types\/post"}],"replies":[{"embeddable":true,"href":"https:\/\/all-car-news.com\/es\/wp-json\/wp\/v2\/comments?post=138479"}],"version-history":[{"count":0,"href":"https:\/\/all-car-news.com\/es\/wp-json\/wp\/v2\/posts\/138479\/revisions"}],"wp:featuredmedia":[{"embeddable":true,"href":"https:\/\/all-car-news.com\/es\/wp-json\/wp\/v2\/media\/138447"}],"wp:attachment":[{"href":"https:\/\/all-car-news.com\/es\/wp-json\/wp\/v2\/media?parent=138479"}],"wp:term":[{"taxonomy":"category","embeddable":true,"href":"https:\/\/all-car-news.com\/es\/wp-json\/wp\/v2\/categories?post=138479"},{"taxonomy":"post_tag","embeddable":true,"href":"https:\/\/all-car-news.com\/es\/wp-json\/wp\/v2\/tags?post=138479"}],"curies":[{"name":"wp","href":"https:\/\/api.w.org\/{rel}","templated":true}]}}