{"id":138436,"date":"2023-08-28T12:34:38","date_gmt":"2023-08-28T12:34:38","guid":{"rendered":"https:\/\/all-car-news.com\/la-policia-elige-bmw-y-ford-como-nuevos-vehiculos-policiales-basicos\/"},"modified":"2023-08-28T12:34:38","modified_gmt":"2023-08-28T12:34:38","slug":"la-policia-elige-bmw-y-ford-como-nuevos-vehiculos-policiales-basicos","status":"publish","type":"post","link":"https:\/\/all-car-news.com\/es\/la-policia-elige-bmw-y-ford-como-nuevos-vehiculos-policiales-basicos\/","title":{"rendered":"\u00a1La polic\u00eda elige BMW y Ford como nuevos veh\u00edculos policiales b\u00e1sicos!"},"content":{"rendered":"<p>Empecemos con una peque\u00f1a nota al margen: con la condici\u00f3n de que los modelos de prueba de los coches tambi\u00e9n sean homologados por la polic\u00eda, el Ford Kuga Full Hybrid y el BMW X1 se convertir\u00e1n en los nuevos veh\u00edculos b\u00e1sicos de la polic\u00eda.<\/p>\n<h2>Deliberadamente dos partes<\/h2>\n<p>\u00abLa polic\u00eda est\u00e1 contratando deliberadamente dos marcas para ser m\u00e1s flexible en caso de posibles problemas de entrega\u00bb, dijo Michel de Roos, presidente del comit\u00e9 directivo encargado de la compra de los nuevos coches. \u00abLa licitaci\u00f3n de nuevos veh\u00edculos policiales b\u00e1sicos es un proceso intensivo. Tenemos que tener en cuenta muchos componentes, porque un veh\u00edculo policial tiene requisitos distintos a los de un coche &#8216;normal&#8217;. Lo m\u00e1s importante es que nuestros colegas puedan hacer su trabajo bien y con seguridad.\u00bb<\/p>\n<figure class=\"wp-block-image size-content\"><img decoding=\"async\" loading=\"lazy\" width=\"1140\" height=\"641\" src=\"https:\/\/autorai.nl\/wp-content\/uploads\/2023\/08\/ford-kuga-politie-foto2-1140x641.jpeg\" alt=\"Ford Kuga polic\u00eda\" class=\"wp-image-165314\"><\/figure>\n<h2>Pruebas de usuario<\/h2>\n<p>Para llegar al veredicto final del premio, todos los veh\u00edculos fueron examinados en detalle y sometidos a pruebas por decenas de polic\u00edas de distintas unidades, de la academia de polic\u00eda y de orientaci\u00f3n y formaci\u00f3n operativas. Esto ocurri\u00f3 tanto en el circuito de Lelystad como en carreteras p\u00fablicas. Se evaluaron no s\u00f3lo las especificaciones t\u00e9cnicas, como la rotura en curvas, el comportamiento en frenada, la conducci\u00f3n por encima de umbrales y la aceleraci\u00f3n, sino tambi\u00e9n el confort general de marcha. Los criterios clave de la prueba fueron la facilidad de entrada y salida de los agentes y la cantidad de espacio interior.  <\/p>\n<h2>Los ganadores<\/h2>\n<p>De todos estos componentes se registr\u00f3 meticulosamente la puntuaci\u00f3n del coche y las experiencias de los probadores. Jaimy, agente y probador de la unidad de La Haya: \u00abAl final tenemos que conducir los coches. Por eso estas pruebas son muy importantes. Est\u00e1 bien que podamos formar parte de eso\u00bb. Las pruebas con usuarios, con un 50% de la puntuaci\u00f3n global, son un factor de peso en la toma de decisiones. Adem\u00e1s, influyeron el precio (30%) y los criterios cualitativos (20%). El <a href=\"https:\/\/fordmediacenter.nl\/politie-kiest-voor-ford-kuga-als-nieuw-basispolitievoertuig\/\" target=\"_blank\" rel=\"noreferrer noopener\">Ford Kuga<\/a> y el BMW X1 terminaron como ganadores. Obtuvieron buenas puntuaciones en agarre a la carretera, direcci\u00f3n y frenado, as\u00ed como en confort general y manejo en carreteras p\u00fablicas, entre otras cosas.<\/p>\n<figure class=\"wp-block-image size-content\"><img decoding=\"async\" loading=\"lazy\" width=\"1140\" height=\"641\" src=\"https:\/\/autorai.nl\/wp-content\/uploads\/2023\/08\/bmw-x1-politie-foto-1140x641.jpg\" alt=\"\" class=\"wp-image-165321\"><\/figure>\n<figure class=\"wp-block-image size-content\"><img decoding=\"async\" loading=\"lazy\" width=\"1140\" height=\"641\" src=\"https:\/\/autorai.nl\/wp-content\/uploads\/2023\/08\/ford-kuga-politie-foto-1140x641.jpg\" alt=\"\" class=\"wp-image-165320\"><\/figure>\n<h2>Muestras<\/h2>\n<p>Los proveedores a los que se adjudique provisionalmente el contrato construir\u00e1n algunos modelos piloto. Estos modelos piloto -una vez aprobados- se desplegar\u00e1n durante un periodo de usuario en diferentes equipos base en 2024. S\u00f3lo si esta fase con los modelos de prueba tiene \u00e9xito se firmar\u00e1n los acuerdos. Los socios Abiom y Veth Automotive se encargan del montaje y la instalaci\u00f3n del blindaje de comunicaciones, la se\u00f1alizaci\u00f3n y las balizas.<\/p>\n<h2>\u00bfQu\u00e9 Ford Kuga conducir\u00e1 la polic\u00eda?<\/h2>\n<p>La polic\u00eda holandesa ha optado por el Ford Kuga H\u00edbrido. \u00abNo comercializamos oficialmente esta variante en los Pa\u00edses Bajos, porque en este pa\u00eds s\u00f3lo conocemos el Kuga Plug-in Hybrid\u00bb, dijo Sebastiaan van de Pol, portavoz de Ford Pa\u00edses Bajos. El Ford Kuga H\u00edbrido sin enchufe llega a Alemania. El coche tiene un motor de gasolina de cuatro cilindros y 2,5 litros y 140 kW (190 CV), acoplado a una transmisi\u00f3n autom\u00e1tica CVT. \u00abFord Pa\u00edses Bajos suministra un total de 500 coches a la polic\u00eda, repartidos a partes iguales entre Ford y BMW\u00bb, a\u00f1ade Sebastiaan van de Pol.<\/p>\n<h2>Periodo de 2025 a 2029<\/h2>\n<p>Si todo va seg\u00fan lo previsto, el nuevo acuerdo con Ford y BMW contemplar\u00e1 el suministro y mantenimiento de veh\u00edculos policiales b\u00e1sicos desde enero de 2025 hasta diciembre de 2029 (con una pr\u00f3rroga hasta diciembre de 2032). La primera entrega est\u00e1 prevista para mediados de 2025. En total, la polic\u00eda espera retirar unos 1.100 coches de propulsi\u00f3n f\u00f3sil.<\/p>\n<h2>\u00bfY los veh\u00edculos el\u00e9ctricos?<\/h2>\n<p>El desarrollo del mercado de veh\u00edculos el\u00e9ctricos avanza a gran velocidad Y la polic\u00eda quiere reducir las emisiones de CO2. Por tanto, alrededor del 30% de los actuales turismos BPV de propulsi\u00f3n f\u00f3sil (unas 500 unidades) ser\u00e1n sustituidos por veh\u00edculos el\u00e9ctricos a partir de finales de 2025. Si todo va seg\u00fan lo previsto, el proceso de licitaci\u00f3n de los <a href=\"https:\/\/www.politie.nl\/nieuws\/2023\/augustus\/28\/00-voorlopige-gunning-basispolitievoertuigen-bekend.html\" target=\"_blank\" rel=\"noreferrer noopener\">veh\u00edculos policiales<\/a> el\u00e9ctricos b\u00e1sicos se iniciar\u00e1 despu\u00e9s del verano.<\/p>\n","protected":false},"excerpt":{"rendered":"Empecemos con una peque\u00f1a nota al margen: con la condici\u00f3n de que los modelos de prueba de los coches tambi\u00e9n&hellip;","protected":false},"author":0,"featured_media":138426,"comment_status":"","ping_status":"open","sticky":false,"template":"","format":"standard","meta":{"footnotes":""},"categories":[129,126],"tags":[],"class_list":["post-138436","post","type-post","status-publish","format-standard","has-post-thumbnail","hentry","category-fondo","category-noticias-de-autos"],"acf":[],"yoast_head":"<!-- This site is optimized with the Yoast SEO plugin v21.2 - https:\/\/yoast.com\/wordpress\/plugins\/seo\/ -->\n<title>\u00a1La polic\u00eda elige BMW y Ford como nuevos veh\u00edculos policiales b\u00e1sicos! - All cars news<\/title>\n<meta name=\"robots\" content=\"index, follow, max-snippet:-1, max-image-preview:large, max-video-preview:-1\" \/>\n<link rel=\"canonical\" href=\"https:\/\/all-car-news.com\/es\/la-policia-elige-bmw-y-ford-como-nuevos-vehiculos-policiales-basicos\/\" \/>\n<meta property=\"og:locale\" content=\"es_ES\" \/>\n<meta property=\"og:type\" content=\"article\" \/>\n<meta property=\"og:title\" content=\"\u00a1La polic\u00eda elige BMW y Ford como nuevos veh\u00edculos policiales b\u00e1sicos! - All cars news\" \/>\n<meta property=\"og:description\" content=\"Empecemos con una peque\u00f1a nota al margen: con la condici\u00f3n de que los modelos de prueba de los coches tambi\u00e9n sean homologados por la polic\u00eda, el Ford Kuga Full Hybrid y el BMW X1 se convertir\u00e1n en los nuevos veh\u00edculos b\u00e1sicos de la polic\u00eda. Deliberadamente dos partes &quot;La polic\u00eda contrata deliberadamente dos marcas para ser m\u00e1s flexible en caso de posibles problemas de suministro:, dice Michel de Roos, presidente [...].\" \/>\n<meta property=\"og:url\" content=\"https:\/\/all-car-news.com\/es\/la-policia-elige-bmw-y-ford-como-nuevos-vehiculos-policiales-basicos\/\" \/>\n<meta property=\"og:site_name\" content=\"All cars news\" \/>\n<meta property=\"article:published_time\" content=\"2023-08-28T12:34:38+00:00\" \/>\n<meta property=\"og:image\" content=\"https:\/\/autorai.nl\/wp-content\/uploads\/2023\/08\/ford-kuga-politie-foto2-1140x641.jpeg\" \/>\n<meta name=\"twitter:card\" content=\"summary_large_image\" \/>\n<meta name=\"twitter:label1\" content=\"Tiempo de lectura\" \/>\n\t<meta name=\"twitter:data1\" content=\"4 minutos\" \/>\n<script type=\"application\/ld+json\" class=\"yoast-schema-graph\">{\"@context\":\"https:\/\/schema.org\",\"@graph\":[{\"@type\":\"Article\",\"@id\":\"https:\/\/all-car-news.com\/es\/la-policia-elige-bmw-y-ford-como-nuevos-vehiculos-policiales-basicos\/#article\",\"isPartOf\":{\"@id\":\"https:\/\/all-car-news.com\/es\/la-policia-elige-bmw-y-ford-como-nuevos-vehiculos-policiales-basicos\/\"},\"author\":{\"name\":\"\",\"@id\":\"\"},\"headline\":\"\u00a1La polic\u00eda elige BMW y Ford como nuevos veh\u00edculos policiales b\u00e1sicos!\",\"datePublished\":\"2023-08-28T12:34:38+00:00\",\"dateModified\":\"2023-08-28T12:34:38+00:00\",\"mainEntityOfPage\":{\"@id\":\"https:\/\/all-car-news.com\/es\/la-policia-elige-bmw-y-ford-como-nuevos-vehiculos-policiales-basicos\/\"},\"wordCount\":727,\"publisher\":{\"@id\":\"https:\/\/all-car-news.com\/es\/#organization\"},\"articleSection\":[\"Fondo\",\"noticias de autos\"],\"inLanguage\":\"es\"},{\"@type\":\"WebPage\",\"@id\":\"https:\/\/all-car-news.com\/es\/la-policia-elige-bmw-y-ford-como-nuevos-vehiculos-policiales-basicos\/\",\"url\":\"https:\/\/all-car-news.com\/es\/la-policia-elige-bmw-y-ford-como-nuevos-vehiculos-policiales-basicos\/\",\"name\":\"\u00a1La polic\u00eda elige BMW y Ford como nuevos veh\u00edculos policiales b\u00e1sicos! - All cars news\",\"isPartOf\":{\"@id\":\"https:\/\/all-car-news.com\/es\/#website\"},\"datePublished\":\"2023-08-28T12:34:38+00:00\",\"dateModified\":\"2023-08-28T12:34:38+00:00\",\"breadcrumb\":{\"@id\":\"https:\/\/all-car-news.com\/es\/la-policia-elige-bmw-y-ford-como-nuevos-vehiculos-policiales-basicos\/#breadcrumb\"},\"inLanguage\":\"es\",\"potentialAction\":[{\"@type\":\"ReadAction\",\"target\":[\"https:\/\/all-car-news.com\/es\/la-policia-elige-bmw-y-ford-como-nuevos-vehiculos-policiales-basicos\/\"]}]},{\"@type\":\"BreadcrumbList\",\"@id\":\"https:\/\/all-car-news.com\/es\/la-policia-elige-bmw-y-ford-como-nuevos-vehiculos-policiales-basicos\/#breadcrumb\",\"itemListElement\":[{\"@type\":\"ListItem\",\"position\":1,\"name\":\"Home\",\"item\":\"https:\/\/all-car-news.com\/es\/\"},{\"@type\":\"ListItem\",\"position\":2,\"name\":\"\u00a1La polic\u00eda elige BMW y Ford como nuevos veh\u00edculos policiales b\u00e1sicos!\"}]},{\"@type\":\"WebSite\",\"@id\":\"https:\/\/all-car-news.com\/es\/#website\",\"url\":\"https:\/\/all-car-news.com\/es\/\",\"name\":\"All cars news\",\"description\":\"\",\"publisher\":{\"@id\":\"https:\/\/all-car-news.com\/es\/#organization\"},\"potentialAction\":[{\"@type\":\"SearchAction\",\"target\":{\"@type\":\"EntryPoint\",\"urlTemplate\":\"https:\/\/all-car-news.com\/es\/?s={search_term_string}\"},\"query-input\":\"required name=search_term_string\"}],\"inLanguage\":\"es\"},{\"@type\":\"Organization\",\"@id\":\"https:\/\/all-car-news.com\/es\/#organization\",\"name\":\"All cars news\",\"url\":\"https:\/\/all-car-news.com\/es\/\",\"logo\":{\"@type\":\"ImageObject\",\"inLanguage\":\"es\",\"@id\":\"https:\/\/all-car-news.com\/es\/#\/schema\/logo\/image\/\",\"url\":\"https:\/\/all-car-news.com\/wp-content\/uploads\/2022\/02\/CMYK-AllCarNews_LANDSCAPE_300px-1.png\",\"contentUrl\":\"https:\/\/all-car-news.com\/wp-content\/uploads\/2022\/02\/CMYK-AllCarNews_LANDSCAPE_300px-1.png\",\"width\":300,\"height\":100,\"caption\":\"All cars news\"},\"image\":{\"@id\":\"https:\/\/all-car-news.com\/es\/#\/schema\/logo\/image\/\"}}]}<\/script>\n<!-- \/ Yoast SEO plugin. -->","yoast_head_json":{"title":"\u00a1La polic\u00eda elige BMW y Ford como nuevos veh\u00edculos policiales b\u00e1sicos! - All cars news","robots":{"index":"index","follow":"follow","max-snippet":"max-snippet:-1","max-image-preview":"max-image-preview:large","max-video-preview":"max-video-preview:-1"},"canonical":"https:\/\/all-car-news.com\/es\/la-policia-elige-bmw-y-ford-como-nuevos-vehiculos-policiales-basicos\/","og_locale":"es_ES","og_type":"article","og_title":"\u00a1La polic\u00eda elige BMW y Ford como nuevos veh\u00edculos policiales b\u00e1sicos! - All cars news","og_description":"Empecemos con una peque\u00f1a nota al margen: con la condici\u00f3n de que los modelos de prueba de los coches tambi\u00e9n sean homologados por la polic\u00eda, el Ford Kuga Full Hybrid y el BMW X1 se convertir\u00e1n en los nuevos veh\u00edculos b\u00e1sicos de la polic\u00eda. Deliberadamente dos partes \"La polic\u00eda contrata deliberadamente dos marcas para ser m\u00e1s flexible en caso de posibles problemas de suministro:, dice Michel de Roos, presidente [...].","og_url":"https:\/\/all-car-news.com\/es\/la-policia-elige-bmw-y-ford-como-nuevos-vehiculos-policiales-basicos\/","og_site_name":"All cars news","article_published_time":"2023-08-28T12:34:38+00:00","og_image":[{"url":"https:\/\/autorai.nl\/wp-content\/uploads\/2023\/08\/ford-kuga-politie-foto2-1140x641.jpeg"}],"twitter_card":"summary_large_image","twitter_misc":{"Tiempo de lectura":"4 minutos"},"schema":{"@context":"https:\/\/schema.org","@graph":[{"@type":"Article","@id":"https:\/\/all-car-news.com\/es\/la-policia-elige-bmw-y-ford-como-nuevos-vehiculos-policiales-basicos\/#article","isPartOf":{"@id":"https:\/\/all-car-news.com\/es\/la-policia-elige-bmw-y-ford-como-nuevos-vehiculos-policiales-basicos\/"},"author":{"name":"","@id":""},"headline":"\u00a1La polic\u00eda elige BMW y Ford como nuevos veh\u00edculos policiales b\u00e1sicos!","datePublished":"2023-08-28T12:34:38+00:00","dateModified":"2023-08-28T12:34:38+00:00","mainEntityOfPage":{"@id":"https:\/\/all-car-news.com\/es\/la-policia-elige-bmw-y-ford-como-nuevos-vehiculos-policiales-basicos\/"},"wordCount":727,"publisher":{"@id":"https:\/\/all-car-news.com\/es\/#organization"},"articleSection":["Fondo","noticias de autos"],"inLanguage":"es"},{"@type":"WebPage","@id":"https:\/\/all-car-news.com\/es\/la-policia-elige-bmw-y-ford-como-nuevos-vehiculos-policiales-basicos\/","url":"https:\/\/all-car-news.com\/es\/la-policia-elige-bmw-y-ford-como-nuevos-vehiculos-policiales-basicos\/","name":"\u00a1La polic\u00eda elige BMW y Ford como nuevos veh\u00edculos policiales b\u00e1sicos! - All cars news","isPartOf":{"@id":"https:\/\/all-car-news.com\/es\/#website"},"datePublished":"2023-08-28T12:34:38+00:00","dateModified":"2023-08-28T12:34:38+00:00","breadcrumb":{"@id":"https:\/\/all-car-news.com\/es\/la-policia-elige-bmw-y-ford-como-nuevos-vehiculos-policiales-basicos\/#breadcrumb"},"inLanguage":"es","potentialAction":[{"@type":"ReadAction","target":["https:\/\/all-car-news.com\/es\/la-policia-elige-bmw-y-ford-como-nuevos-vehiculos-policiales-basicos\/"]}]},{"@type":"BreadcrumbList","@id":"https:\/\/all-car-news.com\/es\/la-policia-elige-bmw-y-ford-como-nuevos-vehiculos-policiales-basicos\/#breadcrumb","itemListElement":[{"@type":"ListItem","position":1,"name":"Home","item":"https:\/\/all-car-news.com\/es\/"},{"@type":"ListItem","position":2,"name":"\u00a1La polic\u00eda elige BMW y Ford como nuevos veh\u00edculos policiales b\u00e1sicos!"}]},{"@type":"WebSite","@id":"https:\/\/all-car-news.com\/es\/#website","url":"https:\/\/all-car-news.com\/es\/","name":"All cars news","description":"","publisher":{"@id":"https:\/\/all-car-news.com\/es\/#organization"},"potentialAction":[{"@type":"SearchAction","target":{"@type":"EntryPoint","urlTemplate":"https:\/\/all-car-news.com\/es\/?s={search_term_string}"},"query-input":"required name=search_term_string"}],"inLanguage":"es"},{"@type":"Organization","@id":"https:\/\/all-car-news.com\/es\/#organization","name":"All cars news","url":"https:\/\/all-car-news.com\/es\/","logo":{"@type":"ImageObject","inLanguage":"es","@id":"https:\/\/all-car-news.com\/es\/#\/schema\/logo\/image\/","url":"https:\/\/all-car-news.com\/wp-content\/uploads\/2022\/02\/CMYK-AllCarNews_LANDSCAPE_300px-1.png","contentUrl":"https:\/\/all-car-news.com\/wp-content\/uploads\/2022\/02\/CMYK-AllCarNews_LANDSCAPE_300px-1.png","width":300,"height":100,"caption":"All cars news"},"image":{"@id":"https:\/\/all-car-news.com\/es\/#\/schema\/logo\/image\/"}}]}},"_links":{"self":[{"href":"https:\/\/all-car-news.com\/es\/wp-json\/wp\/v2\/posts\/138436","targetHints":{"allow":["GET"]}}],"collection":[{"href":"https:\/\/all-car-news.com\/es\/wp-json\/wp\/v2\/posts"}],"about":[{"href":"https:\/\/all-car-news.com\/es\/wp-json\/wp\/v2\/types\/post"}],"replies":[{"embeddable":true,"href":"https:\/\/all-car-news.com\/es\/wp-json\/wp\/v2\/comments?post=138436"}],"version-history":[{"count":0,"href":"https:\/\/all-car-news.com\/es\/wp-json\/wp\/v2\/posts\/138436\/revisions"}],"wp:featuredmedia":[{"embeddable":true,"href":"https:\/\/all-car-news.com\/es\/wp-json\/wp\/v2\/media\/138426"}],"wp:attachment":[{"href":"https:\/\/all-car-news.com\/es\/wp-json\/wp\/v2\/media?parent=138436"}],"wp:term":[{"taxonomy":"category","embeddable":true,"href":"https:\/\/all-car-news.com\/es\/wp-json\/wp\/v2\/categories?post=138436"},{"taxonomy":"post_tag","embeddable":true,"href":"https:\/\/all-car-news.com\/es\/wp-json\/wp\/v2\/tags?post=138436"}],"curies":[{"name":"wp","href":"https:\/\/api.w.org\/{rel}","templated":true}]}}