{"id":138392,"date":"2023-08-25T13:27:13","date_gmt":"2023-08-25T13:27:13","guid":{"rendered":"https:\/\/all-car-news.com\/esta-es-la-nueva-autocaravana-ford-transit-custom-nugget\/"},"modified":"2023-08-25T13:27:13","modified_gmt":"2023-08-25T13:27:13","slug":"esta-es-la-nueva-autocaravana-ford-transit-custom-nugget","status":"publish","type":"post","link":"https:\/\/all-car-news.com\/es\/esta-es-la-nueva-autocaravana-ford-transit-custom-nugget\/","title":{"rendered":"Esta es la nueva autocaravana Ford Transit Custom Nugget"},"content":{"rendered":"<h2>Tambi\u00e9n como PHEV<\/h2>\n<p>Por primera vez, los compradores de la Ford Transit Custom Nugget tambi\u00e9n pueden elegir cadenas cinem\u00e1ticas electrificadas, incluyendo una nueva opci\u00f3n h\u00edbrida enchufable (PHEV). Por supuesto, vuelve la distribuci\u00f3n interior \u00abmultizona\u00bb conocida y tan apreciada de las generaciones anteriores.  <\/p>\n<h2>Ford Transit Custom Nugget<\/h2>\n<p>La \u00faltima generaci\u00f3n de la Ford Transit Custom Nugget se asienta sobre la misma plataforma de veh\u00edculos totalmente nueva de Ford que tambi\u00e9n se present\u00f3 a principios de este a\u00f1o para las nuevas Transit Custom y Tourneo Custom. Con \u00e9l, los clientes se benefician de caracter\u00edsticas de dise\u00f1o avanzadas, mayor conectividad y tecnolog\u00edas que mejoran la seguridad. En el interior, un acabado de alta calidad y funcionalidades mejoradas son las principales novedades, junto con una toma de corriente adicional en forma de Pro Power Onboard y un pr\u00e1ctico panel solar en el techo disponible como opci\u00f3n en Westfalia.<\/p>\n<figure class=\"wp-block-image size-content\"><img decoding=\"async\" loading=\"lazy\" width=\"1140\" height=\"715\" src=\"https:\/\/autorai.nl\/wp-content\/uploads\/2023\/08\/2023_FORD_Transit_Custom_Nugget_05-1140x715.jpg\" alt=\"Ford Transit Custom Nugget\" class=\"wp-image-165221\"><\/figure>\n<h2>Motor EcoBlue de 170 CV<\/h2>\n<p>La nueva generaci\u00f3n de la Transit Custom Nugget se lanzar\u00e1 por fases, empezando por la versi\u00f3n Nugget Titanium con techo elevable y motor EcoBlue de 170 CV con cambio autom\u00e1tico de ocho velocidades. Esta versi\u00f3n ya est\u00e1 disponible para pedidos inmediatos y su entrega est\u00e1 prevista para la primavera de 2024. Los agentes holandeses de Ford trabajan conjuntamente con el Centro Holand\u00e9s de Autocaravanas Westfalia de Barneveld, el mayor especialista en autocaravanas con m\u00e1s de 20 a\u00f1os de experiencia. En los pr\u00f3ximos 12 meses se introducir\u00e1n otros modelos y versiones, incluida la cadena cinem\u00e1tica PHEV.<\/p>\n<h2>Todas las ventajas de la nueva plataforma<\/h2>\n<p>Hacer un viaje por carretera suele significar conducir cientos de kil\u00f3metros durante largos d\u00edas. Para ello, Ford lo ha sacado todo del lujoso habit\u00e1culo de la nueva Tourneo Custom. La aplicaci\u00f3n de un nivel de acabado de alta calidad y de materiales cuidadosamente seleccionados mejora notablemente la experiencia de confort de los ocupantes.<\/p>\n<h2>Argumento de compra importante<\/h2>\n<p>La ergonom\u00eda mejorada y la gran facilidad de uso de la propia cabina es un punto clave de compra para muchos clientes de la Nugget. El nuevo dise\u00f1o del salpicadero y el suelo plano facilitan el acceso al habit\u00e1culo y hacen m\u00e1s f\u00e1cil pasar de los dos asientos delanteros a la zona de estar. El innovador airbag del pasajero montado en el techo ayuda a optimizar la disposici\u00f3n del salpicadero y facilita la entrada en combinaci\u00f3n con los estribos laterales.<\/p>\n<figure class=\"wp-block-image size-content\"><img decoding=\"async\" loading=\"lazy\" width=\"1140\" height=\"760\" src=\"https:\/\/autorai.nl\/wp-content\/uploads\/2023\/08\/2023_FORD_Transit_Custom_Nugget_09-1140x760.jpg\" alt=\"Ford Transit Custom Nugget\" class=\"wp-image-165225\"><\/figure>\n<h2>PHEV<\/h2>\n<p>Una aut\u00e9ntica primicia para la nueva Transit Custom Nugget es la introducci\u00f3n de un sistema de propulsi\u00f3n PHEV. Comparte su tecnolog\u00eda con el Ford Kuga Plug-In Hybrid, el PHEV m\u00e1s vendido de Europa en 2021 y 2022. El nuevo Nugget utiliza un motor de gasolina Atkinson de 2,5 litros con una bater\u00eda de 11,8 kWh (utilizables) y un motor el\u00e9ctrico que juntos ofrecen una potencia combinada de 233 CV.<\/p>\n<p>Una suspensi\u00f3n totalmente nueva con suspensi\u00f3n trasera independiente agudiza considerablemente la maniobrabilidad. Los futuros modelos con tracci\u00f3n a las cuatro ruedas tambi\u00e9n estar\u00e1n disponibles para los clientes que utilicen su furgoneta camper para buscar zonas aventureras, como recintos deportivos al aire libre o para alejarse m\u00e1s f\u00e1cilmente de un recinto (embarrado) de un festival.<\/p>\n<h2>SYNC 4, Android Auto y Apple Carplay de serie<\/h2>\n<p>El elegante salpicadero cuenta con un cuadro de instrumentos totalmente digital y una gran pantalla t\u00e1ctil de 13 pulgadas. El \u00faltimo software SYNC 4 de Ford hace que sea m\u00e1s f\u00e1cil que nunca encontrar un destino, entretenerse y mantenerse en contacto con la familia y los amigos. Las funciones de navegaci\u00f3n, audio y comunicaci\u00f3n del sistema pueden manejarse a trav\u00e9s de la pantalla t\u00e1ctil o mediante control por voz. Por supuesto, la integraci\u00f3n inal\u00e1mbrica de los tel\u00e9fonos Android Auto y Apple Carplay es de serie.<\/p>\n<h2>Asistencia de carril<\/h2>\n<p>Se ha prestado especial atenci\u00f3n a que el nuevo Nugget sea seguro y f\u00e1cil de conducir, incluso para los conductores acostumbrados a coches m\u00e1s peque\u00f1os. Adem\u00e1s de una posici\u00f3n de asiento similar a la de un turismo y una eficaz transmisi\u00f3n autom\u00e1tica de ocho velocidades, el Nugget incorpora una serie de avanzados sistemas (opcionales) de asistencia a la conducci\u00f3n. El control de crucero adaptativo inteligente con asistente de carril hace que los viajes largos por autopista o con tr\u00e1fico lento sean menos cansados. El asistente de frenada en marcha atr\u00e1s, el asistente de \u00e1ngulo muerto y un sistema de c\u00e1maras con visi\u00f3n de 360 grados ayudan al conductor a maniobrar en espacios reducidos.<\/p>\n<figure class=\"wp-block-image size-content\"><img decoding=\"async\" loading=\"lazy\" width=\"1140\" height=\"760\" src=\"https:\/\/autorai.nl\/wp-content\/uploads\/2023\/08\/2023_FORD_Transit_Custom_Nugget_10-1140x760.jpg\" alt=\"Ford Transit Custom Nugget\" class=\"wp-image-165226\"><\/figure>\n<h2>Mejoras en el concepto de autocaravana de eficacia probada<\/h2>\n<p>Ford y Westfalia han elevado significativamente el nivel de calidad y ergonom\u00eda en el nuevo modelo, redise\u00f1ando por completo el espacio habitable pero manteniendo la popular distribuci\u00f3n \u00abmultizona\u00bb con zonas separadas para cocinar, vivir y dormir. Este dise\u00f1o interior \u00fanico permite a los campistas moverse por la cabina incluso con dos camas dobles montadas, cocinar una comida o entrar y salir del veh\u00edculo sin molestarse unos a otros.<\/p>\n<p>La zona de asientos es un lugar seguro y c\u00f3modo para viajar y puede convertirse f\u00e1cilmente en zona de comedor y dormitorio cuando la Nugget est\u00e1 aparcada. Adem\u00e1s de un espacio de almacenamiento optimizado y materiales de la m\u00e1s alta calidad, Ford tambi\u00e9n ha a\u00f1adido numerosas caracter\u00edsticas, entre ellas:<\/p>\n<ul>\n<li>Asiento del conductor y del acompa\u00f1ante calefactable y giratorio<\/li>\n<li>Un exclusivo asiento trasero calefactable con tres plazas, que permite viajar c\u00f3modamente a cinco ocupantes<\/li>\n<li>Sistema de audio de serie y puertos USB-C para los pasajeros de los asientos traseros<\/li>\n<\/ul>\n<h2>Cocina en L<\/h2>\n<p>La distribuci\u00f3n optimizada de la cocina en forma de L hace que cocinar sea m\u00e1s agradable. Un pr\u00e1ctico frigor\u00edfico con sistema de cajones permite colocar las botellas en posici\u00f3n vertical y mejorar el acceso. En combinaci\u00f3n con la nueva placa de cocci\u00f3n y el fregadero integrados -ahora con funci\u00f3n de agua caliente de serie-, la ordenada superficie ofrece un 20% m\u00e1s de espacio de trabajo que antes. Los pestillos de cierre suave y las asas desplegables protegen los dedos de los ni\u00f1os y amortiguan el ruido durante la conducci\u00f3n.<\/p>\n<p>La nueva Transit Custom Nugget presenta importantes mejoras de dise\u00f1o respecto al modelo anterior, incluida una secci\u00f3n de colch\u00f3n abatible para aumentar el espacio para la cabeza en la cocina mientras la cama superior sigue en su sitio. Tambi\u00e9n es nuevo un asiento trasero montado sobre ra\u00edles con nuevos mandos que permiten convertir el asiento en cama con una sola mano. La ducha trasera con funci\u00f3n de agua fr\u00eda y caliente ya es de serie. Adem\u00e1s, la experiencia de acampada se ve reforzada por caracter\u00edsticas totalmente nuevas, entre las que se incluyen:<\/p>\n<ul>\n<li>Techo elevable funcional con nueva lona autoplegable para facilitar el descenso del techo<\/li>\n<li>Nuevos espacios de almacenamiento integrados para la mesa y las sillas de exterior.<\/li>\n<li>Pr\u00e1cticas cortinas opacas de f\u00e1cil manejo para mayor intimidad<\/li>\n<\/ul>\n<h2>M\u00f3dem 5G est\u00e1ndar<\/h2>\n<p>Adem\u00e1s de las incorporaciones al equipamiento de camping, la nueva Transit Custom Nugget tambi\u00e9n ofrece caracter\u00edsticas de alta tecnolog\u00eda para mejorar la conectividad y el confort en carretera una vez aparcada. La carga inal\u00e1mbrica y un m\u00f3dem 5G est\u00e1ndar mantienen a todo el mundo ocupado y conectado sin tener que preocuparse por un tel\u00e9fono sin bater\u00eda o escasez de datos. El panel solar opcional montado en el techo ayuda a alimentar los electrodom\u00e9sticos o a cargar la bater\u00eda dom\u00e9stica. En buenas condiciones meteorol\u00f3gicas, el panel puede generar m\u00e1s energ\u00eda de la que consumen las funciones incorporadas.<\/p>\n<p>En la zona de estar, una pantalla t\u00e1ctil de 7 pulgadas facilita la supervisi\u00f3n y el control de la calefacci\u00f3n, el nivel de agua, el nivel de la bater\u00eda y la iluminaci\u00f3n de la Nugget. En \u00e9l, las nuevas caracter\u00edsticas incluyen:<\/p>\n<ul>\n<li>Control de la iluminaci\u00f3n interior LED avanzada, incluida la iluminaci\u00f3n ambiental en color personalizable<\/li>\n<li>Sensor de inclinaci\u00f3n para ayudar a nivelar en terrenos irregulares<\/li>\n<li>Aplicaci\u00f3n con Bluetooth que convierte el smartphone en un mando a distancia para las funciones interiores.<\/li>\n<\/ul>\n<p>La nueva Transit Custom Nugget contin\u00faa la larga colaboraci\u00f3n de Ford con el fabricante l\u00edder de autocaravanas Westfalia, situando a la compa\u00f1\u00eda en una posici\u00f3n ideal para proporcionar ofertas para la fuerte demanda en el mercado europeo de autocaravanas compactas de una tonelada.<\/p>\n<div class=\"galery galery-0\">\n<figure>\n\t\t\t\t\t<span style=\"cursor: pointer\" data-src=\"https:\/\/autorai.nl\/wp-content\/uploads\/2023\/08\/2023_FORD_Transit_Custom_Nugget_PHEV_13-1600x886.jpg\" data-fancybox=\"galery-0\" title=\"\"><br \/>\n\t\t\t\t\t\t\t<img decoding=\"async\" width=\"360\" height=\"270\" src=\"https:\/\/autorai.nl\/wp-content\/uploads\/2023\/08\/2023_FORD_Transit_Custom_Nugget_PHEV_13-360x270.jpg\" class=\"attachment-small size-small\" alt=\"\" loading=\"lazy\"><i class=\"fa fa-search-plus\" aria-hidden=\"true\"><\/i><br \/>\n\t\t\t\t\t\t<\/span><br \/>\n\t\t\t\t\t<\/figure>\n<figure>\n\t\t\t\t\t<span style=\"cursor: pointer\" data-src=\"https:\/\/autorai.nl\/wp-content\/uploads\/2023\/08\/2023_FORD_Transit_Custom_Nugget_17-1600x1068.jpg\" data-fancybox=\"galery-0\" title=\"\"><br \/>\n\t\t\t\t\t\t\t<img decoding=\"async\" width=\"360\" height=\"270\" src=\"https:\/\/autorai.nl\/wp-content\/uploads\/2023\/08\/2023_FORD_Transit_Custom_Nugget_17-360x270.jpg\" class=\"attachment-small size-small\" alt=\"\" loading=\"lazy\"><i class=\"fa fa-search-plus\" aria-hidden=\"true\"><\/i><br \/>\n\t\t\t\t\t\t<\/span><br \/>\n\t\t\t\t\t<\/figure>\n<figure>\n\t\t\t\t\t<span style=\"cursor: pointer\" data-src=\"https:\/\/autorai.nl\/wp-content\/uploads\/2023\/08\/2023_FORD_Transit_Custom_Nugget_16-1600x1068.jpg\" data-fancybox=\"galery-0\" title=\"\"><br \/>\n\t\t\t\t\t\t\t<img decoding=\"async\" width=\"360\" height=\"270\" src=\"https:\/\/autorai.nl\/wp-content\/uploads\/2023\/08\/2023_FORD_Transit_Custom_Nugget_16-360x270.jpg\" class=\"attachment-small size-small\" alt=\"\" loading=\"lazy\"><i class=\"fa fa-search-plus\" aria-hidden=\"true\"><\/i><br \/>\n\t\t\t\t\t\t<\/span><br \/>\n\t\t\t\t\t<\/figure>\n<figure>\n\t\t\t\t\t<span style=\"cursor: pointer\" data-src=\"https:\/\/autorai.nl\/wp-content\/uploads\/2023\/08\/2023_FORD_Transit_Custom_Nugget_14-1600x1068.jpg\" data-fancybox=\"galery-0\" title=\"\"><br \/>\n\t\t\t\t\t\t\t<img decoding=\"async\" width=\"360\" height=\"270\" src=\"https:\/\/autorai.nl\/wp-content\/uploads\/2023\/08\/2023_FORD_Transit_Custom_Nugget_14-360x270.jpg\" class=\"attachment-small size-small\" alt=\"\" loading=\"lazy\"><i class=\"fa fa-search-plus\" aria-hidden=\"true\"><\/i><br \/>\n\t\t\t\t\t\t<\/span><br \/>\n\t\t\t\t\t<\/figure>\n<figure>\n\t\t\t\t\t<span style=\"cursor: pointer\" data-src=\"https:\/\/autorai.nl\/wp-content\/uploads\/2023\/08\/2023_FORD_Transit_Custom_Nugget_12-1600x1067.jpg\" data-fancybox=\"galery-0\" title=\"\"><br \/>\n\t\t\t\t\t\t\t<img decoding=\"async\" width=\"360\" height=\"270\" src=\"https:\/\/autorai.nl\/wp-content\/uploads\/2023\/08\/2023_FORD_Transit_Custom_Nugget_12-360x270.jpg\" class=\"attachment-small size-small\" alt=\"\" loading=\"lazy\"><i class=\"fa fa-search-plus\" aria-hidden=\"true\"><\/i><br \/>\n\t\t\t\t\t\t<\/span><br \/>\n\t\t\t\t\t<\/figure>\n<figure>\n\t\t\t\t\t<span style=\"cursor: pointer\" data-src=\"https:\/\/autorai.nl\/wp-content\/uploads\/2023\/08\/2023_FORD_Transit_Custom_Nugget_11-1600x1067.jpg\" data-fancybox=\"galery-0\" title=\"\"><br \/>\n\t\t\t\t\t\t\t<img decoding=\"async\" width=\"360\" height=\"270\" src=\"https:\/\/autorai.nl\/wp-content\/uploads\/2023\/08\/2023_FORD_Transit_Custom_Nugget_11-360x270.jpg\" class=\"attachment-small size-small\" alt=\"\" loading=\"lazy\"><i class=\"fa fa-search-plus\" aria-hidden=\"true\"><\/i><br \/>\n\t\t\t\t\t\t<\/span><br \/>\n\t\t\t\t\t<\/figure>\n<figure>\n\t\t\t\t\t<span style=\"cursor: pointer\" data-src=\"https:\/\/autorai.nl\/wp-content\/uploads\/2023\/08\/2023_FORD_Transit_Custom_Nugget_10-1600x1067.jpg\" data-fancybox=\"galery-0\" title=\"\"><br \/>\n\t\t\t\t\t\t\t<img decoding=\"async\" width=\"360\" height=\"270\" src=\"https:\/\/autorai.nl\/wp-content\/uploads\/2023\/08\/2023_FORD_Transit_Custom_Nugget_10-360x270.jpg\" class=\"attachment-small size-small\" alt=\"Ford Transit Custom Nugget\" loading=\"lazy\"><i class=\"fa fa-search-plus\" aria-hidden=\"true\"><\/i><br \/>\n\t\t\t\t\t\t<\/span><br \/>\n\t\t\t\t\t<\/figure>\n<figure>\n\t\t\t\t\t<span style=\"cursor: pointer\" data-src=\"https:\/\/autorai.nl\/wp-content\/uploads\/2023\/08\/2023_FORD_Transit_Custom_Nugget_09-1600x1067.jpg\" data-fancybox=\"galery-0\" title=\"\"><br \/>\n\t\t\t\t\t\t\t<img decoding=\"async\" width=\"360\" height=\"270\" src=\"https:\/\/autorai.nl\/wp-content\/uploads\/2023\/08\/2023_FORD_Transit_Custom_Nugget_09-360x270.jpg\" class=\"attachment-small size-small\" alt=\"Ford Transit Custom Nugget\" loading=\"lazy\"><i class=\"fa fa-search-plus\" aria-hidden=\"true\"><\/i><br \/>\n\t\t\t\t\t\t<\/span><br \/>\n\t\t\t\t\t<\/figure>\n<figure>\n\t\t\t\t\t<span style=\"cursor: pointer\" data-src=\"https:\/\/autorai.nl\/wp-content\/uploads\/2023\/08\/2023_FORD_Transit_Custom_Nugget_08-1600x1101.jpg\" data-fancybox=\"galery-0\" title=\"\"><br \/>\n\t\t\t\t\t\t\t<img decoding=\"async\" width=\"360\" height=\"270\" src=\"https:\/\/autorai.nl\/wp-content\/uploads\/2023\/08\/2023_FORD_Transit_Custom_Nugget_08-360x270.jpg\" class=\"attachment-small size-small\" alt=\"\" loading=\"lazy\"><i class=\"fa fa-search-plus\" aria-hidden=\"true\"><\/i><br \/>\n\t\t\t\t\t\t<\/span><br \/>\n\t\t\t\t\t<\/figure>\n<figure>\n\t\t\t\t\t<span style=\"cursor: pointer\" data-src=\"https:\/\/autorai.nl\/wp-content\/uploads\/2023\/08\/2023_FORD_Transit_Custom_Nugget_07-1600x1003.jpg\" data-fancybox=\"galery-0\" title=\"\"><br \/>\n\t\t\t\t\t\t\t<img decoding=\"async\" width=\"360\" height=\"270\" src=\"https:\/\/autorai.nl\/wp-content\/uploads\/2023\/08\/2023_FORD_Transit_Custom_Nugget_07-360x270.jpg\" class=\"attachment-small size-small\" alt=\"\" loading=\"lazy\"><i class=\"fa fa-search-plus\" aria-hidden=\"true\"><\/i><br \/>\n\t\t\t\t\t\t<\/span><br \/>\n\t\t\t\t\t<\/figure>\n<figure>\n\t\t\t\t\t<span style=\"cursor: pointer\" data-src=\"https:\/\/autorai.nl\/wp-content\/uploads\/2023\/08\/2023_FORD_Transit_Custom_Nugget_06-1600x1067.jpg\" data-fancybox=\"galery-0\" title=\"\"><br \/>\n\t\t\t\t\t\t\t<img decoding=\"async\" width=\"360\" height=\"270\" src=\"https:\/\/autorai.nl\/wp-content\/uploads\/2023\/08\/2023_FORD_Transit_Custom_Nugget_06-360x270.jpg\" class=\"attachment-small size-small\" alt=\"\" loading=\"lazy\"><i class=\"fa fa-search-plus\" aria-hidden=\"true\"><\/i><br \/>\n\t\t\t\t\t\t<\/span><br \/>\n\t\t\t\t\t<\/figure>\n<figure>\n\t\t\t\t\t<span style=\"cursor: pointer\" data-src=\"https:\/\/autorai.nl\/wp-content\/uploads\/2023\/08\/2023_FORD_Transit_Custom_Nugget_05-1600x1003.jpg\" data-fancybox=\"galery-0\" title=\"\"><br \/>\n\t\t\t\t\t\t\t<img decoding=\"async\" width=\"360\" height=\"270\" src=\"https:\/\/autorai.nl\/wp-content\/uploads\/2023\/08\/2023_FORD_Transit_Custom_Nugget_05-360x270.jpg\" class=\"attachment-small size-small\" alt=\"Ford Transit Custom Nugget\" loading=\"lazy\"><i class=\"fa fa-search-plus\" aria-hidden=\"true\"><\/i><br \/>\n\t\t\t\t\t\t<\/span><br \/>\n\t\t\t\t\t<\/figure>\n<figure>\n\t\t\t\t\t<span style=\"cursor: pointer\" data-src=\"https:\/\/autorai.nl\/wp-content\/uploads\/2023\/08\/2023_FORD_Transit_Custom_Nugget_04-1600x1067.jpg\" data-fancybox=\"galery-0\" title=\"\"><br \/>\n\t\t\t\t\t\t\t<img decoding=\"async\" width=\"360\" height=\"270\" src=\"https:\/\/autorai.nl\/wp-content\/uploads\/2023\/08\/2023_FORD_Transit_Custom_Nugget_04-360x270.jpg\" class=\"attachment-small size-small\" alt=\"\" loading=\"lazy\"><i class=\"fa fa-search-plus\" aria-hidden=\"true\"><\/i><br \/>\n\t\t\t\t\t\t<\/span><br \/>\n\t\t\t\t\t<\/figure>\n<figure>\n\t\t\t\t\t<span style=\"cursor: pointer\" data-src=\"https:\/\/autorai.nl\/wp-content\/uploads\/2023\/08\/2023_FORD_Transit_Custom_Nugget_03-1600x1067.jpg\" data-fancybox=\"galery-0\" title=\"\"><br \/>\n\t\t\t\t\t\t\t<img decoding=\"async\" width=\"360\" height=\"270\" src=\"https:\/\/autorai.nl\/wp-content\/uploads\/2023\/08\/2023_FORD_Transit_Custom_Nugget_03-360x270.jpg\" class=\"attachment-small size-small\" alt=\"\" loading=\"lazy\"><i class=\"fa fa-search-plus\" aria-hidden=\"true\"><\/i><br \/>\n\t\t\t\t\t\t<\/span><br \/>\n\t\t\t\t\t<\/figure>\n<figure>\n\t\t\t\t\t<span style=\"cursor: pointer\" data-src=\"https:\/\/autorai.nl\/wp-content\/uploads\/2023\/08\/2023_FORD_Transit_Custom_Nugget_02-1600x1022.jpg\" data-fancybox=\"galery-0\" title=\"\"><br \/>\n\t\t\t\t\t\t\t<img decoding=\"async\" width=\"360\" height=\"270\" src=\"https:\/\/autorai.nl\/wp-content\/uploads\/2023\/08\/2023_FORD_Transit_Custom_Nugget_02-360x270.jpg\" class=\"attachment-small size-small\" alt=\"\" loading=\"lazy\"><i class=\"fa fa-search-plus\" aria-hidden=\"true\"><\/i><br \/>\n\t\t\t\t\t\t<\/span><br \/>\n\t\t\t\t\t<\/figure>\n<figure>\n\t\t\t\t\t<span style=\"cursor: pointer\" data-src=\"https:\/\/autorai.nl\/wp-content\/uploads\/2023\/08\/2023_FORD_Transit_Custom_Nugget_01-1600x1033.jpg\" data-fancybox=\"galery-0\" title=\"\"><br \/>\n\t\t\t\t\t\t\t<img decoding=\"async\" width=\"360\" height=\"270\" src=\"https:\/\/autorai.nl\/wp-content\/uploads\/2023\/08\/2023_FORD_Transit_Custom_Nugget_01-360x270.jpg\" class=\"attachment-small size-small\" alt=\"\" loading=\"lazy\"><i class=\"fa fa-search-plus\" aria-hidden=\"true\"><\/i><br \/>\n\t\t\t\t\t\t<\/span><br \/>\n\t\t\t\t\t<\/figure>\n<div class=\"clear\"><\/div>\n<\/div>\n","protected":false},"excerpt":{"rendered":"Tambi\u00e9n como PHEV Por primera vez, los compradores de la Ford Transit Custom Nugget tambi\u00e9n pueden elegir cadenas cinem\u00e1ticas electrificadas,&hellip;","protected":false},"author":0,"featured_media":138358,"comment_status":"","ping_status":"open","sticky":false,"template":"","format":"standard","meta":{"footnotes":""},"categories":[126],"tags":[],"class_list":["post-138392","post","type-post","status-publish","format-standard","has-post-thumbnail","hentry","category-noticias-de-autos"],"acf":[],"yoast_head":"<!-- This site is optimized with the Yoast SEO plugin v21.2 - https:\/\/yoast.com\/wordpress\/plugins\/seo\/ -->\n<title>Esta es la nueva autocaravana Ford Transit Custom Nugget - All cars news<\/title>\n<meta name=\"robots\" content=\"index, follow, max-snippet:-1, max-image-preview:large, max-video-preview:-1\" \/>\n<link rel=\"canonical\" href=\"https:\/\/all-car-news.com\/es\/esta-es-la-nueva-autocaravana-ford-transit-custom-nugget\/\" \/>\n<meta property=\"og:locale\" content=\"es_ES\" \/>\n<meta property=\"og:type\" content=\"article\" \/>\n<meta property=\"og:title\" content=\"Esta es la nueva autocaravana Ford Transit Custom Nugget - All cars news\" \/>\n<meta property=\"og:description\" content=\"Tambi\u00e9n como PHEV Por primera vez, los compradores de la Ford Transit Custom Nugget tambi\u00e9n pueden elegir cadenas cinem\u00e1ticas electrificadas, incluyendo una nueva opci\u00f3n h\u00edbrida enchufable (PHEV). Por supuesto, vuelve la distribuci\u00f3n interior &quot;multizona&quot; conocida y tan apreciada de las generaciones anteriores. Ford Transit Custom Nugget La \u00faltima generaci\u00f3n de la Ford Transit Custom Nugget se basa en la misma plataforma de veh\u00edculos totalmente nueva de [...]\" \/>\n<meta property=\"og:url\" content=\"https:\/\/all-car-news.com\/es\/esta-es-la-nueva-autocaravana-ford-transit-custom-nugget\/\" \/>\n<meta property=\"og:site_name\" content=\"All cars news\" \/>\n<meta property=\"article:published_time\" content=\"2023-08-25T13:27:13+00:00\" \/>\n<meta property=\"og:image\" content=\"https:\/\/autorai.nl\/wp-content\/uploads\/2023\/08\/2023_FORD_Transit_Custom_Nugget_05-1140x715.jpg\" \/>\n<meta name=\"twitter:card\" content=\"summary_large_image\" \/>\n<meta name=\"twitter:label1\" content=\"Tiempo de lectura\" \/>\n\t<meta name=\"twitter:data1\" content=\"7 minutos\" \/>\n<script type=\"application\/ld+json\" class=\"yoast-schema-graph\">{\"@context\":\"https:\/\/schema.org\",\"@graph\":[{\"@type\":\"Article\",\"@id\":\"https:\/\/all-car-news.com\/es\/esta-es-la-nueva-autocaravana-ford-transit-custom-nugget\/#article\",\"isPartOf\":{\"@id\":\"https:\/\/all-car-news.com\/es\/esta-es-la-nueva-autocaravana-ford-transit-custom-nugget\/\"},\"author\":{\"name\":\"\",\"@id\":\"\"},\"headline\":\"Esta es la nueva autocaravana Ford Transit Custom Nugget\",\"datePublished\":\"2023-08-25T13:27:13+00:00\",\"dateModified\":\"2023-08-25T13:27:13+00:00\",\"mainEntityOfPage\":{\"@id\":\"https:\/\/all-car-news.com\/es\/esta-es-la-nueva-autocaravana-ford-transit-custom-nugget\/\"},\"wordCount\":1463,\"publisher\":{\"@id\":\"https:\/\/all-car-news.com\/es\/#organization\"},\"articleSection\":[\"noticias de autos\"],\"inLanguage\":\"es\"},{\"@type\":\"WebPage\",\"@id\":\"https:\/\/all-car-news.com\/es\/esta-es-la-nueva-autocaravana-ford-transit-custom-nugget\/\",\"url\":\"https:\/\/all-car-news.com\/es\/esta-es-la-nueva-autocaravana-ford-transit-custom-nugget\/\",\"name\":\"Esta es la nueva autocaravana Ford Transit Custom Nugget - All cars news\",\"isPartOf\":{\"@id\":\"https:\/\/all-car-news.com\/es\/#website\"},\"datePublished\":\"2023-08-25T13:27:13+00:00\",\"dateModified\":\"2023-08-25T13:27:13+00:00\",\"breadcrumb\":{\"@id\":\"https:\/\/all-car-news.com\/es\/esta-es-la-nueva-autocaravana-ford-transit-custom-nugget\/#breadcrumb\"},\"inLanguage\":\"es\",\"potentialAction\":[{\"@type\":\"ReadAction\",\"target\":[\"https:\/\/all-car-news.com\/es\/esta-es-la-nueva-autocaravana-ford-transit-custom-nugget\/\"]}]},{\"@type\":\"BreadcrumbList\",\"@id\":\"https:\/\/all-car-news.com\/es\/esta-es-la-nueva-autocaravana-ford-transit-custom-nugget\/#breadcrumb\",\"itemListElement\":[{\"@type\":\"ListItem\",\"position\":1,\"name\":\"Home\",\"item\":\"https:\/\/all-car-news.com\/es\/\"},{\"@type\":\"ListItem\",\"position\":2,\"name\":\"Esta es la nueva autocaravana Ford Transit Custom Nugget\"}]},{\"@type\":\"WebSite\",\"@id\":\"https:\/\/all-car-news.com\/es\/#website\",\"url\":\"https:\/\/all-car-news.com\/es\/\",\"name\":\"All cars news\",\"description\":\"\",\"publisher\":{\"@id\":\"https:\/\/all-car-news.com\/es\/#organization\"},\"potentialAction\":[{\"@type\":\"SearchAction\",\"target\":{\"@type\":\"EntryPoint\",\"urlTemplate\":\"https:\/\/all-car-news.com\/es\/?s={search_term_string}\"},\"query-input\":\"required name=search_term_string\"}],\"inLanguage\":\"es\"},{\"@type\":\"Organization\",\"@id\":\"https:\/\/all-car-news.com\/es\/#organization\",\"name\":\"All cars news\",\"url\":\"https:\/\/all-car-news.com\/es\/\",\"logo\":{\"@type\":\"ImageObject\",\"inLanguage\":\"es\",\"@id\":\"https:\/\/all-car-news.com\/es\/#\/schema\/logo\/image\/\",\"url\":\"https:\/\/all-car-news.com\/wp-content\/uploads\/2022\/02\/CMYK-AllCarNews_LANDSCAPE_300px-1.png\",\"contentUrl\":\"https:\/\/all-car-news.com\/wp-content\/uploads\/2022\/02\/CMYK-AllCarNews_LANDSCAPE_300px-1.png\",\"width\":300,\"height\":100,\"caption\":\"All cars news\"},\"image\":{\"@id\":\"https:\/\/all-car-news.com\/es\/#\/schema\/logo\/image\/\"}}]}<\/script>\n<!-- \/ Yoast SEO plugin. -->","yoast_head_json":{"title":"Esta es la nueva autocaravana Ford Transit Custom Nugget - All cars news","robots":{"index":"index","follow":"follow","max-snippet":"max-snippet:-1","max-image-preview":"max-image-preview:large","max-video-preview":"max-video-preview:-1"},"canonical":"https:\/\/all-car-news.com\/es\/esta-es-la-nueva-autocaravana-ford-transit-custom-nugget\/","og_locale":"es_ES","og_type":"article","og_title":"Esta es la nueva autocaravana Ford Transit Custom Nugget - All cars news","og_description":"Tambi\u00e9n como PHEV Por primera vez, los compradores de la Ford Transit Custom Nugget tambi\u00e9n pueden elegir cadenas cinem\u00e1ticas electrificadas, incluyendo una nueva opci\u00f3n h\u00edbrida enchufable (PHEV). Por supuesto, vuelve la distribuci\u00f3n interior \"multizona\" conocida y tan apreciada de las generaciones anteriores. Ford Transit Custom Nugget La \u00faltima generaci\u00f3n de la Ford Transit Custom Nugget se basa en la misma plataforma de veh\u00edculos totalmente nueva de [...]","og_url":"https:\/\/all-car-news.com\/es\/esta-es-la-nueva-autocaravana-ford-transit-custom-nugget\/","og_site_name":"All cars news","article_published_time":"2023-08-25T13:27:13+00:00","og_image":[{"url":"https:\/\/autorai.nl\/wp-content\/uploads\/2023\/08\/2023_FORD_Transit_Custom_Nugget_05-1140x715.jpg"}],"twitter_card":"summary_large_image","twitter_misc":{"Tiempo de lectura":"7 minutos"},"schema":{"@context":"https:\/\/schema.org","@graph":[{"@type":"Article","@id":"https:\/\/all-car-news.com\/es\/esta-es-la-nueva-autocaravana-ford-transit-custom-nugget\/#article","isPartOf":{"@id":"https:\/\/all-car-news.com\/es\/esta-es-la-nueva-autocaravana-ford-transit-custom-nugget\/"},"author":{"name":"","@id":""},"headline":"Esta es la nueva autocaravana Ford Transit Custom Nugget","datePublished":"2023-08-25T13:27:13+00:00","dateModified":"2023-08-25T13:27:13+00:00","mainEntityOfPage":{"@id":"https:\/\/all-car-news.com\/es\/esta-es-la-nueva-autocaravana-ford-transit-custom-nugget\/"},"wordCount":1463,"publisher":{"@id":"https:\/\/all-car-news.com\/es\/#organization"},"articleSection":["noticias de autos"],"inLanguage":"es"},{"@type":"WebPage","@id":"https:\/\/all-car-news.com\/es\/esta-es-la-nueva-autocaravana-ford-transit-custom-nugget\/","url":"https:\/\/all-car-news.com\/es\/esta-es-la-nueva-autocaravana-ford-transit-custom-nugget\/","name":"Esta es la nueva autocaravana Ford Transit Custom Nugget - All cars news","isPartOf":{"@id":"https:\/\/all-car-news.com\/es\/#website"},"datePublished":"2023-08-25T13:27:13+00:00","dateModified":"2023-08-25T13:27:13+00:00","breadcrumb":{"@id":"https:\/\/all-car-news.com\/es\/esta-es-la-nueva-autocaravana-ford-transit-custom-nugget\/#breadcrumb"},"inLanguage":"es","potentialAction":[{"@type":"ReadAction","target":["https:\/\/all-car-news.com\/es\/esta-es-la-nueva-autocaravana-ford-transit-custom-nugget\/"]}]},{"@type":"BreadcrumbList","@id":"https:\/\/all-car-news.com\/es\/esta-es-la-nueva-autocaravana-ford-transit-custom-nugget\/#breadcrumb","itemListElement":[{"@type":"ListItem","position":1,"name":"Home","item":"https:\/\/all-car-news.com\/es\/"},{"@type":"ListItem","position":2,"name":"Esta es la nueva autocaravana Ford Transit Custom Nugget"}]},{"@type":"WebSite","@id":"https:\/\/all-car-news.com\/es\/#website","url":"https:\/\/all-car-news.com\/es\/","name":"All cars news","description":"","publisher":{"@id":"https:\/\/all-car-news.com\/es\/#organization"},"potentialAction":[{"@type":"SearchAction","target":{"@type":"EntryPoint","urlTemplate":"https:\/\/all-car-news.com\/es\/?s={search_term_string}"},"query-input":"required name=search_term_string"}],"inLanguage":"es"},{"@type":"Organization","@id":"https:\/\/all-car-news.com\/es\/#organization","name":"All cars news","url":"https:\/\/all-car-news.com\/es\/","logo":{"@type":"ImageObject","inLanguage":"es","@id":"https:\/\/all-car-news.com\/es\/#\/schema\/logo\/image\/","url":"https:\/\/all-car-news.com\/wp-content\/uploads\/2022\/02\/CMYK-AllCarNews_LANDSCAPE_300px-1.png","contentUrl":"https:\/\/all-car-news.com\/wp-content\/uploads\/2022\/02\/CMYK-AllCarNews_LANDSCAPE_300px-1.png","width":300,"height":100,"caption":"All cars news"},"image":{"@id":"https:\/\/all-car-news.com\/es\/#\/schema\/logo\/image\/"}}]}},"_links":{"self":[{"href":"https:\/\/all-car-news.com\/es\/wp-json\/wp\/v2\/posts\/138392","targetHints":{"allow":["GET"]}}],"collection":[{"href":"https:\/\/all-car-news.com\/es\/wp-json\/wp\/v2\/posts"}],"about":[{"href":"https:\/\/all-car-news.com\/es\/wp-json\/wp\/v2\/types\/post"}],"replies":[{"embeddable":true,"href":"https:\/\/all-car-news.com\/es\/wp-json\/wp\/v2\/comments?post=138392"}],"version-history":[{"count":0,"href":"https:\/\/all-car-news.com\/es\/wp-json\/wp\/v2\/posts\/138392\/revisions"}],"wp:featuredmedia":[{"embeddable":true,"href":"https:\/\/all-car-news.com\/es\/wp-json\/wp\/v2\/media\/138358"}],"wp:attachment":[{"href":"https:\/\/all-car-news.com\/es\/wp-json\/wp\/v2\/media?parent=138392"}],"wp:term":[{"taxonomy":"category","embeddable":true,"href":"https:\/\/all-car-news.com\/es\/wp-json\/wp\/v2\/categories?post=138392"},{"taxonomy":"post_tag","embeddable":true,"href":"https:\/\/all-car-news.com\/es\/wp-json\/wp\/v2\/tags?post=138392"}],"curies":[{"name":"wp","href":"https:\/\/api.w.org\/{rel}","templated":true}]}}