{"id":138310,"date":"2023-08-21T15:35:45","date_gmt":"2023-08-21T15:35:45","guid":{"rendered":"https:\/\/all-car-news.com\/bentley-bentayga-ewb-mulliner-la-cumbre-del-lujo\/"},"modified":"2023-08-21T15:35:45","modified_gmt":"2023-08-21T15:35:45","slug":"bentley-bentayga-ewb-mulliner-la-cumbre-del-lujo","status":"publish","type":"post","link":"https:\/\/all-car-news.com\/es\/bentley-bentayga-ewb-mulliner-la-cumbre-del-lujo\/","title":{"rendered":"Bentley Bentayga EWB Mulliner: \u00bfla cumbre del lujo?"},"content":{"rendered":"<h2>Bentley Bentayga Mulliner de batalla extendida<\/h2>\n<p>La introducci\u00f3n del Bentley Bentayga Extended Wheelbase Mulliner define un nuevo punto \u00e1lgido para la familia Bentayga e incluso para la gama de modelos Bentley, afirma Bentley. El SUV combina la artesan\u00eda con las prestaciones de un supercoche, la capacidad de ir a cualquier parte y el espacio de una limusina.<\/p>\n<h2>Espacio interior<\/h2>\n<p>Un vistazo a la parte trasera de este Bentayga EWB Mulliner dice bastante sobre el espacio interior. Los brit\u00e1nicos afirman incluso que este modelo ofrece m\u00e1s espacio en el habit\u00e1culo que cualquier competidor de lujo comparable. De hecho, es el SUV m\u00e1s lujoso del mundo hasta la fecha, seg\u00fan Bentley.<\/p>\n<figure class=\"wp-block-image size-content\"><img decoding=\"async\" loading=\"lazy\" width=\"1140\" height=\"760\" src=\"https:\/\/autorai.nl\/wp-content\/uploads\/2023\/08\/bentley-bentayga-ewb-mulliner-2023-foto11-1140x760.jpg\" alt=\"Bentley Bentayga EWB Mulliner\" class=\"wp-image-165027\"><\/figure>\n<h2>Con asientos de avi\u00f3n<\/h2>\n<p>La distancia entre ejes es 180 mm mayor que en el Bentayga normal. Esto crea mucho m\u00e1s espacio para las piernas en la parte trasera y permite a Bentley instalar los llamados Airline Seats, el sistema de asientos de autom\u00f3vil m\u00e1s avanzado del mundo. El compartimento trasero est\u00e1 disponible en configuraciones de 4+1 y 4 plazas. El tapizado Harmony Diamond Quilt de Mulliner en los asientos y las puertas demuestra que Bentley no ha escatimado en gastos.<\/p>\n<h2>Cadena cinem\u00e1tica y prestaciones<\/h2>\n<p>Est\u00e1 propulsado por un motor V8 de 4,0 litros y 550 CV y 770 Nm. Potencia suficiente para una velocidad m\u00e1xima de 290 km\/h y un 0-100 de 4,6 segundos. Sistemas como un chasis con Bentley Dynamic Ride (control activo antivuelco de 48V), direcci\u00f3n en las ruedas traseras y suspensi\u00f3n neum\u00e1tica de tres c\u00e1maras proporcionan al Bentayga EWB Mulliner todas las capacidades din\u00e1micas del Bentayga con batalla est\u00e1ndar.<\/p>\n<div class=\"galery shuffle galery-0\">\n<figure>\n\t\t\t\t\t<span style=\"cursor: pointer\" data-src=\"https:\/\/autorai.nl\/wp-content\/uploads\/2023\/08\/bentley-bentayga-ewb-mulliner-2023-foto19-1600x1067.jpg\" data-fancybox=\"galery-0\" title=\"\"><br \/>\n\t\t\t\t\t\t\t<img decoding=\"async\" width=\"640\" height=\"480\" src=\"https:\/\/autorai.nl\/wp-content\/uploads\/2023\/08\/bentley-bentayga-ewb-mulliner-2023-foto19-640x480.jpg\" class=\"attachment-medium size-medium\" alt=\"\" loading=\"lazy\"><i class=\"fa fa-search-plus\" aria-hidden=\"true\"><\/i><br \/>\n\t\t\t\t\t\t<\/span><br \/>\n\t\t\t\t\t<\/figure>\n<figure>\n\t\t\t\t\t<span style=\"cursor: pointer\" data-src=\"https:\/\/autorai.nl\/wp-content\/uploads\/2023\/08\/bentley-bentayga-ewb-mulliner-2023-foto18-1600x1067.jpg\" data-fancybox=\"galery-0\" title=\"\"><br \/>\n\t\t\t\t\t\t\t<img decoding=\"async\" width=\"360\" height=\"270\" src=\"https:\/\/autorai.nl\/wp-content\/uploads\/2023\/08\/bentley-bentayga-ewb-mulliner-2023-foto18-360x270.jpg\" class=\"attachment-small size-small\" alt=\"\" loading=\"lazy\"><i class=\"fa fa-search-plus\" aria-hidden=\"true\"><\/i><br \/>\n\t\t\t\t\t\t<\/span><br \/>\n\t\t\t\t\t<\/figure>\n<figure>\n\t\t\t\t\t<span style=\"cursor: pointer\" data-src=\"https:\/\/autorai.nl\/wp-content\/uploads\/2023\/08\/bentley-bentayga-ewb-mulliner-2023-foto17-1600x1067.jpg\" data-fancybox=\"galery-0\" title=\"\"><br \/>\n\t\t\t\t\t\t\t<img decoding=\"async\" width=\"360\" height=\"270\" src=\"https:\/\/autorai.nl\/wp-content\/uploads\/2023\/08\/bentley-bentayga-ewb-mulliner-2023-foto17-360x270.jpg\" class=\"attachment-small size-small\" alt=\"\" loading=\"lazy\"><i class=\"fa fa-search-plus\" aria-hidden=\"true\"><\/i><br \/>\n\t\t\t\t\t\t<\/span><br \/>\n\t\t\t\t\t<\/figure>\n<figure>\n\t\t\t\t\t<span style=\"cursor: pointer\" data-src=\"https:\/\/autorai.nl\/wp-content\/uploads\/2023\/08\/bentley-bentayga-ewb-mulliner-2023-foto16-1600x1067.jpg\" data-fancybox=\"galery-0\" title=\"\"><br \/>\n\t\t\t\t\t\t\t<img decoding=\"async\" width=\"640\" height=\"480\" src=\"https:\/\/autorai.nl\/wp-content\/uploads\/2023\/08\/bentley-bentayga-ewb-mulliner-2023-foto16-640x480.jpg\" class=\"attachment-medium size-medium\" alt=\"\" loading=\"lazy\"><i class=\"fa fa-search-plus\" aria-hidden=\"true\"><\/i><br \/>\n\t\t\t\t\t\t<\/span><br \/>\n\t\t\t\t\t<\/figure>\n<figure>\n\t\t\t\t\t<span style=\"cursor: pointer\" data-src=\"https:\/\/autorai.nl\/wp-content\/uploads\/2023\/08\/bentley-bentayga-ewb-mulliner-2023-foto15-1600x1069.jpg\" data-fancybox=\"galery-0\" title=\"\"><br \/>\n\t\t\t\t\t\t\t<img decoding=\"async\" width=\"360\" height=\"270\" src=\"https:\/\/autorai.nl\/wp-content\/uploads\/2023\/08\/bentley-bentayga-ewb-mulliner-2023-foto15-360x270.jpg\" class=\"attachment-small size-small\" alt=\"\" loading=\"lazy\"><i class=\"fa fa-search-plus\" aria-hidden=\"true\"><\/i><br \/>\n\t\t\t\t\t\t<\/span><br \/>\n\t\t\t\t\t<\/figure>\n<figure>\n\t\t\t\t\t<span style=\"cursor: pointer\" data-src=\"https:\/\/autorai.nl\/wp-content\/uploads\/2023\/08\/bentley-bentayga-ewb-mulliner-2023-foto14-1600x1067.jpg\" data-fancybox=\"galery-0\" title=\"\"><br \/>\n\t\t\t\t\t\t\t<img decoding=\"async\" width=\"360\" height=\"270\" src=\"https:\/\/autorai.nl\/wp-content\/uploads\/2023\/08\/bentley-bentayga-ewb-mulliner-2023-foto14-360x270.jpg\" class=\"attachment-small size-small\" alt=\"\" loading=\"lazy\"><i class=\"fa fa-search-plus\" aria-hidden=\"true\"><\/i><br \/>\n\t\t\t\t\t\t<\/span><br \/>\n\t\t\t\t\t<\/figure>\n<figure>\n\t\t\t\t\t<span style=\"cursor: pointer\" data-src=\"https:\/\/autorai.nl\/wp-content\/uploads\/2023\/08\/bentley-bentayga-ewb-mulliner-2023-foto13-1600x1067.jpg\" data-fancybox=\"galery-0\" title=\"\"><br \/>\n\t\t\t\t\t\t\t<img decoding=\"async\" width=\"640\" height=\"480\" src=\"https:\/\/autorai.nl\/wp-content\/uploads\/2023\/08\/bentley-bentayga-ewb-mulliner-2023-foto13-640x480.jpg\" class=\"attachment-medium size-medium\" alt=\"\" loading=\"lazy\"><i class=\"fa fa-search-plus\" aria-hidden=\"true\"><\/i><br \/>\n\t\t\t\t\t\t<\/span><br \/>\n\t\t\t\t\t<\/figure>\n<figure>\n\t\t\t\t\t<span style=\"cursor: pointer\" data-src=\"https:\/\/autorai.nl\/wp-content\/uploads\/2023\/08\/bentley-bentayga-ewb-mulliner-2023-foto12-1600x1067.jpg\" data-fancybox=\"galery-0\" title=\"\"><br \/>\n\t\t\t\t\t\t\t<img decoding=\"async\" width=\"360\" height=\"270\" src=\"https:\/\/autorai.nl\/wp-content\/uploads\/2023\/08\/bentley-bentayga-ewb-mulliner-2023-foto12-360x270.jpg\" class=\"attachment-small size-small\" alt=\"\" loading=\"lazy\"><i class=\"fa fa-search-plus\" aria-hidden=\"true\"><\/i><br \/>\n\t\t\t\t\t\t<\/span><br \/>\n\t\t\t\t\t<\/figure>\n<figure>\n\t\t\t\t\t<span style=\"cursor: pointer\" data-src=\"https:\/\/autorai.nl\/wp-content\/uploads\/2023\/08\/bentley-bentayga-ewb-mulliner-2023-foto11-1600x1067.jpg\" data-fancybox=\"galery-0\" title=\"\"><br \/>\n\t\t\t\t\t\t\t<img decoding=\"async\" width=\"360\" height=\"270\" src=\"https:\/\/autorai.nl\/wp-content\/uploads\/2023\/08\/bentley-bentayga-ewb-mulliner-2023-foto11-360x270.jpg\" class=\"attachment-small size-small\" alt=\"Bentley Bentayga EWB Mulliner\" loading=\"lazy\"><i class=\"fa fa-search-plus\" aria-hidden=\"true\"><\/i><br \/>\n\t\t\t\t\t\t<\/span><br \/>\n\t\t\t\t\t<\/figure>\n<figure>\n\t\t\t\t\t<span style=\"cursor: pointer\" data-src=\"https:\/\/autorai.nl\/wp-content\/uploads\/2023\/08\/bentley-bentayga-ewb-mulliner-2023-foto10-1600x1067.jpg\" data-fancybox=\"galery-0\" title=\"\"><br \/>\n\t\t\t\t\t\t\t<img decoding=\"async\" width=\"640\" height=\"480\" src=\"https:\/\/autorai.nl\/wp-content\/uploads\/2023\/08\/bentley-bentayga-ewb-mulliner-2023-foto10-640x480.jpg\" class=\"attachment-medium size-medium\" alt=\"\" loading=\"lazy\"><i class=\"fa fa-search-plus\" aria-hidden=\"true\"><\/i><br \/>\n\t\t\t\t\t\t<\/span><br \/>\n\t\t\t\t\t<\/figure>\n<figure>\n\t\t\t\t\t<span style=\"cursor: pointer\" data-src=\"https:\/\/autorai.nl\/wp-content\/uploads\/2023\/08\/bentley-bentayga-ewb-mulliner-2023-foto9-1600x1067.jpg\" data-fancybox=\"galery-0\" title=\"\"><br \/>\n\t\t\t\t\t\t\t<img decoding=\"async\" width=\"360\" height=\"270\" src=\"https:\/\/autorai.nl\/wp-content\/uploads\/2023\/08\/bentley-bentayga-ewb-mulliner-2023-foto9-360x270.jpg\" class=\"attachment-small size-small\" alt=\"\" loading=\"lazy\"><i class=\"fa fa-search-plus\" aria-hidden=\"true\"><\/i><br \/>\n\t\t\t\t\t\t<\/span><br \/>\n\t\t\t\t\t<\/figure>\n<figure>\n\t\t\t\t\t<span style=\"cursor: pointer\" data-src=\"https:\/\/autorai.nl\/wp-content\/uploads\/2023\/08\/bentley-bentayga-ewb-mulliner-2023-foto8-1600x1067.jpg\" data-fancybox=\"galery-0\" title=\"\"><br \/>\n\t\t\t\t\t\t\t<img decoding=\"async\" width=\"360\" height=\"270\" src=\"https:\/\/autorai.nl\/wp-content\/uploads\/2023\/08\/bentley-bentayga-ewb-mulliner-2023-foto8-360x270.jpg\" class=\"attachment-small size-small\" alt=\"\" loading=\"lazy\"><i class=\"fa fa-search-plus\" aria-hidden=\"true\"><\/i><br \/>\n\t\t\t\t\t\t<\/span><br \/>\n\t\t\t\t\t<\/figure>\n<figure>\n\t\t\t\t\t<span style=\"cursor: pointer\" data-src=\"https:\/\/autorai.nl\/wp-content\/uploads\/2023\/08\/bentley-bentayga-ewb-mulliner-2023-foto6-1600x1067.jpg\" data-fancybox=\"galery-0\" title=\"\"><br \/>\n\t\t\t\t\t\t\t<img decoding=\"async\" width=\"640\" height=\"480\" src=\"https:\/\/autorai.nl\/wp-content\/uploads\/2023\/08\/bentley-bentayga-ewb-mulliner-2023-foto6-640x480.jpg\" class=\"attachment-medium size-medium\" alt=\"\" loading=\"lazy\"><i class=\"fa fa-search-plus\" aria-hidden=\"true\"><\/i><br \/>\n\t\t\t\t\t\t<\/span><br \/>\n\t\t\t\t\t<\/figure>\n<figure>\n\t\t\t\t\t<span style=\"cursor: pointer\" data-src=\"https:\/\/autorai.nl\/wp-content\/uploads\/2023\/08\/bentley-bentayga-ewb-mulliner-2023-foto5-1600x1001.jpg\" data-fancybox=\"galery-0\" title=\"\"><br \/>\n\t\t\t\t\t\t\t<img decoding=\"async\" width=\"360\" height=\"270\" src=\"https:\/\/autorai.nl\/wp-content\/uploads\/2023\/08\/bentley-bentayga-ewb-mulliner-2023-foto5-360x270.jpg\" class=\"attachment-small size-small\" alt=\"\" loading=\"lazy\"><i class=\"fa fa-search-plus\" aria-hidden=\"true\"><\/i><br \/>\n\t\t\t\t\t\t<\/span><br \/>\n\t\t\t\t\t<\/figure>\n<figure>\n\t\t\t\t\t<span style=\"cursor: pointer\" data-src=\"https:\/\/autorai.nl\/wp-content\/uploads\/2023\/08\/bentley-bentayga-ewb-mulliner-2023-foto4-1600x1067.jpg\" data-fancybox=\"galery-0\" title=\"\"><br \/>\n\t\t\t\t\t\t\t<img decoding=\"async\" width=\"360\" height=\"270\" src=\"https:\/\/autorai.nl\/wp-content\/uploads\/2023\/08\/bentley-bentayga-ewb-mulliner-2023-foto4-360x270.jpg\" class=\"attachment-small size-small\" alt=\"\" loading=\"lazy\"><i class=\"fa fa-search-plus\" aria-hidden=\"true\"><\/i><br \/>\n\t\t\t\t\t\t<\/span><br \/>\n\t\t\t\t\t<\/figure>\n<figure>\n\t\t\t\t\t<span style=\"cursor: pointer\" data-src=\"https:\/\/autorai.nl\/wp-content\/uploads\/2023\/08\/bentley-bentayga-ewb-mulliner-2023-foto3-1600x1067.jpg\" data-fancybox=\"galery-0\" title=\"\"><br \/>\n\t\t\t\t\t\t\t<img decoding=\"async\" width=\"640\" height=\"480\" src=\"https:\/\/autorai.nl\/wp-content\/uploads\/2023\/08\/bentley-bentayga-ewb-mulliner-2023-foto3-640x480.jpg\" class=\"attachment-medium size-medium\" alt=\"\" loading=\"lazy\"><i class=\"fa fa-search-plus\" aria-hidden=\"true\"><\/i><br \/>\n\t\t\t\t\t\t<\/span><br \/>\n\t\t\t\t\t<\/figure>\n<figure>\n\t\t\t\t\t<span style=\"cursor: pointer\" data-src=\"https:\/\/autorai.nl\/wp-content\/uploads\/2023\/08\/bentley-bentayga-ewb-mulliner-2023-foto2-1600x1067.jpg\" data-fancybox=\"galery-0\" title=\"\"><br \/>\n\t\t\t\t\t\t\t<img decoding=\"async\" width=\"360\" height=\"270\" src=\"https:\/\/autorai.nl\/wp-content\/uploads\/2023\/08\/bentley-bentayga-ewb-mulliner-2023-foto2-360x270.jpg\" class=\"attachment-small size-small\" alt=\"\" loading=\"lazy\"><i class=\"fa fa-search-plus\" aria-hidden=\"true\"><\/i><br \/>\n\t\t\t\t\t\t<\/span><br \/>\n\t\t\t\t\t<\/figure>\n<figure>\n\t\t\t\t\t<span style=\"cursor: pointer\" data-src=\"https:\/\/autorai.nl\/wp-content\/uploads\/2023\/08\/bentley-bentayga-ewb-mulliner-2023-foto1-1600x1067.jpg\" data-fancybox=\"galery-0\" title=\"\"><br \/>\n\t\t\t\t\t\t\t<img decoding=\"async\" width=\"360\" height=\"270\" src=\"https:\/\/autorai.nl\/wp-content\/uploads\/2023\/08\/bentley-bentayga-ewb-mulliner-2023-foto1-360x270.jpg\" class=\"attachment-small size-small\" alt=\"\" loading=\"lazy\"><i class=\"fa fa-search-plus\" aria-hidden=\"true\"><\/i><br \/>\n\t\t\t\t\t\t<\/span><br \/>\n\t\t\t\t\t<\/figure>\n<div class=\"clear\"><\/div>\n<\/div>\n","protected":false},"excerpt":{"rendered":"Bentley Bentayga Extended Wheelbase Mulliner La introducci\u00f3n del Bentley Bentayga Extended Wheelbase Mulliner define un nuevo punto \u00e1lgido para la&hellip;","protected":false},"author":0,"featured_media":138288,"comment_status":"","ping_status":"open","sticky":false,"template":"","format":"standard","meta":{"footnotes":""},"categories":[126],"tags":[],"class_list":["post-138310","post","type-post","status-publish","format-standard","has-post-thumbnail","hentry","category-noticias-de-autos"],"acf":[],"yoast_head":"<!-- This site is optimized with the Yoast SEO plugin v21.2 - https:\/\/yoast.com\/wordpress\/plugins\/seo\/ -->\n<title>Bentley Bentayga EWB Mulliner: \u00bfla cumbre del lujo? - All cars news<\/title>\n<meta name=\"robots\" content=\"index, follow, max-snippet:-1, max-image-preview:large, max-video-preview:-1\" \/>\n<link rel=\"canonical\" href=\"https:\/\/all-car-news.com\/es\/bentley-bentayga-ewb-mulliner-la-cumbre-del-lujo\/\" \/>\n<meta property=\"og:locale\" content=\"es_ES\" \/>\n<meta property=\"og:type\" content=\"article\" \/>\n<meta property=\"og:title\" content=\"Bentley Bentayga EWB Mulliner: \u00bfla cumbre del lujo? - All cars news\" \/>\n<meta property=\"og:description\" content=\"Bentley Bentayga Extended Wheelbase Mulliner La introducci\u00f3n del Bentley Bentayga Extended Wheelbase Mulliner define un nuevo punto \u00e1lgido para la familia Bentayga e incluso para la gama de modelos Bentley, afirma Bentley. El SUV combina la artesan\u00eda con las prestaciones de un supercoche, la capacidad de ir a cualquier parte y el espacio de una limusina. Espacio interior Un vistazo a la parte trasera de este Bentayga EWB Mulliner dice bastante sobre el espacio interior. \u00c9l [\u2026]\" \/>\n<meta property=\"og:url\" content=\"https:\/\/all-car-news.com\/es\/bentley-bentayga-ewb-mulliner-la-cumbre-del-lujo\/\" \/>\n<meta property=\"og:site_name\" content=\"All cars news\" \/>\n<meta property=\"article:published_time\" content=\"2023-08-21T15:35:45+00:00\" \/>\n<meta property=\"og:image\" content=\"https:\/\/autorai.nl\/wp-content\/uploads\/2023\/08\/bentley-bentayga-ewb-mulliner-2023-foto11-1140x760.jpg\" \/>\n<meta name=\"twitter:card\" content=\"summary_large_image\" \/>\n<meta name=\"twitter:label1\" content=\"Tiempo de lectura\" \/>\n\t<meta name=\"twitter:data1\" content=\"1 minuto\" \/>\n<script type=\"application\/ld+json\" class=\"yoast-schema-graph\">{\"@context\":\"https:\/\/schema.org\",\"@graph\":[{\"@type\":\"Article\",\"@id\":\"https:\/\/all-car-news.com\/es\/bentley-bentayga-ewb-mulliner-la-cumbre-del-lujo\/#article\",\"isPartOf\":{\"@id\":\"https:\/\/all-car-news.com\/es\/bentley-bentayga-ewb-mulliner-la-cumbre-del-lujo\/\"},\"author\":{\"name\":\"\",\"@id\":\"\"},\"headline\":\"Bentley Bentayga EWB Mulliner: \u00bfla cumbre del lujo?\",\"datePublished\":\"2023-08-21T15:35:45+00:00\",\"dateModified\":\"2023-08-21T15:35:45+00:00\",\"mainEntityOfPage\":{\"@id\":\"https:\/\/all-car-news.com\/es\/bentley-bentayga-ewb-mulliner-la-cumbre-del-lujo\/\"},\"wordCount\":282,\"publisher\":{\"@id\":\"https:\/\/all-car-news.com\/es\/#organization\"},\"articleSection\":[\"noticias de autos\"],\"inLanguage\":\"es\"},{\"@type\":\"WebPage\",\"@id\":\"https:\/\/all-car-news.com\/es\/bentley-bentayga-ewb-mulliner-la-cumbre-del-lujo\/\",\"url\":\"https:\/\/all-car-news.com\/es\/bentley-bentayga-ewb-mulliner-la-cumbre-del-lujo\/\",\"name\":\"Bentley Bentayga EWB Mulliner: \u00bfla cumbre del lujo? - All cars news\",\"isPartOf\":{\"@id\":\"https:\/\/all-car-news.com\/es\/#website\"},\"datePublished\":\"2023-08-21T15:35:45+00:00\",\"dateModified\":\"2023-08-21T15:35:45+00:00\",\"breadcrumb\":{\"@id\":\"https:\/\/all-car-news.com\/es\/bentley-bentayga-ewb-mulliner-la-cumbre-del-lujo\/#breadcrumb\"},\"inLanguage\":\"es\",\"potentialAction\":[{\"@type\":\"ReadAction\",\"target\":[\"https:\/\/all-car-news.com\/es\/bentley-bentayga-ewb-mulliner-la-cumbre-del-lujo\/\"]}]},{\"@type\":\"BreadcrumbList\",\"@id\":\"https:\/\/all-car-news.com\/es\/bentley-bentayga-ewb-mulliner-la-cumbre-del-lujo\/#breadcrumb\",\"itemListElement\":[{\"@type\":\"ListItem\",\"position\":1,\"name\":\"Home\",\"item\":\"https:\/\/all-car-news.com\/es\/\"},{\"@type\":\"ListItem\",\"position\":2,\"name\":\"Bentley Bentayga EWB Mulliner: \u00bfla cumbre del lujo?\"}]},{\"@type\":\"WebSite\",\"@id\":\"https:\/\/all-car-news.com\/es\/#website\",\"url\":\"https:\/\/all-car-news.com\/es\/\",\"name\":\"All cars news\",\"description\":\"\",\"publisher\":{\"@id\":\"https:\/\/all-car-news.com\/es\/#organization\"},\"potentialAction\":[{\"@type\":\"SearchAction\",\"target\":{\"@type\":\"EntryPoint\",\"urlTemplate\":\"https:\/\/all-car-news.com\/es\/?s={search_term_string}\"},\"query-input\":\"required name=search_term_string\"}],\"inLanguage\":\"es\"},{\"@type\":\"Organization\",\"@id\":\"https:\/\/all-car-news.com\/es\/#organization\",\"name\":\"All cars news\",\"url\":\"https:\/\/all-car-news.com\/es\/\",\"logo\":{\"@type\":\"ImageObject\",\"inLanguage\":\"es\",\"@id\":\"https:\/\/all-car-news.com\/es\/#\/schema\/logo\/image\/\",\"url\":\"https:\/\/all-car-news.com\/wp-content\/uploads\/2022\/02\/CMYK-AllCarNews_LANDSCAPE_300px-1.png\",\"contentUrl\":\"https:\/\/all-car-news.com\/wp-content\/uploads\/2022\/02\/CMYK-AllCarNews_LANDSCAPE_300px-1.png\",\"width\":300,\"height\":100,\"caption\":\"All cars news\"},\"image\":{\"@id\":\"https:\/\/all-car-news.com\/es\/#\/schema\/logo\/image\/\"}}]}<\/script>\n<!-- \/ Yoast SEO plugin. -->","yoast_head_json":{"title":"Bentley Bentayga EWB Mulliner: \u00bfla cumbre del lujo? - All cars news","robots":{"index":"index","follow":"follow","max-snippet":"max-snippet:-1","max-image-preview":"max-image-preview:large","max-video-preview":"max-video-preview:-1"},"canonical":"https:\/\/all-car-news.com\/es\/bentley-bentayga-ewb-mulliner-la-cumbre-del-lujo\/","og_locale":"es_ES","og_type":"article","og_title":"Bentley Bentayga EWB Mulliner: \u00bfla cumbre del lujo? - All cars news","og_description":"Bentley Bentayga Extended Wheelbase Mulliner La introducci\u00f3n del Bentley Bentayga Extended Wheelbase Mulliner define un nuevo punto \u00e1lgido para la familia Bentayga e incluso para la gama de modelos Bentley, afirma Bentley. El SUV combina la artesan\u00eda con las prestaciones de un supercoche, la capacidad de ir a cualquier parte y el espacio de una limusina. Espacio interior Un vistazo a la parte trasera de este Bentayga EWB Mulliner dice bastante sobre el espacio interior. \u00c9l [\u2026]","og_url":"https:\/\/all-car-news.com\/es\/bentley-bentayga-ewb-mulliner-la-cumbre-del-lujo\/","og_site_name":"All cars news","article_published_time":"2023-08-21T15:35:45+00:00","og_image":[{"url":"https:\/\/autorai.nl\/wp-content\/uploads\/2023\/08\/bentley-bentayga-ewb-mulliner-2023-foto11-1140x760.jpg"}],"twitter_card":"summary_large_image","twitter_misc":{"Tiempo de lectura":"1 minuto"},"schema":{"@context":"https:\/\/schema.org","@graph":[{"@type":"Article","@id":"https:\/\/all-car-news.com\/es\/bentley-bentayga-ewb-mulliner-la-cumbre-del-lujo\/#article","isPartOf":{"@id":"https:\/\/all-car-news.com\/es\/bentley-bentayga-ewb-mulliner-la-cumbre-del-lujo\/"},"author":{"name":"","@id":""},"headline":"Bentley Bentayga EWB Mulliner: \u00bfla cumbre del lujo?","datePublished":"2023-08-21T15:35:45+00:00","dateModified":"2023-08-21T15:35:45+00:00","mainEntityOfPage":{"@id":"https:\/\/all-car-news.com\/es\/bentley-bentayga-ewb-mulliner-la-cumbre-del-lujo\/"},"wordCount":282,"publisher":{"@id":"https:\/\/all-car-news.com\/es\/#organization"},"articleSection":["noticias de autos"],"inLanguage":"es"},{"@type":"WebPage","@id":"https:\/\/all-car-news.com\/es\/bentley-bentayga-ewb-mulliner-la-cumbre-del-lujo\/","url":"https:\/\/all-car-news.com\/es\/bentley-bentayga-ewb-mulliner-la-cumbre-del-lujo\/","name":"Bentley Bentayga EWB Mulliner: \u00bfla cumbre del lujo? - All cars news","isPartOf":{"@id":"https:\/\/all-car-news.com\/es\/#website"},"datePublished":"2023-08-21T15:35:45+00:00","dateModified":"2023-08-21T15:35:45+00:00","breadcrumb":{"@id":"https:\/\/all-car-news.com\/es\/bentley-bentayga-ewb-mulliner-la-cumbre-del-lujo\/#breadcrumb"},"inLanguage":"es","potentialAction":[{"@type":"ReadAction","target":["https:\/\/all-car-news.com\/es\/bentley-bentayga-ewb-mulliner-la-cumbre-del-lujo\/"]}]},{"@type":"BreadcrumbList","@id":"https:\/\/all-car-news.com\/es\/bentley-bentayga-ewb-mulliner-la-cumbre-del-lujo\/#breadcrumb","itemListElement":[{"@type":"ListItem","position":1,"name":"Home","item":"https:\/\/all-car-news.com\/es\/"},{"@type":"ListItem","position":2,"name":"Bentley Bentayga EWB Mulliner: \u00bfla cumbre del lujo?"}]},{"@type":"WebSite","@id":"https:\/\/all-car-news.com\/es\/#website","url":"https:\/\/all-car-news.com\/es\/","name":"All cars news","description":"","publisher":{"@id":"https:\/\/all-car-news.com\/es\/#organization"},"potentialAction":[{"@type":"SearchAction","target":{"@type":"EntryPoint","urlTemplate":"https:\/\/all-car-news.com\/es\/?s={search_term_string}"},"query-input":"required name=search_term_string"}],"inLanguage":"es"},{"@type":"Organization","@id":"https:\/\/all-car-news.com\/es\/#organization","name":"All cars news","url":"https:\/\/all-car-news.com\/es\/","logo":{"@type":"ImageObject","inLanguage":"es","@id":"https:\/\/all-car-news.com\/es\/#\/schema\/logo\/image\/","url":"https:\/\/all-car-news.com\/wp-content\/uploads\/2022\/02\/CMYK-AllCarNews_LANDSCAPE_300px-1.png","contentUrl":"https:\/\/all-car-news.com\/wp-content\/uploads\/2022\/02\/CMYK-AllCarNews_LANDSCAPE_300px-1.png","width":300,"height":100,"caption":"All cars news"},"image":{"@id":"https:\/\/all-car-news.com\/es\/#\/schema\/logo\/image\/"}}]}},"_links":{"self":[{"href":"https:\/\/all-car-news.com\/es\/wp-json\/wp\/v2\/posts\/138310","targetHints":{"allow":["GET"]}}],"collection":[{"href":"https:\/\/all-car-news.com\/es\/wp-json\/wp\/v2\/posts"}],"about":[{"href":"https:\/\/all-car-news.com\/es\/wp-json\/wp\/v2\/types\/post"}],"replies":[{"embeddable":true,"href":"https:\/\/all-car-news.com\/es\/wp-json\/wp\/v2\/comments?post=138310"}],"version-history":[{"count":0,"href":"https:\/\/all-car-news.com\/es\/wp-json\/wp\/v2\/posts\/138310\/revisions"}],"wp:featuredmedia":[{"embeddable":true,"href":"https:\/\/all-car-news.com\/es\/wp-json\/wp\/v2\/media\/138288"}],"wp:attachment":[{"href":"https:\/\/all-car-news.com\/es\/wp-json\/wp\/v2\/media?parent=138310"}],"wp:term":[{"taxonomy":"category","embeddable":true,"href":"https:\/\/all-car-news.com\/es\/wp-json\/wp\/v2\/categories?post=138310"},{"taxonomy":"post_tag","embeddable":true,"href":"https:\/\/all-car-news.com\/es\/wp-json\/wp\/v2\/tags?post=138310"}],"curies":[{"name":"wp","href":"https:\/\/api.w.org\/{rel}","templated":true}]}}