{"id":138270,"date":"2023-08-21T08:16:23","date_gmt":"2023-08-21T08:16:23","guid":{"rendered":"https:\/\/all-car-news.com\/asi-es-el-nuevo-mercedes-amg-gt-coupe\/"},"modified":"2023-08-21T08:16:23","modified_gmt":"2023-08-21T08:16:23","slug":"asi-es-el-nuevo-mercedes-amg-gt-coupe","status":"publish","type":"post","link":"https:\/\/all-car-news.com\/es\/asi-es-el-nuevo-mercedes-amg-gt-coupe\/","title":{"rendered":"As\u00ed es el nuevo Mercedes-AMG GT Coup\u00e9"},"content":{"rendered":"<h2>Dos variantes de motor<\/h2>\n<p>El nuevo Mercedes-AMG GT Coup\u00e9 es el quinto modelo de desarrollo propio tras el SLS, la primera generaci\u00f3n del GT de dos puertas, el GT Coup\u00e9 de 4 puertas y el SL. En su lanzamiento, el nuevo AMG GT est\u00e1 disponible con dos niveles de potencia del motor AMG V8 biturbo de 4.0 litros. En el modelo tope de gama GT 63 4Matic+, el motor entrega 430 kW (585 CV) y un par m\u00e1ximo de 800 Nm en una amplia gama de revoluciones de 2.500 a 4.500 rpm. La aceleraci\u00f3n de 0 a 100 km\/h tarda s\u00f3lo 3,2 segundos y la velocidad m\u00e1xima es de 315 km\/h.<\/p>\n<p>El modelo base es el GT 55 4Matic+. En esta versi\u00f3n, el motor V8 entrega 350 kW (476 CV) y un par m\u00e1ximo de 700 Nm. El sprint de cero a 100 km\/h dura 3,9 segundos y la velocidad m\u00e1xima es de 295 km\/h. El cambio en ambos casos se realiza con una transmisi\u00f3n AMG Speedshift MCT 9G con embrague de arranque h\u00famedo en lugar de convertidor de par. Este embrague reduce el peso y, gracias a su menor inercia, optimiza la respuesta a los movimientos del acelerador, especialmente durante la aceleraci\u00f3n y los cambios de carga.<\/p>\n<figure class=\"wp-block-image size-content\"><img decoding=\"async\" loading=\"lazy\" width=\"1140\" height=\"761\" src=\"https:\/\/autorai.nl\/wp-content\/uploads\/2023\/08\/mercedes-amg-gt-coupe-tweede-generatie-2024-foto31-1140x761.jpg\" alt=\"Mercedes-AMG GT Coup\u00e9 - Segunda generaci\u00f3n\" class=\"wp-image-164939\"><\/figure>\n<h2>Modificaciones t\u00e9cnicas Mercedes-AMG GT<\/h2>\n<p>Especialmente para el Mercedes-AMG GT, el motor se equip\u00f3 con un nuevo c\u00e1rter, un intercooler reubicado y ventilaci\u00f3n activa del c\u00e1rter. Los orificios de admisi\u00f3n y escape se han optimizado para un intercambio de gases m\u00e1s eficaz y se ha aumentado el recorrido de los gases de escape para el alojamiento del catalizador y el filtro de part\u00edculas de gasolina. Los ingenieros lograron el aumento de potencia del AMG GT 63 4Matic+ principalmente mediante una mayor presi\u00f3n del turbo, un mayor flujo de aire y un software de motor modificado. Con todas estas medidas, el ocho cilindros impresiona por su extraordinaria entrega de potencia con un potente empuje a todas las revoluciones, combinada con la mayor eficiencia posible para unos valores bajos de consumo y emisiones.<\/p>\n<h2>AMG Performance 4Matic<\/h2>\n<p>Los dos modelos V8 est\u00e1n equipados de serie con la tracci\u00f3n total totalmente variable AMG Performance 4MATIC+. El sistema combina las ventajas de distintos conceptos de propulsi\u00f3n. El sistema tiene una distribuci\u00f3n del par totalmente variable en los ejes delantero y trasero. El coche tiene tracci\u00f3n a las cuatro ruedas con una distribuci\u00f3n de potencia 50:50 entre los ejes delantero y trasero, pero tambi\u00e9n es posible la tracci\u00f3n trasera solamente. El nuevo AMG GT incorpora de serie un diferencial de deslizamiento limitado controlado electr\u00f3nicamente en el eje trasero, que garantiza una tracci\u00f3n excelente y la m\u00e1xima seguridad de conducci\u00f3n en todas las condiciones de marcha. Para reducir el peso no suspendido, todos los trapecios, mu\u00f1ones y elementos de suspensi\u00f3n de los ejes delantero y trasero del nuevo AMG GT son de aluminio forjado.<\/p>\n<figure class=\"wp-block-image size-content\"><img decoding=\"async\" loading=\"lazy\" width=\"1140\" height=\"761\" src=\"https:\/\/autorai.nl\/wp-content\/uploads\/2023\/08\/mercedes-amg-gt-coupe-tweede-generatie-2024-foto45-1140x761.jpg\" alt=\"Mercedes-AMG GT Coup\u00e9 - Segunda generaci\u00f3n\" class=\"wp-image-164953\"><\/figure>\n<h2>Direcci\u00f3n activa del eje trasero<\/h2>\n<p>El nuevo Mercedes-AMG GT tambi\u00e9n est\u00e1 equipado de serie con direcci\u00f3n activa del eje trasero (HAL). En funci\u00f3n de la velocidad, las ruedas traseras giran en sentido contrario (a velocidades de hasta 100 km\/h) o en el mismo sentido (a velocidades superiores a 100 km\/h) que las delanteras. El sistema de frenos compuestos AMG de alto rendimiento garantiza excelentes valores de deceleraci\u00f3n, promete el fabricante.<\/p>\n<h2>Modos de conducci\u00f3n<\/h2>\n<p>Se puede elegir entre seis programas de conducci\u00f3n AMG Dynamic Select: Slippery, Comfort, Sport, Sport+, Individual y RACE. El AMG Track Pace es de serie. El software forma parte del sistema de infoentretenimiento MBUX y registra m\u00e1s de ochenta datos espec\u00edficos del veh\u00edculo (por ejemplo, velocidad, aceleraci\u00f3n, \u00e1ngulo de giro, accionamiento del pedal del freno) diez veces por segundo mientras se conduce por una ruta definida. En la pantalla \u00abTelemetr\u00eda\u00bb se pueden visualizar en directo 40 par\u00e1metros, hasta cuatro a la vez.<\/p>\n<p>Adem\u00e1s, los tiempos por vuelta y por sector se muestran en la pantalla multimedia, en el head-up display y en el cuadro de instrumentos, as\u00ed como herramientas adicionales de entrenamiento y an\u00e1lisis. La navegaci\u00f3n en el Head-up Display muestra los \u00e1ngulos de las curvas y los puntos de frenado, lo que permite al conductor encontrar la mejor trazada. La funci\u00f3n de realidad aumentada de MBUX tambi\u00e9n permite mostrar la l\u00ednea de una grabaci\u00f3n guardada en la pantalla multimedia. De este modo, los conductores pueden mejorar su estilo de conducci\u00f3n, como con un instructor virtual. Los valores de aceleraci\u00f3n y deceleraci\u00f3n tambi\u00e9n pueden medirse y almacenarse.<\/p>\n<figure class=\"wp-block-image size-content\"><img decoding=\"async\" loading=\"lazy\" width=\"1140\" height=\"761\" src=\"https:\/\/autorai.nl\/wp-content\/uploads\/2023\/08\/mercedes-amg-gt-coupe-tweede-generatie-2024-foto12-1140x761.jpg\" alt=\"Mercedes-AMG GT Coup\u00e9 - Segunda generaci\u00f3n\" class=\"wp-image-164920\"><\/figure>\n<h2>Compacto y potente<\/h2>\n<p>Con su larga distancia entre ejes, voladizos cortos y parabrisas muy inclinado, el nuevo Mercedes-AMG GT parece compacto y potente. La zona de los hombros trasera, de dise\u00f1o expresivo, confiere al modelo un atractivo a\u00fan mayor de coche deportivo. El aler\u00f3n trasero activo est\u00e1 perfectamente integrado en el gran port\u00f3n trasero. La profunda y ancha parrilla espec\u00edfica AMG aporta una fuerte presencia. La toma de aire inferior hace que el frontal parezca a\u00fan m\u00e1s ancho. El frontal deportivo se completa con las potentes c\u00fapulas de potencia del cap\u00f3.<\/p>\n<p>El interior del nuevo AMG GT cuenta con 2+2 plazas (asientos traseros aptos para personas de hasta 1,5 metros de altura), un respaldo del asiento trasero abatible por partes, una pantalla t\u00e1ctil multimedia de 11,9 pulgadas y un sistema de infoentretenimiento MBUX (Mercedes-Benz User Experience). El acabado se ha llevado una vez m\u00e1s al siguiente nivel. Tambi\u00e9n se ha tenido en cuenta la iluminaci\u00f3n ambiental. Tambi\u00e9n son dignos de menci\u00f3n los asientos deportivos AMG con ajuste el\u00e9ctrico y reposacabezas integrados. A\u00fan m\u00e1s deportivos son los asientos AMG Performance opcionales, tambi\u00e9n con reposacabezas integrados y salidas de aire en los respaldos. Las carrilleras laterales de los asientos multicontorno opcionales se ajustan autom\u00e1ticamente m\u00e1s estrechas en los modos de conducci\u00f3n Sport, Sport+ y RACE para ofrecer siempre una sujeci\u00f3n lateral \u00f3ptima.<\/p>\n<p><strong><em>Datos t\u00e9cnicos<\/em><\/strong><\/p>\n<\/p>\n<h2>Mercedes-AMG GT 63 4MATIC+ Coup\u00e9<\/h2>\n<\/p>\n<figure class=\"wp-block-table\">\n<table>\n<tbody>\n<tr>\n<td>motor<\/td>\n<\/tr>\n<tr>\n<td>N\u00famero de cilindros<\/td>\n<td>\n  &nbsp;\n<\/td>\n<td>8\/V<\/td>\n<\/tr>\n<tr>\n<td>Cilindrada<\/td>\n<td><sup>cm3<\/sup><\/td>\n<td>3.982<\/td>\n<\/tr>\n<tr>\n<td>Potencia m\u00e1x.<\/td>\n<td>kW\/CV<\/td>\n<td>430\/585<\/td>\n<\/tr>\n<tr>\n<td>en<\/td>\n<td>rpm<\/td>\n<td>5.500-6.500<\/td>\n<\/tr>\n<tr>\n<td>Par m\u00e1x.<\/td>\n<td>Nm<\/td>\n<td>800<\/td>\n<\/tr>\n<tr>\n<td>en<\/td>\n<td>rpm<\/td>\n<td>2.500-5.000<\/td>\n<\/tr>\n<tr>\n<td>Relaci\u00f3n de compresi\u00f3n<\/td>\n<td>\n  &nbsp;\n<\/td>\n<td>8,6<\/td>\n<\/tr>\n<tr>\n<td>Formaci\u00f3n de la mezcla<\/td>\n<td>\n  &nbsp;\n<\/td>\n<td>Inyecci\u00f3n de gasolina controlada por microprocesador, biturbo<\/td>\n<\/tr>\n<tr>\n<td>Transferencia de activos<\/td>\n<\/tr>\n<tr>\n<td>Disposici\u00f3n del tren motriz<\/td>\n<td>\n  &nbsp;\n<\/td>\n<td>Tracci\u00f3n total AMG Performance 4MATIC+ totalmente variable<\/td>\n<\/tr>\n<tr>\n<td>Transmisi\u00f3n<\/td>\n<td>\n  &nbsp;\n<\/td>\n<td>AMG SPEEDSHIFT MCT 9G (cambio autom\u00e1tico con embrague multidisco h\u00famedo)<\/td>\n<\/tr>\n<tr>\n<td>Relaciones de transmisi\u00f3n<\/td>\n<\/tr>\n<tr>\n<td>1\u00aa\/2\u00aa\/3\u00aa\/4\u00aa\/5\u00aa\/6\u00aa\/7\u00aa\/8\u00aa\/9\u00aa marchas<\/td>\n<td>\n  &nbsp;\n<\/td>\n<td>5,35\/3,24\/2,25\/1,64\/1,21\/1,00\/0,87\/0,72\/0,60<\/td>\n<\/tr>\n<tr>\n<td>Marcha atr\u00e1s<\/td>\n<td>\n  &nbsp;\n<\/td>\n<td>4,80<\/td>\n<\/tr>\n<tr>\n<td>Tren de aterrizaje<\/td>\n<\/tr>\n<tr>\n<td>Eje delantero<\/td>\n<td>Tren de rodaje AMG ACTIVE RIDE CONTROL con estabilizaci\u00f3n activa del balanceo, travesa\u00f1os dobles de aluminio, control antideslizamiento, muelles helicoidales y amortiguaci\u00f3n regulable adaptativa<\/td>\n<\/tr>\n<tr>\n<td>Eje trasero<\/td>\n<td>Tren de rodaje AMG ACTIVE RIDE CONTROL con estabilizaci\u00f3n activa del balanceo, travesa\u00f1os dobles de aluminio, control antideslizamiento, muelles helicoidales y amortiguaci\u00f3n regulable adaptativa<\/td>\n<\/tr>\n<tr>\n<td>Sistema de frenos<\/td>\n<td>Sistema de frenado hidr\u00e1ulico de doble circuito; delantero: Discos de freno de material compuesto de 390 mm, ventilados y perforados internamente, pinza fija de aluminio de 6 pistones; trasero: Discos de freno de material compuesto de 360 mm, ventilados y perforados internamente, pinza flotante de aluminio de 1 pist\u00f3n; freno de estacionamiento el\u00e9ctrico, ABS, asistente de frenado, <sup>ESP\u00ae<\/sup> de tres etapas.<\/td>\n<\/tr>\n<tr>\n<td>Controla<\/td>\n<td>Direcci\u00f3n asistida electromec\u00e1nica param\u00e9trica con cremallera, relaci\u00f3n de direcci\u00f3n variable (14,4:1) y direcci\u00f3n asistida variable. direcci\u00f3n del eje trasero con \u00e1ngulos de rueda de hasta 2,5\u00b0.<\/td>\n<\/tr>\n<tr>\n<td>Llantas<\/td>\n<td>delantera 10.5Jx 20 ET42; trasera: 11Jx 20 ET33<\/td>\n<\/tr>\n<tr>\n<td>Neum\u00e1ticos<\/td>\n<td>delantero: 295\/35 ZR 20; trasero: 305\/35 ZR 20<\/td>\n<\/tr>\n<tr>\n<td>Dimensiones y pesos<\/td>\n<\/tr>\n<tr>\n<td>Distancia entre ejes<\/td>\n<td>mm<\/td>\n<td>2.700<\/td>\n<\/tr>\n<tr>\n<td>Ancho de v\u00eda delantero\/trasero<\/td>\n<td>mm<\/td>\n<td>1.683\/1.686<\/td>\n<\/tr>\n<tr>\n<td>Longitud\/altura\/anchura<\/td>\n<td>mm<\/td>\n<td>4.728\/1.354\/1.984<\/td>\n<\/tr>\n<tr>\n<td>Di\u00e1metro de giro<\/td>\n<td>m<\/td>\n<td>12,5<\/td>\n<\/tr>\n<tr>\n<td>Volumen del maletero<\/td>\n<td>l<\/td>\n<td>321-675<\/td>\n<\/tr>\n<tr>\n<td>Peso en vac\u00edo seg\u00fan la CE<\/td>\n<td>kg<\/td>\n<td>1.970<\/td>\n<\/tr>\n<tr>\n<td>Carga \u00fatil<\/td>\n<td>kg<\/td>\n<td>190-350<\/td>\n<\/tr>\n<tr>\n<td>Capacidad del dep\u00f3sito\/de qu\u00e9 reserva<\/td>\n<td>l<\/td>\n<td>70\/10<\/td>\n<\/tr>\n<tr>\n<td>Prestaciones, consumo, emisiones<\/td>\n<\/tr>\n<tr>\n<td>Aceleraci\u00f3n 0-100 km\/h<\/td>\n<td>seg.<\/td>\n<td>3,2<\/td>\n<\/tr>\n<tr>\n<td>Velocidad m\u00e1xima<\/td>\n<td>km\/h<\/td>\n<td>315<\/td>\n<\/tr>\n<tr>\n<td>Consumo de combustible combinado. <sup>WLTP1<\/sup><\/td>\n<td>l\/100 km<\/td>\n<td>14,1<\/td>\n<\/tr>\n<tr>\n<td><sub>Emisiones de CO2<\/sub> comp., <sup>WLTP1<\/sup><\/td>\n<td>g\/km<\/td>\n<td>319<\/td>\n<\/tr>\n<tr>\n<td><\/td>\n<td><\/td>\n<td><\/td>\n<td><\/td>\n<\/tr>\n<\/tbody>\n<\/table>\n<\/figure>\n<h2>Mercedes-AMG GT 55 4MATIC+ Coup\u00e9<\/h2>\n<\/p>\n<figure class=\"wp-block-table\">\n<table>\n<tbody>\n<tr>\n<td>motor<\/td>\n<\/tr>\n<tr>\n<td>N\u00famero de cilindros<\/td>\n<td>\n  &nbsp;\n<\/td>\n<td>8\/V<\/td>\n<\/tr>\n<tr>\n<td>Cilindrada<\/td>\n<td><sup>cm3<\/sup><\/td>\n<td>3.982<\/td>\n<\/tr>\n<tr>\n<td>Potencia m\u00e1x.<\/td>\n<td>kW\/CV<\/td>\n<td>350\/476<\/td>\n<\/tr>\n<tr>\n<td>en<\/td>\n<td>rpm<\/td>\n<td>5.500-6.500<\/td>\n<\/tr>\n<tr>\n<td>Par m\u00e1x.<\/td>\n<td>Nm<\/td>\n<td>700<\/td>\n<\/tr>\n<tr>\n<td>en<\/td>\n<td>rpm<\/td>\n<td>2.250-4.500<\/td>\n<\/tr>\n<tr>\n<td>Relaci\u00f3n de compresi\u00f3n<\/td>\n<td>\n  &nbsp;\n<\/td>\n<td>8,6<\/td>\n<\/tr>\n<tr>\n<td>Formaci\u00f3n de la mezcla<\/td>\n<td>\n  &nbsp;\n<\/td>\n<td>Inyecci\u00f3n de gasolina controlada por microprocesador, biturbo<\/td>\n<\/tr>\n<tr>\n<td>Transmisi\u00f3n de potencia<\/td>\n<\/tr>\n<tr>\n<td>Disposici\u00f3n del sistema de tracci\u00f3n<\/td>\n<td>\n  &nbsp;\n<\/td>\n<td>Tracci\u00f3n total AMG Performance 4MATIC+ totalmente variable<\/td>\n<\/tr>\n<tr>\n<td>Transmisi\u00f3n<\/td>\n<td>\n  &nbsp;\n<\/td>\n<td>AMG SPEEDSHIFT MCT 9G (cambio autom\u00e1tico con embrague multidisco h\u00famedo)<\/td>\n<\/tr>\n<tr>\n<td>Relaciones de transmisi\u00f3n<\/td>\n<\/tr>\n<tr>\n<td>1\u00aa\/2\u00aa\/3\u00aa\/4\u00aa\/5\u00aa\/6\u00aa\/7\u00aa\/8\u00aa\/9\u00aa marchas<\/td>\n<td>\n  &nbsp;\n<\/td>\n<td>5,35\/3,24\/2,25\/1,64\/1,21\/1,00\/0,87\/0,72\/0,60<\/td>\n<\/tr>\n<tr>\n<td>Marcha atr\u00e1s<\/td>\n<td>\n  &nbsp;\n<\/td>\n<td>4,80<\/td>\n<\/tr>\n<tr>\n<td>Tren de aterrizaje<\/td>\n<\/tr>\n<tr>\n<td>Eje delantero<\/td>\n<td>Suspensi\u00f3n AMG ACTIVE RIDE CONTROL con estabilizaci\u00f3n activa del balanceo, travesa\u00f1os dobles de aluminio, control antideslizamiento, muelles helicoidales y amortiguaci\u00f3n regulable adaptativa<\/td>\n<\/tr>\n<tr>\n<td>Eje trasero<\/td>\n<td>Tren de rodaje AMG ACTIVE RIDE CONTROL con estabilizaci\u00f3n activa del balanceo, travesa\u00f1os dobles de aluminio, control antideslizamiento, muelles helicoidales y amortiguaci\u00f3n regulable adaptativa<\/td>\n<\/tr>\n<tr>\n<td>Sistema de frenos<\/td>\n<td>Sistema de frenado hidr\u00e1ulico de doble circuito; delantero: Discos de freno de material compuesto de 390 mm, ventilados y perforados internamente, pinza fija de aluminio de 6 pistones; trasero: Discos de freno de material compuesto de 360 mm, ventilados y perforados internamente, pinza flotante de aluminio de 1 pist\u00f3n; freno de estacionamiento el\u00e9ctrico, ABS, asistente de frenado, <sup>ESP\u00ae<\/sup> de tres etapas.<\/td>\n<\/tr>\n<tr>\n<td>Controla<\/td>\n<td>Direcci\u00f3n asistida electromec\u00e1nica param\u00e9trica con cremallera, relaci\u00f3n de direcci\u00f3n variable (14,4:1) y direcci\u00f3n asistida variable. direcci\u00f3n del eje trasero con \u00e1ngulos de rueda de hasta 2,5\u00b0.<\/td>\n<\/tr>\n<tr>\n<td>Llantas<\/td>\n<td>delantera 10.5Jx 20 ET42; trasera: 11Jx 20 ET33<\/td>\n<\/tr>\n<tr>\n<td>Neum\u00e1ticos<\/td>\n<td>delantero: 295\/35 ZR 20; trasero: 305\/35 ZR 20<\/td>\n<\/tr>\n<tr>\n<td>Dimensiones y pesos<\/td>\n<\/tr>\n<tr>\n<td>Distancia entre ejes<\/td>\n<td>mm<\/td>\n<td>2.700<\/td>\n<\/tr>\n<tr>\n<td>Ancho de v\u00eda delantero\/trasero<\/td>\n<td>mm<\/td>\n<td>1.683\/1.686<\/td>\n<\/tr>\n<tr>\n<td>Longitud\/altura\/anchura<\/td>\n<td>mm<\/td>\n<td>4.728\/1.354\/1.984<\/td>\n<\/tr>\n<tr>\n<td>Di\u00e1metro de giro<\/td>\n<td>m<\/td>\n<td>12,5<\/td>\n<\/tr>\n<tr>\n<td>Volumen del maletero<\/td>\n<td>l<\/td>\n<td>321-675<\/td>\n<\/tr>\n<tr>\n<td>Peso en vac\u00edo seg\u00fan la CE<\/td>\n<td>kg<\/td>\n<td>1.970<\/td>\n<\/tr>\n<tr>\n<td>Carga \u00fatil<\/td>\n<td>kg<\/td>\n<td>190-350<\/td>\n<\/tr>\n<tr>\n<td>Capacidad del dep\u00f3sito\/de qu\u00e9 reserva<\/td>\n<td>l<\/td>\n<td>70\/10<\/td>\n<\/tr>\n<tr>\n<td>Prestaciones, consumo, emisiones<\/td>\n<\/tr>\n<tr>\n<td>Aceleraci\u00f3n 0-100 km\/h<\/td>\n<td>seg.<\/td>\n<td>3,9<\/td>\n<\/tr>\n<tr>\n<td>Velocidad m\u00e1xima<\/td>\n<td>km\/h<\/td>\n<td>295<\/td>\n<\/tr>\n<tr>\n<td>Consumo de combustible combinado. <sup>WLTP1<\/sup><\/td>\n<td>l\/100 km<\/td>\n<td>14,1<\/td>\n<\/tr>\n<tr>\n<td><sub>Emisiones de CO2<\/sub> comp., <sup>WLTP1<\/sup><\/td>\n<td>g\/km<\/td>\n<td>319<\/td>\n<\/tr>\n<\/tbody>\n<\/table>\n<\/figure>\n<\/p>\n<div class=\"galery shuffle galery-0\">\n<figure>\n\t\t\t\t\t<span style=\"cursor: pointer\" data-src=\"https:\/\/autorai.nl\/wp-content\/uploads\/2023\/08\/mercedes-amg-gt-coupe-tweede-generatie-2024-foto1-1600x1067.jpg\" data-fancybox=\"galery-0\" title=\"Mercedes-AMG GT 63 4MATIC+ (Consumo combinado de combustible, ponderado: 14,1 l\/100 km; emisiones combinadas de CO2, ponderadas: 319 g\/km) Exterior: AMG Aerodynamik-Paket, Hightechsilber metallic; Interior: Leder Nappa schwarz \/\/ Mercedes-AMG GT 63 4MATIC+ (consumo combinado, ponderado: 14,1 l\/100 km; emisiones combinadas de CO2, ponderadas: 319 g\/km) exterior: paquete aerodin\u00e1mico AMG, high-techsilver metallic; interior: cuero napa negro\"><br \/>\n\t\t\t\t\t\t\t<img decoding=\"async\" width=\"640\" height=\"480\" src=\"https:\/\/autorai.nl\/wp-content\/uploads\/2023\/08\/mercedes-amg-gt-coupe-tweede-generatie-2024-foto1-640x480.jpg\" class=\"attachment-medium size-medium\" alt=\"\" loading=\"lazy\"><i class=\"fa fa-search-plus\" aria-hidden=\"true\"><\/i><br \/>\n\t\t\t\t\t\t<\/span><br \/>\n\t\t\t\t\t<\/figure>\n<figure>\n\t\t\t\t\t<span style=\"cursor: pointer\" data-src=\"https:\/\/autorai.nl\/wp-content\/uploads\/2023\/08\/mercedes-amg-gt-coupe-tweede-generatie-2024-foto56-1600x900.jpg\" data-fancybox=\"galery-0\" title=\"Mercedes-AMG GT 63 4MATIC+, Windkanal \/\/ Mercedes-AMG GT 63 4MATIC+, t\u00fanel de viento\"><br \/>\n\t\t\t\t\t\t\t<img decoding=\"async\" width=\"360\" height=\"270\" src=\"https:\/\/autorai.nl\/wp-content\/uploads\/2023\/08\/mercedes-amg-gt-coupe-tweede-generatie-2024-foto56-360x270.jpg\" class=\"attachment-small size-small\" alt=\"\" loading=\"lazy\"><i class=\"fa fa-search-plus\" aria-hidden=\"true\"><\/i><br \/>\n\t\t\t\t\t\t<\/span><br \/>\n\t\t\t\t\t<\/figure>\n<figure>\n\t\t\t\t\t<span style=\"cursor: pointer\" data-src=\"https:\/\/autorai.nl\/wp-content\/uploads\/2023\/08\/mercedes-amg-gt-coupe-tweede-generatie-2024-foto55-1600x900.jpg\" data-fancybox=\"galery-0\" title=\"Mercedes-AMG GT 63 4MATIC+, Windkanal \/\/ Mercedes-AMG GT 63 4MATIC+, t\u00fanel de viento\"><br \/>\n\t\t\t\t\t\t\t<img decoding=\"async\" width=\"360\" height=\"270\" src=\"https:\/\/autorai.nl\/wp-content\/uploads\/2023\/08\/mercedes-amg-gt-coupe-tweede-generatie-2024-foto55-360x270.jpg\" class=\"attachment-small size-small\" alt=\"\" loading=\"lazy\"><i class=\"fa fa-search-plus\" aria-hidden=\"true\"><\/i><br \/>\n\t\t\t\t\t\t<\/span><br \/>\n\t\t\t\t\t<\/figure>\n<figure>\n\t\t\t\t\t<span style=\"cursor: pointer\" data-src=\"https:\/\/autorai.nl\/wp-content\/uploads\/2023\/08\/mercedes-amg-gt-coupe-tweede-generatie-2024-foto54-1600x900.jpg\" data-fancybox=\"galery-0\" title=\"Mercedes-AMG GT 63 4MATIC+, Windkanal \/\/ Mercedes-AMG GT 63 4MATIC+, t\u00fanel de viento\"><br \/>\n\t\t\t\t\t\t\t<img decoding=\"async\" width=\"640\" height=\"480\" src=\"https:\/\/autorai.nl\/wp-content\/uploads\/2023\/08\/mercedes-amg-gt-coupe-tweede-generatie-2024-foto54-640x480.jpg\" class=\"attachment-medium size-medium\" alt=\"\" loading=\"lazy\"><i class=\"fa fa-search-plus\" aria-hidden=\"true\"><\/i><br \/>\n\t\t\t\t\t\t<\/span><br \/>\n\t\t\t\t\t<\/figure>\n<figure>\n\t\t\t\t\t<span style=\"cursor: pointer\" data-src=\"https:\/\/autorai.nl\/wp-content\/uploads\/2023\/08\/mercedes-amg-gt-coupe-tweede-generatie-2024-foto51-1600x1068.jpg\" data-fancybox=\"galery-0\" title=\"Mercedes-AMG GT 63 4MATIC+ (Consumo combinado de combustible, ponderado: 14,1 l\/100 km; emisiones combinadas de CO2, ponderadas: 319 g\/km) Exterior: AMG Aerodynamik-Paket, Hightechsilber metallic; Interior: Leder Nappa schwarz \/\/ Mercedes-AMG GT 63 4MATIC+ (consumo combinado, ponderado: 14,1 l\/100 km; emisiones combinadas de CO2, ponderadas: 319 g\/km) exterior: paquete aerodin\u00e1mico AMG, high-techsilver metallic; interior: cuero nappa negro\"><br \/>\n\t\t\t\t\t\t\t<img decoding=\"async\" width=\"360\" height=\"270\" src=\"https:\/\/autorai.nl\/wp-content\/uploads\/2023\/08\/mercedes-amg-gt-coupe-tweede-generatie-2024-foto51-360x270.jpg\" class=\"attachment-small size-small\" alt=\"\" loading=\"lazy\"><i class=\"fa fa-search-plus\" aria-hidden=\"true\"><\/i><br \/>\n\t\t\t\t\t\t<\/span><br \/>\n\t\t\t\t\t<\/figure>\n<figure>\n\t\t\t\t\t<span style=\"cursor: pointer\" data-src=\"https:\/\/autorai.nl\/wp-content\/uploads\/2023\/08\/mercedes-amg-gt-coupe-tweede-generatie-2024-foto50-1600x1068.jpg\" data-fancybox=\"galery-0\" title=\"Mercedes-AMG GT 63 4MATIC+ (Consumo combinado de combustible, ponderado: 14,1 l\/100 km; emisiones combinadas de CO2, ponderadas: 319 g\/km) Exterior: AMG Aerodynamik-Paket, Hightechsilber metallic; Interior: Leder Nappa schwarz \/\/ Mercedes-AMG GT 63 4MATIC+ (consumo combinado, ponderado: 14,1 l\/100 km; emisiones combinadas de CO2, ponderadas: 319 g\/km) exterior: paquete aerodin\u00e1mico AMG, high-techsilver metallic; interior: cuero nappa negro\"><br \/>\n\t\t\t\t\t\t\t<img decoding=\"async\" width=\"360\" height=\"270\" src=\"https:\/\/autorai.nl\/wp-content\/uploads\/2023\/08\/mercedes-amg-gt-coupe-tweede-generatie-2024-foto50-360x270.jpg\" class=\"attachment-small size-small\" alt=\"\" loading=\"lazy\"><i class=\"fa fa-search-plus\" aria-hidden=\"true\"><\/i><br \/>\n\t\t\t\t\t\t<\/span><br \/>\n\t\t\t\t\t<\/figure>\n<figure>\n\t\t\t\t\t<span style=\"cursor: pointer\" data-src=\"https:\/\/autorai.nl\/wp-content\/uploads\/2023\/08\/mercedes-amg-gt-coupe-tweede-generatie-2024-foto49-1600x1068.jpg\" data-fancybox=\"galery-0\" title=\"Mercedes-AMG GT 63 4MATIC+ (Consumo combinado de combustible, ponderado: 14,1 l\/100 km; emisiones combinadas de CO2, ponderadas: 319 g\/km) Exterior: AMG Aerodynamik-Paket, Hightechsilber metallic; Interior: Leder Nappa schwarz \/\/ Mercedes-AMG GT 63 4MATIC+ (consumo combinado, ponderado: 14,1 l\/100 km; emisiones combinadas de CO2, ponderadas: 319 g\/km) exterior: paquete aerodin\u00e1mico AMG, high-techsilver metallic; interior: cuero napa negro\"><br \/>\n\t\t\t\t\t\t\t<img decoding=\"async\" width=\"640\" height=\"480\" src=\"https:\/\/autorai.nl\/wp-content\/uploads\/2023\/08\/mercedes-amg-gt-coupe-tweede-generatie-2024-foto49-640x480.jpg\" class=\"attachment-medium size-medium\" alt=\"\" loading=\"lazy\"><i class=\"fa fa-search-plus\" aria-hidden=\"true\"><\/i><br \/>\n\t\t\t\t\t\t<\/span><br \/>\n\t\t\t\t\t<\/figure>\n<figure>\n\t\t\t\t\t<span style=\"cursor: pointer\" data-src=\"https:\/\/autorai.nl\/wp-content\/uploads\/2023\/08\/mercedes-amg-gt-coupe-tweede-generatie-2024-foto48-1600x1068.jpg\" data-fancybox=\"galery-0\" title=\"Mercedes-AMG GT 63 4MATIC+ (Consumo combinado de combustible, ponderado: 14,1 l\/100 km; emisiones combinadas de CO2, ponderadas: 319 g\/km) Exterior: AMG Aerodynamik-Paket, Hightechsilber metallic; Interior: Leder Nappa schwarz \/\/ Mercedes-AMG GT 63 4MATIC+ (consumo combinado, ponderado: 14,1 l\/100 km; emisiones combinadas de CO2, ponderadas: 319 g\/km) exterior: paquete aerodin\u00e1mico AMG, high-techsilver metallic; interior: cuero napa negro\"><br \/>\n\t\t\t\t\t\t\t<img decoding=\"async\" width=\"360\" height=\"270\" src=\"https:\/\/autorai.nl\/wp-content\/uploads\/2023\/08\/mercedes-amg-gt-coupe-tweede-generatie-2024-foto48-360x270.jpg\" class=\"attachment-small size-small\" alt=\"\" loading=\"lazy\"><i class=\"fa fa-search-plus\" aria-hidden=\"true\"><\/i><br \/>\n\t\t\t\t\t\t<\/span><br \/>\n\t\t\t\t\t<\/figure>\n<figure>\n\t\t\t\t\t<span style=\"cursor: pointer\" data-src=\"https:\/\/autorai.nl\/wp-content\/uploads\/2023\/08\/mercedes-amg-gt-coupe-tweede-generatie-2024-foto47-1600x1068.jpg\" data-fancybox=\"galery-0\" title=\"Mercedes-AMG GT 63 4MATIC+ (Consumo combinado de combustible, ponderado: 14,1 l\/100 km; emisiones combinadas de CO2, ponderadas: 319 g\/km) Exterior: AMG Aerodynamik-Paket, Hightechsilber metallic; Interior: Leder Nappa schwarz \/\/ Mercedes-AMG GT 63 4MATIC+ (consumo combinado, ponderado: 14,1 l\/100 km; emisiones combinadas de CO2, ponderadas: 319 g\/km) exterior: paquete aerodin\u00e1mico AMG, high-techsilver metallic; interior: cuero nappa negro\"><br \/>\n\t\t\t\t\t\t\t<img decoding=\"async\" width=\"360\" height=\"270\" src=\"https:\/\/autorai.nl\/wp-content\/uploads\/2023\/08\/mercedes-amg-gt-coupe-tweede-generatie-2024-foto47-360x270.jpg\" class=\"attachment-small size-small\" alt=\"\" loading=\"lazy\"><i class=\"fa fa-search-plus\" aria-hidden=\"true\"><\/i><br \/>\n\t\t\t\t\t\t<\/span><br \/>\n\t\t\t\t\t<\/figure>\n<figure>\n\t\t\t\t\t<span style=\"cursor: pointer\" data-src=\"https:\/\/autorai.nl\/wp-content\/uploads\/2023\/08\/mercedes-amg-gt-coupe-tweede-generatie-2024-foto46-1600x1068.jpg\" data-fancybox=\"galery-0\" title=\"Mercedes-AMG GT 63 4MATIC+ (Consumo combinado de combustible, ponderado: 14,1 l\/100 km; emisiones combinadas de CO2, ponderadas: 319 g\/km) Exterior: AMG Aerodynamik-Paket, Hightechsilber metallic; Interior: Leder Nappa schwarz \/\/ Mercedes-AMG GT 63 4MATIC+ (consumo combinado, ponderado: 14,1 l\/100 km; emisiones combinadas de CO2, ponderadas: 319 g\/km) exterior: paquete aerodin\u00e1mico AMG, high-techsilver metallic; interior: cuero nappa negro\"><br \/>\n\t\t\t\t\t\t\t<img decoding=\"async\" width=\"640\" height=\"480\" src=\"https:\/\/autorai.nl\/wp-content\/uploads\/2023\/08\/mercedes-amg-gt-coupe-tweede-generatie-2024-foto46-640x480.jpg\" class=\"attachment-medium size-medium\" alt=\"\" loading=\"lazy\"><i class=\"fa fa-search-plus\" aria-hidden=\"true\"><\/i><br \/>\n\t\t\t\t\t\t<\/span><br \/>\n\t\t\t\t\t<\/figure>\n<figure>\n\t\t\t\t\t<span style=\"cursor: pointer\" data-src=\"https:\/\/autorai.nl\/wp-content\/uploads\/2023\/08\/mercedes-amg-gt-coupe-tweede-generatie-2024-foto45-1600x1068.jpg\" data-fancybox=\"galery-0\" title=\"Mercedes-AMG GT 63 4MATIC+ (Consumo combinado de combustible, ponderado: 14,1 l\/100 km; emisiones combinadas de CO2, ponderadas: 319 g\/km) Exterior: AMG Aerodynamik-Paket, Hightechsilber metallic; Interior: Leder Nappa schwarz \/\/ Mercedes-AMG GT 63 4MATIC+ (consumo combinado, ponderado: 14,1 l\/100 km; emisiones combinadas de CO2, ponderadas: 319 g\/km) exterior: paquete aerodin\u00e1mico AMG, high-techsilver metallic; interior: cuero nappa negro\"><br \/>\n\t\t\t\t\t\t\t<img decoding=\"async\" width=\"360\" height=\"270\" src=\"https:\/\/autorai.nl\/wp-content\/uploads\/2023\/08\/mercedes-amg-gt-coupe-tweede-generatie-2024-foto45-360x270.jpg\" class=\"attachment-small size-small\" alt=\"Mercedes-AMG GT Coup\u00e9 - Segunda generaci\u00f3n\" loading=\"lazy\"><i class=\"fa fa-search-plus\" aria-hidden=\"true\"><\/i><br \/>\n\t\t\t\t\t\t<\/span><br \/>\n\t\t\t\t\t<\/figure>\n<figure>\n\t\t\t\t\t<span style=\"cursor: pointer\" data-src=\"https:\/\/autorai.nl\/wp-content\/uploads\/2023\/08\/mercedes-amg-gt-coupe-tweede-generatie-2024-foto44-1600x1068.jpg\" data-fancybox=\"galery-0\" title=\"Mercedes-AMG GT 63 4MATIC+ (Consumo combinado de combustible, ponderado: 14,1 l\/100 km; emisiones combinadas de CO2, ponderadas: 319 g\/km) Exterior: AMG Aerodynamik-Paket, Hightechsilber metallic; Interior: Leder Nappa schwarz \/\/ Mercedes-AMG GT 63 4MATIC+ (consumo combinado, ponderado: 14,1 l\/100 km; emisiones combinadas de CO2, ponderadas: 319 g\/km) exterior: paquete aerodin\u00e1mico AMG, high-techsilver metallic; interior: cuero napa negro\"><br \/>\n\t\t\t\t\t\t\t<img decoding=\"async\" width=\"360\" height=\"270\" src=\"https:\/\/autorai.nl\/wp-content\/uploads\/2023\/08\/mercedes-amg-gt-coupe-tweede-generatie-2024-foto44-360x270.jpg\" class=\"attachment-small size-small\" alt=\"\" loading=\"lazy\"><i class=\"fa fa-search-plus\" aria-hidden=\"true\"><\/i><br \/>\n\t\t\t\t\t\t<\/span><br \/>\n\t\t\t\t\t<\/figure>\n<figure>\n\t\t\t\t\t<span style=\"cursor: pointer\" data-src=\"https:\/\/autorai.nl\/wp-content\/uploads\/2023\/08\/mercedes-amg-gt-coupe-tweede-generatie-2024-foto43-1600x1068.jpg\" data-fancybox=\"galery-0\" title=\"Mercedes-AMG GT 63 4MATIC+ (Consumo combinado de combustible, ponderado: 14,1 l\/100 km; emisiones combinadas de CO2, ponderadas: 319 g\/km) Exterior: AMG Aerodynamik-Paket, Hightechsilber metallic; Interior: Leder Nappa schwarz \/\/ Mercedes-AMG GT 63 4MATIC+ (consumo combinado, ponderado: 14,1 l\/100 km; emisiones combinadas de CO2, ponderadas: 319 g\/km) exterior: paquete aerodin\u00e1mico AMG, high-techsilver metallic; interior: cuero nappa negro\"><br \/>\n\t\t\t\t\t\t\t<img decoding=\"async\" width=\"640\" height=\"480\" src=\"https:\/\/autorai.nl\/wp-content\/uploads\/2023\/08\/mercedes-amg-gt-coupe-tweede-generatie-2024-foto43-640x480.jpg\" class=\"attachment-medium size-medium\" alt=\"\" loading=\"lazy\"><i class=\"fa fa-search-plus\" aria-hidden=\"true\"><\/i><br \/>\n\t\t\t\t\t\t<\/span><br \/>\n\t\t\t\t\t<\/figure>\n<figure>\n\t\t\t\t\t<span style=\"cursor: pointer\" data-src=\"https:\/\/autorai.nl\/wp-content\/uploads\/2023\/08\/mercedes-amg-gt-coupe-tweede-generatie-2024-foto42-1600x1068.jpg\" data-fancybox=\"galery-0\" title=\"Mercedes-AMG GT 63 4MATIC+ (Consumo combinado de combustible, ponderado: 14,1 l\/100 km; emisiones combinadas de CO2, ponderadas: 319 g\/km) Exterior: AMG Aerodynamik-Paket, Hightechsilber metallic; Interior: Leder Nappa schwarz \/\/ Mercedes-AMG GT 63 4MATIC+ (consumo combinado, ponderado: 14,1 l\/100 km; emisiones combinadas de CO2, ponderadas: 319 g\/km) exterior: paquete aerodin\u00e1mico AMG, high-techsilver metallic; interior: cuero nappa negro\"><br \/>\n\t\t\t\t\t\t\t<img decoding=\"async\" width=\"360\" height=\"270\" src=\"https:\/\/autorai.nl\/wp-content\/uploads\/2023\/08\/mercedes-amg-gt-coupe-tweede-generatie-2024-foto42-360x270.jpg\" class=\"attachment-small size-small\" alt=\"\" loading=\"lazy\"><i class=\"fa fa-search-plus\" aria-hidden=\"true\"><\/i><br \/>\n\t\t\t\t\t\t<\/span><br \/>\n\t\t\t\t\t<\/figure>\n<figure>\n\t\t\t\t\t<span style=\"cursor: pointer\" data-src=\"https:\/\/autorai.nl\/wp-content\/uploads\/2023\/08\/mercedes-amg-gt-coupe-tweede-generatie-2024-foto41-1600x1068.jpg\" data-fancybox=\"galery-0\" title=\"Mercedes-AMG GT 63 4MATIC+ (Consumo combinado de combustible, ponderado: 14,1 l\/100 km; emisiones combinadas de CO2, ponderadas: 319 g\/km) Exterior: AMG Aerodynamik-Paket, Hightechsilber metallic; Interior: Leder Nappa schwarz \/\/ Mercedes-AMG GT 63 4MATIC+ (consumo combinado, ponderado: 14,1 l\/100 km; emisiones combinadas de CO2, ponderadas: 319 g\/km) exterior: paquete aerodin\u00e1mico AMG, high-techsilver metallic; interior: cuero nappa negro\"><br \/>\n\t\t\t\t\t\t\t<img decoding=\"async\" width=\"360\" height=\"270\" src=\"https:\/\/autorai.nl\/wp-content\/uploads\/2023\/08\/mercedes-amg-gt-coupe-tweede-generatie-2024-foto41-360x270.jpg\" class=\"attachment-small size-small\" alt=\"\" loading=\"lazy\"><i class=\"fa fa-search-plus\" aria-hidden=\"true\"><\/i><br \/>\n\t\t\t\t\t\t<\/span><br \/>\n\t\t\t\t\t<\/figure>\n<figure>\n\t\t\t\t\t<span style=\"cursor: pointer\" data-src=\"https:\/\/autorai.nl\/wp-content\/uploads\/2023\/08\/mercedes-amg-gt-coupe-tweede-generatie-2024-foto40-1600x1068.jpg\" data-fancybox=\"galery-0\" title=\"Mercedes-AMG GT 63 4MATIC+ (Consumo combinado de combustible, ponderado: 14,1 l\/100 km; emisiones combinadas de CO2, ponderadas: 319 g\/km) Exterior: AMG Aerodynamik-Paket, Hightechsilber metallic; Interior: Leder Nappa schwarz \/\/ Mercedes-AMG GT 63 4MATIC+ (consumo combinado, ponderado: 14,1 l\/100 km; emisiones combinadas de CO2, ponderadas: 319 g\/km) exterior: paquete aerodin\u00e1mico AMG, high-techsilver metallic; interior: cuero nappa negro\"><br \/>\n\t\t\t\t\t\t\t<img decoding=\"async\" width=\"640\" height=\"480\" src=\"https:\/\/autorai.nl\/wp-content\/uploads\/2023\/08\/mercedes-amg-gt-coupe-tweede-generatie-2024-foto40-640x480.jpg\" class=\"attachment-medium size-medium\" alt=\"\" loading=\"lazy\"><i class=\"fa fa-search-plus\" aria-hidden=\"true\"><\/i><br \/>\n\t\t\t\t\t\t<\/span><br \/>\n\t\t\t\t\t<\/figure>\n<figure>\n\t\t\t\t\t<span style=\"cursor: pointer\" data-src=\"https:\/\/autorai.nl\/wp-content\/uploads\/2023\/08\/mercedes-amg-gt-coupe-tweede-generatie-2024-foto39-1600x1068.jpg\" data-fancybox=\"galery-0\" title=\"Mercedes-AMG GT 63 4MATIC+ (Consumo combinado de combustible, ponderado: 14,1 l\/100 km; emisiones combinadas de CO2, ponderadas: 319 g\/km) Exterior: AMG Aerodynamik-Paket, Hightechsilber metallic; Interior: Leder Nappa schwarz \/\/ Mercedes-AMG GT 63 4MATIC+ (consumo combinado, ponderado: 14,1 l\/100 km; emisiones combinadas de CO2, ponderadas: 319 g\/km) exterior: paquete aerodin\u00e1mico AMG, high-techsilver metallic; interior: cuero nappa negro\"><br \/>\n\t\t\t\t\t\t\t<img decoding=\"async\" width=\"360\" height=\"270\" src=\"https:\/\/autorai.nl\/wp-content\/uploads\/2023\/08\/mercedes-amg-gt-coupe-tweede-generatie-2024-foto39-360x270.jpg\" class=\"attachment-small size-small\" alt=\"\" loading=\"lazy\"><i class=\"fa fa-search-plus\" aria-hidden=\"true\"><\/i><br \/>\n\t\t\t\t\t\t<\/span><br \/>\n\t\t\t\t\t<\/figure>\n<figure>\n\t\t\t\t\t<span style=\"cursor: pointer\" data-src=\"https:\/\/autorai.nl\/wp-content\/uploads\/2023\/08\/mercedes-amg-gt-coupe-tweede-generatie-2024-foto38-1600x1068.jpg\" data-fancybox=\"galery-0\" title=\"Mercedes-AMG GT 63 4MATIC+ (Consumo combinado de combustible, ponderado: 14,1 l\/100 km; emisiones combinadas de CO2, ponderadas: 319 g\/km) Exterior: AMG Aerodynamik-Paket, Hightechsilber metallic; Interior: Leder Nappa schwarz \/\/ Mercedes-AMG GT 63 4MATIC+ (consumo combinado, ponderado: 14,1 l\/100 km; emisiones combinadas de CO2, ponderadas: 319 g\/km) exterior: paquete aerodin\u00e1mico AMG, high-techsilver metallic; interior: cuero napa negro\"><br \/>\n\t\t\t\t\t\t\t<img decoding=\"async\" width=\"360\" height=\"270\" src=\"https:\/\/autorai.nl\/wp-content\/uploads\/2023\/08\/mercedes-amg-gt-coupe-tweede-generatie-2024-foto38-360x270.jpg\" class=\"attachment-small size-small\" alt=\"\" loading=\"lazy\"><i class=\"fa fa-search-plus\" aria-hidden=\"true\"><\/i><br \/>\n\t\t\t\t\t\t<\/span><br \/>\n\t\t\t\t\t<\/figure>\n<figure>\n\t\t\t\t\t<span style=\"cursor: pointer\" data-src=\"https:\/\/autorai.nl\/wp-content\/uploads\/2023\/08\/mercedes-amg-gt-coupe-tweede-generatie-2024-foto37-1600x1068.jpg\" data-fancybox=\"galery-0\" title=\"Mercedes-AMG GT 63 4MATIC+ (Consumo combinado de combustible, ponderado: 14,1 l\/100 km; emisiones combinadas de CO2, ponderadas: 319 g\/km) Exterior: AMG Aerodynamik-Paket, Hightechsilber metallic; Interior: Leder Nappa schwarz \/\/ Mercedes-AMG GT 63 4MATIC+ (consumo combinado, ponderado: 14,1 l\/100 km; emisiones combinadas de CO2, ponderadas: 319 g\/km) exterior: paquete aerodin\u00e1mico AMG, high-techsilver metallic; interior: cuero nappa negro\"><br \/>\n\t\t\t\t\t\t\t<img decoding=\"async\" width=\"640\" height=\"480\" src=\"https:\/\/autorai.nl\/wp-content\/uploads\/2023\/08\/mercedes-amg-gt-coupe-tweede-generatie-2024-foto37-640x480.jpg\" class=\"attachment-medium size-medium\" alt=\"\" loading=\"lazy\"><i class=\"fa fa-search-plus\" aria-hidden=\"true\"><\/i><br \/>\n\t\t\t\t\t\t<\/span><br \/>\n\t\t\t\t\t<\/figure>\n<figure>\n\t\t\t\t\t<span style=\"cursor: pointer\" data-src=\"https:\/\/autorai.nl\/wp-content\/uploads\/2023\/08\/mercedes-amg-gt-coupe-tweede-generatie-2024-foto36-1600x1068.jpg\" data-fancybox=\"galery-0\" title=\"Mercedes-AMG GT 63 4MATIC+ (Consumo combinado de combustible, ponderado: 14,1 l\/100 km; emisiones combinadas de CO2, ponderadas: 319 g\/km) Exterior: AMG Aerodynamik-Paket, Hightechsilber metallic; Interior: Leder Nappa schwarz \/\/ Mercedes-AMG GT 63 4MATIC+ (consumo combinado, ponderado: 14,1 l\/100 km; emisiones combinadas de CO2, ponderadas: 319 g\/km) exterior: paquete aerodin\u00e1mico AMG, high-techsilver metallic; interior: cuero nappa negro\"><br \/>\n\t\t\t\t\t\t\t<img decoding=\"async\" width=\"360\" height=\"270\" src=\"https:\/\/autorai.nl\/wp-content\/uploads\/2023\/08\/mercedes-amg-gt-coupe-tweede-generatie-2024-foto36-360x270.jpg\" class=\"attachment-small size-small\" alt=\"\" loading=\"lazy\"><i class=\"fa fa-search-plus\" aria-hidden=\"true\"><\/i><br \/>\n\t\t\t\t\t\t<\/span><br \/>\n\t\t\t\t\t<\/figure>\n<figure>\n\t\t\t\t\t<span style=\"cursor: pointer\" data-src=\"https:\/\/autorai.nl\/wp-content\/uploads\/2023\/08\/mercedes-amg-gt-coupe-tweede-generatie-2024-foto35-1600x1068.jpg\" data-fancybox=\"galery-0\" title=\"Mercedes-AMG GT 63 4MATIC+ (Consumo combinado de combustible, ponderado: 14,1 l\/100 km; emisiones combinadas de CO2, ponderadas: 319 g\/km) Exterior: AMG Aerodynamik-Paket, Hightechsilber metallic; Interior: Leder Nappa schwarz \/\/ Mercedes-AMG GT 63 4MATIC+ (consumo combinado, ponderado: 14,1 l\/100 km; emisiones combinadas de CO2, ponderadas: 319 g\/km) exterior: paquete aerodin\u00e1mico AMG, high-techsilver metallic; interior: cuero nappa negro\"><br \/>\n\t\t\t\t\t\t\t<img decoding=\"async\" width=\"360\" height=\"270\" src=\"https:\/\/autorai.nl\/wp-content\/uploads\/2023\/08\/mercedes-amg-gt-coupe-tweede-generatie-2024-foto35-360x270.jpg\" class=\"attachment-small size-small\" alt=\"\" loading=\"lazy\"><i class=\"fa fa-search-plus\" aria-hidden=\"true\"><\/i><br \/>\n\t\t\t\t\t\t<\/span><br \/>\n\t\t\t\t\t<\/figure>\n<figure>\n\t\t\t\t\t<span style=\"cursor: pointer\" data-src=\"https:\/\/autorai.nl\/wp-content\/uploads\/2023\/08\/mercedes-amg-gt-coupe-tweede-generatie-2024-foto34-1600x1068.jpg\" data-fancybox=\"galery-0\" title=\"Mercedes-AMG GT 63 4MATIC+ (Consumo combinado de combustible, ponderado: 14,1 l\/100 km; emisiones combinadas de CO2, ponderadas: 319 g\/km) Exterior: AMG Aerodynamik-Paket, Hightechsilber metallic; Interior: Leder Nappa schwarz \/\/ Mercedes-AMG GT 63 4MATIC+ (consumo combinado, ponderado: 14,1 l\/100 km; emisiones combinadas de CO2, ponderadas: 319 g\/km) exterior: paquete aerodin\u00e1mico AMG, high-techsilver metallic; interior: cuero napa negro\"><br \/>\n\t\t\t\t\t\t\t<img decoding=\"async\" width=\"640\" height=\"480\" src=\"https:\/\/autorai.nl\/wp-content\/uploads\/2023\/08\/mercedes-amg-gt-coupe-tweede-generatie-2024-foto34-640x480.jpg\" class=\"attachment-medium size-medium\" alt=\"\" loading=\"lazy\"><i class=\"fa fa-search-plus\" aria-hidden=\"true\"><\/i><br \/>\n\t\t\t\t\t\t<\/span><br \/>\n\t\t\t\t\t<\/figure>\n<figure>\n\t\t\t\t\t<span style=\"cursor: pointer\" data-src=\"https:\/\/autorai.nl\/wp-content\/uploads\/2023\/08\/mercedes-amg-gt-coupe-tweede-generatie-2024-foto33-1600x1068.jpg\" data-fancybox=\"galery-0\" title=\"Mercedes-AMG GT 63 4MATIC+ (Consumo combinado de combustible, ponderado: 14,1 l\/100 km; emisiones combinadas de CO2, ponderadas: 319 g\/km) Exterior: AMG Aerodynamik-Paket, Hightechsilber metallic; Interior: Leder Nappa schwarz \/\/ Mercedes-AMG GT 63 4MATIC+ (consumo combinado, ponderado: 14,1 l\/100 km; emisiones combinadas de CO2, ponderadas: 319 g\/km) exterior: paquete aerodin\u00e1mico AMG, high-techsilver metallic; interior: cuero napa negro\"><br \/>\n\t\t\t\t\t\t\t<img decoding=\"async\" width=\"360\" height=\"270\" src=\"https:\/\/autorai.nl\/wp-content\/uploads\/2023\/08\/mercedes-amg-gt-coupe-tweede-generatie-2024-foto33-360x270.jpg\" class=\"attachment-small size-small\" alt=\"\" loading=\"lazy\"><i class=\"fa fa-search-plus\" aria-hidden=\"true\"><\/i><br \/>\n\t\t\t\t\t\t<\/span><br \/>\n\t\t\t\t\t<\/figure>\n<figure>\n\t\t\t\t\t<span style=\"cursor: pointer\" data-src=\"https:\/\/autorai.nl\/wp-content\/uploads\/2023\/08\/mercedes-amg-gt-coupe-tweede-generatie-2024-foto32-1600x1068.jpg\" data-fancybox=\"galery-0\" title=\"Mercedes-AMG GT 63 4MATIC+ (Consumo combinado de combustible, ponderado: 14,1 l\/100 km; emisiones combinadas de CO2, ponderadas: 319 g\/km) Exterior: AMG Aerodynamik-Paket, Hightechsilber metallic; Interior: Leder Nappa schwarz \/\/ Mercedes-AMG GT 63 4MATIC+ (consumo combinado, ponderado: 14,1 l\/100 km; emisiones combinadas de CO2, ponderadas: 319 g\/km) exterior: paquete aerodin\u00e1mico AMG, high-techsilver metallic; interior: cuero nappa negro\"><br \/>\n\t\t\t\t\t\t\t<img decoding=\"async\" width=\"360\" height=\"270\" src=\"https:\/\/autorai.nl\/wp-content\/uploads\/2023\/08\/mercedes-amg-gt-coupe-tweede-generatie-2024-foto32-360x270.jpg\" class=\"attachment-small size-small\" alt=\"\" loading=\"lazy\"><i class=\"fa fa-search-plus\" aria-hidden=\"true\"><\/i><br \/>\n\t\t\t\t\t\t<\/span><br \/>\n\t\t\t\t\t<\/figure>\n<figure>\n\t\t\t\t\t<span style=\"cursor: pointer\" data-src=\"https:\/\/autorai.nl\/wp-content\/uploads\/2023\/08\/mercedes-amg-gt-coupe-tweede-generatie-2024-foto31-1600x1068.jpg\" data-fancybox=\"galery-0\" title=\"Mercedes-AMG GT 63 4MATIC+ (Consumo combinado de combustible, ponderado: 14,1 l\/100 km; emisiones combinadas de CO2, ponderadas: 319 g\/km) Exterior: AMG Aerodynamik-Paket, Hightechsilber metallic; Interior: Leder Nappa schwarz \/\/ Mercedes-AMG GT 63 4MATIC+ (consumo combinado, ponderado: 14,1 l\/100 km; emisiones combinadas de CO2, ponderadas: 319 g\/km) exterior: paquete aerodin\u00e1mico AMG, high-techsilver metallic; interior: cuero napa negro\"><br \/>\n\t\t\t\t\t\t\t<img decoding=\"async\" width=\"640\" height=\"480\" src=\"https:\/\/autorai.nl\/wp-content\/uploads\/2023\/08\/mercedes-amg-gt-coupe-tweede-generatie-2024-foto31-640x480.jpg\" class=\"attachment-medium size-medium\" alt=\"Mercedes-AMG GT Coup\u00e9 - Segunda generaci\u00f3n\" loading=\"lazy\"><i class=\"fa fa-search-plus\" aria-hidden=\"true\"><\/i><br \/>\n\t\t\t\t\t\t<\/span><br \/>\n\t\t\t\t\t<\/figure>\n<figure>\n\t\t\t\t\t<span style=\"cursor: pointer\" data-src=\"https:\/\/autorai.nl\/wp-content\/uploads\/2023\/08\/mercedes-amg-gt-coupe-tweede-generatie-2024-foto30-1600x1068.jpg\" data-fancybox=\"galery-0\" title=\"Mercedes-AMG GT 63 4MATIC+ (Consumo combinado de combustible, ponderado: 14,1 l\/100 km; emisiones combinadas de CO2, ponderadas: 319 g\/km) Exterior: AMG Aerodynamik-Paket, Hightechsilber metallic; Interior: Leder Nappa schwarz \/\/ Mercedes-AMG GT 63 4MATIC+ (consumo combinado, ponderado: 14,1 l\/100 km; emisiones combinadas de CO2, ponderadas: 319 g\/km) exterior: paquete aerodin\u00e1mico AMG, high-techsilver metallic; interior: cuero nappa negro\"><br \/>\n\t\t\t\t\t\t\t<img decoding=\"async\" width=\"360\" height=\"270\" src=\"https:\/\/autorai.nl\/wp-content\/uploads\/2023\/08\/mercedes-amg-gt-coupe-tweede-generatie-2024-foto30-360x270.jpg\" class=\"attachment-small size-small\" alt=\"\" loading=\"lazy\"><i class=\"fa fa-search-plus\" aria-hidden=\"true\"><\/i><br \/>\n\t\t\t\t\t\t<\/span><br \/>\n\t\t\t\t\t<\/figure>\n<figure>\n\t\t\t\t\t<span style=\"cursor: pointer\" data-src=\"https:\/\/autorai.nl\/wp-content\/uploads\/2023\/08\/mercedes-amg-gt-coupe-tweede-generatie-2024-foto29-1600x1068.jpg\" data-fancybox=\"galery-0\" title=\"Mercedes-AMG GT 63 4MATIC+ (Consumo combinado de combustible, ponderado: 14,1 l\/100 km; emisiones combinadas de CO2, ponderadas: 319 g\/km) Exterior: AMG Aerodynamik-Paket, Hightechsilber metallic; Interior: Leder Nappa schwarz \/\/ Mercedes-AMG GT 63 4MATIC+ (consumo combinado, ponderado: 14,1 l\/100 km; emisiones combinadas de CO2, ponderadas: 319 g\/km) exterior: paquete aerodin\u00e1mico AMG, high-techsilver metallic; interior: cuero nappa negro\"><br \/>\n\t\t\t\t\t\t\t<img decoding=\"async\" width=\"360\" height=\"270\" src=\"https:\/\/autorai.nl\/wp-content\/uploads\/2023\/08\/mercedes-amg-gt-coupe-tweede-generatie-2024-foto29-360x270.jpg\" class=\"attachment-small size-small\" alt=\"\" loading=\"lazy\"><i class=\"fa fa-search-plus\" aria-hidden=\"true\"><\/i><br \/>\n\t\t\t\t\t\t<\/span><br \/>\n\t\t\t\t\t<\/figure>\n<figure>\n\t\t\t\t\t<span style=\"cursor: pointer\" data-src=\"https:\/\/autorai.nl\/wp-content\/uploads\/2023\/08\/mercedes-amg-gt-coupe-tweede-generatie-2024-foto28-1600x1068.jpg\" data-fancybox=\"galery-0\" title=\"Mercedes-AMG GT 63 4MATIC+ (Consumo combinado de combustible, ponderado: 14,1 l\/100 km; emisiones combinadas de CO2, ponderadas: 319 g\/km) Exterior: AMG Aerodynamik-Paket, Hightechsilber metallic; Interior: Leder Nappa schwarz \/\/ Mercedes-AMG GT 63 4MATIC+ (consumo combinado, ponderado: 14,1 l\/100 km; emisiones combinadas de CO2, ponderadas: 319 g\/km) exterior: paquete aerodin\u00e1mico AMG, high-techsilver metallic; interior: cuero nappa negro\"><br \/>\n\t\t\t\t\t\t\t<img decoding=\"async\" width=\"640\" height=\"480\" src=\"https:\/\/autorai.nl\/wp-content\/uploads\/2023\/08\/mercedes-amg-gt-coupe-tweede-generatie-2024-foto28-640x480.jpg\" class=\"attachment-medium size-medium\" alt=\"Mercedes-AMG GT Coup\u00e9 - Segunda generaci\u00f3n\" loading=\"lazy\"><i class=\"fa fa-search-plus\" aria-hidden=\"true\"><\/i><br \/>\n\t\t\t\t\t\t<\/span><br \/>\n\t\t\t\t\t<\/figure>\n<figure>\n\t\t\t\t\t<span style=\"cursor: pointer\" data-src=\"https:\/\/autorai.nl\/wp-content\/uploads\/2023\/08\/mercedes-amg-gt-coupe-tweede-generatie-2024-foto27-1600x1068.jpg\" data-fancybox=\"galery-0\" title=\"Mercedes-AMG GT 63 4MATIC+ (Consumo combinado de combustible, ponderado: 14,1 l\/100 km; emisiones combinadas de CO2, ponderadas: 319 g\/km) Exterior: AMG Aerodynamik-Paket, Hightechsilber metallic; Interior: Leder Nappa schwarz \/\/ Mercedes-AMG GT 63 4MATIC+ (consumo combinado, ponderado: 14,1 l\/100 km; emisiones combinadas de CO2, ponderadas: 319 g\/km) exterior: paquete aerodin\u00e1mico AMG, high-techsilver metallic; interior: cuero nappa negro\"><br \/>\n\t\t\t\t\t\t\t<img decoding=\"async\" width=\"360\" height=\"270\" src=\"https:\/\/autorai.nl\/wp-content\/uploads\/2023\/08\/mercedes-amg-gt-coupe-tweede-generatie-2024-foto27-360x270.jpg\" class=\"attachment-small size-small\" alt=\"\" loading=\"lazy\"><i class=\"fa fa-search-plus\" aria-hidden=\"true\"><\/i><br \/>\n\t\t\t\t\t\t<\/span><br \/>\n\t\t\t\t\t<\/figure>\n<figure>\n\t\t\t\t\t<span style=\"cursor: pointer\" data-src=\"https:\/\/autorai.nl\/wp-content\/uploads\/2023\/08\/mercedes-amg-gt-coupe-tweede-generatie-2024-foto26-1600x1068.jpg\" data-fancybox=\"galery-0\" title=\"Mercedes-AMG GT 63 4MATIC+ (Consumo combinado de combustible, ponderado: 14,1 l\/100 km; emisiones combinadas de CO2, ponderadas: 319 g\/km) Exterior: AMG Aerodynamik-Paket, Hightechsilber metallic; Interior: Leder Nappa schwarz \/\/ Mercedes-AMG GT 63 4MATIC+ (consumo combinado, ponderado: 14,1 l\/100 km; emisiones combinadas de CO2, ponderadas: 319 g\/km) exterior: paquete aerodin\u00e1mico AMG, high-techsilver metallic; interior: cuero napa negro\"><br \/>\n\t\t\t\t\t\t\t<img decoding=\"async\" width=\"360\" height=\"270\" src=\"https:\/\/autorai.nl\/wp-content\/uploads\/2023\/08\/mercedes-amg-gt-coupe-tweede-generatie-2024-foto26-360x270.jpg\" class=\"attachment-small size-small\" alt=\"\" loading=\"lazy\"><i class=\"fa fa-search-plus\" aria-hidden=\"true\"><\/i><br \/>\n\t\t\t\t\t\t<\/span><br \/>\n\t\t\t\t\t<\/figure>\n<figure>\n\t\t\t\t\t<span style=\"cursor: pointer\" data-src=\"https:\/\/autorai.nl\/wp-content\/uploads\/2023\/08\/mercedes-amg-gt-coupe-tweede-generatie-2024-foto25-1600x1068.jpg\" data-fancybox=\"galery-0\" title=\"Mercedes-AMG GT 63 4MATIC+ (Consumo combinado de combustible, ponderado: 14,1 l\/100 km; emisiones combinadas de CO2, ponderadas: 319 g\/km) Exterior: AMG Aerodynamik-Paket, Hightechsilber metallic; Interior: Leder Nappa schwarz \/\/ Mercedes-AMG GT 63 4MATIC+ (consumo combinado, ponderado: 14,1 l\/100 km; emisiones combinadas de CO2, ponderadas: 319 g\/km) exterior: paquete aerodin\u00e1mico AMG, high-techsilver metallic; interior: cuero nappa negro\"><br \/>\n\t\t\t\t\t\t\t<img decoding=\"async\" width=\"640\" height=\"480\" src=\"https:\/\/autorai.nl\/wp-content\/uploads\/2023\/08\/mercedes-amg-gt-coupe-tweede-generatie-2024-foto25-640x480.jpg\" class=\"attachment-medium size-medium\" alt=\"\" loading=\"lazy\"><i class=\"fa fa-search-plus\" aria-hidden=\"true\"><\/i><br \/>\n\t\t\t\t\t\t<\/span><br \/>\n\t\t\t\t\t<\/figure>\n<figure>\n\t\t\t\t\t<span style=\"cursor: pointer\" data-src=\"https:\/\/autorai.nl\/wp-content\/uploads\/2023\/08\/mercedes-amg-gt-coupe-tweede-generatie-2024-foto24-1600x1068.jpg\" data-fancybox=\"galery-0\" title=\"Mercedes-AMG GT 63 4MATIC+ (Consumo combinado de combustible, ponderado: 14,1 l\/100 km; emisiones combinadas de CO2, ponderadas: 319 g\/km) Exterior: AMG Aerodynamik-Paket, Hightechsilber metallic; Interior: Leder Nappa schwarz \/\/ Mercedes-AMG GT 63 4MATIC+ (consumo combinado, ponderado: 14,1 l\/100 km; emisiones combinadas de CO2, ponderadas: 319 g\/km) exterior: paquete aerodin\u00e1mico AMG, high-techsilver metallic; interior: cuero nappa negro\"><br \/>\n\t\t\t\t\t\t\t<img decoding=\"async\" width=\"360\" height=\"270\" src=\"https:\/\/autorai.nl\/wp-content\/uploads\/2023\/08\/mercedes-amg-gt-coupe-tweede-generatie-2024-foto24-360x270.jpg\" class=\"attachment-small size-small\" alt=\"\" loading=\"lazy\"><i class=\"fa fa-search-plus\" aria-hidden=\"true\"><\/i><br \/>\n\t\t\t\t\t\t<\/span><br \/>\n\t\t\t\t\t<\/figure>\n<figure>\n\t\t\t\t\t<span style=\"cursor: pointer\" data-src=\"https:\/\/autorai.nl\/wp-content\/uploads\/2023\/08\/mercedes-amg-gt-coupe-tweede-generatie-2024-foto23-1600x1068.jpg\" data-fancybox=\"galery-0\" title=\"Mercedes-AMG GT 63 4MATIC+ (Consumo combinado de combustible, ponderado: 14,1 l\/100 km; emisiones combinadas de CO2, ponderadas: 319 g\/km) Exterior: AMG Aerodynamik-Paket, Hightechsilber metallic; Interior: Leder Nappa schwarz \/\/ Mercedes-AMG GT 63 4MATIC+ (consumo combinado, ponderado: 14,1 l\/100 km; emisiones combinadas de CO2, ponderadas: 319 g\/km) exterior: paquete aerodin\u00e1mico AMG, high-techsilver metallic; interior: cuero nappa negro\"><br \/>\n\t\t\t\t\t\t\t<img decoding=\"async\" width=\"360\" height=\"270\" src=\"https:\/\/autorai.nl\/wp-content\/uploads\/2023\/08\/mercedes-amg-gt-coupe-tweede-generatie-2024-foto23-360x270.jpg\" class=\"attachment-small size-small\" alt=\"\" loading=\"lazy\"><i class=\"fa fa-search-plus\" aria-hidden=\"true\"><\/i><br \/>\n\t\t\t\t\t\t<\/span><br \/>\n\t\t\t\t\t<\/figure>\n<figure>\n\t\t\t\t\t<span style=\"cursor: pointer\" data-src=\"https:\/\/autorai.nl\/wp-content\/uploads\/2023\/08\/mercedes-amg-gt-coupe-tweede-generatie-2024-foto22-1600x1068.jpg\" data-fancybox=\"galery-0\" title=\"Mercedes-AMG GT 63 4MATIC+ (Consumo combinado de combustible, ponderado: 14,1 l\/100 km; emisiones combinadas de CO2, ponderadas: 319 g\/km) Exterior: AMG Aerodynamik-Paket, Hightechsilber metallic; Interior: Leder Nappa schwarz \/\/ Mercedes-AMG GT 63 4MATIC+ (consumo combinado, ponderado: 14,1 l\/100 km; emisiones combinadas de CO2, ponderadas: 319 g\/km) exterior: paquete aerodin\u00e1mico AMG, high-techsilver metallic; interior: cuero nappa negro\"><br \/>\n\t\t\t\t\t\t\t<img decoding=\"async\" width=\"640\" height=\"480\" src=\"https:\/\/autorai.nl\/wp-content\/uploads\/2023\/08\/mercedes-amg-gt-coupe-tweede-generatie-2024-foto22-640x480.jpg\" class=\"attachment-medium size-medium\" alt=\"\" loading=\"lazy\"><i class=\"fa fa-search-plus\" aria-hidden=\"true\"><\/i><br \/>\n\t\t\t\t\t\t<\/span><br \/>\n\t\t\t\t\t<\/figure>\n<figure>\n\t\t\t\t\t<span style=\"cursor: pointer\" data-src=\"https:\/\/autorai.nl\/wp-content\/uploads\/2023\/08\/mercedes-amg-gt-coupe-tweede-generatie-2024-foto21-1600x1068.jpg\" data-fancybox=\"galery-0\" title=\"Mercedes-AMG GT 63 4MATIC+ (Consumo combinado de combustible, ponderado: 14,1 l\/100 km; emisiones combinadas de CO2, ponderadas: 319 g\/km) Exterior: AMG Aerodynamik-Paket, Hightechsilber metallic; Interior: Leder Nappa schwarz \/\/ Mercedes-AMG GT 63 4MATIC+ (consumo combinado, ponderado: 14,1 l\/100 km; emisiones combinadas de CO2, ponderadas: 319 g\/km) exterior: paquete aerodin\u00e1mico AMG, high-techsilver metallic; interior: cuero napa negro\"><br \/>\n\t\t\t\t\t\t\t<img decoding=\"async\" width=\"360\" height=\"270\" src=\"https:\/\/autorai.nl\/wp-content\/uploads\/2023\/08\/mercedes-amg-gt-coupe-tweede-generatie-2024-foto21-360x270.jpg\" class=\"attachment-small size-small\" alt=\"\" loading=\"lazy\"><i class=\"fa fa-search-plus\" aria-hidden=\"true\"><\/i><br \/>\n\t\t\t\t\t\t<\/span><br \/>\n\t\t\t\t\t<\/figure>\n<figure>\n\t\t\t\t\t<span style=\"cursor: pointer\" data-src=\"https:\/\/autorai.nl\/wp-content\/uploads\/2023\/08\/mercedes-amg-gt-coupe-tweede-generatie-2024-foto20-1600x1068.jpg\" data-fancybox=\"galery-0\" title=\"Mercedes-AMG GT 63 4MATIC+ (Consumo combinado de combustible, ponderado: 14,1 l\/100 km; emisiones combinadas de CO2, ponderadas: 319 g\/km) Exterior: AMG Aerodynamik-Paket, Hightechsilber metallic; Interior: Leder Nappa schwarz \/\/ Mercedes-AMG GT 63 4MATIC+ (consumo combinado, ponderado: 14,1 l\/100 km; emisiones combinadas de CO2, ponderadas: 319 g\/km) exterior: paquete aerodin\u00e1mico AMG, high-techsilver metallic; interior: cuero nappa negro\"><br \/>\n\t\t\t\t\t\t\t<img decoding=\"async\" width=\"360\" height=\"270\" src=\"https:\/\/autorai.nl\/wp-content\/uploads\/2023\/08\/mercedes-amg-gt-coupe-tweede-generatie-2024-foto20-360x270.jpg\" class=\"attachment-small size-small\" alt=\"\" loading=\"lazy\"><i class=\"fa fa-search-plus\" aria-hidden=\"true\"><\/i><br \/>\n\t\t\t\t\t\t<\/span><br \/>\n\t\t\t\t\t<\/figure>\n<figure>\n\t\t\t\t\t<span style=\"cursor: pointer\" data-src=\"https:\/\/autorai.nl\/wp-content\/uploads\/2023\/08\/mercedes-amg-gt-coupe-tweede-generatie-2024-foto19-1600x1068.jpg\" data-fancybox=\"galery-0\" title=\"Mercedes-AMG GT 63 4MATIC+ (Consumo combinado de combustible, ponderado: 14,1 l\/100 km; emisiones combinadas de CO2, ponderadas: 319 g\/km) Exterior: AMG Aerodynamik-Paket, Hightechsilber metallic; Interior: Leder Nappa schwarz \/\/ Mercedes-AMG GT 63 4MATIC+ (consumo combinado, ponderado: 14,1 l\/100 km; emisiones combinadas de CO2, ponderadas: 319 g\/km) exterior: paquete aerodin\u00e1mico AMG, high-techsilver metallic; interior: cuero napa negro\"><br \/>\n\t\t\t\t\t\t\t<img decoding=\"async\" width=\"640\" height=\"480\" src=\"https:\/\/autorai.nl\/wp-content\/uploads\/2023\/08\/mercedes-amg-gt-coupe-tweede-generatie-2024-foto19-640x480.jpg\" class=\"attachment-medium size-medium\" alt=\"\" loading=\"lazy\"><i class=\"fa fa-search-plus\" aria-hidden=\"true\"><\/i><br \/>\n\t\t\t\t\t\t<\/span><br \/>\n\t\t\t\t\t<\/figure>\n<figure>\n\t\t\t\t\t<span style=\"cursor: pointer\" data-src=\"https:\/\/autorai.nl\/wp-content\/uploads\/2023\/08\/mercedes-amg-gt-coupe-tweede-generatie-2024-foto18-1600x1068.jpg\" data-fancybox=\"galery-0\" title=\"Mercedes-AMG GT 63 4MATIC+ (Consumo combinado de combustible, ponderado: 14,1 l\/100 km; emisiones combinadas de CO2, ponderadas: 319 g\/km) Exterior: AMG Aerodynamik-Paket, Hightechsilber metallic; Interior: Leder Nappa schwarz \/\/ Mercedes-AMG GT 63 4MATIC+ (consumo combinado, ponderado: 14,1 l\/100 km; emisiones combinadas de CO2, ponderadas: 319 g\/km) exterior: paquete aerodin\u00e1mico AMG, high-techsilver metallic; interior: cuero napa negro\"><br \/>\n\t\t\t\t\t\t\t<img decoding=\"async\" width=\"360\" height=\"270\" src=\"https:\/\/autorai.nl\/wp-content\/uploads\/2023\/08\/mercedes-amg-gt-coupe-tweede-generatie-2024-foto18-360x270.jpg\" class=\"attachment-small size-small\" alt=\"\" loading=\"lazy\"><i class=\"fa fa-search-plus\" aria-hidden=\"true\"><\/i><br \/>\n\t\t\t\t\t\t<\/span><br \/>\n\t\t\t\t\t<\/figure>\n<figure>\n\t\t\t\t\t<span style=\"cursor: pointer\" data-src=\"https:\/\/autorai.nl\/wp-content\/uploads\/2023\/08\/mercedes-amg-gt-coupe-tweede-generatie-2024-foto17-1600x1068.jpg\" data-fancybox=\"galery-0\" title=\"Mercedes-AMG GT 63 4MATIC+ (Consumo combinado de combustible, ponderado: 14,1 l\/100 km; emisiones combinadas de CO2, ponderadas: 319 g\/km) Exterior: AMG Aerodynamik-Paket, Hightechsilber metallic; Interior: Leder Nappa schwarz \/\/ Mercedes-AMG GT 63 4MATIC+ (consumo combinado, ponderado: 14,1 l\/100 km; emisiones combinadas de CO2, ponderadas: 319 g\/km) exterior: paquete aerodin\u00e1mico AMG, high-techsilver metallic; interior: cuero nappa negro\"><br \/>\n\t\t\t\t\t\t\t<img decoding=\"async\" width=\"360\" height=\"270\" src=\"https:\/\/autorai.nl\/wp-content\/uploads\/2023\/08\/mercedes-amg-gt-coupe-tweede-generatie-2024-foto17-360x270.jpg\" class=\"attachment-small size-small\" alt=\"\" loading=\"lazy\"><i class=\"fa fa-search-plus\" aria-hidden=\"true\"><\/i><br \/>\n\t\t\t\t\t\t<\/span><br \/>\n\t\t\t\t\t<\/figure>\n<figure>\n\t\t\t\t\t<span style=\"cursor: pointer\" data-src=\"https:\/\/autorai.nl\/wp-content\/uploads\/2023\/08\/mercedes-amg-gt-coupe-tweede-generatie-2024-foto16-1600x1068.jpg\" data-fancybox=\"galery-0\" title=\"Mercedes-AMG GT 63 4MATIC+ (Consumo combinado de combustible, ponderado: 14,1 l\/100 km; emisiones combinadas de CO2, ponderadas: 319 g\/km) Exterior: AMG Aerodynamik-Paket, Hightechsilber metallic; Interior: Leder Nappa schwarz \/\/ Mercedes-AMG GT 63 4MATIC+ (consumo combinado, ponderado: 14,1 l\/100 km; emisiones combinadas de CO2, ponderadas: 319 g\/km) exterior: paquete aerodin\u00e1mico AMG, high-techsilver metallic; interior: cuero napa negro\"><br \/>\n\t\t\t\t\t\t\t<img decoding=\"async\" width=\"640\" height=\"480\" src=\"https:\/\/autorai.nl\/wp-content\/uploads\/2023\/08\/mercedes-amg-gt-coupe-tweede-generatie-2024-foto16-640x480.jpg\" class=\"attachment-medium size-medium\" alt=\"\" loading=\"lazy\"><i class=\"fa fa-search-plus\" aria-hidden=\"true\"><\/i><br \/>\n\t\t\t\t\t\t<\/span><br \/>\n\t\t\t\t\t<\/figure>\n<figure>\n\t\t\t\t\t<span style=\"cursor: pointer\" data-src=\"https:\/\/autorai.nl\/wp-content\/uploads\/2023\/08\/mercedes-amg-gt-coupe-tweede-generatie-2024-foto15-1600x1068.jpg\" data-fancybox=\"galery-0\" title=\"Mercedes-AMG GT 63 4MATIC+ (Consumo combinado de combustible, ponderado: 14,1 l\/100 km; emisiones combinadas de CO2, ponderadas: 319 g\/km) Exterior: AMG Aerodynamik-Paket, Hightechsilber metallic; Interior: Leder Nappa schwarz \/\/ Mercedes-AMG GT 63 4MATIC+ (consumo combinado, ponderado: 14,1 l\/100 km; emisiones combinadas de CO2, ponderadas: 319 g\/km) exterior: paquete aerodin\u00e1mico AMG, high-techsilver metallic; interior: cuero napa negro\"><br \/>\n\t\t\t\t\t\t\t<img decoding=\"async\" width=\"360\" height=\"270\" src=\"https:\/\/autorai.nl\/wp-content\/uploads\/2023\/08\/mercedes-amg-gt-coupe-tweede-generatie-2024-foto15-360x270.jpg\" class=\"attachment-small size-small\" alt=\"\" loading=\"lazy\"><i class=\"fa fa-search-plus\" aria-hidden=\"true\"><\/i><br \/>\n\t\t\t\t\t\t<\/span><br \/>\n\t\t\t\t\t<\/figure>\n<figure>\n\t\t\t\t\t<span style=\"cursor: pointer\" data-src=\"https:\/\/autorai.nl\/wp-content\/uploads\/2023\/08\/mercedes-amg-gt-coupe-tweede-generatie-2024-foto14-1600x1068.jpg\" data-fancybox=\"galery-0\" title=\"Mercedes-AMG GT 63 4MATIC+ (Consumo combinado de combustible, ponderado: 14,1 l\/100 km; emisiones combinadas de CO2, ponderadas: 319 g\/km) Exterior: AMG Aerodynamik-Paket, Hightechsilber metallic; Interior: Leder Nappa schwarz \/\/ Mercedes-AMG GT 63 4MATIC+ (consumo combinado, ponderado: 14,1 l\/100 km; emisiones combinadas de CO2, ponderadas: 319 g\/km) exterior: paquete aerodin\u00e1mico AMG, high-techsilver metallic; interior: cuero nappa negro\"><br \/>\n\t\t\t\t\t\t\t<img decoding=\"async\" width=\"360\" height=\"270\" src=\"https:\/\/autorai.nl\/wp-content\/uploads\/2023\/08\/mercedes-amg-gt-coupe-tweede-generatie-2024-foto14-360x270.jpg\" class=\"attachment-small size-small\" alt=\"\" loading=\"lazy\"><i class=\"fa fa-search-plus\" aria-hidden=\"true\"><\/i><br \/>\n\t\t\t\t\t\t<\/span><br \/>\n\t\t\t\t\t<\/figure>\n<figure>\n\t\t\t\t\t<span style=\"cursor: pointer\" data-src=\"https:\/\/autorai.nl\/wp-content\/uploads\/2023\/08\/mercedes-amg-gt-coupe-tweede-generatie-2024-foto13-1600x1068.jpg\" data-fancybox=\"galery-0\" title=\"Mercedes-AMG GT 63 4MATIC+ (Consumo combinado de combustible, ponderado: 14,1 l\/100 km; emisiones combinadas de CO2, ponderadas: 319 g\/km) Exterior: AMG Aerodynamik-Paket, Hightechsilber metallic; Interior: Leder Nappa schwarz \/\/ Mercedes-AMG GT 63 4MATIC+ (consumo combinado, ponderado: 14,1 l\/100 km; emisiones combinadas de CO2, ponderadas: 319 g\/km) exterior: paquete aerodin\u00e1mico AMG, high-techsilver metallic; interior: cuero nappa negro\"><br \/>\n\t\t\t\t\t\t\t<img decoding=\"async\" width=\"640\" height=\"480\" src=\"https:\/\/autorai.nl\/wp-content\/uploads\/2023\/08\/mercedes-amg-gt-coupe-tweede-generatie-2024-foto13-640x480.jpg\" class=\"attachment-medium size-medium\" alt=\"\" loading=\"lazy\"><i class=\"fa fa-search-plus\" aria-hidden=\"true\"><\/i><br \/>\n\t\t\t\t\t\t<\/span><br \/>\n\t\t\t\t\t<\/figure>\n<figure>\n\t\t\t\t\t<span style=\"cursor: pointer\" data-src=\"https:\/\/autorai.nl\/wp-content\/uploads\/2023\/08\/mercedes-amg-gt-coupe-tweede-generatie-2024-foto12-1600x1068.jpg\" data-fancybox=\"galery-0\" title=\"Mercedes-AMG GT 63 4MATIC+ (Consumo combinado de combustible, ponderado: 14,1 l\/100 km; emisiones combinadas de CO2, ponderadas: 319 g\/km) Exterior: AMG Aerodynamik-Paket, Hightechsilber metallic; Interior: Leder Nappa schwarz \/\/ Mercedes-AMG GT 63 4MATIC+ (consumo combinado, ponderado: 14,1 l\/100 km; emisiones combinadas de CO2, ponderadas: 319 g\/km) exterior: paquete aerodin\u00e1mico AMG, high-techsilver metallic; interior: cuero nappa negro\"><br \/>\n\t\t\t\t\t\t\t<img decoding=\"async\" width=\"360\" height=\"270\" src=\"https:\/\/autorai.nl\/wp-content\/uploads\/2023\/08\/mercedes-amg-gt-coupe-tweede-generatie-2024-foto12-360x270.jpg\" class=\"attachment-small size-small\" alt=\"Mercedes-AMG GT Coup\u00e9 - Segunda generaci\u00f3n\" loading=\"lazy\"><i class=\"fa fa-search-plus\" aria-hidden=\"true\"><\/i><br \/>\n\t\t\t\t\t\t<\/span><br \/>\n\t\t\t\t\t<\/figure>\n<figure>\n\t\t\t\t\t<span style=\"cursor: pointer\" data-src=\"https:\/\/autorai.nl\/wp-content\/uploads\/2023\/08\/mercedes-amg-gt-coupe-tweede-generatie-2024-foto11-1600x1068.jpg\" data-fancybox=\"galery-0\" title=\"Mercedes-AMG GT 63 4MATIC+ (Consumo combinado de combustible, ponderado: 14,1 l\/100 km; emisiones combinadas de CO2, ponderadas: 319 g\/km) Exterior: AMG Aerodynamik-Paket, Hightechsilber metallic; Interior: Leder Nappa schwarz \/\/ Mercedes-AMG GT 63 4MATIC+ (consumo combinado, ponderado: 14,1 l\/100 km; emisiones combinadas de CO2, ponderadas: 319 g\/km) exterior: paquete aerodin\u00e1mico AMG, high-techsilver metallic; interior: cuero nappa negro\"><br \/>\n\t\t\t\t\t\t\t<img decoding=\"async\" width=\"360\" height=\"270\" src=\"https:\/\/autorai.nl\/wp-content\/uploads\/2023\/08\/mercedes-amg-gt-coupe-tweede-generatie-2024-foto11-360x270.jpg\" class=\"attachment-small size-small\" alt=\"\" loading=\"lazy\"><i class=\"fa fa-search-plus\" aria-hidden=\"true\"><\/i><br \/>\n\t\t\t\t\t\t<\/span><br \/>\n\t\t\t\t\t<\/figure>\n<figure>\n\t\t\t\t\t<span style=\"cursor: pointer\" data-src=\"https:\/\/autorai.nl\/wp-content\/uploads\/2023\/08\/mercedes-amg-gt-coupe-tweede-generatie-2024-foto10-1600x1067.jpg\" data-fancybox=\"galery-0\" title=\"Mercedes-AMG GT 63 4MATIC+ (Consumo combinado de combustible, ponderado: 14,1 l\/100 km; emisiones combinadas de CO2, ponderadas: 319 g\/km) Exterior: AMG Aerodynamik-Paket, Hightechsilber metallic; Interior: Leder Nappa schwarz \/\/ Mercedes-AMG GT 63 4MATIC+ (consumo combinado, ponderado: 14,1 l\/100 km; emisiones combinadas de CO2, ponderadas: 319 g\/km) exterior: paquete aerodin\u00e1mico AMG, high-techsilver metallic; interior: cuero nappa negro\"><br \/>\n\t\t\t\t\t\t\t<img decoding=\"async\" width=\"640\" height=\"480\" src=\"https:\/\/autorai.nl\/wp-content\/uploads\/2023\/08\/mercedes-amg-gt-coupe-tweede-generatie-2024-foto10-640x480.jpg\" class=\"attachment-medium size-medium\" alt=\"\" loading=\"lazy\"><i class=\"fa fa-search-plus\" aria-hidden=\"true\"><\/i><br \/>\n\t\t\t\t\t\t<\/span><br \/>\n\t\t\t\t\t<\/figure>\n<figure>\n\t\t\t\t\t<span style=\"cursor: pointer\" data-src=\"https:\/\/autorai.nl\/wp-content\/uploads\/2023\/08\/mercedes-amg-gt-coupe-tweede-generatie-2024-foto9-1600x1068.jpg\" data-fancybox=\"galery-0\" title=\"Mercedes-AMG GT 63 4MATIC+ (Consumo combinado de combustible, ponderado: 14,1 l\/100 km; emisiones combinadas de CO2, ponderadas: 319 g\/km) Exterior: AMG Aerodynamik-Paket, Hightechsilber metallic; Interior: Leder Nappa schwarz \/\/ Mercedes-AMG GT 63 4MATIC+ (consumo combinado, ponderado: 14,1 l\/100 km; emisiones combinadas de CO2, ponderadas: 319 g\/km) exterior: paquete aerodin\u00e1mico AMG, high-techsilver metallic; interior: cuero nappa negro\"><br \/>\n\t\t\t\t\t\t\t<img decoding=\"async\" width=\"360\" height=\"270\" src=\"https:\/\/autorai.nl\/wp-content\/uploads\/2023\/08\/mercedes-amg-gt-coupe-tweede-generatie-2024-foto9-360x270.jpg\" class=\"attachment-small size-small\" alt=\"\" loading=\"lazy\"><i class=\"fa fa-search-plus\" aria-hidden=\"true\"><\/i><br \/>\n\t\t\t\t\t\t<\/span><br \/>\n\t\t\t\t\t<\/figure>\n<figure>\n\t\t\t\t\t<span style=\"cursor: pointer\" data-src=\"https:\/\/autorai.nl\/wp-content\/uploads\/2023\/08\/mercedes-amg-gt-coupe-tweede-generatie-2024-foto8-1600x1068.jpg\" data-fancybox=\"galery-0\" title=\"Mercedes-AMG GT 63 4MATIC+ (Consumo combinado de combustible, ponderado: 14,1 l\/100 km; emisiones combinadas de CO2, ponderadas: 319 g\/km) Exterior: AMG Aerodynamik-Paket, Hightechsilber metallic; Interior: Leder Nappa schwarz \/\/ Mercedes-AMG GT 63 4MATIC+ (consumo combinado, ponderado: 14,1 l\/100 km; emisiones combinadas de CO2, ponderadas: 319 g\/km) exterior: paquete aerodin\u00e1mico AMG, high-techsilver metallic; interior: cuero nappa negro\"><br \/>\n\t\t\t\t\t\t\t<img decoding=\"async\" width=\"360\" height=\"270\" src=\"https:\/\/autorai.nl\/wp-content\/uploads\/2023\/08\/mercedes-amg-gt-coupe-tweede-generatie-2024-foto8-360x270.jpg\" class=\"attachment-small size-small\" alt=\"\" loading=\"lazy\"><i class=\"fa fa-search-plus\" aria-hidden=\"true\"><\/i><br \/>\n\t\t\t\t\t\t<\/span><br \/>\n\t\t\t\t\t<\/figure>\n<figure>\n\t\t\t\t\t<span style=\"cursor: pointer\" data-src=\"https:\/\/autorai.nl\/wp-content\/uploads\/2023\/08\/mercedes-amg-gt-coupe-tweede-generatie-2024-foto7-1600x1068.jpg\" data-fancybox=\"galery-0\" title=\"Mercedes-AMG GT 63 4MATIC+ (Consumo combinado de combustible, ponderado: 14,1 l\/100 km; emisiones combinadas de CO2, ponderadas: 319 g\/km) Exterior: AMG Aerodynamik-Paket, Hightechsilber metallic; Interior: Leder Nappa schwarz \/\/ Mercedes-AMG GT 63 4MATIC+ (consumo combinado, ponderado: 14,1 l\/100 km; emisiones combinadas de CO2, ponderadas: 319 g\/km) exterior: paquete aerodin\u00e1mico AMG, high-techsilver metallic; interior: cuero napa negro\"><br \/>\n\t\t\t\t\t\t\t<img decoding=\"async\" width=\"640\" height=\"480\" src=\"https:\/\/autorai.nl\/wp-content\/uploads\/2023\/08\/mercedes-amg-gt-coupe-tweede-generatie-2024-foto7-640x480.jpg\" class=\"attachment-medium size-medium\" alt=\"\" loading=\"lazy\"><i class=\"fa fa-search-plus\" aria-hidden=\"true\"><\/i><br \/>\n\t\t\t\t\t\t<\/span><br \/>\n\t\t\t\t\t<\/figure>\n<figure>\n\t\t\t\t\t<span style=\"cursor: pointer\" data-src=\"https:\/\/autorai.nl\/wp-content\/uploads\/2023\/08\/mercedes-amg-gt-coupe-tweede-generatie-2024-foto6-1600x1068.jpg\" data-fancybox=\"galery-0\" title=\"Mercedes-AMG GT 63 4MATIC+ (Consumo combinado de combustible, ponderado: 14,1 l\/100 km; emisiones combinadas de CO2, ponderadas: 319 g\/km) Exterior: AMG Aerodynamik-Paket, Hightechsilber metallic; Interior: Leder Nappa schwarz \/\/ Mercedes-AMG GT 63 4MATIC+ (consumo combinado, ponderado: 14,1 l\/100 km; emisiones combinadas de CO2, ponderadas: 319 g\/km) exterior: paquete aerodin\u00e1mico AMG, high-techsilver metallic; interior: cuero nappa negro\"><br \/>\n\t\t\t\t\t\t\t<img decoding=\"async\" width=\"360\" height=\"270\" src=\"https:\/\/autorai.nl\/wp-content\/uploads\/2023\/08\/mercedes-amg-gt-coupe-tweede-generatie-2024-foto6-360x270.jpg\" class=\"attachment-small size-small\" alt=\"\" loading=\"lazy\"><i class=\"fa fa-search-plus\" aria-hidden=\"true\"><\/i><br \/>\n\t\t\t\t\t\t<\/span><br \/>\n\t\t\t\t\t<\/figure>\n<figure>\n\t\t\t\t\t<span style=\"cursor: pointer\" data-src=\"https:\/\/autorai.nl\/wp-content\/uploads\/2023\/08\/mercedes-amg-gt-coupe-tweede-generatie-2024-foto5-1600x1068.jpg\" data-fancybox=\"galery-0\" title=\"Mercedes-AMG GT 63 4MATIC+ (Consumo combinado de combustible, ponderado: 14,1 l\/100 km; emisiones combinadas de CO2, ponderadas: 319 g\/km) Exterior: AMG Aerodynamik-Paket, Hightechsilber metallic; Interior: Leder Nappa schwarz \/\/ Mercedes-AMG GT 63 4MATIC+ (consumo combinado, ponderado: 14,1 l\/100 km; emisiones combinadas de CO2, ponderadas: 319 g\/km) exterior: paquete aerodin\u00e1mico AMG, high-techsilver metallic; interior: cuero napa negro\"><br \/>\n\t\t\t\t\t\t\t<img decoding=\"async\" width=\"360\" height=\"270\" src=\"https:\/\/autorai.nl\/wp-content\/uploads\/2023\/08\/mercedes-amg-gt-coupe-tweede-generatie-2024-foto5-360x270.jpg\" class=\"attachment-small size-small\" alt=\"\" loading=\"lazy\"><i class=\"fa fa-search-plus\" aria-hidden=\"true\"><\/i><br \/>\n\t\t\t\t\t\t<\/span><br \/>\n\t\t\t\t\t<\/figure>\n<figure>\n\t\t\t\t\t<span style=\"cursor: pointer\" data-src=\"https:\/\/autorai.nl\/wp-content\/uploads\/2023\/08\/mercedes-amg-gt-coupe-tweede-generatie-2024-foto4-1600x1062.jpg\" data-fancybox=\"galery-0\" title=\"Mercedes-AMG GT 63 4MATIC+ (Consumo combinado de combustible, ponderado: 14,1 l\/100 km; emisiones combinadas de CO2, ponderadas: 319 g\/km) Exterior: AMG Aerodynamik-Paket, Hightechsilber metallic; Interior: Leder Nappa schwarz \/\/ Mercedes-AMG GT 63 4MATIC+ (consumo combinado, ponderado: 14,1 l\/100 km; emisiones combinadas de CO2, ponderadas: 319 g\/km) exterior: paquete aerodin\u00e1mico AMG, high-techsilver metallic; interior: cuero nappa negro\"><br \/>\n\t\t\t\t\t\t\t<img decoding=\"async\" width=\"640\" height=\"480\" src=\"https:\/\/autorai.nl\/wp-content\/uploads\/2023\/08\/mercedes-amg-gt-coupe-tweede-generatie-2024-foto4-640x480.jpg\" class=\"attachment-medium size-medium\" alt=\"\" loading=\"lazy\"><i class=\"fa fa-search-plus\" aria-hidden=\"true\"><\/i><br \/>\n\t\t\t\t\t\t<\/span><br \/>\n\t\t\t\t\t<\/figure>\n<figure>\n\t\t\t\t\t<span style=\"cursor: pointer\" data-src=\"https:\/\/autorai.nl\/wp-content\/uploads\/2023\/08\/mercedes-amg-gt-coupe-tweede-generatie-2024-foto3-1600x1068.jpg\" data-fancybox=\"galery-0\" title=\"Mercedes-AMG GT 63 4MATIC+ (Consumo combinado de combustible, ponderado: 14,1 l\/100 km; emisiones combinadas de CO2, ponderadas: 319 g\/km) Exterior: AMG Aerodynamik-Paket, Hightechsilber metallic; Interior: Leder Nappa schwarz \/\/ Mercedes-AMG GT 63 4MATIC+ (consumo combinado, ponderado: 14,1 l\/100 km; emisiones combinadas de CO2, ponderadas: 319 g\/km) exterior: paquete aerodin\u00e1mico AMG, high-techsilver metallic; interior: cuero napa negro\"><br \/>\n\t\t\t\t\t\t\t<img decoding=\"async\" width=\"360\" height=\"270\" src=\"https:\/\/autorai.nl\/wp-content\/uploads\/2023\/08\/mercedes-amg-gt-coupe-tweede-generatie-2024-foto3-360x270.jpg\" class=\"attachment-small size-small\" alt=\"\" loading=\"lazy\"><i class=\"fa fa-search-plus\" aria-hidden=\"true\"><\/i><br \/>\n\t\t\t\t\t\t<\/span><br \/>\n\t\t\t\t\t<\/figure>\n<figure>\n\t\t\t\t\t<span style=\"cursor: pointer\" data-src=\"https:\/\/autorai.nl\/wp-content\/uploads\/2023\/08\/mercedes-amg-gt-coupe-tweede-generatie-2024-foto2-1600x1068.jpg\" data-fancybox=\"galery-0\" title=\"Mercedes-AMG GT 63 4MATIC+ (Consumo combinado de combustible, ponderado: 14,1 l\/100 km; emisiones combinadas de CO2, ponderadas: 319 g\/km) Exterior: AMG Aerodynamik-Paket, Hightechsilber metallic; Interior: Leder Nappa schwarz \/\/ Mercedes-AMG GT 63 4MATIC+ (consumo combinado, ponderado: 14,1 l\/100 km; emisiones combinadas de CO2, ponderadas: 319 g\/km) exterior: paquete aerodin\u00e1mico AMG, high-techsilver metallic; interior: cuero napa negro\"><br \/>\n\t\t\t\t\t\t\t<img decoding=\"async\" width=\"360\" height=\"270\" src=\"https:\/\/autorai.nl\/wp-content\/uploads\/2023\/08\/mercedes-amg-gt-coupe-tweede-generatie-2024-foto2-360x270.jpg\" class=\"attachment-small size-small\" alt=\"\" loading=\"lazy\"><i class=\"fa fa-search-plus\" aria-hidden=\"true\"><\/i><br \/>\n\t\t\t\t\t\t<\/span><br \/>\n\t\t\t\t\t<\/figure>\n<div class=\"clear\"><\/div>\n<\/div>\n","protected":false},"excerpt":{"rendered":"Dos variantes de motor El nuevo Mercedes-AMG GT Coup\u00e9 es el quinto modelo de desarrollo propio tras el SLS, la&hellip;","protected":false},"author":0,"featured_media":138258,"comment_status":"","ping_status":"open","sticky":false,"template":"","format":"standard","meta":{"footnotes":""},"categories":[126],"tags":[],"class_list":["post-138270","post","type-post","status-publish","format-standard","has-post-thumbnail","hentry","category-noticias-de-autos"],"acf":[],"yoast_head":"<!-- This site is optimized with the Yoast SEO plugin v21.2 - https:\/\/yoast.com\/wordpress\/plugins\/seo\/ -->\n<title>As\u00ed es el nuevo Mercedes-AMG GT Coup\u00e9 - All cars news<\/title>\n<meta name=\"robots\" content=\"index, follow, max-snippet:-1, max-image-preview:large, max-video-preview:-1\" \/>\n<link rel=\"canonical\" href=\"https:\/\/all-car-news.com\/es\/asi-es-el-nuevo-mercedes-amg-gt-coupe\/\" \/>\n<meta property=\"og:locale\" content=\"es_ES\" \/>\n<meta property=\"og:type\" content=\"article\" \/>\n<meta property=\"og:title\" content=\"As\u00ed es el nuevo Mercedes-AMG GT Coup\u00e9 - All cars news\" \/>\n<meta property=\"og:description\" content=\"Dos variantes de motor El nuevo Mercedes-AMG GT Coup\u00e9 es el quinto modelo de desarrollo propio tras el SLS, la primera generaci\u00f3n del GT de dos puertas, el GT Coup\u00e9 de 4 puertas y el SL. En su lanzamiento, el nuevo AMG GT est\u00e1 disponible con dos niveles de potencia del motor AMG V8 biturbo de 4.0 litros. En el modelo superior GT 63 4Matic+ [...]\" \/>\n<meta property=\"og:url\" content=\"https:\/\/all-car-news.com\/es\/asi-es-el-nuevo-mercedes-amg-gt-coupe\/\" \/>\n<meta property=\"og:site_name\" content=\"All cars news\" \/>\n<meta property=\"article:published_time\" content=\"2023-08-21T08:16:23+00:00\" \/>\n<meta property=\"og:image\" content=\"https:\/\/autorai.nl\/wp-content\/uploads\/2023\/08\/mercedes-amg-gt-coupe-tweede-generatie-2024-foto31-1140x761.jpg\" \/>\n<meta name=\"twitter:card\" content=\"summary_large_image\" \/>\n<meta name=\"twitter:label1\" content=\"Tiempo de lectura\" \/>\n\t<meta name=\"twitter:data1\" content=\"8 minutos\" \/>\n<script type=\"application\/ld+json\" class=\"yoast-schema-graph\">{\"@context\":\"https:\/\/schema.org\",\"@graph\":[{\"@type\":\"Article\",\"@id\":\"https:\/\/all-car-news.com\/es\/asi-es-el-nuevo-mercedes-amg-gt-coupe\/#article\",\"isPartOf\":{\"@id\":\"https:\/\/all-car-news.com\/es\/asi-es-el-nuevo-mercedes-amg-gt-coupe\/\"},\"author\":{\"name\":\"\",\"@id\":\"\"},\"headline\":\"As\u00ed es el nuevo Mercedes-AMG GT Coup\u00e9\",\"datePublished\":\"2023-08-21T08:16:23+00:00\",\"dateModified\":\"2023-08-21T08:16:23+00:00\",\"mainEntityOfPage\":{\"@id\":\"https:\/\/all-car-news.com\/es\/asi-es-el-nuevo-mercedes-amg-gt-coupe\/\"},\"wordCount\":1696,\"publisher\":{\"@id\":\"https:\/\/all-car-news.com\/es\/#organization\"},\"articleSection\":[\"noticias de autos\"],\"inLanguage\":\"es\"},{\"@type\":\"WebPage\",\"@id\":\"https:\/\/all-car-news.com\/es\/asi-es-el-nuevo-mercedes-amg-gt-coupe\/\",\"url\":\"https:\/\/all-car-news.com\/es\/asi-es-el-nuevo-mercedes-amg-gt-coupe\/\",\"name\":\"As\u00ed es el nuevo Mercedes-AMG GT Coup\u00e9 - All cars news\",\"isPartOf\":{\"@id\":\"https:\/\/all-car-news.com\/es\/#website\"},\"datePublished\":\"2023-08-21T08:16:23+00:00\",\"dateModified\":\"2023-08-21T08:16:23+00:00\",\"breadcrumb\":{\"@id\":\"https:\/\/all-car-news.com\/es\/asi-es-el-nuevo-mercedes-amg-gt-coupe\/#breadcrumb\"},\"inLanguage\":\"es\",\"potentialAction\":[{\"@type\":\"ReadAction\",\"target\":[\"https:\/\/all-car-news.com\/es\/asi-es-el-nuevo-mercedes-amg-gt-coupe\/\"]}]},{\"@type\":\"BreadcrumbList\",\"@id\":\"https:\/\/all-car-news.com\/es\/asi-es-el-nuevo-mercedes-amg-gt-coupe\/#breadcrumb\",\"itemListElement\":[{\"@type\":\"ListItem\",\"position\":1,\"name\":\"Home\",\"item\":\"https:\/\/all-car-news.com\/es\/\"},{\"@type\":\"ListItem\",\"position\":2,\"name\":\"As\u00ed es el nuevo Mercedes-AMG GT Coup\u00e9\"}]},{\"@type\":\"WebSite\",\"@id\":\"https:\/\/all-car-news.com\/es\/#website\",\"url\":\"https:\/\/all-car-news.com\/es\/\",\"name\":\"All cars news\",\"description\":\"\",\"publisher\":{\"@id\":\"https:\/\/all-car-news.com\/es\/#organization\"},\"potentialAction\":[{\"@type\":\"SearchAction\",\"target\":{\"@type\":\"EntryPoint\",\"urlTemplate\":\"https:\/\/all-car-news.com\/es\/?s={search_term_string}\"},\"query-input\":\"required name=search_term_string\"}],\"inLanguage\":\"es\"},{\"@type\":\"Organization\",\"@id\":\"https:\/\/all-car-news.com\/es\/#organization\",\"name\":\"All cars news\",\"url\":\"https:\/\/all-car-news.com\/es\/\",\"logo\":{\"@type\":\"ImageObject\",\"inLanguage\":\"es\",\"@id\":\"https:\/\/all-car-news.com\/es\/#\/schema\/logo\/image\/\",\"url\":\"https:\/\/all-car-news.com\/wp-content\/uploads\/2022\/02\/CMYK-AllCarNews_LANDSCAPE_300px-1.png\",\"contentUrl\":\"https:\/\/all-car-news.com\/wp-content\/uploads\/2022\/02\/CMYK-AllCarNews_LANDSCAPE_300px-1.png\",\"width\":300,\"height\":100,\"caption\":\"All cars news\"},\"image\":{\"@id\":\"https:\/\/all-car-news.com\/es\/#\/schema\/logo\/image\/\"}}]}<\/script>\n<!-- \/ Yoast SEO plugin. -->","yoast_head_json":{"title":"As\u00ed es el nuevo Mercedes-AMG GT Coup\u00e9 - All cars news","robots":{"index":"index","follow":"follow","max-snippet":"max-snippet:-1","max-image-preview":"max-image-preview:large","max-video-preview":"max-video-preview:-1"},"canonical":"https:\/\/all-car-news.com\/es\/asi-es-el-nuevo-mercedes-amg-gt-coupe\/","og_locale":"es_ES","og_type":"article","og_title":"As\u00ed es el nuevo Mercedes-AMG GT Coup\u00e9 - All cars news","og_description":"Dos variantes de motor El nuevo Mercedes-AMG GT Coup\u00e9 es el quinto modelo de desarrollo propio tras el SLS, la primera generaci\u00f3n del GT de dos puertas, el GT Coup\u00e9 de 4 puertas y el SL. En su lanzamiento, el nuevo AMG GT est\u00e1 disponible con dos niveles de potencia del motor AMG V8 biturbo de 4.0 litros. En el modelo superior GT 63 4Matic+ [...]","og_url":"https:\/\/all-car-news.com\/es\/asi-es-el-nuevo-mercedes-amg-gt-coupe\/","og_site_name":"All cars news","article_published_time":"2023-08-21T08:16:23+00:00","og_image":[{"url":"https:\/\/autorai.nl\/wp-content\/uploads\/2023\/08\/mercedes-amg-gt-coupe-tweede-generatie-2024-foto31-1140x761.jpg"}],"twitter_card":"summary_large_image","twitter_misc":{"Tiempo de lectura":"8 minutos"},"schema":{"@context":"https:\/\/schema.org","@graph":[{"@type":"Article","@id":"https:\/\/all-car-news.com\/es\/asi-es-el-nuevo-mercedes-amg-gt-coupe\/#article","isPartOf":{"@id":"https:\/\/all-car-news.com\/es\/asi-es-el-nuevo-mercedes-amg-gt-coupe\/"},"author":{"name":"","@id":""},"headline":"As\u00ed es el nuevo Mercedes-AMG GT Coup\u00e9","datePublished":"2023-08-21T08:16:23+00:00","dateModified":"2023-08-21T08:16:23+00:00","mainEntityOfPage":{"@id":"https:\/\/all-car-news.com\/es\/asi-es-el-nuevo-mercedes-amg-gt-coupe\/"},"wordCount":1696,"publisher":{"@id":"https:\/\/all-car-news.com\/es\/#organization"},"articleSection":["noticias de autos"],"inLanguage":"es"},{"@type":"WebPage","@id":"https:\/\/all-car-news.com\/es\/asi-es-el-nuevo-mercedes-amg-gt-coupe\/","url":"https:\/\/all-car-news.com\/es\/asi-es-el-nuevo-mercedes-amg-gt-coupe\/","name":"As\u00ed es el nuevo Mercedes-AMG GT Coup\u00e9 - All cars news","isPartOf":{"@id":"https:\/\/all-car-news.com\/es\/#website"},"datePublished":"2023-08-21T08:16:23+00:00","dateModified":"2023-08-21T08:16:23+00:00","breadcrumb":{"@id":"https:\/\/all-car-news.com\/es\/asi-es-el-nuevo-mercedes-amg-gt-coupe\/#breadcrumb"},"inLanguage":"es","potentialAction":[{"@type":"ReadAction","target":["https:\/\/all-car-news.com\/es\/asi-es-el-nuevo-mercedes-amg-gt-coupe\/"]}]},{"@type":"BreadcrumbList","@id":"https:\/\/all-car-news.com\/es\/asi-es-el-nuevo-mercedes-amg-gt-coupe\/#breadcrumb","itemListElement":[{"@type":"ListItem","position":1,"name":"Home","item":"https:\/\/all-car-news.com\/es\/"},{"@type":"ListItem","position":2,"name":"As\u00ed es el nuevo Mercedes-AMG GT Coup\u00e9"}]},{"@type":"WebSite","@id":"https:\/\/all-car-news.com\/es\/#website","url":"https:\/\/all-car-news.com\/es\/","name":"All cars news","description":"","publisher":{"@id":"https:\/\/all-car-news.com\/es\/#organization"},"potentialAction":[{"@type":"SearchAction","target":{"@type":"EntryPoint","urlTemplate":"https:\/\/all-car-news.com\/es\/?s={search_term_string}"},"query-input":"required name=search_term_string"}],"inLanguage":"es"},{"@type":"Organization","@id":"https:\/\/all-car-news.com\/es\/#organization","name":"All cars news","url":"https:\/\/all-car-news.com\/es\/","logo":{"@type":"ImageObject","inLanguage":"es","@id":"https:\/\/all-car-news.com\/es\/#\/schema\/logo\/image\/","url":"https:\/\/all-car-news.com\/wp-content\/uploads\/2022\/02\/CMYK-AllCarNews_LANDSCAPE_300px-1.png","contentUrl":"https:\/\/all-car-news.com\/wp-content\/uploads\/2022\/02\/CMYK-AllCarNews_LANDSCAPE_300px-1.png","width":300,"height":100,"caption":"All cars news"},"image":{"@id":"https:\/\/all-car-news.com\/es\/#\/schema\/logo\/image\/"}}]}},"_links":{"self":[{"href":"https:\/\/all-car-news.com\/es\/wp-json\/wp\/v2\/posts\/138270","targetHints":{"allow":["GET"]}}],"collection":[{"href":"https:\/\/all-car-news.com\/es\/wp-json\/wp\/v2\/posts"}],"about":[{"href":"https:\/\/all-car-news.com\/es\/wp-json\/wp\/v2\/types\/post"}],"replies":[{"embeddable":true,"href":"https:\/\/all-car-news.com\/es\/wp-json\/wp\/v2\/comments?post=138270"}],"version-history":[{"count":0,"href":"https:\/\/all-car-news.com\/es\/wp-json\/wp\/v2\/posts\/138270\/revisions"}],"wp:featuredmedia":[{"embeddable":true,"href":"https:\/\/all-car-news.com\/es\/wp-json\/wp\/v2\/media\/138258"}],"wp:attachment":[{"href":"https:\/\/all-car-news.com\/es\/wp-json\/wp\/v2\/media?parent=138270"}],"wp:term":[{"taxonomy":"category","embeddable":true,"href":"https:\/\/all-car-news.com\/es\/wp-json\/wp\/v2\/categories?post=138270"},{"taxonomy":"post_tag","embeddable":true,"href":"https:\/\/all-car-news.com\/es\/wp-json\/wp\/v2\/tags?post=138270"}],"curies":[{"name":"wp","href":"https:\/\/api.w.org\/{rel}","templated":true}]}}