{"id":138265,"date":"2023-08-21T08:21:12","date_gmt":"2023-08-21T08:21:12","guid":{"rendered":"https:\/\/all-car-news.com\/maserati-mcxtrema-ya-agotado-por-supuesto\/"},"modified":"2023-08-21T08:21:12","modified_gmt":"2023-08-21T08:21:12","slug":"maserati-mcxtrema-ya-agotado-por-supuesto","status":"publish","type":"post","link":"https:\/\/all-car-news.com\/es\/maserati-mcxtrema-ya-agotado-por-supuesto\/","title":{"rendered":"Maserati MCXtrema: ya agotado, por supuesto"},"content":{"rendered":"<h2>Maserati MCXtrema es un superdeportivo de edici\u00f3n limitada<\/h2>\n<p>La \u00faltima creaci\u00f3n de la marca del tridente es \u00fanica y distintiva en todos los sentidos: s\u00f3lo se fabricar\u00e1n 62 ejemplares de este superdeportivo de edici\u00f3n limitada, para un selecto grupo de clientes. El Maserati MCXtrema es el coche de circuito m\u00e1s potente de la historia de la marca de M\u00f3dena. Fue dise\u00f1ado para coleccionistas puristas y para clientes fieles de la marca, como un corredor extremo para conquistar las pistas m\u00e1s emocionantes durante pruebas privadas.<\/p>\n<h2>Habla el Consejero Delegado de Maserati<\/h2>\n<p>\u00abEl Maserati MCXtrema ha sido dise\u00f1ado como un producto muy exclusivo y como una nueva figura para nuestros coches de pista\u00bb, dijo Davide Grasso, Consejero Delegado de Maserati. \u00abEl proyecto est\u00e1 reservado a un selecto grupo de clientes especialmente atentos a los detalles distintivos, desde su dise\u00f1o refinado e innovador hasta sus excepcionales prestaciones. El MCXtrema encarna el esp\u00edritu deportivo tan t\u00edpico del ADN de Maserati. Simboliza una nueva direcci\u00f3n para nuestra marca, centrada en una producci\u00f3n superior y en la capacidad de destacar en el mundo de los motores de lujo con unas prestaciones sin concesiones.\u00bb<\/p>\n<figure class=\"wp-block-image size-content\"><img decoding=\"async\" loading=\"lazy\" width=\"1140\" height=\"641\" src=\"https:\/\/autorai.nl\/wp-content\/uploads\/2023\/08\/12_Maserati_MCXtrema-1140x641.jpg\" alt=\"Maserati MCXtrema\" class=\"wp-image-164976\"><\/figure>\n<h2>tren motriz<\/h2>\n<p>Para la propulsi\u00f3n, un motor de gasolina V6 biturbo Nettuno de 3,0 litros produce 540 kW (730 CV) y un par m\u00e1ximo de 730 Nm. Ya conocemos este motor del MC20, pero en el Maserati MCXtrema, este motor V60 tiene unos 110 CV m\u00e1s. Esto es posible gracias a los nuevos turbos y a un sistema de escape de competici\u00f3n. El bloque produce ahora 240 CV por litro de volumen barrido, impresionante.<\/p>\n<h2><u>Maserati MCXtrema &#8211; Datos t\u00e9cnicos<\/u><\/h2>\n<p><strong>Veh\u00edculo<\/strong><strong><\/strong><\/p>\n<ul>\n<li>Autom\u00f3vil de carreras monoplaza no homologado para carretera<\/li>\n<\/ul>\n<p><strong>Dimensiones<\/strong><\/p>\n<ul>\n<li>Longitud: 5.199 mm<\/li>\n<li>Anchura: 2.045 mm (sin retrovisores)<\/li>\n<li>Peso en seco: aprox. 1.300 kg<\/li>\n<\/ul>\n<p><strong>Chasis<\/strong><\/p>\n<ul>\n<li>Monocasco central ultraligero de fibra de carbono<\/li>\n<li>Jaula antivuelco de seguridad homologada por la FIA (art. 277 de la FIA)<\/li>\n<li>Dep\u00f3sito de combustible FT3 de 120 litros homologado por la FIA<\/li>\n<li>Sistema de camisa de aire (4)<\/li>\n<\/ul>\n<p><strong>Frenos<\/strong><strong><\/strong><\/p>\n<ul>\n<li>Frenos de competici\u00f3n ventilados de fibra de carbono<\/li>\n<li>Ajuste a distancia de la polaridad de frenado<\/li>\n<li>ABS de competici\u00f3n ajustable de \u00faltima generaci\u00f3n<\/li>\n<\/ul>\n<p><strong>Motor<\/strong><\/p>\n<ul>\n<li>Motor V6 biturbo a 90\u00b0 refrigerado por agua (montado en la parte trasera) basado en el motor MC20 Nettuno<\/li>\n<li>Cilindrada: 2.992 cc<\/li>\n<li>Di\u00e1metro\/carrera: 88 mm x 82 mm<\/li>\n<li>Potencia m\u00e1xima: 730 CV (540 kW)<\/li>\n<li>Par m\u00e1ximo: 730 Nm<\/li>\n<li>MTC (Maserati Twin Combustion)<\/li>\n<li>Lubricaci\u00f3n por c\u00e1rter seco con intercambiador de calor aceite\/agua<\/li>\n<li>Unidad de control del motor (ECU): BOSCH MS 6.4 EVO<\/li>\n<li>Control de tracci\u00f3n Maserati Corse<\/li>\n<li>Sistema de escape de competici\u00f3n con tubos de escape dobles montados en el centro y catalizador<\/li>\n<\/ul>\n<p><strong>Suspensi\u00f3n<\/strong><\/p>\n<ul>\n<li>Eje delantero y trasero de doble horquilla<\/li>\n<li>Palas antivuelco delanteras y traseras ajustables (izquierda y derecha)<\/li>\n<li>Direcci\u00f3n asistida el\u00e9ctrica<\/li>\n<li>Cubos de rueda con tuercas de rueda de bloqueo central<\/li>\n<li>Amortiguadores Motorsport ajustables en 4 direcciones delante y detr\u00e1s<\/li>\n<\/ul>\n<p><strong>Transmisi\u00f3n<\/strong><\/p>\n<ul>\n<li>Caja de cambios secuencial de competici\u00f3n de seis velocidades con levas de cambio<\/li>\n<li>Lubricaci\u00f3n forzada interna del aceite con intercambiador de calor aceite\/aire<\/li>\n<li>Embrague de competici\u00f3n y diferencial mec\u00e1nico autoblocante de deslizamiento limitado<\/li>\n<\/ul>\n<p><strong>Llantas<\/strong><\/p>\n<ul>\n<li>Llantas de aluminio forjado de 18&#8243; a medida con fijaci\u00f3n de bloqueo central<\/li>\n<\/ul>\n<p><strong>Neum\u00e1ticos<\/strong><\/p>\n<ul>\n<li>Neum\u00e1ticos lisos y de lluvia<\/li>\n<\/ul>\n<p><strong>Carrocer\u00eda<\/strong><\/p>\n<ul>\n<li>Dise\u00f1o Maserati Centro Stile<\/li>\n<li>Carrocer\u00eda ligera totalmente de composite con altas prestaciones aerodin\u00e1micas<\/li>\n<li>Aler\u00f3n trasero ajustable<\/li>\n<li>Suelo de fibra de carbono totalmente cerrado<\/li>\n<li>Escotilla de techo de seguridad integrada (FIA Art. 277)<\/li>\n<li>Parabrisas y ventanillas laterales de policarbonato<\/li>\n<\/ul>\n<p><strong>Cabina de mando<\/strong><\/p>\n<ul>\n<li>Dise\u00f1o Maserati Centro Stile<\/li>\n<li>Asiento de competici\u00f3n fijo con cuatro puntos de anclaje<\/li>\n<li>Caja de pedales de carreras ajustable<\/li>\n<li>Columna de direcci\u00f3n ajustable<\/li>\n<li>Arn\u00e9s de seguridad de competici\u00f3n de seis puntos<\/li>\n<li>Sistema de aire acondicionado<\/li>\n<li>Sistema de extintores con especificaciones FIA<\/li>\n<li>Volante multifunci\u00f3n de fibra de carbono con pantalla integrada<\/li>\n<\/ul>\n<p>* Sujeto a cambios basados en el desarrollo del coche.<\/p>\n<\/p>\n<div class=\"galery galery-0\">\n<figure>\n\t\t\t\t\t<span style=\"cursor: pointer\" data-src=\"https:\/\/autorai.nl\/wp-content\/uploads\/2023\/08\/03_Maserati_MCXtrema-1600x967.jpg\" data-fancybox=\"galery-0\" title=\"\"><br \/>\n\t\t\t\t\t\t\t<img decoding=\"async\" width=\"360\" height=\"270\" src=\"https:\/\/autorai.nl\/wp-content\/uploads\/2023\/08\/03_Maserati_MCXtrema-360x270.jpg\" class=\"attachment-small size-small\" alt=\"\" loading=\"lazy\"><i class=\"fa fa-search-plus\" aria-hidden=\"true\"><\/i><br \/>\n\t\t\t\t\t\t<\/span><br \/>\n\t\t\t\t\t<\/figure>\n<figure>\n\t\t\t\t\t<span style=\"cursor: pointer\" data-src=\"https:\/\/autorai.nl\/wp-content\/uploads\/2023\/08\/16_Maserati_MCXtrema-1600x900.jpg\" data-fancybox=\"galery-0\" title=\"\"><br \/>\n\t\t\t\t\t\t\t<img decoding=\"async\" width=\"360\" height=\"270\" src=\"https:\/\/autorai.nl\/wp-content\/uploads\/2023\/08\/16_Maserati_MCXtrema-360x270.jpg\" class=\"attachment-small size-small\" alt=\"\" loading=\"lazy\"><i class=\"fa fa-search-plus\" aria-hidden=\"true\"><\/i><br \/>\n\t\t\t\t\t\t<\/span><br \/>\n\t\t\t\t\t<\/figure>\n<figure>\n\t\t\t\t\t<span style=\"cursor: pointer\" data-src=\"https:\/\/autorai.nl\/wp-content\/uploads\/2023\/08\/15_Maserati_MCXtrema-1600x900.jpg\" data-fancybox=\"galery-0\" title=\"\"><br \/>\n\t\t\t\t\t\t\t<img decoding=\"async\" width=\"360\" height=\"270\" src=\"https:\/\/autorai.nl\/wp-content\/uploads\/2023\/08\/15_Maserati_MCXtrema-360x270.jpg\" class=\"attachment-small size-small\" alt=\"\" loading=\"lazy\"><i class=\"fa fa-search-plus\" aria-hidden=\"true\"><\/i><br \/>\n\t\t\t\t\t\t<\/span><br \/>\n\t\t\t\t\t<\/figure>\n<figure>\n\t\t\t\t\t<span style=\"cursor: pointer\" data-src=\"https:\/\/autorai.nl\/wp-content\/uploads\/2023\/08\/15_Maserati_MCXtrema-2-1600x1141.jpg\" data-fancybox=\"galery-0\" title=\"\"><br \/>\n\t\t\t\t\t\t\t<img decoding=\"async\" width=\"360\" height=\"270\" src=\"https:\/\/autorai.nl\/wp-content\/uploads\/2023\/08\/15_Maserati_MCXtrema-2-360x270.jpg\" class=\"attachment-small size-small\" alt=\"Maserati MCXtrema\" loading=\"lazy\"><i class=\"fa fa-search-plus\" aria-hidden=\"true\"><\/i><br \/>\n\t\t\t\t\t\t<\/span><br \/>\n\t\t\t\t\t<\/figure>\n<figure>\n\t\t\t\t\t<span style=\"cursor: pointer\" data-src=\"https:\/\/autorai.nl\/wp-content\/uploads\/2023\/08\/14_Maserati_MCXtrema-1600x900.jpg\" data-fancybox=\"galery-0\" title=\"\"><br \/>\n\t\t\t\t\t\t\t<img decoding=\"async\" width=\"360\" height=\"270\" src=\"https:\/\/autorai.nl\/wp-content\/uploads\/2023\/08\/14_Maserati_MCXtrema-360x270.jpg\" class=\"attachment-small size-small\" alt=\"\" loading=\"lazy\"><i class=\"fa fa-search-plus\" aria-hidden=\"true\"><\/i><br \/>\n\t\t\t\t\t\t<\/span><br \/>\n\t\t\t\t\t<\/figure>\n<figure>\n\t\t\t\t\t<span style=\"cursor: pointer\" data-src=\"https:\/\/autorai.nl\/wp-content\/uploads\/2023\/08\/13_Maserati_MCXtrema-1600x900.jpg\" data-fancybox=\"galery-0\" title=\"\"><br \/>\n\t\t\t\t\t\t\t<img decoding=\"async\" width=\"360\" height=\"270\" src=\"https:\/\/autorai.nl\/wp-content\/uploads\/2023\/08\/13_Maserati_MCXtrema-360x270.jpg\" class=\"attachment-small size-small\" alt=\"\" loading=\"lazy\"><i class=\"fa fa-search-plus\" aria-hidden=\"true\"><\/i><br \/>\n\t\t\t\t\t\t<\/span><br \/>\n\t\t\t\t\t<\/figure>\n<figure>\n\t\t\t\t\t<span style=\"cursor: pointer\" data-src=\"https:\/\/autorai.nl\/wp-content\/uploads\/2023\/08\/12_Maserati_MCXtrema-1600x900.jpg\" data-fancybox=\"galery-0\" title=\"\"><br \/>\n\t\t\t\t\t\t\t<img decoding=\"async\" width=\"360\" height=\"270\" src=\"https:\/\/autorai.nl\/wp-content\/uploads\/2023\/08\/12_Maserati_MCXtrema-360x270.jpg\" class=\"attachment-small size-small\" alt=\"Maserati MCXtrema\" loading=\"lazy\"><i class=\"fa fa-search-plus\" aria-hidden=\"true\"><\/i><br \/>\n\t\t\t\t\t\t<\/span><br \/>\n\t\t\t\t\t<\/figure>\n<figure>\n\t\t\t\t\t<span style=\"cursor: pointer\" data-src=\"https:\/\/autorai.nl\/wp-content\/uploads\/2023\/08\/11_Maserati_MCXtrema-1600x900.jpg\" data-fancybox=\"galery-0\" title=\"\"><br \/>\n\t\t\t\t\t\t\t<img decoding=\"async\" width=\"360\" height=\"270\" src=\"https:\/\/autorai.nl\/wp-content\/uploads\/2023\/08\/11_Maserati_MCXtrema-360x270.jpg\" class=\"attachment-small size-small\" alt=\"\" loading=\"lazy\"><i class=\"fa fa-search-plus\" aria-hidden=\"true\"><\/i><br \/>\n\t\t\t\t\t\t<\/span><br \/>\n\t\t\t\t\t<\/figure>\n<figure>\n\t\t\t\t\t<span style=\"cursor: pointer\" data-src=\"https:\/\/autorai.nl\/wp-content\/uploads\/2023\/08\/10_Maserati_MCXtrema-1600x900.jpg\" data-fancybox=\"galery-0\" title=\"\"><br \/>\n\t\t\t\t\t\t\t<img decoding=\"async\" width=\"360\" height=\"270\" src=\"https:\/\/autorai.nl\/wp-content\/uploads\/2023\/08\/10_Maserati_MCXtrema-360x270.jpg\" class=\"attachment-small size-small\" alt=\"\" loading=\"lazy\"><i class=\"fa fa-search-plus\" aria-hidden=\"true\"><\/i><br \/>\n\t\t\t\t\t\t<\/span><br \/>\n\t\t\t\t\t<\/figure>\n<figure>\n\t\t\t\t\t<span style=\"cursor: pointer\" data-src=\"https:\/\/autorai.nl\/wp-content\/uploads\/2023\/08\/09_Maserati_MCXtrema-1600x900.jpg\" data-fancybox=\"galery-0\" title=\"\"><br \/>\n\t\t\t\t\t\t\t<img decoding=\"async\" width=\"360\" height=\"270\" src=\"https:\/\/autorai.nl\/wp-content\/uploads\/2023\/08\/09_Maserati_MCXtrema-360x270.jpg\" class=\"attachment-small size-small\" alt=\"\" loading=\"lazy\"><i class=\"fa fa-search-plus\" aria-hidden=\"true\"><\/i><br \/>\n\t\t\t\t\t\t<\/span><br \/>\n\t\t\t\t\t<\/figure>\n<figure>\n\t\t\t\t\t<span style=\"cursor: pointer\" data-src=\"https:\/\/autorai.nl\/wp-content\/uploads\/2023\/08\/08_Maserati_MCXtrema-1600x900.jpg\" data-fancybox=\"galery-0\" title=\"\"><br \/>\n\t\t\t\t\t\t\t<img decoding=\"async\" width=\"360\" height=\"270\" src=\"https:\/\/autorai.nl\/wp-content\/uploads\/2023\/08\/08_Maserati_MCXtrema-360x270.jpg\" class=\"attachment-small size-small\" alt=\"\" loading=\"lazy\"><i class=\"fa fa-search-plus\" aria-hidden=\"true\"><\/i><br \/>\n\t\t\t\t\t\t<\/span><br \/>\n\t\t\t\t\t<\/figure>\n<figure>\n\t\t\t\t\t<span style=\"cursor: pointer\" data-src=\"https:\/\/autorai.nl\/wp-content\/uploads\/2023\/08\/07_Maserati_MCXtrema-1600x900.jpg\" data-fancybox=\"galery-0\" title=\"\"><br \/>\n\t\t\t\t\t\t\t<img decoding=\"async\" width=\"360\" height=\"270\" src=\"https:\/\/autorai.nl\/wp-content\/uploads\/2023\/08\/07_Maserati_MCXtrema-360x270.jpg\" class=\"attachment-small size-small\" alt=\"\" loading=\"lazy\"><i class=\"fa fa-search-plus\" aria-hidden=\"true\"><\/i><br \/>\n\t\t\t\t\t\t<\/span><br \/>\n\t\t\t\t\t<\/figure>\n<figure>\n\t\t\t\t\t<span style=\"cursor: pointer\" data-src=\"https:\/\/autorai.nl\/wp-content\/uploads\/2023\/08\/06_Maserati_MCXtrema-1600x1600.jpg\" data-fancybox=\"galery-0\" title=\"\"><br \/>\n\t\t\t\t\t\t\t<img decoding=\"async\" width=\"360\" height=\"270\" src=\"https:\/\/autorai.nl\/wp-content\/uploads\/2023\/08\/06_Maserati_MCXtrema-360x270.jpg\" class=\"attachment-small size-small\" alt=\"\" loading=\"lazy\"><i class=\"fa fa-search-plus\" aria-hidden=\"true\"><\/i><br \/>\n\t\t\t\t\t\t<\/span><br \/>\n\t\t\t\t\t<\/figure>\n<figure>\n\t\t\t\t\t<span style=\"cursor: pointer\" data-src=\"https:\/\/autorai.nl\/wp-content\/uploads\/2023\/08\/04_Maserati_MCXtrema-1600x1064.jpg\" data-fancybox=\"galery-0\" title=\"\"><br \/>\n\t\t\t\t\t\t\t<img decoding=\"async\" width=\"360\" height=\"270\" src=\"https:\/\/autorai.nl\/wp-content\/uploads\/2023\/08\/04_Maserati_MCXtrema-360x270.jpg\" class=\"attachment-small size-small\" alt=\"\" loading=\"lazy\"><i class=\"fa fa-search-plus\" aria-hidden=\"true\"><\/i><br \/>\n\t\t\t\t\t\t<\/span><br \/>\n\t\t\t\t\t<\/figure>\n<div class=\"clear\"><\/div>\n<\/div>\n","protected":false},"excerpt":{"rendered":"Maserati MCXtrema es un superdeportivo de edici\u00f3n limitada La \u00faltima creaci\u00f3n de la marca del tridente es \u00fanica y distintiva&hellip;","protected":false},"author":0,"featured_media":138252,"comment_status":"","ping_status":"open","sticky":false,"template":"","format":"standard","meta":{"footnotes":""},"categories":[126],"tags":[],"class_list":["post-138265","post","type-post","status-publish","format-standard","has-post-thumbnail","hentry","category-noticias-de-autos"],"acf":[],"yoast_head":"<!-- This site is optimized with the Yoast SEO plugin v21.2 - https:\/\/yoast.com\/wordpress\/plugins\/seo\/ -->\n<title>Maserati MCXtrema: ya agotado, por supuesto - All cars news<\/title>\n<meta name=\"robots\" content=\"index, follow, max-snippet:-1, max-image-preview:large, max-video-preview:-1\" \/>\n<link rel=\"canonical\" href=\"https:\/\/all-car-news.com\/es\/maserati-mcxtrema-ya-agotado-por-supuesto\/\" \/>\n<meta property=\"og:locale\" content=\"es_ES\" \/>\n<meta property=\"og:type\" content=\"article\" \/>\n<meta property=\"og:title\" content=\"Maserati MCXtrema: ya agotado, por supuesto - All cars news\" \/>\n<meta property=\"og:description\" content=\"Maserati MCXtrema es un superdeportivo de edici\u00f3n limitada La \u00faltima creaci\u00f3n de la marca del tridente es \u00fanica y distintiva en todos los sentidos: s\u00f3lo se fabricar\u00e1n 62 ejemplares de este superdeportivo de edici\u00f3n limitada, para un selecto grupo de clientes. El Maserati MCXtrema es el coche de circuito m\u00e1s potente de la historia de la marca de M\u00f3dena. \u00c9l [...]\" \/>\n<meta property=\"og:url\" content=\"https:\/\/all-car-news.com\/es\/maserati-mcxtrema-ya-agotado-por-supuesto\/\" \/>\n<meta property=\"og:site_name\" content=\"All cars news\" \/>\n<meta property=\"article:published_time\" content=\"2023-08-21T08:21:12+00:00\" \/>\n<meta property=\"og:image\" content=\"https:\/\/autorai.nl\/wp-content\/uploads\/2023\/08\/12_Maserati_MCXtrema-1140x641.jpg\" \/>\n<meta name=\"twitter:card\" content=\"summary_large_image\" \/>\n<meta name=\"twitter:label1\" content=\"Tiempo de lectura\" \/>\n\t<meta name=\"twitter:data1\" content=\"3 minutos\" \/>\n<script type=\"application\/ld+json\" class=\"yoast-schema-graph\">{\"@context\":\"https:\/\/schema.org\",\"@graph\":[{\"@type\":\"Article\",\"@id\":\"https:\/\/all-car-news.com\/es\/maserati-mcxtrema-ya-agotado-por-supuesto\/#article\",\"isPartOf\":{\"@id\":\"https:\/\/all-car-news.com\/es\/maserati-mcxtrema-ya-agotado-por-supuesto\/\"},\"author\":{\"name\":\"\",\"@id\":\"\"},\"headline\":\"Maserati MCXtrema: ya agotado, por supuesto\",\"datePublished\":\"2023-08-21T08:21:12+00:00\",\"dateModified\":\"2023-08-21T08:21:12+00:00\",\"mainEntityOfPage\":{\"@id\":\"https:\/\/all-car-news.com\/es\/maserati-mcxtrema-ya-agotado-por-supuesto\/\"},\"wordCount\":670,\"publisher\":{\"@id\":\"https:\/\/all-car-news.com\/es\/#organization\"},\"articleSection\":[\"noticias de autos\"],\"inLanguage\":\"es\"},{\"@type\":\"WebPage\",\"@id\":\"https:\/\/all-car-news.com\/es\/maserati-mcxtrema-ya-agotado-por-supuesto\/\",\"url\":\"https:\/\/all-car-news.com\/es\/maserati-mcxtrema-ya-agotado-por-supuesto\/\",\"name\":\"Maserati MCXtrema: ya agotado, por supuesto - All cars news\",\"isPartOf\":{\"@id\":\"https:\/\/all-car-news.com\/es\/#website\"},\"datePublished\":\"2023-08-21T08:21:12+00:00\",\"dateModified\":\"2023-08-21T08:21:12+00:00\",\"breadcrumb\":{\"@id\":\"https:\/\/all-car-news.com\/es\/maserati-mcxtrema-ya-agotado-por-supuesto\/#breadcrumb\"},\"inLanguage\":\"es\",\"potentialAction\":[{\"@type\":\"ReadAction\",\"target\":[\"https:\/\/all-car-news.com\/es\/maserati-mcxtrema-ya-agotado-por-supuesto\/\"]}]},{\"@type\":\"BreadcrumbList\",\"@id\":\"https:\/\/all-car-news.com\/es\/maserati-mcxtrema-ya-agotado-por-supuesto\/#breadcrumb\",\"itemListElement\":[{\"@type\":\"ListItem\",\"position\":1,\"name\":\"Home\",\"item\":\"https:\/\/all-car-news.com\/es\/\"},{\"@type\":\"ListItem\",\"position\":2,\"name\":\"Maserati MCXtrema: ya agotado, por supuesto\"}]},{\"@type\":\"WebSite\",\"@id\":\"https:\/\/all-car-news.com\/es\/#website\",\"url\":\"https:\/\/all-car-news.com\/es\/\",\"name\":\"All cars news\",\"description\":\"\",\"publisher\":{\"@id\":\"https:\/\/all-car-news.com\/es\/#organization\"},\"potentialAction\":[{\"@type\":\"SearchAction\",\"target\":{\"@type\":\"EntryPoint\",\"urlTemplate\":\"https:\/\/all-car-news.com\/es\/?s={search_term_string}\"},\"query-input\":\"required name=search_term_string\"}],\"inLanguage\":\"es\"},{\"@type\":\"Organization\",\"@id\":\"https:\/\/all-car-news.com\/es\/#organization\",\"name\":\"All cars news\",\"url\":\"https:\/\/all-car-news.com\/es\/\",\"logo\":{\"@type\":\"ImageObject\",\"inLanguage\":\"es\",\"@id\":\"https:\/\/all-car-news.com\/es\/#\/schema\/logo\/image\/\",\"url\":\"https:\/\/all-car-news.com\/wp-content\/uploads\/2022\/02\/CMYK-AllCarNews_LANDSCAPE_300px-1.png\",\"contentUrl\":\"https:\/\/all-car-news.com\/wp-content\/uploads\/2022\/02\/CMYK-AllCarNews_LANDSCAPE_300px-1.png\",\"width\":300,\"height\":100,\"caption\":\"All cars news\"},\"image\":{\"@id\":\"https:\/\/all-car-news.com\/es\/#\/schema\/logo\/image\/\"}}]}<\/script>\n<!-- \/ Yoast SEO plugin. -->","yoast_head_json":{"title":"Maserati MCXtrema: ya agotado, por supuesto - All cars news","robots":{"index":"index","follow":"follow","max-snippet":"max-snippet:-1","max-image-preview":"max-image-preview:large","max-video-preview":"max-video-preview:-1"},"canonical":"https:\/\/all-car-news.com\/es\/maserati-mcxtrema-ya-agotado-por-supuesto\/","og_locale":"es_ES","og_type":"article","og_title":"Maserati MCXtrema: ya agotado, por supuesto - All cars news","og_description":"Maserati MCXtrema es un superdeportivo de edici\u00f3n limitada La \u00faltima creaci\u00f3n de la marca del tridente es \u00fanica y distintiva en todos los sentidos: s\u00f3lo se fabricar\u00e1n 62 ejemplares de este superdeportivo de edici\u00f3n limitada, para un selecto grupo de clientes. El Maserati MCXtrema es el coche de circuito m\u00e1s potente de la historia de la marca de M\u00f3dena. \u00c9l [...]","og_url":"https:\/\/all-car-news.com\/es\/maserati-mcxtrema-ya-agotado-por-supuesto\/","og_site_name":"All cars news","article_published_time":"2023-08-21T08:21:12+00:00","og_image":[{"url":"https:\/\/autorai.nl\/wp-content\/uploads\/2023\/08\/12_Maserati_MCXtrema-1140x641.jpg"}],"twitter_card":"summary_large_image","twitter_misc":{"Tiempo de lectura":"3 minutos"},"schema":{"@context":"https:\/\/schema.org","@graph":[{"@type":"Article","@id":"https:\/\/all-car-news.com\/es\/maserati-mcxtrema-ya-agotado-por-supuesto\/#article","isPartOf":{"@id":"https:\/\/all-car-news.com\/es\/maserati-mcxtrema-ya-agotado-por-supuesto\/"},"author":{"name":"","@id":""},"headline":"Maserati MCXtrema: ya agotado, por supuesto","datePublished":"2023-08-21T08:21:12+00:00","dateModified":"2023-08-21T08:21:12+00:00","mainEntityOfPage":{"@id":"https:\/\/all-car-news.com\/es\/maserati-mcxtrema-ya-agotado-por-supuesto\/"},"wordCount":670,"publisher":{"@id":"https:\/\/all-car-news.com\/es\/#organization"},"articleSection":["noticias de autos"],"inLanguage":"es"},{"@type":"WebPage","@id":"https:\/\/all-car-news.com\/es\/maserati-mcxtrema-ya-agotado-por-supuesto\/","url":"https:\/\/all-car-news.com\/es\/maserati-mcxtrema-ya-agotado-por-supuesto\/","name":"Maserati MCXtrema: ya agotado, por supuesto - All cars news","isPartOf":{"@id":"https:\/\/all-car-news.com\/es\/#website"},"datePublished":"2023-08-21T08:21:12+00:00","dateModified":"2023-08-21T08:21:12+00:00","breadcrumb":{"@id":"https:\/\/all-car-news.com\/es\/maserati-mcxtrema-ya-agotado-por-supuesto\/#breadcrumb"},"inLanguage":"es","potentialAction":[{"@type":"ReadAction","target":["https:\/\/all-car-news.com\/es\/maserati-mcxtrema-ya-agotado-por-supuesto\/"]}]},{"@type":"BreadcrumbList","@id":"https:\/\/all-car-news.com\/es\/maserati-mcxtrema-ya-agotado-por-supuesto\/#breadcrumb","itemListElement":[{"@type":"ListItem","position":1,"name":"Home","item":"https:\/\/all-car-news.com\/es\/"},{"@type":"ListItem","position":2,"name":"Maserati MCXtrema: ya agotado, por supuesto"}]},{"@type":"WebSite","@id":"https:\/\/all-car-news.com\/es\/#website","url":"https:\/\/all-car-news.com\/es\/","name":"All cars news","description":"","publisher":{"@id":"https:\/\/all-car-news.com\/es\/#organization"},"potentialAction":[{"@type":"SearchAction","target":{"@type":"EntryPoint","urlTemplate":"https:\/\/all-car-news.com\/es\/?s={search_term_string}"},"query-input":"required name=search_term_string"}],"inLanguage":"es"},{"@type":"Organization","@id":"https:\/\/all-car-news.com\/es\/#organization","name":"All cars news","url":"https:\/\/all-car-news.com\/es\/","logo":{"@type":"ImageObject","inLanguage":"es","@id":"https:\/\/all-car-news.com\/es\/#\/schema\/logo\/image\/","url":"https:\/\/all-car-news.com\/wp-content\/uploads\/2022\/02\/CMYK-AllCarNews_LANDSCAPE_300px-1.png","contentUrl":"https:\/\/all-car-news.com\/wp-content\/uploads\/2022\/02\/CMYK-AllCarNews_LANDSCAPE_300px-1.png","width":300,"height":100,"caption":"All cars news"},"image":{"@id":"https:\/\/all-car-news.com\/es\/#\/schema\/logo\/image\/"}}]}},"_links":{"self":[{"href":"https:\/\/all-car-news.com\/es\/wp-json\/wp\/v2\/posts\/138265","targetHints":{"allow":["GET"]}}],"collection":[{"href":"https:\/\/all-car-news.com\/es\/wp-json\/wp\/v2\/posts"}],"about":[{"href":"https:\/\/all-car-news.com\/es\/wp-json\/wp\/v2\/types\/post"}],"replies":[{"embeddable":true,"href":"https:\/\/all-car-news.com\/es\/wp-json\/wp\/v2\/comments?post=138265"}],"version-history":[{"count":0,"href":"https:\/\/all-car-news.com\/es\/wp-json\/wp\/v2\/posts\/138265\/revisions"}],"wp:featuredmedia":[{"embeddable":true,"href":"https:\/\/all-car-news.com\/es\/wp-json\/wp\/v2\/media\/138252"}],"wp:attachment":[{"href":"https:\/\/all-car-news.com\/es\/wp-json\/wp\/v2\/media?parent=138265"}],"wp:term":[{"taxonomy":"category","embeddable":true,"href":"https:\/\/all-car-news.com\/es\/wp-json\/wp\/v2\/categories?post=138265"},{"taxonomy":"post_tag","embeddable":true,"href":"https:\/\/all-car-news.com\/es\/wp-json\/wp\/v2\/tags?post=138265"}],"curies":[{"name":"wp","href":"https:\/\/api.w.org\/{rel}","templated":true}]}}