{"id":138072,"date":"2023-08-14T07:56:35","date_gmt":"2023-08-14T07:56:35","guid":{"rendered":"https:\/\/all-car-news.com\/sugerencia-conferencia-unica-en-el-museo-louwman-sobre-un-pequeno-austin\/"},"modified":"2023-08-14T07:56:35","modified_gmt":"2023-08-14T07:56:35","slug":"sugerencia-conferencia-unica-en-el-museo-louwman-sobre-un-pequeno-austin","status":"publish","type":"post","link":"https:\/\/all-car-news.com\/es\/sugerencia-conferencia-unica-en-el-museo-louwman-sobre-un-pequeno-austin\/","title":{"rendered":"Sugerencia: conferencia \u00fanica en el Museo Louwman sobre un peque\u00f1o Austin"},"content":{"rendered":"<h2>Conferencia sobre el peque\u00f1o coche de carreras brit\u00e1nico<\/h2>\n<p>El t\u00edtulo de la conferencia es<em>\u00abEl gran viaje de un peque\u00f1o coche de carreras brit\u00e1nico\u00bb. <\/em>El sitio<em> <\/em>conferencia<em> <\/em>es<em> <\/em>dado<em> <\/em>por<em> <\/em>Velja Mijatovic y Rob Janzen. \u00bfQu\u00e9 ambici\u00f3n hay que tener para inscribir un peque\u00f1o coche de carreras brit\u00e1nico en la mayor carrera en carretera de todos los tiempos? El d\u00fao aborda esta cuesti\u00f3n, entre otras.<\/p>\n<h2>Charles Goodacre<\/h2>\n<p>El visitante se traslada al a\u00f1o 1931, en el que un peque\u00f1o Austin con un inexperto ingl\u00e9s de 21 a\u00f1os -Charles Goodacre- al volante compite valientemente en la Mille Miglia de la Italia de Mussolini. El Austin y su piloto se enfrentan a nombres tan sonoros como Nuvolari, Campari y Varzi, que dominan la prueba en potentes Alfas, Maseratis y Bugattis. Sorprendentemente, el peque\u00f1o y veloz Austin consigui\u00f3 vender cara su piel en la carrera e impresion\u00f3 por su rendimiento. \u00a1Incluso en Enzo Ferrari!<\/p>\n<h2>Desafiantes carreteras de grava<\/h2>\n<p>La conferencia abarca esta gran aventura llena de desafiantes caminos de grava y peligros, donde la habilidad al volante es imprescindible. La conferencia tambi\u00e9n analiza el lado negativo de la Mille Miglia y c\u00f3mo fue utilizada como instrumento de propaganda por el r\u00e9gimen fascista liderado por Mussolini, para el que era esencial mostrar superioridad al mundo.<\/p>\n<h2>Conferencia: 17 de agosto<\/h2>\n<p>Los visitantes del Museo Louwman de La Haya podr\u00e1n asistir a la conferencia el jueves 17 de agosto. La conferencia comienza a las 15.00 horas. El local abre a partir de las 14.45 horas.<\/p>\n<figure class=\"wp-block-image size-content\"><img decoding=\"async\" loading=\"lazy\" width=\"1140\" height=\"760\" src=\"https:\/\/autorai.nl\/wp-content\/uploads\/2023\/08\/NVB7473_Louwman-Museum-Van-Cyclecar-naar-Grand-Sport93-1140x760.jpg\" alt=\"Museo Louwman: del Cyclecar al Grand Sport\" class=\"wp-image-164512\"><\/figure>\n","protected":false},"excerpt":{"rendered":"Conferencia sobre un peque\u00f1o coche de carreras brit\u00e1nico El t\u00edtulo de la conferencia es \"El gran viaje de un peque\u00f1o&hellip;","protected":false},"author":0,"featured_media":138059,"comment_status":"","ping_status":"open","sticky":false,"template":"","format":"standard","meta":{"footnotes":""},"categories":[129,126],"tags":[],"class_list":["post-138072","post","type-post","status-publish","format-standard","has-post-thumbnail","hentry","category-fondo","category-noticias-de-autos"],"acf":[],"yoast_head":"<!-- This site is optimized with the Yoast SEO plugin v21.2 - https:\/\/yoast.com\/wordpress\/plugins\/seo\/ -->\n<title>Sugerencia: conferencia \u00fanica en el Museo Louwman sobre un peque\u00f1o Austin - All cars news<\/title>\n<meta name=\"robots\" content=\"index, follow, max-snippet:-1, max-image-preview:large, max-video-preview:-1\" \/>\n<link rel=\"canonical\" href=\"https:\/\/all-car-news.com\/es\/sugerencia-conferencia-unica-en-el-museo-louwman-sobre-un-pequeno-austin\/\" \/>\n<meta property=\"og:locale\" content=\"es_ES\" \/>\n<meta property=\"og:type\" content=\"article\" \/>\n<meta property=\"og:title\" content=\"Sugerencia: conferencia \u00fanica en el Museo Louwman sobre un peque\u00f1o Austin - All cars news\" \/>\n<meta property=\"og:description\" content=\"Conferencia sobre un peque\u00f1o coche de carreras brit\u00e1nico El t\u00edtulo de la conferencia es &quot;El gran viaje de un peque\u00f1o coche de carreras brit\u00e1nico&quot;. La conferencia correr\u00e1 a cargo de Velja Mijatovic y Rob Janzen. \u00bfQu\u00e9 ambici\u00f3n hay que tener para inscribir un peque\u00f1o coche de carreras brit\u00e1nico en la mayor carrera en carretera de todos los tiempos? Entre otras cosas, el d\u00fao [...]\" \/>\n<meta property=\"og:url\" content=\"https:\/\/all-car-news.com\/es\/sugerencia-conferencia-unica-en-el-museo-louwman-sobre-un-pequeno-austin\/\" \/>\n<meta property=\"og:site_name\" content=\"All cars news\" \/>\n<meta property=\"article:published_time\" content=\"2023-08-14T07:56:35+00:00\" \/>\n<meta property=\"og:image\" content=\"https:\/\/autorai.nl\/wp-content\/uploads\/2023\/08\/NVB7473_Louwman-Museum-Van-Cyclecar-naar-Grand-Sport93-1140x760.jpg\" \/>\n<meta name=\"twitter:card\" content=\"summary_large_image\" \/>\n<meta name=\"twitter:label1\" content=\"Tiempo de lectura\" \/>\n\t<meta name=\"twitter:data1\" content=\"1 minuto\" \/>\n<script type=\"application\/ld+json\" class=\"yoast-schema-graph\">{\"@context\":\"https:\/\/schema.org\",\"@graph\":[{\"@type\":\"Article\",\"@id\":\"https:\/\/all-car-news.com\/es\/sugerencia-conferencia-unica-en-el-museo-louwman-sobre-un-pequeno-austin\/#article\",\"isPartOf\":{\"@id\":\"https:\/\/all-car-news.com\/es\/sugerencia-conferencia-unica-en-el-museo-louwman-sobre-un-pequeno-austin\/\"},\"author\":{\"name\":\"\",\"@id\":\"\"},\"headline\":\"Sugerencia: conferencia \u00fanica en el Museo Louwman sobre un peque\u00f1o Austin\",\"datePublished\":\"2023-08-14T07:56:35+00:00\",\"dateModified\":\"2023-08-14T07:56:35+00:00\",\"mainEntityOfPage\":{\"@id\":\"https:\/\/all-car-news.com\/es\/sugerencia-conferencia-unica-en-el-museo-louwman-sobre-un-pequeno-austin\/\"},\"wordCount\":274,\"publisher\":{\"@id\":\"https:\/\/all-car-news.com\/es\/#organization\"},\"articleSection\":[\"Fondo\",\"noticias de autos\"],\"inLanguage\":\"es\"},{\"@type\":\"WebPage\",\"@id\":\"https:\/\/all-car-news.com\/es\/sugerencia-conferencia-unica-en-el-museo-louwman-sobre-un-pequeno-austin\/\",\"url\":\"https:\/\/all-car-news.com\/es\/sugerencia-conferencia-unica-en-el-museo-louwman-sobre-un-pequeno-austin\/\",\"name\":\"Sugerencia: conferencia \u00fanica en el Museo Louwman sobre un peque\u00f1o Austin - All cars news\",\"isPartOf\":{\"@id\":\"https:\/\/all-car-news.com\/es\/#website\"},\"datePublished\":\"2023-08-14T07:56:35+00:00\",\"dateModified\":\"2023-08-14T07:56:35+00:00\",\"breadcrumb\":{\"@id\":\"https:\/\/all-car-news.com\/es\/sugerencia-conferencia-unica-en-el-museo-louwman-sobre-un-pequeno-austin\/#breadcrumb\"},\"inLanguage\":\"es\",\"potentialAction\":[{\"@type\":\"ReadAction\",\"target\":[\"https:\/\/all-car-news.com\/es\/sugerencia-conferencia-unica-en-el-museo-louwman-sobre-un-pequeno-austin\/\"]}]},{\"@type\":\"BreadcrumbList\",\"@id\":\"https:\/\/all-car-news.com\/es\/sugerencia-conferencia-unica-en-el-museo-louwman-sobre-un-pequeno-austin\/#breadcrumb\",\"itemListElement\":[{\"@type\":\"ListItem\",\"position\":1,\"name\":\"Home\",\"item\":\"https:\/\/all-car-news.com\/es\/\"},{\"@type\":\"ListItem\",\"position\":2,\"name\":\"Sugerencia: conferencia \u00fanica en el Museo Louwman sobre un peque\u00f1o Austin\"}]},{\"@type\":\"WebSite\",\"@id\":\"https:\/\/all-car-news.com\/es\/#website\",\"url\":\"https:\/\/all-car-news.com\/es\/\",\"name\":\"All cars news\",\"description\":\"\",\"publisher\":{\"@id\":\"https:\/\/all-car-news.com\/es\/#organization\"},\"potentialAction\":[{\"@type\":\"SearchAction\",\"target\":{\"@type\":\"EntryPoint\",\"urlTemplate\":\"https:\/\/all-car-news.com\/es\/?s={search_term_string}\"},\"query-input\":\"required name=search_term_string\"}],\"inLanguage\":\"es\"},{\"@type\":\"Organization\",\"@id\":\"https:\/\/all-car-news.com\/es\/#organization\",\"name\":\"All cars news\",\"url\":\"https:\/\/all-car-news.com\/es\/\",\"logo\":{\"@type\":\"ImageObject\",\"inLanguage\":\"es\",\"@id\":\"https:\/\/all-car-news.com\/es\/#\/schema\/logo\/image\/\",\"url\":\"https:\/\/all-car-news.com\/wp-content\/uploads\/2022\/02\/CMYK-AllCarNews_LANDSCAPE_300px-1.png\",\"contentUrl\":\"https:\/\/all-car-news.com\/wp-content\/uploads\/2022\/02\/CMYK-AllCarNews_LANDSCAPE_300px-1.png\",\"width\":300,\"height\":100,\"caption\":\"All cars news\"},\"image\":{\"@id\":\"https:\/\/all-car-news.com\/es\/#\/schema\/logo\/image\/\"}}]}<\/script>\n<!-- \/ Yoast SEO plugin. -->","yoast_head_json":{"title":"Sugerencia: conferencia \u00fanica en el Museo Louwman sobre un peque\u00f1o Austin - All cars news","robots":{"index":"index","follow":"follow","max-snippet":"max-snippet:-1","max-image-preview":"max-image-preview:large","max-video-preview":"max-video-preview:-1"},"canonical":"https:\/\/all-car-news.com\/es\/sugerencia-conferencia-unica-en-el-museo-louwman-sobre-un-pequeno-austin\/","og_locale":"es_ES","og_type":"article","og_title":"Sugerencia: conferencia \u00fanica en el Museo Louwman sobre un peque\u00f1o Austin - All cars news","og_description":"Conferencia sobre un peque\u00f1o coche de carreras brit\u00e1nico El t\u00edtulo de la conferencia es \"El gran viaje de un peque\u00f1o coche de carreras brit\u00e1nico\". La conferencia correr\u00e1 a cargo de Velja Mijatovic y Rob Janzen. \u00bfQu\u00e9 ambici\u00f3n hay que tener para inscribir un peque\u00f1o coche de carreras brit\u00e1nico en la mayor carrera en carretera de todos los tiempos? Entre otras cosas, el d\u00fao [...]","og_url":"https:\/\/all-car-news.com\/es\/sugerencia-conferencia-unica-en-el-museo-louwman-sobre-un-pequeno-austin\/","og_site_name":"All cars news","article_published_time":"2023-08-14T07:56:35+00:00","og_image":[{"url":"https:\/\/autorai.nl\/wp-content\/uploads\/2023\/08\/NVB7473_Louwman-Museum-Van-Cyclecar-naar-Grand-Sport93-1140x760.jpg"}],"twitter_card":"summary_large_image","twitter_misc":{"Tiempo de lectura":"1 minuto"},"schema":{"@context":"https:\/\/schema.org","@graph":[{"@type":"Article","@id":"https:\/\/all-car-news.com\/es\/sugerencia-conferencia-unica-en-el-museo-louwman-sobre-un-pequeno-austin\/#article","isPartOf":{"@id":"https:\/\/all-car-news.com\/es\/sugerencia-conferencia-unica-en-el-museo-louwman-sobre-un-pequeno-austin\/"},"author":{"name":"","@id":""},"headline":"Sugerencia: conferencia \u00fanica en el Museo Louwman sobre un peque\u00f1o Austin","datePublished":"2023-08-14T07:56:35+00:00","dateModified":"2023-08-14T07:56:35+00:00","mainEntityOfPage":{"@id":"https:\/\/all-car-news.com\/es\/sugerencia-conferencia-unica-en-el-museo-louwman-sobre-un-pequeno-austin\/"},"wordCount":274,"publisher":{"@id":"https:\/\/all-car-news.com\/es\/#organization"},"articleSection":["Fondo","noticias de autos"],"inLanguage":"es"},{"@type":"WebPage","@id":"https:\/\/all-car-news.com\/es\/sugerencia-conferencia-unica-en-el-museo-louwman-sobre-un-pequeno-austin\/","url":"https:\/\/all-car-news.com\/es\/sugerencia-conferencia-unica-en-el-museo-louwman-sobre-un-pequeno-austin\/","name":"Sugerencia: conferencia \u00fanica en el Museo Louwman sobre un peque\u00f1o Austin - All cars news","isPartOf":{"@id":"https:\/\/all-car-news.com\/es\/#website"},"datePublished":"2023-08-14T07:56:35+00:00","dateModified":"2023-08-14T07:56:35+00:00","breadcrumb":{"@id":"https:\/\/all-car-news.com\/es\/sugerencia-conferencia-unica-en-el-museo-louwman-sobre-un-pequeno-austin\/#breadcrumb"},"inLanguage":"es","potentialAction":[{"@type":"ReadAction","target":["https:\/\/all-car-news.com\/es\/sugerencia-conferencia-unica-en-el-museo-louwman-sobre-un-pequeno-austin\/"]}]},{"@type":"BreadcrumbList","@id":"https:\/\/all-car-news.com\/es\/sugerencia-conferencia-unica-en-el-museo-louwman-sobre-un-pequeno-austin\/#breadcrumb","itemListElement":[{"@type":"ListItem","position":1,"name":"Home","item":"https:\/\/all-car-news.com\/es\/"},{"@type":"ListItem","position":2,"name":"Sugerencia: conferencia \u00fanica en el Museo Louwman sobre un peque\u00f1o Austin"}]},{"@type":"WebSite","@id":"https:\/\/all-car-news.com\/es\/#website","url":"https:\/\/all-car-news.com\/es\/","name":"All cars news","description":"","publisher":{"@id":"https:\/\/all-car-news.com\/es\/#organization"},"potentialAction":[{"@type":"SearchAction","target":{"@type":"EntryPoint","urlTemplate":"https:\/\/all-car-news.com\/es\/?s={search_term_string}"},"query-input":"required name=search_term_string"}],"inLanguage":"es"},{"@type":"Organization","@id":"https:\/\/all-car-news.com\/es\/#organization","name":"All cars news","url":"https:\/\/all-car-news.com\/es\/","logo":{"@type":"ImageObject","inLanguage":"es","@id":"https:\/\/all-car-news.com\/es\/#\/schema\/logo\/image\/","url":"https:\/\/all-car-news.com\/wp-content\/uploads\/2022\/02\/CMYK-AllCarNews_LANDSCAPE_300px-1.png","contentUrl":"https:\/\/all-car-news.com\/wp-content\/uploads\/2022\/02\/CMYK-AllCarNews_LANDSCAPE_300px-1.png","width":300,"height":100,"caption":"All cars news"},"image":{"@id":"https:\/\/all-car-news.com\/es\/#\/schema\/logo\/image\/"}}]}},"_links":{"self":[{"href":"https:\/\/all-car-news.com\/es\/wp-json\/wp\/v2\/posts\/138072","targetHints":{"allow":["GET"]}}],"collection":[{"href":"https:\/\/all-car-news.com\/es\/wp-json\/wp\/v2\/posts"}],"about":[{"href":"https:\/\/all-car-news.com\/es\/wp-json\/wp\/v2\/types\/post"}],"replies":[{"embeddable":true,"href":"https:\/\/all-car-news.com\/es\/wp-json\/wp\/v2\/comments?post=138072"}],"version-history":[{"count":0,"href":"https:\/\/all-car-news.com\/es\/wp-json\/wp\/v2\/posts\/138072\/revisions"}],"wp:featuredmedia":[{"embeddable":true,"href":"https:\/\/all-car-news.com\/es\/wp-json\/wp\/v2\/media\/138059"}],"wp:attachment":[{"href":"https:\/\/all-car-news.com\/es\/wp-json\/wp\/v2\/media?parent=138072"}],"wp:term":[{"taxonomy":"category","embeddable":true,"href":"https:\/\/all-car-news.com\/es\/wp-json\/wp\/v2\/categories?post=138072"},{"taxonomy":"post_tag","embeddable":true,"href":"https:\/\/all-car-news.com\/es\/wp-json\/wp\/v2\/tags?post=138072"}],"curies":[{"name":"wp","href":"https:\/\/api.w.org\/{rel}","templated":true}]}}