{"id":138035,"date":"2023-08-12T08:40:00","date_gmt":"2023-08-12T08:40:00","guid":{"rendered":"https:\/\/all-car-news.com\/review-rolls-royce-cullinan-inspirado-en-la-moda-por-que-ese-color\/"},"modified":"2023-08-12T08:40:00","modified_gmt":"2023-08-12T08:40:00","slug":"review-rolls-royce-cullinan-inspirado-en-la-moda-por-que-ese-color","status":"publish","type":"post","link":"https:\/\/all-car-news.com\/es\/review-rolls-royce-cullinan-inspirado-en-la-moda-por-que-ese-color\/","title":{"rendered":"Review &#8211; Rolls-Royce Cullinan Inspirado en la moda, \u00bfpor qu\u00e9 ese color?"},"content":{"rendered":"<h2>Rolls-Royce Cullinan a la moda<\/h2>\n<p>Vale, un Cullinan en color verde lima. \u00bfCu\u00e1l es el truco? \u00bfEs una envoltura? \u00bfO se trata de un truco publicitario? Pues bien, el comprador de un Rolls-Royce suele preferir esta marca a otras como declaraci\u00f3n de moda. El coche que estamos conduciendo es, por tanto, un Rolls-Royce Cullinan Inspired by Fashion, especialmente creado por Rolls-Royce para mostrar lo que es posible con el programa Bespoke de Rolls-Royce. La marca tambi\u00e9n entrega coches rosas, si el cliente lo solicita. El cliente es el rey. Cualquier deseo es posible, a menudo por un m\u00f3dico precio.<\/p>\n<h2>El precio<\/h2>\n<p>\u00bfSe preguntar\u00e1 cu\u00e1nto cuesta este coche? En la matriculaci\u00f3n holandesa hay que pensar en unos 630.000 euros, incluidos todos los impuestos. El precio de partida de un Rolls-Royce Cullinan en los Pa\u00edses Bajos comienza en 495.393 euros. Por eso, con algunas opciones y trabajos a medida, ese precio puede aumentar considerablemente. Habr\u00e1 poca diferencia para un comprador de Rolls-Royce. Los que pueden permitirse un Rolls no se molestar\u00e1n con una tonelada m\u00e1s.<\/p>\n<figure class=\"wp-block-image size-content\"><img decoding=\"async\" loading=\"lazy\" width=\"1140\" height=\"855\" src=\"https:\/\/autorai.nl\/wp-content\/uploads\/2023\/08\/rolls-royce-cullinan-inspired-by-fashion-2023-foto34-1140x855.jpg\" alt=\"Rolls-Royce Cullinan inspirado en la moda\" class=\"wp-image-164449\"><\/figure>\n<h2>Cuatro temas inspirados en la moda<\/h2>\n<p>Rolls-Royce ha desarrollado un total de cuatro temas Inspired by Fashion. Se puede elegir entre dos variantes de Re-Belle y dos variantes de Fu-Shion. Los temas de Fu-Shion incluyen el Verde Militar y el Gris Tempestad. \u00bfPuede el coche destacar un poco m\u00e1s? Entonces opta por el tema Re-Belle. Est\u00e1 disponible en sabores Wildberry o, en el caso del Cullinan, Lime Green.  <\/p>\n<div class=\"galery shuffle galery-0\">\n<figure>\n\t\t\t\t\t<span style=\"cursor: pointer\" data-src=\"https:\/\/autorai.nl\/wp-content\/uploads\/2023\/08\/\u2018CULLINAN-\u2013-INSPIRED-BY-FASHION-FU-SHION-MILITARY-GREEN-1-1600x900.jpg\" data-fancybox=\"galery-0\" title=\"\"><br \/>\n\t\t\t\t\t\t\t<img decoding=\"async\" width=\"640\" height=\"480\" src=\"https:\/\/autorai.nl\/wp-content\/uploads\/2023\/08\/%E2%80%98CULLINAN-%E2%80%93-INSPIRED-BY-FASHION-FU-SHION-MILITARY-GREEN-1-640x480.jpg\" class=\"attachment-medium size-medium\" alt=\"\" loading=\"lazy\"><i class=\"fa fa-search-plus\" aria-hidden=\"true\"><\/i><br \/>\n\t\t\t\t\t\t<\/span><br \/>\n\t\t\t\t\t<\/figure>\n<figure>\n\t\t\t\t\t<span style=\"cursor: pointer\" data-src=\"https:\/\/autorai.nl\/wp-content\/uploads\/2023\/08\/\u2018CULLINAN-\u2013-INSPIRED-BY-FASHION-FU-SHION-MILITARY-GREEN-3-1600x900.jpg\" data-fancybox=\"galery-0\" title=\"\"><br \/>\n\t\t\t\t\t\t\t<img decoding=\"async\" width=\"360\" height=\"270\" src=\"https:\/\/autorai.nl\/wp-content\/uploads\/2023\/08\/%E2%80%98CULLINAN-%E2%80%93-INSPIRED-BY-FASHION-FU-SHION-MILITARY-GREEN-3-360x270.jpg\" class=\"attachment-small size-small\" alt=\"\" loading=\"lazy\"><i class=\"fa fa-search-plus\" aria-hidden=\"true\"><\/i><br \/>\n\t\t\t\t\t\t<\/span><br \/>\n\t\t\t\t\t<\/figure>\n<figure>\n\t\t\t\t\t<span style=\"cursor: pointer\" data-src=\"https:\/\/autorai.nl\/wp-content\/uploads\/2023\/08\/\u2018CULLINAN-\u2013-INSPIRED-BY-FASHION-FU-SHION-MILITARY-GREEN-2-1600x900.jpg\" data-fancybox=\"galery-0\" title=\"\"><br \/>\n\t\t\t\t\t\t\t<img decoding=\"async\" width=\"360\" height=\"270\" src=\"https:\/\/autorai.nl\/wp-content\/uploads\/2023\/08\/%E2%80%98CULLINAN-%E2%80%93-INSPIRED-BY-FASHION-FU-SHION-MILITARY-GREEN-2-360x270.jpg\" class=\"attachment-small size-small\" alt=\"\" loading=\"lazy\"><i class=\"fa fa-search-plus\" aria-hidden=\"true\"><\/i><br \/>\n\t\t\t\t\t\t<\/span><br \/>\n\t\t\t\t\t<\/figure>\n<figure>\n\t\t\t\t\t<span style=\"cursor: pointer\" data-src=\"https:\/\/autorai.nl\/wp-content\/uploads\/2023\/08\/\u2018CULLINAN-\u2013-INSPIRED-BY-FASHION-FU-SHION-TEMPEST-GREY-1-1600x900.jpg\" data-fancybox=\"galery-0\" title=\"\"><br \/>\n\t\t\t\t\t\t\t<img decoding=\"async\" width=\"640\" height=\"480\" src=\"https:\/\/autorai.nl\/wp-content\/uploads\/2023\/08\/%E2%80%98CULLINAN-%E2%80%93-INSPIRED-BY-FASHION-FU-SHION-TEMPEST-GREY-1-640x480.jpg\" class=\"attachment-medium size-medium\" alt=\"\" loading=\"lazy\"><i class=\"fa fa-search-plus\" aria-hidden=\"true\"><\/i><br \/>\n\t\t\t\t\t\t<\/span><br \/>\n\t\t\t\t\t<\/figure>\n<figure>\n\t\t\t\t\t<span style=\"cursor: pointer\" data-src=\"https:\/\/autorai.nl\/wp-content\/uploads\/2023\/08\/\u2018CULLINAN-\u2013-INSPIRED-BY-FASHION-FU-SHION-TEMPEST-GREY-3-1600x900.jpg\" data-fancybox=\"galery-0\" title=\"\"><br \/>\n\t\t\t\t\t\t\t<img decoding=\"async\" width=\"360\" height=\"270\" src=\"https:\/\/autorai.nl\/wp-content\/uploads\/2023\/08\/%E2%80%98CULLINAN-%E2%80%93-INSPIRED-BY-FASHION-FU-SHION-TEMPEST-GREY-3-360x270.jpg\" class=\"attachment-small size-small\" alt=\"\" loading=\"lazy\"><i class=\"fa fa-search-plus\" aria-hidden=\"true\"><\/i><br \/>\n\t\t\t\t\t\t<\/span><br \/>\n\t\t\t\t\t<\/figure>\n<figure>\n\t\t\t\t\t<span style=\"cursor: pointer\" data-src=\"https:\/\/autorai.nl\/wp-content\/uploads\/2023\/08\/\u2018CULLINAN-\u2013-INSPIRED-BY-FASHION-FU-SHION-TEMPEST-GREY-2-1600x900.jpg\" data-fancybox=\"galery-0\" title=\"\"><br \/>\n\t\t\t\t\t\t\t<img decoding=\"async\" width=\"360\" height=\"270\" src=\"https:\/\/autorai.nl\/wp-content\/uploads\/2023\/08\/%E2%80%98CULLINAN-%E2%80%93-INSPIRED-BY-FASHION-FU-SHION-TEMPEST-GREY-2-360x270.jpg\" class=\"attachment-small size-small\" alt=\"\" loading=\"lazy\"><i class=\"fa fa-search-plus\" aria-hidden=\"true\"><\/i><br \/>\n\t\t\t\t\t\t<\/span><br \/>\n\t\t\t\t\t<\/figure>\n<figure>\n\t\t\t\t\t<span style=\"cursor: pointer\" data-src=\"https:\/\/autorai.nl\/wp-content\/uploads\/2023\/08\/\u2018CULLINAN-\u2013-INSPIRED-BY-FASHION-RE-BELLE-WILDBERRY-3-1600x900.jpg\" data-fancybox=\"galery-0\" title=\"\"><br \/>\n\t\t\t\t\t\t\t<img decoding=\"async\" width=\"640\" height=\"480\" src=\"https:\/\/autorai.nl\/wp-content\/uploads\/2023\/08\/%E2%80%98CULLINAN-%E2%80%93-INSPIRED-BY-FASHION-RE-BELLE-WILDBERRY-3-640x480.jpg\" class=\"attachment-medium size-medium\" alt=\"\" loading=\"lazy\"><i class=\"fa fa-search-plus\" aria-hidden=\"true\"><\/i><br \/>\n\t\t\t\t\t\t<\/span><br \/>\n\t\t\t\t\t<\/figure>\n<figure>\n\t\t\t\t\t<span style=\"cursor: pointer\" data-src=\"https:\/\/autorai.nl\/wp-content\/uploads\/2023\/08\/\u2018CULLINAN-\u2013-INSPIRED-BY-FASHION-RE-BELLE-WILDBERRY-2-1600x900.jpg\" data-fancybox=\"galery-0\" title=\"\"><br \/>\n\t\t\t\t\t\t\t<img decoding=\"async\" width=\"360\" height=\"270\" src=\"https:\/\/autorai.nl\/wp-content\/uploads\/2023\/08\/%E2%80%98CULLINAN-%E2%80%93-INSPIRED-BY-FASHION-RE-BELLE-WILDBERRY-2-360x270.jpg\" class=\"attachment-small size-small\" alt=\"\" loading=\"lazy\"><i class=\"fa fa-search-plus\" aria-hidden=\"true\"><\/i><br \/>\n\t\t\t\t\t\t<\/span><br \/>\n\t\t\t\t\t<\/figure>\n<figure>\n\t\t\t\t\t<span style=\"cursor: pointer\" data-src=\"https:\/\/autorai.nl\/wp-content\/uploads\/2023\/08\/\u2018CULLINAN-\u2013-INSPIRED-BY-FASHION-RE-BELLE-WILDBERRY-1-1600x900.jpg\" data-fancybox=\"galery-0\" title=\"\"><br \/>\n\t\t\t\t\t\t\t<img decoding=\"async\" width=\"360\" height=\"270\" src=\"https:\/\/autorai.nl\/wp-content\/uploads\/2023\/08\/%E2%80%98CULLINAN-%E2%80%93-INSPIRED-BY-FASHION-RE-BELLE-WILDBERRY-1-360x270.jpg\" class=\"attachment-small size-small\" alt=\"\" loading=\"lazy\"><i class=\"fa fa-search-plus\" aria-hidden=\"true\"><\/i><br \/>\n\t\t\t\t\t\t<\/span><br \/>\n\t\t\t\t\t<\/figure>\n<figure>\n\t\t\t\t\t<span style=\"cursor: pointer\" data-src=\"https:\/\/autorai.nl\/wp-content\/uploads\/2023\/08\/\u2018CULLINAN-\u2013-INSPIRED-BY-FASHION-RE-BELLE-LIME-GREEN-2-1600x900.jpg\" data-fancybox=\"galery-0\" title=\"\"><br \/>\n\t\t\t\t\t\t\t<img decoding=\"async\" width=\"640\" height=\"480\" src=\"https:\/\/autorai.nl\/wp-content\/uploads\/2023\/08\/%E2%80%98CULLINAN-%E2%80%93-INSPIRED-BY-FASHION-RE-BELLE-LIME-GREEN-2-640x480.jpg\" class=\"attachment-medium size-medium\" alt=\"\" loading=\"lazy\"><i class=\"fa fa-search-plus\" aria-hidden=\"true\"><\/i><br \/>\n\t\t\t\t\t\t<\/span><br \/>\n\t\t\t\t\t<\/figure>\n<figure>\n\t\t\t\t\t<span style=\"cursor: pointer\" data-src=\"https:\/\/autorai.nl\/wp-content\/uploads\/2023\/08\/\u2018CULLINAN-\u2013-INSPIRED-BY-FASHION-RE-BELLE-LIME-GREEN-1-1600x900.jpg\" data-fancybox=\"galery-0\" title=\"\"><br \/>\n\t\t\t\t\t\t\t<img decoding=\"async\" width=\"360\" height=\"270\" src=\"https:\/\/autorai.nl\/wp-content\/uploads\/2023\/08\/%E2%80%98CULLINAN-%E2%80%93-INSPIRED-BY-FASHION-RE-BELLE-LIME-GREEN-1-360x270.jpg\" class=\"attachment-small size-small\" alt=\"\" loading=\"lazy\"><i class=\"fa fa-search-plus\" aria-hidden=\"true\"><\/i><br \/>\n\t\t\t\t\t\t<\/span><br \/>\n\t\t\t\t\t<\/figure>\n<figure>\n\t\t\t\t\t<span style=\"cursor: pointer\" data-src=\"https:\/\/autorai.nl\/wp-content\/uploads\/2023\/08\/\u2018CULLINAN-\u2013-INSPIRED-BY-FASHION-RE-BELLE-LIME-GREEN-3-1600x900.jpg\" data-fancybox=\"galery-0\" title=\"\"><br \/>\n\t\t\t\t\t\t\t<img decoding=\"async\" width=\"360\" height=\"270\" src=\"https:\/\/autorai.nl\/wp-content\/uploads\/2023\/08\/%E2%80%98CULLINAN-%E2%80%93-INSPIRED-BY-FASHION-RE-BELLE-LIME-GREEN-3-360x270.jpg\" class=\"attachment-small size-small\" alt=\"\" loading=\"lazy\"><i class=\"fa fa-search-plus\" aria-hidden=\"true\"><\/i><br \/>\n\t\t\t\t\t\t<\/span><br \/>\n\t\t\t\t\t<\/figure>\n<div class=\"clear\"><\/div>\n<\/div>\n<h2>Juegos de maletas a juego<\/h2>\n<p>Para viajar con el m\u00e1ximo estilo, el Cullinan Inspired by Fashion est\u00e1 disponible con juegos de maletas a juego, dise\u00f1ados para complementar cada uno de los cuatro temas interiores. La colecci\u00f3n se compone de 24hr Weekender, 48hr Weekender, Holdall, Tote Bag y Organiser Pouch. Los art\u00edculos est\u00e1n disponibles individualmente o como juego de cinco piezas.<\/p>\n<h2>\u00bfQu\u00e9 ha hecho Rolls-Royce ahora? &#8211; Cullinan inspirado en la moda &#8211; RESE\u00d1A &#8211; AutoRAI TV<\/h2>\n<\/p>\n<figure class=\"wp-block-embed is-type-video is-provider-youtube wp-block-embed-youtube wp-embed-aspect-16-9 wp-has-aspect-ratio\">\n<div class=\"wp-block-embed__wrapper\">\n<\/div>\n<\/figure>\n<h2>Atenci\u00f3n en abundancia<\/h2>\n<p>Cr\u00e9enos: la atenci\u00f3n que atrae este coche est\u00e1 por encima de la media. Mientras atravesamos un pueblo, hay un joven a un lado de la carretera que, tras ver este Rolls-Royce, pone cara de ver agua arder. Incluso en carretera, este Cullinan Inspired by Fahsion en color verde lima es un aut\u00e9ntico rompe cuellos. En el aparcamiento, este coche tambi\u00e9n genera divertidas conversaciones. Por lo tanto, quienes necesiten socializar m\u00e1s est\u00e1n en una excelente posici\u00f3n para elegir este color. La gente siempre quiere saberlo.<\/p>\n<figure class=\"wp-block-image size-content\"><img decoding=\"async\" loading=\"lazy\" width=\"1140\" height=\"855\" src=\"https:\/\/autorai.nl\/wp-content\/uploads\/2023\/08\/rolls-royce-cullinan-inspired-by-fashion-2023-foto3-1140x855.jpg\" alt=\"Rolls-Royce Cullinan inspirado en la moda\" class=\"wp-image-164418\"><\/figure>\n<h2>Composici\u00f3n del Rolls-Royce Cullinan inspirada en la moda<\/h2>\n<p>Afortunadamente, tambi\u00e9n hay mucho que decir sobre este coche. No s\u00f3lo sobre composici\u00f3n. Por supuesto, el exterior es especial, pero el interior de este SUV tambi\u00e9n es algo digno de contemplar. El equipo de dise\u00f1o ha elegido colores como el gris hmere, el gris scivaro y el verde lima con un acabado de salpicadero de metal tejido en plata. Todo est\u00e1 bellamente coordinado como s\u00f3lo Rolls-Royce podr\u00eda hacerlo. Los acabados son de una calidad excepcional. Las alfombrillas de lana de cordero proporcionan una sensaci\u00f3n instant\u00e1nea de lujo.<\/p>\n<h2>Estrella fugaz<\/h2>\n<p>En el interior, naturalmente, tambi\u00e9n destaca el techo interior Shooting Star: techo interior con peque\u00f1as estrellas. Una instalaci\u00f3n magistral. Sin embargo, este Cullinan tambi\u00e9n tiene una primicia. De hecho, este en concreto incorpora la nueva opci\u00f3n de port\u00f3n trasero Starlight. Esta nueva opci\u00f3n Bespoke extiende la m\u00e1gica atm\u00f3sfera celestial m\u00e1s all\u00e1 del interior del coche. Esta caracter\u00edstica Bespoke, cuya fabricaci\u00f3n lleva m\u00e1s de 22 horas, consiste en 192 estrellas suavemente iluminadas incrustadas en el cuero perforado.  <\/p>\n<figure class=\"wp-block-image size-content\"><img decoding=\"async\" loading=\"lazy\" width=\"1140\" height=\"855\" src=\"https:\/\/autorai.nl\/wp-content\/uploads\/2023\/08\/rolls-royce-cullinan-inspired-by-fashion-2023-foto18-1140x855.jpg\" alt=\"\" class=\"wp-image-164433\"><\/figure>\n<h2>Suite de visualizaci\u00f3n<\/h2>\n<p>El Starlight Tailgate se complementa con la Viewing Suite. Se trata de dos sillas deslizantes con una mesa plegable. La idea es que puedas disfrutar de la encantadora belleza de una noche estrellada en cualquier momento y lugar. Bien. Por cierto, s\u00f3lo la Viewing Suite cuesta m\u00e1s de 20.000 euros. Pero la idea es maravillosa. Incluso tomar una taza de caf\u00e9 se convierte en una experiencia casi m\u00e1gica con la Viewing Suite, sobre todo cuando fuera ya est\u00e1 oscuro. Este es un coche para bon vivants.  <\/p>\n<h2>Dimensiones Rolls-Royce Cullinan<\/h2>\n<p>Peque\u00f1o nunca ha sido el Cullinan. La amenaza SUV tiene una longitud de 5,34 metros, una anchura de 2 metros y una altura de 1.835 mm. Como cabe esperar de un Rolls-Royce, la distancia entre ejes tambi\u00e9n es generosa: 3.295 mm. \u00bfQu\u00e9 debe pesar todo eso? Tanto como 2.690 kilogramos.<\/p>\n<figure class=\"wp-block-image size-content\"><img decoding=\"async\" loading=\"lazy\" width=\"1140\" height=\"855\" src=\"https:\/\/autorai.nl\/wp-content\/uploads\/2023\/08\/rolls-royce-cullinan-inspired-by-fashion-2023-foto5-1140x855.jpg\" alt=\"Rolls-Royce Cullinan inspirado en la moda\" class=\"wp-image-164420\"><\/figure>\n<h2>Motor V12 silencioso<\/h2>\n<p>Afortunadamente, bajo el cap\u00f3 se esconde un silencioso motor V12 de 571 CV (420 kW) y 850 Nm de par. Potencia suficiente para un 0-100 en 5,3 segundos y una velocidad m\u00e1xima de 250 km\/h. Las emisiones medias de CO2 son de 348 gramos por kil\u00f3metro. Debido a esas emisiones m\u00e1s elevadas, pagar\u00e1 unos 116.000 euros en BPM en los Pa\u00edses Bajos. No importar\u00e1 mucho al comprador de Rolls-Royce. Que s\u00f3lo quiere lo mejor de lo mejor.<\/p>\n<h2>Conducir un Rolls-Royce Cullinan inspirado en la moda<\/h2>\n<p>Explicar c\u00f3mo se conduce un Rolls-Royce es, en realidad, redundante. En t\u00e9rminos de confort y silencio, no hay mejor coche en el mundo. Sorprendentemente, en un coche de este tama\u00f1o, tambi\u00e9n detectamos cierta din\u00e1mica al entrar en curva. Es inteligente c\u00f3mo Rolls-Royce consigue enmascarar el mayor peso del coche. Aparte de eso, es sobre todo comodidad. Una comodidad fenomenal. Te sientas en butacas encantadoras y, por supuesto, contemplas un cap\u00f3 legendario con hacia el horizonte la mascota: el Esp\u00edritu del \u00c9xtasis. Se repliega en la parrilla una vez apagado el coche, para evitar el robo de la figurita. Adem\u00e1s, mientras conduces, puedes elegir hacer desaparecer la figurita.<\/p>\n<figure class=\"wp-block-image size-content\"><img decoding=\"async\" loading=\"lazy\" width=\"1140\" height=\"855\" src=\"https:\/\/autorai.nl\/wp-content\/uploads\/2023\/08\/rolls-royce-cullinan-inspired-by-fashion-2023-foto1-1140x855.jpg\" alt=\"Rolls-Royce Cullinan inspirado en la moda\" class=\"wp-image-164416\"><\/figure>\n<h2>Conclusi\u00f3n: la <em>experiencia divina<\/em><\/h2>\n<p>Conducir un Rolls-Royce siempre es un acontecimiento muy especial. Toda vida humana es finita, pero en un coche como el Rolls-Royce Cullinan Inspired by Fashion se vive una <em>experiencia<\/em> casi <em>divina.<\/em> Como si el tiempo no existiera por un momento. Disfrutar al m\u00e1ximo en un capullo de lujo sin est\u00edmulos externos, eso es conducir un Rolls-Royce.<\/p>\n<h2>Precios de los modelos Rolls-Royce en los Pa\u00edses Bajos &#8211; 2023<\/h2>\n<ul>\n<li>Ghost: 435.789 euros<\/li>\n<li>Ghost Extended: 473.299 euros<\/li>\n<li>Insignia negra fantasma: 492.659 euros<\/li>\n<li>Cullinan: 495.393 euros<\/li>\n<li>Cullinan Black Badge: 551.053 euros<\/li>\n<li>Phantom: 606.516 euros<\/li>\n<li>Phantom Extended: 699.218 euros<\/li>\n<li>Spectre: 396.275 euros<\/li>\n<\/ul>\n<div class=\"galery shuffle galery-1\">\n<figure>\n\t\t\t\t\t<span style=\"cursor: pointer\" data-src=\"https:\/\/autorai.nl\/wp-content\/uploads\/2023\/08\/rolls-royce-cullinan-inspired-by-fashion-2023-foto39-1600x1200.jpg\" data-fancybox=\"galery-1\" title=\"\"><br \/>\n\t\t\t\t\t\t\t<img decoding=\"async\" width=\"640\" height=\"480\" src=\"https:\/\/autorai.nl\/wp-content\/uploads\/2023\/08\/rolls-royce-cullinan-inspired-by-fashion-2023-foto39-640x480.jpg\" class=\"attachment-medium size-medium\" alt=\"\" loading=\"lazy\"><i class=\"fa fa-search-plus\" aria-hidden=\"true\"><\/i><br \/>\n\t\t\t\t\t\t<\/span><br \/>\n\t\t\t\t\t<\/figure>\n<figure>\n\t\t\t\t\t<span style=\"cursor: pointer\" data-src=\"https:\/\/autorai.nl\/wp-content\/uploads\/2023\/08\/rolls-royce-cullinan-inspired-by-fashion-2023-foto38-1600x1200.jpg\" data-fancybox=\"galery-1\" title=\"\"><br \/>\n\t\t\t\t\t\t\t<img decoding=\"async\" width=\"360\" height=\"270\" src=\"https:\/\/autorai.nl\/wp-content\/uploads\/2023\/08\/rolls-royce-cullinan-inspired-by-fashion-2023-foto38-360x270.jpg\" class=\"attachment-small size-small\" alt=\"\" loading=\"lazy\"><i class=\"fa fa-search-plus\" aria-hidden=\"true\"><\/i><br \/>\n\t\t\t\t\t\t<\/span><br \/>\n\t\t\t\t\t<\/figure>\n<figure>\n\t\t\t\t\t<span style=\"cursor: pointer\" data-src=\"https:\/\/autorai.nl\/wp-content\/uploads\/2023\/08\/rolls-royce-cullinan-inspired-by-fashion-2023-foto37-1600x1200.jpg\" data-fancybox=\"galery-1\" title=\"\"><br \/>\n\t\t\t\t\t\t\t<img decoding=\"async\" width=\"360\" height=\"270\" src=\"https:\/\/autorai.nl\/wp-content\/uploads\/2023\/08\/rolls-royce-cullinan-inspired-by-fashion-2023-foto37-360x270.jpg\" class=\"attachment-small size-small\" alt=\"\" loading=\"lazy\"><i class=\"fa fa-search-plus\" aria-hidden=\"true\"><\/i><br \/>\n\t\t\t\t\t\t<\/span><br \/>\n\t\t\t\t\t<\/figure>\n<figure>\n\t\t\t\t\t<span style=\"cursor: pointer\" data-src=\"https:\/\/autorai.nl\/wp-content\/uploads\/2023\/08\/rolls-royce-cullinan-inspired-by-fashion-2023-foto36-1600x1200.jpg\" data-fancybox=\"galery-1\" title=\"\"><br \/>\n\t\t\t\t\t\t\t<img decoding=\"async\" width=\"640\" height=\"480\" src=\"https:\/\/autorai.nl\/wp-content\/uploads\/2023\/08\/rolls-royce-cullinan-inspired-by-fashion-2023-foto36-640x480.jpg\" class=\"attachment-medium size-medium\" alt=\"\" loading=\"lazy\"><i class=\"fa fa-search-plus\" aria-hidden=\"true\"><\/i><br \/>\n\t\t\t\t\t\t<\/span><br \/>\n\t\t\t\t\t<\/figure>\n<figure>\n\t\t\t\t\t<span style=\"cursor: pointer\" data-src=\"https:\/\/autorai.nl\/wp-content\/uploads\/2023\/08\/rolls-royce-cullinan-inspired-by-fashion-2023-foto35-1600x1200.jpg\" data-fancybox=\"galery-1\" title=\"\"><br \/>\n\t\t\t\t\t\t\t<img decoding=\"async\" width=\"360\" height=\"270\" src=\"https:\/\/autorai.nl\/wp-content\/uploads\/2023\/08\/rolls-royce-cullinan-inspired-by-fashion-2023-foto35-360x270.jpg\" class=\"attachment-small size-small\" alt=\"\" loading=\"lazy\"><i class=\"fa fa-search-plus\" aria-hidden=\"true\"><\/i><br \/>\n\t\t\t\t\t\t<\/span><br \/>\n\t\t\t\t\t<\/figure>\n<figure>\n\t\t\t\t\t<span style=\"cursor: pointer\" data-src=\"https:\/\/autorai.nl\/wp-content\/uploads\/2023\/08\/rolls-royce-cullinan-inspired-by-fashion-2023-foto34-1600x1200.jpg\" data-fancybox=\"galery-1\" title=\"\"><br \/>\n\t\t\t\t\t\t\t<img decoding=\"async\" width=\"360\" height=\"270\" src=\"https:\/\/autorai.nl\/wp-content\/uploads\/2023\/08\/rolls-royce-cullinan-inspired-by-fashion-2023-foto34-360x270.jpg\" class=\"attachment-small size-small\" alt=\"Rolls-Royce Cullinan inspirado en la moda\" loading=\"lazy\"><i class=\"fa fa-search-plus\" aria-hidden=\"true\"><\/i><br \/>\n\t\t\t\t\t\t<\/span><br \/>\n\t\t\t\t\t<\/figure>\n<figure>\n\t\t\t\t\t<span style=\"cursor: pointer\" data-src=\"https:\/\/autorai.nl\/wp-content\/uploads\/2023\/08\/rolls-royce-cullinan-inspired-by-fashion-2023-foto33-1600x1200.jpg\" data-fancybox=\"galery-1\" title=\"\"><br \/>\n\t\t\t\t\t\t\t<img decoding=\"async\" width=\"640\" height=\"480\" src=\"https:\/\/autorai.nl\/wp-content\/uploads\/2023\/08\/rolls-royce-cullinan-inspired-by-fashion-2023-foto33-640x480.jpg\" class=\"attachment-medium size-medium\" alt=\"\" loading=\"lazy\"><i class=\"fa fa-search-plus\" aria-hidden=\"true\"><\/i><br \/>\n\t\t\t\t\t\t<\/span><br \/>\n\t\t\t\t\t<\/figure>\n<figure>\n\t\t\t\t\t<span style=\"cursor: pointer\" data-src=\"https:\/\/autorai.nl\/wp-content\/uploads\/2023\/08\/rolls-royce-cullinan-inspired-by-fashion-2023-foto32-1600x1200.jpg\" data-fancybox=\"galery-1\" title=\"\"><br \/>\n\t\t\t\t\t\t\t<img decoding=\"async\" width=\"360\" height=\"270\" src=\"https:\/\/autorai.nl\/wp-content\/uploads\/2023\/08\/rolls-royce-cullinan-inspired-by-fashion-2023-foto32-360x270.jpg\" class=\"attachment-small size-small\" alt=\"\" loading=\"lazy\"><i class=\"fa fa-search-plus\" aria-hidden=\"true\"><\/i><br \/>\n\t\t\t\t\t\t<\/span><br \/>\n\t\t\t\t\t<\/figure>\n<figure>\n\t\t\t\t\t<span style=\"cursor: pointer\" data-src=\"https:\/\/autorai.nl\/wp-content\/uploads\/2023\/08\/rolls-royce-cullinan-inspired-by-fashion-2023-foto31-1600x1200.jpg\" data-fancybox=\"galery-1\" title=\"\"><br \/>\n\t\t\t\t\t\t\t<img decoding=\"async\" width=\"360\" height=\"270\" src=\"https:\/\/autorai.nl\/wp-content\/uploads\/2023\/08\/rolls-royce-cullinan-inspired-by-fashion-2023-foto31-360x270.jpg\" class=\"attachment-small size-small\" alt=\"\" loading=\"lazy\"><i class=\"fa fa-search-plus\" aria-hidden=\"true\"><\/i><br \/>\n\t\t\t\t\t\t<\/span><br \/>\n\t\t\t\t\t<\/figure>\n<figure>\n\t\t\t\t\t<span style=\"cursor: pointer\" data-src=\"https:\/\/autorai.nl\/wp-content\/uploads\/2023\/08\/rolls-royce-cullinan-inspired-by-fashion-2023-foto30-1600x1200.jpg\" data-fancybox=\"galery-1\" title=\"\"><br \/>\n\t\t\t\t\t\t\t<img decoding=\"async\" width=\"640\" height=\"480\" src=\"https:\/\/autorai.nl\/wp-content\/uploads\/2023\/08\/rolls-royce-cullinan-inspired-by-fashion-2023-foto30-640x480.jpg\" class=\"attachment-medium size-medium\" alt=\"\" loading=\"lazy\"><i class=\"fa fa-search-plus\" aria-hidden=\"true\"><\/i><br \/>\n\t\t\t\t\t\t<\/span><br \/>\n\t\t\t\t\t<\/figure>\n<figure>\n\t\t\t\t\t<span style=\"cursor: pointer\" data-src=\"https:\/\/autorai.nl\/wp-content\/uploads\/2023\/08\/rolls-royce-cullinan-inspired-by-fashion-2023-foto29-1600x1200.jpg\" data-fancybox=\"galery-1\" title=\"\"><br \/>\n\t\t\t\t\t\t\t<img decoding=\"async\" width=\"360\" height=\"270\" src=\"https:\/\/autorai.nl\/wp-content\/uploads\/2023\/08\/rolls-royce-cullinan-inspired-by-fashion-2023-foto29-360x270.jpg\" class=\"attachment-small size-small\" alt=\"\" loading=\"lazy\"><i class=\"fa fa-search-plus\" aria-hidden=\"true\"><\/i><br \/>\n\t\t\t\t\t\t<\/span><br \/>\n\t\t\t\t\t<\/figure>\n<figure>\n\t\t\t\t\t<span style=\"cursor: pointer\" data-src=\"https:\/\/autorai.nl\/wp-content\/uploads\/2023\/08\/rolls-royce-cullinan-inspired-by-fashion-2023-foto28-1600x1200.jpg\" data-fancybox=\"galery-1\" title=\"\"><br \/>\n\t\t\t\t\t\t\t<img decoding=\"async\" width=\"360\" height=\"270\" src=\"https:\/\/autorai.nl\/wp-content\/uploads\/2023\/08\/rolls-royce-cullinan-inspired-by-fashion-2023-foto28-360x270.jpg\" class=\"attachment-small size-small\" alt=\"\" loading=\"lazy\"><i class=\"fa fa-search-plus\" aria-hidden=\"true\"><\/i><br \/>\n\t\t\t\t\t\t<\/span><br \/>\n\t\t\t\t\t<\/figure>\n<figure>\n\t\t\t\t\t<span style=\"cursor: pointer\" data-src=\"https:\/\/autorai.nl\/wp-content\/uploads\/2023\/08\/rolls-royce-cullinan-inspired-by-fashion-2023-foto27-1600x1200.jpg\" data-fancybox=\"galery-1\" title=\"\"><br \/>\n\t\t\t\t\t\t\t<img decoding=\"async\" width=\"640\" height=\"480\" src=\"https:\/\/autorai.nl\/wp-content\/uploads\/2023\/08\/rolls-royce-cullinan-inspired-by-fashion-2023-foto27-640x480.jpg\" class=\"attachment-medium size-medium\" alt=\"\" loading=\"lazy\"><i class=\"fa fa-search-plus\" aria-hidden=\"true\"><\/i><br \/>\n\t\t\t\t\t\t<\/span><br \/>\n\t\t\t\t\t<\/figure>\n<figure>\n\t\t\t\t\t<span style=\"cursor: pointer\" data-src=\"https:\/\/autorai.nl\/wp-content\/uploads\/2023\/08\/rolls-royce-cullinan-inspired-by-fashion-2023-foto26-1600x1200.jpg\" data-fancybox=\"galery-1\" title=\"\"><br \/>\n\t\t\t\t\t\t\t<img decoding=\"async\" width=\"360\" height=\"270\" src=\"https:\/\/autorai.nl\/wp-content\/uploads\/2023\/08\/rolls-royce-cullinan-inspired-by-fashion-2023-foto26-360x270.jpg\" class=\"attachment-small size-small\" alt=\"\" loading=\"lazy\"><i class=\"fa fa-search-plus\" aria-hidden=\"true\"><\/i><br \/>\n\t\t\t\t\t\t<\/span><br \/>\n\t\t\t\t\t<\/figure>\n<figure>\n\t\t\t\t\t<span style=\"cursor: pointer\" data-src=\"https:\/\/autorai.nl\/wp-content\/uploads\/2023\/08\/rolls-royce-cullinan-inspired-by-fashion-2023-foto25-1600x1200.jpg\" data-fancybox=\"galery-1\" title=\"\"><br \/>\n\t\t\t\t\t\t\t<img decoding=\"async\" width=\"360\" height=\"270\" src=\"https:\/\/autorai.nl\/wp-content\/uploads\/2023\/08\/rolls-royce-cullinan-inspired-by-fashion-2023-foto25-360x270.jpg\" class=\"attachment-small size-small\" alt=\"\" loading=\"lazy\"><i class=\"fa fa-search-plus\" aria-hidden=\"true\"><\/i><br \/>\n\t\t\t\t\t\t<\/span><br \/>\n\t\t\t\t\t<\/figure>\n<figure>\n\t\t\t\t\t<span style=\"cursor: pointer\" data-src=\"https:\/\/autorai.nl\/wp-content\/uploads\/2023\/08\/rolls-royce-cullinan-inspired-by-fashion-2023-foto24-1600x1200.jpg\" data-fancybox=\"galery-1\" title=\"\"><br \/>\n\t\t\t\t\t\t\t<img decoding=\"async\" width=\"640\" height=\"480\" src=\"https:\/\/autorai.nl\/wp-content\/uploads\/2023\/08\/rolls-royce-cullinan-inspired-by-fashion-2023-foto24-640x480.jpg\" class=\"attachment-medium size-medium\" alt=\"\" loading=\"lazy\"><i class=\"fa fa-search-plus\" aria-hidden=\"true\"><\/i><br \/>\n\t\t\t\t\t\t<\/span><br \/>\n\t\t\t\t\t<\/figure>\n<figure>\n\t\t\t\t\t<span style=\"cursor: pointer\" data-src=\"https:\/\/autorai.nl\/wp-content\/uploads\/2023\/08\/rolls-royce-cullinan-inspired-by-fashion-2023-foto23-1600x1200.jpg\" data-fancybox=\"galery-1\" title=\"\"><br \/>\n\t\t\t\t\t\t\t<img decoding=\"async\" width=\"360\" height=\"270\" src=\"https:\/\/autorai.nl\/wp-content\/uploads\/2023\/08\/rolls-royce-cullinan-inspired-by-fashion-2023-foto23-360x270.jpg\" class=\"attachment-small size-small\" alt=\"\" loading=\"lazy\"><i class=\"fa fa-search-plus\" aria-hidden=\"true\"><\/i><br \/>\n\t\t\t\t\t\t<\/span><br \/>\n\t\t\t\t\t<\/figure>\n<figure>\n\t\t\t\t\t<span style=\"cursor: pointer\" data-src=\"https:\/\/autorai.nl\/wp-content\/uploads\/2023\/08\/rolls-royce-cullinan-inspired-by-fashion-2023-foto22-1600x1200.jpg\" data-fancybox=\"galery-1\" title=\"\"><br \/>\n\t\t\t\t\t\t\t<img decoding=\"async\" width=\"360\" height=\"270\" src=\"https:\/\/autorai.nl\/wp-content\/uploads\/2023\/08\/rolls-royce-cullinan-inspired-by-fashion-2023-foto22-360x270.jpg\" class=\"attachment-small size-small\" alt=\"\" loading=\"lazy\"><i class=\"fa fa-search-plus\" aria-hidden=\"true\"><\/i><br \/>\n\t\t\t\t\t\t<\/span><br \/>\n\t\t\t\t\t<\/figure>\n<figure>\n\t\t\t\t\t<span style=\"cursor: pointer\" data-src=\"https:\/\/autorai.nl\/wp-content\/uploads\/2023\/08\/rolls-royce-cullinan-inspired-by-fashion-2023-foto21-1600x1200.jpg\" data-fancybox=\"galery-1\" title=\"\"><br \/>\n\t\t\t\t\t\t\t<img decoding=\"async\" width=\"640\" height=\"480\" src=\"https:\/\/autorai.nl\/wp-content\/uploads\/2023\/08\/rolls-royce-cullinan-inspired-by-fashion-2023-foto21-640x480.jpg\" class=\"attachment-medium size-medium\" alt=\"\" loading=\"lazy\"><i class=\"fa fa-search-plus\" aria-hidden=\"true\"><\/i><br \/>\n\t\t\t\t\t\t<\/span><br \/>\n\t\t\t\t\t<\/figure>\n<figure>\n\t\t\t\t\t<span style=\"cursor: pointer\" data-src=\"https:\/\/autorai.nl\/wp-content\/uploads\/2023\/08\/rolls-royce-cullinan-inspired-by-fashion-2023-foto20-1600x1200.jpg\" data-fancybox=\"galery-1\" title=\"\"><br \/>\n\t\t\t\t\t\t\t<img decoding=\"async\" width=\"360\" height=\"270\" src=\"https:\/\/autorai.nl\/wp-content\/uploads\/2023\/08\/rolls-royce-cullinan-inspired-by-fashion-2023-foto20-360x270.jpg\" class=\"attachment-small size-small\" alt=\"\" loading=\"lazy\"><i class=\"fa fa-search-plus\" aria-hidden=\"true\"><\/i><br \/>\n\t\t\t\t\t\t<\/span><br \/>\n\t\t\t\t\t<\/figure>\n<figure>\n\t\t\t\t\t<span style=\"cursor: pointer\" data-src=\"https:\/\/autorai.nl\/wp-content\/uploads\/2023\/08\/rolls-royce-cullinan-inspired-by-fashion-2023-foto19-1600x1200.jpg\" data-fancybox=\"galery-1\" title=\"\"><br \/>\n\t\t\t\t\t\t\t<img decoding=\"async\" width=\"360\" height=\"270\" src=\"https:\/\/autorai.nl\/wp-content\/uploads\/2023\/08\/rolls-royce-cullinan-inspired-by-fashion-2023-foto19-360x270.jpg\" class=\"attachment-small size-small\" alt=\"\" loading=\"lazy\"><i class=\"fa fa-search-plus\" aria-hidden=\"true\"><\/i><br \/>\n\t\t\t\t\t\t<\/span><br \/>\n\t\t\t\t\t<\/figure>\n<figure>\n\t\t\t\t\t<span style=\"cursor: pointer\" data-src=\"https:\/\/autorai.nl\/wp-content\/uploads\/2023\/08\/rolls-royce-cullinan-inspired-by-fashion-2023-foto18-1600x1200.jpg\" data-fancybox=\"galery-1\" title=\"\"><br \/>\n\t\t\t\t\t\t\t<img decoding=\"async\" width=\"640\" height=\"480\" src=\"https:\/\/autorai.nl\/wp-content\/uploads\/2023\/08\/rolls-royce-cullinan-inspired-by-fashion-2023-foto18-640x480.jpg\" class=\"attachment-medium size-medium\" alt=\"\" loading=\"lazy\"><i class=\"fa fa-search-plus\" aria-hidden=\"true\"><\/i><br \/>\n\t\t\t\t\t\t<\/span><br \/>\n\t\t\t\t\t<\/figure>\n<figure>\n\t\t\t\t\t<span style=\"cursor: pointer\" data-src=\"https:\/\/autorai.nl\/wp-content\/uploads\/2023\/08\/rolls-royce-cullinan-inspired-by-fashion-2023-foto17-1600x1200.jpg\" data-fancybox=\"galery-1\" title=\"\"><br \/>\n\t\t\t\t\t\t\t<img decoding=\"async\" width=\"360\" height=\"270\" src=\"https:\/\/autorai.nl\/wp-content\/uploads\/2023\/08\/rolls-royce-cullinan-inspired-by-fashion-2023-foto17-360x270.jpg\" class=\"attachment-small size-small\" alt=\"\" loading=\"lazy\"><i class=\"fa fa-search-plus\" aria-hidden=\"true\"><\/i><br \/>\n\t\t\t\t\t\t<\/span><br \/>\n\t\t\t\t\t<\/figure>\n<figure>\n\t\t\t\t\t<span style=\"cursor: pointer\" data-src=\"https:\/\/autorai.nl\/wp-content\/uploads\/2023\/08\/rolls-royce-cullinan-inspired-by-fashion-2023-foto16-1600x1200.jpg\" data-fancybox=\"galery-1\" title=\"\"><br \/>\n\t\t\t\t\t\t\t<img decoding=\"async\" width=\"360\" height=\"270\" src=\"https:\/\/autorai.nl\/wp-content\/uploads\/2023\/08\/rolls-royce-cullinan-inspired-by-fashion-2023-foto16-360x270.jpg\" class=\"attachment-small size-small\" alt=\"\" loading=\"lazy\"><i class=\"fa fa-search-plus\" aria-hidden=\"true\"><\/i><br \/>\n\t\t\t\t\t\t<\/span><br \/>\n\t\t\t\t\t<\/figure>\n<figure>\n\t\t\t\t\t<span style=\"cursor: pointer\" data-src=\"https:\/\/autorai.nl\/wp-content\/uploads\/2023\/08\/rolls-royce-cullinan-inspired-by-fashion-2023-foto15-1600x1200.jpg\" data-fancybox=\"galery-1\" title=\"\"><br \/>\n\t\t\t\t\t\t\t<img decoding=\"async\" width=\"640\" height=\"480\" src=\"https:\/\/autorai.nl\/wp-content\/uploads\/2023\/08\/rolls-royce-cullinan-inspired-by-fashion-2023-foto15-640x480.jpg\" class=\"attachment-medium size-medium\" alt=\"\" loading=\"lazy\"><i class=\"fa fa-search-plus\" aria-hidden=\"true\"><\/i><br \/>\n\t\t\t\t\t\t<\/span><br \/>\n\t\t\t\t\t<\/figure>\n<figure>\n\t\t\t\t\t<span style=\"cursor: pointer\" data-src=\"https:\/\/autorai.nl\/wp-content\/uploads\/2023\/08\/rolls-royce-cullinan-inspired-by-fashion-2023-foto14-1600x1200.jpg\" data-fancybox=\"galery-1\" title=\"\"><br \/>\n\t\t\t\t\t\t\t<img decoding=\"async\" width=\"360\" height=\"270\" src=\"https:\/\/autorai.nl\/wp-content\/uploads\/2023\/08\/rolls-royce-cullinan-inspired-by-fashion-2023-foto14-360x270.jpg\" class=\"attachment-small size-small\" alt=\"\" loading=\"lazy\"><i class=\"fa fa-search-plus\" aria-hidden=\"true\"><\/i><br \/>\n\t\t\t\t\t\t<\/span><br \/>\n\t\t\t\t\t<\/figure>\n<figure>\n\t\t\t\t\t<span style=\"cursor: pointer\" data-src=\"https:\/\/autorai.nl\/wp-content\/uploads\/2023\/08\/rolls-royce-cullinan-inspired-by-fashion-2023-foto13-1600x1200.jpg\" data-fancybox=\"galery-1\" title=\"\"><br \/>\n\t\t\t\t\t\t\t<img decoding=\"async\" width=\"360\" height=\"270\" src=\"https:\/\/autorai.nl\/wp-content\/uploads\/2023\/08\/rolls-royce-cullinan-inspired-by-fashion-2023-foto13-360x270.jpg\" class=\"attachment-small size-small\" alt=\"\" loading=\"lazy\"><i class=\"fa fa-search-plus\" aria-hidden=\"true\"><\/i><br \/>\n\t\t\t\t\t\t<\/span><br \/>\n\t\t\t\t\t<\/figure>\n<figure>\n\t\t\t\t\t<span style=\"cursor: pointer\" data-src=\"https:\/\/autorai.nl\/wp-content\/uploads\/2023\/08\/rolls-royce-cullinan-inspired-by-fashion-2023-foto12-1600x1200.jpg\" data-fancybox=\"galery-1\" title=\"\"><br \/>\n\t\t\t\t\t\t\t<img decoding=\"async\" width=\"640\" height=\"480\" src=\"https:\/\/autorai.nl\/wp-content\/uploads\/2023\/08\/rolls-royce-cullinan-inspired-by-fashion-2023-foto12-640x480.jpg\" class=\"attachment-medium size-medium\" alt=\"\" loading=\"lazy\"><i class=\"fa fa-search-plus\" aria-hidden=\"true\"><\/i><br \/>\n\t\t\t\t\t\t<\/span><br \/>\n\t\t\t\t\t<\/figure>\n<figure>\n\t\t\t\t\t<span style=\"cursor: pointer\" data-src=\"https:\/\/autorai.nl\/wp-content\/uploads\/2023\/08\/rolls-royce-cullinan-inspired-by-fashion-2023-foto11-1600x1200.jpg\" data-fancybox=\"galery-1\" title=\"\"><br \/>\n\t\t\t\t\t\t\t<img decoding=\"async\" width=\"360\" height=\"270\" src=\"https:\/\/autorai.nl\/wp-content\/uploads\/2023\/08\/rolls-royce-cullinan-inspired-by-fashion-2023-foto11-360x270.jpg\" class=\"attachment-small size-small\" alt=\"\" loading=\"lazy\"><i class=\"fa fa-search-plus\" aria-hidden=\"true\"><\/i><br \/>\n\t\t\t\t\t\t<\/span><br \/>\n\t\t\t\t\t<\/figure>\n<figure>\n\t\t\t\t\t<span style=\"cursor: pointer\" data-src=\"https:\/\/autorai.nl\/wp-content\/uploads\/2023\/08\/rolls-royce-cullinan-inspired-by-fashion-2023-foto10-1600x1200.jpg\" data-fancybox=\"galery-1\" title=\"\"><br \/>\n\t\t\t\t\t\t\t<img decoding=\"async\" width=\"360\" height=\"270\" src=\"https:\/\/autorai.nl\/wp-content\/uploads\/2023\/08\/rolls-royce-cullinan-inspired-by-fashion-2023-foto10-360x270.jpg\" class=\"attachment-small size-small\" alt=\"\" loading=\"lazy\"><i class=\"fa fa-search-plus\" aria-hidden=\"true\"><\/i><br \/>\n\t\t\t\t\t\t<\/span><br \/>\n\t\t\t\t\t<\/figure>\n<figure>\n\t\t\t\t\t<span style=\"cursor: pointer\" data-src=\"https:\/\/autorai.nl\/wp-content\/uploads\/2023\/08\/rolls-royce-cullinan-inspired-by-fashion-2023-foto9-1600x1200.jpg\" data-fancybox=\"galery-1\" title=\"\"><br \/>\n\t\t\t\t\t\t\t<img decoding=\"async\" width=\"640\" height=\"480\" src=\"https:\/\/autorai.nl\/wp-content\/uploads\/2023\/08\/rolls-royce-cullinan-inspired-by-fashion-2023-foto9-640x480.jpg\" class=\"attachment-medium size-medium\" alt=\"\" loading=\"lazy\"><i class=\"fa fa-search-plus\" aria-hidden=\"true\"><\/i><br \/>\n\t\t\t\t\t\t<\/span><br \/>\n\t\t\t\t\t<\/figure>\n<figure>\n\t\t\t\t\t<span style=\"cursor: pointer\" data-src=\"https:\/\/autorai.nl\/wp-content\/uploads\/2023\/08\/rolls-royce-cullinan-inspired-by-fashion-2023-foto8-1600x1200.jpg\" data-fancybox=\"galery-1\" title=\"\"><br \/>\n\t\t\t\t\t\t\t<img decoding=\"async\" width=\"360\" height=\"270\" src=\"https:\/\/autorai.nl\/wp-content\/uploads\/2023\/08\/rolls-royce-cullinan-inspired-by-fashion-2023-foto8-360x270.jpg\" class=\"attachment-small size-small\" alt=\"\" loading=\"lazy\"><i class=\"fa fa-search-plus\" aria-hidden=\"true\"><\/i><br \/>\n\t\t\t\t\t\t<\/span><br \/>\n\t\t\t\t\t<\/figure>\n<figure>\n\t\t\t\t\t<span style=\"cursor: pointer\" data-src=\"https:\/\/autorai.nl\/wp-content\/uploads\/2023\/08\/rolls-royce-cullinan-inspired-by-fashion-2023-foto7-1600x1200.jpg\" data-fancybox=\"galery-1\" title=\"\"><br \/>\n\t\t\t\t\t\t\t<img decoding=\"async\" width=\"360\" height=\"270\" src=\"https:\/\/autorai.nl\/wp-content\/uploads\/2023\/08\/rolls-royce-cullinan-inspired-by-fashion-2023-foto7-360x270.jpg\" class=\"attachment-small size-small\" alt=\"\" loading=\"lazy\"><i class=\"fa fa-search-plus\" aria-hidden=\"true\"><\/i><br \/>\n\t\t\t\t\t\t<\/span><br \/>\n\t\t\t\t\t<\/figure>\n<figure>\n\t\t\t\t\t<span style=\"cursor: pointer\" data-src=\"https:\/\/autorai.nl\/wp-content\/uploads\/2023\/08\/rolls-royce-cullinan-inspired-by-fashion-2023-foto6-1600x1200.jpg\" data-fancybox=\"galery-1\" title=\"\"><br \/>\n\t\t\t\t\t\t\t<img decoding=\"async\" width=\"640\" height=\"480\" src=\"https:\/\/autorai.nl\/wp-content\/uploads\/2023\/08\/rolls-royce-cullinan-inspired-by-fashion-2023-foto6-640x480.jpg\" class=\"attachment-medium size-medium\" alt=\"\" loading=\"lazy\"><i class=\"fa fa-search-plus\" aria-hidden=\"true\"><\/i><br \/>\n\t\t\t\t\t\t<\/span><br \/>\n\t\t\t\t\t<\/figure>\n<figure>\n\t\t\t\t\t<span style=\"cursor: pointer\" data-src=\"https:\/\/autorai.nl\/wp-content\/uploads\/2023\/08\/rolls-royce-cullinan-inspired-by-fashion-2023-foto5-1600x1200.jpg\" data-fancybox=\"galery-1\" title=\"\"><br \/>\n\t\t\t\t\t\t\t<img decoding=\"async\" width=\"360\" height=\"270\" src=\"https:\/\/autorai.nl\/wp-content\/uploads\/2023\/08\/rolls-royce-cullinan-inspired-by-fashion-2023-foto5-360x270.jpg\" class=\"attachment-small size-small\" alt=\"Rolls-Royce Cullinan inspirado en la moda\" loading=\"lazy\"><i class=\"fa fa-search-plus\" aria-hidden=\"true\"><\/i><br \/>\n\t\t\t\t\t\t<\/span><br \/>\n\t\t\t\t\t<\/figure>\n<figure>\n\t\t\t\t\t<span style=\"cursor: pointer\" data-src=\"https:\/\/autorai.nl\/wp-content\/uploads\/2023\/08\/rolls-royce-cullinan-inspired-by-fashion-2023-foto4-1600x1200.jpg\" data-fancybox=\"galery-1\" title=\"\"><br \/>\n\t\t\t\t\t\t\t<img decoding=\"async\" width=\"360\" height=\"270\" src=\"https:\/\/autorai.nl\/wp-content\/uploads\/2023\/08\/rolls-royce-cullinan-inspired-by-fashion-2023-foto4-360x270.jpg\" class=\"attachment-small size-small\" alt=\"\" loading=\"lazy\"><i class=\"fa fa-search-plus\" aria-hidden=\"true\"><\/i><br \/>\n\t\t\t\t\t\t<\/span><br \/>\n\t\t\t\t\t<\/figure>\n<figure>\n\t\t\t\t\t<span style=\"cursor: pointer\" data-src=\"https:\/\/autorai.nl\/wp-content\/uploads\/2023\/08\/rolls-royce-cullinan-inspired-by-fashion-2023-foto3-1600x1200.jpg\" data-fancybox=\"galery-1\" title=\"\"><br \/>\n\t\t\t\t\t\t\t<img decoding=\"async\" width=\"640\" height=\"480\" src=\"https:\/\/autorai.nl\/wp-content\/uploads\/2023\/08\/rolls-royce-cullinan-inspired-by-fashion-2023-foto3-640x480.jpg\" class=\"attachment-medium size-medium\" alt=\"Rolls-Royce Cullinan inspirado en la moda\" loading=\"lazy\"><i class=\"fa fa-search-plus\" aria-hidden=\"true\"><\/i><br \/>\n\t\t\t\t\t\t<\/span><br \/>\n\t\t\t\t\t<\/figure>\n<figure>\n\t\t\t\t\t<span style=\"cursor: pointer\" data-src=\"https:\/\/autorai.nl\/wp-content\/uploads\/2023\/08\/rolls-royce-cullinan-inspired-by-fashion-2023-foto2-1600x1200.jpg\" data-fancybox=\"galery-1\" title=\"\"><br \/>\n\t\t\t\t\t\t\t<img decoding=\"async\" width=\"360\" height=\"270\" src=\"https:\/\/autorai.nl\/wp-content\/uploads\/2023\/08\/rolls-royce-cullinan-inspired-by-fashion-2023-foto2-360x270.jpg\" class=\"attachment-small size-small\" alt=\"\" loading=\"lazy\"><i class=\"fa fa-search-plus\" aria-hidden=\"true\"><\/i><br \/>\n\t\t\t\t\t\t<\/span><br \/>\n\t\t\t\t\t<\/figure>\n<figure>\n\t\t\t\t\t<span style=\"cursor: pointer\" data-src=\"https:\/\/autorai.nl\/wp-content\/uploads\/2023\/08\/rolls-royce-cullinan-inspired-by-fashion-2023-foto1-1600x1200.jpg\" data-fancybox=\"galery-1\" title=\"\"><br \/>\n\t\t\t\t\t\t\t<img decoding=\"async\" width=\"360\" height=\"270\" src=\"https:\/\/autorai.nl\/wp-content\/uploads\/2023\/08\/rolls-royce-cullinan-inspired-by-fashion-2023-foto1-360x270.jpg\" class=\"attachment-small size-small\" alt=\"Rolls-Royce Cullinan inspirado en la moda\" loading=\"lazy\"><i class=\"fa fa-search-plus\" aria-hidden=\"true\"><\/i><br \/>\n\t\t\t\t\t\t<\/span><br \/>\n\t\t\t\t\t<\/figure>\n<div class=\"clear\"><\/div>\n<\/div>\n","protected":false},"excerpt":{"rendered":"Rolls-Royce Cullinan by Fashion Okay, un Cullinan en color verde lima. \u00bfCu\u00e1l es el truco? \u00bfEs una envoltura? \u00bfO se&hellip;","protected":false},"author":0,"featured_media":138021,"comment_status":"","ping_status":"open","sticky":false,"template":"","format":"standard","meta":{"footnotes":""},"categories":[126,145],"tags":[],"class_list":["post-138035","post","type-post","status-publish","format-standard","has-post-thumbnail","hentry","category-noticias-de-autos","category-pruebas-de-autos"],"acf":[],"yoast_head":"<!-- This site is optimized with the Yoast SEO plugin v21.2 - https:\/\/yoast.com\/wordpress\/plugins\/seo\/ -->\n<title>Review - Rolls-Royce Cullinan Inspirado en la moda, \u00bfpor qu\u00e9 ese color? - All cars news<\/title>\n<meta name=\"robots\" content=\"index, follow, max-snippet:-1, max-image-preview:large, max-video-preview:-1\" \/>\n<link rel=\"canonical\" href=\"https:\/\/all-car-news.com\/es\/review-rolls-royce-cullinan-inspirado-en-la-moda-por-que-ese-color\/\" \/>\n<meta property=\"og:locale\" content=\"es_ES\" \/>\n<meta property=\"og:type\" content=\"article\" \/>\n<meta property=\"og:title\" content=\"Review - Rolls-Royce Cullinan Inspirado en la moda, \u00bfpor qu\u00e9 ese color? - All cars news\" \/>\n<meta property=\"og:description\" content=\"Rolls-Royce Cullinan by Fashion Okay, un Cullinan en color verde lima. \u00bfCu\u00e1l es el truco? \u00bfEs una envoltura? \u00bfO se trata de un truco publicitario? Pues bien, el comprador de un Rolls-Royce suele preferir esta marca a otras como declaraci\u00f3n de moda. En consecuencia, el coche que estamos conduciendo se refiere a un Rolls-Royce Cullinan Inspirado [...]\" \/>\n<meta property=\"og:url\" content=\"https:\/\/all-car-news.com\/es\/review-rolls-royce-cullinan-inspirado-en-la-moda-por-que-ese-color\/\" \/>\n<meta property=\"og:site_name\" content=\"All cars news\" \/>\n<meta property=\"article:published_time\" content=\"2023-08-12T08:40:00+00:00\" \/>\n<meta property=\"og:image\" content=\"https:\/\/autorai.nl\/wp-content\/uploads\/2023\/08\/rolls-royce-cullinan-inspired-by-fashion-2023-foto34-1140x855.jpg\" \/>\n<meta name=\"twitter:card\" content=\"summary_large_image\" \/>\n<meta name=\"twitter:label1\" content=\"Tiempo de lectura\" \/>\n\t<meta name=\"twitter:data1\" content=\"5 minutos\" \/>\n<script type=\"application\/ld+json\" class=\"yoast-schema-graph\">{\"@context\":\"https:\/\/schema.org\",\"@graph\":[{\"@type\":\"Article\",\"@id\":\"https:\/\/all-car-news.com\/es\/review-rolls-royce-cullinan-inspirado-en-la-moda-por-que-ese-color\/#article\",\"isPartOf\":{\"@id\":\"https:\/\/all-car-news.com\/es\/review-rolls-royce-cullinan-inspirado-en-la-moda-por-que-ese-color\/\"},\"author\":{\"name\":\"\",\"@id\":\"\"},\"headline\":\"Review &#8211; Rolls-Royce Cullinan Inspirado en la moda, \u00bfpor qu\u00e9 ese color?\",\"datePublished\":\"2023-08-12T08:40:00+00:00\",\"dateModified\":\"2023-08-12T08:40:00+00:00\",\"mainEntityOfPage\":{\"@id\":\"https:\/\/all-car-news.com\/es\/review-rolls-royce-cullinan-inspirado-en-la-moda-por-que-ese-color\/\"},\"wordCount\":1072,\"publisher\":{\"@id\":\"https:\/\/all-car-news.com\/es\/#organization\"},\"articleSection\":[\"noticias de autos\",\"pruebas de autos\"],\"inLanguage\":\"es\"},{\"@type\":\"WebPage\",\"@id\":\"https:\/\/all-car-news.com\/es\/review-rolls-royce-cullinan-inspirado-en-la-moda-por-que-ese-color\/\",\"url\":\"https:\/\/all-car-news.com\/es\/review-rolls-royce-cullinan-inspirado-en-la-moda-por-que-ese-color\/\",\"name\":\"Review - Rolls-Royce Cullinan Inspirado en la moda, \u00bfpor qu\u00e9 ese color? - All cars news\",\"isPartOf\":{\"@id\":\"https:\/\/all-car-news.com\/es\/#website\"},\"datePublished\":\"2023-08-12T08:40:00+00:00\",\"dateModified\":\"2023-08-12T08:40:00+00:00\",\"breadcrumb\":{\"@id\":\"https:\/\/all-car-news.com\/es\/review-rolls-royce-cullinan-inspirado-en-la-moda-por-que-ese-color\/#breadcrumb\"},\"inLanguage\":\"es\",\"potentialAction\":[{\"@type\":\"ReadAction\",\"target\":[\"https:\/\/all-car-news.com\/es\/review-rolls-royce-cullinan-inspirado-en-la-moda-por-que-ese-color\/\"]}]},{\"@type\":\"BreadcrumbList\",\"@id\":\"https:\/\/all-car-news.com\/es\/review-rolls-royce-cullinan-inspirado-en-la-moda-por-que-ese-color\/#breadcrumb\",\"itemListElement\":[{\"@type\":\"ListItem\",\"position\":1,\"name\":\"Home\",\"item\":\"https:\/\/all-car-news.com\/es\/\"},{\"@type\":\"ListItem\",\"position\":2,\"name\":\"Review &#8211; Rolls-Royce Cullinan Inspirado en la moda, \u00bfpor qu\u00e9 ese color?\"}]},{\"@type\":\"WebSite\",\"@id\":\"https:\/\/all-car-news.com\/es\/#website\",\"url\":\"https:\/\/all-car-news.com\/es\/\",\"name\":\"All cars news\",\"description\":\"\",\"publisher\":{\"@id\":\"https:\/\/all-car-news.com\/es\/#organization\"},\"potentialAction\":[{\"@type\":\"SearchAction\",\"target\":{\"@type\":\"EntryPoint\",\"urlTemplate\":\"https:\/\/all-car-news.com\/es\/?s={search_term_string}\"},\"query-input\":\"required name=search_term_string\"}],\"inLanguage\":\"es\"},{\"@type\":\"Organization\",\"@id\":\"https:\/\/all-car-news.com\/es\/#organization\",\"name\":\"All cars news\",\"url\":\"https:\/\/all-car-news.com\/es\/\",\"logo\":{\"@type\":\"ImageObject\",\"inLanguage\":\"es\",\"@id\":\"https:\/\/all-car-news.com\/es\/#\/schema\/logo\/image\/\",\"url\":\"https:\/\/all-car-news.com\/wp-content\/uploads\/2022\/02\/CMYK-AllCarNews_LANDSCAPE_300px-1.png\",\"contentUrl\":\"https:\/\/all-car-news.com\/wp-content\/uploads\/2022\/02\/CMYK-AllCarNews_LANDSCAPE_300px-1.png\",\"width\":300,\"height\":100,\"caption\":\"All cars news\"},\"image\":{\"@id\":\"https:\/\/all-car-news.com\/es\/#\/schema\/logo\/image\/\"}}]}<\/script>\n<!-- \/ Yoast SEO plugin. -->","yoast_head_json":{"title":"Review - Rolls-Royce Cullinan Inspirado en la moda, \u00bfpor qu\u00e9 ese color? - All cars news","robots":{"index":"index","follow":"follow","max-snippet":"max-snippet:-1","max-image-preview":"max-image-preview:large","max-video-preview":"max-video-preview:-1"},"canonical":"https:\/\/all-car-news.com\/es\/review-rolls-royce-cullinan-inspirado-en-la-moda-por-que-ese-color\/","og_locale":"es_ES","og_type":"article","og_title":"Review - Rolls-Royce Cullinan Inspirado en la moda, \u00bfpor qu\u00e9 ese color? - All cars news","og_description":"Rolls-Royce Cullinan by Fashion Okay, un Cullinan en color verde lima. \u00bfCu\u00e1l es el truco? \u00bfEs una envoltura? \u00bfO se trata de un truco publicitario? Pues bien, el comprador de un Rolls-Royce suele preferir esta marca a otras como declaraci\u00f3n de moda. En consecuencia, el coche que estamos conduciendo se refiere a un Rolls-Royce Cullinan Inspirado [...]","og_url":"https:\/\/all-car-news.com\/es\/review-rolls-royce-cullinan-inspirado-en-la-moda-por-que-ese-color\/","og_site_name":"All cars news","article_published_time":"2023-08-12T08:40:00+00:00","og_image":[{"url":"https:\/\/autorai.nl\/wp-content\/uploads\/2023\/08\/rolls-royce-cullinan-inspired-by-fashion-2023-foto34-1140x855.jpg"}],"twitter_card":"summary_large_image","twitter_misc":{"Tiempo de lectura":"5 minutos"},"schema":{"@context":"https:\/\/schema.org","@graph":[{"@type":"Article","@id":"https:\/\/all-car-news.com\/es\/review-rolls-royce-cullinan-inspirado-en-la-moda-por-que-ese-color\/#article","isPartOf":{"@id":"https:\/\/all-car-news.com\/es\/review-rolls-royce-cullinan-inspirado-en-la-moda-por-que-ese-color\/"},"author":{"name":"","@id":""},"headline":"Review &#8211; Rolls-Royce Cullinan Inspirado en la moda, \u00bfpor qu\u00e9 ese color?","datePublished":"2023-08-12T08:40:00+00:00","dateModified":"2023-08-12T08:40:00+00:00","mainEntityOfPage":{"@id":"https:\/\/all-car-news.com\/es\/review-rolls-royce-cullinan-inspirado-en-la-moda-por-que-ese-color\/"},"wordCount":1072,"publisher":{"@id":"https:\/\/all-car-news.com\/es\/#organization"},"articleSection":["noticias de autos","pruebas de autos"],"inLanguage":"es"},{"@type":"WebPage","@id":"https:\/\/all-car-news.com\/es\/review-rolls-royce-cullinan-inspirado-en-la-moda-por-que-ese-color\/","url":"https:\/\/all-car-news.com\/es\/review-rolls-royce-cullinan-inspirado-en-la-moda-por-que-ese-color\/","name":"Review - Rolls-Royce Cullinan Inspirado en la moda, \u00bfpor qu\u00e9 ese color? - All cars news","isPartOf":{"@id":"https:\/\/all-car-news.com\/es\/#website"},"datePublished":"2023-08-12T08:40:00+00:00","dateModified":"2023-08-12T08:40:00+00:00","breadcrumb":{"@id":"https:\/\/all-car-news.com\/es\/review-rolls-royce-cullinan-inspirado-en-la-moda-por-que-ese-color\/#breadcrumb"},"inLanguage":"es","potentialAction":[{"@type":"ReadAction","target":["https:\/\/all-car-news.com\/es\/review-rolls-royce-cullinan-inspirado-en-la-moda-por-que-ese-color\/"]}]},{"@type":"BreadcrumbList","@id":"https:\/\/all-car-news.com\/es\/review-rolls-royce-cullinan-inspirado-en-la-moda-por-que-ese-color\/#breadcrumb","itemListElement":[{"@type":"ListItem","position":1,"name":"Home","item":"https:\/\/all-car-news.com\/es\/"},{"@type":"ListItem","position":2,"name":"Review &#8211; Rolls-Royce Cullinan Inspirado en la moda, \u00bfpor qu\u00e9 ese color?"}]},{"@type":"WebSite","@id":"https:\/\/all-car-news.com\/es\/#website","url":"https:\/\/all-car-news.com\/es\/","name":"All cars news","description":"","publisher":{"@id":"https:\/\/all-car-news.com\/es\/#organization"},"potentialAction":[{"@type":"SearchAction","target":{"@type":"EntryPoint","urlTemplate":"https:\/\/all-car-news.com\/es\/?s={search_term_string}"},"query-input":"required name=search_term_string"}],"inLanguage":"es"},{"@type":"Organization","@id":"https:\/\/all-car-news.com\/es\/#organization","name":"All cars news","url":"https:\/\/all-car-news.com\/es\/","logo":{"@type":"ImageObject","inLanguage":"es","@id":"https:\/\/all-car-news.com\/es\/#\/schema\/logo\/image\/","url":"https:\/\/all-car-news.com\/wp-content\/uploads\/2022\/02\/CMYK-AllCarNews_LANDSCAPE_300px-1.png","contentUrl":"https:\/\/all-car-news.com\/wp-content\/uploads\/2022\/02\/CMYK-AllCarNews_LANDSCAPE_300px-1.png","width":300,"height":100,"caption":"All cars news"},"image":{"@id":"https:\/\/all-car-news.com\/es\/#\/schema\/logo\/image\/"}}]}},"_links":{"self":[{"href":"https:\/\/all-car-news.com\/es\/wp-json\/wp\/v2\/posts\/138035","targetHints":{"allow":["GET"]}}],"collection":[{"href":"https:\/\/all-car-news.com\/es\/wp-json\/wp\/v2\/posts"}],"about":[{"href":"https:\/\/all-car-news.com\/es\/wp-json\/wp\/v2\/types\/post"}],"replies":[{"embeddable":true,"href":"https:\/\/all-car-news.com\/es\/wp-json\/wp\/v2\/comments?post=138035"}],"version-history":[{"count":0,"href":"https:\/\/all-car-news.com\/es\/wp-json\/wp\/v2\/posts\/138035\/revisions"}],"wp:featuredmedia":[{"embeddable":true,"href":"https:\/\/all-car-news.com\/es\/wp-json\/wp\/v2\/media\/138021"}],"wp:attachment":[{"href":"https:\/\/all-car-news.com\/es\/wp-json\/wp\/v2\/media?parent=138035"}],"wp:term":[{"taxonomy":"category","embeddable":true,"href":"https:\/\/all-car-news.com\/es\/wp-json\/wp\/v2\/categories?post=138035"},{"taxonomy":"post_tag","embeddable":true,"href":"https:\/\/all-car-news.com\/es\/wp-json\/wp\/v2\/tags?post=138035"}],"curies":[{"name":"wp","href":"https:\/\/api.w.org\/{rel}","templated":true}]}}