{"id":138032,"date":"2023-08-11T15:59:00","date_gmt":"2023-08-11T15:59:00","guid":{"rendered":"https:\/\/all-car-news.com\/visto-un-polestar-1-oro\/"},"modified":"2023-08-11T15:59:00","modified_gmt":"2023-08-11T15:59:00","slug":"visto-un-polestar-1-oro","status":"publish","type":"post","link":"https:\/\/all-car-news.com\/es\/visto-un-polestar-1-oro\/","title":{"rendered":"Visto: un Polestar 1 Oro"},"content":{"rendered":"<p>Desde 2017, Polestar ya no es un tuneador, sino una marca de coches. El primer modelo de producci\u00f3n propia apareci\u00f3 en 2019, en forma del Polestar 1. La procedencia de Volvo segu\u00eda siendo evidente en ese modelo, ya que el Polestar 1 es en realidad una versi\u00f3n coup\u00e9 del Volvo S90. Aunque, por debajo, eso es otra historia. En efecto, el Polestar 1 es un h\u00edbrido enchufable, pero no un h\u00edbrido enchufable cualquiera.<\/p>\n<h2><strong>Especificaciones Polestar 1<\/strong><\/h2>\n<p>La cadena cinem\u00e1tica se basa en un motor de gasolina de cuatro cilindros y 2,0 litros, complementado por dos motores el\u00e9ctricos. Esta combinaci\u00f3n ofrece una potencia de 447 kW (608 CV) y un par motor de 1.000 Nm. Para ser un h\u00edbrido enchufable, el Polestar 1 tiene una bater\u00eda bastante grande de 34 kWh. Eso es bueno para una autonom\u00eda totalmente el\u00e9ctrica de 150 km. Aunque todav\u00eda se mide seg\u00fan la antigua norma NEDC, sigue siendo una distancia larga para un h\u00edbrido enchufable, incluso para los est\u00e1ndares actuales.<\/p>\n<div class=\"galery shuffle galery-0\">\n<figure>\n\t\t\t\t\t<span style=\"cursor: pointer\" data-src=\"https:\/\/autorai.nl\/wp-content\/uploads\/2023\/08\/Polestar-1-1-1600x1200.jpg\" data-fancybox=\"galery-0\" title=\"\"><br \/>\n\t\t\t\t\t\t\t<img decoding=\"async\" width=\"640\" height=\"480\" src=\"https:\/\/autorai.nl\/wp-content\/uploads\/2023\/08\/Polestar-1-1-640x480.jpg\" class=\"attachment-medium size-medium\" alt=\"\" loading=\"lazy\"><i class=\"fa fa-search-plus\" aria-hidden=\"true\"><\/i><br \/>\n\t\t\t\t\t\t<\/span><br \/>\n\t\t\t\t\t<\/figure>\n<figure>\n\t\t\t\t\t<span style=\"cursor: pointer\" data-src=\"https:\/\/autorai.nl\/wp-content\/uploads\/2023\/08\/Polestar-1-2-1600x1200.jpg\" data-fancybox=\"galery-0\" title=\"\"><br \/>\n\t\t\t\t\t\t\t<img decoding=\"async\" width=\"360\" height=\"270\" src=\"https:\/\/autorai.nl\/wp-content\/uploads\/2023\/08\/Polestar-1-2-360x270.jpg\" class=\"attachment-small size-small\" alt=\"\" loading=\"lazy\"><i class=\"fa fa-search-plus\" aria-hidden=\"true\"><\/i><br \/>\n\t\t\t\t\t\t<\/span><br \/>\n\t\t\t\t\t<\/figure>\n<figure>\n\t\t\t\t\t<span style=\"cursor: pointer\" data-src=\"https:\/\/autorai.nl\/wp-content\/uploads\/2023\/08\/Polestar-1-3-1600x900.jpg\" data-fancybox=\"galery-0\" title=\"\"><br \/>\n\t\t\t\t\t\t\t<img decoding=\"async\" width=\"360\" height=\"270\" src=\"https:\/\/autorai.nl\/wp-content\/uploads\/2023\/08\/Polestar-1-3-360x270.jpg\" class=\"attachment-small size-small\" alt=\"\" loading=\"lazy\"><i class=\"fa fa-search-plus\" aria-hidden=\"true\"><\/i><br \/>\n\t\t\t\t\t\t<\/span><br \/>\n\t\t\t\t\t<\/figure>\n<div class=\"clear\"><\/div>\n<\/div>\n<h2><strong>Rendimiento del Polestar 1<\/strong><\/h2>\n<p>Con esta potente cadena cinem\u00e1tica h\u00edbrida enchufable, el Polestar 1 acelera hasta los 100 km\/h en s\u00f3lo 4,2 segundos y alcanza los 250 km\/h. Adem\u00e1s, el coche lleva asociadas unas caracter\u00edsticas de conducci\u00f3n deportivas, de las que se desprende claramente la experiencia de Polestar en deportes de motor. Puedes leer m\u00e1s sobre el comportamiento y las prestaciones del Polestar 1 en <a href=\"https:\/\/zerauto.nl\/autotest-polestar-1-2019-een-meesterwerk\/\" target=\"_blank\" rel=\"noreferrer noopener\">una<\/a> de las <a href=\"https:\/\/autorai.nl\/autotest-polestar-1-2020-hoe-exclusief-wil-je-het-hebben\/\" target=\"_blank\" rel=\"noreferrer noopener\">dos pruebas de conducci\u00f3n<\/a> que hicimos con el coche.<\/p>\n<h2><strong>Producci\u00f3n limitada<\/strong><\/h2>\n<p>El Polestar 1 sirvi\u00f3 principalmente para situar a la nueva marca Polestar en el mapa y a\u00fan no estaba destinado a las grandes cifras. Para eso, el coche era demasiado complejo y, lo que es m\u00e1s importante, demasiado caro. En los Pa\u00edses Bajos, la etiqueta de precio indicaba una cifra de 158.300 euros. La producci\u00f3n del Polestar 1 est\u00e1 limitada a 1.500 unidades.<\/p>\n<div class=\"galery shuffle galery-1\">\n<figure>\n\t\t\t\t\t<span style=\"cursor: pointer\" data-src=\"https:\/\/autorai.nl\/wp-content\/uploads\/2023\/08\/Polestar-1-4-1600x900.jpg\" data-fancybox=\"galery-1\" title=\"\"><br \/>\n\t\t\t\t\t\t\t<img decoding=\"async\" width=\"640\" height=\"480\" src=\"https:\/\/autorai.nl\/wp-content\/uploads\/2023\/08\/Polestar-1-4-640x480.jpg\" class=\"attachment-medium size-medium\" alt=\"\" loading=\"lazy\"><i class=\"fa fa-search-plus\" aria-hidden=\"true\"><\/i><br \/>\n\t\t\t\t\t\t<\/span><br \/>\n\t\t\t\t\t<\/figure>\n<figure>\n\t\t\t\t\t<span style=\"cursor: pointer\" data-src=\"https:\/\/autorai.nl\/wp-content\/uploads\/2023\/08\/Polestar-1-5-1600x900.jpg\" data-fancybox=\"galery-1\" title=\"\"><br \/>\n\t\t\t\t\t\t\t<img decoding=\"async\" width=\"360\" height=\"270\" src=\"https:\/\/autorai.nl\/wp-content\/uploads\/2023\/08\/Polestar-1-5-360x270.jpg\" class=\"attachment-small size-small\" alt=\"\" loading=\"lazy\"><i class=\"fa fa-search-plus\" aria-hidden=\"true\"><\/i><br \/>\n\t\t\t\t\t\t<\/span><br \/>\n\t\t\t\t\t<\/figure>\n<figure>\n\t\t\t\t\t<span style=\"cursor: pointer\" data-src=\"https:\/\/autorai.nl\/wp-content\/uploads\/2023\/08\/Polestar-1-6-1600x1200.jpg\" data-fancybox=\"galery-1\" title=\"\"><br \/>\n\t\t\t\t\t\t\t<img decoding=\"async\" width=\"360\" height=\"270\" src=\"https:\/\/autorai.nl\/wp-content\/uploads\/2023\/08\/Polestar-1-6-360x270.jpg\" class=\"attachment-small size-small\" alt=\"\" loading=\"lazy\"><i class=\"fa fa-search-plus\" aria-hidden=\"true\"><\/i><br \/>\n\t\t\t\t\t\t<\/span><br \/>\n\t\t\t\t\t<\/figure>\n<div class=\"clear\"><\/div>\n<\/div>\n<h2><strong>Despedida con broche de oro<\/strong><\/h2>\n<p>Es una pena, sin embargo, que el Polestar 1 s\u00f3lo venga con una <a href=\"https:\/\/zerauto.nl\/subtiele-kleuren-voor-polestar-1\/\" target=\"_blank\" rel=\"noreferrer noopener\">paleta de colores mediocre<\/a>. Se pod\u00eda elegir entre negro, blanco y tres tonos de gris. Aunque&#8230; En 2021, Polestar present\u00f3 una edici\u00f3n especial de despedida del 1 para marcar su inminente cese de producci\u00f3n. Este modelo de despedida ten\u00eda un llamativo acabado en oro mate, combinado con llantas negras, pinzas de freno tambi\u00e9n en oro mate y cinturones y detalles interiores en amarillo dorado. Por cierto, esas pinzas y correas tambi\u00e9n est\u00e1n disponibles para los modelos normales. Aunque, aparte del color, no se modific\u00f3 nada, la edici\u00f3n Gold conllev\u00f3 un precio adicional de 5.000 euros. Para ello, tiene a su disposici\u00f3n algo muy especial, ya que la producci\u00f3n del Polestar 1 Gold se limit\u00f3 a s\u00f3lo 25 ejemplares.<\/p>\n<div class=\"galery shuffle galery-2\">\n<figure>\n\t\t\t\t\t<span style=\"cursor: pointer\" data-src=\"https:\/\/autorai.nl\/wp-content\/uploads\/2023\/08\/Polestar-1-Gold-1-1600x1200.jpg\" data-fancybox=\"galery-2\" title=\"\"><br \/>\n\t\t\t\t\t\t\t<img decoding=\"async\" width=\"640\" height=\"480\" src=\"https:\/\/autorai.nl\/wp-content\/uploads\/2023\/08\/Polestar-1-Gold-1-640x480.jpg\" class=\"attachment-medium size-medium\" alt=\"\" loading=\"lazy\"><i class=\"fa fa-search-plus\" aria-hidden=\"true\"><\/i><br \/>\n\t\t\t\t\t\t<\/span><br \/>\n\t\t\t\t\t<\/figure>\n<figure>\n\t\t\t\t\t<span style=\"cursor: pointer\" data-src=\"https:\/\/autorai.nl\/wp-content\/uploads\/2023\/08\/Polestar-1-Gold-2-1600x900.jpg\" data-fancybox=\"galery-2\" title=\"\"><br \/>\n\t\t\t\t\t\t\t<img decoding=\"async\" width=\"360\" height=\"270\" src=\"https:\/\/autorai.nl\/wp-content\/uploads\/2023\/08\/Polestar-1-Gold-2-360x270.jpg\" class=\"attachment-small size-small\" alt=\"\" loading=\"lazy\"><i class=\"fa fa-search-plus\" aria-hidden=\"true\"><\/i><br \/>\n\t\t\t\t\t\t<\/span><br \/>\n\t\t\t\t\t<\/figure>\n<figure>\n\t\t\t\t\t<span style=\"cursor: pointer\" data-src=\"https:\/\/autorai.nl\/wp-content\/uploads\/2023\/08\/Polestar-1-Gold-3-1600x1200.jpg\" data-fancybox=\"galery-2\" title=\"\"><br \/>\n\t\t\t\t\t\t\t<img decoding=\"async\" width=\"360\" height=\"270\" src=\"https:\/\/autorai.nl\/wp-content\/uploads\/2023\/08\/Polestar-1-Gold-3-360x270.jpg\" class=\"attachment-small size-small\" alt=\"\" loading=\"lazy\"><i class=\"fa fa-search-plus\" aria-hidden=\"true\"><\/i><br \/>\n\t\t\t\t\t\t<\/span><br \/>\n\t\t\t\t\t<\/figure>\n<div class=\"clear\"><\/div>\n<\/div>\n<h2><strong>El esp\u00e9cimen manchado<\/strong><\/h2>\n<p>El mes pasado, nos encontramos con este Polestar 1 Gold en el A2. El coche se matricul\u00f3 nuevo en los Pa\u00edses Bajos en enero de 2022. El coche est\u00e1 todav\u00eda con su primer propietario. No es sorprendente en s\u00ed mismo con un coche tan joven, pero tambi\u00e9n podemos imaginar que no se desprender\u00e1 de un Polestar 1 Gold a corto plazo.<\/p>\n<p>A pesar de la exclusividad del modelo, todav\u00eda hay 25 ejemplares del Polestar 1 en las matr\u00edculas holandesas. En el registro de matriculaci\u00f3n no se hace un seguimiento preciso de las posibles variantes de versi\u00f3n, pero podemos fijarnos en los colores registrados. Resulta que tres Polestar 1 holandeses est\u00e1n matriculados como \u00abamarillo\u00bb, igual que el avistado. As\u00ed que parece que, de s\u00f3lo 25 ejemplares, tres Polestar 1 Oro han llegado a suelo holand\u00e9s.<\/p>\n<figure class=\"wp-block-image size-full\"><img decoding=\"async\" loading=\"lazy\" width=\"965\" height=\"543\" src=\"https:\/\/autorai.nl\/wp-content\/uploads\/2023\/08\/AutoRAI-Gespot-Polestar-1-Gold.jpg\" alt=\"\" class=\"wp-image-164260\"><\/figure>\n","protected":false},"excerpt":{"rendered":"Desde 2017, Polestar ya no es un tuneador, sino una marca de coches. El primer modelo de producci\u00f3n propia apareci\u00f3&hellip;","protected":false},"author":0,"featured_media":138027,"comment_status":"","ping_status":"open","sticky":false,"template":"","format":"standard","meta":{"footnotes":""},"categories":[178,126],"tags":[],"class_list":["post-138032","post","type-post","status-publish","format-standard","has-post-thumbnail","hentry","category-diversion","category-noticias-de-autos"],"acf":[],"yoast_head":"<!-- This site is optimized with the Yoast SEO plugin v21.2 - https:\/\/yoast.com\/wordpress\/plugins\/seo\/ -->\n<title>Visto: un Polestar 1 Oro - All cars news<\/title>\n<meta name=\"robots\" content=\"index, follow, max-snippet:-1, max-image-preview:large, max-video-preview:-1\" \/>\n<link rel=\"canonical\" href=\"https:\/\/all-car-news.com\/es\/visto-un-polestar-1-oro\/\" \/>\n<meta property=\"og:locale\" content=\"es_ES\" \/>\n<meta property=\"og:type\" content=\"article\" \/>\n<meta property=\"og:title\" content=\"Visto: un Polestar 1 Oro - All cars news\" \/>\n<meta property=\"og:description\" content=\"Desde 2017, Polestar ya no es un tuneador, sino una marca de coches. El primer modelo de producci\u00f3n propia apareci\u00f3 en 2019, en forma del Polestar 1. La procedencia de Volvo segu\u00eda siendo evidente en ese modelo, ya que el Polestar 1 es en realidad una versi\u00f3n coup\u00e9 del Volvo S90. Aunque, por debajo, eso es otra historia. \u2020\" \/>\n<meta property=\"og:url\" content=\"https:\/\/all-car-news.com\/es\/visto-un-polestar-1-oro\/\" \/>\n<meta property=\"og:site_name\" content=\"All cars news\" \/>\n<meta property=\"article:published_time\" content=\"2023-08-11T15:59:00+00:00\" \/>\n<meta property=\"og:image\" content=\"https:\/\/autorai.nl\/wp-content\/uploads\/2023\/08\/Polestar-1-1-640x480.jpg\" \/>\n<meta name=\"twitter:card\" content=\"summary_large_image\" \/>\n<meta name=\"twitter:label1\" content=\"Tiempo de lectura\" \/>\n\t<meta name=\"twitter:data1\" content=\"3 minutos\" \/>\n<script type=\"application\/ld+json\" class=\"yoast-schema-graph\">{\"@context\":\"https:\/\/schema.org\",\"@graph\":[{\"@type\":\"Article\",\"@id\":\"https:\/\/all-car-news.com\/es\/visto-un-polestar-1-oro\/#article\",\"isPartOf\":{\"@id\":\"https:\/\/all-car-news.com\/es\/visto-un-polestar-1-oro\/\"},\"author\":{\"name\":\"\",\"@id\":\"\"},\"headline\":\"Visto: un Polestar 1 Oro\",\"datePublished\":\"2023-08-11T15:59:00+00:00\",\"dateModified\":\"2023-08-11T15:59:00+00:00\",\"mainEntityOfPage\":{\"@id\":\"https:\/\/all-car-news.com\/es\/visto-un-polestar-1-oro\/\"},\"wordCount\":600,\"publisher\":{\"@id\":\"https:\/\/all-car-news.com\/es\/#organization\"},\"articleSection\":[\"Diversi\u00f3n\",\"noticias de autos\"],\"inLanguage\":\"es\"},{\"@type\":\"WebPage\",\"@id\":\"https:\/\/all-car-news.com\/es\/visto-un-polestar-1-oro\/\",\"url\":\"https:\/\/all-car-news.com\/es\/visto-un-polestar-1-oro\/\",\"name\":\"Visto: un Polestar 1 Oro - All cars news\",\"isPartOf\":{\"@id\":\"https:\/\/all-car-news.com\/es\/#website\"},\"datePublished\":\"2023-08-11T15:59:00+00:00\",\"dateModified\":\"2023-08-11T15:59:00+00:00\",\"breadcrumb\":{\"@id\":\"https:\/\/all-car-news.com\/es\/visto-un-polestar-1-oro\/#breadcrumb\"},\"inLanguage\":\"es\",\"potentialAction\":[{\"@type\":\"ReadAction\",\"target\":[\"https:\/\/all-car-news.com\/es\/visto-un-polestar-1-oro\/\"]}]},{\"@type\":\"BreadcrumbList\",\"@id\":\"https:\/\/all-car-news.com\/es\/visto-un-polestar-1-oro\/#breadcrumb\",\"itemListElement\":[{\"@type\":\"ListItem\",\"position\":1,\"name\":\"Home\",\"item\":\"https:\/\/all-car-news.com\/es\/\"},{\"@type\":\"ListItem\",\"position\":2,\"name\":\"Visto: un Polestar 1 Oro\"}]},{\"@type\":\"WebSite\",\"@id\":\"https:\/\/all-car-news.com\/es\/#website\",\"url\":\"https:\/\/all-car-news.com\/es\/\",\"name\":\"All cars news\",\"description\":\"\",\"publisher\":{\"@id\":\"https:\/\/all-car-news.com\/es\/#organization\"},\"potentialAction\":[{\"@type\":\"SearchAction\",\"target\":{\"@type\":\"EntryPoint\",\"urlTemplate\":\"https:\/\/all-car-news.com\/es\/?s={search_term_string}\"},\"query-input\":\"required name=search_term_string\"}],\"inLanguage\":\"es\"},{\"@type\":\"Organization\",\"@id\":\"https:\/\/all-car-news.com\/es\/#organization\",\"name\":\"All cars news\",\"url\":\"https:\/\/all-car-news.com\/es\/\",\"logo\":{\"@type\":\"ImageObject\",\"inLanguage\":\"es\",\"@id\":\"https:\/\/all-car-news.com\/es\/#\/schema\/logo\/image\/\",\"url\":\"https:\/\/all-car-news.com\/wp-content\/uploads\/2022\/02\/CMYK-AllCarNews_LANDSCAPE_300px-1.png\",\"contentUrl\":\"https:\/\/all-car-news.com\/wp-content\/uploads\/2022\/02\/CMYK-AllCarNews_LANDSCAPE_300px-1.png\",\"width\":300,\"height\":100,\"caption\":\"All cars news\"},\"image\":{\"@id\":\"https:\/\/all-car-news.com\/es\/#\/schema\/logo\/image\/\"}}]}<\/script>\n<!-- \/ Yoast SEO plugin. -->","yoast_head_json":{"title":"Visto: un Polestar 1 Oro - All cars news","robots":{"index":"index","follow":"follow","max-snippet":"max-snippet:-1","max-image-preview":"max-image-preview:large","max-video-preview":"max-video-preview:-1"},"canonical":"https:\/\/all-car-news.com\/es\/visto-un-polestar-1-oro\/","og_locale":"es_ES","og_type":"article","og_title":"Visto: un Polestar 1 Oro - All cars news","og_description":"Desde 2017, Polestar ya no es un tuneador, sino una marca de coches. El primer modelo de producci\u00f3n propia apareci\u00f3 en 2019, en forma del Polestar 1. La procedencia de Volvo segu\u00eda siendo evidente en ese modelo, ya que el Polestar 1 es en realidad una versi\u00f3n coup\u00e9 del Volvo S90. Aunque, por debajo, eso es otra historia. \u2020","og_url":"https:\/\/all-car-news.com\/es\/visto-un-polestar-1-oro\/","og_site_name":"All cars news","article_published_time":"2023-08-11T15:59:00+00:00","og_image":[{"url":"https:\/\/autorai.nl\/wp-content\/uploads\/2023\/08\/Polestar-1-1-640x480.jpg"}],"twitter_card":"summary_large_image","twitter_misc":{"Tiempo de lectura":"3 minutos"},"schema":{"@context":"https:\/\/schema.org","@graph":[{"@type":"Article","@id":"https:\/\/all-car-news.com\/es\/visto-un-polestar-1-oro\/#article","isPartOf":{"@id":"https:\/\/all-car-news.com\/es\/visto-un-polestar-1-oro\/"},"author":{"name":"","@id":""},"headline":"Visto: un Polestar 1 Oro","datePublished":"2023-08-11T15:59:00+00:00","dateModified":"2023-08-11T15:59:00+00:00","mainEntityOfPage":{"@id":"https:\/\/all-car-news.com\/es\/visto-un-polestar-1-oro\/"},"wordCount":600,"publisher":{"@id":"https:\/\/all-car-news.com\/es\/#organization"},"articleSection":["Diversi\u00f3n","noticias de autos"],"inLanguage":"es"},{"@type":"WebPage","@id":"https:\/\/all-car-news.com\/es\/visto-un-polestar-1-oro\/","url":"https:\/\/all-car-news.com\/es\/visto-un-polestar-1-oro\/","name":"Visto: un Polestar 1 Oro - All cars news","isPartOf":{"@id":"https:\/\/all-car-news.com\/es\/#website"},"datePublished":"2023-08-11T15:59:00+00:00","dateModified":"2023-08-11T15:59:00+00:00","breadcrumb":{"@id":"https:\/\/all-car-news.com\/es\/visto-un-polestar-1-oro\/#breadcrumb"},"inLanguage":"es","potentialAction":[{"@type":"ReadAction","target":["https:\/\/all-car-news.com\/es\/visto-un-polestar-1-oro\/"]}]},{"@type":"BreadcrumbList","@id":"https:\/\/all-car-news.com\/es\/visto-un-polestar-1-oro\/#breadcrumb","itemListElement":[{"@type":"ListItem","position":1,"name":"Home","item":"https:\/\/all-car-news.com\/es\/"},{"@type":"ListItem","position":2,"name":"Visto: un Polestar 1 Oro"}]},{"@type":"WebSite","@id":"https:\/\/all-car-news.com\/es\/#website","url":"https:\/\/all-car-news.com\/es\/","name":"All cars news","description":"","publisher":{"@id":"https:\/\/all-car-news.com\/es\/#organization"},"potentialAction":[{"@type":"SearchAction","target":{"@type":"EntryPoint","urlTemplate":"https:\/\/all-car-news.com\/es\/?s={search_term_string}"},"query-input":"required name=search_term_string"}],"inLanguage":"es"},{"@type":"Organization","@id":"https:\/\/all-car-news.com\/es\/#organization","name":"All cars news","url":"https:\/\/all-car-news.com\/es\/","logo":{"@type":"ImageObject","inLanguage":"es","@id":"https:\/\/all-car-news.com\/es\/#\/schema\/logo\/image\/","url":"https:\/\/all-car-news.com\/wp-content\/uploads\/2022\/02\/CMYK-AllCarNews_LANDSCAPE_300px-1.png","contentUrl":"https:\/\/all-car-news.com\/wp-content\/uploads\/2022\/02\/CMYK-AllCarNews_LANDSCAPE_300px-1.png","width":300,"height":100,"caption":"All cars news"},"image":{"@id":"https:\/\/all-car-news.com\/es\/#\/schema\/logo\/image\/"}}]}},"_links":{"self":[{"href":"https:\/\/all-car-news.com\/es\/wp-json\/wp\/v2\/posts\/138032","targetHints":{"allow":["GET"]}}],"collection":[{"href":"https:\/\/all-car-news.com\/es\/wp-json\/wp\/v2\/posts"}],"about":[{"href":"https:\/\/all-car-news.com\/es\/wp-json\/wp\/v2\/types\/post"}],"replies":[{"embeddable":true,"href":"https:\/\/all-car-news.com\/es\/wp-json\/wp\/v2\/comments?post=138032"}],"version-history":[{"count":0,"href":"https:\/\/all-car-news.com\/es\/wp-json\/wp\/v2\/posts\/138032\/revisions"}],"wp:featuredmedia":[{"embeddable":true,"href":"https:\/\/all-car-news.com\/es\/wp-json\/wp\/v2\/media\/138027"}],"wp:attachment":[{"href":"https:\/\/all-car-news.com\/es\/wp-json\/wp\/v2\/media?parent=138032"}],"wp:term":[{"taxonomy":"category","embeddable":true,"href":"https:\/\/all-car-news.com\/es\/wp-json\/wp\/v2\/categories?post=138032"},{"taxonomy":"post_tag","embeddable":true,"href":"https:\/\/all-car-news.com\/es\/wp-json\/wp\/v2\/tags?post=138032"}],"curies":[{"name":"wp","href":"https:\/\/api.w.org\/{rel}","templated":true}]}}