{"id":137957,"date":"2023-08-10T08:26:12","date_gmt":"2023-08-10T08:26:12","guid":{"rendered":"https:\/\/all-car-news.com\/el-cadillac-escalade-iq-tiene-una-gran-bateria-de-200-kwh\/"},"modified":"2023-08-10T08:26:12","modified_gmt":"2023-08-10T08:26:12","slug":"el-cadillac-escalade-iq-tiene-una-gran-bateria-de-200-kwh","status":"publish","type":"post","link":"https:\/\/all-car-news.com\/es\/el-cadillac-escalade-iq-tiene-una-gran-bateria-de-200-kwh\/","title":{"rendered":"El Cadillac Escalade IQ tiene una gran bater\u00eda de 200 kWh."},"content":{"rendered":"<h2>Construido sobre la plataforma Ultium<\/h2>\n<p>El precio en Estados Unidos: 130.000 d\u00f3lares. En Europa, por tanto, a\u00fan puede contar con un precio de partida inferior a 140.000 euros. El futuro tendr\u00e1 que decirlo. En cualquier caso, lo que se obtiene es un SUV familiar ultralujoso equipado con todas las comodidades. Esto ha sido posible, en parte, gracias a la innovadora arquitectura modular del veh\u00edculo el\u00e9ctrico, la plataforma Ultium. Esta plataforma permite la aplicaci\u00f3n de la plataforma de software Ultifi de GM. Por eso, este Cadillac Escalade IQ cuenta con varios sistemas de asistencia a la conducci\u00f3n y un sistema de infoentretenimiento totalmente conectado a Internet.<\/p>\n<h2>Caracter\u00edsticas Cadillac Escalade IQ  <\/h2>\n<p>\u00bfQu\u00e9 ofrece este Cadillac Escalade IQ? Piensa en llantas de 24 pulgadas y suspensi\u00f3n neum\u00e1tica adaptativa que permite bajar la altura de conducci\u00f3n 50 mm y subirla 25 mm. El coche tambi\u00e9n tiene direcci\u00f3n a las cuatro ruedas, llamada Four-Wheel Steer by Cadillac. Como resultado, el radio de giro es de s\u00f3lo 12 metros. El Modo Llegada de Cadillac es una exclusiva funci\u00f3n de cuatro ruedas directrices que permite al Escalade IQ moverse en diagonal, facilitando la entrada o salida de espacios reducidos.<\/p>\n<figure class=\"wp-block-image size-full\"><img decoding=\"async\" loading=\"lazy\" width=\"1920\" height=\"1045\" src=\"https:\/\/autorai.nl\/wp-content\/uploads\/2023\/08\/2025-cadillac-escalade-iq-sport-005.jpg\" alt=\"Cadillac ESCALADE IQ Sport\" class=\"wp-image-164248\"><\/figure>\n<h2>Bater\u00eda extra\u00f1amente grande: 200 kWh<\/h2>\n<p>El nuevo Cadillac Escalade IQ incorpora una bater\u00eda Ultium compuesta por 24 m\u00f3dulos. Esto proporciona m\u00e1s de 200 kWh de energ\u00eda (c\u00e1todo de iones de litio NCMA, \u00e1nodo de grafito mixto). El pack de bater\u00edas admite carga r\u00e1pida de 800 voltios CC. Con ello, consigues 160 kil\u00f3metros de autonom\u00eda en s\u00f3lo 10 minutos. La autonom\u00eda total es de 720 kil\u00f3metros. Tambi\u00e9n es compatible con la tecnolog\u00eda Vehicle-to-Home (V2H), por lo que este Cadillac tambi\u00e9n puede servir como banco de energ\u00eda para el hogar. Tambi\u00e9n es posible el veh\u00edculo a carga (V2L). En ese caso, este todoterreno puede alimentar otros coches o equipos.<\/p>\n<h2>Hasta 750 CV<\/h2>\n<p>La cadena cinem\u00e1tica eAWD consta de dos motores el\u00e9ctricos, que juntos alcanzan los 750 CV y 1.064 Nm de potencia de tracci\u00f3n. El tiempo de 0-96 es inferior a 5 segundos. El Escalade IQ tambi\u00e9n cuenta con funciones como la conducci\u00f3n con un solo pedal y la lluvia variable a demanda. As\u00ed, usted mismo puede fijar la intensidad de la recuperaci\u00f3n. Adem\u00e1s, Ultium Energy Recovery -un sistema de bomba de calor t\u00e9rmico- permite transferir energ\u00eda entre la bater\u00eda\/electr\u00f3nica de potencia y el habit\u00e1culo. As\u00ed, seg\u00fan Cadillac, cada vatio se utiliza de forma eficiente para optimizar la autonom\u00eda.<\/p>\n<figure class=\"wp-block-image size-content\"><img decoding=\"async\" loading=\"lazy\" width=\"1140\" height=\"771\" src=\"https:\/\/autorai.nl\/wp-content\/uploads\/2023\/08\/2025-cadillac-escalade-iq-sport-001-1140x771.jpg\" alt=\"Cadillac ESCALADE IQ Sport en Flare Metalizado\" class=\"wp-image-164249\"><\/figure>\n<h2>Super Crucero, \u00bfqu\u00e9 es?<\/h2>\n<p>Este SUV el\u00e9ctrico cuenta adem\u00e1s con Super Cruise. \u00bfDe qu\u00e9 se trata? Seg\u00fan Cadillac, Super Cruise es el primer sistema de asistencia a la conducci\u00f3n con manos libres de la industria que permite a los conductores viajar con las manos libres en m\u00e1s de 400.000 millas de carreteras en los Estados Unidos y Canad\u00e1. Cuando Super Cruise est\u00e1 activado, los datos cartogr\u00e1ficos LiDAR del veh\u00edculo, las c\u00e1maras en tiempo real, los radares y el GPS garantizan que el veh\u00edculo se mantenga en el carril para disfrutar de una experiencia de conducci\u00f3n manos libres. Estos sistemas funcionan conjuntamente mediante la \u00abfusi\u00f3n de sensores\u00bb para crear un campo sensorial alrededor del veh\u00edculo que ayuda a mantenerlo en el centro del carril al tiempo que aumenta la comodidad y el confort del conductor. Super Cruise acelera o frena el veh\u00edculo para mantener una distancia de seguimiento seleccionada respecto al veh\u00edculo que circula delante y se ajusta para mantener la posici\u00f3n en el carril. Adem\u00e1s, Super Cruise puede realizar cambios de carril tanto iniciados por el conductor como por el sistema para adelantar al tr\u00e1fico m\u00e1s lento y salirse de un carril que pueda estar deteni\u00e9ndose. Durante esas acciones, se controla la posici\u00f3n de la cabeza y\/o los ojos del conductor en relaci\u00f3n con la carretera para atraer su atenci\u00f3n.<\/p>\n<h2>\u00a1\u00datil!<\/h2>\n<p>El Cadillac Escalade IQ tiene adem\u00e1s un port\u00f3n trasero que se abre y se cierra autom\u00e1ticamente. Las cuatro puertas se abren y cierran el\u00e9ctricamente pulsando un bot\u00f3n. Si se activa, incluso la puerta del conductor se abre autom\u00e1ticamente cuando el conductor se acerca con la llave en el bolsillo. El coche tambi\u00e9n tiene un maletero considerable para espacio de almacenamiento adicional.<\/p>\n<figure class=\"wp-block-image size-content\"><img decoding=\"async\" loading=\"lazy\" width=\"1140\" height=\"855\" src=\"https:\/\/autorai.nl\/wp-content\/uploads\/2023\/08\/2025-cadillac-escalade-iq-sport-014-1140x855.jpg\" alt=\"Interior Cadillac Escalade IQ\" class=\"wp-image-164237\"><\/figure>\n<h2>Interior Cadillac Escalade IQ<\/h2>\n<p>El interior parece moderno y lujoso. En primer lugar, detectamos una pantalla LED de 55 pulgadas de diagonal. La potencia de c\u00e1lculo la proporciona la plataforma Snapdragon Cockpit de Qualcomm Technologies. Los servicios de Google est\u00e1n integrados. En la parte trasera, tu Caddy cuenta con dos pantallas de 12,6 pulgadas, si optas por el paquete opcional de asientos Executive en la segunda fila. Adem\u00e1s, este SUV americano de tama\u00f1o completo est\u00e1 equipado con todas las comodidades: masaje en los asientos, un completo sistema de audio, un techo panor\u00e1mico de gran altura, puntos de carga USB-C, puertos HDMI, capacidad de carga inal\u00e1mbrica de tel\u00e9fonos e iluminaci\u00f3n ambiental con 126 colores.<\/p>\n<h2>\u00bfPeso?<\/h2>\n<p>En resumen: un capricho para ti. Tenemos nuestras dudas sobre un paquete de bater\u00edas de 200 kWh. Eso significa que este Cadillac debe ser muy pesado. Pero el fabricante estadounidense a\u00fan no ha hecho declaraciones al respecto. La producci\u00f3n regular del Escalade IQ comenzar\u00e1 en el verano de 2024 en el Centro de Ensamblaje Factory ZERO Detroit-Hamtramck de GM en Michigan. A partir de 2030, Cadillac solo fabricar\u00e1 veh\u00edculos el\u00e9ctricos de bater\u00eda.<\/p>\n<h2>Cadillac Escalade IQ: principales especificaciones t\u00e9cnicas de un vistazo<\/h2>\n<ul>\n<li>Potencia del sistema en modo normal: 680 CV (505 kW)<\/li>\n<li>Potencia del sistema en Velocity Max: 750 CV (560 kW)<\/li>\n<li>Par del sistema en modo normal: 834 Nm<\/li>\n<li>Par del sistema en Velocity Max: 1.064 Nm<\/li>\n<li>Carga con 7,7 kW: 24 km por hora<\/li>\n<li>19,2 kW CA: 59 km\/h<\/li>\n<li>Cargador r\u00e1pido de CC: 160 km en 10 minutos<\/li>\n<li>Distancia entre ejes: 3.460 mm<\/li>\n<li>Longitud: 5.697 mm<\/li>\n<li>Anchura: 2.167 mm (sin retrovisores laterales)<\/li>\n<li>Altura: 1.934 mm<\/li>\n<li>Ancho de v\u00eda delantero\/trasero: 1.745 mm<\/li>\n<li>Distancia al suelo: 175 mm<\/li>\n<li>Maletero: 670 litros detr\u00e1s de la tercera fila, 1.958 litros con la tercera fila abatida, 3.374 litros con la segunda y tercera filas abatidas<\/li>\n<li>Maletero (eTrunk): 345,4 litros<\/li>\n<\/ul>\n<div class=\"galery galery-0\">\n<figure>\n\t\t\t\t\t<span style=\"cursor: pointer\" data-src=\"https:\/\/autorai.nl\/wp-content\/uploads\/2023\/08\/2025-cadillac-escalade-iq-sport-001-1600x1082.jpg\" data-fancybox=\"galery-0\" title=\"Cadillac ESCALADE IQ Sport en Flare Metallic.\"><br \/>\n\t\t\t\t\t\t\t<img decoding=\"async\" width=\"360\" height=\"270\" src=\"https:\/\/autorai.nl\/wp-content\/uploads\/2023\/08\/2025-cadillac-escalade-iq-sport-001-360x270.jpg\" class=\"attachment-small size-small\" alt=\"Cadillac ESCALADE IQ Sport en Flare Metalizado\" loading=\"lazy\"><i class=\"fa fa-search-plus\" aria-hidden=\"true\"><\/i><br \/>\n\t\t\t\t\t\t<\/span><br \/>\n\t\t\t\t\t<\/figure>\n<figure>\n\t\t\t\t\t<span style=\"cursor: pointer\" data-src=\"https:\/\/autorai.nl\/wp-content\/uploads\/2023\/08\/2025-cadillac-escalade-iq-sport-005-1600x871.jpg\" data-fancybox=\"galery-0\" title=\"Vista trasera 7\/8 del Cadillac ESCALADE IQ Sport en Flare Metallic de noche.\"><br \/>\n\t\t\t\t\t\t\t<img decoding=\"async\" width=\"360\" height=\"270\" src=\"https:\/\/autorai.nl\/wp-content\/uploads\/2023\/08\/2025-cadillac-escalade-iq-sport-005-360x270.jpg\" class=\"attachment-small size-small\" alt=\"Cadillac ESCALADE IQ Sport\" loading=\"lazy\"><i class=\"fa fa-search-plus\" aria-hidden=\"true\"><\/i><br \/>\n\t\t\t\t\t\t<\/span><br \/>\n\t\t\t\t\t<\/figure>\n<figure>\n\t\t\t\t\t<span style=\"cursor: pointer\" data-src=\"https:\/\/autorai.nl\/wp-content\/uploads\/2023\/08\/2025-cadillac-escalade-iq-sport-006-1600x1494.jpg\" data-fancybox=\"galery-0\" title=\"Vista frontal 7\/8 del Cadillac ESCALADE IQ Sport en Flare Metallic de noche.\"><br \/>\n\t\t\t\t\t\t\t<img decoding=\"async\" width=\"360\" height=\"270\" src=\"https:\/\/autorai.nl\/wp-content\/uploads\/2023\/08\/2025-cadillac-escalade-iq-sport-006-360x270.jpg\" class=\"attachment-small size-small\" alt=\"\" loading=\"lazy\"><i class=\"fa fa-search-plus\" aria-hidden=\"true\"><\/i><br \/>\n\t\t\t\t\t\t<\/span><br \/>\n\t\t\t\t\t<\/figure>\n<figure>\n\t\t\t\t\t<span style=\"cursor: pointer\" data-src=\"https:\/\/autorai.nl\/wp-content\/uploads\/2023\/08\/2025-cadillac-escalade-iq-sport-004-1600x738.jpg\" data-fancybox=\"galery-0\" title=\"Vista frontal 3\/4 del Cadillac ESCALADE IQ Sport en Flare Metallic.\"><br \/>\n\t\t\t\t\t\t\t<img decoding=\"async\" width=\"360\" height=\"270\" src=\"https:\/\/autorai.nl\/wp-content\/uploads\/2023\/08\/2025-cadillac-escalade-iq-sport-004-360x270.jpg\" class=\"attachment-small size-small\" alt=\"Cadillac Escalade IQ\" loading=\"lazy\"><i class=\"fa fa-search-plus\" aria-hidden=\"true\"><\/i><br \/>\n\t\t\t\t\t\t<\/span><br \/>\n\t\t\t\t\t<\/figure>\n<figure>\n\t\t\t\t\t<span style=\"cursor: pointer\" data-src=\"https:\/\/autorai.nl\/wp-content\/uploads\/2023\/08\/2025-cadillac-escalade-iq-sport-003-1600x1092.jpg\" data-fancybox=\"galery-0\" title=\"Vista lateral completa del Cadillac ESCALADE IQ Sport en Flare Metallic al atardecer.\"><br \/>\n\t\t\t\t\t\t\t<img decoding=\"async\" width=\"360\" height=\"270\" src=\"https:\/\/autorai.nl\/wp-content\/uploads\/2023\/08\/2025-cadillac-escalade-iq-sport-003-360x270.jpg\" class=\"attachment-small size-small\" alt=\"\" loading=\"lazy\"><i class=\"fa fa-search-plus\" aria-hidden=\"true\"><\/i><br \/>\n\t\t\t\t\t\t<\/span><br \/>\n\t\t\t\t\t<\/figure>\n<figure>\n\t\t\t\t\t<span style=\"cursor: pointer\" data-src=\"https:\/\/autorai.nl\/wp-content\/uploads\/2023\/08\/2025-cadillac-escalade-iq-sport-002-1600x938.jpg\" data-fancybox=\"galery-0\" title=\"Vista 3\/4 trasera del Cadillac ESCALADE IQ Sport en Flare Metallic.\"><br \/>\n\t\t\t\t\t\t\t<img decoding=\"async\" width=\"360\" height=\"270\" src=\"https:\/\/autorai.nl\/wp-content\/uploads\/2023\/08\/2025-cadillac-escalade-iq-sport-002-360x270.jpg\" class=\"attachment-small size-small\" alt=\"\" loading=\"lazy\"><i class=\"fa fa-search-plus\" aria-hidden=\"true\"><\/i><br \/>\n\t\t\t\t\t\t<\/span><br \/>\n\t\t\t\t\t<\/figure>\n<figure>\n\t\t\t\t\t<span style=\"cursor: pointer\" data-src=\"https:\/\/autorai.nl\/wp-content\/uploads\/2023\/08\/2025-cadillac-escalade-iq-sport-007-1600x1200.jpg\" data-fancybox=\"galery-0\" title=\"Llanta Cadillac ESCALADE IQ Sport de 24 pulgadas.\"><br \/>\n\t\t\t\t\t\t\t<img decoding=\"async\" width=\"360\" height=\"270\" src=\"https:\/\/autorai.nl\/wp-content\/uploads\/2023\/08\/2025-cadillac-escalade-iq-sport-007-360x270.jpg\" class=\"attachment-small size-small\" alt=\"\" loading=\"lazy\"><i class=\"fa fa-search-plus\" aria-hidden=\"true\"><\/i><br \/>\n\t\t\t\t\t\t<\/span><br \/>\n\t\t\t\t\t<\/figure>\n<figure>\n\t\t\t\t\t<span style=\"cursor: pointer\" data-src=\"https:\/\/autorai.nl\/wp-content\/uploads\/2023\/08\/2025-cadillac-escalade-iq-sport-011-1600x1200.jpg\" data-fancybox=\"galery-0\" title=\"Primer plano de un hombre utilizando la consola de control del Cadillac ESCALADE IQ Sport.\"><br \/>\n\t\t\t\t\t\t\t<img decoding=\"async\" width=\"360\" height=\"270\" src=\"https:\/\/autorai.nl\/wp-content\/uploads\/2023\/08\/2025-cadillac-escalade-iq-sport-011-360x270.jpg\" class=\"attachment-small size-small\" alt=\"\" loading=\"lazy\"><i class=\"fa fa-search-plus\" aria-hidden=\"true\"><\/i><br \/>\n\t\t\t\t\t\t<\/span><br \/>\n\t\t\t\t\t<\/figure>\n<figure>\n\t\t\t\t\t<span style=\"cursor: pointer\" data-src=\"https:\/\/autorai.nl\/wp-content\/uploads\/2023\/08\/2025-cadillac-escalade-iq-sport-010-1600x1068.jpg\" data-fancybox=\"galery-0\" title=\"Hombre sentado en la segunda fila ejecutiva del Cadillac ESCALADE IQ con pantallas en los asientos traseros.\"><br \/>\n\t\t\t\t\t\t\t<img decoding=\"async\" width=\"360\" height=\"270\" src=\"https:\/\/autorai.nl\/wp-content\/uploads\/2023\/08\/2025-cadillac-escalade-iq-sport-010-360x270.jpg\" class=\"attachment-small size-small\" alt=\"\" loading=\"lazy\"><i class=\"fa fa-search-plus\" aria-hidden=\"true\"><\/i><br \/>\n\t\t\t\t\t\t<\/span><br \/>\n\t\t\t\t\t<\/figure>\n<figure>\n\t\t\t\t\t<span style=\"cursor: pointer\" data-src=\"https:\/\/autorai.nl\/wp-content\/uploads\/2023\/08\/2025-cadillac-escalade-iq-sport-016-1600x1200.jpg\" data-fancybox=\"galery-0\" title=\"Asientos delanteros Cadillac ESCALADE IQ en Camelia\/Backen Black.\"><br \/>\n\t\t\t\t\t\t\t<img decoding=\"async\" width=\"360\" height=\"270\" src=\"https:\/\/autorai.nl\/wp-content\/uploads\/2023\/08\/2025-cadillac-escalade-iq-sport-016-360x270.jpg\" class=\"attachment-small size-small\" alt=\"\" loading=\"lazy\"><i class=\"fa fa-search-plus\" aria-hidden=\"true\"><\/i><br \/>\n\t\t\t\t\t\t<\/span><br \/>\n\t\t\t\t\t<\/figure>\n<figure>\n\t\t\t\t\t<span style=\"cursor: pointer\" data-src=\"https:\/\/autorai.nl\/wp-content\/uploads\/2023\/08\/2025-cadillac-escalade-iq-sport-017-1600x932.jpg\" data-fancybox=\"galery-0\" title=\"Vista frontal de la pantalla de pilar a pilar en el Cadillac ESCALADE IQ Sport de noche con la visi\u00f3n nocturna activada.\"><br \/>\n\t\t\t\t\t\t\t<img decoding=\"async\" width=\"360\" height=\"270\" src=\"https:\/\/autorai.nl\/wp-content\/uploads\/2023\/08\/2025-cadillac-escalade-iq-sport-017-360x270.jpg\" class=\"attachment-small size-small\" alt=\"\" loading=\"lazy\"><i class=\"fa fa-search-plus\" aria-hidden=\"true\"><\/i><br \/>\n\t\t\t\t\t\t<\/span><br \/>\n\t\t\t\t\t<\/figure>\n<figure>\n\t\t\t\t\t<span style=\"cursor: pointer\" data-src=\"https:\/\/autorai.nl\/wp-content\/uploads\/2023\/08\/2025-cadillac-escalade-iq-sport-015-1600x1051.jpg\" data-fancybox=\"galery-0\" title=\"Vista lateral de la pantalla del centro de mando trasero en Camelia\/Backen Black.\"><br \/>\n\t\t\t\t\t\t\t<img decoding=\"async\" width=\"360\" height=\"270\" src=\"https:\/\/autorai.nl\/wp-content\/uploads\/2023\/08\/2025-cadillac-escalade-iq-sport-015-360x270.jpg\" class=\"attachment-small size-small\" alt=\"\" loading=\"lazy\"><i class=\"fa fa-search-plus\" aria-hidden=\"true\"><\/i><br \/>\n\t\t\t\t\t\t<\/span><br \/>\n\t\t\t\t\t<\/figure>\n<figure>\n\t\t\t\t\t<span style=\"cursor: pointer\" data-src=\"https:\/\/autorai.nl\/wp-content\/uploads\/2023\/08\/2025-cadillac-escalade-iq-sport-014-1600x1200.jpg\" data-fancybox=\"galery-0\" title=\"Vista de los asientos delanteros, el volante y la pantalla de pilar a pilar en el Cadillac ESCALADE IQ Sport.\"><br \/>\n\t\t\t\t\t\t\t<img decoding=\"async\" width=\"360\" height=\"270\" src=\"https:\/\/autorai.nl\/wp-content\/uploads\/2023\/08\/2025-cadillac-escalade-iq-sport-014-360x270.jpg\" class=\"attachment-small size-small\" alt=\"Interior Cadillac Escalade IQ\" loading=\"lazy\"><i class=\"fa fa-search-plus\" aria-hidden=\"true\"><\/i><br \/>\n\t\t\t\t\t\t<\/span><br \/>\n\t\t\t\t\t<\/figure>\n<figure>\n\t\t\t\t\t<span style=\"cursor: pointer\" data-src=\"https:\/\/autorai.nl\/wp-content\/uploads\/2023\/08\/2025-cadillac-escalade-iq-sport-013-1600x1200.jpg\" data-fancybox=\"galery-0\" title=\"Vista frontal del interior del Cadillac ESCALADE IQ y de la pantalla de 55 pulgadas de pilar a pilar desde el asiento trasero.\"><br \/>\n\t\t\t\t\t\t\t<img decoding=\"async\" width=\"360\" height=\"270\" src=\"https:\/\/autorai.nl\/wp-content\/uploads\/2023\/08\/2025-cadillac-escalade-iq-sport-013-360x270.jpg\" class=\"attachment-small size-small\" alt=\"\" loading=\"lazy\"><i class=\"fa fa-search-plus\" aria-hidden=\"true\"><\/i><br \/>\n\t\t\t\t\t\t<\/span><br \/>\n\t\t\t\t\t<\/figure>\n<div class=\"clear\"><\/div>\n<\/div>\n","protected":false},"excerpt":{"rendered":"Construido sobre la plataforma Ultium El precio en EE.UU.: 130.000 d\u00f3lares. En Europa, por tanto, a\u00fan puede contar con un&hellip;","protected":false},"author":0,"featured_media":137953,"comment_status":"","ping_status":"open","sticky":false,"template":"","format":"standard","meta":{"footnotes":""},"categories":[129,126],"tags":[],"class_list":["post-137957","post","type-post","status-publish","format-standard","has-post-thumbnail","hentry","category-fondo","category-noticias-de-autos"],"acf":[],"yoast_head":"<!-- This site is optimized with the Yoast SEO plugin v21.2 - https:\/\/yoast.com\/wordpress\/plugins\/seo\/ -->\n<title>El Cadillac Escalade IQ tiene una gran bater\u00eda de 200 kWh. - All cars news<\/title>\n<meta name=\"robots\" content=\"index, follow, max-snippet:-1, max-image-preview:large, max-video-preview:-1\" \/>\n<link rel=\"canonical\" href=\"https:\/\/all-car-news.com\/es\/el-cadillac-escalade-iq-tiene-una-gran-bateria-de-200-kwh\/\" \/>\n<meta property=\"og:locale\" content=\"es_ES\" \/>\n<meta property=\"og:type\" content=\"article\" \/>\n<meta property=\"og:title\" content=\"El Cadillac Escalade IQ tiene una gran bater\u00eda de 200 kWh. - All cars news\" \/>\n<meta property=\"og:description\" content=\"Construido sobre la plataforma Ultium El precio en EE.UU.: 130.000 d\u00f3lares. En Europa, por tanto, a\u00fan puede contar con un precio de partida inferior a 140.000 euros. El futuro tendr\u00e1 que decirlo. En cualquier caso, lo que se obtiene es un SUV familiar ultralujoso equipado con todas las comodidades. Esto fue posible en parte [...]\" \/>\n<meta property=\"og:url\" content=\"https:\/\/all-car-news.com\/es\/el-cadillac-escalade-iq-tiene-una-gran-bateria-de-200-kwh\/\" \/>\n<meta property=\"og:site_name\" content=\"All cars news\" \/>\n<meta property=\"article:published_time\" content=\"2023-08-10T08:26:12+00:00\" \/>\n<meta property=\"og:image\" content=\"https:\/\/autorai.nl\/wp-content\/uploads\/2023\/08\/2025-cadillac-escalade-iq-sport-005.jpg\" \/>\n<meta name=\"twitter:card\" content=\"summary_large_image\" \/>\n<meta name=\"twitter:label1\" content=\"Tiempo de lectura\" \/>\n\t<meta name=\"twitter:data1\" content=\"5 minutos\" \/>\n<script type=\"application\/ld+json\" class=\"yoast-schema-graph\">{\"@context\":\"https:\/\/schema.org\",\"@graph\":[{\"@type\":\"Article\",\"@id\":\"https:\/\/all-car-news.com\/es\/el-cadillac-escalade-iq-tiene-una-gran-bateria-de-200-kwh\/#article\",\"isPartOf\":{\"@id\":\"https:\/\/all-car-news.com\/es\/el-cadillac-escalade-iq-tiene-una-gran-bateria-de-200-kwh\/\"},\"author\":{\"name\":\"\",\"@id\":\"\"},\"headline\":\"El Cadillac Escalade IQ tiene una gran bater\u00eda de 200 kWh.\",\"datePublished\":\"2023-08-10T08:26:12+00:00\",\"dateModified\":\"2023-08-10T08:26:12+00:00\",\"mainEntityOfPage\":{\"@id\":\"https:\/\/all-car-news.com\/es\/el-cadillac-escalade-iq-tiene-una-gran-bateria-de-200-kwh\/\"},\"wordCount\":1056,\"publisher\":{\"@id\":\"https:\/\/all-car-news.com\/es\/#organization\"},\"articleSection\":[\"Fondo\",\"noticias de autos\"],\"inLanguage\":\"es\"},{\"@type\":\"WebPage\",\"@id\":\"https:\/\/all-car-news.com\/es\/el-cadillac-escalade-iq-tiene-una-gran-bateria-de-200-kwh\/\",\"url\":\"https:\/\/all-car-news.com\/es\/el-cadillac-escalade-iq-tiene-una-gran-bateria-de-200-kwh\/\",\"name\":\"El Cadillac Escalade IQ tiene una gran bater\u00eda de 200 kWh. - All cars news\",\"isPartOf\":{\"@id\":\"https:\/\/all-car-news.com\/es\/#website\"},\"datePublished\":\"2023-08-10T08:26:12+00:00\",\"dateModified\":\"2023-08-10T08:26:12+00:00\",\"breadcrumb\":{\"@id\":\"https:\/\/all-car-news.com\/es\/el-cadillac-escalade-iq-tiene-una-gran-bateria-de-200-kwh\/#breadcrumb\"},\"inLanguage\":\"es\",\"potentialAction\":[{\"@type\":\"ReadAction\",\"target\":[\"https:\/\/all-car-news.com\/es\/el-cadillac-escalade-iq-tiene-una-gran-bateria-de-200-kwh\/\"]}]},{\"@type\":\"BreadcrumbList\",\"@id\":\"https:\/\/all-car-news.com\/es\/el-cadillac-escalade-iq-tiene-una-gran-bateria-de-200-kwh\/#breadcrumb\",\"itemListElement\":[{\"@type\":\"ListItem\",\"position\":1,\"name\":\"Home\",\"item\":\"https:\/\/all-car-news.com\/es\/\"},{\"@type\":\"ListItem\",\"position\":2,\"name\":\"El Cadillac Escalade IQ tiene una gran bater\u00eda de 200 kWh.\"}]},{\"@type\":\"WebSite\",\"@id\":\"https:\/\/all-car-news.com\/es\/#website\",\"url\":\"https:\/\/all-car-news.com\/es\/\",\"name\":\"All cars news\",\"description\":\"\",\"publisher\":{\"@id\":\"https:\/\/all-car-news.com\/es\/#organization\"},\"potentialAction\":[{\"@type\":\"SearchAction\",\"target\":{\"@type\":\"EntryPoint\",\"urlTemplate\":\"https:\/\/all-car-news.com\/es\/?s={search_term_string}\"},\"query-input\":\"required name=search_term_string\"}],\"inLanguage\":\"es\"},{\"@type\":\"Organization\",\"@id\":\"https:\/\/all-car-news.com\/es\/#organization\",\"name\":\"All cars news\",\"url\":\"https:\/\/all-car-news.com\/es\/\",\"logo\":{\"@type\":\"ImageObject\",\"inLanguage\":\"es\",\"@id\":\"https:\/\/all-car-news.com\/es\/#\/schema\/logo\/image\/\",\"url\":\"https:\/\/all-car-news.com\/wp-content\/uploads\/2022\/02\/CMYK-AllCarNews_LANDSCAPE_300px-1.png\",\"contentUrl\":\"https:\/\/all-car-news.com\/wp-content\/uploads\/2022\/02\/CMYK-AllCarNews_LANDSCAPE_300px-1.png\",\"width\":300,\"height\":100,\"caption\":\"All cars news\"},\"image\":{\"@id\":\"https:\/\/all-car-news.com\/es\/#\/schema\/logo\/image\/\"}}]}<\/script>\n<!-- \/ Yoast SEO plugin. -->","yoast_head_json":{"title":"El Cadillac Escalade IQ tiene una gran bater\u00eda de 200 kWh. - All cars news","robots":{"index":"index","follow":"follow","max-snippet":"max-snippet:-1","max-image-preview":"max-image-preview:large","max-video-preview":"max-video-preview:-1"},"canonical":"https:\/\/all-car-news.com\/es\/el-cadillac-escalade-iq-tiene-una-gran-bateria-de-200-kwh\/","og_locale":"es_ES","og_type":"article","og_title":"El Cadillac Escalade IQ tiene una gran bater\u00eda de 200 kWh. - All cars news","og_description":"Construido sobre la plataforma Ultium El precio en EE.UU.: 130.000 d\u00f3lares. En Europa, por tanto, a\u00fan puede contar con un precio de partida inferior a 140.000 euros. El futuro tendr\u00e1 que decirlo. En cualquier caso, lo que se obtiene es un SUV familiar ultralujoso equipado con todas las comodidades. Esto fue posible en parte [...]","og_url":"https:\/\/all-car-news.com\/es\/el-cadillac-escalade-iq-tiene-una-gran-bateria-de-200-kwh\/","og_site_name":"All cars news","article_published_time":"2023-08-10T08:26:12+00:00","og_image":[{"url":"https:\/\/autorai.nl\/wp-content\/uploads\/2023\/08\/2025-cadillac-escalade-iq-sport-005.jpg"}],"twitter_card":"summary_large_image","twitter_misc":{"Tiempo de lectura":"5 minutos"},"schema":{"@context":"https:\/\/schema.org","@graph":[{"@type":"Article","@id":"https:\/\/all-car-news.com\/es\/el-cadillac-escalade-iq-tiene-una-gran-bateria-de-200-kwh\/#article","isPartOf":{"@id":"https:\/\/all-car-news.com\/es\/el-cadillac-escalade-iq-tiene-una-gran-bateria-de-200-kwh\/"},"author":{"name":"","@id":""},"headline":"El Cadillac Escalade IQ tiene una gran bater\u00eda de 200 kWh.","datePublished":"2023-08-10T08:26:12+00:00","dateModified":"2023-08-10T08:26:12+00:00","mainEntityOfPage":{"@id":"https:\/\/all-car-news.com\/es\/el-cadillac-escalade-iq-tiene-una-gran-bateria-de-200-kwh\/"},"wordCount":1056,"publisher":{"@id":"https:\/\/all-car-news.com\/es\/#organization"},"articleSection":["Fondo","noticias de autos"],"inLanguage":"es"},{"@type":"WebPage","@id":"https:\/\/all-car-news.com\/es\/el-cadillac-escalade-iq-tiene-una-gran-bateria-de-200-kwh\/","url":"https:\/\/all-car-news.com\/es\/el-cadillac-escalade-iq-tiene-una-gran-bateria-de-200-kwh\/","name":"El Cadillac Escalade IQ tiene una gran bater\u00eda de 200 kWh. - All cars news","isPartOf":{"@id":"https:\/\/all-car-news.com\/es\/#website"},"datePublished":"2023-08-10T08:26:12+00:00","dateModified":"2023-08-10T08:26:12+00:00","breadcrumb":{"@id":"https:\/\/all-car-news.com\/es\/el-cadillac-escalade-iq-tiene-una-gran-bateria-de-200-kwh\/#breadcrumb"},"inLanguage":"es","potentialAction":[{"@type":"ReadAction","target":["https:\/\/all-car-news.com\/es\/el-cadillac-escalade-iq-tiene-una-gran-bateria-de-200-kwh\/"]}]},{"@type":"BreadcrumbList","@id":"https:\/\/all-car-news.com\/es\/el-cadillac-escalade-iq-tiene-una-gran-bateria-de-200-kwh\/#breadcrumb","itemListElement":[{"@type":"ListItem","position":1,"name":"Home","item":"https:\/\/all-car-news.com\/es\/"},{"@type":"ListItem","position":2,"name":"El Cadillac Escalade IQ tiene una gran bater\u00eda de 200 kWh."}]},{"@type":"WebSite","@id":"https:\/\/all-car-news.com\/es\/#website","url":"https:\/\/all-car-news.com\/es\/","name":"All cars news","description":"","publisher":{"@id":"https:\/\/all-car-news.com\/es\/#organization"},"potentialAction":[{"@type":"SearchAction","target":{"@type":"EntryPoint","urlTemplate":"https:\/\/all-car-news.com\/es\/?s={search_term_string}"},"query-input":"required name=search_term_string"}],"inLanguage":"es"},{"@type":"Organization","@id":"https:\/\/all-car-news.com\/es\/#organization","name":"All cars news","url":"https:\/\/all-car-news.com\/es\/","logo":{"@type":"ImageObject","inLanguage":"es","@id":"https:\/\/all-car-news.com\/es\/#\/schema\/logo\/image\/","url":"https:\/\/all-car-news.com\/wp-content\/uploads\/2022\/02\/CMYK-AllCarNews_LANDSCAPE_300px-1.png","contentUrl":"https:\/\/all-car-news.com\/wp-content\/uploads\/2022\/02\/CMYK-AllCarNews_LANDSCAPE_300px-1.png","width":300,"height":100,"caption":"All cars news"},"image":{"@id":"https:\/\/all-car-news.com\/es\/#\/schema\/logo\/image\/"}}]}},"_links":{"self":[{"href":"https:\/\/all-car-news.com\/es\/wp-json\/wp\/v2\/posts\/137957","targetHints":{"allow":["GET"]}}],"collection":[{"href":"https:\/\/all-car-news.com\/es\/wp-json\/wp\/v2\/posts"}],"about":[{"href":"https:\/\/all-car-news.com\/es\/wp-json\/wp\/v2\/types\/post"}],"replies":[{"embeddable":true,"href":"https:\/\/all-car-news.com\/es\/wp-json\/wp\/v2\/comments?post=137957"}],"version-history":[{"count":0,"href":"https:\/\/all-car-news.com\/es\/wp-json\/wp\/v2\/posts\/137957\/revisions"}],"wp:featuredmedia":[{"embeddable":true,"href":"https:\/\/all-car-news.com\/es\/wp-json\/wp\/v2\/media\/137953"}],"wp:attachment":[{"href":"https:\/\/all-car-news.com\/es\/wp-json\/wp\/v2\/media?parent=137957"}],"wp:term":[{"taxonomy":"category","embeddable":true,"href":"https:\/\/all-car-news.com\/es\/wp-json\/wp\/v2\/categories?post=137957"},{"taxonomy":"post_tag","embeddable":true,"href":"https:\/\/all-car-news.com\/es\/wp-json\/wp\/v2\/tags?post=137957"}],"curies":[{"name":"wp","href":"https:\/\/api.w.org\/{rel}","templated":true}]}}