{"id":137925,"date":"2023-08-09T11:27:17","date_gmt":"2023-08-09T11:27:17","guid":{"rendered":"https:\/\/all-car-news.com\/este-es-el-nuevo-opel-manta-mas-o-menos\/"},"modified":"2023-08-09T11:27:17","modified_gmt":"2023-08-09T11:27:17","slug":"este-es-el-nuevo-opel-manta-mas-o-menos","status":"publish","type":"post","link":"https:\/\/all-car-news.com\/es\/este-es-el-nuevo-opel-manta-mas-o-menos\/","title":{"rendered":"Este es el nuevo Opel Manta, m\u00e1s o menos&#8230;\ufffc"},"content":{"rendered":"<h2>Avance de los futuros coches de serie<\/h2>\n<p>\u00abNuestro nuevo Opel Experimental es una interpretaci\u00f3n m\u00e1s extrema de nuestra filosof\u00eda de dise\u00f1o Bold and Pure. Da forma a nuestra visi\u00f3n del futuro. Muchos de los elementos del dise\u00f1o y la mentalidad que lo sustenta ser\u00e1n visibles en futuros coches de producci\u00f3n\u00bb, afirma Mark Adams, Vicepresidente de Dise\u00f1o.<\/p>\n<h2>Caracter\u00edsticas especiales Opel Experimental<\/h2>\n<p>Vauxhall juega con los efectos de iluminaci\u00f3n en este modelo. El cromo brilla por su ausencia. Por<strong> <\/strong>La aplicaci\u00f3n de iluminaci\u00f3n exterior y gr\u00e1ficos contrastados a\u00f1ade emoci\u00f3n al dise\u00f1o. Los retrovisores exteriores tradicionales se han sustituido por c\u00e1maras de 180 grados totalmente integradas en los pilares C. A grandes rasgos, el eficiente crossover el\u00e9ctrico de bater\u00eda se basa en una avanzada plataforma Stellantis BEV. El coche tambi\u00e9n tiene tracci\u00f3n total el\u00e9ctrica. Faltan m\u00e1s especificaciones t\u00e9cnicas.<\/p>\n<figure class=\"wp-block-image size-content\"><img decoding=\"async\" loading=\"lazy\" width=\"1140\" height=\"806\" src=\"https:\/\/autorai.nl\/wp-content\/uploads\/2023\/08\/opel-experimental-2023-foto2-1140x806.jpg\" alt=\"Opel Experimental 2023\" class=\"wp-image-164190\"><\/figure>\n<h2>Opel Vizor 4D<\/h2>\n<p>Destaca el nuevo Vauxhall Vizor 4D. La dimensi\u00f3n a\u00f1adida es la incorporaci\u00f3n de tecnolog\u00edas de visi\u00f3n que incluyen sensores, lidar, radar y sistemas de c\u00e1maras. Otras caracter\u00edsticas son las unidades luminosas alargadas con firma de ala en el eje horizontal y un pliegue central iluminado. La parte trasera adopta las caracter\u00edsticas de la delantera. La luz de freno se hace en la firma de la br\u00fajula.<\/p>\n<h2>Aero-flaps<\/h2>\n<p>El Opel Experimental tambi\u00e9n tiene una aerodin\u00e1mica inteligente. Los alerones aerodin\u00e1micos delanteros y traseros aumentan la eficiencia aerodin\u00e1mica, al igual que el difusor trasero. Las aletas Aero se deslizan hacia dentro o hacia fuera, dependiendo de la situaci\u00f3n de conducci\u00f3n. Los neum\u00e1ticos -desarrollados en colaboraci\u00f3n con Goodyear- est\u00e1n fabricados con caucho reciclado. Estos neum\u00e1ticos Goodyear envuelven unas llantas Ronal de 3 zonas que tambi\u00e9n mejoran la aerodin\u00e1mica del coche.<\/p>\n<figure class=\"wp-block-image size-content\"><img decoding=\"async\" loading=\"lazy\" width=\"1140\" height=\"806\" src=\"https:\/\/autorai.nl\/wp-content\/uploads\/2023\/08\/opel-experimental-2023-foto5-1140x806.jpg\" alt=\"\" class=\"wp-image-164193\"><\/figure>\n<h2>Volante plegable<\/h2>\n<p>Seg\u00fan Opel, el Experimental tiene dimensiones del segmento C y espacio del segmento D. El fabricante alem\u00e1n habla del llamado principio de \u00abdesintoxicaci\u00f3n espacial\u00bb, que consiste en liberar el m\u00e1ximo espacio posible. Por ejemplo, el volante puede plegarse cuando no se necesita. Esto es posible gracias al sistema de direcci\u00f3n por cable. Esto ahorra peso y elimina los componentes mec\u00e1nicos de la direcci\u00f3n. Este concept car tambi\u00e9n cuenta con asientos ligeros y adaptables acabados en tejidos especiales con tecnolog\u00eda de malla 3D. En el interior, tambi\u00e9n detectamos el Tech Bridge, una nueva interpretaci\u00f3n del Pure Panel utilizado por Opel en los modelos actuales. En lugar de pantallas convencionales, la informaci\u00f3n o el entretenimiento se presentan mediante una tecnolog\u00eda de proyecci\u00f3n mejorada, asistida por inteligencia artificial y control de voz natural.<\/p>\n<figure class=\"wp-block-image size-content\"><img decoding=\"async\" loading=\"lazy\" width=\"1140\" height=\"641\" src=\"https:\/\/autorai.nl\/wp-content\/uploads\/2023\/08\/opel-experimental-2023-foto15-1140x641.jpg\" alt=\"\" class=\"wp-image-164203\"><\/figure>\n<h2>Pad puro y tejidos electrocr\u00f3micos<\/h2>\n<p>Adem\u00e1s, este Vauxhall cuenta con un Pure Pad flotante y transparente delante del reposabrazos delantero. El conductor tambi\u00e9n puede adaptar totalmente este elemento a sus preferencias personales, permitiendo el acceso directo a los mandos m\u00e1s utilizados. Los tejidos electrocrom\u00e1ticos completan el look. Gracias a estos tejidos, los ocupantes disfrutan de una luz atmosf\u00e9rica. Esta iluminaci\u00f3n tambi\u00e9n es \u00abinteligente\u00bb. Por ejemplo, cuando un veh\u00edculo entra en el \u00e1ngulo muerto, aparece un aviso en la entrada de la puerta correspondiente y en el Head-up Display.<\/p>\n<h2>Estreno mundial Opel Experimental<\/h2>\n<p>El crossover Opel Experimental de bater\u00eda el\u00e9ctrica se presentar\u00e1 en primicia mundial en el Sal\u00f3n Internacional de la Movilidad de M\u00fanich, del 5 al 10 de septiembre de 2023.<\/p>\n<div class=\"galery shuffle galery-0\">\n<figure>\n\t\t\t\t\t<span style=\"cursor: pointer\" data-src=\"https:\/\/autorai.nl\/wp-content\/uploads\/2023\/08\/opel-experimental-2023-foto1-1600x1132.jpg\" data-fancybox=\"galery-0\" title=\"\"><br \/>\n\t\t\t\t\t\t\t<img decoding=\"async\" width=\"640\" height=\"480\" src=\"https:\/\/autorai.nl\/wp-content\/uploads\/2023\/08\/opel-experimental-2023-foto1-640x480.jpg\" class=\"attachment-medium size-medium\" alt=\"Opel Experimental 2023\" loading=\"lazy\"><i class=\"fa fa-search-plus\" aria-hidden=\"true\"><\/i><br \/>\n\t\t\t\t\t\t<\/span><br \/>\n\t\t\t\t\t<\/figure>\n<figure>\n\t\t\t\t\t<span style=\"cursor: pointer\" data-src=\"https:\/\/autorai.nl\/wp-content\/uploads\/2023\/08\/opel-experimental-2023-foto15-1600x900.jpg\" data-fancybox=\"galery-0\" title=\"\"><br \/>\n\t\t\t\t\t\t\t<img decoding=\"async\" width=\"360\" height=\"270\" src=\"https:\/\/autorai.nl\/wp-content\/uploads\/2023\/08\/opel-experimental-2023-foto15-360x270.jpg\" class=\"attachment-small size-small\" alt=\"\" loading=\"lazy\"><i class=\"fa fa-search-plus\" aria-hidden=\"true\"><\/i><br \/>\n\t\t\t\t\t\t<\/span><br \/>\n\t\t\t\t\t<\/figure>\n<figure>\n\t\t\t\t\t<span style=\"cursor: pointer\" data-src=\"https:\/\/autorai.nl\/wp-content\/uploads\/2023\/08\/opel-experimental-2023-foto14-1600x628.jpg\" data-fancybox=\"galery-0\" title=\"\"><br \/>\n\t\t\t\t\t\t\t<img decoding=\"async\" width=\"360\" height=\"270\" src=\"https:\/\/autorai.nl\/wp-content\/uploads\/2023\/08\/opel-experimental-2023-foto14-360x270.jpg\" class=\"attachment-small size-small\" alt=\"\" loading=\"lazy\"><i class=\"fa fa-search-plus\" aria-hidden=\"true\"><\/i><br \/>\n\t\t\t\t\t\t<\/span><br \/>\n\t\t\t\t\t<\/figure>\n<figure>\n\t\t\t\t\t<span style=\"cursor: pointer\" data-src=\"https:\/\/autorai.nl\/wp-content\/uploads\/2023\/08\/opel-experimental-2023-foto13-1600x727.jpg\" data-fancybox=\"galery-0\" title=\"\"><br \/>\n\t\t\t\t\t\t\t<img decoding=\"async\" width=\"640\" height=\"480\" src=\"https:\/\/autorai.nl\/wp-content\/uploads\/2023\/08\/opel-experimental-2023-foto13-640x480.jpg\" class=\"attachment-medium size-medium\" alt=\"\" loading=\"lazy\"><i class=\"fa fa-search-plus\" aria-hidden=\"true\"><\/i><br \/>\n\t\t\t\t\t\t<\/span><br \/>\n\t\t\t\t\t<\/figure>\n<figure>\n\t\t\t\t\t<span style=\"cursor: pointer\" data-src=\"https:\/\/autorai.nl\/wp-content\/uploads\/2023\/08\/opel-experimental-2023-foto12-1600x661.jpg\" data-fancybox=\"galery-0\" title=\"\"><br \/>\n\t\t\t\t\t\t\t<img decoding=\"async\" width=\"360\" height=\"270\" src=\"https:\/\/autorai.nl\/wp-content\/uploads\/2023\/08\/opel-experimental-2023-foto12-360x270.jpg\" class=\"attachment-small size-small\" alt=\"\" loading=\"lazy\"><i class=\"fa fa-search-plus\" aria-hidden=\"true\"><\/i><br \/>\n\t\t\t\t\t\t<\/span><br \/>\n\t\t\t\t\t<\/figure>\n<figure>\n\t\t\t\t\t<span style=\"cursor: pointer\" data-src=\"https:\/\/autorai.nl\/wp-content\/uploads\/2023\/08\/opel-experimental-2023-foto11-1600x1054.jpg\" data-fancybox=\"galery-0\" title=\"\"><br \/>\n\t\t\t\t\t\t\t<img decoding=\"async\" width=\"360\" height=\"270\" src=\"https:\/\/autorai.nl\/wp-content\/uploads\/2023\/08\/opel-experimental-2023-foto11-360x270.jpg\" class=\"attachment-small size-small\" alt=\"\" loading=\"lazy\"><i class=\"fa fa-search-plus\" aria-hidden=\"true\"><\/i><br \/>\n\t\t\t\t\t\t<\/span><br \/>\n\t\t\t\t\t<\/figure>\n<figure>\n\t\t\t\t\t<span style=\"cursor: pointer\" data-src=\"https:\/\/autorai.nl\/wp-content\/uploads\/2023\/08\/opel-experimental-2023-foto10-1600x1132.jpg\" data-fancybox=\"galery-0\" title=\"\"><br \/>\n\t\t\t\t\t\t\t<img decoding=\"async\" width=\"640\" height=\"480\" src=\"https:\/\/autorai.nl\/wp-content\/uploads\/2023\/08\/opel-experimental-2023-foto10-640x480.jpg\" class=\"attachment-medium size-medium\" alt=\"\" loading=\"lazy\"><i class=\"fa fa-search-plus\" aria-hidden=\"true\"><\/i><br \/>\n\t\t\t\t\t\t<\/span><br \/>\n\t\t\t\t\t<\/figure>\n<figure>\n\t\t\t\t\t<span style=\"cursor: pointer\" data-src=\"https:\/\/autorai.nl\/wp-content\/uploads\/2023\/08\/opel-experimental-2023-foto9-1600x1132.jpg\" data-fancybox=\"galery-0\" title=\"\"><br \/>\n\t\t\t\t\t\t\t<img decoding=\"async\" width=\"360\" height=\"270\" src=\"https:\/\/autorai.nl\/wp-content\/uploads\/2023\/08\/opel-experimental-2023-foto9-360x270.jpg\" class=\"attachment-small size-small\" alt=\"\" loading=\"lazy\"><i class=\"fa fa-search-plus\" aria-hidden=\"true\"><\/i><br \/>\n\t\t\t\t\t\t<\/span><br \/>\n\t\t\t\t\t<\/figure>\n<figure>\n\t\t\t\t\t<span style=\"cursor: pointer\" data-src=\"https:\/\/autorai.nl\/wp-content\/uploads\/2023\/08\/opel-experimental-2023-foto8-1600x1132.jpg\" data-fancybox=\"galery-0\" title=\"\"><br \/>\n\t\t\t\t\t\t\t<img decoding=\"async\" width=\"360\" height=\"270\" src=\"https:\/\/autorai.nl\/wp-content\/uploads\/2023\/08\/opel-experimental-2023-foto8-360x270.jpg\" class=\"attachment-small size-small\" alt=\"\" loading=\"lazy\"><i class=\"fa fa-search-plus\" aria-hidden=\"true\"><\/i><br \/>\n\t\t\t\t\t\t<\/span><br \/>\n\t\t\t\t\t<\/figure>\n<figure>\n\t\t\t\t\t<span style=\"cursor: pointer\" data-src=\"https:\/\/autorai.nl\/wp-content\/uploads\/2023\/08\/opel-experimental-2023-foto7-1600x1132.jpg\" data-fancybox=\"galery-0\" title=\"\"><br \/>\n\t\t\t\t\t\t\t<img decoding=\"async\" width=\"640\" height=\"480\" src=\"https:\/\/autorai.nl\/wp-content\/uploads\/2023\/08\/opel-experimental-2023-foto7-640x480.jpg\" class=\"attachment-medium size-medium\" alt=\"\" loading=\"lazy\"><i class=\"fa fa-search-plus\" aria-hidden=\"true\"><\/i><br \/>\n\t\t\t\t\t\t<\/span><br \/>\n\t\t\t\t\t<\/figure>\n<figure>\n\t\t\t\t\t<span style=\"cursor: pointer\" data-src=\"https:\/\/autorai.nl\/wp-content\/uploads\/2023\/08\/opel-experimental-2023-foto6-1600x1132.jpg\" data-fancybox=\"galery-0\" title=\"\"><br \/>\n\t\t\t\t\t\t\t<img decoding=\"async\" width=\"360\" height=\"270\" src=\"https:\/\/autorai.nl\/wp-content\/uploads\/2023\/08\/opel-experimental-2023-foto6-360x270.jpg\" class=\"attachment-small size-small\" alt=\"\" loading=\"lazy\"><i class=\"fa fa-search-plus\" aria-hidden=\"true\"><\/i><br \/>\n\t\t\t\t\t\t<\/span><br \/>\n\t\t\t\t\t<\/figure>\n<figure>\n\t\t\t\t\t<span style=\"cursor: pointer\" data-src=\"https:\/\/autorai.nl\/wp-content\/uploads\/2023\/08\/opel-experimental-2023-foto5-1600x1132.jpg\" data-fancybox=\"galery-0\" title=\"\"><br \/>\n\t\t\t\t\t\t\t<img decoding=\"async\" width=\"360\" height=\"270\" src=\"https:\/\/autorai.nl\/wp-content\/uploads\/2023\/08\/opel-experimental-2023-foto5-360x270.jpg\" class=\"attachment-small size-small\" alt=\"\" loading=\"lazy\"><i class=\"fa fa-search-plus\" aria-hidden=\"true\"><\/i><br \/>\n\t\t\t\t\t\t<\/span><br \/>\n\t\t\t\t\t<\/figure>\n<figure>\n\t\t\t\t\t<span style=\"cursor: pointer\" data-src=\"https:\/\/autorai.nl\/wp-content\/uploads\/2023\/08\/opel-experimental-2023-foto4-1600x1132.jpg\" data-fancybox=\"galery-0\" title=\"\"><br \/>\n\t\t\t\t\t\t\t<img decoding=\"async\" width=\"640\" height=\"480\" src=\"https:\/\/autorai.nl\/wp-content\/uploads\/2023\/08\/opel-experimental-2023-foto4-640x480.jpg\" class=\"attachment-medium size-medium\" alt=\"\" loading=\"lazy\"><i class=\"fa fa-search-plus\" aria-hidden=\"true\"><\/i><br \/>\n\t\t\t\t\t\t<\/span><br \/>\n\t\t\t\t\t<\/figure>\n<figure>\n\t\t\t\t\t<span style=\"cursor: pointer\" data-src=\"https:\/\/autorai.nl\/wp-content\/uploads\/2023\/08\/opel-experimental-2023-foto3-1600x1132.jpg\" data-fancybox=\"galery-0\" title=\"\"><br \/>\n\t\t\t\t\t\t\t<img decoding=\"async\" width=\"360\" height=\"270\" src=\"https:\/\/autorai.nl\/wp-content\/uploads\/2023\/08\/opel-experimental-2023-foto3-360x270.jpg\" class=\"attachment-small size-small\" alt=\"\" loading=\"lazy\"><i class=\"fa fa-search-plus\" aria-hidden=\"true\"><\/i><br \/>\n\t\t\t\t\t\t<\/span><br \/>\n\t\t\t\t\t<\/figure>\n<figure>\n\t\t\t\t\t<span style=\"cursor: pointer\" data-src=\"https:\/\/autorai.nl\/wp-content\/uploads\/2023\/08\/opel-experimental-2023-foto2-1600x1132.jpg\" data-fancybox=\"galery-0\" title=\"\"><br \/>\n\t\t\t\t\t\t\t<img decoding=\"async\" width=\"360\" height=\"270\" src=\"https:\/\/autorai.nl\/wp-content\/uploads\/2023\/08\/opel-experimental-2023-foto2-360x270.jpg\" class=\"attachment-small size-small\" alt=\"Opel Experimental 2023\" loading=\"lazy\"><i class=\"fa fa-search-plus\" aria-hidden=\"true\"><\/i><br \/>\n\t\t\t\t\t\t<\/span><br \/>\n\t\t\t\t\t<\/figure>\n<div class=\"clear\"><\/div>\n<\/div>\n","protected":false},"excerpt":{"rendered":"Avance de los futuros coches de producci\u00f3n \"Nuestro nuevo Opel Experimental es una interpretaci\u00f3n m\u00e1s extrema de nuestra filosof\u00eda de&hellip;","protected":false},"author":0,"featured_media":137903,"comment_status":"","ping_status":"open","sticky":false,"template":"","format":"standard","meta":{"footnotes":""},"categories":[129,126],"tags":[],"class_list":["post-137925","post","type-post","status-publish","format-standard","has-post-thumbnail","hentry","category-fondo","category-noticias-de-autos"],"acf":[],"yoast_head":"<!-- This site is optimized with the Yoast SEO plugin v21.2 - https:\/\/yoast.com\/wordpress\/plugins\/seo\/ -->\n<title>Este es el nuevo Opel Manta, m\u00e1s o menos...\ufffc - All cars news<\/title>\n<meta name=\"robots\" content=\"index, follow, max-snippet:-1, max-image-preview:large, max-video-preview:-1\" \/>\n<link rel=\"canonical\" href=\"https:\/\/all-car-news.com\/es\/este-es-el-nuevo-opel-manta-mas-o-menos\/\" \/>\n<meta property=\"og:locale\" content=\"es_ES\" \/>\n<meta property=\"og:type\" content=\"article\" \/>\n<meta property=\"og:title\" content=\"Este es el nuevo Opel Manta, m\u00e1s o menos...\ufffc - All cars news\" \/>\n<meta property=\"og:description\" content=\"Avance de los futuros coches de producci\u00f3n &quot;Nuestro nuevo Opel Experimental es una interpretaci\u00f3n m\u00e1s extrema de nuestra filosof\u00eda de dise\u00f1o Bold and Pure. Da forma a nuestra visi\u00f3n del futuro. Muchos de los elementos del dise\u00f1o y la mentalidad que hay detr\u00e1s ser\u00e1n visibles en futuros coches de producci\u00f3n&quot;, dice Mark Adams, Vicepresidente de Dise\u00f1o. Caracter\u00edsticas especiales Opel Experimental Opel juega [...] con este modelo.\" \/>\n<meta property=\"og:url\" content=\"https:\/\/all-car-news.com\/es\/este-es-el-nuevo-opel-manta-mas-o-menos\/\" \/>\n<meta property=\"og:site_name\" content=\"All cars news\" \/>\n<meta property=\"article:published_time\" content=\"2023-08-09T11:27:17+00:00\" \/>\n<meta property=\"og:image\" content=\"https:\/\/autorai.nl\/wp-content\/uploads\/2023\/08\/opel-experimental-2023-foto2-1140x806.jpg\" \/>\n<meta name=\"twitter:card\" content=\"summary_large_image\" \/>\n<meta name=\"twitter:label1\" content=\"Tiempo de lectura\" \/>\n\t<meta name=\"twitter:data1\" content=\"3 minutos\" \/>\n<script type=\"application\/ld+json\" class=\"yoast-schema-graph\">{\"@context\":\"https:\/\/schema.org\",\"@graph\":[{\"@type\":\"Article\",\"@id\":\"https:\/\/all-car-news.com\/es\/este-es-el-nuevo-opel-manta-mas-o-menos\/#article\",\"isPartOf\":{\"@id\":\"https:\/\/all-car-news.com\/es\/este-es-el-nuevo-opel-manta-mas-o-menos\/\"},\"author\":{\"name\":\"\",\"@id\":\"\"},\"headline\":\"Este es el nuevo Opel Manta, m\u00e1s o menos&#8230;\ufffc\",\"datePublished\":\"2023-08-09T11:27:17+00:00\",\"dateModified\":\"2023-08-09T11:27:17+00:00\",\"mainEntityOfPage\":{\"@id\":\"https:\/\/all-car-news.com\/es\/este-es-el-nuevo-opel-manta-mas-o-menos\/\"},\"wordCount\":605,\"publisher\":{\"@id\":\"https:\/\/all-car-news.com\/es\/#organization\"},\"articleSection\":[\"Fondo\",\"noticias de autos\"],\"inLanguage\":\"es\"},{\"@type\":\"WebPage\",\"@id\":\"https:\/\/all-car-news.com\/es\/este-es-el-nuevo-opel-manta-mas-o-menos\/\",\"url\":\"https:\/\/all-car-news.com\/es\/este-es-el-nuevo-opel-manta-mas-o-menos\/\",\"name\":\"Este es el nuevo Opel Manta, m\u00e1s o menos...\ufffc - All cars news\",\"isPartOf\":{\"@id\":\"https:\/\/all-car-news.com\/es\/#website\"},\"datePublished\":\"2023-08-09T11:27:17+00:00\",\"dateModified\":\"2023-08-09T11:27:17+00:00\",\"breadcrumb\":{\"@id\":\"https:\/\/all-car-news.com\/es\/este-es-el-nuevo-opel-manta-mas-o-menos\/#breadcrumb\"},\"inLanguage\":\"es\",\"potentialAction\":[{\"@type\":\"ReadAction\",\"target\":[\"https:\/\/all-car-news.com\/es\/este-es-el-nuevo-opel-manta-mas-o-menos\/\"]}]},{\"@type\":\"BreadcrumbList\",\"@id\":\"https:\/\/all-car-news.com\/es\/este-es-el-nuevo-opel-manta-mas-o-menos\/#breadcrumb\",\"itemListElement\":[{\"@type\":\"ListItem\",\"position\":1,\"name\":\"Home\",\"item\":\"https:\/\/all-car-news.com\/es\/\"},{\"@type\":\"ListItem\",\"position\":2,\"name\":\"Este es el nuevo Opel Manta, m\u00e1s o menos&#8230;\ufffc\"}]},{\"@type\":\"WebSite\",\"@id\":\"https:\/\/all-car-news.com\/es\/#website\",\"url\":\"https:\/\/all-car-news.com\/es\/\",\"name\":\"All cars news\",\"description\":\"\",\"publisher\":{\"@id\":\"https:\/\/all-car-news.com\/es\/#organization\"},\"potentialAction\":[{\"@type\":\"SearchAction\",\"target\":{\"@type\":\"EntryPoint\",\"urlTemplate\":\"https:\/\/all-car-news.com\/es\/?s={search_term_string}\"},\"query-input\":\"required name=search_term_string\"}],\"inLanguage\":\"es\"},{\"@type\":\"Organization\",\"@id\":\"https:\/\/all-car-news.com\/es\/#organization\",\"name\":\"All cars news\",\"url\":\"https:\/\/all-car-news.com\/es\/\",\"logo\":{\"@type\":\"ImageObject\",\"inLanguage\":\"es\",\"@id\":\"https:\/\/all-car-news.com\/es\/#\/schema\/logo\/image\/\",\"url\":\"https:\/\/all-car-news.com\/wp-content\/uploads\/2022\/02\/CMYK-AllCarNews_LANDSCAPE_300px-1.png\",\"contentUrl\":\"https:\/\/all-car-news.com\/wp-content\/uploads\/2022\/02\/CMYK-AllCarNews_LANDSCAPE_300px-1.png\",\"width\":300,\"height\":100,\"caption\":\"All cars news\"},\"image\":{\"@id\":\"https:\/\/all-car-news.com\/es\/#\/schema\/logo\/image\/\"}}]}<\/script>\n<!-- \/ Yoast SEO plugin. -->","yoast_head_json":{"title":"Este es el nuevo Opel Manta, m\u00e1s o menos...\ufffc - All cars news","robots":{"index":"index","follow":"follow","max-snippet":"max-snippet:-1","max-image-preview":"max-image-preview:large","max-video-preview":"max-video-preview:-1"},"canonical":"https:\/\/all-car-news.com\/es\/este-es-el-nuevo-opel-manta-mas-o-menos\/","og_locale":"es_ES","og_type":"article","og_title":"Este es el nuevo Opel Manta, m\u00e1s o menos...\ufffc - All cars news","og_description":"Avance de los futuros coches de producci\u00f3n \"Nuestro nuevo Opel Experimental es una interpretaci\u00f3n m\u00e1s extrema de nuestra filosof\u00eda de dise\u00f1o Bold and Pure. Da forma a nuestra visi\u00f3n del futuro. Muchos de los elementos del dise\u00f1o y la mentalidad que hay detr\u00e1s ser\u00e1n visibles en futuros coches de producci\u00f3n\", dice Mark Adams, Vicepresidente de Dise\u00f1o. Caracter\u00edsticas especiales Opel Experimental Opel juega [...] con este modelo.","og_url":"https:\/\/all-car-news.com\/es\/este-es-el-nuevo-opel-manta-mas-o-menos\/","og_site_name":"All cars news","article_published_time":"2023-08-09T11:27:17+00:00","og_image":[{"url":"https:\/\/autorai.nl\/wp-content\/uploads\/2023\/08\/opel-experimental-2023-foto2-1140x806.jpg"}],"twitter_card":"summary_large_image","twitter_misc":{"Tiempo de lectura":"3 minutos"},"schema":{"@context":"https:\/\/schema.org","@graph":[{"@type":"Article","@id":"https:\/\/all-car-news.com\/es\/este-es-el-nuevo-opel-manta-mas-o-menos\/#article","isPartOf":{"@id":"https:\/\/all-car-news.com\/es\/este-es-el-nuevo-opel-manta-mas-o-menos\/"},"author":{"name":"","@id":""},"headline":"Este es el nuevo Opel Manta, m\u00e1s o menos&#8230;\ufffc","datePublished":"2023-08-09T11:27:17+00:00","dateModified":"2023-08-09T11:27:17+00:00","mainEntityOfPage":{"@id":"https:\/\/all-car-news.com\/es\/este-es-el-nuevo-opel-manta-mas-o-menos\/"},"wordCount":605,"publisher":{"@id":"https:\/\/all-car-news.com\/es\/#organization"},"articleSection":["Fondo","noticias de autos"],"inLanguage":"es"},{"@type":"WebPage","@id":"https:\/\/all-car-news.com\/es\/este-es-el-nuevo-opel-manta-mas-o-menos\/","url":"https:\/\/all-car-news.com\/es\/este-es-el-nuevo-opel-manta-mas-o-menos\/","name":"Este es el nuevo Opel Manta, m\u00e1s o menos...\ufffc - All cars news","isPartOf":{"@id":"https:\/\/all-car-news.com\/es\/#website"},"datePublished":"2023-08-09T11:27:17+00:00","dateModified":"2023-08-09T11:27:17+00:00","breadcrumb":{"@id":"https:\/\/all-car-news.com\/es\/este-es-el-nuevo-opel-manta-mas-o-menos\/#breadcrumb"},"inLanguage":"es","potentialAction":[{"@type":"ReadAction","target":["https:\/\/all-car-news.com\/es\/este-es-el-nuevo-opel-manta-mas-o-menos\/"]}]},{"@type":"BreadcrumbList","@id":"https:\/\/all-car-news.com\/es\/este-es-el-nuevo-opel-manta-mas-o-menos\/#breadcrumb","itemListElement":[{"@type":"ListItem","position":1,"name":"Home","item":"https:\/\/all-car-news.com\/es\/"},{"@type":"ListItem","position":2,"name":"Este es el nuevo Opel Manta, m\u00e1s o menos&#8230;\ufffc"}]},{"@type":"WebSite","@id":"https:\/\/all-car-news.com\/es\/#website","url":"https:\/\/all-car-news.com\/es\/","name":"All cars news","description":"","publisher":{"@id":"https:\/\/all-car-news.com\/es\/#organization"},"potentialAction":[{"@type":"SearchAction","target":{"@type":"EntryPoint","urlTemplate":"https:\/\/all-car-news.com\/es\/?s={search_term_string}"},"query-input":"required name=search_term_string"}],"inLanguage":"es"},{"@type":"Organization","@id":"https:\/\/all-car-news.com\/es\/#organization","name":"All cars news","url":"https:\/\/all-car-news.com\/es\/","logo":{"@type":"ImageObject","inLanguage":"es","@id":"https:\/\/all-car-news.com\/es\/#\/schema\/logo\/image\/","url":"https:\/\/all-car-news.com\/wp-content\/uploads\/2022\/02\/CMYK-AllCarNews_LANDSCAPE_300px-1.png","contentUrl":"https:\/\/all-car-news.com\/wp-content\/uploads\/2022\/02\/CMYK-AllCarNews_LANDSCAPE_300px-1.png","width":300,"height":100,"caption":"All cars news"},"image":{"@id":"https:\/\/all-car-news.com\/es\/#\/schema\/logo\/image\/"}}]}},"_links":{"self":[{"href":"https:\/\/all-car-news.com\/es\/wp-json\/wp\/v2\/posts\/137925","targetHints":{"allow":["GET"]}}],"collection":[{"href":"https:\/\/all-car-news.com\/es\/wp-json\/wp\/v2\/posts"}],"about":[{"href":"https:\/\/all-car-news.com\/es\/wp-json\/wp\/v2\/types\/post"}],"replies":[{"embeddable":true,"href":"https:\/\/all-car-news.com\/es\/wp-json\/wp\/v2\/comments?post=137925"}],"version-history":[{"count":0,"href":"https:\/\/all-car-news.com\/es\/wp-json\/wp\/v2\/posts\/137925\/revisions"}],"wp:featuredmedia":[{"embeddable":true,"href":"https:\/\/all-car-news.com\/es\/wp-json\/wp\/v2\/media\/137903"}],"wp:attachment":[{"href":"https:\/\/all-car-news.com\/es\/wp-json\/wp\/v2\/media?parent=137925"}],"wp:term":[{"taxonomy":"category","embeddable":true,"href":"https:\/\/all-car-news.com\/es\/wp-json\/wp\/v2\/categories?post=137925"},{"taxonomy":"post_tag","embeddable":true,"href":"https:\/\/all-car-news.com\/es\/wp-json\/wp\/v2\/tags?post=137925"}],"curies":[{"name":"wp","href":"https:\/\/api.w.org\/{rel}","templated":true}]}}