{"id":137885,"date":"2023-08-08T13:54:05","date_gmt":"2023-08-08T13:54:05","guid":{"rendered":"https:\/\/all-car-news.com\/beaulieu-supercar-weekend-2023-reportaje-fotografico\/"},"modified":"2023-08-08T13:54:05","modified_gmt":"2023-08-08T13:54:05","slug":"beaulieu-supercar-weekend-2023-reportaje-fotografico","status":"publish","type":"post","link":"https:\/\/all-car-news.com\/es\/beaulieu-supercar-weekend-2023-reportaje-fotografico\/","title":{"rendered":"Beaulieu Supercar Weekend 2023: reportaje fotogr\u00e1fico"},"content":{"rendered":"<h2>Lamborghini 60 a\u00f1os<\/h2>\n<p>En honor a los 60 a\u00f1os de Lamborghini, pasaron varios modelos de la marca. Formaban as\u00ed una l\u00ednea de tiempo en movimiento. La gama inclu\u00eda un Muira, un Countach, un LM002 e incluso un tractor Lamborghini.<\/p>\n<h2>Exposici\u00f3n Ferrari on the Lawn<\/h2>\n<p>Los jardines que rodean Palace House brillaban con algunos de los coches m\u00e1s impresionantes del mundo. No menos de 25 Ferraris se reunieron para la impresionante exhibici\u00f3n Ferrari on the Lawn, desde una r\u00e9plica del 330 P4 hasta un Dino, 250 GTE, F40, Daytona y LaFerrari.<\/p>\n<figure class=\"wp-block-image size-content\"><img decoding=\"async\" loading=\"lazy\" width=\"1140\" height=\"760\" src=\"https:\/\/autorai.nl\/wp-content\/uploads\/2023\/08\/BeaulieuSupercarWeekend2023-FerrariontheLawndisplay1-1140x760.jpg\" alt=\"\" class=\"wp-image-164135\"><\/figure>\n<h2>Hypercar Lawn<\/h2>\n<p>Tambi\u00e9n hubo un aut\u00e9ntico Hypercar Lawn, con coches como el Bugatti Chiron, el Koenigsegg Agera S &#8216;Green Goblin&#8217;, el McLaren Senna, el Jaguar XJ220, el Porsche 959 y el McLaren MS01. Las impresionantes exhibiciones continuaron con un cartel que celebraba los 60 a\u00f1os de McLaren. Muy divertido, entonces, ese Beaulieu Supercar Weekend. Habr\u00e1 otra edici\u00f3n en 2024.<\/p>\n<div class=\"galery galery-0\">\n<figure>\n\t\t\t\t\t<span style=\"cursor: pointer\" data-src=\"https:\/\/autorai.nl\/wp-content\/uploads\/2023\/08\/BeaulieuSupercarWeekend2023-TheStigontheDemonstrationRun2-1600x1067.jpg\" data-fancybox=\"galery-0\" title=\"\"><br \/>\n\t\t\t\t\t\t\t<img decoding=\"async\" width=\"360\" height=\"270\" src=\"https:\/\/autorai.nl\/wp-content\/uploads\/2023\/08\/BeaulieuSupercarWeekend2023-TheStigontheDemonstrationRun2-360x270.jpg\" class=\"attachment-small size-small\" alt=\"\" loading=\"lazy\"><i class=\"fa fa-search-plus\" aria-hidden=\"true\"><\/i><br \/>\n\t\t\t\t\t\t<\/span><br \/>\n\t\t\t\t\t<\/figure>\n<figure>\n\t\t\t\t\t<span style=\"cursor: pointer\" data-src=\"https:\/\/autorai.nl\/wp-content\/uploads\/2023\/08\/BeaulieuSupercarWeekend2023-TheStigontheDemonstrationRun1-1600x1067.jpg\" data-fancybox=\"galery-0\" title=\"\"><br \/>\n\t\t\t\t\t\t\t<img decoding=\"async\" width=\"360\" height=\"270\" src=\"https:\/\/autorai.nl\/wp-content\/uploads\/2023\/08\/BeaulieuSupercarWeekend2023-TheStigontheDemonstrationRun1-360x270.jpg\" class=\"attachment-small size-small\" alt=\"\" loading=\"lazy\"><i class=\"fa fa-search-plus\" aria-hidden=\"true\"><\/i><br \/>\n\t\t\t\t\t\t<\/span><br \/>\n\t\t\t\t\t<\/figure>\n<figure>\n\t\t\t\t\t<span style=\"cursor: pointer\" data-src=\"https:\/\/autorai.nl\/wp-content\/uploads\/2023\/08\/BeaulieuSupercarWeekend2023-SupercarSound-off-1600x1067.jpg\" data-fancybox=\"galery-0\" title=\"\"><br \/>\n\t\t\t\t\t\t\t<img decoding=\"async\" width=\"360\" height=\"270\" src=\"https:\/\/autorai.nl\/wp-content\/uploads\/2023\/08\/BeaulieuSupercarWeekend2023-SupercarSound-off-360x270.jpg\" class=\"attachment-small size-small\" alt=\"\" loading=\"lazy\"><i class=\"fa fa-search-plus\" aria-hidden=\"true\"><\/i><br \/>\n\t\t\t\t\t\t<\/span><br \/>\n\t\t\t\t\t<\/figure>\n<figure>\n\t\t\t\t\t<span style=\"cursor: pointer\" data-src=\"https:\/\/autorai.nl\/wp-content\/uploads\/2023\/08\/BeaulieuSupercarWeekend2023-SupercarPaddock2-1600x1067.jpg\" data-fancybox=\"galery-0\" title=\"\"><br \/>\n\t\t\t\t\t\t\t<img decoding=\"async\" width=\"360\" height=\"270\" src=\"https:\/\/autorai.nl\/wp-content\/uploads\/2023\/08\/BeaulieuSupercarWeekend2023-SupercarPaddock2-360x270.jpg\" class=\"attachment-small size-small\" alt=\"\" loading=\"lazy\"><i class=\"fa fa-search-plus\" aria-hidden=\"true\"><\/i><br \/>\n\t\t\t\t\t\t<\/span><br \/>\n\t\t\t\t\t<\/figure>\n<figure>\n\t\t\t\t\t<span style=\"cursor: pointer\" data-src=\"https:\/\/autorai.nl\/wp-content\/uploads\/2023\/08\/BeaulieuSupercarWeekend2023-SupercarPaddock1-1600x1067.jpg\" data-fancybox=\"galery-0\" title=\"\"><br \/>\n\t\t\t\t\t\t\t<img decoding=\"async\" width=\"360\" height=\"270\" src=\"https:\/\/autorai.nl\/wp-content\/uploads\/2023\/08\/BeaulieuSupercarWeekend2023-SupercarPaddock1-360x270.jpg\" class=\"attachment-small size-small\" alt=\"\" loading=\"lazy\"><i class=\"fa fa-search-plus\" aria-hidden=\"true\"><\/i><br \/>\n\t\t\t\t\t\t<\/span><br \/>\n\t\t\t\t\t<\/figure>\n<figure>\n\t\t\t\t\t<span style=\"cursor: pointer\" data-src=\"https:\/\/autorai.nl\/wp-content\/uploads\/2023\/08\/BeaulieuSupercarWeekend2023-McLarendisplay-1600x1067.jpg\" data-fancybox=\"galery-0\" title=\"\"><br \/>\n\t\t\t\t\t\t\t<img decoding=\"async\" width=\"360\" height=\"270\" src=\"https:\/\/autorai.nl\/wp-content\/uploads\/2023\/08\/BeaulieuSupercarWeekend2023-McLarendisplay-360x270.jpg\" class=\"attachment-small size-small\" alt=\"\" loading=\"lazy\"><i class=\"fa fa-search-plus\" aria-hidden=\"true\"><\/i><br \/>\n\t\t\t\t\t\t<\/span><br \/>\n\t\t\t\t\t<\/figure>\n<figure>\n\t\t\t\t\t<span style=\"cursor: pointer\" data-src=\"https:\/\/autorai.nl\/wp-content\/uploads\/2023\/08\/BeaulieuSupercarWeekend2023-Lamborghinianniversaryrun-1600x1067.jpg\" data-fancybox=\"galery-0\" title=\"\"><br \/>\n\t\t\t\t\t\t\t<img decoding=\"async\" width=\"360\" height=\"270\" src=\"https:\/\/autorai.nl\/wp-content\/uploads\/2023\/08\/BeaulieuSupercarWeekend2023-Lamborghinianniversaryrun-360x270.jpg\" class=\"attachment-small size-small\" alt=\"\" loading=\"lazy\"><i class=\"fa fa-search-plus\" aria-hidden=\"true\"><\/i><br \/>\n\t\t\t\t\t\t<\/span><br \/>\n\t\t\t\t\t<\/figure>\n<figure>\n\t\t\t\t\t<span style=\"cursor: pointer\" data-src=\"https:\/\/autorai.nl\/wp-content\/uploads\/2023\/08\/BeaulieuSupercarWeekend2023-HypercarLawndisplay-1600x1067.jpg\" data-fancybox=\"galery-0\" title=\"\"><br \/>\n\t\t\t\t\t\t\t<img decoding=\"async\" width=\"360\" height=\"270\" src=\"https:\/\/autorai.nl\/wp-content\/uploads\/2023\/08\/BeaulieuSupercarWeekend2023-HypercarLawndisplay-360x270.jpg\" class=\"attachment-small size-small\" alt=\"\" loading=\"lazy\"><i class=\"fa fa-search-plus\" aria-hidden=\"true\"><\/i><br \/>\n\t\t\t\t\t\t<\/span><br \/>\n\t\t\t\t\t<\/figure>\n<figure>\n\t\t\t\t\t<span style=\"cursor: pointer\" data-src=\"https:\/\/autorai.nl\/wp-content\/uploads\/2023\/08\/BeaulieuSupercarWeekend2023-FerrariontheLawndisplay2-1067x1600.jpg\" data-fancybox=\"galery-0\" title=\"\"><br \/>\n\t\t\t\t\t\t\t<img decoding=\"async\" width=\"360\" height=\"270\" src=\"https:\/\/autorai.nl\/wp-content\/uploads\/2023\/08\/BeaulieuSupercarWeekend2023-FerrariontheLawndisplay2-360x270.jpg\" class=\"attachment-small size-small\" alt=\"\" loading=\"lazy\"><i class=\"fa fa-search-plus\" aria-hidden=\"true\"><\/i><br \/>\n\t\t\t\t\t\t<\/span><br \/>\n\t\t\t\t\t<\/figure>\n<figure>\n\t\t\t\t\t<span style=\"cursor: pointer\" data-src=\"https:\/\/autorai.nl\/wp-content\/uploads\/2023\/08\/BeaulieuSupercarWeekend2023-DemonstrationRun4-1600x1067.jpg\" data-fancybox=\"galery-0\" title=\"\"><br \/>\n\t\t\t\t\t\t\t<img decoding=\"async\" width=\"360\" height=\"270\" src=\"https:\/\/autorai.nl\/wp-content\/uploads\/2023\/08\/BeaulieuSupercarWeekend2023-DemonstrationRun4-360x270.jpg\" class=\"attachment-small size-small\" alt=\"\" loading=\"lazy\"><i class=\"fa fa-search-plus\" aria-hidden=\"true\"><\/i><br \/>\n\t\t\t\t\t\t<\/span><br \/>\n\t\t\t\t\t<\/figure>\n<figure>\n\t\t\t\t\t<span style=\"cursor: pointer\" data-src=\"https:\/\/autorai.nl\/wp-content\/uploads\/2023\/08\/BeaulieuSupercarWeekend2023-DemonstrationRun3-1600x1067.jpg\" data-fancybox=\"galery-0\" title=\"\"><br \/>\n\t\t\t\t\t\t\t<img decoding=\"async\" width=\"360\" height=\"270\" src=\"https:\/\/autorai.nl\/wp-content\/uploads\/2023\/08\/BeaulieuSupercarWeekend2023-DemonstrationRun3-360x270.jpg\" class=\"attachment-small size-small\" alt=\"\" loading=\"lazy\"><i class=\"fa fa-search-plus\" aria-hidden=\"true\"><\/i><br \/>\n\t\t\t\t\t\t<\/span><br \/>\n\t\t\t\t\t<\/figure>\n<figure>\n\t\t\t\t\t<span style=\"cursor: pointer\" data-src=\"https:\/\/autorai.nl\/wp-content\/uploads\/2023\/08\/BeaulieuSupercarWeekend2023-DemonstrationRun2-1600x1067.jpg\" data-fancybox=\"galery-0\" title=\"\"><br \/>\n\t\t\t\t\t\t\t<img decoding=\"async\" width=\"360\" height=\"270\" src=\"https:\/\/autorai.nl\/wp-content\/uploads\/2023\/08\/BeaulieuSupercarWeekend2023-DemonstrationRun2-360x270.jpg\" class=\"attachment-small size-small\" alt=\"\" loading=\"lazy\"><i class=\"fa fa-search-plus\" aria-hidden=\"true\"><\/i><br \/>\n\t\t\t\t\t\t<\/span><br \/>\n\t\t\t\t\t<\/figure>\n<figure>\n\t\t\t\t\t<span style=\"cursor: pointer\" data-src=\"https:\/\/autorai.nl\/wp-content\/uploads\/2023\/08\/BeaulieuSupercarWeekend2023-DemonstrationRun1-1600x1067.jpg\" data-fancybox=\"galery-0\" title=\"\"><br \/>\n\t\t\t\t\t\t\t<img decoding=\"async\" width=\"360\" height=\"270\" src=\"https:\/\/autorai.nl\/wp-content\/uploads\/2023\/08\/BeaulieuSupercarWeekend2023-DemonstrationRun1-360x270.jpg\" class=\"attachment-small size-small\" alt=\"\" loading=\"lazy\"><i class=\"fa fa-search-plus\" aria-hidden=\"true\"><\/i><br \/>\n\t\t\t\t\t\t<\/span><br \/>\n\t\t\t\t\t<\/figure>\n<figure>\n\t\t\t\t\t<span style=\"cursor: pointer\" data-src=\"https:\/\/autorai.nl\/wp-content\/uploads\/2023\/08\/BeaulieuSupercarWeekend2023-commentatorTimWatsontalkswithracingdriverGusBurton-1600x1067.jpg\" data-fancybox=\"galery-0\" title=\"\"><br \/>\n\t\t\t\t\t\t\t<img decoding=\"async\" width=\"360\" height=\"270\" src=\"https:\/\/autorai.nl\/wp-content\/uploads\/2023\/08\/BeaulieuSupercarWeekend2023-commentatorTimWatsontalkswithracingdriverGusBurton-360x270.jpg\" class=\"attachment-small size-small\" alt=\"\" loading=\"lazy\"><i class=\"fa fa-search-plus\" aria-hidden=\"true\"><\/i><br \/>\n\t\t\t\t\t\t<\/span><br \/>\n\t\t\t\t\t<\/figure>\n<figure>\n\t\t\t\t\t<span style=\"cursor: pointer\" data-src=\"https:\/\/autorai.nl\/wp-content\/uploads\/2023\/08\/BeaulieuSupercarWeekend2023-BugattiChironinHypercarLawndisplay2-1600x1069.jpg\" data-fancybox=\"galery-0\" title=\"\"><br \/>\n\t\t\t\t\t\t\t<img decoding=\"async\" width=\"360\" height=\"270\" src=\"https:\/\/autorai.nl\/wp-content\/uploads\/2023\/08\/BeaulieuSupercarWeekend2023-BugattiChironinHypercarLawndisplay2-360x270.jpg\" class=\"attachment-small size-small\" alt=\"\" loading=\"lazy\"><i class=\"fa fa-search-plus\" aria-hidden=\"true\"><\/i><br \/>\n\t\t\t\t\t\t<\/span><br \/>\n\t\t\t\t\t<\/figure>\n<figure>\n\t\t\t\t\t<span style=\"cursor: pointer\" data-src=\"https:\/\/autorai.nl\/wp-content\/uploads\/2023\/08\/BeaulieuSupercarWeekend2023-BugattiChironinHypercarLawndisplay1-1600x1067.jpg\" data-fancybox=\"galery-0\" title=\"\"><br \/>\n\t\t\t\t\t\t\t<img decoding=\"async\" width=\"360\" height=\"270\" src=\"https:\/\/autorai.nl\/wp-content\/uploads\/2023\/08\/BeaulieuSupercarWeekend2023-BugattiChironinHypercarLawndisplay1-360x270.jpg\" class=\"attachment-small size-small\" alt=\"Bugatti Chiron\" loading=\"lazy\"><i class=\"fa fa-search-plus\" aria-hidden=\"true\"><\/i><br \/>\n\t\t\t\t\t\t<\/span><br \/>\n\t\t\t\t\t<\/figure>\n<div class=\"clear\"><\/div>\n<\/div>\n","protected":false},"excerpt":{"rendered":"Lamborghini 60 a\u00f1os En honor a los 60 a\u00f1os de Lamborghini, pasaron varios modelos de la marca. Formaban as\u00ed una&hellip;","protected":false},"author":0,"featured_media":137831,"comment_status":"","ping_status":"open","sticky":false,"template":"","format":"standard","meta":{"footnotes":""},"categories":[126],"tags":[],"class_list":["post-137885","post","type-post","status-publish","format-standard","has-post-thumbnail","hentry","category-noticias-de-autos"],"acf":[],"yoast_head":"<!-- This site is optimized with the Yoast SEO plugin v21.2 - https:\/\/yoast.com\/wordpress\/plugins\/seo\/ -->\n<title>Beaulieu Supercar Weekend 2023: reportaje fotogr\u00e1fico - All cars news<\/title>\n<meta name=\"robots\" content=\"index, follow, max-snippet:-1, max-image-preview:large, max-video-preview:-1\" \/>\n<link rel=\"canonical\" href=\"https:\/\/all-car-news.com\/es\/beaulieu-supercar-weekend-2023-reportaje-fotografico\/\" \/>\n<meta property=\"og:locale\" content=\"es_ES\" \/>\n<meta property=\"og:type\" content=\"article\" \/>\n<meta property=\"og:title\" content=\"Beaulieu Supercar Weekend 2023: reportaje fotogr\u00e1fico - All cars news\" \/>\n<meta property=\"og:description\" content=\"Lamborghini 60 a\u00f1os En honor a los 60 a\u00f1os de Lamborghini, pasaron varios modelos de la marca. Formaban as\u00ed una l\u00ednea de tiempo en movimiento. La gama inclu\u00eda un Muira, un Countach, un LM002 e incluso un tractor Lamborghini. Exposici\u00f3n Ferrari on the Lawn Los jardines que rodean Palace House brillaban con algunos de los coches m\u00e1s impresionantes del mundo. Hasta 25 Ferraris se reunieron para [...]\" \/>\n<meta property=\"og:url\" content=\"https:\/\/all-car-news.com\/es\/beaulieu-supercar-weekend-2023-reportaje-fotografico\/\" \/>\n<meta property=\"og:site_name\" content=\"All cars news\" \/>\n<meta property=\"article:published_time\" content=\"2023-08-08T13:54:05+00:00\" \/>\n<meta property=\"og:image\" content=\"https:\/\/autorai.nl\/wp-content\/uploads\/2023\/08\/BeaulieuSupercarWeekend2023-FerrariontheLawndisplay1-1140x760.jpg\" \/>\n<meta name=\"twitter:card\" content=\"summary_large_image\" \/>\n<meta name=\"twitter:label1\" content=\"Tiempo de lectura\" \/>\n\t<meta name=\"twitter:data1\" content=\"1 minuto\" \/>\n<script type=\"application\/ld+json\" class=\"yoast-schema-graph\">{\"@context\":\"https:\/\/schema.org\",\"@graph\":[{\"@type\":\"Article\",\"@id\":\"https:\/\/all-car-news.com\/es\/beaulieu-supercar-weekend-2023-reportaje-fotografico\/#article\",\"isPartOf\":{\"@id\":\"https:\/\/all-car-news.com\/es\/beaulieu-supercar-weekend-2023-reportaje-fotografico\/\"},\"author\":{\"name\":\"\",\"@id\":\"\"},\"headline\":\"Beaulieu Supercar Weekend 2023: reportaje fotogr\u00e1fico\",\"datePublished\":\"2023-08-08T13:54:05+00:00\",\"dateModified\":\"2023-08-08T13:54:05+00:00\",\"mainEntityOfPage\":{\"@id\":\"https:\/\/all-car-news.com\/es\/beaulieu-supercar-weekend-2023-reportaje-fotografico\/\"},\"wordCount\":159,\"publisher\":{\"@id\":\"https:\/\/all-car-news.com\/es\/#organization\"},\"articleSection\":[\"noticias de autos\"],\"inLanguage\":\"es\"},{\"@type\":\"WebPage\",\"@id\":\"https:\/\/all-car-news.com\/es\/beaulieu-supercar-weekend-2023-reportaje-fotografico\/\",\"url\":\"https:\/\/all-car-news.com\/es\/beaulieu-supercar-weekend-2023-reportaje-fotografico\/\",\"name\":\"Beaulieu Supercar Weekend 2023: reportaje fotogr\u00e1fico - All cars news\",\"isPartOf\":{\"@id\":\"https:\/\/all-car-news.com\/es\/#website\"},\"datePublished\":\"2023-08-08T13:54:05+00:00\",\"dateModified\":\"2023-08-08T13:54:05+00:00\",\"breadcrumb\":{\"@id\":\"https:\/\/all-car-news.com\/es\/beaulieu-supercar-weekend-2023-reportaje-fotografico\/#breadcrumb\"},\"inLanguage\":\"es\",\"potentialAction\":[{\"@type\":\"ReadAction\",\"target\":[\"https:\/\/all-car-news.com\/es\/beaulieu-supercar-weekend-2023-reportaje-fotografico\/\"]}]},{\"@type\":\"BreadcrumbList\",\"@id\":\"https:\/\/all-car-news.com\/es\/beaulieu-supercar-weekend-2023-reportaje-fotografico\/#breadcrumb\",\"itemListElement\":[{\"@type\":\"ListItem\",\"position\":1,\"name\":\"Home\",\"item\":\"https:\/\/all-car-news.com\/es\/\"},{\"@type\":\"ListItem\",\"position\":2,\"name\":\"Beaulieu Supercar Weekend 2023: reportaje fotogr\u00e1fico\"}]},{\"@type\":\"WebSite\",\"@id\":\"https:\/\/all-car-news.com\/es\/#website\",\"url\":\"https:\/\/all-car-news.com\/es\/\",\"name\":\"All cars news\",\"description\":\"\",\"publisher\":{\"@id\":\"https:\/\/all-car-news.com\/es\/#organization\"},\"potentialAction\":[{\"@type\":\"SearchAction\",\"target\":{\"@type\":\"EntryPoint\",\"urlTemplate\":\"https:\/\/all-car-news.com\/es\/?s={search_term_string}\"},\"query-input\":\"required name=search_term_string\"}],\"inLanguage\":\"es\"},{\"@type\":\"Organization\",\"@id\":\"https:\/\/all-car-news.com\/es\/#organization\",\"name\":\"All cars news\",\"url\":\"https:\/\/all-car-news.com\/es\/\",\"logo\":{\"@type\":\"ImageObject\",\"inLanguage\":\"es\",\"@id\":\"https:\/\/all-car-news.com\/es\/#\/schema\/logo\/image\/\",\"url\":\"https:\/\/all-car-news.com\/wp-content\/uploads\/2022\/02\/CMYK-AllCarNews_LANDSCAPE_300px-1.png\",\"contentUrl\":\"https:\/\/all-car-news.com\/wp-content\/uploads\/2022\/02\/CMYK-AllCarNews_LANDSCAPE_300px-1.png\",\"width\":300,\"height\":100,\"caption\":\"All cars news\"},\"image\":{\"@id\":\"https:\/\/all-car-news.com\/es\/#\/schema\/logo\/image\/\"}}]}<\/script>\n<!-- \/ Yoast SEO plugin. -->","yoast_head_json":{"title":"Beaulieu Supercar Weekend 2023: reportaje fotogr\u00e1fico - All cars news","robots":{"index":"index","follow":"follow","max-snippet":"max-snippet:-1","max-image-preview":"max-image-preview:large","max-video-preview":"max-video-preview:-1"},"canonical":"https:\/\/all-car-news.com\/es\/beaulieu-supercar-weekend-2023-reportaje-fotografico\/","og_locale":"es_ES","og_type":"article","og_title":"Beaulieu Supercar Weekend 2023: reportaje fotogr\u00e1fico - All cars news","og_description":"Lamborghini 60 a\u00f1os En honor a los 60 a\u00f1os de Lamborghini, pasaron varios modelos de la marca. Formaban as\u00ed una l\u00ednea de tiempo en movimiento. La gama inclu\u00eda un Muira, un Countach, un LM002 e incluso un tractor Lamborghini. Exposici\u00f3n Ferrari on the Lawn Los jardines que rodean Palace House brillaban con algunos de los coches m\u00e1s impresionantes del mundo. Hasta 25 Ferraris se reunieron para [...]","og_url":"https:\/\/all-car-news.com\/es\/beaulieu-supercar-weekend-2023-reportaje-fotografico\/","og_site_name":"All cars news","article_published_time":"2023-08-08T13:54:05+00:00","og_image":[{"url":"https:\/\/autorai.nl\/wp-content\/uploads\/2023\/08\/BeaulieuSupercarWeekend2023-FerrariontheLawndisplay1-1140x760.jpg"}],"twitter_card":"summary_large_image","twitter_misc":{"Tiempo de lectura":"1 minuto"},"schema":{"@context":"https:\/\/schema.org","@graph":[{"@type":"Article","@id":"https:\/\/all-car-news.com\/es\/beaulieu-supercar-weekend-2023-reportaje-fotografico\/#article","isPartOf":{"@id":"https:\/\/all-car-news.com\/es\/beaulieu-supercar-weekend-2023-reportaje-fotografico\/"},"author":{"name":"","@id":""},"headline":"Beaulieu Supercar Weekend 2023: reportaje fotogr\u00e1fico","datePublished":"2023-08-08T13:54:05+00:00","dateModified":"2023-08-08T13:54:05+00:00","mainEntityOfPage":{"@id":"https:\/\/all-car-news.com\/es\/beaulieu-supercar-weekend-2023-reportaje-fotografico\/"},"wordCount":159,"publisher":{"@id":"https:\/\/all-car-news.com\/es\/#organization"},"articleSection":["noticias de autos"],"inLanguage":"es"},{"@type":"WebPage","@id":"https:\/\/all-car-news.com\/es\/beaulieu-supercar-weekend-2023-reportaje-fotografico\/","url":"https:\/\/all-car-news.com\/es\/beaulieu-supercar-weekend-2023-reportaje-fotografico\/","name":"Beaulieu Supercar Weekend 2023: reportaje fotogr\u00e1fico - All cars news","isPartOf":{"@id":"https:\/\/all-car-news.com\/es\/#website"},"datePublished":"2023-08-08T13:54:05+00:00","dateModified":"2023-08-08T13:54:05+00:00","breadcrumb":{"@id":"https:\/\/all-car-news.com\/es\/beaulieu-supercar-weekend-2023-reportaje-fotografico\/#breadcrumb"},"inLanguage":"es","potentialAction":[{"@type":"ReadAction","target":["https:\/\/all-car-news.com\/es\/beaulieu-supercar-weekend-2023-reportaje-fotografico\/"]}]},{"@type":"BreadcrumbList","@id":"https:\/\/all-car-news.com\/es\/beaulieu-supercar-weekend-2023-reportaje-fotografico\/#breadcrumb","itemListElement":[{"@type":"ListItem","position":1,"name":"Home","item":"https:\/\/all-car-news.com\/es\/"},{"@type":"ListItem","position":2,"name":"Beaulieu Supercar Weekend 2023: reportaje fotogr\u00e1fico"}]},{"@type":"WebSite","@id":"https:\/\/all-car-news.com\/es\/#website","url":"https:\/\/all-car-news.com\/es\/","name":"All cars news","description":"","publisher":{"@id":"https:\/\/all-car-news.com\/es\/#organization"},"potentialAction":[{"@type":"SearchAction","target":{"@type":"EntryPoint","urlTemplate":"https:\/\/all-car-news.com\/es\/?s={search_term_string}"},"query-input":"required name=search_term_string"}],"inLanguage":"es"},{"@type":"Organization","@id":"https:\/\/all-car-news.com\/es\/#organization","name":"All cars news","url":"https:\/\/all-car-news.com\/es\/","logo":{"@type":"ImageObject","inLanguage":"es","@id":"https:\/\/all-car-news.com\/es\/#\/schema\/logo\/image\/","url":"https:\/\/all-car-news.com\/wp-content\/uploads\/2022\/02\/CMYK-AllCarNews_LANDSCAPE_300px-1.png","contentUrl":"https:\/\/all-car-news.com\/wp-content\/uploads\/2022\/02\/CMYK-AllCarNews_LANDSCAPE_300px-1.png","width":300,"height":100,"caption":"All cars news"},"image":{"@id":"https:\/\/all-car-news.com\/es\/#\/schema\/logo\/image\/"}}]}},"_links":{"self":[{"href":"https:\/\/all-car-news.com\/es\/wp-json\/wp\/v2\/posts\/137885","targetHints":{"allow":["GET"]}}],"collection":[{"href":"https:\/\/all-car-news.com\/es\/wp-json\/wp\/v2\/posts"}],"about":[{"href":"https:\/\/all-car-news.com\/es\/wp-json\/wp\/v2\/types\/post"}],"replies":[{"embeddable":true,"href":"https:\/\/all-car-news.com\/es\/wp-json\/wp\/v2\/comments?post=137885"}],"version-history":[{"count":0,"href":"https:\/\/all-car-news.com\/es\/wp-json\/wp\/v2\/posts\/137885\/revisions"}],"wp:featuredmedia":[{"embeddable":true,"href":"https:\/\/all-car-news.com\/es\/wp-json\/wp\/v2\/media\/137831"}],"wp:attachment":[{"href":"https:\/\/all-car-news.com\/es\/wp-json\/wp\/v2\/media?parent=137885"}],"wp:term":[{"taxonomy":"category","embeddable":true,"href":"https:\/\/all-car-news.com\/es\/wp-json\/wp\/v2\/categories?post=137885"},{"taxonomy":"post_tag","embeddable":true,"href":"https:\/\/all-car-news.com\/es\/wp-json\/wp\/v2\/tags?post=137885"}],"curies":[{"name":"wp","href":"https:\/\/api.w.org\/{rel}","templated":true}]}}