{"id":137805,"date":"2023-08-07T13:04:05","date_gmt":"2023-08-07T13:04:05","guid":{"rendered":"https:\/\/all-car-news.com\/opel-rocks-gse-y-si\/"},"modified":"2023-08-07T13:04:05","modified_gmt":"2023-08-07T13:04:05","slug":"opel-rocks-gse-y-si","status":"publish","type":"post","link":"https:\/\/all-car-news.com\/es\/opel-rocks-gse-y-si\/","title":{"rendered":"Opel Rocks GSe: \u00bfy si&#8230;?"},"content":{"rendered":"<h2>Equipamiento Opel Rocks GSe<\/h2>\n<p>Llantas m\u00e1s deportivas y ligeras, algunos logotipos GSe, una pegatina distintiva en la ventanilla, el frontal del <a href=\"https:\/\/autorai.nl\/opel-rocks-e-xtreme-verkent-de-ongebaande-wegen\/\">concept Opel Rocks Extreme<\/a> y, por supuesto, modernas unidades de iluminaci\u00f3n podr\u00edan ser ingredientes para crear un Opel Rocks GSe. No hace falta mucho para transformar un Rocks Electric en una versi\u00f3n GSe.<\/p>\n<h2>Modo Boost<\/h2>\n<p>Evidentemente, no se puede jugar mucho con la cadena cinem\u00e1tica, ya que la velocidad m\u00e1xima debe seguir siendo de 45 km\/h. Pero con algunas actualizaciones de software, Vauxhall puede desarrollar un aut\u00e9ntico modo Boost que te permita esprintar a 45 km\/h m\u00e1s r\u00e1pido.<\/p>\n<h2>Alineaci\u00f3n actual<\/h2>\n<p>En teor\u00eda, todo esto es posible. Opel podr\u00eda ampliar a\u00fan m\u00e1s la gama Rocks Electric con un Rocks GSe. Actualmente, la marca s\u00f3lo suministra una versi\u00f3n base, una Tekno y una Klub. Sigue faltando un Rocks GSe. Quiz\u00e1s este photoshop haga reflexionar a Vauxhall. Fiat podr\u00eda hacer el mismo truco con el Topolino, por ejemplo una versi\u00f3n Abarth del <a href=\"https:\/\/autorai.nl\/de-nieuwe-fiat-topolino-uitgebreide-eerste-kennismaking\/\">Fiat Topolino<\/a>.<\/p>\n<figure class=\"wp-block-image size-content\"><img decoding=\"async\" loading=\"lazy\" width=\"1140\" height=\"713\" src=\"https:\/\/autorai.nl\/wp-content\/uploads\/2023\/08\/opel-rocks-gse-fotoshop-copyright-autorai1-1140x713.jpg\" alt=\"Opel Rocks GSe\" class=\"wp-image-164041\"><\/figure>\n<h2>Opel GSe<\/h2>\n<p>GSe: estas tres letras seguramente resultar\u00e1n familiares a los fans de Opel. Las tres letras simbolizan modelos muy equipados y deportivos. Adem\u00e1s de ofrecer tambi\u00e9n una versi\u00f3n electrificada de cada modelo de su gama a partir de 2024 y de aspirar a ser una marca totalmente el\u00e9ctrica en Europa a partir de 2028, el fabricante de autom\u00f3viles alem\u00e1n da nueva vida a la GSe como una nueva submarca en el segmento premium. Adem\u00e1s, GSe adquiere un nuevo significado: Grand Sport el\u00e9ctrico. En el pasado, la abreviatura segu\u00eda significando \u00abGrand Sport Einspritzung\u00bb (Gran inyecci\u00f3n deportiva), como en el Commodore GS\/E y el Monza GSE. El Opel Astra GSe y el <a href=\"https:\/\/autorai.nl\/review-opel-grandland-gse-3-pluspunten-3-minpunten\/\">Grandland GSe<\/a> son algunos de los <a href=\"https:\/\/autorai.nl\/review-opel-astra-grandland-gse-2023-meer-dan-een-label\/\">primeros modelos GSe<\/a>.<\/p>\n<h2>Opel Rocks Electric<\/h2>\n<p>Adem\u00e1s, \u00bfes posible vivir con un coche urbano el\u00e9ctrico que recorre un m\u00e1ximo de 75 kil\u00f3metros con una carga completa de electricidad y alcanza una velocidad m\u00e1xima de 45 km\/h? Probamos el <a href=\"https:\/\/autorai.nl\/review-leven-met-een-opel-rocks-e-video\/\">Opel Rocks Electric<\/a> -antes conocido como Rocks-e- a fondo, en ciudad y en <a href=\"https:\/\/www.youtube.com\/watch?v=hMfqI7VDzqg\" target=\"_blank\" rel=\"noreferrer noopener\">el campo<\/a>.<\/p>\n<p><em><strong>Cr\u00e9dito de la imagen: AutoRAI.co.uk<\/strong><\/em><\/p>\n","protected":false},"excerpt":{"rendered":"Equipamiento Opel Rocks GSe M\u00e1s deportivo, llantas ligeras, algunos logotipos GSe, una pegatina distintiva en la ventanilla, el frontal del&hellip;","protected":false},"author":0,"featured_media":137767,"comment_status":"","ping_status":"open","sticky":false,"template":"","format":"standard","meta":{"footnotes":""},"categories":[126],"tags":[],"class_list":["post-137805","post","type-post","status-publish","format-standard","has-post-thumbnail","hentry","category-noticias-de-autos"],"acf":[],"yoast_head":"<!-- This site is optimized with the Yoast SEO plugin v21.2 - https:\/\/yoast.com\/wordpress\/plugins\/seo\/ -->\n<title>Opel Rocks GSe: \u00bfy si...? - All cars news<\/title>\n<meta name=\"robots\" content=\"index, follow, max-snippet:-1, max-image-preview:large, max-video-preview:-1\" \/>\n<link rel=\"canonical\" href=\"https:\/\/all-car-news.com\/es\/opel-rocks-gse-y-si\/\" \/>\n<meta property=\"og:locale\" content=\"es_ES\" \/>\n<meta property=\"og:type\" content=\"article\" \/>\n<meta property=\"og:title\" content=\"Opel Rocks GSe: \u00bfy si...? - All cars news\" \/>\n<meta property=\"og:description\" content=\"Equipamiento Opel Rocks GSe M\u00e1s deportivo, llantas ligeras, algunos logotipos GSe, una pegatina distintiva en la ventanilla, el frontal del concept Opel Rocks Extreme y, por supuesto, modernos grupos \u00f3pticos podr\u00edan ser ingredientes para crear un Opel Rocks GSe. No hace falta mucho para transformar un Rocks Electric en una versi\u00f3n GSe. \u2020\" \/>\n<meta property=\"og:url\" content=\"https:\/\/all-car-news.com\/es\/opel-rocks-gse-y-si\/\" \/>\n<meta property=\"og:site_name\" content=\"All cars news\" \/>\n<meta property=\"article:published_time\" content=\"2023-08-07T13:04:05+00:00\" \/>\n<meta property=\"og:image\" content=\"https:\/\/autorai.nl\/wp-content\/uploads\/2023\/08\/opel-rocks-gse-fotoshop-copyright-autorai1-1140x713.jpg\" \/>\n<meta name=\"twitter:card\" content=\"summary_large_image\" \/>\n<meta name=\"twitter:label1\" content=\"Tiempo de lectura\" \/>\n\t<meta name=\"twitter:data1\" content=\"2 minutos\" \/>\n<script type=\"application\/ld+json\" class=\"yoast-schema-graph\">{\"@context\":\"https:\/\/schema.org\",\"@graph\":[{\"@type\":\"Article\",\"@id\":\"https:\/\/all-car-news.com\/es\/opel-rocks-gse-y-si\/#article\",\"isPartOf\":{\"@id\":\"https:\/\/all-car-news.com\/es\/opel-rocks-gse-y-si\/\"},\"author\":{\"name\":\"\",\"@id\":\"\"},\"headline\":\"Opel Rocks GSe: \u00bfy si&#8230;?\",\"datePublished\":\"2023-08-07T13:04:05+00:00\",\"dateModified\":\"2023-08-07T13:04:05+00:00\",\"mainEntityOfPage\":{\"@id\":\"https:\/\/all-car-news.com\/es\/opel-rocks-gse-y-si\/\"},\"wordCount\":378,\"publisher\":{\"@id\":\"https:\/\/all-car-news.com\/es\/#organization\"},\"articleSection\":[\"noticias de autos\"],\"inLanguage\":\"es\"},{\"@type\":\"WebPage\",\"@id\":\"https:\/\/all-car-news.com\/es\/opel-rocks-gse-y-si\/\",\"url\":\"https:\/\/all-car-news.com\/es\/opel-rocks-gse-y-si\/\",\"name\":\"Opel Rocks GSe: \u00bfy si...? - All cars news\",\"isPartOf\":{\"@id\":\"https:\/\/all-car-news.com\/es\/#website\"},\"datePublished\":\"2023-08-07T13:04:05+00:00\",\"dateModified\":\"2023-08-07T13:04:05+00:00\",\"breadcrumb\":{\"@id\":\"https:\/\/all-car-news.com\/es\/opel-rocks-gse-y-si\/#breadcrumb\"},\"inLanguage\":\"es\",\"potentialAction\":[{\"@type\":\"ReadAction\",\"target\":[\"https:\/\/all-car-news.com\/es\/opel-rocks-gse-y-si\/\"]}]},{\"@type\":\"BreadcrumbList\",\"@id\":\"https:\/\/all-car-news.com\/es\/opel-rocks-gse-y-si\/#breadcrumb\",\"itemListElement\":[{\"@type\":\"ListItem\",\"position\":1,\"name\":\"Home\",\"item\":\"https:\/\/all-car-news.com\/es\/\"},{\"@type\":\"ListItem\",\"position\":2,\"name\":\"Opel Rocks GSe: \u00bfy si&#8230;?\"}]},{\"@type\":\"WebSite\",\"@id\":\"https:\/\/all-car-news.com\/es\/#website\",\"url\":\"https:\/\/all-car-news.com\/es\/\",\"name\":\"All cars news\",\"description\":\"\",\"publisher\":{\"@id\":\"https:\/\/all-car-news.com\/es\/#organization\"},\"potentialAction\":[{\"@type\":\"SearchAction\",\"target\":{\"@type\":\"EntryPoint\",\"urlTemplate\":\"https:\/\/all-car-news.com\/es\/?s={search_term_string}\"},\"query-input\":\"required name=search_term_string\"}],\"inLanguage\":\"es\"},{\"@type\":\"Organization\",\"@id\":\"https:\/\/all-car-news.com\/es\/#organization\",\"name\":\"All cars news\",\"url\":\"https:\/\/all-car-news.com\/es\/\",\"logo\":{\"@type\":\"ImageObject\",\"inLanguage\":\"es\",\"@id\":\"https:\/\/all-car-news.com\/es\/#\/schema\/logo\/image\/\",\"url\":\"https:\/\/all-car-news.com\/wp-content\/uploads\/2022\/02\/CMYK-AllCarNews_LANDSCAPE_300px-1.png\",\"contentUrl\":\"https:\/\/all-car-news.com\/wp-content\/uploads\/2022\/02\/CMYK-AllCarNews_LANDSCAPE_300px-1.png\",\"width\":300,\"height\":100,\"caption\":\"All cars news\"},\"image\":{\"@id\":\"https:\/\/all-car-news.com\/es\/#\/schema\/logo\/image\/\"}}]}<\/script>\n<!-- \/ Yoast SEO plugin. -->","yoast_head_json":{"title":"Opel Rocks GSe: \u00bfy si...? - All cars news","robots":{"index":"index","follow":"follow","max-snippet":"max-snippet:-1","max-image-preview":"max-image-preview:large","max-video-preview":"max-video-preview:-1"},"canonical":"https:\/\/all-car-news.com\/es\/opel-rocks-gse-y-si\/","og_locale":"es_ES","og_type":"article","og_title":"Opel Rocks GSe: \u00bfy si...? - All cars news","og_description":"Equipamiento Opel Rocks GSe M\u00e1s deportivo, llantas ligeras, algunos logotipos GSe, una pegatina distintiva en la ventanilla, el frontal del concept Opel Rocks Extreme y, por supuesto, modernos grupos \u00f3pticos podr\u00edan ser ingredientes para crear un Opel Rocks GSe. No hace falta mucho para transformar un Rocks Electric en una versi\u00f3n GSe. \u2020","og_url":"https:\/\/all-car-news.com\/es\/opel-rocks-gse-y-si\/","og_site_name":"All cars news","article_published_time":"2023-08-07T13:04:05+00:00","og_image":[{"url":"https:\/\/autorai.nl\/wp-content\/uploads\/2023\/08\/opel-rocks-gse-fotoshop-copyright-autorai1-1140x713.jpg"}],"twitter_card":"summary_large_image","twitter_misc":{"Tiempo de lectura":"2 minutos"},"schema":{"@context":"https:\/\/schema.org","@graph":[{"@type":"Article","@id":"https:\/\/all-car-news.com\/es\/opel-rocks-gse-y-si\/#article","isPartOf":{"@id":"https:\/\/all-car-news.com\/es\/opel-rocks-gse-y-si\/"},"author":{"name":"","@id":""},"headline":"Opel Rocks GSe: \u00bfy si&#8230;?","datePublished":"2023-08-07T13:04:05+00:00","dateModified":"2023-08-07T13:04:05+00:00","mainEntityOfPage":{"@id":"https:\/\/all-car-news.com\/es\/opel-rocks-gse-y-si\/"},"wordCount":378,"publisher":{"@id":"https:\/\/all-car-news.com\/es\/#organization"},"articleSection":["noticias de autos"],"inLanguage":"es"},{"@type":"WebPage","@id":"https:\/\/all-car-news.com\/es\/opel-rocks-gse-y-si\/","url":"https:\/\/all-car-news.com\/es\/opel-rocks-gse-y-si\/","name":"Opel Rocks GSe: \u00bfy si...? - All cars news","isPartOf":{"@id":"https:\/\/all-car-news.com\/es\/#website"},"datePublished":"2023-08-07T13:04:05+00:00","dateModified":"2023-08-07T13:04:05+00:00","breadcrumb":{"@id":"https:\/\/all-car-news.com\/es\/opel-rocks-gse-y-si\/#breadcrumb"},"inLanguage":"es","potentialAction":[{"@type":"ReadAction","target":["https:\/\/all-car-news.com\/es\/opel-rocks-gse-y-si\/"]}]},{"@type":"BreadcrumbList","@id":"https:\/\/all-car-news.com\/es\/opel-rocks-gse-y-si\/#breadcrumb","itemListElement":[{"@type":"ListItem","position":1,"name":"Home","item":"https:\/\/all-car-news.com\/es\/"},{"@type":"ListItem","position":2,"name":"Opel Rocks GSe: \u00bfy si&#8230;?"}]},{"@type":"WebSite","@id":"https:\/\/all-car-news.com\/es\/#website","url":"https:\/\/all-car-news.com\/es\/","name":"All cars news","description":"","publisher":{"@id":"https:\/\/all-car-news.com\/es\/#organization"},"potentialAction":[{"@type":"SearchAction","target":{"@type":"EntryPoint","urlTemplate":"https:\/\/all-car-news.com\/es\/?s={search_term_string}"},"query-input":"required name=search_term_string"}],"inLanguage":"es"},{"@type":"Organization","@id":"https:\/\/all-car-news.com\/es\/#organization","name":"All cars news","url":"https:\/\/all-car-news.com\/es\/","logo":{"@type":"ImageObject","inLanguage":"es","@id":"https:\/\/all-car-news.com\/es\/#\/schema\/logo\/image\/","url":"https:\/\/all-car-news.com\/wp-content\/uploads\/2022\/02\/CMYK-AllCarNews_LANDSCAPE_300px-1.png","contentUrl":"https:\/\/all-car-news.com\/wp-content\/uploads\/2022\/02\/CMYK-AllCarNews_LANDSCAPE_300px-1.png","width":300,"height":100,"caption":"All cars news"},"image":{"@id":"https:\/\/all-car-news.com\/es\/#\/schema\/logo\/image\/"}}]}},"_links":{"self":[{"href":"https:\/\/all-car-news.com\/es\/wp-json\/wp\/v2\/posts\/137805","targetHints":{"allow":["GET"]}}],"collection":[{"href":"https:\/\/all-car-news.com\/es\/wp-json\/wp\/v2\/posts"}],"about":[{"href":"https:\/\/all-car-news.com\/es\/wp-json\/wp\/v2\/types\/post"}],"replies":[{"embeddable":true,"href":"https:\/\/all-car-news.com\/es\/wp-json\/wp\/v2\/comments?post=137805"}],"version-history":[{"count":0,"href":"https:\/\/all-car-news.com\/es\/wp-json\/wp\/v2\/posts\/137805\/revisions"}],"wp:featuredmedia":[{"embeddable":true,"href":"https:\/\/all-car-news.com\/es\/wp-json\/wp\/v2\/media\/137767"}],"wp:attachment":[{"href":"https:\/\/all-car-news.com\/es\/wp-json\/wp\/v2\/media?parent=137805"}],"wp:term":[{"taxonomy":"category","embeddable":true,"href":"https:\/\/all-car-news.com\/es\/wp-json\/wp\/v2\/categories?post=137805"},{"taxonomy":"post_tag","embeddable":true,"href":"https:\/\/all-car-news.com\/es\/wp-json\/wp\/v2\/tags?post=137805"}],"curies":[{"name":"wp","href":"https:\/\/api.w.org\/{rel}","templated":true}]}}