{"id":137754,"date":"2023-08-04T15:08:00","date_gmt":"2023-08-04T15:08:00","guid":{"rendered":"https:\/\/all-car-news.com\/visto-todas-las-generaciones-del-bmw-serie-5-en-fila\/"},"modified":"2023-08-04T15:08:00","modified_gmt":"2023-08-04T15:08:00","slug":"visto-todas-las-generaciones-del-bmw-serie-5-en-fila","status":"publish","type":"post","link":"https:\/\/all-car-news.com\/es\/visto-todas-las-generaciones-del-bmw-serie-5-en-fila\/","title":{"rendered":"Visto: todas las generaciones del BMW Serie 5 en fila"},"content":{"rendered":"<p>La producci\u00f3n de la nueva generaci\u00f3n del BMW Serie 5 (el G60) comenz\u00f3 a finales del mes pasado. AutoRAI.co.uk asisti\u00f3 al evento y <a href=\"https:\/\/autorai.nl\/5-weetjes-over-de-bmw-5-serie-productie\/\" target=\"_blank\" rel=\"noreferrer noopener\">visit\u00f3 la planta<\/a>. Naturalmente, el lanzamiento de la producci\u00f3n incluye una charla oficial. Una agradable sorpresa fue que todas las generaciones de modelos anteriores de la Serie 5 estuvieron presentes en esa presentaci\u00f3n. Se volvi\u00f3 a presentar brevemente cada modelo, tras lo cual los coches se alinearon muy bien. La rica historia del modelo en pocas palabras. La sala de la f\u00e1brica en la que se expon\u00edan los coches no es ideal para la fotograf\u00eda en cuanto a iluminaci\u00f3n, pero aun as\u00ed salieron fotos bastante buenas.<\/p>\n<h2><strong>BMW Serie 5 E12 (1972-1981)<\/strong><\/h2>\n<p>El modelo que lo empez\u00f3 todo. Entonces estamos hablando tanto de la Serie 5 en general como de la producci\u00f3n de BMW aqu\u00ed en la planta de Dingolfing. El primero fue un BMW 520i en color Mandarina. Hoy presentamos un ejemplar ligeramente posterior, un BMW 518 del a\u00f1o 1976. Tambi\u00e9n hermosa.<\/p>\n<div class=\"galery shuffle galery-0\">\n<figure>\n\t\t\t\t\t<span style=\"cursor: pointer\" data-src=\"https:\/\/autorai.nl\/wp-content\/uploads\/2023\/08\/AutoRAI-Gespot-BMW-518-3-1600x1200.jpg\" data-fancybox=\"galery-0\" title=\"\"><br \/>\n\t\t\t\t\t\t\t<img decoding=\"async\" width=\"640\" height=\"480\" src=\"https:\/\/autorai.nl\/wp-content\/uploads\/2023\/08\/AutoRAI-Gespot-BMW-518-3-640x480.jpg\" class=\"attachment-medium size-medium\" alt=\"\" loading=\"lazy\"><i class=\"fa fa-search-plus\" aria-hidden=\"true\"><\/i><br \/>\n\t\t\t\t\t\t<\/span><br \/>\n\t\t\t\t\t<\/figure>\n<figure>\n\t\t\t\t\t<span style=\"cursor: pointer\" data-src=\"https:\/\/autorai.nl\/wp-content\/uploads\/2023\/08\/AutoRAI-Gespot-BMW-518-2-1600x1200.jpg\" data-fancybox=\"galery-0\" title=\"\"><br \/>\n\t\t\t\t\t\t\t<img decoding=\"async\" width=\"360\" height=\"270\" src=\"https:\/\/autorai.nl\/wp-content\/uploads\/2023\/08\/AutoRAI-Gespot-BMW-518-2-360x270.jpg\" class=\"attachment-small size-small\" alt=\"\" loading=\"lazy\"><i class=\"fa fa-search-plus\" aria-hidden=\"true\"><\/i><br \/>\n\t\t\t\t\t\t<\/span><br \/>\n\t\t\t\t\t<\/figure>\n<figure>\n\t\t\t\t\t<span style=\"cursor: pointer\" data-src=\"https:\/\/autorai.nl\/wp-content\/uploads\/2023\/08\/AutoRAI-Gespot-BMW-518-1-1600x1200.jpg\" data-fancybox=\"galery-0\" title=\"\"><br \/>\n\t\t\t\t\t\t\t<img decoding=\"async\" width=\"360\" height=\"270\" src=\"https:\/\/autorai.nl\/wp-content\/uploads\/2023\/08\/AutoRAI-Gespot-BMW-518-1-360x270.jpg\" class=\"attachment-small size-small\" alt=\"\" loading=\"lazy\"><i class=\"fa fa-search-plus\" aria-hidden=\"true\"><\/i><br \/>\n\t\t\t\t\t\t<\/span><br \/>\n\t\t\t\t\t<\/figure>\n<div class=\"clear\"><\/div>\n<\/div>\n<h2><strong>BMW Serie 5 E28 (1981-1988)<\/strong><\/h2>\n<p>En 1981, lleg\u00f3 la hora de la redenci\u00f3n, en forma de la generaci\u00f3n E28, que era sobre todo una evoluci\u00f3n del primer modelo. En la presentaci\u00f3n est\u00e1 presente un BMW 524td, con esa versi\u00f3n en particular que lo hace del a\u00f1o modelo 1983.<\/p>\n<div class=\"galery shuffle galery-1\">\n<figure>\n\t\t\t\t\t<span style=\"cursor: pointer\" data-src=\"https:\/\/autorai.nl\/wp-content\/uploads\/2023\/08\/AutoRAI-Gespot-BMW-524td-3-1600x1200.jpg\" data-fancybox=\"galery-1\" title=\"\"><br \/>\n\t\t\t\t\t\t\t<img decoding=\"async\" width=\"640\" height=\"480\" src=\"https:\/\/autorai.nl\/wp-content\/uploads\/2023\/08\/AutoRAI-Gespot-BMW-524td-3-640x480.jpg\" class=\"attachment-medium size-medium\" alt=\"\" loading=\"lazy\"><i class=\"fa fa-search-plus\" aria-hidden=\"true\"><\/i><br \/>\n\t\t\t\t\t\t<\/span><br \/>\n\t\t\t\t\t<\/figure>\n<figure>\n\t\t\t\t\t<span style=\"cursor: pointer\" data-src=\"https:\/\/autorai.nl\/wp-content\/uploads\/2023\/08\/AutoRAI-Gespot-BMW-524td-1-1600x1200.jpg\" data-fancybox=\"galery-1\" title=\"\"><br \/>\n\t\t\t\t\t\t\t<img decoding=\"async\" width=\"360\" height=\"270\" src=\"https:\/\/autorai.nl\/wp-content\/uploads\/2023\/08\/AutoRAI-Gespot-BMW-524td-1-360x270.jpg\" class=\"attachment-small size-small\" alt=\"\" loading=\"lazy\"><i class=\"fa fa-search-plus\" aria-hidden=\"true\"><\/i><br \/>\n\t\t\t\t\t\t<\/span><br \/>\n\t\t\t\t\t<\/figure>\n<figure>\n\t\t\t\t\t<span style=\"cursor: pointer\" data-src=\"https:\/\/autorai.nl\/wp-content\/uploads\/2023\/08\/AutoRAI-Gespot-BMW-524td-2-1600x1200.jpg\" data-fancybox=\"galery-1\" title=\"\"><br \/>\n\t\t\t\t\t\t\t<img decoding=\"async\" width=\"360\" height=\"270\" src=\"https:\/\/autorai.nl\/wp-content\/uploads\/2023\/08\/AutoRAI-Gespot-BMW-524td-2-360x270.jpg\" class=\"attachment-small size-small\" alt=\"\" loading=\"lazy\"><i class=\"fa fa-search-plus\" aria-hidden=\"true\"><\/i><br \/>\n\t\t\t\t\t\t<\/span><br \/>\n\t\t\t\t\t<\/figure>\n<div class=\"clear\"><\/div>\n<\/div>\n<h2><strong>BMW Serie 5 E34 (1988-1996)<\/strong><\/h2>\n<p>En 1988, la Serie 5 E34 dio un claro paso adelante no s\u00f3lo como modelo, sino tambi\u00e9n en t\u00e9rminos de dise\u00f1o. La Serie 5 se redise\u00f1\u00f3 por completo, pero se reconoci\u00f3 al instante como el \u00abmodelo intermedio\u00bb de la gama de berlinas de BMW. Aqu\u00ed puede ver un BMW 540i del a\u00f1o modelo 1993. Bonito extra: el pasajero es un empleado de la f\u00e1brica que ha estado all\u00ed desde el principio. As\u00ed que ha ayudado a producir cada generaci\u00f3n de modelos de la Serie 5.<\/p>\n<div class=\"galery galery-2\">\n<figure>\n\t\t\t\t\t<span style=\"cursor: pointer\" data-src=\"https:\/\/autorai.nl\/wp-content\/uploads\/2023\/08\/AutoRAI-Gespot-BMW-540i-2-1600x1200.jpg\" data-fancybox=\"galery-2\" title=\"\"><br \/>\n\t\t\t\t\t\t\t<img decoding=\"async\" width=\"360\" height=\"270\" src=\"https:\/\/autorai.nl\/wp-content\/uploads\/2023\/08\/AutoRAI-Gespot-BMW-540i-2-360x270.jpg\" class=\"attachment-small size-small\" alt=\"\" loading=\"lazy\"><i class=\"fa fa-search-plus\" aria-hidden=\"true\"><\/i><br \/>\n\t\t\t\t\t\t<\/span><br \/>\n\t\t\t\t\t<\/figure>\n<figure>\n\t\t\t\t\t<span style=\"cursor: pointer\" data-src=\"https:\/\/autorai.nl\/wp-content\/uploads\/2023\/08\/AutoRAI-Gespot-BMW-540i-1-1600x1200.jpg\" data-fancybox=\"galery-2\" title=\"\"><br \/>\n\t\t\t\t\t\t\t<img decoding=\"async\" width=\"360\" height=\"270\" src=\"https:\/\/autorai.nl\/wp-content\/uploads\/2023\/08\/AutoRAI-Gespot-BMW-540i-1-360x270.jpg\" class=\"attachment-small size-small\" alt=\"\" loading=\"lazy\"><i class=\"fa fa-search-plus\" aria-hidden=\"true\"><\/i><br \/>\n\t\t\t\t\t\t<\/span><br \/>\n\t\t\t\t\t<\/figure>\n<div class=\"clear\"><\/div>\n<\/div>\n<h2><strong>BMW Serie 5 E39 (1995-2004)<\/strong><\/h2>\n<p>El favorito personal de Undersigned apareci\u00f3 en 1995: el Serie 5 E39. Personalmente, sigo pensando que es el modelo m\u00e1s bonito que ha fabricado BMW. Hoy presentamos un BMW M5 modelo 1998.<\/p>\n<div class=\"galery galery-3\">\n<figure>\n\t\t\t\t\t<span style=\"cursor: pointer\" data-src=\"https:\/\/autorai.nl\/wp-content\/uploads\/2023\/08\/AutoRAI-Gespot-BMW-M5-4-1600x1200.jpg\" data-fancybox=\"galery-3\" title=\"\"><br \/>\n\t\t\t\t\t\t\t<img decoding=\"async\" width=\"360\" height=\"270\" src=\"https:\/\/autorai.nl\/wp-content\/uploads\/2023\/08\/AutoRAI-Gespot-BMW-M5-4-360x270.jpg\" class=\"attachment-small size-small\" alt=\"\" loading=\"lazy\"><i class=\"fa fa-search-plus\" aria-hidden=\"true\"><\/i><br \/>\n\t\t\t\t\t\t<\/span><br \/>\n\t\t\t\t\t<\/figure>\n<figure>\n\t\t\t\t\t<span style=\"cursor: pointer\" data-src=\"https:\/\/autorai.nl\/wp-content\/uploads\/2023\/08\/AutoRAI-Gespot-BMW-M5-1-1600x1200.jpg\" data-fancybox=\"galery-3\" title=\"\"><br \/>\n\t\t\t\t\t\t\t<img decoding=\"async\" width=\"360\" height=\"270\" src=\"https:\/\/autorai.nl\/wp-content\/uploads\/2023\/08\/AutoRAI-Gespot-BMW-M5-1-360x270.jpg\" class=\"attachment-small size-small\" alt=\"\" loading=\"lazy\"><i class=\"fa fa-search-plus\" aria-hidden=\"true\"><\/i><br \/>\n\t\t\t\t\t\t<\/span><br \/>\n\t\t\t\t\t<\/figure>\n<div class=\"clear\"><\/div>\n<\/div>\n<h2><strong>BMW Serie 5 E60 (2003-2010)<\/strong><\/h2>\n<p>BMW tambi\u00e9n tiene lista para hoy la versi\u00f3n deportiva M5 de su sucesor radicalmente redise\u00f1ado, modelo del a\u00f1o 2004. Tambi\u00e9n durante este periodo, con Chris Bangle al frente del departamento de dise\u00f1o, BMW fabric\u00f3 modelos con un dise\u00f1o \u00abcontrovertido\u00bb. Personalmente, el Serie 5 E60 siempre me ha parecido un modelo muy bonito. De hecho, despu\u00e9s del E39, esta es mi generaci\u00f3n favorita de la Serie 5.<\/p>\n<div class=\"galery galery-4\">\n<figure>\n\t\t\t\t\t<span style=\"cursor: pointer\" data-src=\"https:\/\/autorai.nl\/wp-content\/uploads\/2023\/08\/AutoRAI-Gespot-BMW-M5-5-1600x1200.jpg\" data-fancybox=\"galery-4\" title=\"\"><br \/>\n\t\t\t\t\t\t\t<img decoding=\"async\" width=\"360\" height=\"270\" src=\"https:\/\/autorai.nl\/wp-content\/uploads\/2023\/08\/AutoRAI-Gespot-BMW-M5-5-360x270.jpg\" class=\"attachment-small size-small\" alt=\"\" loading=\"lazy\"><i class=\"fa fa-search-plus\" aria-hidden=\"true\"><\/i><br \/>\n\t\t\t\t\t\t<\/span><br \/>\n\t\t\t\t\t<\/figure>\n<figure>\n\t\t\t\t\t<span style=\"cursor: pointer\" data-src=\"https:\/\/autorai.nl\/wp-content\/uploads\/2023\/08\/AutoRAI-Gespot-BMW-M5-2-1600x1200.jpg\" data-fancybox=\"galery-4\" title=\"\"><br \/>\n\t\t\t\t\t\t\t<img decoding=\"async\" width=\"360\" height=\"270\" src=\"https:\/\/autorai.nl\/wp-content\/uploads\/2023\/08\/AutoRAI-Gespot-BMW-M5-2-360x270.jpg\" class=\"attachment-small size-small\" alt=\"\" loading=\"lazy\"><i class=\"fa fa-search-plus\" aria-hidden=\"true\"><\/i><br \/>\n\t\t\t\t\t\t<\/span><br \/>\n\t\t\t\t\t<\/figure>\n<div class=\"clear\"><\/div>\n<\/div>\n<h2><strong>BMW Serie 5 F10 (2010-2017)<\/strong><\/h2>\n<p>No obstante, para el Serie 5 F10, BMW opt\u00f3 de nuevo en 2010 por un dise\u00f1o conservado y convencional. A pesar de que la direcci\u00f3n del dise\u00f1o es muy diferente, el resultado vuelve a ser satisfactorio. La Serie 5 tambi\u00e9n dio otro paso adelante en otras \u00e1reas, lo que se tradujo en un \u00e9xito de ventas. Tambi\u00e9n representa a esta generaci\u00f3n de modelos el deportivo BMW M5, a\u00f1o de modelo 2012.<\/p>\n<div class=\"galery shuffle galery-5\">\n<figure>\n\t\t\t\t\t<span style=\"cursor: pointer\" data-src=\"https:\/\/autorai.nl\/wp-content\/uploads\/2023\/08\/AutoRAI-Gespot-BMW-M5-6-1600x1200.jpg\" data-fancybox=\"galery-5\" title=\"\"><br \/>\n\t\t\t\t\t\t\t<img decoding=\"async\" width=\"640\" height=\"480\" src=\"https:\/\/autorai.nl\/wp-content\/uploads\/2023\/08\/AutoRAI-Gespot-BMW-M5-6-640x480.jpg\" class=\"attachment-medium size-medium\" alt=\"\" loading=\"lazy\"><i class=\"fa fa-search-plus\" aria-hidden=\"true\"><\/i><br \/>\n\t\t\t\t\t\t<\/span><br \/>\n\t\t\t\t\t<\/figure>\n<figure>\n\t\t\t\t\t<span style=\"cursor: pointer\" data-src=\"https:\/\/autorai.nl\/wp-content\/uploads\/2023\/08\/AutoRAI-Gespot-BMW-5-Serie-4-1600x1200.jpg\" data-fancybox=\"galery-5\" title=\"\"><br \/>\n\t\t\t\t\t\t\t<img decoding=\"async\" width=\"360\" height=\"270\" src=\"https:\/\/autorai.nl\/wp-content\/uploads\/2023\/08\/AutoRAI-Gespot-BMW-5-Serie-4-360x270.jpg\" class=\"attachment-small size-small\" alt=\"\" loading=\"lazy\"><i class=\"fa fa-search-plus\" aria-hidden=\"true\"><\/i><br \/>\n\t\t\t\t\t\t<\/span><br \/>\n\t\t\t\t\t<\/figure>\n<figure>\n\t\t\t\t\t<span style=\"cursor: pointer\" data-src=\"https:\/\/autorai.nl\/wp-content\/uploads\/2023\/08\/AutoRAI-Gespot-BMW-M5-3-1600x1200.jpg\" data-fancybox=\"galery-5\" title=\"\"><br \/>\n\t\t\t\t\t\t\t<img decoding=\"async\" width=\"360\" height=\"270\" src=\"https:\/\/autorai.nl\/wp-content\/uploads\/2023\/08\/AutoRAI-Gespot-BMW-M5-3-360x270.jpg\" class=\"attachment-small size-small\" alt=\"\" loading=\"lazy\"><i class=\"fa fa-search-plus\" aria-hidden=\"true\"><\/i><br \/>\n\t\t\t\t\t\t<\/span><br \/>\n\t\t\t\t\t<\/figure>\n<div class=\"clear\"><\/div>\n<\/div>\n<h2><strong>BMW Serie 5 G30 (2017-2023)<\/strong><\/h2>\n<p>El modelo saliente de la Serie 5, aqu\u00ed a partir del facelift del a\u00f1o 2020 y con el paquete M Sport. Para la generaci\u00f3n de modelos G30, BMW opt\u00f3 una vez m\u00e1s por una evoluci\u00f3n del modelo anterior. <em>Nunca cambies un equipo ganador<\/em>, debi\u00f3 pensar BMW.<\/p>\n<div class=\"galery galery-6\">\n<figure>\n\t\t\t\t\t<span style=\"cursor: pointer\" data-src=\"https:\/\/autorai.nl\/wp-content\/uploads\/2023\/08\/AutoRAI-Gespot-BMW-5-Serie-1-1600x1200.jpg\" data-fancybox=\"galery-6\" title=\"\"><br \/>\n\t\t\t\t\t\t\t<img decoding=\"async\" width=\"360\" height=\"270\" src=\"https:\/\/autorai.nl\/wp-content\/uploads\/2023\/08\/AutoRAI-Gespot-BMW-5-Serie-1-360x270.jpg\" class=\"attachment-small size-small\" alt=\"\" loading=\"lazy\"><i class=\"fa fa-search-plus\" aria-hidden=\"true\"><\/i><br \/>\n\t\t\t\t\t\t<\/span><br \/>\n\t\t\t\t\t<\/figure>\n<figure>\n\t\t\t\t\t<span style=\"cursor: pointer\" data-src=\"https:\/\/autorai.nl\/wp-content\/uploads\/2023\/08\/AutoRAI-Gespot-BMW-5-Serie-3-1600x1200.jpg\" data-fancybox=\"galery-6\" title=\"\"><br \/>\n\t\t\t\t\t\t\t<img decoding=\"async\" width=\"360\" height=\"270\" src=\"https:\/\/autorai.nl\/wp-content\/uploads\/2023\/08\/AutoRAI-Gespot-BMW-5-Serie-3-360x270.jpg\" class=\"attachment-small size-small\" alt=\"\" loading=\"lazy\"><i class=\"fa fa-search-plus\" aria-hidden=\"true\"><\/i><br \/>\n\t\t\t\t\t\t<\/span><br \/>\n\t\t\t\t\t<\/figure>\n<div class=\"clear\"><\/div>\n<\/div>\n<h2><strong>BMW Serie 5 G60 (2023-presente)<\/strong><\/h2>\n<p>La nueva Serie 5, generaci\u00f3n G60, vuelve a diferenciarse notablemente de su predecesora. <a href=\"https:\/\/www.bmw.nl\/nl\/index.html\" target=\"_blank\" rel=\"noreferrer noopener\">BMW<\/a> opta por un dise\u00f1o algo m\u00e1s pronunciado, aunque no llegan tan lejos como en el BMW Serie 7 u otros modelos con grandes rejillas. Quiz\u00e1 la mayor novedad sea que, por primera vez, la Serie 5 cuenta con una variante totalmente el\u00e9ctrica: el BMW i5. <a href=\"https:\/\/autorai.nl\/bmw-i5-en-5-serie-2023\/\" target=\"_blank\" rel=\"noreferrer noopener\">Puede obtener<\/a> m\u00e1s informaci\u00f3n sobre la nueva generaci\u00f3n de la Serie 5 <a href=\"https:\/\/autorai.nl\/bmw-i5-en-5-serie-2023\/\" target=\"_blank\" rel=\"noreferrer noopener\">aqu\u00ed<\/a>. En el acto de presentaci\u00f3n est\u00e1n presentes sobre todo ejemplares del BMW i5, aqu\u00ed como M60 xDrive.<\/p>\n<figure class=\"wp-block-image size-content\"><img decoding=\"async\" loading=\"lazy\" width=\"1140\" height=\"855\" src=\"https:\/\/autorai.nl\/wp-content\/uploads\/2023\/08\/AutoRAI-Gespot-BMW-i5-M60-xDrive-3-1140x855.jpg\" alt=\"\" class=\"wp-image-163870\"><\/figure>\n<div class=\"galery galery-7\">\n<figure>\n\t\t\t\t\t<span style=\"cursor: pointer\" data-src=\"https:\/\/autorai.nl\/wp-content\/uploads\/2023\/08\/AutoRAI-Gespot-BMW-i5-M60-xDrive-4-1600x1200.jpg\" data-fancybox=\"galery-7\" title=\"\"><br \/>\n\t\t\t\t\t\t\t<img decoding=\"async\" width=\"360\" height=\"270\" src=\"https:\/\/autorai.nl\/wp-content\/uploads\/2023\/08\/AutoRAI-Gespot-BMW-i5-M60-xDrive-4-360x270.jpg\" class=\"attachment-small size-small\" alt=\"\" loading=\"lazy\"><i class=\"fa fa-search-plus\" aria-hidden=\"true\"><\/i><br \/>\n\t\t\t\t\t\t<\/span><br \/>\n\t\t\t\t\t<\/figure>\n<figure>\n\t\t\t\t\t<span style=\"cursor: pointer\" data-src=\"https:\/\/autorai.nl\/wp-content\/uploads\/2023\/08\/AutoRAI-Gespot-BMW-i5-M60-xDrive-5-1600x1200.jpg\" data-fancybox=\"galery-7\" title=\"\"><br \/>\n\t\t\t\t\t\t\t<img decoding=\"async\" width=\"360\" height=\"270\" src=\"https:\/\/autorai.nl\/wp-content\/uploads\/2023\/08\/AutoRAI-Gespot-BMW-i5-M60-xDrive-5-360x270.jpg\" class=\"attachment-small size-small\" alt=\"\" loading=\"lazy\"><i class=\"fa fa-search-plus\" aria-hidden=\"true\"><\/i><br \/>\n\t\t\t\t\t\t<\/span><br \/>\n\t\t\t\t\t<\/figure>\n<figure>\n\t\t\t\t\t<span style=\"cursor: pointer\" data-src=\"https:\/\/autorai.nl\/wp-content\/uploads\/2023\/08\/AutoRAI-Gespot-BMW-i5-M60-xDrive-6-1600x1200.jpg\" data-fancybox=\"galery-7\" title=\"\"><br \/>\n\t\t\t\t\t\t\t<img decoding=\"async\" width=\"360\" height=\"270\" src=\"https:\/\/autorai.nl\/wp-content\/uploads\/2023\/08\/AutoRAI-Gespot-BMW-i5-M60-xDrive-6-360x270.jpg\" class=\"attachment-small size-small\" alt=\"\" loading=\"lazy\"><i class=\"fa fa-search-plus\" aria-hidden=\"true\"><\/i><br \/>\n\t\t\t\t\t\t<\/span><br \/>\n\t\t\t\t\t<\/figure>\n<figure>\n\t\t\t\t\t<span style=\"cursor: pointer\" data-src=\"https:\/\/autorai.nl\/wp-content\/uploads\/2023\/08\/AutoRAI-Gespot-BMW-i5-M60-xDrive-7-1600x1200.jpg\" data-fancybox=\"galery-7\" title=\"\"><br \/>\n\t\t\t\t\t\t\t<img decoding=\"async\" width=\"360\" height=\"270\" src=\"https:\/\/autorai.nl\/wp-content\/uploads\/2023\/08\/AutoRAI-Gespot-BMW-i5-M60-xDrive-7-360x270.jpg\" class=\"attachment-small size-small\" alt=\"\" loading=\"lazy\"><i class=\"fa fa-search-plus\" aria-hidden=\"true\"><\/i><br \/>\n\t\t\t\t\t\t<\/span><br \/>\n\t\t\t\t\t<\/figure>\n<div class=\"clear\"><\/div>\n<\/div>\n","protected":false},"excerpt":{"rendered":"La producci\u00f3n de la nueva generaci\u00f3n del BMW Serie 5 (el G60) comenz\u00f3 a finales del mes pasado. AutoRAI.co.uk asisti\u00f3&hellip;","protected":false},"author":0,"featured_media":137751,"comment_status":"","ping_status":"open","sticky":false,"template":"","format":"standard","meta":{"footnotes":""},"categories":[178,126],"tags":[],"class_list":["post-137754","post","type-post","status-publish","format-standard","has-post-thumbnail","hentry","category-diversion","category-noticias-de-autos"],"acf":[],"yoast_head":"<!-- This site is optimized with the Yoast SEO plugin v21.2 - https:\/\/yoast.com\/wordpress\/plugins\/seo\/ -->\n<title>Visto: todas las generaciones del BMW Serie 5 en fila - All cars news<\/title>\n<meta name=\"robots\" content=\"index, follow, max-snippet:-1, max-image-preview:large, max-video-preview:-1\" \/>\n<link rel=\"canonical\" href=\"https:\/\/all-car-news.com\/es\/visto-todas-las-generaciones-del-bmw-serie-5-en-fila\/\" \/>\n<meta property=\"og:locale\" content=\"es_ES\" \/>\n<meta property=\"og:type\" content=\"article\" \/>\n<meta property=\"og:title\" content=\"Visto: todas las generaciones del BMW Serie 5 en fila - All cars news\" \/>\n<meta property=\"og:description\" content=\"La producci\u00f3n de la nueva generaci\u00f3n del BMW Serie 5 (el G60) comenz\u00f3 a finales del mes pasado. AutoRAI.co.uk asisti\u00f3 al evento y visit\u00f3 la planta. Naturalmente, el lanzamiento de la producci\u00f3n incluye una charla oficial. Una agradable sorpresa fue que todas las generaciones de modelos anteriores de la Serie 5 estuvieron presentes en esa presentaci\u00f3n. \u2020\" \/>\n<meta property=\"og:url\" content=\"https:\/\/all-car-news.com\/es\/visto-todas-las-generaciones-del-bmw-serie-5-en-fila\/\" \/>\n<meta property=\"og:site_name\" content=\"All cars news\" \/>\n<meta property=\"article:published_time\" content=\"2023-08-04T15:08:00+00:00\" \/>\n<meta property=\"og:image\" content=\"https:\/\/autorai.nl\/wp-content\/uploads\/2023\/08\/AutoRAI-Gespot-BMW-518-3-640x480.jpg\" \/>\n<meta name=\"twitter:card\" content=\"summary_large_image\" \/>\n<meta name=\"twitter:label1\" content=\"Tiempo de lectura\" \/>\n\t<meta name=\"twitter:data1\" content=\"3 minutos\" \/>\n<script type=\"application\/ld+json\" class=\"yoast-schema-graph\">{\"@context\":\"https:\/\/schema.org\",\"@graph\":[{\"@type\":\"Article\",\"@id\":\"https:\/\/all-car-news.com\/es\/visto-todas-las-generaciones-del-bmw-serie-5-en-fila\/#article\",\"isPartOf\":{\"@id\":\"https:\/\/all-car-news.com\/es\/visto-todas-las-generaciones-del-bmw-serie-5-en-fila\/\"},\"author\":{\"name\":\"\",\"@id\":\"\"},\"headline\":\"Visto: todas las generaciones del BMW Serie 5 en fila\",\"datePublished\":\"2023-08-04T15:08:00+00:00\",\"dateModified\":\"2023-08-04T15:08:00+00:00\",\"mainEntityOfPage\":{\"@id\":\"https:\/\/all-car-news.com\/es\/visto-todas-las-generaciones-del-bmw-serie-5-en-fila\/\"},\"wordCount\":661,\"publisher\":{\"@id\":\"https:\/\/all-car-news.com\/es\/#organization\"},\"articleSection\":[\"Diversi\u00f3n\",\"noticias de autos\"],\"inLanguage\":\"es\"},{\"@type\":\"WebPage\",\"@id\":\"https:\/\/all-car-news.com\/es\/visto-todas-las-generaciones-del-bmw-serie-5-en-fila\/\",\"url\":\"https:\/\/all-car-news.com\/es\/visto-todas-las-generaciones-del-bmw-serie-5-en-fila\/\",\"name\":\"Visto: todas las generaciones del BMW Serie 5 en fila - All cars news\",\"isPartOf\":{\"@id\":\"https:\/\/all-car-news.com\/es\/#website\"},\"datePublished\":\"2023-08-04T15:08:00+00:00\",\"dateModified\":\"2023-08-04T15:08:00+00:00\",\"breadcrumb\":{\"@id\":\"https:\/\/all-car-news.com\/es\/visto-todas-las-generaciones-del-bmw-serie-5-en-fila\/#breadcrumb\"},\"inLanguage\":\"es\",\"potentialAction\":[{\"@type\":\"ReadAction\",\"target\":[\"https:\/\/all-car-news.com\/es\/visto-todas-las-generaciones-del-bmw-serie-5-en-fila\/\"]}]},{\"@type\":\"BreadcrumbList\",\"@id\":\"https:\/\/all-car-news.com\/es\/visto-todas-las-generaciones-del-bmw-serie-5-en-fila\/#breadcrumb\",\"itemListElement\":[{\"@type\":\"ListItem\",\"position\":1,\"name\":\"Home\",\"item\":\"https:\/\/all-car-news.com\/es\/\"},{\"@type\":\"ListItem\",\"position\":2,\"name\":\"Visto: todas las generaciones del BMW Serie 5 en fila\"}]},{\"@type\":\"WebSite\",\"@id\":\"https:\/\/all-car-news.com\/es\/#website\",\"url\":\"https:\/\/all-car-news.com\/es\/\",\"name\":\"All cars news\",\"description\":\"\",\"publisher\":{\"@id\":\"https:\/\/all-car-news.com\/es\/#organization\"},\"potentialAction\":[{\"@type\":\"SearchAction\",\"target\":{\"@type\":\"EntryPoint\",\"urlTemplate\":\"https:\/\/all-car-news.com\/es\/?s={search_term_string}\"},\"query-input\":\"required name=search_term_string\"}],\"inLanguage\":\"es\"},{\"@type\":\"Organization\",\"@id\":\"https:\/\/all-car-news.com\/es\/#organization\",\"name\":\"All cars news\",\"url\":\"https:\/\/all-car-news.com\/es\/\",\"logo\":{\"@type\":\"ImageObject\",\"inLanguage\":\"es\",\"@id\":\"https:\/\/all-car-news.com\/es\/#\/schema\/logo\/image\/\",\"url\":\"https:\/\/all-car-news.com\/wp-content\/uploads\/2022\/02\/CMYK-AllCarNews_LANDSCAPE_300px-1.png\",\"contentUrl\":\"https:\/\/all-car-news.com\/wp-content\/uploads\/2022\/02\/CMYK-AllCarNews_LANDSCAPE_300px-1.png\",\"width\":300,\"height\":100,\"caption\":\"All cars news\"},\"image\":{\"@id\":\"https:\/\/all-car-news.com\/es\/#\/schema\/logo\/image\/\"}}]}<\/script>\n<!-- \/ Yoast SEO plugin. -->","yoast_head_json":{"title":"Visto: todas las generaciones del BMW Serie 5 en fila - All cars news","robots":{"index":"index","follow":"follow","max-snippet":"max-snippet:-1","max-image-preview":"max-image-preview:large","max-video-preview":"max-video-preview:-1"},"canonical":"https:\/\/all-car-news.com\/es\/visto-todas-las-generaciones-del-bmw-serie-5-en-fila\/","og_locale":"es_ES","og_type":"article","og_title":"Visto: todas las generaciones del BMW Serie 5 en fila - All cars news","og_description":"La producci\u00f3n de la nueva generaci\u00f3n del BMW Serie 5 (el G60) comenz\u00f3 a finales del mes pasado. AutoRAI.co.uk asisti\u00f3 al evento y visit\u00f3 la planta. Naturalmente, el lanzamiento de la producci\u00f3n incluye una charla oficial. Una agradable sorpresa fue que todas las generaciones de modelos anteriores de la Serie 5 estuvieron presentes en esa presentaci\u00f3n. \u2020","og_url":"https:\/\/all-car-news.com\/es\/visto-todas-las-generaciones-del-bmw-serie-5-en-fila\/","og_site_name":"All cars news","article_published_time":"2023-08-04T15:08:00+00:00","og_image":[{"url":"https:\/\/autorai.nl\/wp-content\/uploads\/2023\/08\/AutoRAI-Gespot-BMW-518-3-640x480.jpg"}],"twitter_card":"summary_large_image","twitter_misc":{"Tiempo de lectura":"3 minutos"},"schema":{"@context":"https:\/\/schema.org","@graph":[{"@type":"Article","@id":"https:\/\/all-car-news.com\/es\/visto-todas-las-generaciones-del-bmw-serie-5-en-fila\/#article","isPartOf":{"@id":"https:\/\/all-car-news.com\/es\/visto-todas-las-generaciones-del-bmw-serie-5-en-fila\/"},"author":{"name":"","@id":""},"headline":"Visto: todas las generaciones del BMW Serie 5 en fila","datePublished":"2023-08-04T15:08:00+00:00","dateModified":"2023-08-04T15:08:00+00:00","mainEntityOfPage":{"@id":"https:\/\/all-car-news.com\/es\/visto-todas-las-generaciones-del-bmw-serie-5-en-fila\/"},"wordCount":661,"publisher":{"@id":"https:\/\/all-car-news.com\/es\/#organization"},"articleSection":["Diversi\u00f3n","noticias de autos"],"inLanguage":"es"},{"@type":"WebPage","@id":"https:\/\/all-car-news.com\/es\/visto-todas-las-generaciones-del-bmw-serie-5-en-fila\/","url":"https:\/\/all-car-news.com\/es\/visto-todas-las-generaciones-del-bmw-serie-5-en-fila\/","name":"Visto: todas las generaciones del BMW Serie 5 en fila - All cars news","isPartOf":{"@id":"https:\/\/all-car-news.com\/es\/#website"},"datePublished":"2023-08-04T15:08:00+00:00","dateModified":"2023-08-04T15:08:00+00:00","breadcrumb":{"@id":"https:\/\/all-car-news.com\/es\/visto-todas-las-generaciones-del-bmw-serie-5-en-fila\/#breadcrumb"},"inLanguage":"es","potentialAction":[{"@type":"ReadAction","target":["https:\/\/all-car-news.com\/es\/visto-todas-las-generaciones-del-bmw-serie-5-en-fila\/"]}]},{"@type":"BreadcrumbList","@id":"https:\/\/all-car-news.com\/es\/visto-todas-las-generaciones-del-bmw-serie-5-en-fila\/#breadcrumb","itemListElement":[{"@type":"ListItem","position":1,"name":"Home","item":"https:\/\/all-car-news.com\/es\/"},{"@type":"ListItem","position":2,"name":"Visto: todas las generaciones del BMW Serie 5 en fila"}]},{"@type":"WebSite","@id":"https:\/\/all-car-news.com\/es\/#website","url":"https:\/\/all-car-news.com\/es\/","name":"All cars news","description":"","publisher":{"@id":"https:\/\/all-car-news.com\/es\/#organization"},"potentialAction":[{"@type":"SearchAction","target":{"@type":"EntryPoint","urlTemplate":"https:\/\/all-car-news.com\/es\/?s={search_term_string}"},"query-input":"required name=search_term_string"}],"inLanguage":"es"},{"@type":"Organization","@id":"https:\/\/all-car-news.com\/es\/#organization","name":"All cars news","url":"https:\/\/all-car-news.com\/es\/","logo":{"@type":"ImageObject","inLanguage":"es","@id":"https:\/\/all-car-news.com\/es\/#\/schema\/logo\/image\/","url":"https:\/\/all-car-news.com\/wp-content\/uploads\/2022\/02\/CMYK-AllCarNews_LANDSCAPE_300px-1.png","contentUrl":"https:\/\/all-car-news.com\/wp-content\/uploads\/2022\/02\/CMYK-AllCarNews_LANDSCAPE_300px-1.png","width":300,"height":100,"caption":"All cars news"},"image":{"@id":"https:\/\/all-car-news.com\/es\/#\/schema\/logo\/image\/"}}]}},"_links":{"self":[{"href":"https:\/\/all-car-news.com\/es\/wp-json\/wp\/v2\/posts\/137754","targetHints":{"allow":["GET"]}}],"collection":[{"href":"https:\/\/all-car-news.com\/es\/wp-json\/wp\/v2\/posts"}],"about":[{"href":"https:\/\/all-car-news.com\/es\/wp-json\/wp\/v2\/types\/post"}],"replies":[{"embeddable":true,"href":"https:\/\/all-car-news.com\/es\/wp-json\/wp\/v2\/comments?post=137754"}],"version-history":[{"count":0,"href":"https:\/\/all-car-news.com\/es\/wp-json\/wp\/v2\/posts\/137754\/revisions"}],"wp:featuredmedia":[{"embeddable":true,"href":"https:\/\/all-car-news.com\/es\/wp-json\/wp\/v2\/media\/137751"}],"wp:attachment":[{"href":"https:\/\/all-car-news.com\/es\/wp-json\/wp\/v2\/media?parent=137754"}],"wp:term":[{"taxonomy":"category","embeddable":true,"href":"https:\/\/all-car-news.com\/es\/wp-json\/wp\/v2\/categories?post=137754"},{"taxonomy":"post_tag","embeddable":true,"href":"https:\/\/all-car-news.com\/es\/wp-json\/wp\/v2\/tags?post=137754"}],"curies":[{"name":"wp","href":"https:\/\/api.w.org\/{rel}","templated":true}]}}