{"id":137717,"date":"2023-08-03T10:43:47","date_gmt":"2023-08-03T10:43:47","guid":{"rendered":"https:\/\/all-car-news.com\/la-inteligencia-artificial-ia-vendera-coches-a-partir-de-2025\/"},"modified":"2023-08-03T10:43:47","modified_gmt":"2023-08-03T10:43:47","slug":"la-inteligencia-artificial-ia-vendera-coches-a-partir-de-2025","status":"publish","type":"post","link":"https:\/\/all-car-news.com\/es\/la-inteligencia-artificial-ia-vendera-coches-a-partir-de-2025\/","title":{"rendered":"\u00abLa inteligencia artificial (IA) vender\u00e1 coches a partir de 2025\u00bb"},"content":{"rendered":"<h2>V\u00eddeo AI<\/h2>\n<p>Phyron afirma haber dado un gran salto con el software basado en IA, a\u00f1adiendo una voz en off totalmente automatizada a un v\u00eddeo con IA, por ejemplo para promocionar un coche de segunda mano. La funci\u00f3n de voz en off est\u00e1 disponible inicialmente en m\u00e1s de 22 idiomas, con opciones para cuatro voces masculinas y cuatro femeninas en cada idioma. Se pueden ajustar todas las caracter\u00edsticas de la locuci\u00f3n, como el tono, la velocidad, el ecualizador de voz y la amplificaci\u00f3n musical.<\/p>\n<h2>Podr\u00eda ser en 2025<\/h2>\n<p>\u00abEs s\u00f3lo cuesti\u00f3n de tiempo que la tecnolog\u00eda alcance un nivel en el que pueda equipararse a la forma en que un vendedor humano vende coches fuera de Internet. Creemos que esto podr\u00eda ocurrir ya en 2025 si nos basamos en la velocidad actual de desarrollo y adopci\u00f3n de la IA\u00bb, afirma Sundstrand.<\/p>\n<h2>Totalmente personalizado<\/h2>\n<p>Los concesionarios que quieran vender m\u00e1s veh\u00edculos m\u00e1s r\u00e1pido pueden aprovechar el poder de la IA. Todas las variables de la fuente de datos pueden utilizarse para crear una voz en off atractiva para el v\u00eddeo, incluidas la introducci\u00f3n, las oberturas, el \u00abpor qu\u00e9 nosotros\u00bb y las secciones cruciales de llamada a la acci\u00f3n. La IA generativa que utiliza el modelo de lenguaje de gran tama\u00f1o propiedad de Phyron (similar al software GPT-4) se ha entrenado y perfeccionado especialmente para la venta minorista de autom\u00f3viles.<\/p>\n<h2>As\u00ed funciona<\/h2>\n<p>La IA puede producir la locuci\u00f3n bas\u00e1ndose en anuncios de coches existentes, el mercado y datos t\u00e9cnicos. Funciona con cualquier entrada, de 5 a 5000 palabras, y puede escribir el manuscrito a partir de la copia del OEM, la p\u00e1gina web del concesionario o plantillas predefinidas.<\/p>\n<h2>10 minutos<\/h2>\n<p>El sistema puede procesar un n\u00famero ilimitado de v\u00eddeos simult\u00e1neamente, y tarda unos 10 minutos en mostrarlos todos, en directo en una sola tienda o en un sitio de subastas clasificadas en l\u00ednea. Si cambia alg\u00fan detalle, como el precio o la promoci\u00f3n, la fuente de datos se actualiza y el v\u00eddeo se vuelve a mostrar autom\u00e1ticamente. \u00bfY qu\u00e9 aspecto tiene un v\u00eddeo de IA de este tipo? He aqu\u00ed un ejemplo.<\/p>\n<h2>V\u00eddeo de IA de un BMW X5<\/h2>\n<\/p>\n<figure class=\"wp-block-embed is-type-video is-provider-youtube wp-block-embed-youtube wp-embed-aspect-16-9 wp-has-aspect-ratio\">\n<div class=\"wp-block-embed__wrapper\">\n<\/div>\n<\/figure>\n","protected":false},"excerpt":{"rendered":"V\u00eddeo con IA Phyron afirma haber dado un paso de gigante con el software basado en IA, a\u00f1adiendo una voz&hellip;","protected":false},"author":0,"featured_media":137712,"comment_status":"","ping_status":"open","sticky":false,"template":"","format":"standard","meta":{"footnotes":""},"categories":[129,126],"tags":[],"class_list":["post-137717","post","type-post","status-publish","format-standard","has-post-thumbnail","hentry","category-fondo","category-noticias-de-autos"],"acf":[],"yoast_head":"<!-- This site is optimized with the Yoast SEO plugin v21.2 - https:\/\/yoast.com\/wordpress\/plugins\/seo\/ -->\n<title>&quot;La inteligencia artificial (IA) vender\u00e1 coches a partir de 2025&quot; - All cars news<\/title>\n<meta name=\"robots\" content=\"index, follow, max-snippet:-1, max-image-preview:large, max-video-preview:-1\" \/>\n<link rel=\"canonical\" href=\"https:\/\/all-car-news.com\/es\/la-inteligencia-artificial-ia-vendera-coches-a-partir-de-2025\/\" \/>\n<meta property=\"og:locale\" content=\"es_ES\" \/>\n<meta property=\"og:type\" content=\"article\" \/>\n<meta property=\"og:title\" content=\"&quot;La inteligencia artificial (IA) vender\u00e1 coches a partir de 2025&quot; - All cars news\" \/>\n<meta property=\"og:description\" content=\"V\u00eddeo con IA Phyron afirma haber dado un paso de gigante con el software basado en IA, a\u00f1adiendo una voz en off totalmente automatizada a un v\u00eddeo con IA, por ejemplo para promocionar un coche de segunda mano. La funci\u00f3n de voz en off est\u00e1 disponible inicialmente en m\u00e1s de 22 idiomas, con opciones para cuatro voces masculinas y cuatro femeninas en cada idioma. Todos los [...]\" \/>\n<meta property=\"og:url\" content=\"https:\/\/all-car-news.com\/es\/la-inteligencia-artificial-ia-vendera-coches-a-partir-de-2025\/\" \/>\n<meta property=\"og:site_name\" content=\"All cars news\" \/>\n<meta property=\"article:published_time\" content=\"2023-08-03T10:43:47+00:00\" \/>\n<meta name=\"twitter:card\" content=\"summary_large_image\" \/>\n<meta name=\"twitter:label1\" content=\"Tiempo de lectura\" \/>\n\t<meta name=\"twitter:data1\" content=\"2 minutos\" \/>\n<script type=\"application\/ld+json\" class=\"yoast-schema-graph\">{\"@context\":\"https:\/\/schema.org\",\"@graph\":[{\"@type\":\"Article\",\"@id\":\"https:\/\/all-car-news.com\/es\/la-inteligencia-artificial-ia-vendera-coches-a-partir-de-2025\/#article\",\"isPartOf\":{\"@id\":\"https:\/\/all-car-news.com\/es\/la-inteligencia-artificial-ia-vendera-coches-a-partir-de-2025\/\"},\"author\":{\"name\":\"\",\"@id\":\"\"},\"headline\":\"\u00abLa inteligencia artificial (IA) vender\u00e1 coches a partir de 2025\u00bb\",\"datePublished\":\"2023-08-03T10:43:47+00:00\",\"dateModified\":\"2023-08-03T10:43:47+00:00\",\"mainEntityOfPage\":{\"@id\":\"https:\/\/all-car-news.com\/es\/la-inteligencia-artificial-ia-vendera-coches-a-partir-de-2025\/\"},\"wordCount\":396,\"publisher\":{\"@id\":\"https:\/\/all-car-news.com\/es\/#organization\"},\"articleSection\":[\"Fondo\",\"noticias de autos\"],\"inLanguage\":\"es\"},{\"@type\":\"WebPage\",\"@id\":\"https:\/\/all-car-news.com\/es\/la-inteligencia-artificial-ia-vendera-coches-a-partir-de-2025\/\",\"url\":\"https:\/\/all-car-news.com\/es\/la-inteligencia-artificial-ia-vendera-coches-a-partir-de-2025\/\",\"name\":\"\\\"La inteligencia artificial (IA) vender\u00e1 coches a partir de 2025\\\" - All cars news\",\"isPartOf\":{\"@id\":\"https:\/\/all-car-news.com\/es\/#website\"},\"datePublished\":\"2023-08-03T10:43:47+00:00\",\"dateModified\":\"2023-08-03T10:43:47+00:00\",\"breadcrumb\":{\"@id\":\"https:\/\/all-car-news.com\/es\/la-inteligencia-artificial-ia-vendera-coches-a-partir-de-2025\/#breadcrumb\"},\"inLanguage\":\"es\",\"potentialAction\":[{\"@type\":\"ReadAction\",\"target\":[\"https:\/\/all-car-news.com\/es\/la-inteligencia-artificial-ia-vendera-coches-a-partir-de-2025\/\"]}]},{\"@type\":\"BreadcrumbList\",\"@id\":\"https:\/\/all-car-news.com\/es\/la-inteligencia-artificial-ia-vendera-coches-a-partir-de-2025\/#breadcrumb\",\"itemListElement\":[{\"@type\":\"ListItem\",\"position\":1,\"name\":\"Home\",\"item\":\"https:\/\/all-car-news.com\/es\/\"},{\"@type\":\"ListItem\",\"position\":2,\"name\":\"\u00abLa inteligencia artificial (IA) vender\u00e1 coches a partir de 2025\u00bb\"}]},{\"@type\":\"WebSite\",\"@id\":\"https:\/\/all-car-news.com\/es\/#website\",\"url\":\"https:\/\/all-car-news.com\/es\/\",\"name\":\"All cars news\",\"description\":\"\",\"publisher\":{\"@id\":\"https:\/\/all-car-news.com\/es\/#organization\"},\"potentialAction\":[{\"@type\":\"SearchAction\",\"target\":{\"@type\":\"EntryPoint\",\"urlTemplate\":\"https:\/\/all-car-news.com\/es\/?s={search_term_string}\"},\"query-input\":\"required name=search_term_string\"}],\"inLanguage\":\"es\"},{\"@type\":\"Organization\",\"@id\":\"https:\/\/all-car-news.com\/es\/#organization\",\"name\":\"All cars news\",\"url\":\"https:\/\/all-car-news.com\/es\/\",\"logo\":{\"@type\":\"ImageObject\",\"inLanguage\":\"es\",\"@id\":\"https:\/\/all-car-news.com\/es\/#\/schema\/logo\/image\/\",\"url\":\"https:\/\/all-car-news.com\/wp-content\/uploads\/2022\/02\/CMYK-AllCarNews_LANDSCAPE_300px-1.png\",\"contentUrl\":\"https:\/\/all-car-news.com\/wp-content\/uploads\/2022\/02\/CMYK-AllCarNews_LANDSCAPE_300px-1.png\",\"width\":300,\"height\":100,\"caption\":\"All cars news\"},\"image\":{\"@id\":\"https:\/\/all-car-news.com\/es\/#\/schema\/logo\/image\/\"}}]}<\/script>\n<!-- \/ Yoast SEO plugin. -->","yoast_head_json":{"title":"\"La inteligencia artificial (IA) vender\u00e1 coches a partir de 2025\" - All cars news","robots":{"index":"index","follow":"follow","max-snippet":"max-snippet:-1","max-image-preview":"max-image-preview:large","max-video-preview":"max-video-preview:-1"},"canonical":"https:\/\/all-car-news.com\/es\/la-inteligencia-artificial-ia-vendera-coches-a-partir-de-2025\/","og_locale":"es_ES","og_type":"article","og_title":"\"La inteligencia artificial (IA) vender\u00e1 coches a partir de 2025\" - All cars news","og_description":"V\u00eddeo con IA Phyron afirma haber dado un paso de gigante con el software basado en IA, a\u00f1adiendo una voz en off totalmente automatizada a un v\u00eddeo con IA, por ejemplo para promocionar un coche de segunda mano. La funci\u00f3n de voz en off est\u00e1 disponible inicialmente en m\u00e1s de 22 idiomas, con opciones para cuatro voces masculinas y cuatro femeninas en cada idioma. Todos los [...]","og_url":"https:\/\/all-car-news.com\/es\/la-inteligencia-artificial-ia-vendera-coches-a-partir-de-2025\/","og_site_name":"All cars news","article_published_time":"2023-08-03T10:43:47+00:00","twitter_card":"summary_large_image","twitter_misc":{"Tiempo de lectura":"2 minutos"},"schema":{"@context":"https:\/\/schema.org","@graph":[{"@type":"Article","@id":"https:\/\/all-car-news.com\/es\/la-inteligencia-artificial-ia-vendera-coches-a-partir-de-2025\/#article","isPartOf":{"@id":"https:\/\/all-car-news.com\/es\/la-inteligencia-artificial-ia-vendera-coches-a-partir-de-2025\/"},"author":{"name":"","@id":""},"headline":"\u00abLa inteligencia artificial (IA) vender\u00e1 coches a partir de 2025\u00bb","datePublished":"2023-08-03T10:43:47+00:00","dateModified":"2023-08-03T10:43:47+00:00","mainEntityOfPage":{"@id":"https:\/\/all-car-news.com\/es\/la-inteligencia-artificial-ia-vendera-coches-a-partir-de-2025\/"},"wordCount":396,"publisher":{"@id":"https:\/\/all-car-news.com\/es\/#organization"},"articleSection":["Fondo","noticias de autos"],"inLanguage":"es"},{"@type":"WebPage","@id":"https:\/\/all-car-news.com\/es\/la-inteligencia-artificial-ia-vendera-coches-a-partir-de-2025\/","url":"https:\/\/all-car-news.com\/es\/la-inteligencia-artificial-ia-vendera-coches-a-partir-de-2025\/","name":"\"La inteligencia artificial (IA) vender\u00e1 coches a partir de 2025\" - All cars news","isPartOf":{"@id":"https:\/\/all-car-news.com\/es\/#website"},"datePublished":"2023-08-03T10:43:47+00:00","dateModified":"2023-08-03T10:43:47+00:00","breadcrumb":{"@id":"https:\/\/all-car-news.com\/es\/la-inteligencia-artificial-ia-vendera-coches-a-partir-de-2025\/#breadcrumb"},"inLanguage":"es","potentialAction":[{"@type":"ReadAction","target":["https:\/\/all-car-news.com\/es\/la-inteligencia-artificial-ia-vendera-coches-a-partir-de-2025\/"]}]},{"@type":"BreadcrumbList","@id":"https:\/\/all-car-news.com\/es\/la-inteligencia-artificial-ia-vendera-coches-a-partir-de-2025\/#breadcrumb","itemListElement":[{"@type":"ListItem","position":1,"name":"Home","item":"https:\/\/all-car-news.com\/es\/"},{"@type":"ListItem","position":2,"name":"\u00abLa inteligencia artificial (IA) vender\u00e1 coches a partir de 2025\u00bb"}]},{"@type":"WebSite","@id":"https:\/\/all-car-news.com\/es\/#website","url":"https:\/\/all-car-news.com\/es\/","name":"All cars news","description":"","publisher":{"@id":"https:\/\/all-car-news.com\/es\/#organization"},"potentialAction":[{"@type":"SearchAction","target":{"@type":"EntryPoint","urlTemplate":"https:\/\/all-car-news.com\/es\/?s={search_term_string}"},"query-input":"required name=search_term_string"}],"inLanguage":"es"},{"@type":"Organization","@id":"https:\/\/all-car-news.com\/es\/#organization","name":"All cars news","url":"https:\/\/all-car-news.com\/es\/","logo":{"@type":"ImageObject","inLanguage":"es","@id":"https:\/\/all-car-news.com\/es\/#\/schema\/logo\/image\/","url":"https:\/\/all-car-news.com\/wp-content\/uploads\/2022\/02\/CMYK-AllCarNews_LANDSCAPE_300px-1.png","contentUrl":"https:\/\/all-car-news.com\/wp-content\/uploads\/2022\/02\/CMYK-AllCarNews_LANDSCAPE_300px-1.png","width":300,"height":100,"caption":"All cars news"},"image":{"@id":"https:\/\/all-car-news.com\/es\/#\/schema\/logo\/image\/"}}]}},"_links":{"self":[{"href":"https:\/\/all-car-news.com\/es\/wp-json\/wp\/v2\/posts\/137717","targetHints":{"allow":["GET"]}}],"collection":[{"href":"https:\/\/all-car-news.com\/es\/wp-json\/wp\/v2\/posts"}],"about":[{"href":"https:\/\/all-car-news.com\/es\/wp-json\/wp\/v2\/types\/post"}],"replies":[{"embeddable":true,"href":"https:\/\/all-car-news.com\/es\/wp-json\/wp\/v2\/comments?post=137717"}],"version-history":[{"count":0,"href":"https:\/\/all-car-news.com\/es\/wp-json\/wp\/v2\/posts\/137717\/revisions"}],"wp:featuredmedia":[{"embeddable":true,"href":"https:\/\/all-car-news.com\/es\/wp-json\/wp\/v2\/media\/137712"}],"wp:attachment":[{"href":"https:\/\/all-car-news.com\/es\/wp-json\/wp\/v2\/media?parent=137717"}],"wp:term":[{"taxonomy":"category","embeddable":true,"href":"https:\/\/all-car-news.com\/es\/wp-json\/wp\/v2\/categories?post=137717"},{"taxonomy":"post_tag","embeddable":true,"href":"https:\/\/all-car-news.com\/es\/wp-json\/wp\/v2\/tags?post=137717"}],"curies":[{"name":"wp","href":"https:\/\/api.w.org\/{rel}","templated":true}]}}