{"id":137661,"date":"2023-08-01T10:11:01","date_gmt":"2023-08-01T10:11:01","guid":{"rendered":"https:\/\/all-car-news.com\/en-imagenes-los-renovados-skoda-scala-y-kamiq\/"},"modified":"2023-08-01T10:11:01","modified_gmt":"2023-08-01T10:11:01","slug":"en-imagenes-los-renovados-skoda-scala-y-kamiq","status":"publish","type":"post","link":"https:\/\/all-car-news.com\/es\/en-imagenes-los-renovados-skoda-scala-y-kamiq\/","title":{"rendered":"En im\u00e1genes: los renovados \u0160koda Scala y Kamiq"},"content":{"rendered":"<h2>Scala y Kamiq<\/h2>\n<p>El Scala se present\u00f3 por primera vez en 2019. A pesar de sus dimensiones compactas, ofrece mucho espacio y comodidad. Ya se han vendido m\u00e1s de 230.000 Scalas en todo el mundo. Poco despu\u00e9s de la introducci\u00f3n del Scala lleg\u00f3 el Kamiq. Reconocer\u00e1s este SUV compacto por las caracter\u00edsticas t\u00edpicas de los SUV, como una entrada y salida elevadas, una posici\u00f3n elevada de los asientos y una buena visibilidad en carretera. El Kamiq ya ha vendido 351.000 unidades en todo el mundo.<\/p>\n<figure class=\"wp-block-image size-content\"><img decoding=\"async\" loading=\"lazy\" width=\"1140\" height=\"760\" src=\"https:\/\/autorai.nl\/wp-content\/uploads\/2023\/08\/skodakamiq3-1140x760.jpg\" alt=\"\" class=\"wp-image-163577\"><\/figure>\n<h2>\u00bfQu\u00e9 hay de nuevo?<\/h2>\n<p>El Scala actualizado tiene ahora un aspecto m\u00e1s din\u00e1mico, gracias a una nueva parrilla, faros y parachoques delantero y trasero. Tambi\u00e9n existen las llamadas cortinas de aire. Todas estas modificaciones est\u00e1n inspiradas en el dise\u00f1o del prototipo \u0160koda Vision RS.<\/p>\n<figure class=\"wp-block-image size-content\"><img decoding=\"async\" loading=\"lazy\" width=\"1140\" height=\"760\" src=\"https:\/\/autorai.nl\/wp-content\/uploads\/2023\/08\/skodascala1-2-1140x760.jpg\" alt=\"\" class=\"wp-image-163581\"><\/figure>\n<p>En cambio, el Kamiq actualizado parece un poco m\u00e1s duro, con una parrilla m\u00e1s vertical y difusores integrados en los parachoques. Los faros tambi\u00e9n han cambiado: el elemento luminoso superior se ha hecho m\u00e1s plano, mientras que las unidades inferiores se han agrandado.<\/p>\n<p>Ambos modelos, el Scala y el Kamiq, est\u00e1n disponibles con faros Matrix LED, que incorporan m\u00f3dulos Matrix hexagonales. Seg\u00fan la marca, los m\u00f3dulos LED tienen un aspecto cristalino que recuerda al de los cubitos de hielo o las piedras preciosas.<\/p>\n<figure class=\"wp-block-image size-content\"><img decoding=\"async\" loading=\"lazy\" width=\"1140\" height=\"760\" src=\"https:\/\/autorai.nl\/wp-content\/uploads\/2023\/08\/skodakamiq1-1140x760.jpg\" alt=\"\" class=\"wp-image-163580\"><\/figure>\n<h2><strong>Sostenibilidad<\/strong><\/h2>\n<p>En ambos modelos se han utilizado materiales m\u00e1s duraderos. Por ejemplo, el dep\u00f3sito de agua situado bajo el parabrisas, los embellecedores de los pasos de rueda, diversos materiales de la tapicer\u00eda interior, los revestimientos del suelo y las alfombrillas est\u00e1n fabricados con pl\u00e1sticos reciclados. Fibras de materiales naturales como el c\u00e1\u00f1amo y el kenaf se utilizan en varios paneles embellecedores y en la estructura del techo interior.&nbsp;<\/p>\n<figure class=\"wp-block-image size-content\"><img decoding=\"async\" loading=\"lazy\" width=\"1140\" height=\"760\" src=\"https:\/\/autorai.nl\/wp-content\/uploads\/2023\/08\/skodakamiq2-1140x760.jpg\" alt=\"\" class=\"wp-image-163583\"><\/figure>\n<p>El Scala est\u00e1 disponible opcionalmente con una suspensi\u00f3n \u00abtodoterreno\u00bb con 15 mm m\u00e1s de altura libre al suelo. El control de chasis deportivo est\u00e1 disponible tanto para el Scala como para el Kamiq. Permite elegir entre dos ajustes del amortiguador. Esto rebaja 15 mm el chasis del Scala y 10 mm el del Kamiq.&nbsp;&nbsp;<\/p>\n<figure class=\"wp-block-image size-content\"><img decoding=\"async\" loading=\"lazy\" width=\"1140\" height=\"760\" src=\"https:\/\/autorai.nl\/wp-content\/uploads\/2023\/08\/skodascala3-2-1140x760.jpg\" alt=\"\" class=\"wp-image-163582\"><\/figure>\n<h2>Interior<\/h2>\n<p>En el interior, descubrimos pocas cosas nuevas. Adem\u00e1s, el climatizador ha ganado dos botones f\u00edsicos adicionales, para la velocidad de ventilaci\u00f3n. Los nuevos Scala y Kamiq incorporan de serie un cuadro de instrumentos digital de 8 pulgadas y una pantalla central de infoentretenimiento de 8,25 pulgadas. Los modelos Monte Carlo incorporan detalles en negro y cuero de carbono hecho a mano en el interior, en referencia a los \u00e9xitos de \u0160koda en el Rally Monte Carlo.<\/p>\n<figure class=\"wp-block-embed is-type-video is-provider-youtube wp-block-embed-youtube wp-embed-aspect-16-9 wp-has-aspect-ratio\">\n<div class=\"wp-block-embed__wrapper\">\n<\/div>\n<\/figure>\n","protected":false},"excerpt":{"rendered":"Scala y Kamiq El Scala se present\u00f3 por primera vez en 2019. A pesar de sus dimensiones compactas, ofrece mucho&hellip;","protected":false},"author":0,"featured_media":137648,"comment_status":"","ping_status":"open","sticky":false,"template":"","format":"standard","meta":{"footnotes":""},"categories":[126],"tags":[],"class_list":["post-137661","post","type-post","status-publish","format-standard","has-post-thumbnail","hentry","category-noticias-de-autos"],"acf":[],"yoast_head":"<!-- This site is optimized with the Yoast SEO plugin v21.2 - https:\/\/yoast.com\/wordpress\/plugins\/seo\/ -->\n<title>En im\u00e1genes: los renovados \u0160koda Scala y Kamiq - All cars news<\/title>\n<meta name=\"robots\" content=\"index, follow, max-snippet:-1, max-image-preview:large, max-video-preview:-1\" \/>\n<link rel=\"canonical\" href=\"https:\/\/all-car-news.com\/es\/en-imagenes-los-renovados-skoda-scala-y-kamiq\/\" \/>\n<meta property=\"og:locale\" content=\"es_ES\" \/>\n<meta property=\"og:type\" content=\"article\" \/>\n<meta property=\"og:title\" content=\"En im\u00e1genes: los renovados \u0160koda Scala y Kamiq - All cars news\" \/>\n<meta property=\"og:description\" content=\"Scala y Kamiq El Scala se present\u00f3 por primera vez en 2019. A pesar de sus dimensiones compactas, ofrece mucho espacio y comodidad. Ya se han vendido m\u00e1s de 230.000 Scalas en todo el mundo. Poco despu\u00e9s de la introducci\u00f3n del Scala lleg\u00f3 el Kamiq. Este SUV compacto se reconoce por las caracter\u00edsticas t\u00edpicas de los SUV, como una entrada y salida elevadas, un [...]\" \/>\n<meta property=\"og:url\" content=\"https:\/\/all-car-news.com\/es\/en-imagenes-los-renovados-skoda-scala-y-kamiq\/\" \/>\n<meta property=\"og:site_name\" content=\"All cars news\" \/>\n<meta property=\"article:published_time\" content=\"2023-08-01T10:11:01+00:00\" \/>\n<meta property=\"og:image\" content=\"https:\/\/autorai.nl\/wp-content\/uploads\/2023\/08\/skodakamiq3-1140x760.jpg\" \/>\n<meta name=\"twitter:card\" content=\"summary_large_image\" \/>\n<meta name=\"twitter:label1\" content=\"Tiempo de lectura\" \/>\n\t<meta name=\"twitter:data1\" content=\"2 minutos\" \/>\n<script type=\"application\/ld+json\" class=\"yoast-schema-graph\">{\"@context\":\"https:\/\/schema.org\",\"@graph\":[{\"@type\":\"Article\",\"@id\":\"https:\/\/all-car-news.com\/es\/en-imagenes-los-renovados-skoda-scala-y-kamiq\/#article\",\"isPartOf\":{\"@id\":\"https:\/\/all-car-news.com\/es\/en-imagenes-los-renovados-skoda-scala-y-kamiq\/\"},\"author\":{\"name\":\"\",\"@id\":\"\"},\"headline\":\"En im\u00e1genes: los renovados \u0160koda Scala y Kamiq\",\"datePublished\":\"2023-08-01T10:11:01+00:00\",\"dateModified\":\"2023-08-01T10:11:01+00:00\",\"mainEntityOfPage\":{\"@id\":\"https:\/\/all-car-news.com\/es\/en-imagenes-los-renovados-skoda-scala-y-kamiq\/\"},\"wordCount\":446,\"publisher\":{\"@id\":\"https:\/\/all-car-news.com\/es\/#organization\"},\"articleSection\":[\"noticias de autos\"],\"inLanguage\":\"es\"},{\"@type\":\"WebPage\",\"@id\":\"https:\/\/all-car-news.com\/es\/en-imagenes-los-renovados-skoda-scala-y-kamiq\/\",\"url\":\"https:\/\/all-car-news.com\/es\/en-imagenes-los-renovados-skoda-scala-y-kamiq\/\",\"name\":\"En im\u00e1genes: los renovados \u0160koda Scala y Kamiq - All cars news\",\"isPartOf\":{\"@id\":\"https:\/\/all-car-news.com\/es\/#website\"},\"datePublished\":\"2023-08-01T10:11:01+00:00\",\"dateModified\":\"2023-08-01T10:11:01+00:00\",\"breadcrumb\":{\"@id\":\"https:\/\/all-car-news.com\/es\/en-imagenes-los-renovados-skoda-scala-y-kamiq\/#breadcrumb\"},\"inLanguage\":\"es\",\"potentialAction\":[{\"@type\":\"ReadAction\",\"target\":[\"https:\/\/all-car-news.com\/es\/en-imagenes-los-renovados-skoda-scala-y-kamiq\/\"]}]},{\"@type\":\"BreadcrumbList\",\"@id\":\"https:\/\/all-car-news.com\/es\/en-imagenes-los-renovados-skoda-scala-y-kamiq\/#breadcrumb\",\"itemListElement\":[{\"@type\":\"ListItem\",\"position\":1,\"name\":\"Home\",\"item\":\"https:\/\/all-car-news.com\/es\/\"},{\"@type\":\"ListItem\",\"position\":2,\"name\":\"En im\u00e1genes: los renovados \u0160koda Scala y Kamiq\"}]},{\"@type\":\"WebSite\",\"@id\":\"https:\/\/all-car-news.com\/es\/#website\",\"url\":\"https:\/\/all-car-news.com\/es\/\",\"name\":\"All cars news\",\"description\":\"\",\"publisher\":{\"@id\":\"https:\/\/all-car-news.com\/es\/#organization\"},\"potentialAction\":[{\"@type\":\"SearchAction\",\"target\":{\"@type\":\"EntryPoint\",\"urlTemplate\":\"https:\/\/all-car-news.com\/es\/?s={search_term_string}\"},\"query-input\":\"required name=search_term_string\"}],\"inLanguage\":\"es\"},{\"@type\":\"Organization\",\"@id\":\"https:\/\/all-car-news.com\/es\/#organization\",\"name\":\"All cars news\",\"url\":\"https:\/\/all-car-news.com\/es\/\",\"logo\":{\"@type\":\"ImageObject\",\"inLanguage\":\"es\",\"@id\":\"https:\/\/all-car-news.com\/es\/#\/schema\/logo\/image\/\",\"url\":\"https:\/\/all-car-news.com\/wp-content\/uploads\/2022\/02\/CMYK-AllCarNews_LANDSCAPE_300px-1.png\",\"contentUrl\":\"https:\/\/all-car-news.com\/wp-content\/uploads\/2022\/02\/CMYK-AllCarNews_LANDSCAPE_300px-1.png\",\"width\":300,\"height\":100,\"caption\":\"All cars news\"},\"image\":{\"@id\":\"https:\/\/all-car-news.com\/es\/#\/schema\/logo\/image\/\"}}]}<\/script>\n<!-- \/ Yoast SEO plugin. -->","yoast_head_json":{"title":"En im\u00e1genes: los renovados \u0160koda Scala y Kamiq - All cars news","robots":{"index":"index","follow":"follow","max-snippet":"max-snippet:-1","max-image-preview":"max-image-preview:large","max-video-preview":"max-video-preview:-1"},"canonical":"https:\/\/all-car-news.com\/es\/en-imagenes-los-renovados-skoda-scala-y-kamiq\/","og_locale":"es_ES","og_type":"article","og_title":"En im\u00e1genes: los renovados \u0160koda Scala y Kamiq - All cars news","og_description":"Scala y Kamiq El Scala se present\u00f3 por primera vez en 2019. A pesar de sus dimensiones compactas, ofrece mucho espacio y comodidad. Ya se han vendido m\u00e1s de 230.000 Scalas en todo el mundo. Poco despu\u00e9s de la introducci\u00f3n del Scala lleg\u00f3 el Kamiq. Este SUV compacto se reconoce por las caracter\u00edsticas t\u00edpicas de los SUV, como una entrada y salida elevadas, un [...]","og_url":"https:\/\/all-car-news.com\/es\/en-imagenes-los-renovados-skoda-scala-y-kamiq\/","og_site_name":"All cars news","article_published_time":"2023-08-01T10:11:01+00:00","og_image":[{"url":"https:\/\/autorai.nl\/wp-content\/uploads\/2023\/08\/skodakamiq3-1140x760.jpg"}],"twitter_card":"summary_large_image","twitter_misc":{"Tiempo de lectura":"2 minutos"},"schema":{"@context":"https:\/\/schema.org","@graph":[{"@type":"Article","@id":"https:\/\/all-car-news.com\/es\/en-imagenes-los-renovados-skoda-scala-y-kamiq\/#article","isPartOf":{"@id":"https:\/\/all-car-news.com\/es\/en-imagenes-los-renovados-skoda-scala-y-kamiq\/"},"author":{"name":"","@id":""},"headline":"En im\u00e1genes: los renovados \u0160koda Scala y Kamiq","datePublished":"2023-08-01T10:11:01+00:00","dateModified":"2023-08-01T10:11:01+00:00","mainEntityOfPage":{"@id":"https:\/\/all-car-news.com\/es\/en-imagenes-los-renovados-skoda-scala-y-kamiq\/"},"wordCount":446,"publisher":{"@id":"https:\/\/all-car-news.com\/es\/#organization"},"articleSection":["noticias de autos"],"inLanguage":"es"},{"@type":"WebPage","@id":"https:\/\/all-car-news.com\/es\/en-imagenes-los-renovados-skoda-scala-y-kamiq\/","url":"https:\/\/all-car-news.com\/es\/en-imagenes-los-renovados-skoda-scala-y-kamiq\/","name":"En im\u00e1genes: los renovados \u0160koda Scala y Kamiq - All cars news","isPartOf":{"@id":"https:\/\/all-car-news.com\/es\/#website"},"datePublished":"2023-08-01T10:11:01+00:00","dateModified":"2023-08-01T10:11:01+00:00","breadcrumb":{"@id":"https:\/\/all-car-news.com\/es\/en-imagenes-los-renovados-skoda-scala-y-kamiq\/#breadcrumb"},"inLanguage":"es","potentialAction":[{"@type":"ReadAction","target":["https:\/\/all-car-news.com\/es\/en-imagenes-los-renovados-skoda-scala-y-kamiq\/"]}]},{"@type":"BreadcrumbList","@id":"https:\/\/all-car-news.com\/es\/en-imagenes-los-renovados-skoda-scala-y-kamiq\/#breadcrumb","itemListElement":[{"@type":"ListItem","position":1,"name":"Home","item":"https:\/\/all-car-news.com\/es\/"},{"@type":"ListItem","position":2,"name":"En im\u00e1genes: los renovados \u0160koda Scala y Kamiq"}]},{"@type":"WebSite","@id":"https:\/\/all-car-news.com\/es\/#website","url":"https:\/\/all-car-news.com\/es\/","name":"All cars news","description":"","publisher":{"@id":"https:\/\/all-car-news.com\/es\/#organization"},"potentialAction":[{"@type":"SearchAction","target":{"@type":"EntryPoint","urlTemplate":"https:\/\/all-car-news.com\/es\/?s={search_term_string}"},"query-input":"required name=search_term_string"}],"inLanguage":"es"},{"@type":"Organization","@id":"https:\/\/all-car-news.com\/es\/#organization","name":"All cars news","url":"https:\/\/all-car-news.com\/es\/","logo":{"@type":"ImageObject","inLanguage":"es","@id":"https:\/\/all-car-news.com\/es\/#\/schema\/logo\/image\/","url":"https:\/\/all-car-news.com\/wp-content\/uploads\/2022\/02\/CMYK-AllCarNews_LANDSCAPE_300px-1.png","contentUrl":"https:\/\/all-car-news.com\/wp-content\/uploads\/2022\/02\/CMYK-AllCarNews_LANDSCAPE_300px-1.png","width":300,"height":100,"caption":"All cars news"},"image":{"@id":"https:\/\/all-car-news.com\/es\/#\/schema\/logo\/image\/"}}]}},"_links":{"self":[{"href":"https:\/\/all-car-news.com\/es\/wp-json\/wp\/v2\/posts\/137661","targetHints":{"allow":["GET"]}}],"collection":[{"href":"https:\/\/all-car-news.com\/es\/wp-json\/wp\/v2\/posts"}],"about":[{"href":"https:\/\/all-car-news.com\/es\/wp-json\/wp\/v2\/types\/post"}],"replies":[{"embeddable":true,"href":"https:\/\/all-car-news.com\/es\/wp-json\/wp\/v2\/comments?post=137661"}],"version-history":[{"count":0,"href":"https:\/\/all-car-news.com\/es\/wp-json\/wp\/v2\/posts\/137661\/revisions"}],"wp:featuredmedia":[{"embeddable":true,"href":"https:\/\/all-car-news.com\/es\/wp-json\/wp\/v2\/media\/137648"}],"wp:attachment":[{"href":"https:\/\/all-car-news.com\/es\/wp-json\/wp\/v2\/media?parent=137661"}],"wp:term":[{"taxonomy":"category","embeddable":true,"href":"https:\/\/all-car-news.com\/es\/wp-json\/wp\/v2\/categories?post=137661"},{"taxonomy":"post_tag","embeddable":true,"href":"https:\/\/all-car-news.com\/es\/wp-json\/wp\/v2\/tags?post=137661"}],"curies":[{"name":"wp","href":"https:\/\/api.w.org\/{rel}","templated":true}]}}