{"id":137458,"date":"2023-07-25T15:00:15","date_gmt":"2023-07-25T15:00:15","guid":{"rendered":"https:\/\/all-car-news.com\/supondra-el-nuevo-hyundai-kona-electrico-un-hito-en-los-paises-bajos-primera-impresion\/"},"modified":"2023-07-25T15:00:15","modified_gmt":"2023-07-25T15:00:15","slug":"supondra-el-nuevo-hyundai-kona-electrico-un-hito-en-los-paises-bajos-primera-impresion","status":"publish","type":"post","link":"https:\/\/all-car-news.com\/es\/supondra-el-nuevo-hyundai-kona-electrico-un-hito-en-los-paises-bajos-primera-impresion\/","title":{"rendered":"\u00bfSupondr\u00e1 el nuevo Hyundai Kona El\u00e9ctrico un hito en los Pa\u00edses Bajos? &#8211; Primera impresi\u00f3n"},"content":{"rendered":"<p>Primero el\u00e9ctrico: as\u00ed proceder\u00e1n en Corea a partir de ahora. Las cadenas cinem\u00e1ticas con motor de combusti\u00f3n interna pasan a un segundo plano en el nuevo Hyundai Kona. \u00bfPor qu\u00e9? Hyundai decidi\u00f3 desarrollar el nuevo Kona pensando en la variante el\u00e9ctrica. Esto significa que la plataforma se construye en torno a la cadena cinem\u00e1tica el\u00e9ctrica, mientras que el motor de combusti\u00f3n segu\u00eda siendo el principal punto de partida en el anterior Kona. \u00a1As\u00ed que el Hyundai Kona El\u00e9ctrico 2023 es realmente como el modelo fue concebido desde el principio!<\/p>\n<h2>Hyundai Kona El\u00e9ctrico (2023) &#8211; \u00bfListo para conquistar los Pa\u00edses Bajos? &#8211; PRIMERA PRENSA &#8211; AutoRAI TV<\/h2>\n<p>\u00bfPrimero mira y luego sigue leyendo? Echa un vistazo a nuestra prueba del prototipo del Kona El\u00e9ctrico.<\/p>\n<figure class=\"wp-block-embed is-type-video is-provider-youtube wp-block-embed-youtube wp-embed-aspect-16-9 wp-has-aspect-ratio\">\n<div class=\"wp-block-embed__wrapper\">\n<\/div>\n<\/figure>\n<h2>\u00bfEl crossover compacto m\u00e1s llamativo?<\/h2>\n<p>Antes, dimos una vuelta por <a href=\"https:\/\/autorai.nl\/hyundai-kona-electric-walkaround-2023-video\/\" target=\"_blank\" rel=\"noreferrer noopener\">el nuevo Kona Electric<\/a>, pero ese ejemplar ten\u00eda una composici\u00f3n bastante anodina. Qu\u00e9 diferente es con este prototipo en el chispeante color \u00abNaranja J\u00fapiter\u00bb. El nuevo Kona es sin duda uno de los crossovers compactos m\u00e1s llamativos. Todav\u00eda hay algo de camuflaje en el coche de pruebas, pero por lo dem\u00e1s oculta poco. De hecho, es m\u00e1s bien un indicio de que, despu\u00e9s de todo, se trata realmente de un prototipo, por muy \u00abacabado\u00bb que parezca el coche.<\/p>\n<div class=\"galery shuffle galery-0\">\n<figure>\n\t\t\t\t\t<span style=\"cursor: pointer\" data-src=\"https:\/\/autorai.nl\/wp-content\/uploads\/2023\/07\/Hyundai_Kona_EV_SX2_034-1600x900.jpg\" data-fancybox=\"galery-0\" title=\"\"><br \/>\n\t\t\t\t\t\t\t<img decoding=\"async\" width=\"640\" height=\"480\" src=\"https:\/\/autorai.nl\/wp-content\/uploads\/2023\/07\/Hyundai_Kona_EV_SX2_034-640x480.jpg\" class=\"attachment-medium size-medium\" alt=\"\" loading=\"lazy\"><i class=\"fa fa-search-plus\" aria-hidden=\"true\"><\/i><br \/>\n\t\t\t\t\t\t<\/span><br \/>\n\t\t\t\t\t<\/figure>\n<figure>\n\t\t\t\t\t<span style=\"cursor: pointer\" data-src=\"https:\/\/autorai.nl\/wp-content\/uploads\/2023\/07\/Hyundai_Kona_EV_SX2_007-1600x900.jpg\" data-fancybox=\"galery-0\" title=\"\"><br \/>\n\t\t\t\t\t\t\t<img decoding=\"async\" width=\"360\" height=\"270\" src=\"https:\/\/autorai.nl\/wp-content\/uploads\/2023\/07\/Hyundai_Kona_EV_SX2_007-360x270.jpg\" class=\"attachment-small size-small\" alt=\"\" loading=\"lazy\"><i class=\"fa fa-search-plus\" aria-hidden=\"true\"><\/i><br \/>\n\t\t\t\t\t\t<\/span><br \/>\n\t\t\t\t\t<\/figure>\n<figure>\n\t\t\t\t\t<span style=\"cursor: pointer\" data-src=\"https:\/\/autorai.nl\/wp-content\/uploads\/2023\/07\/Hyundai_Kona_EV_SX2_065-1600x900.jpg\" data-fancybox=\"galery-0\" title=\"\"><br \/>\n\t\t\t\t\t\t\t<img decoding=\"async\" width=\"360\" height=\"270\" src=\"https:\/\/autorai.nl\/wp-content\/uploads\/2023\/07\/Hyundai_Kona_EV_SX2_065-360x270.jpg\" class=\"attachment-small size-small\" alt=\"\" loading=\"lazy\"><i class=\"fa fa-search-plus\" aria-hidden=\"true\"><\/i><br \/>\n\t\t\t\t\t\t<\/span><br \/>\n\t\t\t\t\t<\/figure>\n<div class=\"clear\"><\/div>\n<\/div>\n<h2>M\u00e1s potente y eficaz<\/h2>\n<p>En t\u00e9rminos de potencia, el nuevo Kona El\u00e9ctrico mejora s\u00f3lo ligeramente. De hecho, el Long Range tiene 218 CV, algo m\u00e1s que los 204 CV del Kona El\u00e9ctrico m\u00e1s potente hasta ahora. Sin embargo, este motor el\u00e9ctrico se ha vuelto mucho m\u00e1s eficiente, pero hablaremos de ello dentro de un momento. De serie, el Kona El\u00e9ctrico tiene 166 CV, pero ambas versiones tienen un par m\u00e1ximo de 255 Nm. As\u00ed que notar\u00e1s la diferencia de potencia sobre todo a velocidades m\u00e1s altas o cuando pises el acelerador a fondo.<\/p>\n<p>El Long Range tiene un paquete de bater\u00edas con una capacidad de 65,4 kWh, mientras que la versi\u00f3n est\u00e1ndar tiene que conformarse con 48,4 kWh. En comparaci\u00f3n con el anterior Kona El\u00e9ctrico, esta es una buena ganancia especialmente para la versi\u00f3n est\u00e1ndar, ya que anteriormente ten\u00eda una capacidad de bater\u00eda de 39 kWh. No es de extra\u00f1ar, pues, que la autonom\u00eda mejore considerablemente en ambas versiones. Las cifras actuales son a\u00fan estimaciones, pero se espera que el Long Range recorra m\u00e1s de 500 km (hasta 514 km), mientras que la versi\u00f3n est\u00e1ndar ya supera los 350 km (377) con una sola carga de bater\u00eda. Son unos 70 km m\u00e1s que antes. Esto se debe en parte a su bajo valor cW de 0,27 y a unos motores el\u00e9ctricos m\u00e1s eficientes. Para ambas variantes, el consumo de energ\u00eda WLTP estimado se sit\u00faa entre 15 y 16 kWh cada 100 kil\u00f3metros.<\/p>\n<div class=\"galery shuffle galery-1\">\n<figure>\n\t\t\t\t\t<span style=\"cursor: pointer\" data-src=\"https:\/\/autorai.nl\/wp-content\/uploads\/2023\/07\/Hyundai_Kona_EV_SX2_057-1600x900.jpg\" data-fancybox=\"galery-1\" title=\"\"><br \/>\n\t\t\t\t\t\t\t<img decoding=\"async\" width=\"640\" height=\"480\" src=\"https:\/\/autorai.nl\/wp-content\/uploads\/2023\/07\/Hyundai_Kona_EV_SX2_057-640x480.jpg\" class=\"attachment-medium size-medium\" alt=\"\" loading=\"lazy\"><i class=\"fa fa-search-plus\" aria-hidden=\"true\"><\/i><br \/>\n\t\t\t\t\t\t<\/span><br \/>\n\t\t\t\t\t<\/figure>\n<figure>\n\t\t\t\t\t<span style=\"cursor: pointer\" data-src=\"https:\/\/autorai.nl\/wp-content\/uploads\/2023\/07\/Hyundai_Kona_EV_SX2_053-1600x900.jpg\" data-fancybox=\"galery-1\" title=\"\"><br \/>\n\t\t\t\t\t\t\t<img decoding=\"async\" width=\"360\" height=\"270\" src=\"https:\/\/autorai.nl\/wp-content\/uploads\/2023\/07\/Hyundai_Kona_EV_SX2_053-360x270.jpg\" class=\"attachment-small size-small\" alt=\"\" loading=\"lazy\"><i class=\"fa fa-search-plus\" aria-hidden=\"true\"><\/i><br \/>\n\t\t\t\t\t\t<\/span><br \/>\n\t\t\t\t\t<\/figure>\n<figure>\n\t\t\t\t\t<span style=\"cursor: pointer\" data-src=\"https:\/\/autorai.nl\/wp-content\/uploads\/2023\/07\/Hyundai_Kona_EV_SX2_056-1600x900.jpg\" data-fancybox=\"galery-1\" title=\"\"><br \/>\n\t\t\t\t\t\t\t<img decoding=\"async\" width=\"360\" height=\"270\" src=\"https:\/\/autorai.nl\/wp-content\/uploads\/2023\/07\/Hyundai_Kona_EV_SX2_056-360x270.jpg\" class=\"attachment-small size-small\" alt=\"\" loading=\"lazy\"><i class=\"fa fa-search-plus\" aria-hidden=\"true\"><\/i><br \/>\n\t\t\t\t\t\t<\/span><br \/>\n\t\t\t\t\t<\/figure>\n<div class=\"clear\"><\/div>\n<\/div>\n<h2>Conducir el Hyundai Kona 2023<\/h2>\n<p>Es hora de ponerse al volante del nuevo Hyundai Kona. En primer lugar, se nota cu\u00e1nto ha aumentado el espacio interior. La distancia entre ejes del nuevo Kona creci\u00f3 6 cent\u00edmetros y la longitud total 15 cent\u00edmetros. Se nota, tanto en el interior como en el exterior.&nbsp;Los pasajeros traseros, en particular, tienen mucho m\u00e1s espacio para las piernas y los hombros. Esto tambi\u00e9n permite a los adultos sentarse c\u00f3modamente en la parte trasera del Kona El\u00e9ctrico. El maletero tambi\u00e9n ha aumentado ligeramente de tama\u00f1o, ya que la longitud extra del Hyundai Kona -adem\u00e1s de la mayor distancia entre ejes- se encuentra principalmente detr\u00e1s del eje trasero.  <\/p>\n<figure class=\"wp-block-image size-content\"><img decoding=\"async\" loading=\"lazy\" width=\"1140\" height=\"641\" src=\"https:\/\/autorai.nl\/wp-content\/uploads\/2023\/07\/Hyundai_Kona_EV_N11_013-1140x641.jpg\" alt=\"\" class=\"wp-image-163078\"><\/figure>\n<p>Con su mayor tama\u00f1o, el nuevo Hyundai Kona se acerca un poco m\u00e1s a su hermano mayor, el Tucson. Esto lo sit\u00faa claramente entre el Bayon y el Tucson. Adem\u00e1s, se nota que el Hyundai Kona El\u00e9ctrico 2023 est\u00e1 bastante influenciado por los m\u00e1s grandes Ioniq 5 e Ioniq 6. Esto es especialmente evidente en el interior. Al igual que los dos Ioniq, el Kona tiene dos grandes pantallas panor\u00e1micas de 12,3 pulgadas en el salpicadero y el pomo de la transmisi\u00f3n est\u00e1 en la columna de direcci\u00f3n desde hace unos d\u00edas. Esto significa que se libera bastante espacio de almacenamiento entre los asientos delanteros. Tambi\u00e9n inusual: en el interior, los logotipos de Hyundai no se ven por ninguna parte.<\/p>\n<figure class=\"wp-block-image size-content\"><img decoding=\"async\" loading=\"lazy\" width=\"1140\" height=\"641\" src=\"https:\/\/autorai.nl\/wp-content\/uploads\/2023\/07\/Hyundai_Kona_EV_SX2_046-1140x641.jpg\" alt=\"\" class=\"wp-image-163068\"><\/figure>\n<p>Desafortunadamente, solo hemos podido sacar al nuevo Kona El\u00e9ctrico a la carretera durante un breve periodo de tiempo, pero el nivel de confort del prototipo llama la atenci\u00f3n de inmediato. As\u00ed, los asientos son agradablemente mullidos y ampliamente ajustables. Casi nos recuerda a la sensaci\u00f3n de sal\u00f3n que ofrece el Ioniq 5. El manejo del nuevo Kona tambi\u00e9n evoca esa asociaci\u00f3n. Todo fluye con bastante ligereza, suavidad y facilidad, pero sin ser demasiado blando. As\u00ed que, en realidad, est\u00e1 perfectamente equilibrado, con el centro de gravedad del Kona El\u00e9ctrico muy bajo gracias al paquete de bater\u00edas en el suelo. Tambi\u00e9n es bueno que el Kona El\u00e9ctrico se haya vuelto mucho m\u00e1s \u00fatil como coche de viaje. No s\u00f3lo por la autonom\u00eda extra y el mayor espacio, sino tambi\u00e9n por los menores tiempos de carga. De hecho, ahora es posible la recarga r\u00e1pida con una carga \u00fatil de 102,3 kW, cuando antes era de 50 a 80 kW. En concreto, eso significa que puedes recargar unos 120 kil\u00f3metros de autonom\u00eda en el cargador r\u00e1pido en 15 minutos.<\/p>\n<figure class=\"wp-block-image size-content\"><img decoding=\"async\" loading=\"lazy\" width=\"1140\" height=\"641\" src=\"https:\/\/autorai.nl\/wp-content\/uploads\/2023\/07\/Hyundai_Kona_EV_N11_021-1140x641.jpg\" alt=\"\" class=\"wp-image-163079\"><\/figure>\n<h2>Hyundai Kona El\u00e9ctrico 2023 precio<\/h2>\n<p>Despu\u00e9s de leer todas estas bonitas mejoras, seguro que tienes curiosidad por saber cu\u00e1nto costar\u00e1 el nuevo Kona El\u00e9ctrico. Por desgracia, a\u00fan no podemos dec\u00edrselo. S\u00ed sabemos que las variantes mild hybrid e hybrid del Kona tienen precios de partida de 29.995 y 33.995 euros, respectivamente. Por lo tanto, es obvio que el precio del Hyundai Kona El\u00e9ctrico 2023 se acercar\u00e1 a los 40 mil d\u00f3lares. Sabremos m\u00e1s este oto\u00f1o, cuando el nuevo Kona El\u00e9ctrico est\u00e9 en los concesionarios.<\/p>\n<h2>\u00bfSupondr\u00e1 el Hyundai Kona El\u00e9ctrico un hito en los Pa\u00edses Bajos?<\/h2>\n<p>El anterior Hyundai Kona El\u00e9ctrico fue un \u00e9xito bastante grande en los Pa\u00edses Bajos. \u00bfRepetir\u00e1 el nuevo Kona El\u00e9ctrico lo de este oto\u00f1o? Esa posibilidad est\u00e1 ah\u00ed, sin duda, ya que las primeras impresiones del nuevo Kona El\u00e9ctrico son positivas. El crossover el\u00e9ctrico es c\u00f3modo, espacioso y parece mucho m\u00e1s maduro que antes. La autonom\u00eda adicional y los mejores tiempos de carga tambi\u00e9n son muy bienvenidos. Por ahora, algunas cosas dependen del precio de salida. Si Hyundai consigue comercializar el Kona El\u00e9ctrico con fuerza, puede que estemos ante un nuevo ganador.<\/p>\n<figure class=\"wp-block-image size-content\"><img decoding=\"async\" loading=\"lazy\" width=\"1140\" height=\"645\" src=\"https:\/\/autorai.nl\/wp-content\/uploads\/2023\/07\/Hyundai_Kona_EV_SX2_041b-1140x645.jpg\" alt=\"\" class=\"wp-image-163076\"><\/figure>\n","protected":false},"excerpt":{"rendered":"Primero el\u00e9ctrico: as\u00ed proceder\u00e1n en Corea a partir de ahora. Las cadenas cinem\u00e1ticas con motor de combusti\u00f3n interna pasan a&hellip;","protected":false},"author":0,"featured_media":137438,"comment_status":"","ping_status":"open","sticky":false,"template":"","format":"standard","meta":{"footnotes":""},"categories":[158,145],"tags":[],"class_list":["post-137458","post","type-post","status-publish","format-standard","has-post-thumbnail","hentry","category-electrico","category-pruebas-de-autos"],"acf":[],"yoast_head":"<!-- This site is optimized with the Yoast SEO plugin v21.2 - https:\/\/yoast.com\/wordpress\/plugins\/seo\/ -->\n<title>\u00bfSupondr\u00e1 el nuevo Hyundai Kona El\u00e9ctrico un hito en los Pa\u00edses Bajos? - Primera impresi\u00f3n - All cars news<\/title>\n<meta name=\"robots\" content=\"index, follow, max-snippet:-1, max-image-preview:large, max-video-preview:-1\" \/>\n<link rel=\"canonical\" href=\"https:\/\/all-car-news.com\/es\/supondra-el-nuevo-hyundai-kona-electrico-un-hito-en-los-paises-bajos-primera-impresion\/\" \/>\n<meta property=\"og:locale\" content=\"es_ES\" \/>\n<meta property=\"og:type\" content=\"article\" \/>\n<meta property=\"og:title\" content=\"\u00bfSupondr\u00e1 el nuevo Hyundai Kona El\u00e9ctrico un hito en los Pa\u00edses Bajos? - Primera impresi\u00f3n - All cars news\" \/>\n<meta property=\"og:description\" content=\"Primero el\u00e9ctrico: as\u00ed proceder\u00e1n en Corea a partir de ahora. Las cadenas cinem\u00e1ticas con motor de combusti\u00f3n interna pasan a un segundo plano en el nuevo Hyundai Kona. \u00bfPor qu\u00e9? Hyundai decidi\u00f3 desarrollar el nuevo Kona pensando en la variante el\u00e9ctrica. Eso significa que la plataforma se construye alrededor del tren motriz el\u00e9ctrico, donde en el anterior [...]\" \/>\n<meta property=\"og:url\" content=\"https:\/\/all-car-news.com\/es\/supondra-el-nuevo-hyundai-kona-electrico-un-hito-en-los-paises-bajos-primera-impresion\/\" \/>\n<meta property=\"og:site_name\" content=\"All cars news\" \/>\n<meta property=\"article:published_time\" content=\"2023-07-25T15:00:15+00:00\" \/>\n<meta property=\"og:image\" content=\"https:\/\/autorai.nl\/wp-content\/uploads\/2023\/07\/Hyundai_Kona_EV_SX2_034-640x480.jpg\" \/>\n<meta name=\"twitter:card\" content=\"summary_large_image\" \/>\n<meta name=\"twitter:label1\" content=\"Tiempo de lectura\" \/>\n\t<meta name=\"twitter:data1\" content=\"6 minutos\" \/>\n<script type=\"application\/ld+json\" class=\"yoast-schema-graph\">{\"@context\":\"https:\/\/schema.org\",\"@graph\":[{\"@type\":\"Article\",\"@id\":\"https:\/\/all-car-news.com\/es\/supondra-el-nuevo-hyundai-kona-electrico-un-hito-en-los-paises-bajos-primera-impresion\/#article\",\"isPartOf\":{\"@id\":\"https:\/\/all-car-news.com\/es\/supondra-el-nuevo-hyundai-kona-electrico-un-hito-en-los-paises-bajos-primera-impresion\/\"},\"author\":{\"name\":\"\",\"@id\":\"\"},\"headline\":\"\u00bfSupondr\u00e1 el nuevo Hyundai Kona El\u00e9ctrico un hito en los Pa\u00edses Bajos? &#8211; Primera impresi\u00f3n\",\"datePublished\":\"2023-07-25T15:00:15+00:00\",\"dateModified\":\"2023-07-25T15:00:15+00:00\",\"mainEntityOfPage\":{\"@id\":\"https:\/\/all-car-news.com\/es\/supondra-el-nuevo-hyundai-kona-electrico-un-hito-en-los-paises-bajos-primera-impresion\/\"},\"wordCount\":1151,\"publisher\":{\"@id\":\"https:\/\/all-car-news.com\/es\/#organization\"},\"articleSection\":[\"El\u00e9ctrico\",\"pruebas de autos\"],\"inLanguage\":\"es\"},{\"@type\":\"WebPage\",\"@id\":\"https:\/\/all-car-news.com\/es\/supondra-el-nuevo-hyundai-kona-electrico-un-hito-en-los-paises-bajos-primera-impresion\/\",\"url\":\"https:\/\/all-car-news.com\/es\/supondra-el-nuevo-hyundai-kona-electrico-un-hito-en-los-paises-bajos-primera-impresion\/\",\"name\":\"\u00bfSupondr\u00e1 el nuevo Hyundai Kona El\u00e9ctrico un hito en los Pa\u00edses Bajos? - Primera impresi\u00f3n - All cars news\",\"isPartOf\":{\"@id\":\"https:\/\/all-car-news.com\/es\/#website\"},\"datePublished\":\"2023-07-25T15:00:15+00:00\",\"dateModified\":\"2023-07-25T15:00:15+00:00\",\"breadcrumb\":{\"@id\":\"https:\/\/all-car-news.com\/es\/supondra-el-nuevo-hyundai-kona-electrico-un-hito-en-los-paises-bajos-primera-impresion\/#breadcrumb\"},\"inLanguage\":\"es\",\"potentialAction\":[{\"@type\":\"ReadAction\",\"target\":[\"https:\/\/all-car-news.com\/es\/supondra-el-nuevo-hyundai-kona-electrico-un-hito-en-los-paises-bajos-primera-impresion\/\"]}]},{\"@type\":\"BreadcrumbList\",\"@id\":\"https:\/\/all-car-news.com\/es\/supondra-el-nuevo-hyundai-kona-electrico-un-hito-en-los-paises-bajos-primera-impresion\/#breadcrumb\",\"itemListElement\":[{\"@type\":\"ListItem\",\"position\":1,\"name\":\"Home\",\"item\":\"https:\/\/all-car-news.com\/es\/\"},{\"@type\":\"ListItem\",\"position\":2,\"name\":\"\u00bfSupondr\u00e1 el nuevo Hyundai Kona El\u00e9ctrico un hito en los Pa\u00edses Bajos? &#8211; Primera impresi\u00f3n\"}]},{\"@type\":\"WebSite\",\"@id\":\"https:\/\/all-car-news.com\/es\/#website\",\"url\":\"https:\/\/all-car-news.com\/es\/\",\"name\":\"All cars news\",\"description\":\"\",\"publisher\":{\"@id\":\"https:\/\/all-car-news.com\/es\/#organization\"},\"potentialAction\":[{\"@type\":\"SearchAction\",\"target\":{\"@type\":\"EntryPoint\",\"urlTemplate\":\"https:\/\/all-car-news.com\/es\/?s={search_term_string}\"},\"query-input\":\"required name=search_term_string\"}],\"inLanguage\":\"es\"},{\"@type\":\"Organization\",\"@id\":\"https:\/\/all-car-news.com\/es\/#organization\",\"name\":\"All cars news\",\"url\":\"https:\/\/all-car-news.com\/es\/\",\"logo\":{\"@type\":\"ImageObject\",\"inLanguage\":\"es\",\"@id\":\"https:\/\/all-car-news.com\/es\/#\/schema\/logo\/image\/\",\"url\":\"https:\/\/all-car-news.com\/wp-content\/uploads\/2022\/02\/CMYK-AllCarNews_LANDSCAPE_300px-1.png\",\"contentUrl\":\"https:\/\/all-car-news.com\/wp-content\/uploads\/2022\/02\/CMYK-AllCarNews_LANDSCAPE_300px-1.png\",\"width\":300,\"height\":100,\"caption\":\"All cars news\"},\"image\":{\"@id\":\"https:\/\/all-car-news.com\/es\/#\/schema\/logo\/image\/\"}}]}<\/script>\n<!-- \/ Yoast SEO plugin. -->","yoast_head_json":{"title":"\u00bfSupondr\u00e1 el nuevo Hyundai Kona El\u00e9ctrico un hito en los Pa\u00edses Bajos? - Primera impresi\u00f3n - All cars news","robots":{"index":"index","follow":"follow","max-snippet":"max-snippet:-1","max-image-preview":"max-image-preview:large","max-video-preview":"max-video-preview:-1"},"canonical":"https:\/\/all-car-news.com\/es\/supondra-el-nuevo-hyundai-kona-electrico-un-hito-en-los-paises-bajos-primera-impresion\/","og_locale":"es_ES","og_type":"article","og_title":"\u00bfSupondr\u00e1 el nuevo Hyundai Kona El\u00e9ctrico un hito en los Pa\u00edses Bajos? - Primera impresi\u00f3n - All cars news","og_description":"Primero el\u00e9ctrico: as\u00ed proceder\u00e1n en Corea a partir de ahora. Las cadenas cinem\u00e1ticas con motor de combusti\u00f3n interna pasan a un segundo plano en el nuevo Hyundai Kona. \u00bfPor qu\u00e9? Hyundai decidi\u00f3 desarrollar el nuevo Kona pensando en la variante el\u00e9ctrica. Eso significa que la plataforma se construye alrededor del tren motriz el\u00e9ctrico, donde en el anterior [...]","og_url":"https:\/\/all-car-news.com\/es\/supondra-el-nuevo-hyundai-kona-electrico-un-hito-en-los-paises-bajos-primera-impresion\/","og_site_name":"All cars news","article_published_time":"2023-07-25T15:00:15+00:00","og_image":[{"url":"https:\/\/autorai.nl\/wp-content\/uploads\/2023\/07\/Hyundai_Kona_EV_SX2_034-640x480.jpg"}],"twitter_card":"summary_large_image","twitter_misc":{"Tiempo de lectura":"6 minutos"},"schema":{"@context":"https:\/\/schema.org","@graph":[{"@type":"Article","@id":"https:\/\/all-car-news.com\/es\/supondra-el-nuevo-hyundai-kona-electrico-un-hito-en-los-paises-bajos-primera-impresion\/#article","isPartOf":{"@id":"https:\/\/all-car-news.com\/es\/supondra-el-nuevo-hyundai-kona-electrico-un-hito-en-los-paises-bajos-primera-impresion\/"},"author":{"name":"","@id":""},"headline":"\u00bfSupondr\u00e1 el nuevo Hyundai Kona El\u00e9ctrico un hito en los Pa\u00edses Bajos? &#8211; Primera impresi\u00f3n","datePublished":"2023-07-25T15:00:15+00:00","dateModified":"2023-07-25T15:00:15+00:00","mainEntityOfPage":{"@id":"https:\/\/all-car-news.com\/es\/supondra-el-nuevo-hyundai-kona-electrico-un-hito-en-los-paises-bajos-primera-impresion\/"},"wordCount":1151,"publisher":{"@id":"https:\/\/all-car-news.com\/es\/#organization"},"articleSection":["El\u00e9ctrico","pruebas de autos"],"inLanguage":"es"},{"@type":"WebPage","@id":"https:\/\/all-car-news.com\/es\/supondra-el-nuevo-hyundai-kona-electrico-un-hito-en-los-paises-bajos-primera-impresion\/","url":"https:\/\/all-car-news.com\/es\/supondra-el-nuevo-hyundai-kona-electrico-un-hito-en-los-paises-bajos-primera-impresion\/","name":"\u00bfSupondr\u00e1 el nuevo Hyundai Kona El\u00e9ctrico un hito en los Pa\u00edses Bajos? - Primera impresi\u00f3n - All cars news","isPartOf":{"@id":"https:\/\/all-car-news.com\/es\/#website"},"datePublished":"2023-07-25T15:00:15+00:00","dateModified":"2023-07-25T15:00:15+00:00","breadcrumb":{"@id":"https:\/\/all-car-news.com\/es\/supondra-el-nuevo-hyundai-kona-electrico-un-hito-en-los-paises-bajos-primera-impresion\/#breadcrumb"},"inLanguage":"es","potentialAction":[{"@type":"ReadAction","target":["https:\/\/all-car-news.com\/es\/supondra-el-nuevo-hyundai-kona-electrico-un-hito-en-los-paises-bajos-primera-impresion\/"]}]},{"@type":"BreadcrumbList","@id":"https:\/\/all-car-news.com\/es\/supondra-el-nuevo-hyundai-kona-electrico-un-hito-en-los-paises-bajos-primera-impresion\/#breadcrumb","itemListElement":[{"@type":"ListItem","position":1,"name":"Home","item":"https:\/\/all-car-news.com\/es\/"},{"@type":"ListItem","position":2,"name":"\u00bfSupondr\u00e1 el nuevo Hyundai Kona El\u00e9ctrico un hito en los Pa\u00edses Bajos? &#8211; Primera impresi\u00f3n"}]},{"@type":"WebSite","@id":"https:\/\/all-car-news.com\/es\/#website","url":"https:\/\/all-car-news.com\/es\/","name":"All cars news","description":"","publisher":{"@id":"https:\/\/all-car-news.com\/es\/#organization"},"potentialAction":[{"@type":"SearchAction","target":{"@type":"EntryPoint","urlTemplate":"https:\/\/all-car-news.com\/es\/?s={search_term_string}"},"query-input":"required name=search_term_string"}],"inLanguage":"es"},{"@type":"Organization","@id":"https:\/\/all-car-news.com\/es\/#organization","name":"All cars news","url":"https:\/\/all-car-news.com\/es\/","logo":{"@type":"ImageObject","inLanguage":"es","@id":"https:\/\/all-car-news.com\/es\/#\/schema\/logo\/image\/","url":"https:\/\/all-car-news.com\/wp-content\/uploads\/2022\/02\/CMYK-AllCarNews_LANDSCAPE_300px-1.png","contentUrl":"https:\/\/all-car-news.com\/wp-content\/uploads\/2022\/02\/CMYK-AllCarNews_LANDSCAPE_300px-1.png","width":300,"height":100,"caption":"All cars news"},"image":{"@id":"https:\/\/all-car-news.com\/es\/#\/schema\/logo\/image\/"}}]}},"_links":{"self":[{"href":"https:\/\/all-car-news.com\/es\/wp-json\/wp\/v2\/posts\/137458","targetHints":{"allow":["GET"]}}],"collection":[{"href":"https:\/\/all-car-news.com\/es\/wp-json\/wp\/v2\/posts"}],"about":[{"href":"https:\/\/all-car-news.com\/es\/wp-json\/wp\/v2\/types\/post"}],"replies":[{"embeddable":true,"href":"https:\/\/all-car-news.com\/es\/wp-json\/wp\/v2\/comments?post=137458"}],"version-history":[{"count":0,"href":"https:\/\/all-car-news.com\/es\/wp-json\/wp\/v2\/posts\/137458\/revisions"}],"wp:featuredmedia":[{"embeddable":true,"href":"https:\/\/all-car-news.com\/es\/wp-json\/wp\/v2\/media\/137438"}],"wp:attachment":[{"href":"https:\/\/all-car-news.com\/es\/wp-json\/wp\/v2\/media?parent=137458"}],"wp:term":[{"taxonomy":"category","embeddable":true,"href":"https:\/\/all-car-news.com\/es\/wp-json\/wp\/v2\/categories?post=137458"},{"taxonomy":"post_tag","embeddable":true,"href":"https:\/\/all-car-news.com\/es\/wp-json\/wp\/v2\/tags?post=137458"}],"curies":[{"name":"wp","href":"https:\/\/api.w.org\/{rel}","templated":true}]}}