{"id":137176,"date":"2023-07-17T08:39:55","date_gmt":"2023-07-17T08:39:55","guid":{"rendered":"https:\/\/all-car-news.com\/pronto-podras-comprar-el-ford-mustang-mach-e-rally\/"},"modified":"2023-07-17T08:39:55","modified_gmt":"2023-07-17T08:39:55","slug":"pronto-podras-comprar-el-ford-mustang-mach-e-rally","status":"publish","type":"post","link":"https:\/\/all-car-news.com\/es\/pronto-podras-comprar-el-ford-mustang-mach-e-rally\/","title":{"rendered":"Pronto podr\u00e1s comprar el Ford Mustang Mach-E Rally"},"content":{"rendered":"<h2>Rally Ford Mustang Mach-E en Goodwood<\/h2>\n<p>En el Festival de la Velocidad de Goodwood, entusiastas y espectadores fueron los primeros en echar un vistazo al primer SUV el\u00e9ctrico de Ford inspirado en los rallies mientras sub\u00eda la colina, conducido por Ott T\u00e4nak, actual piloto del M-Sport Ford Puma Hybrid Rally y antiguo campe\u00f3n del mundo de rallies.<\/p>\n<h2>Libertad<\/h2>\n<p>\u00abEl Mustang Mach-E ofrece la libertad y el placer de conducci\u00f3n del Mustang, pero ahora sin emisiones. Con el Mustang Mach-E Rally, ahora damos a nuestros clientes la libertad de conducir fuera del asfalto y fuera de los caminos trillados\u00bb, dijo Darren Palmer, Vicepresidente de Programas de Veh\u00edculos El\u00e9ctricos de Ford Modelo E.<\/p>\n<h2>Venir a Europa<\/h2>\n<p>El Mustang Mach-E Rally, el primer Ford Mustang para cinco pasajeros inspirado en los rallyes, saldr\u00e1 al mercado en EE.UU. y Europa. Ford dar\u00e1 a conocer m\u00e1s informaci\u00f3n pr\u00f3ximamente. Al menos, el SUV recibe llantas especiales, un kit de carrocer\u00eda diferente, una parrilla distinta, un aler\u00f3n trasero m\u00e1s grueso, mayor altura libre al suelo y tambi\u00e9n asientos exclusivos.<\/p>\n<div class=\"galery galery-0\">\n<figure>\n\t\t\t\t\t<span style=\"cursor: pointer\" data-src=\"https:\/\/autorai.nl\/wp-content\/uploads\/2023\/07\/2023Ford_MustangMach-E-Rally_001-1600x1067.jpg\" data-fancybox=\"galery-0\" title=\"\"><br \/>\n\t\t\t\t\t\t\t<img decoding=\"async\" width=\"360\" height=\"270\" src=\"https:\/\/autorai.nl\/wp-content\/uploads\/2023\/07\/2023Ford_MustangMach-E-Rally_001-360x270.jpg\" class=\"attachment-small size-small\" alt=\"\" loading=\"lazy\"><i class=\"fa fa-search-plus\" aria-hidden=\"true\"><\/i><br \/>\n\t\t\t\t\t\t<\/span><br \/>\n\t\t\t\t\t<\/figure>\n<figure>\n\t\t\t\t\t<span style=\"cursor: pointer\" data-src=\"https:\/\/autorai.nl\/wp-content\/uploads\/2023\/07\/2023Ford_MustangMach-E-Rally_022-1600x1067.jpg\" data-fancybox=\"galery-0\" title=\"\"><br \/>\n\t\t\t\t\t\t\t<img decoding=\"async\" width=\"360\" height=\"270\" src=\"https:\/\/autorai.nl\/wp-content\/uploads\/2023\/07\/2023Ford_MustangMach-E-Rally_022-360x270.jpg\" class=\"attachment-small size-small\" alt=\"\" loading=\"lazy\"><i class=\"fa fa-search-plus\" aria-hidden=\"true\"><\/i><br \/>\n\t\t\t\t\t\t<\/span><br \/>\n\t\t\t\t\t<\/figure>\n<figure>\n\t\t\t\t\t<span style=\"cursor: pointer\" data-src=\"https:\/\/autorai.nl\/wp-content\/uploads\/2023\/07\/2023Ford_MustangMach-E-Rally_019-1600x1067.jpg\" data-fancybox=\"galery-0\" title=\"\"><br \/>\n\t\t\t\t\t\t\t<img decoding=\"async\" width=\"360\" height=\"270\" src=\"https:\/\/autorai.nl\/wp-content\/uploads\/2023\/07\/2023Ford_MustangMach-E-Rally_019-360x270.jpg\" class=\"attachment-small size-small\" alt=\"\" loading=\"lazy\"><i class=\"fa fa-search-plus\" aria-hidden=\"true\"><\/i><br \/>\n\t\t\t\t\t\t<\/span><br \/>\n\t\t\t\t\t<\/figure>\n<figure>\n\t\t\t\t\t<span style=\"cursor: pointer\" data-src=\"https:\/\/autorai.nl\/wp-content\/uploads\/2023\/07\/2023Ford_MustangMach-E-Rally_011-1600x1067.jpg\" data-fancybox=\"galery-0\" title=\"\"><br \/>\n\t\t\t\t\t\t\t<img decoding=\"async\" width=\"360\" height=\"270\" src=\"https:\/\/autorai.nl\/wp-content\/uploads\/2023\/07\/2023Ford_MustangMach-E-Rally_011-360x270.jpg\" class=\"attachment-small size-small\" alt=\"Ford Mustang Mach-E Rally\" loading=\"lazy\"><i class=\"fa fa-search-plus\" aria-hidden=\"true\"><\/i><br \/>\n\t\t\t\t\t\t<\/span><br \/>\n\t\t\t\t\t<\/figure>\n<figure>\n\t\t\t\t\t<span style=\"cursor: pointer\" data-src=\"https:\/\/autorai.nl\/wp-content\/uploads\/2023\/07\/2023Ford_MustangMach-E-Rally_009-1600x1067.jpg\" data-fancybox=\"galery-0\" title=\"\"><br \/>\n\t\t\t\t\t\t\t<img decoding=\"async\" width=\"360\" height=\"270\" src=\"https:\/\/autorai.nl\/wp-content\/uploads\/2023\/07\/2023Ford_MustangMach-E-Rally_009-360x270.jpg\" class=\"attachment-small size-small\" alt=\"\" loading=\"lazy\"><i class=\"fa fa-search-plus\" aria-hidden=\"true\"><\/i><br \/>\n\t\t\t\t\t\t<\/span><br \/>\n\t\t\t\t\t<\/figure>\n<figure>\n\t\t\t\t\t<span style=\"cursor: pointer\" data-src=\"https:\/\/autorai.nl\/wp-content\/uploads\/2023\/07\/2023Ford_MustangMach-E-Rally_008-1600x1067.jpg\" data-fancybox=\"galery-0\" title=\"\"><br \/>\n\t\t\t\t\t\t\t<img decoding=\"async\" width=\"360\" height=\"270\" src=\"https:\/\/autorai.nl\/wp-content\/uploads\/2023\/07\/2023Ford_MustangMach-E-Rally_008-360x270.jpg\" class=\"attachment-small size-small\" alt=\"\" loading=\"lazy\"><i class=\"fa fa-search-plus\" aria-hidden=\"true\"><\/i><br \/>\n\t\t\t\t\t\t<\/span><br \/>\n\t\t\t\t\t<\/figure>\n<figure>\n\t\t\t\t\t<span style=\"cursor: pointer\" data-src=\"https:\/\/autorai.nl\/wp-content\/uploads\/2023\/07\/2023Ford_MustangMach-E-Rally_007-1600x1067.jpg\" data-fancybox=\"galery-0\" title=\"\"><br \/>\n\t\t\t\t\t\t\t<img decoding=\"async\" width=\"360\" height=\"270\" src=\"https:\/\/autorai.nl\/wp-content\/uploads\/2023\/07\/2023Ford_MustangMach-E-Rally_007-360x270.jpg\" class=\"attachment-small size-small\" alt=\"\" loading=\"lazy\"><i class=\"fa fa-search-plus\" aria-hidden=\"true\"><\/i><br \/>\n\t\t\t\t\t\t<\/span><br \/>\n\t\t\t\t\t<\/figure>\n<figure>\n\t\t\t\t\t<span style=\"cursor: pointer\" data-src=\"https:\/\/autorai.nl\/wp-content\/uploads\/2023\/07\/2023Ford_MustangMach-E-Rally_004-1600x1067.jpg\" data-fancybox=\"galery-0\" title=\"\"><br \/>\n\t\t\t\t\t\t\t<img decoding=\"async\" width=\"360\" height=\"270\" src=\"https:\/\/autorai.nl\/wp-content\/uploads\/2023\/07\/2023Ford_MustangMach-E-Rally_004-360x270.jpg\" class=\"attachment-small size-small\" alt=\"\" loading=\"lazy\"><i class=\"fa fa-search-plus\" aria-hidden=\"true\"><\/i><br \/>\n\t\t\t\t\t\t<\/span><br \/>\n\t\t\t\t\t<\/figure>\n<div class=\"clear\"><\/div>\n<\/div>\n","protected":false},"excerpt":{"rendered":"Ford Mustang Mach-E Rally en Goodwood En el Festival de la Velocidad de Goodwood, entusiastas y espectadores pudieron ver de&hellip;","protected":false},"author":0,"featured_media":137163,"comment_status":"","ping_status":"open","sticky":false,"template":"","format":"standard","meta":{"footnotes":""},"categories":[129,126],"tags":[],"class_list":["post-137176","post","type-post","status-publish","format-standard","has-post-thumbnail","hentry","category-fondo","category-noticias-de-autos"],"acf":[],"yoast_head":"<!-- This site is optimized with the Yoast SEO plugin v21.2 - https:\/\/yoast.com\/wordpress\/plugins\/seo\/ -->\n<title>Pronto podr\u00e1s comprar el Ford Mustang Mach-E Rally - All cars news<\/title>\n<meta name=\"robots\" content=\"index, follow, max-snippet:-1, max-image-preview:large, max-video-preview:-1\" \/>\n<link rel=\"canonical\" href=\"https:\/\/all-car-news.com\/es\/pronto-podras-comprar-el-ford-mustang-mach-e-rally\/\" \/>\n<meta property=\"og:locale\" content=\"es_ES\" \/>\n<meta property=\"og:type\" content=\"article\" \/>\n<meta property=\"og:title\" content=\"Pronto podr\u00e1s comprar el Ford Mustang Mach-E Rally - All cars news\" \/>\n<meta property=\"og:description\" content=\"Ford Mustang Mach-E Rally en Goodwood En el Festival de la Velocidad de Goodwood, entusiastas y espectadores pudieron ver de primera mano el primer SUV el\u00e9ctrico de Ford inspirado en los rallies mientras sub\u00eda la colina, conducido por Ott T\u00e4nak, actual piloto del Ford Puma Hybrid Rally de M-Sport y antiguo campe\u00f3n del mundo de rallies. Libertad &quot;El Mustang [...]\" \/>\n<meta property=\"og:url\" content=\"https:\/\/all-car-news.com\/es\/pronto-podras-comprar-el-ford-mustang-mach-e-rally\/\" \/>\n<meta property=\"og:site_name\" content=\"All cars news\" \/>\n<meta property=\"article:published_time\" content=\"2023-07-17T08:39:55+00:00\" \/>\n<meta property=\"og:image\" content=\"https:\/\/autorai.nl\/wp-content\/uploads\/2023\/07\/2023Ford_MustangMach-E-Rally_001-360x270.jpg\" \/>\n<meta name=\"twitter:card\" content=\"summary_large_image\" \/>\n<meta name=\"twitter:label1\" content=\"Tiempo de lectura\" \/>\n\t<meta name=\"twitter:data1\" content=\"1 minuto\" \/>\n<script type=\"application\/ld+json\" class=\"yoast-schema-graph\">{\"@context\":\"https:\/\/schema.org\",\"@graph\":[{\"@type\":\"Article\",\"@id\":\"https:\/\/all-car-news.com\/es\/pronto-podras-comprar-el-ford-mustang-mach-e-rally\/#article\",\"isPartOf\":{\"@id\":\"https:\/\/all-car-news.com\/es\/pronto-podras-comprar-el-ford-mustang-mach-e-rally\/\"},\"author\":{\"name\":\"\",\"@id\":\"\"},\"headline\":\"Pronto podr\u00e1s comprar el Ford Mustang Mach-E Rally\",\"datePublished\":\"2023-07-17T08:39:55+00:00\",\"dateModified\":\"2023-07-17T08:39:55+00:00\",\"mainEntityOfPage\":{\"@id\":\"https:\/\/all-car-news.com\/es\/pronto-podras-comprar-el-ford-mustang-mach-e-rally\/\"},\"wordCount\":196,\"publisher\":{\"@id\":\"https:\/\/all-car-news.com\/es\/#organization\"},\"articleSection\":[\"Fondo\",\"noticias de autos\"],\"inLanguage\":\"es\"},{\"@type\":\"WebPage\",\"@id\":\"https:\/\/all-car-news.com\/es\/pronto-podras-comprar-el-ford-mustang-mach-e-rally\/\",\"url\":\"https:\/\/all-car-news.com\/es\/pronto-podras-comprar-el-ford-mustang-mach-e-rally\/\",\"name\":\"Pronto podr\u00e1s comprar el Ford Mustang Mach-E Rally - All cars news\",\"isPartOf\":{\"@id\":\"https:\/\/all-car-news.com\/es\/#website\"},\"datePublished\":\"2023-07-17T08:39:55+00:00\",\"dateModified\":\"2023-07-17T08:39:55+00:00\",\"breadcrumb\":{\"@id\":\"https:\/\/all-car-news.com\/es\/pronto-podras-comprar-el-ford-mustang-mach-e-rally\/#breadcrumb\"},\"inLanguage\":\"es\",\"potentialAction\":[{\"@type\":\"ReadAction\",\"target\":[\"https:\/\/all-car-news.com\/es\/pronto-podras-comprar-el-ford-mustang-mach-e-rally\/\"]}]},{\"@type\":\"BreadcrumbList\",\"@id\":\"https:\/\/all-car-news.com\/es\/pronto-podras-comprar-el-ford-mustang-mach-e-rally\/#breadcrumb\",\"itemListElement\":[{\"@type\":\"ListItem\",\"position\":1,\"name\":\"Home\",\"item\":\"https:\/\/all-car-news.com\/es\/\"},{\"@type\":\"ListItem\",\"position\":2,\"name\":\"Pronto podr\u00e1s comprar el Ford Mustang Mach-E Rally\"}]},{\"@type\":\"WebSite\",\"@id\":\"https:\/\/all-car-news.com\/es\/#website\",\"url\":\"https:\/\/all-car-news.com\/es\/\",\"name\":\"All cars news\",\"description\":\"\",\"publisher\":{\"@id\":\"https:\/\/all-car-news.com\/es\/#organization\"},\"potentialAction\":[{\"@type\":\"SearchAction\",\"target\":{\"@type\":\"EntryPoint\",\"urlTemplate\":\"https:\/\/all-car-news.com\/es\/?s={search_term_string}\"},\"query-input\":\"required name=search_term_string\"}],\"inLanguage\":\"es\"},{\"@type\":\"Organization\",\"@id\":\"https:\/\/all-car-news.com\/es\/#organization\",\"name\":\"All cars news\",\"url\":\"https:\/\/all-car-news.com\/es\/\",\"logo\":{\"@type\":\"ImageObject\",\"inLanguage\":\"es\",\"@id\":\"https:\/\/all-car-news.com\/es\/#\/schema\/logo\/image\/\",\"url\":\"https:\/\/all-car-news.com\/wp-content\/uploads\/2022\/02\/CMYK-AllCarNews_LANDSCAPE_300px-1.png\",\"contentUrl\":\"https:\/\/all-car-news.com\/wp-content\/uploads\/2022\/02\/CMYK-AllCarNews_LANDSCAPE_300px-1.png\",\"width\":300,\"height\":100,\"caption\":\"All cars news\"},\"image\":{\"@id\":\"https:\/\/all-car-news.com\/es\/#\/schema\/logo\/image\/\"}}]}<\/script>\n<!-- \/ Yoast SEO plugin. -->","yoast_head_json":{"title":"Pronto podr\u00e1s comprar el Ford Mustang Mach-E Rally - All cars news","robots":{"index":"index","follow":"follow","max-snippet":"max-snippet:-1","max-image-preview":"max-image-preview:large","max-video-preview":"max-video-preview:-1"},"canonical":"https:\/\/all-car-news.com\/es\/pronto-podras-comprar-el-ford-mustang-mach-e-rally\/","og_locale":"es_ES","og_type":"article","og_title":"Pronto podr\u00e1s comprar el Ford Mustang Mach-E Rally - All cars news","og_description":"Ford Mustang Mach-E Rally en Goodwood En el Festival de la Velocidad de Goodwood, entusiastas y espectadores pudieron ver de primera mano el primer SUV el\u00e9ctrico de Ford inspirado en los rallies mientras sub\u00eda la colina, conducido por Ott T\u00e4nak, actual piloto del Ford Puma Hybrid Rally de M-Sport y antiguo campe\u00f3n del mundo de rallies. Libertad \"El Mustang [...]","og_url":"https:\/\/all-car-news.com\/es\/pronto-podras-comprar-el-ford-mustang-mach-e-rally\/","og_site_name":"All cars news","article_published_time":"2023-07-17T08:39:55+00:00","og_image":[{"url":"https:\/\/autorai.nl\/wp-content\/uploads\/2023\/07\/2023Ford_MustangMach-E-Rally_001-360x270.jpg"}],"twitter_card":"summary_large_image","twitter_misc":{"Tiempo de lectura":"1 minuto"},"schema":{"@context":"https:\/\/schema.org","@graph":[{"@type":"Article","@id":"https:\/\/all-car-news.com\/es\/pronto-podras-comprar-el-ford-mustang-mach-e-rally\/#article","isPartOf":{"@id":"https:\/\/all-car-news.com\/es\/pronto-podras-comprar-el-ford-mustang-mach-e-rally\/"},"author":{"name":"","@id":""},"headline":"Pronto podr\u00e1s comprar el Ford Mustang Mach-E Rally","datePublished":"2023-07-17T08:39:55+00:00","dateModified":"2023-07-17T08:39:55+00:00","mainEntityOfPage":{"@id":"https:\/\/all-car-news.com\/es\/pronto-podras-comprar-el-ford-mustang-mach-e-rally\/"},"wordCount":196,"publisher":{"@id":"https:\/\/all-car-news.com\/es\/#organization"},"articleSection":["Fondo","noticias de autos"],"inLanguage":"es"},{"@type":"WebPage","@id":"https:\/\/all-car-news.com\/es\/pronto-podras-comprar-el-ford-mustang-mach-e-rally\/","url":"https:\/\/all-car-news.com\/es\/pronto-podras-comprar-el-ford-mustang-mach-e-rally\/","name":"Pronto podr\u00e1s comprar el Ford Mustang Mach-E Rally - All cars news","isPartOf":{"@id":"https:\/\/all-car-news.com\/es\/#website"},"datePublished":"2023-07-17T08:39:55+00:00","dateModified":"2023-07-17T08:39:55+00:00","breadcrumb":{"@id":"https:\/\/all-car-news.com\/es\/pronto-podras-comprar-el-ford-mustang-mach-e-rally\/#breadcrumb"},"inLanguage":"es","potentialAction":[{"@type":"ReadAction","target":["https:\/\/all-car-news.com\/es\/pronto-podras-comprar-el-ford-mustang-mach-e-rally\/"]}]},{"@type":"BreadcrumbList","@id":"https:\/\/all-car-news.com\/es\/pronto-podras-comprar-el-ford-mustang-mach-e-rally\/#breadcrumb","itemListElement":[{"@type":"ListItem","position":1,"name":"Home","item":"https:\/\/all-car-news.com\/es\/"},{"@type":"ListItem","position":2,"name":"Pronto podr\u00e1s comprar el Ford Mustang Mach-E Rally"}]},{"@type":"WebSite","@id":"https:\/\/all-car-news.com\/es\/#website","url":"https:\/\/all-car-news.com\/es\/","name":"All cars news","description":"","publisher":{"@id":"https:\/\/all-car-news.com\/es\/#organization"},"potentialAction":[{"@type":"SearchAction","target":{"@type":"EntryPoint","urlTemplate":"https:\/\/all-car-news.com\/es\/?s={search_term_string}"},"query-input":"required name=search_term_string"}],"inLanguage":"es"},{"@type":"Organization","@id":"https:\/\/all-car-news.com\/es\/#organization","name":"All cars news","url":"https:\/\/all-car-news.com\/es\/","logo":{"@type":"ImageObject","inLanguage":"es","@id":"https:\/\/all-car-news.com\/es\/#\/schema\/logo\/image\/","url":"https:\/\/all-car-news.com\/wp-content\/uploads\/2022\/02\/CMYK-AllCarNews_LANDSCAPE_300px-1.png","contentUrl":"https:\/\/all-car-news.com\/wp-content\/uploads\/2022\/02\/CMYK-AllCarNews_LANDSCAPE_300px-1.png","width":300,"height":100,"caption":"All cars news"},"image":{"@id":"https:\/\/all-car-news.com\/es\/#\/schema\/logo\/image\/"}}]}},"_links":{"self":[{"href":"https:\/\/all-car-news.com\/es\/wp-json\/wp\/v2\/posts\/137176","targetHints":{"allow":["GET"]}}],"collection":[{"href":"https:\/\/all-car-news.com\/es\/wp-json\/wp\/v2\/posts"}],"about":[{"href":"https:\/\/all-car-news.com\/es\/wp-json\/wp\/v2\/types\/post"}],"replies":[{"embeddable":true,"href":"https:\/\/all-car-news.com\/es\/wp-json\/wp\/v2\/comments?post=137176"}],"version-history":[{"count":0,"href":"https:\/\/all-car-news.com\/es\/wp-json\/wp\/v2\/posts\/137176\/revisions"}],"wp:featuredmedia":[{"embeddable":true,"href":"https:\/\/all-car-news.com\/es\/wp-json\/wp\/v2\/media\/137163"}],"wp:attachment":[{"href":"https:\/\/all-car-news.com\/es\/wp-json\/wp\/v2\/media?parent=137176"}],"wp:term":[{"taxonomy":"category","embeddable":true,"href":"https:\/\/all-car-news.com\/es\/wp-json\/wp\/v2\/categories?post=137176"},{"taxonomy":"post_tag","embeddable":true,"href":"https:\/\/all-car-news.com\/es\/wp-json\/wp\/v2\/tags?post=137176"}],"curies":[{"name":"wp","href":"https:\/\/api.w.org\/{rel}","templated":true}]}}