{"id":137125,"date":"2023-07-13T13:53:45","date_gmt":"2023-07-13T13:53:45","guid":{"rendered":"https:\/\/all-car-news.com\/todo-sobre-la-actualizacion-del-peugeot-208-2024\/"},"modified":"2023-07-13T13:53:45","modified_gmt":"2023-07-13T13:53:45","slug":"todo-sobre-la-actualizacion-del-peugeot-208-2024","status":"publish","type":"post","link":"https:\/\/all-car-news.com\/es\/todo-sobre-la-actualizacion-del-peugeot-208-2024\/","title":{"rendered":"Todo sobre la actualizaci\u00f3n del Peugeot 208 (2024)"},"content":{"rendered":"<h2>N\u00famero de \u00e9xito Peugeot 208<\/h2>\n<p>En poco m\u00e1s de tres a\u00f1os -desde su lanzamiento al mercado en 2019- se han producido casi 1.000.000 de unidades del PEUGEOT 208 en todo el mundo. En 2021 y 2022, el Peugeot 208 fue el modelo m\u00e1s vendido en general en Europa y el coche m\u00e1s vendido en los Pa\u00edses Bajos en 2022. Este \u00e9xito se debe en parte a la popularidad del Peugeot E-208: el coche el\u00e9ctrico del segmento B m\u00e1s vendido en Europa y en los Pa\u00edses Bajos en 2022.<\/p>\n<p>La gama del nuevo Peugeot 208 incluye tres acabados: ALLURE, ACTIVE y GT. Tambi\u00e9n se puede elegir entre seis sistemas de propulsi\u00f3n, incluidos los nuevos HYBRID 100 e HYBRID 136 y la variante totalmente el\u00e9ctrica con un motor el\u00e9ctrico de 115 kW (156 CV) y una autonom\u00eda de 400 kil\u00f3metros (WLTP combinado, valor provisional).<\/p>\n<h2>Dise\u00f1o Peugeot 208 (2024)<\/h2>\n<p>&nbsp;Despu\u00e9s de que la nueva firma luminosa de Peugeot se mostrara por primera vez en el Peugeot 9X8 Hypercar, luego en los nuevos Peugeot 508 y 508 SW y, m\u00e1s recientemente, en el nuevo Peugeot 2008, ahora es tambi\u00e9n un elemento clave del nuevo Peugeot E-208. Las tres largas \u00abgarras de luz\u00bb verticales hacen que esta firma sea a\u00fan m\u00e1s distintiva y est\u00e1n integradas en las inserciones negras de alto brillo del parachoques.<\/p>\n<p>Se han desplazado m\u00e1s hacia las esquinas, haciendo que el coche sea \u00f3pticamente m\u00e1s robusto y ancho. Todas las versiones del nuevo 208 incorporan esta nueva firma luminosa frontal. En la versi\u00f3n GT, este dise\u00f1o de iluminaci\u00f3n va incluso un paso m\u00e1s all\u00e1: el fascinante efecto de las tres garras de luz se ha ampliado a la funci\u00f3n de iluminaci\u00f3n de los faros Full LED que utilizan tres m\u00f3dulos \u00f3pticos independientes.<\/p>\n<figure class=\"wp-block-image size-content\"><img decoding=\"async\" loading=\"lazy\" width=\"1140\" height=\"634\" src=\"https:\/\/autorai.nl\/wp-content\/uploads\/2023\/07\/peugeot-208-2024-foto1-1140x634.jpg\" alt=\"\" class=\"wp-image-162511\"><\/figure>\n<h2>Frontal con nuevo aspecto<\/h2>\n<p>Todas las versiones del Peugeot 208 se caracterizan por un frontal totalmente nuevo, con el nuevo logotipo de la marca en el centro, con el que el 208 adopta ahora tambi\u00e9n el lenguaje de dise\u00f1o m\u00e1s reciente de Peugeot. La parrilla tiene un dise\u00f1o acampanado en el color de la carrocer\u00eda que fluye hacia el parachoques. Este dise\u00f1o hace referencia a la electrificaci\u00f3n de la gama de modelos y hace que el nuevo E-208 sea a\u00fan m\u00e1s equilibrado. La parrilla y la carrocer\u00eda ya no son componentes separados, sino que ahora forman una sola unidad. Esto hace que el dise\u00f1o sea a\u00fan m\u00e1s moderno y desprenda m\u00e1s robustez y eficacia.<\/p>\n<h2>Nueva firma luminosa trasera<\/h2>\n<p>El nuevo E-208 reinterpreta la firma luminosa trasera t\u00edpica de Peugeot, con tres \u00abgarras\u00bb rojas yuxtapuestas. El modelo se mantiene fiel a los tres elementos luminosos, pero ahora est\u00e1n colocados horizontalmente. Se componen de tres elegantes tiras de LED que prolongan \u00f3pticamente el marco negro del port\u00f3n trasero. Esto confiere al coche una visi\u00f3n trasera m\u00e1s potente y lo hace \u00f3pticamente m\u00e1s ancho. En la versi\u00f3n GT, las luces de marcha atr\u00e1s y los intermitentes tambi\u00e9n utilizan tecnolog\u00eda LED.<\/p>\n<figure class=\"wp-block-image size-content\"><img decoding=\"async\" loading=\"lazy\" width=\"1140\" height=\"634\" src=\"https:\/\/autorai.nl\/wp-content\/uploads\/2023\/07\/peugeot-208-2024-foto9-1140x634.jpg\" alt=\"\" class=\"wp-image-162509\"><\/figure>\n<h2>Nuevos y llamativos colores<\/h2>\n<p>El nuevo Peugeot E-208 luce m\u00e1s atractivo que nunca en su nuevo color de presentaci\u00f3n Jaune Agueda. Tambi\u00e9n es nuevo en la gama del 208 el color de carrocer\u00eda Gris Selenio, que subraya con elegancia y sutileza el moderno dise\u00f1o. Un total de siete colores de carrocer\u00eda est\u00e1n disponibles para el 208: Jaune Agueda, Gris Selenium, Gris Artense, Noir Perla Nera, Blanc Banquise, Rouge Elixir y Bleu Vertigo. Todas las versiones disponen de carcasas de los retrovisores exteriores en negro brillante, independientemente del color de carrocer\u00eda elegido. El GT incorpora de serie embellecedores de llantas en negro brillante (y techo negro como opci\u00f3n).<\/p>\n<h2>Nuevos dise\u00f1os de ruedas<\/h2>\n<p>Las nuevas llantas son uno de los principales hitos del nuevo dise\u00f1o de Peugeot. Tras el Peugeot 408, el dise\u00f1o inusual de las llantas tambi\u00e9n se ofrecer\u00e1 en otros modelos nuevos de la marca. El nuevo Peugeot E-208 est\u00e1 disponible con llantas de aleaci\u00f3n de varios dise\u00f1os nuevos, en 16 pulgadas (llantas bitono diamantadas NOMA o 17 pulgadas (llantas bitono diamantadas con inserciones YANAKA). Todas las llantas de aleaci\u00f3n tienen un centro de cuatro radios con el logotipo de Peugeot cubriendo los tornillos de las ruedas.<\/p>\n<h2>Nueva identidad de marca<\/h2>\n<p>Las letras del frontal, los flancos y la parte trasera del nuevo Peugeot 208 presentan un nuevo tipo de letra en un nuevo color gris basalto. En la parte trasera, la marca Peugeot aparece suelta en toda la anchura del port\u00f3n trasero. El E-208 tiene un distintivo \u00abE\u00bb en azul y blanco.<\/p>\n<h2>Nuevos revestimientos<\/h2>\n<p>El interior del nuevo Peugeot 208 se ha mejorado con nuevos revestimientos para los asientos, como la tapicer\u00eda Alcantara negra con pespuntes en Vert Adamite (opcional para el GT). La versi\u00f3n GT marca el nivel m\u00e1s alto de equipamiento con gran atenci\u00f3n al detalle: el salpicadero y los reposabrazos tambi\u00e9n presentan elegantes costuras en Vert Adamite.<\/p>\n<div class=\"galery shuffle galery-0\">\n<figure>\n\t\t\t\t\t<span style=\"cursor: pointer\" data-src=\"https:\/\/autorai.nl\/wp-content\/uploads\/2023\/07\/peugeot-208-2024-foto1-1600x889.jpg\" data-fancybox=\"galery-0\" title=\"\"><br \/>\n\t\t\t\t\t\t\t<img decoding=\"async\" width=\"640\" height=\"480\" src=\"https:\/\/autorai.nl\/wp-content\/uploads\/2023\/07\/peugeot-208-2024-foto1-640x480.jpg\" class=\"attachment-medium size-medium\" alt=\"\" loading=\"lazy\"><i class=\"fa fa-search-plus\" aria-hidden=\"true\"><\/i><br \/>\n\t\t\t\t\t\t<\/span><br \/>\n\t\t\t\t\t<\/figure>\n<figure>\n\t\t\t\t\t<span style=\"cursor: pointer\" data-src=\"https:\/\/autorai.nl\/wp-content\/uploads\/2023\/07\/peugeot-208-2024-foto10-1600x889.jpg\" data-fancybox=\"galery-0\" title=\"\"><br \/>\n\t\t\t\t\t\t\t<img decoding=\"async\" width=\"360\" height=\"270\" src=\"https:\/\/autorai.nl\/wp-content\/uploads\/2023\/07\/peugeot-208-2024-foto10-360x270.jpg\" class=\"attachment-small size-small\" alt=\"\" loading=\"lazy\"><i class=\"fa fa-search-plus\" aria-hidden=\"true\"><\/i><br \/>\n\t\t\t\t\t\t<\/span><br \/>\n\t\t\t\t\t<\/figure>\n<figure>\n\t\t\t\t\t<span style=\"cursor: pointer\" data-src=\"https:\/\/autorai.nl\/wp-content\/uploads\/2023\/07\/peugeot-208-2024-foto9-1600x889.jpg\" data-fancybox=\"galery-0\" title=\"\"><br \/>\n\t\t\t\t\t\t\t<img decoding=\"async\" width=\"360\" height=\"270\" src=\"https:\/\/autorai.nl\/wp-content\/uploads\/2023\/07\/peugeot-208-2024-foto9-360x270.jpg\" class=\"attachment-small size-small\" alt=\"\" loading=\"lazy\"><i class=\"fa fa-search-plus\" aria-hidden=\"true\"><\/i><br \/>\n\t\t\t\t\t\t<\/span><br \/>\n\t\t\t\t\t<\/figure>\n<figure>\n\t\t\t\t\t<span style=\"cursor: pointer\" data-src=\"https:\/\/autorai.nl\/wp-content\/uploads\/2023\/07\/peugeot-208-2024-foto8-1600x889.jpg\" data-fancybox=\"galery-0\" title=\"\"><br \/>\n\t\t\t\t\t\t\t<img decoding=\"async\" width=\"640\" height=\"480\" src=\"https:\/\/autorai.nl\/wp-content\/uploads\/2023\/07\/peugeot-208-2024-foto8-640x480.jpg\" class=\"attachment-medium size-medium\" alt=\"\" loading=\"lazy\"><i class=\"fa fa-search-plus\" aria-hidden=\"true\"><\/i><br \/>\n\t\t\t\t\t\t<\/span><br \/>\n\t\t\t\t\t<\/figure>\n<figure>\n\t\t\t\t\t<span style=\"cursor: pointer\" data-src=\"https:\/\/autorai.nl\/wp-content\/uploads\/2023\/07\/peugeot-208-2024-foto7-1600x797.jpg\" data-fancybox=\"galery-0\" title=\"\"><br \/>\n\t\t\t\t\t\t\t<img decoding=\"async\" width=\"360\" height=\"270\" src=\"https:\/\/autorai.nl\/wp-content\/uploads\/2023\/07\/peugeot-208-2024-foto7-360x270.jpg\" class=\"attachment-small size-small\" alt=\"\" loading=\"lazy\"><i class=\"fa fa-search-plus\" aria-hidden=\"true\"><\/i><br \/>\n\t\t\t\t\t\t<\/span><br \/>\n\t\t\t\t\t<\/figure>\n<figure>\n\t\t\t\t\t<span style=\"cursor: pointer\" data-src=\"https:\/\/autorai.nl\/wp-content\/uploads\/2023\/07\/peugeot-208-2024-foto6-1600x889.jpg\" data-fancybox=\"galery-0\" title=\"\"><br \/>\n\t\t\t\t\t\t\t<img decoding=\"async\" width=\"360\" height=\"270\" src=\"https:\/\/autorai.nl\/wp-content\/uploads\/2023\/07\/peugeot-208-2024-foto6-360x270.jpg\" class=\"attachment-small size-small\" alt=\"\" loading=\"lazy\"><i class=\"fa fa-search-plus\" aria-hidden=\"true\"><\/i><br \/>\n\t\t\t\t\t\t<\/span><br \/>\n\t\t\t\t\t<\/figure>\n<figure>\n\t\t\t\t\t<span style=\"cursor: pointer\" data-src=\"https:\/\/autorai.nl\/wp-content\/uploads\/2023\/07\/peugeot-208-2024-foto5-1600x889.jpg\" data-fancybox=\"galery-0\" title=\"\"><br \/>\n\t\t\t\t\t\t\t<img decoding=\"async\" width=\"640\" height=\"480\" src=\"https:\/\/autorai.nl\/wp-content\/uploads\/2023\/07\/peugeot-208-2024-foto5-640x480.jpg\" class=\"attachment-medium size-medium\" alt=\"\" loading=\"lazy\"><i class=\"fa fa-search-plus\" aria-hidden=\"true\"><\/i><br \/>\n\t\t\t\t\t\t<\/span><br \/>\n\t\t\t\t\t<\/figure>\n<figure>\n\t\t\t\t\t<span style=\"cursor: pointer\" data-src=\"https:\/\/autorai.nl\/wp-content\/uploads\/2023\/07\/peugeot-208-2024-foto4-1600x890.jpg\" data-fancybox=\"galery-0\" title=\"\"><br \/>\n\t\t\t\t\t\t\t<img decoding=\"async\" width=\"360\" height=\"270\" src=\"https:\/\/autorai.nl\/wp-content\/uploads\/2023\/07\/peugeot-208-2024-foto4-360x270.jpg\" class=\"attachment-small size-small\" alt=\"\" loading=\"lazy\"><i class=\"fa fa-search-plus\" aria-hidden=\"true\"><\/i><br \/>\n\t\t\t\t\t\t<\/span><br \/>\n\t\t\t\t\t<\/figure>\n<figure>\n\t\t\t\t\t<span style=\"cursor: pointer\" data-src=\"https:\/\/autorai.nl\/wp-content\/uploads\/2023\/07\/peugeot-208-2024-foto3-1600x890.jpg\" data-fancybox=\"galery-0\" title=\"\"><br \/>\n\t\t\t\t\t\t\t<img decoding=\"async\" width=\"360\" height=\"270\" src=\"https:\/\/autorai.nl\/wp-content\/uploads\/2023\/07\/peugeot-208-2024-foto3-360x270.jpg\" class=\"attachment-small size-small\" alt=\"\" loading=\"lazy\"><i class=\"fa fa-search-plus\" aria-hidden=\"true\"><\/i><br \/>\n\t\t\t\t\t\t<\/span><br \/>\n\t\t\t\t\t<\/figure>\n<div class=\"clear\"><\/div>\n<\/div>\n<h2>Nuevo dise\u00f1o del cuadro de instrumentos digital<\/h2>\n<p>El cuadro de instrumentos est\u00e1 situado a la altura ideal de los ojos del conductor y cuenta con una pantalla digital en las versiones ALLURE y GT. Su generosa pantalla de 10 pulgadas tiene un nuevo dise\u00f1o, mientras que el GT viene con una pantalla 3D de serie. Los conductores pueden personalizar tanto el color de la pantalla como la disposici\u00f3n y la informaci\u00f3n mostrada seg\u00fan sus preferencias. Como antes, la versi\u00f3n ACTIVE tiene un cuadro de instrumentos anal\u00f3gico con una pantalla en color de 3,5 pulgadas.<\/p>\n<h2>Pantalla t\u00e1ctil central de 10 pulgadas de serie<\/h2>\n<p>Mientras que los dos primeros niveles de acabado contaban anteriormente con una pantalla de 7 pulgadas, ahora todas las versiones del 208 incorporan de serie una pantalla t\u00e1ctil central de 10 pulgadas. La interfaz facilita a\u00fan m\u00e1s el manejo de la \u00faltima generaci\u00f3n de los sistemas de infoentretenimiento Peugeot i-Connect y Peugeot i-Connect Advanced. En los nuevos Peugeot 208 ALLURE y GT, la pantalla central incorpora tecnolog\u00eda HD. En todas las versiones, los interruptores basculantes siguen estando debajo de la pantalla, para acceder r\u00e1pidamente a las funciones importantes.<\/p>\n<h2>Volante compacto<\/h2>\n<p>T\u00edpico del Peugeot i-Cockpit\u00ae es el volante compacto que garantiza una agilidad, una precisi\u00f3n y un placer de conducci\u00f3n sin igual. El volante compacto incorpora el nuevo logotipo Peugeot y, en su caso, el nuevo logotipo GT en la parte inferior del aro del volante. Para una ergonom\u00eda \u00f3ptima, tambi\u00e9n incluye los mandos del sistema multimedia (audio, tel\u00e9fono) y del control de volumen y voz.<\/p>\n<h2>Iluminaci\u00f3n ambiental para la versi\u00f3n GT<\/h2>\n<p>Ocho colores para la iluminaci\u00f3n ambiental din\u00e1mica est\u00e1n disponibles para el nuevo Peugeot 208 GT, entre ellos algunos nuevos. Los distintos colores est\u00e1n ahora alineados con los de la pantalla t\u00e1ctil central y tienen en cuenta el modo de conducci\u00f3n seleccionado, si procede.<\/p>\n<h2>Palanca de cambios modernizada<\/h2>\n<p>Para mejorar la ergonom\u00eda, las versiones manuales del Peugeot 208 incorporan un nuevo pomo de cambio. Las versiones con transmisi\u00f3n autom\u00e1tica mantienen el elegante y pr\u00e1ctico interruptor de transmisi\u00f3n introducido en la primavera de 2022.<\/p>\n<h2>Transmisi\u00f3n Peugeot e-208<\/h2>\n<p>El nuevo Peugeot E-208 ampl\u00eda sus horizontes dando un gran paso adelante en electrificaci\u00f3n y conectividad. La nueva cadena cinem\u00e1tica 100% el\u00e9ctrica con una autonom\u00eda de 400 kil\u00f3metros (valor provisional) y las nuevas cadenas cinem\u00e1ticas h\u00edbridas ofrecen nuevas perspectivas.<\/p>\n<h2>Nuevo Peugeot e-208 con 400 km de autonom\u00eda<\/h2>\n<p>El nuevo Peugeot E-208 est\u00e1 equipado con un motor el\u00e9ctrico de 115 kW (156 CV) alimentado por una bater\u00eda de 51 kWh. La autonom\u00eda es de 400 kil\u00f3metros (WLTP combinado, valor provisional) y lleva de serie un cargador trif\u00e1sico a bordo de 11 kW. Adem\u00e1s, el Peugeot E-208 puede cargarse en una estaci\u00f3n de carga r\u00e1pida de corriente continua con una potencia de hasta 100 kW, lo que permite cargar la bater\u00eda del 20% al 80% en menos de 25 minutos.<\/p>\n<p>El Peugeot E-208 con la cadena cinem\u00e1tica actual, con una potencia de 100 kW (136 CV) y una autonom\u00eda de 362 kil\u00f3metros (WLTP), sigue estando disponible sin cambios.<\/p>\n<h2>Nuevas cadenas cinem\u00e1ticas h\u00edbridas<\/h2>\n<p>Para los clientes que desean un coche parcialmente electrificado, el Peugeot 208 est\u00e1 disponible con dos nuevas motorizaciones 48V HYBRID. Combinan un motor de gasolina PureTech de \u00faltima generaci\u00f3n de 74 kW (100 CV) o 100 kW (136 CV) con la transmisi\u00f3n electrificada de doble embrague e-DCS6 6 con motor el\u00e9ctrico incorporado. Gracias a una bater\u00eda que se carga durante la conducci\u00f3n, esta tecnolog\u00eda ofrece un par motor adicional a bajas revoluciones y un consumo de combustible un 15% inferior. En zona urbana, los nuevos Peugeot 208 HYBRID 100 e HYBRID 136 pueden cubrir m\u00e1s del 50% del trayecto en modo de conducci\u00f3n 100% el\u00e9ctrica y sin emisiones.<\/p>\n<h2>Dos motores de combusti\u00f3n interna<\/h2>\n<p>Adem\u00e1s del E-208 totalmente el\u00e9ctrico y de las variantes h\u00edbridas, tambi\u00e9n se puede elegir entre dos eficientes versiones de gasolina:<\/p>\n<p>&#8211; PureTech 75: motor de gasolina de tres cilindros y 1,2 litros con 55 kW (75 CV), combinado con una caja de cambios manual de cinco velocidades y un sistema Stop &amp; Start.<\/p>\n<p>&#8211;&nbsp;PureTech 100: motor de gasolina de tres cilindros y 1,2 litros con 74 kW (100 CV), combinado con una transmisi\u00f3n manual de seis velocidades y un sistema Stop &amp; Start.<\/p>\n<h2>Peugeot i-Connect de \u00faltima generaci\u00f3n<\/h2>\n<p>El nuevo Peugeot 208 incorpora de serie el sistema de infoentretenimiento PEUGEOT i-Connect. El sistema PEUGEOT i-Connect Advanced es opcional. Ambos sistemas se controlan a trav\u00e9s de la pantalla t\u00e1ctil HD central de 10 pulgadas, f\u00e1cil de personalizar. La pantalla multiventana con widgets o accesos directos es f\u00e1cil de usar y tan interactiva como un smartphone. Los usuarios pueden deslizarse f\u00e1cilmente de izquierda a derecha por los distintos men\u00fas, de arriba a abajo para las notificaciones, o acceder a la pantalla de aplicaciones pulsando con tres dedos.<\/p>\n<p>Puedes volver a la pantalla principal en cualquier momento pulsando el bot\u00f3n \u00abInicio\u00bb situado en la parte inferior de la pantalla. En la parte superior de la pantalla, un banner permanente muestra informaci\u00f3n sobre la temperatura exterior y la climatizaci\u00f3n, la posici\u00f3n en las p\u00e1ginas de widgets, datos de conectividad, notificaciones y la hora.<\/p>\n<p>PEUGEOT i-Connect&nbsp;ofrece una conectividad \u00f3ptima gracias a la funci\u00f3n inal\u00e1mbrica &#8216;Mirror Screen&#8217; Apple CarPlay y Android Auto. El sistema opcional a\u00fan m\u00e1s completo&nbsp;PEUGEOT i-Connect Advanced&nbsp;ofrece, entre otras cosas, navegaci\u00f3n conectada TomTom de alto rendimiento, con el mapa de carreteras visualizado en la pantalla completa de 10 pulgadas para una legibilidad \u00f3ptima.<\/p>\n<p>Las actualizaciones del sistema son \u00abover the air\u00bb y el sistema Peugeot i-Connect Advanced tambi\u00e9n puede controlarse mediante reconocimiento de voz natural. Mediante el comando hablado \u00abOk Peugeot\u00bb, se pueden controlar todo tipo de funciones de infoentretenimiento. Para ayudar a los usuarios y responder a sus preguntas, el sistema tambi\u00e9n incluye documentaci\u00f3n y tutoriales a bordo.<\/p>\n<h2>M\u00e1s conexiones USB<\/h2>\n<p>Los nuevos 208 ALLURE y GT incorporan ahora de serie tres conectores USB-C (dos en la parte delantera y uno en la trasera) y un conector USB-A (en la parte trasera).<\/p>\n<h2>Cargador de inducci\u00f3n para smartphones<\/h2>\n<p>La versi\u00f3n ALLURE est\u00e1 disponible opcionalmente con un cargador de inducci\u00f3n de 15 W para smartphones (antes: 5 W). Esto es est\u00e1ndar para la versi\u00f3n GT. La colocaci\u00f3n detr\u00e1s de la tapa de la consola central permite cargar r\u00e1pidamente el smartphone mientras se utiliza para la funci\u00f3n inal\u00e1mbrica \u00abMirror Screen\u00bb.<\/p>\n<h2>C\u00e1maras HD de aparcamiento asistido<\/h2>\n<p>Las nuevas c\u00e1maras de ayuda al aparcamiento delanteras y traseras del nuevo Peugeot 208 ofrecen ahora una imagen de alta definici\u00f3n. Dependiendo de la versi\u00f3n, la nueva c\u00e1mara frontal de alta definici\u00f3n (vinculada a la vigilancia del \u00e1ngulo muerto) est\u00e1 ahora disponible como opci\u00f3n. La c\u00e1mara ofrece una visi\u00f3n de 360\u00b0 del entorno inmediato del coche, lo que resulta especialmente \u00fatil durante el aparcamiento y las maniobras.<\/p>\n<h2>Numerosos sistemas de asistencia al conductor<\/h2>\n<p>El nuevo Peugeot 208 ofrece una completa gama de sistemas de asistencia que facilitan la conducci\u00f3n y la hacen m\u00e1s segura:<\/p>\n<p>&#8211; Control de crucero adaptativo&nbsp;con funci\u00f3n Stop&amp;Go y distancia ajustable al coche de delante.<\/p>\n<p>&#8211; Frenado autom\u00e1tico de emergencia: reconoce peatones y ciclistas, de d\u00eda y de noche, a velocidades comprendidas entre 7 km\/h y 140 km\/h.<\/p>\n<p>&#8211; Amplio reconocimiento de se\u00f1ales de tr\u00e1fico&nbsp;con visualizaci\u00f3n en el cuadro de instrumentos:&nbsp;se\u00f1ales de stop y se\u00f1ales de prohibici\u00f3n de adelantamiento y de un solo sentido, que complementan las advertencias habituales relacionadas con la velocidad.<\/p>\n<p>&#8211; Aviso activo de cambio involuntario de carril&nbsp;con correcci\u00f3n de la direcci\u00f3n.<\/p>\n<p>&#8211; La alerta de atenci\u00f3n del conductor&nbsp;reconoce el cansancio del conductor durante los viajes largos y a velocidades superiores a 65 km\/h, analizando los movimientos m\u00ednimos del volante.<\/p>\n<p>&#8211; Control del \u00e1ngulo muerto<\/p>\n<h2>Compra y servicio en l\u00ednea<\/h2>\n<p>Seg\u00fan el mercado, el nuevo Peugeot E-208 tambi\u00e9n puede comprarse en l\u00ednea, para una experiencia de cliente digital 100% segura (\u00abPedidos en l\u00ednea\u00bb). Aqu\u00ed, los clientes pueden comprar un coche nuevo, cambiar uno viejo y contratar financiaci\u00f3n, de forma sencilla a trav\u00e9s de un smartphone, una tableta o un PC. Tambi\u00e9n puede pedir que le entreguen el coche nuevo en su domicilio de forma gratuita.<\/p>\n<h2>Garant\u00eda<\/h2>\n<p>Adem\u00e1s, los clientes del Peugeot E-208 pueden contar con una garant\u00eda de bater\u00eda de 8 a\u00f1os\/160.000 km en&nbsp;.&nbsp;Tambi\u00e9n se entrega un certificado que confirma la capacidad de la bater\u00eda despu\u00e9s de una revisi\u00f3n.<\/p>\n<h2>Nuevas posibilidades para el Peugeot E-208 gracias a la app MyPeugeot:<\/h2>\n<p>La aplicaci\u00f3n ofrece un libro de mantenimiento virtual&nbsp;en el que todos los trabajos realizados en el veh\u00edculo y las facturas correspondientes se guardan en una carpeta electr\u00f3nica. Esto no s\u00f3lo es respetuoso con el medio ambiente, sino que tambi\u00e9n ayuda a documentar el coche de la mejor manera posible, lo que puede ser valioso si alguna vez se vuelve a vender o cambiar.<\/p>\n<p>El env\u00edo de viajes programados a distancia al sistema de navegaci\u00f3n del coche en el smartphone&nbsp;ahorra tiempo.&nbsp; Lo mismo ocurre con la b\u00fasqueda r\u00e1pida de aparcamiento en el lugar de destino. El sistema de navegaci\u00f3n est\u00e1 preprogramado para reconocer instrucciones habladas, para mayor comodidad y seguridad. Y con TomTom, los mapas se mantienen actualizados autom\u00e1ticamente.<\/p>\n<p>Planifique una parada de carga en la ruta en funci\u00f3n del estado de carga de la bater\u00eda deseado al llegar al destino. Programando el viaje en MyPeugeot, los clientes pueden recargar su coche en los momentos y lugares m\u00e1s convenientes.<\/p>\n<p>Enciende a distancia las luces, acciona el cierre centralizado y activa el claxon.&nbsp;Permite a los clientes comprobar si su coche est\u00e1 bien cerrado sin estar cerca, o encontrarlo f\u00e1cilmente en un aparcamiento grande o en la oscuridad.<\/p>\n<p>No hay que preocuparse por&nbsp;para encontrar una plaza de aparcamiento&nbsp;ya que el coche&nbsp;recomienda las plazas o aparcamientos cercanos al destino con m\u00e1s plazas disponibles.<\/p>\n<p>Posibilidad de programar el preacondicionamiento&nbsp;&nbsp; y de supervisar, programar, iniciar o finalizar a distancia la carga de la bater\u00eda&nbsp;&nbsp; .<\/p>\n<h2>Oferta clara<\/h2>\n<p>Para facilitar la elecci\u00f3n del cliente, la gama del nuevo Peugeot 208 se ha reducido a tres acabados: ACTIVE, ALLURE y GT, siendo los principales acabados:<\/p>\n<p>ACTIVE: nueva firma luminosa con tres grupos verticales delante y tres LED horizontales detr\u00e1s, climatizaci\u00f3n, elevalunas el\u00e9ctricos delanteros y traseros, retrovisores exteriores regulables el\u00e9ctricamente, Peugeot i-Cockpit con pantalla t\u00e1ctil central de 10 pulgadas y conector USB-C delantero.<\/p>\n<p>ALLURE: equipamiento ACTIVE que incluye llantas de aleaci\u00f3n NOMA de 16 pulgadas, parrilla del color de la carrocer\u00eda, ayuda al estacionamiento delantero y trasero, retrovisores exteriores abatibles el\u00e9ctricamente, Peugeot i-Cockpit con cuadro de instrumentos digital de 10 pulgadas y pantalla t\u00e1ctil HD central de 10 pulgadas, Peugeot i-Connect con conectividad optimizada para smartphones, dos tomas USB-C delante y una toma USB-C y USB-A detr\u00e1s.<\/p>\n<p>GT: El equipamiento del ACTIVE incluye faros Full LED, c\u00e1mara de visi\u00f3n trasera HD, acceso y arranque sin llave, iluminaci\u00f3n ambiental regulable, cuadro de instrumentos digital de 10 pulgadas con pantalla 3D, retrovisores exteriores plegables el\u00e9ctricamente con luces de bienvenida, embellecedores de llantas en negro de alto brillo e insignias GT.<\/p>\n<h2>Dimensiones Peugeot 208<\/h2>\n<p>El nuevo Peugeot E-208 conserva sus dimensiones exteriores pr\u00e1cticas y compactas: 4.055 mm de largo, 1.745 mm de ancho (sin retrovisores exteriores), 1.430 mm de alto. La capacidad del maletero se mantiene en 309 litros (bajo techo).<\/p>\n<div class=\"galery shuffle galery-1\">\n<figure>\n\t\t\t\t\t<span style=\"cursor: pointer\" data-src=\"https:\/\/autorai.nl\/wp-content\/uploads\/2023\/07\/peugeot-e-208-2024-facelift-foto1-1600x1200.jpg\" data-fancybox=\"galery-1\" title=\"\"><br \/>\n\t\t\t\t\t\t\t<img decoding=\"async\" width=\"640\" height=\"480\" src=\"https:\/\/autorai.nl\/wp-content\/uploads\/2023\/07\/peugeot-e-208-2024-facelift-foto1-640x480.jpg\" class=\"attachment-medium size-medium\" alt=\"\" loading=\"lazy\"><i class=\"fa fa-search-plus\" aria-hidden=\"true\"><\/i><br \/>\n\t\t\t\t\t\t<\/span><br \/>\n\t\t\t\t\t<\/figure>\n<figure>\n\t\t\t\t\t<span style=\"cursor: pointer\" data-src=\"https:\/\/autorai.nl\/wp-content\/uploads\/2023\/07\/peugeot-e-208-2024-facelift-foto27-1600x1200.jpg\" data-fancybox=\"galery-1\" title=\"\"><br \/>\n\t\t\t\t\t\t\t<img decoding=\"async\" width=\"360\" height=\"270\" src=\"https:\/\/autorai.nl\/wp-content\/uploads\/2023\/07\/peugeot-e-208-2024-facelift-foto27-360x270.jpg\" class=\"attachment-small size-small\" alt=\"\" loading=\"lazy\"><i class=\"fa fa-search-plus\" aria-hidden=\"true\"><\/i><br \/>\n\t\t\t\t\t\t<\/span><br \/>\n\t\t\t\t\t<\/figure>\n<figure>\n\t\t\t\t\t<span style=\"cursor: pointer\" data-src=\"https:\/\/autorai.nl\/wp-content\/uploads\/2023\/07\/peugeot-e-208-2024-facelift-foto26-1600x1067.jpg\" data-fancybox=\"galery-1\" title=\"\"><br \/>\n\t\t\t\t\t\t\t<img decoding=\"async\" width=\"360\" height=\"270\" src=\"https:\/\/autorai.nl\/wp-content\/uploads\/2023\/07\/peugeot-e-208-2024-facelift-foto26-360x270.jpg\" class=\"attachment-small size-small\" alt=\"\" loading=\"lazy\"><i class=\"fa fa-search-plus\" aria-hidden=\"true\"><\/i><br \/>\n\t\t\t\t\t\t<\/span><br \/>\n\t\t\t\t\t<\/figure>\n<figure>\n\t\t\t\t\t<span style=\"cursor: pointer\" data-src=\"https:\/\/autorai.nl\/wp-content\/uploads\/2023\/07\/peugeot-e-208-2024-facelift-foto25-1600x1067.jpg\" data-fancybox=\"galery-1\" title=\"\"><br \/>\n\t\t\t\t\t\t\t<img decoding=\"async\" width=\"640\" height=\"480\" src=\"https:\/\/autorai.nl\/wp-content\/uploads\/2023\/07\/peugeot-e-208-2024-facelift-foto25-640x480.jpg\" class=\"attachment-medium size-medium\" alt=\"\" loading=\"lazy\"><i class=\"fa fa-search-plus\" aria-hidden=\"true\"><\/i><br \/>\n\t\t\t\t\t\t<\/span><br \/>\n\t\t\t\t\t<\/figure>\n<figure>\n\t\t\t\t\t<span style=\"cursor: pointer\" data-src=\"https:\/\/autorai.nl\/wp-content\/uploads\/2023\/07\/peugeot-e-208-2024-facelift-foto24-1600x1067.jpg\" data-fancybox=\"galery-1\" title=\"\"><br \/>\n\t\t\t\t\t\t\t<img decoding=\"async\" width=\"360\" height=\"270\" src=\"https:\/\/autorai.nl\/wp-content\/uploads\/2023\/07\/peugeot-e-208-2024-facelift-foto24-360x270.jpg\" class=\"attachment-small size-small\" alt=\"\" loading=\"lazy\"><i class=\"fa fa-search-plus\" aria-hidden=\"true\"><\/i><br \/>\n\t\t\t\t\t\t<\/span><br \/>\n\t\t\t\t\t<\/figure>\n<figure>\n\t\t\t\t\t<span style=\"cursor: pointer\" data-src=\"https:\/\/autorai.nl\/wp-content\/uploads\/2023\/07\/peugeot-e-208-2024-facelift-foto23-1600x1067.jpg\" data-fancybox=\"galery-1\" title=\"\"><br \/>\n\t\t\t\t\t\t\t<img decoding=\"async\" width=\"360\" height=\"270\" src=\"https:\/\/autorai.nl\/wp-content\/uploads\/2023\/07\/peugeot-e-208-2024-facelift-foto23-360x270.jpg\" class=\"attachment-small size-small\" alt=\"\" loading=\"lazy\"><i class=\"fa fa-search-plus\" aria-hidden=\"true\"><\/i><br \/>\n\t\t\t\t\t\t<\/span><br \/>\n\t\t\t\t\t<\/figure>\n<figure>\n\t\t\t\t\t<span style=\"cursor: pointer\" data-src=\"https:\/\/autorai.nl\/wp-content\/uploads\/2023\/07\/peugeot-e-208-2024-facelift-foto22-1600x1200.jpg\" data-fancybox=\"galery-1\" title=\"\"><br \/>\n\t\t\t\t\t\t\t<img decoding=\"async\" width=\"640\" height=\"480\" src=\"https:\/\/autorai.nl\/wp-content\/uploads\/2023\/07\/peugeot-e-208-2024-facelift-foto22-640x480.jpg\" class=\"attachment-medium size-medium\" alt=\"\" loading=\"lazy\"><i class=\"fa fa-search-plus\" aria-hidden=\"true\"><\/i><br \/>\n\t\t\t\t\t\t<\/span><br \/>\n\t\t\t\t\t<\/figure>\n<figure>\n\t\t\t\t\t<span style=\"cursor: pointer\" data-src=\"https:\/\/autorai.nl\/wp-content\/uploads\/2023\/07\/peugeot-e-208-2024-facelift-foto21-1600x1200.jpg\" data-fancybox=\"galery-1\" title=\"\"><br \/>\n\t\t\t\t\t\t\t<img decoding=\"async\" width=\"360\" height=\"270\" src=\"https:\/\/autorai.nl\/wp-content\/uploads\/2023\/07\/peugeot-e-208-2024-facelift-foto21-360x270.jpg\" class=\"attachment-small size-small\" alt=\"\" loading=\"lazy\"><i class=\"fa fa-search-plus\" aria-hidden=\"true\"><\/i><br \/>\n\t\t\t\t\t\t<\/span><br \/>\n\t\t\t\t\t<\/figure>\n<figure>\n\t\t\t\t\t<span style=\"cursor: pointer\" data-src=\"https:\/\/autorai.nl\/wp-content\/uploads\/2023\/07\/peugeot-e-208-2024-facelift-foto20-1600x1200.jpg\" data-fancybox=\"galery-1\" title=\"\"><br \/>\n\t\t\t\t\t\t\t<img decoding=\"async\" width=\"360\" height=\"270\" src=\"https:\/\/autorai.nl\/wp-content\/uploads\/2023\/07\/peugeot-e-208-2024-facelift-foto20-360x270.jpg\" class=\"attachment-small size-small\" alt=\"\" loading=\"lazy\"><i class=\"fa fa-search-plus\" aria-hidden=\"true\"><\/i><br \/>\n\t\t\t\t\t\t<\/span><br \/>\n\t\t\t\t\t<\/figure>\n<figure>\n\t\t\t\t\t<span style=\"cursor: pointer\" data-src=\"https:\/\/autorai.nl\/wp-content\/uploads\/2023\/07\/peugeot-e-208-2024-facelift-foto19-1600x1143.jpg\" data-fancybox=\"galery-1\" title=\"\"><br \/>\n\t\t\t\t\t\t\t<img decoding=\"async\" width=\"640\" height=\"480\" src=\"https:\/\/autorai.nl\/wp-content\/uploads\/2023\/07\/peugeot-e-208-2024-facelift-foto19-640x480.jpg\" class=\"attachment-medium size-medium\" alt=\"\" loading=\"lazy\"><i class=\"fa fa-search-plus\" aria-hidden=\"true\"><\/i><br \/>\n\t\t\t\t\t\t<\/span><br \/>\n\t\t\t\t\t<\/figure>\n<figure>\n\t\t\t\t\t<span style=\"cursor: pointer\" data-src=\"https:\/\/autorai.nl\/wp-content\/uploads\/2023\/07\/peugeot-e-208-2024-facelift-foto18-1600x1200.jpg\" data-fancybox=\"galery-1\" title=\"\"><br \/>\n\t\t\t\t\t\t\t<img decoding=\"async\" width=\"360\" height=\"270\" src=\"https:\/\/autorai.nl\/wp-content\/uploads\/2023\/07\/peugeot-e-208-2024-facelift-foto18-360x270.jpg\" class=\"attachment-small size-small\" alt=\"\" loading=\"lazy\"><i class=\"fa fa-search-plus\" aria-hidden=\"true\"><\/i><br \/>\n\t\t\t\t\t\t<\/span><br \/>\n\t\t\t\t\t<\/figure>\n<figure>\n\t\t\t\t\t<span style=\"cursor: pointer\" data-src=\"https:\/\/autorai.nl\/wp-content\/uploads\/2023\/07\/peugeot-e-208-2024-facelift-foto17-1600x1200.jpg\" data-fancybox=\"galery-1\" title=\"\"><br \/>\n\t\t\t\t\t\t\t<img decoding=\"async\" width=\"360\" height=\"270\" src=\"https:\/\/autorai.nl\/wp-content\/uploads\/2023\/07\/peugeot-e-208-2024-facelift-foto17-360x270.jpg\" class=\"attachment-small size-small\" alt=\"\" loading=\"lazy\"><i class=\"fa fa-search-plus\" aria-hidden=\"true\"><\/i><br \/>\n\t\t\t\t\t\t<\/span><br \/>\n\t\t\t\t\t<\/figure>\n<figure>\n\t\t\t\t\t<span style=\"cursor: pointer\" data-src=\"https:\/\/autorai.nl\/wp-content\/uploads\/2023\/07\/peugeot-e-208-2024-facelift-foto16-1600x1043.jpg\" data-fancybox=\"galery-1\" title=\"\"><br \/>\n\t\t\t\t\t\t\t<img decoding=\"async\" width=\"640\" height=\"480\" src=\"https:\/\/autorai.nl\/wp-content\/uploads\/2023\/07\/peugeot-e-208-2024-facelift-foto16-640x480.jpg\" class=\"attachment-medium size-medium\" alt=\"\" loading=\"lazy\"><i class=\"fa fa-search-plus\" aria-hidden=\"true\"><\/i><br \/>\n\t\t\t\t\t\t<\/span><br \/>\n\t\t\t\t\t<\/figure>\n<figure>\n\t\t\t\t\t<span style=\"cursor: pointer\" data-src=\"https:\/\/autorai.nl\/wp-content\/uploads\/2023\/07\/peugeot-e-208-2024-facelift-foto15-1600x1068.jpg\" data-fancybox=\"galery-1\" title=\"\"><br \/>\n\t\t\t\t\t\t\t<img decoding=\"async\" width=\"360\" height=\"270\" src=\"https:\/\/autorai.nl\/wp-content\/uploads\/2023\/07\/peugeot-e-208-2024-facelift-foto15-360x270.jpg\" class=\"attachment-small size-small\" alt=\"\" loading=\"lazy\"><i class=\"fa fa-search-plus\" aria-hidden=\"true\"><\/i><br \/>\n\t\t\t\t\t\t<\/span><br \/>\n\t\t\t\t\t<\/figure>\n<figure>\n\t\t\t\t\t<span style=\"cursor: pointer\" data-src=\"https:\/\/autorai.nl\/wp-content\/uploads\/2023\/07\/peugeot-e-208-2024-facelift-foto14-1600x1068.jpg\" data-fancybox=\"galery-1\" title=\"\"><br \/>\n\t\t\t\t\t\t\t<img decoding=\"async\" width=\"360\" height=\"270\" src=\"https:\/\/autorai.nl\/wp-content\/uploads\/2023\/07\/peugeot-e-208-2024-facelift-foto14-360x270.jpg\" class=\"attachment-small size-small\" alt=\"\" loading=\"lazy\"><i class=\"fa fa-search-plus\" aria-hidden=\"true\"><\/i><br \/>\n\t\t\t\t\t\t<\/span><br \/>\n\t\t\t\t\t<\/figure>\n<figure>\n\t\t\t\t\t<span style=\"cursor: pointer\" data-src=\"https:\/\/autorai.nl\/wp-content\/uploads\/2023\/07\/peugeot-e-208-2024-facelift-foto13-1600x1068.jpg\" data-fancybox=\"galery-1\" title=\"\"><br \/>\n\t\t\t\t\t\t\t<img decoding=\"async\" width=\"640\" height=\"480\" src=\"https:\/\/autorai.nl\/wp-content\/uploads\/2023\/07\/peugeot-e-208-2024-facelift-foto13-640x480.jpg\" class=\"attachment-medium size-medium\" alt=\"\" loading=\"lazy\"><i class=\"fa fa-search-plus\" aria-hidden=\"true\"><\/i><br \/>\n\t\t\t\t\t\t<\/span><br \/>\n\t\t\t\t\t<\/figure>\n<figure>\n\t\t\t\t\t<span style=\"cursor: pointer\" data-src=\"https:\/\/autorai.nl\/wp-content\/uploads\/2023\/07\/peugeot-e-208-2024-facelift-foto12-1600x1068.jpg\" data-fancybox=\"galery-1\" title=\"\"><br \/>\n\t\t\t\t\t\t\t<img decoding=\"async\" width=\"360\" height=\"270\" src=\"https:\/\/autorai.nl\/wp-content\/uploads\/2023\/07\/peugeot-e-208-2024-facelift-foto12-360x270.jpg\" class=\"attachment-small size-small\" alt=\"\" loading=\"lazy\"><i class=\"fa fa-search-plus\" aria-hidden=\"true\"><\/i><br \/>\n\t\t\t\t\t\t<\/span><br \/>\n\t\t\t\t\t<\/figure>\n<figure>\n\t\t\t\t\t<span style=\"cursor: pointer\" data-src=\"https:\/\/autorai.nl\/wp-content\/uploads\/2023\/07\/peugeot-e-208-2024-facelift-foto11-1600x1068.jpg\" data-fancybox=\"galery-1\" title=\"\"><br \/>\n\t\t\t\t\t\t\t<img decoding=\"async\" width=\"360\" height=\"270\" src=\"https:\/\/autorai.nl\/wp-content\/uploads\/2023\/07\/peugeot-e-208-2024-facelift-foto11-360x270.jpg\" class=\"attachment-small size-small\" alt=\"\" loading=\"lazy\"><i class=\"fa fa-search-plus\" aria-hidden=\"true\"><\/i><br \/>\n\t\t\t\t\t\t<\/span><br \/>\n\t\t\t\t\t<\/figure>\n<figure>\n\t\t\t\t\t<span style=\"cursor: pointer\" data-src=\"https:\/\/autorai.nl\/wp-content\/uploads\/2023\/07\/peugeot-e-208-2024-facelift-foto10-1600x1068.jpg\" data-fancybox=\"galery-1\" title=\"\"><br \/>\n\t\t\t\t\t\t\t<img decoding=\"async\" width=\"640\" height=\"480\" src=\"https:\/\/autorai.nl\/wp-content\/uploads\/2023\/07\/peugeot-e-208-2024-facelift-foto10-640x480.jpg\" class=\"attachment-medium size-medium\" alt=\"\" loading=\"lazy\"><i class=\"fa fa-search-plus\" aria-hidden=\"true\"><\/i><br \/>\n\t\t\t\t\t\t<\/span><br \/>\n\t\t\t\t\t<\/figure>\n<figure>\n\t\t\t\t\t<span style=\"cursor: pointer\" data-src=\"https:\/\/autorai.nl\/wp-content\/uploads\/2023\/07\/peugeot-e-208-2024-facelift-foto9-1600x1067.jpg\" data-fancybox=\"galery-1\" title=\"\"><br \/>\n\t\t\t\t\t\t\t<img decoding=\"async\" width=\"360\" height=\"270\" src=\"https:\/\/autorai.nl\/wp-content\/uploads\/2023\/07\/peugeot-e-208-2024-facelift-foto9-360x270.jpg\" class=\"attachment-small size-small\" alt=\"\" loading=\"lazy\"><i class=\"fa fa-search-plus\" aria-hidden=\"true\"><\/i><br \/>\n\t\t\t\t\t\t<\/span><br \/>\n\t\t\t\t\t<\/figure>\n<figure>\n\t\t\t\t\t<span style=\"cursor: pointer\" data-src=\"https:\/\/autorai.nl\/wp-content\/uploads\/2023\/07\/peugeot-e-208-2024-facelift-foto8-1600x1068.jpg\" data-fancybox=\"galery-1\" title=\"\"><br \/>\n\t\t\t\t\t\t\t<img decoding=\"async\" width=\"360\" height=\"270\" src=\"https:\/\/autorai.nl\/wp-content\/uploads\/2023\/07\/peugeot-e-208-2024-facelift-foto8-360x270.jpg\" class=\"attachment-small size-small\" alt=\"\" loading=\"lazy\"><i class=\"fa fa-search-plus\" aria-hidden=\"true\"><\/i><br \/>\n\t\t\t\t\t\t<\/span><br \/>\n\t\t\t\t\t<\/figure>\n<figure>\n\t\t\t\t\t<span style=\"cursor: pointer\" data-src=\"https:\/\/autorai.nl\/wp-content\/uploads\/2023\/07\/peugeot-e-208-2024-facelift-foto7-1600x1068.jpg\" data-fancybox=\"galery-1\" title=\"\"><br \/>\n\t\t\t\t\t\t\t<img decoding=\"async\" width=\"640\" height=\"480\" src=\"https:\/\/autorai.nl\/wp-content\/uploads\/2023\/07\/peugeot-e-208-2024-facelift-foto7-640x480.jpg\" class=\"attachment-medium size-medium\" alt=\"\" loading=\"lazy\"><i class=\"fa fa-search-plus\" aria-hidden=\"true\"><\/i><br \/>\n\t\t\t\t\t\t<\/span><br \/>\n\t\t\t\t\t<\/figure>\n<figure>\n\t\t\t\t\t<span style=\"cursor: pointer\" data-src=\"https:\/\/autorai.nl\/wp-content\/uploads\/2023\/07\/peugeot-e-208-2024-facelift-foto6-1600x1068.jpg\" data-fancybox=\"galery-1\" title=\"\"><br \/>\n\t\t\t\t\t\t\t<img decoding=\"async\" width=\"360\" height=\"270\" src=\"https:\/\/autorai.nl\/wp-content\/uploads\/2023\/07\/peugeot-e-208-2024-facelift-foto6-360x270.jpg\" class=\"attachment-small size-small\" alt=\"\" loading=\"lazy\"><i class=\"fa fa-search-plus\" aria-hidden=\"true\"><\/i><br \/>\n\t\t\t\t\t\t<\/span><br \/>\n\t\t\t\t\t<\/figure>\n<figure>\n\t\t\t\t\t<span style=\"cursor: pointer\" data-src=\"https:\/\/autorai.nl\/wp-content\/uploads\/2023\/07\/peugeot-e-208-2024-facelift-foto5-1600x1068.jpg\" data-fancybox=\"galery-1\" title=\"\"><br \/>\n\t\t\t\t\t\t\t<img decoding=\"async\" width=\"360\" height=\"270\" src=\"https:\/\/autorai.nl\/wp-content\/uploads\/2023\/07\/peugeot-e-208-2024-facelift-foto5-360x270.jpg\" class=\"attachment-small size-small\" alt=\"\" loading=\"lazy\"><i class=\"fa fa-search-plus\" aria-hidden=\"true\"><\/i><br \/>\n\t\t\t\t\t\t<\/span><br \/>\n\t\t\t\t\t<\/figure>\n<figure>\n\t\t\t\t\t<span style=\"cursor: pointer\" data-src=\"https:\/\/autorai.nl\/wp-content\/uploads\/2023\/07\/peugeot-e-208-2024-facelift-foto4-1600x1068.jpg\" data-fancybox=\"galery-1\" title=\"\"><br \/>\n\t\t\t\t\t\t\t<img decoding=\"async\" width=\"640\" height=\"480\" src=\"https:\/\/autorai.nl\/wp-content\/uploads\/2023\/07\/peugeot-e-208-2024-facelift-foto4-640x480.jpg\" class=\"attachment-medium size-medium\" alt=\"\" loading=\"lazy\"><i class=\"fa fa-search-plus\" aria-hidden=\"true\"><\/i><br \/>\n\t\t\t\t\t\t<\/span><br \/>\n\t\t\t\t\t<\/figure>\n<figure>\n\t\t\t\t\t<span style=\"cursor: pointer\" data-src=\"https:\/\/autorai.nl\/wp-content\/uploads\/2023\/07\/peugeot-e-208-2024-facelift-foto3-1600x1068.jpg\" data-fancybox=\"galery-1\" title=\"\"><br \/>\n\t\t\t\t\t\t\t<img decoding=\"async\" width=\"360\" height=\"270\" src=\"https:\/\/autorai.nl\/wp-content\/uploads\/2023\/07\/peugeot-e-208-2024-facelift-foto3-360x270.jpg\" class=\"attachment-small size-small\" alt=\"\" loading=\"lazy\"><i class=\"fa fa-search-plus\" aria-hidden=\"true\"><\/i><br \/>\n\t\t\t\t\t\t<\/span><br \/>\n\t\t\t\t\t<\/figure>\n<figure>\n\t\t\t\t\t<span style=\"cursor: pointer\" data-src=\"https:\/\/autorai.nl\/wp-content\/uploads\/2023\/07\/peugeot-e-208-2024-facelift-foto2-1600x1067.jpg\" data-fancybox=\"galery-1\" title=\"\"><br \/>\n\t\t\t\t\t\t\t<img decoding=\"async\" width=\"360\" height=\"270\" src=\"https:\/\/autorai.nl\/wp-content\/uploads\/2023\/07\/peugeot-e-208-2024-facelift-foto2-360x270.jpg\" class=\"attachment-small size-small\" alt=\"\" loading=\"lazy\"><i class=\"fa fa-search-plus\" aria-hidden=\"true\"><\/i><br \/>\n\t\t\t\t\t\t<\/span><br \/>\n\t\t\t\t\t<\/figure>\n<div class=\"clear\"><\/div>\n<\/div>\n","protected":false},"excerpt":{"rendered":"N\u00famero de \u00e9xito Peugeot 208 En poco m\u00e1s de tres a\u00f1os -desde su lanzamiento al mercado en 2019- se han&hellip;","protected":false},"author":0,"featured_media":137111,"comment_status":"","ping_status":"open","sticky":false,"template":"","format":"standard","meta":{"footnotes":""},"categories":[129,126],"tags":[],"class_list":["post-137125","post","type-post","status-publish","format-standard","has-post-thumbnail","hentry","category-fondo","category-noticias-de-autos"],"acf":[],"yoast_head":"<!-- This site is optimized with the Yoast SEO plugin v21.2 - https:\/\/yoast.com\/wordpress\/plugins\/seo\/ -->\n<title>Todo sobre la actualizaci\u00f3n del Peugeot 208 (2024) - All cars news<\/title>\n<meta name=\"robots\" content=\"index, follow, max-snippet:-1, max-image-preview:large, max-video-preview:-1\" \/>\n<link rel=\"canonical\" href=\"https:\/\/all-car-news.com\/es\/todo-sobre-la-actualizacion-del-peugeot-208-2024\/\" \/>\n<meta property=\"og:locale\" content=\"es_ES\" \/>\n<meta property=\"og:type\" content=\"article\" \/>\n<meta property=\"og:title\" content=\"Todo sobre la actualizaci\u00f3n del Peugeot 208 (2024) - All cars news\" \/>\n<meta property=\"og:description\" content=\"N\u00famero de \u00e9xito Peugeot 208 En poco m\u00e1s de tres a\u00f1os -desde su lanzamiento al mercado en 2019- se han producido casi 1.000.000 de unidades del PEUGEOT 208 en todo el mundo. En 2021 y 2022, el Peugeot 208 fue el modelo m\u00e1s vendido en general en Europa y el coche m\u00e1s vendido en los Pa\u00edses Bajos en 2022. Este \u00e9xito se debe en parte a la popularidad del [...]\" \/>\n<meta property=\"og:url\" content=\"https:\/\/all-car-news.com\/es\/todo-sobre-la-actualizacion-del-peugeot-208-2024\/\" \/>\n<meta property=\"og:site_name\" content=\"All cars news\" \/>\n<meta property=\"article:published_time\" content=\"2023-07-13T13:53:45+00:00\" \/>\n<meta property=\"og:image\" content=\"https:\/\/autorai.nl\/wp-content\/uploads\/2023\/07\/peugeot-208-2024-foto1-1140x634.jpg\" \/>\n<meta name=\"twitter:card\" content=\"summary_large_image\" \/>\n<meta name=\"twitter:label1\" content=\"Tiempo de lectura\" \/>\n\t<meta name=\"twitter:data1\" content=\"14 minutos\" \/>\n<script type=\"application\/ld+json\" class=\"yoast-schema-graph\">{\"@context\":\"https:\/\/schema.org\",\"@graph\":[{\"@type\":\"Article\",\"@id\":\"https:\/\/all-car-news.com\/es\/todo-sobre-la-actualizacion-del-peugeot-208-2024\/#article\",\"isPartOf\":{\"@id\":\"https:\/\/all-car-news.com\/es\/todo-sobre-la-actualizacion-del-peugeot-208-2024\/\"},\"author\":{\"name\":\"\",\"@id\":\"\"},\"headline\":\"Todo sobre la actualizaci\u00f3n del Peugeot 208 (2024)\",\"datePublished\":\"2023-07-13T13:53:45+00:00\",\"dateModified\":\"2023-07-13T13:53:45+00:00\",\"mainEntityOfPage\":{\"@id\":\"https:\/\/all-car-news.com\/es\/todo-sobre-la-actualizacion-del-peugeot-208-2024\/\"},\"wordCount\":2839,\"publisher\":{\"@id\":\"https:\/\/all-car-news.com\/es\/#organization\"},\"articleSection\":[\"Fondo\",\"noticias de autos\"],\"inLanguage\":\"es\"},{\"@type\":\"WebPage\",\"@id\":\"https:\/\/all-car-news.com\/es\/todo-sobre-la-actualizacion-del-peugeot-208-2024\/\",\"url\":\"https:\/\/all-car-news.com\/es\/todo-sobre-la-actualizacion-del-peugeot-208-2024\/\",\"name\":\"Todo sobre la actualizaci\u00f3n del Peugeot 208 (2024) - All cars news\",\"isPartOf\":{\"@id\":\"https:\/\/all-car-news.com\/es\/#website\"},\"datePublished\":\"2023-07-13T13:53:45+00:00\",\"dateModified\":\"2023-07-13T13:53:45+00:00\",\"breadcrumb\":{\"@id\":\"https:\/\/all-car-news.com\/es\/todo-sobre-la-actualizacion-del-peugeot-208-2024\/#breadcrumb\"},\"inLanguage\":\"es\",\"potentialAction\":[{\"@type\":\"ReadAction\",\"target\":[\"https:\/\/all-car-news.com\/es\/todo-sobre-la-actualizacion-del-peugeot-208-2024\/\"]}]},{\"@type\":\"BreadcrumbList\",\"@id\":\"https:\/\/all-car-news.com\/es\/todo-sobre-la-actualizacion-del-peugeot-208-2024\/#breadcrumb\",\"itemListElement\":[{\"@type\":\"ListItem\",\"position\":1,\"name\":\"Home\",\"item\":\"https:\/\/all-car-news.com\/es\/\"},{\"@type\":\"ListItem\",\"position\":2,\"name\":\"Todo sobre la actualizaci\u00f3n del Peugeot 208 (2024)\"}]},{\"@type\":\"WebSite\",\"@id\":\"https:\/\/all-car-news.com\/es\/#website\",\"url\":\"https:\/\/all-car-news.com\/es\/\",\"name\":\"All cars news\",\"description\":\"\",\"publisher\":{\"@id\":\"https:\/\/all-car-news.com\/es\/#organization\"},\"potentialAction\":[{\"@type\":\"SearchAction\",\"target\":{\"@type\":\"EntryPoint\",\"urlTemplate\":\"https:\/\/all-car-news.com\/es\/?s={search_term_string}\"},\"query-input\":\"required name=search_term_string\"}],\"inLanguage\":\"es\"},{\"@type\":\"Organization\",\"@id\":\"https:\/\/all-car-news.com\/es\/#organization\",\"name\":\"All cars news\",\"url\":\"https:\/\/all-car-news.com\/es\/\",\"logo\":{\"@type\":\"ImageObject\",\"inLanguage\":\"es\",\"@id\":\"https:\/\/all-car-news.com\/es\/#\/schema\/logo\/image\/\",\"url\":\"https:\/\/all-car-news.com\/wp-content\/uploads\/2022\/02\/CMYK-AllCarNews_LANDSCAPE_300px-1.png\",\"contentUrl\":\"https:\/\/all-car-news.com\/wp-content\/uploads\/2022\/02\/CMYK-AllCarNews_LANDSCAPE_300px-1.png\",\"width\":300,\"height\":100,\"caption\":\"All cars news\"},\"image\":{\"@id\":\"https:\/\/all-car-news.com\/es\/#\/schema\/logo\/image\/\"}}]}<\/script>\n<!-- \/ Yoast SEO plugin. -->","yoast_head_json":{"title":"Todo sobre la actualizaci\u00f3n del Peugeot 208 (2024) - All cars news","robots":{"index":"index","follow":"follow","max-snippet":"max-snippet:-1","max-image-preview":"max-image-preview:large","max-video-preview":"max-video-preview:-1"},"canonical":"https:\/\/all-car-news.com\/es\/todo-sobre-la-actualizacion-del-peugeot-208-2024\/","og_locale":"es_ES","og_type":"article","og_title":"Todo sobre la actualizaci\u00f3n del Peugeot 208 (2024) - All cars news","og_description":"N\u00famero de \u00e9xito Peugeot 208 En poco m\u00e1s de tres a\u00f1os -desde su lanzamiento al mercado en 2019- se han producido casi 1.000.000 de unidades del PEUGEOT 208 en todo el mundo. En 2021 y 2022, el Peugeot 208 fue el modelo m\u00e1s vendido en general en Europa y el coche m\u00e1s vendido en los Pa\u00edses Bajos en 2022. Este \u00e9xito se debe en parte a la popularidad del [...]","og_url":"https:\/\/all-car-news.com\/es\/todo-sobre-la-actualizacion-del-peugeot-208-2024\/","og_site_name":"All cars news","article_published_time":"2023-07-13T13:53:45+00:00","og_image":[{"url":"https:\/\/autorai.nl\/wp-content\/uploads\/2023\/07\/peugeot-208-2024-foto1-1140x634.jpg"}],"twitter_card":"summary_large_image","twitter_misc":{"Tiempo de lectura":"14 minutos"},"schema":{"@context":"https:\/\/schema.org","@graph":[{"@type":"Article","@id":"https:\/\/all-car-news.com\/es\/todo-sobre-la-actualizacion-del-peugeot-208-2024\/#article","isPartOf":{"@id":"https:\/\/all-car-news.com\/es\/todo-sobre-la-actualizacion-del-peugeot-208-2024\/"},"author":{"name":"","@id":""},"headline":"Todo sobre la actualizaci\u00f3n del Peugeot 208 (2024)","datePublished":"2023-07-13T13:53:45+00:00","dateModified":"2023-07-13T13:53:45+00:00","mainEntityOfPage":{"@id":"https:\/\/all-car-news.com\/es\/todo-sobre-la-actualizacion-del-peugeot-208-2024\/"},"wordCount":2839,"publisher":{"@id":"https:\/\/all-car-news.com\/es\/#organization"},"articleSection":["Fondo","noticias de autos"],"inLanguage":"es"},{"@type":"WebPage","@id":"https:\/\/all-car-news.com\/es\/todo-sobre-la-actualizacion-del-peugeot-208-2024\/","url":"https:\/\/all-car-news.com\/es\/todo-sobre-la-actualizacion-del-peugeot-208-2024\/","name":"Todo sobre la actualizaci\u00f3n del Peugeot 208 (2024) - All cars news","isPartOf":{"@id":"https:\/\/all-car-news.com\/es\/#website"},"datePublished":"2023-07-13T13:53:45+00:00","dateModified":"2023-07-13T13:53:45+00:00","breadcrumb":{"@id":"https:\/\/all-car-news.com\/es\/todo-sobre-la-actualizacion-del-peugeot-208-2024\/#breadcrumb"},"inLanguage":"es","potentialAction":[{"@type":"ReadAction","target":["https:\/\/all-car-news.com\/es\/todo-sobre-la-actualizacion-del-peugeot-208-2024\/"]}]},{"@type":"BreadcrumbList","@id":"https:\/\/all-car-news.com\/es\/todo-sobre-la-actualizacion-del-peugeot-208-2024\/#breadcrumb","itemListElement":[{"@type":"ListItem","position":1,"name":"Home","item":"https:\/\/all-car-news.com\/es\/"},{"@type":"ListItem","position":2,"name":"Todo sobre la actualizaci\u00f3n del Peugeot 208 (2024)"}]},{"@type":"WebSite","@id":"https:\/\/all-car-news.com\/es\/#website","url":"https:\/\/all-car-news.com\/es\/","name":"All cars news","description":"","publisher":{"@id":"https:\/\/all-car-news.com\/es\/#organization"},"potentialAction":[{"@type":"SearchAction","target":{"@type":"EntryPoint","urlTemplate":"https:\/\/all-car-news.com\/es\/?s={search_term_string}"},"query-input":"required name=search_term_string"}],"inLanguage":"es"},{"@type":"Organization","@id":"https:\/\/all-car-news.com\/es\/#organization","name":"All cars news","url":"https:\/\/all-car-news.com\/es\/","logo":{"@type":"ImageObject","inLanguage":"es","@id":"https:\/\/all-car-news.com\/es\/#\/schema\/logo\/image\/","url":"https:\/\/all-car-news.com\/wp-content\/uploads\/2022\/02\/CMYK-AllCarNews_LANDSCAPE_300px-1.png","contentUrl":"https:\/\/all-car-news.com\/wp-content\/uploads\/2022\/02\/CMYK-AllCarNews_LANDSCAPE_300px-1.png","width":300,"height":100,"caption":"All cars news"},"image":{"@id":"https:\/\/all-car-news.com\/es\/#\/schema\/logo\/image\/"}}]}},"_links":{"self":[{"href":"https:\/\/all-car-news.com\/es\/wp-json\/wp\/v2\/posts\/137125","targetHints":{"allow":["GET"]}}],"collection":[{"href":"https:\/\/all-car-news.com\/es\/wp-json\/wp\/v2\/posts"}],"about":[{"href":"https:\/\/all-car-news.com\/es\/wp-json\/wp\/v2\/types\/post"}],"replies":[{"embeddable":true,"href":"https:\/\/all-car-news.com\/es\/wp-json\/wp\/v2\/comments?post=137125"}],"version-history":[{"count":0,"href":"https:\/\/all-car-news.com\/es\/wp-json\/wp\/v2\/posts\/137125\/revisions"}],"wp:featuredmedia":[{"embeddable":true,"href":"https:\/\/all-car-news.com\/es\/wp-json\/wp\/v2\/media\/137111"}],"wp:attachment":[{"href":"https:\/\/all-car-news.com\/es\/wp-json\/wp\/v2\/media?parent=137125"}],"wp:term":[{"taxonomy":"category","embeddable":true,"href":"https:\/\/all-car-news.com\/es\/wp-json\/wp\/v2\/categories?post=137125"},{"taxonomy":"post_tag","embeddable":true,"href":"https:\/\/all-car-news.com\/es\/wp-json\/wp\/v2\/tags?post=137125"}],"curies":[{"name":"wp","href":"https:\/\/api.w.org\/{rel}","templated":true}]}}