{"id":136810,"date":"2023-06-28T08:11:52","date_gmt":"2023-06-28T08:11:52","guid":{"rendered":"https:\/\/all-car-news.com\/el-precio-del-volkswagen-polo-gti-edition-25-sorprende-un-poco\/"},"modified":"2023-06-28T08:11:52","modified_gmt":"2023-06-28T08:11:52","slug":"el-precio-del-volkswagen-polo-gti-edition-25-sorprende-un-poco","status":"publish","type":"post","link":"https:\/\/all-car-news.com\/es\/el-precio-del-volkswagen-polo-gti-edition-25-sorprende-un-poco\/","title":{"rendered":"El precio del Volkswagen Polo GTI Edition 25 sorprende un poco"},"content":{"rendered":"<h2>25 a\u00f1os del Polo GTI<\/h2>\n<p>El Volkswagen Polo GTI Edition 25 es una oda al 25 aniversario del Polo GTI. Los Pa\u00edses Bajos, como ya se ha dicho, obtienen 25. Bajo el cap\u00f3, el hot hatch monta el conocido motor turboalimentado 2.0 TSI de cuatro cilindros, 152 kW\/207 CV y 320 Nm.<\/p>\n<h2>Todas las opciones<\/h2>\n<p>Pr\u00e1cticamente toda la lista de opciones se incluye de serie en este Polo GTI. Algunos ejemplos son el sistema de sonido Beats, el techo corredizo\/inclinable panor\u00e1mico de accionamiento el\u00e9ctrico, el sistema de navegaci\u00f3n \u00abDiscover Pro\u00bb (23,4 cm) con seis altavoces, el Digital Cockpit Pro (26 cm), los asientos delanteros calefactables, el sistema de cierre y arranque sin llave (Keyless Access), el Travel Assist (incl. control de crucero adaptativo) y la iluminaci\u00f3n de faros Matrix LED (IQ.Light).<\/p>\n<figure class=\"wp-block-image size-content\"><img decoding=\"async\" loading=\"lazy\" width=\"1140\" height=\"760\" src=\"https:\/\/autorai.nl\/wp-content\/uploads\/2023\/06\/pologtiedition2511-1140x760.jpg\" alt=\"Volkswagen Polo GTI Edition 25\" class=\"wp-image-161658\"><figcaption>Martin Meiners<\/figcaption><\/figure>\n<h2>Caracter\u00edsticas Volkswagen Polo GTI Edition 25<\/h2>\n<p>Adem\u00e1s, la versi\u00f3n Edition 25 se identifica f\u00e1cilmente por varios detalles. Los ejemplos incluyen llantas de aleaci\u00f3n negras de 18 pulgadas \u00abAdelaide\u00bb, calcoman\u00edas especiales Edition 25 en los flancos, techo negro y retrovisores negros. En el interior destacan los asientos deportivos premium con tapicer\u00eda de cuero negro-rojo \u00abEdition 25\u00bb, los paneles de los umbrales de las puertas con la inscripci\u00f3n \u00abUno de 2.500\u00bb e incrustaciones decorativas en negro de alto brillo.  <\/p>\n<h2>El precio&#8230;<\/h2>\n<p>Adem\u00e1s de los conocidos colores GTI Blanco Puro, Rojo Reyes Metalizado, Azul Arrecife Metalizado y Negro Profundo Efecto Perla, el Polo GTI Edition 25 tambi\u00e9n est\u00e1 disponible en el exclusivo color Gris Ascot. \u00bfEl precio? El Volkswagen Polo GTI Edition 25 ya est\u00e1 a la venta en los concesionarios Volkswagen, a partir de 49.390 euros. Casi 50 de los grandes, en otras palabras.<\/p>\n<div class=\"galery shuffle galery-0\">\n<figure>\n\t\t\t\t\t<span style=\"cursor: pointer\" data-src=\"https:\/\/autorai.nl\/wp-content\/uploads\/2023\/06\/pologtiedition25-1600x900.jpg\" data-fancybox=\"galery-0\" title=\"Martin Meiners\"><br \/>\n\t\t\t\t\t\t\t<img decoding=\"async\" width=\"640\" height=\"480\" src=\"https:\/\/autorai.nl\/wp-content\/uploads\/2023\/06\/pologtiedition25-640x480.jpg\" class=\"attachment-medium size-medium\" alt=\"\" loading=\"lazy\"><i class=\"fa fa-search-plus\" aria-hidden=\"true\"><\/i><br \/>\n\t\t\t\t\t\t<\/span><br \/>\n\t\t\t\t\t<\/figure>\n<figure>\n\t\t\t\t\t<span style=\"cursor: pointer\" data-src=\"https:\/\/autorai.nl\/wp-content\/uploads\/2023\/06\/pologtiedition2512-1600x1067.jpg\" data-fancybox=\"galery-0\" title=\"Martin Meiners\"><br \/>\n\t\t\t\t\t\t\t<img decoding=\"async\" width=\"360\" height=\"270\" src=\"https:\/\/autorai.nl\/wp-content\/uploads\/2023\/06\/pologtiedition2512-360x270.jpg\" class=\"attachment-small size-small\" alt=\"Volkswagen Polo GTI Edition 25\" loading=\"lazy\"><i class=\"fa fa-search-plus\" aria-hidden=\"true\"><\/i><br \/>\n\t\t\t\t\t\t<\/span><br \/>\n\t\t\t\t\t<\/figure>\n<figure>\n\t\t\t\t\t<span style=\"cursor: pointer\" data-src=\"https:\/\/autorai.nl\/wp-content\/uploads\/2023\/06\/pologtiedition258-1600x1067.jpg\" data-fancybox=\"galery-0\" title=\"Martin Meiners\"><br \/>\n\t\t\t\t\t\t\t<img decoding=\"async\" width=\"360\" height=\"270\" src=\"https:\/\/autorai.nl\/wp-content\/uploads\/2023\/06\/pologtiedition258-360x270.jpg\" class=\"attachment-small size-small\" alt=\"\" loading=\"lazy\"><i class=\"fa fa-search-plus\" aria-hidden=\"true\"><\/i><br \/>\n\t\t\t\t\t\t<\/span><br \/>\n\t\t\t\t\t<\/figure>\n<figure>\n\t\t\t\t\t<span style=\"cursor: pointer\" data-src=\"https:\/\/autorai.nl\/wp-content\/uploads\/2023\/06\/pologtiedition253-1-1600x1068.jpg\" data-fancybox=\"galery-0\" title=\"Martin Meiners\"><br \/>\n\t\t\t\t\t\t\t<img decoding=\"async\" width=\"640\" height=\"480\" src=\"https:\/\/autorai.nl\/wp-content\/uploads\/2023\/06\/pologtiedition253-1-640x480.jpg\" class=\"attachment-medium size-medium\" alt=\"\" loading=\"lazy\"><i class=\"fa fa-search-plus\" aria-hidden=\"true\"><\/i><br \/>\n\t\t\t\t\t\t<\/span><br \/>\n\t\t\t\t\t<\/figure>\n<figure>\n\t\t\t\t\t<span style=\"cursor: pointer\" data-src=\"https:\/\/autorai.nl\/wp-content\/uploads\/2023\/06\/pologtiedition2511-1600x1067.jpg\" data-fancybox=\"galery-0\" title=\"Martin Meiners\"><br \/>\n\t\t\t\t\t\t\t<img decoding=\"async\" width=\"360\" height=\"270\" src=\"https:\/\/autorai.nl\/wp-content\/uploads\/2023\/06\/pologtiedition2511-360x270.jpg\" class=\"attachment-small size-small\" alt=\"Volkswagen Polo GTI Edition 25\" loading=\"lazy\"><i class=\"fa fa-search-plus\" aria-hidden=\"true\"><\/i><br \/>\n\t\t\t\t\t\t<\/span><br \/>\n\t\t\t\t\t<\/figure>\n<figure>\n\t\t\t\t\t<span style=\"cursor: pointer\" data-src=\"https:\/\/autorai.nl\/wp-content\/uploads\/2023\/06\/pologtiedition257-1600x1068.jpg\" data-fancybox=\"galery-0\" title=\"Martin Meiners\"><br \/>\n\t\t\t\t\t\t\t<img decoding=\"async\" width=\"360\" height=\"270\" src=\"https:\/\/autorai.nl\/wp-content\/uploads\/2023\/06\/pologtiedition257-360x270.jpg\" class=\"attachment-small size-small\" alt=\"\" loading=\"lazy\"><i class=\"fa fa-search-plus\" aria-hidden=\"true\"><\/i><br \/>\n\t\t\t\t\t\t<\/span><br \/>\n\t\t\t\t\t<\/figure>\n<figure>\n\t\t\t\t\t<span style=\"cursor: pointer\" data-src=\"https:\/\/autorai.nl\/wp-content\/uploads\/2023\/06\/pologtiedition251-1-1600x900.jpg\" data-fancybox=\"galery-0\" title=\"Martin Meiners\"><br \/>\n\t\t\t\t\t\t\t<img decoding=\"async\" width=\"640\" height=\"480\" src=\"https:\/\/autorai.nl\/wp-content\/uploads\/2023\/06\/pologtiedition251-1-640x480.jpg\" class=\"attachment-medium size-medium\" alt=\"\" loading=\"lazy\"><i class=\"fa fa-search-plus\" aria-hidden=\"true\"><\/i><br \/>\n\t\t\t\t\t\t<\/span><br \/>\n\t\t\t\t\t<\/figure>\n<figure>\n\t\t\t\t\t<span style=\"cursor: pointer\" data-src=\"https:\/\/autorai.nl\/wp-content\/uploads\/2023\/06\/pologtiedition256-1-1600x1068.jpg\" data-fancybox=\"galery-0\" title=\"Martin Meiners\"><br \/>\n\t\t\t\t\t\t\t<img decoding=\"async\" width=\"360\" height=\"270\" src=\"https:\/\/autorai.nl\/wp-content\/uploads\/2023\/06\/pologtiedition256-1-360x270.jpg\" class=\"attachment-small size-small\" alt=\"\" loading=\"lazy\"><i class=\"fa fa-search-plus\" aria-hidden=\"true\"><\/i><br \/>\n\t\t\t\t\t\t<\/span><br \/>\n\t\t\t\t\t<\/figure>\n<figure>\n\t\t\t\t\t<span style=\"cursor: pointer\" data-src=\"https:\/\/autorai.nl\/wp-content\/uploads\/2023\/06\/pologtiedition254-1600x1068.jpg\" data-fancybox=\"galery-0\" title=\"Martin Meiners\"><br \/>\n\t\t\t\t\t\t\t<img decoding=\"async\" width=\"360\" height=\"270\" src=\"https:\/\/autorai.nl\/wp-content\/uploads\/2023\/06\/pologtiedition254-360x270.jpg\" class=\"attachment-small size-small\" alt=\"\" loading=\"lazy\"><i class=\"fa fa-search-plus\" aria-hidden=\"true\"><\/i><br \/>\n\t\t\t\t\t\t<\/span><br \/>\n\t\t\t\t\t<\/figure>\n<div class=\"clear\"><\/div>\n<\/div>\n","protected":false},"excerpt":{"rendered":"25 a\u00f1os del Polo GTI El Volkswagen Polo GTI Edition 25 es una oda al 25 aniversario del Polo GTI.&hellip;","protected":false},"author":0,"featured_media":136783,"comment_status":"","ping_status":"open","sticky":false,"template":"","format":"standard","meta":{"footnotes":""},"categories":[126],"tags":[],"class_list":["post-136810","post","type-post","status-publish","format-standard","has-post-thumbnail","hentry","category-noticias-de-autos"],"acf":[],"yoast_head":"<!-- This site is optimized with the Yoast SEO plugin v21.2 - https:\/\/yoast.com\/wordpress\/plugins\/seo\/ -->\n<title>El precio del Volkswagen Polo GTI Edition 25 sorprende un poco - All cars news<\/title>\n<meta name=\"robots\" content=\"index, follow, max-snippet:-1, max-image-preview:large, max-video-preview:-1\" \/>\n<link rel=\"canonical\" href=\"https:\/\/all-car-news.com\/es\/el-precio-del-volkswagen-polo-gti-edition-25-sorprende-un-poco\/\" \/>\n<meta property=\"og:locale\" content=\"es_ES\" \/>\n<meta property=\"og:type\" content=\"article\" \/>\n<meta property=\"og:title\" content=\"El precio del Volkswagen Polo GTI Edition 25 sorprende un poco - All cars news\" \/>\n<meta property=\"og:description\" content=\"25 a\u00f1os del Polo GTI El Volkswagen Polo GTI Edition 25 es una oda al 25 aniversario del Polo GTI. Los Pa\u00edses Bajos, como ya se ha dicho, obtienen 25. Bajo el cap\u00f3, el hot hatch monta el conocido motor turboalimentado 2.0 TSI de cuatro cilindros, 152 kW\/207 CV y 320 Nm. Todas las opciones Pr\u00e1cticamente toda la lista de opciones [...]\" \/>\n<meta property=\"og:url\" content=\"https:\/\/all-car-news.com\/es\/el-precio-del-volkswagen-polo-gti-edition-25-sorprende-un-poco\/\" \/>\n<meta property=\"og:site_name\" content=\"All cars news\" \/>\n<meta property=\"article:published_time\" content=\"2023-06-28T08:11:52+00:00\" \/>\n<meta property=\"og:image\" content=\"https:\/\/autorai.nl\/wp-content\/uploads\/2023\/06\/pologtiedition2511-1140x760.jpg\" \/>\n<meta name=\"twitter:card\" content=\"summary_large_image\" \/>\n<meta name=\"twitter:label1\" content=\"Tiempo de lectura\" \/>\n\t<meta name=\"twitter:data1\" content=\"1 minuto\" \/>\n<script type=\"application\/ld+json\" class=\"yoast-schema-graph\">{\"@context\":\"https:\/\/schema.org\",\"@graph\":[{\"@type\":\"Article\",\"@id\":\"https:\/\/all-car-news.com\/es\/el-precio-del-volkswagen-polo-gti-edition-25-sorprende-un-poco\/#article\",\"isPartOf\":{\"@id\":\"https:\/\/all-car-news.com\/es\/el-precio-del-volkswagen-polo-gti-edition-25-sorprende-un-poco\/\"},\"author\":{\"name\":\"\",\"@id\":\"\"},\"headline\":\"El precio del Volkswagen Polo GTI Edition 25 sorprende un poco\",\"datePublished\":\"2023-06-28T08:11:52+00:00\",\"dateModified\":\"2023-06-28T08:11:52+00:00\",\"mainEntityOfPage\":{\"@id\":\"https:\/\/all-car-news.com\/es\/el-precio-del-volkswagen-polo-gti-edition-25-sorprende-un-poco\/\"},\"wordCount\":285,\"publisher\":{\"@id\":\"https:\/\/all-car-news.com\/es\/#organization\"},\"articleSection\":[\"noticias de autos\"],\"inLanguage\":\"es\"},{\"@type\":\"WebPage\",\"@id\":\"https:\/\/all-car-news.com\/es\/el-precio-del-volkswagen-polo-gti-edition-25-sorprende-un-poco\/\",\"url\":\"https:\/\/all-car-news.com\/es\/el-precio-del-volkswagen-polo-gti-edition-25-sorprende-un-poco\/\",\"name\":\"El precio del Volkswagen Polo GTI Edition 25 sorprende un poco - All cars news\",\"isPartOf\":{\"@id\":\"https:\/\/all-car-news.com\/es\/#website\"},\"datePublished\":\"2023-06-28T08:11:52+00:00\",\"dateModified\":\"2023-06-28T08:11:52+00:00\",\"breadcrumb\":{\"@id\":\"https:\/\/all-car-news.com\/es\/el-precio-del-volkswagen-polo-gti-edition-25-sorprende-un-poco\/#breadcrumb\"},\"inLanguage\":\"es\",\"potentialAction\":[{\"@type\":\"ReadAction\",\"target\":[\"https:\/\/all-car-news.com\/es\/el-precio-del-volkswagen-polo-gti-edition-25-sorprende-un-poco\/\"]}]},{\"@type\":\"BreadcrumbList\",\"@id\":\"https:\/\/all-car-news.com\/es\/el-precio-del-volkswagen-polo-gti-edition-25-sorprende-un-poco\/#breadcrumb\",\"itemListElement\":[{\"@type\":\"ListItem\",\"position\":1,\"name\":\"Home\",\"item\":\"https:\/\/all-car-news.com\/es\/\"},{\"@type\":\"ListItem\",\"position\":2,\"name\":\"El precio del Volkswagen Polo GTI Edition 25 sorprende un poco\"}]},{\"@type\":\"WebSite\",\"@id\":\"https:\/\/all-car-news.com\/es\/#website\",\"url\":\"https:\/\/all-car-news.com\/es\/\",\"name\":\"All cars news\",\"description\":\"\",\"publisher\":{\"@id\":\"https:\/\/all-car-news.com\/es\/#organization\"},\"potentialAction\":[{\"@type\":\"SearchAction\",\"target\":{\"@type\":\"EntryPoint\",\"urlTemplate\":\"https:\/\/all-car-news.com\/es\/?s={search_term_string}\"},\"query-input\":\"required name=search_term_string\"}],\"inLanguage\":\"es\"},{\"@type\":\"Organization\",\"@id\":\"https:\/\/all-car-news.com\/es\/#organization\",\"name\":\"All cars news\",\"url\":\"https:\/\/all-car-news.com\/es\/\",\"logo\":{\"@type\":\"ImageObject\",\"inLanguage\":\"es\",\"@id\":\"https:\/\/all-car-news.com\/es\/#\/schema\/logo\/image\/\",\"url\":\"https:\/\/all-car-news.com\/wp-content\/uploads\/2022\/02\/CMYK-AllCarNews_LANDSCAPE_300px-1.png\",\"contentUrl\":\"https:\/\/all-car-news.com\/wp-content\/uploads\/2022\/02\/CMYK-AllCarNews_LANDSCAPE_300px-1.png\",\"width\":300,\"height\":100,\"caption\":\"All cars news\"},\"image\":{\"@id\":\"https:\/\/all-car-news.com\/es\/#\/schema\/logo\/image\/\"}}]}<\/script>\n<!-- \/ Yoast SEO plugin. -->","yoast_head_json":{"title":"El precio del Volkswagen Polo GTI Edition 25 sorprende un poco - All cars news","robots":{"index":"index","follow":"follow","max-snippet":"max-snippet:-1","max-image-preview":"max-image-preview:large","max-video-preview":"max-video-preview:-1"},"canonical":"https:\/\/all-car-news.com\/es\/el-precio-del-volkswagen-polo-gti-edition-25-sorprende-un-poco\/","og_locale":"es_ES","og_type":"article","og_title":"El precio del Volkswagen Polo GTI Edition 25 sorprende un poco - All cars news","og_description":"25 a\u00f1os del Polo GTI El Volkswagen Polo GTI Edition 25 es una oda al 25 aniversario del Polo GTI. Los Pa\u00edses Bajos, como ya se ha dicho, obtienen 25. Bajo el cap\u00f3, el hot hatch monta el conocido motor turboalimentado 2.0 TSI de cuatro cilindros, 152 kW\/207 CV y 320 Nm. Todas las opciones Pr\u00e1cticamente toda la lista de opciones [...]","og_url":"https:\/\/all-car-news.com\/es\/el-precio-del-volkswagen-polo-gti-edition-25-sorprende-un-poco\/","og_site_name":"All cars news","article_published_time":"2023-06-28T08:11:52+00:00","og_image":[{"url":"https:\/\/autorai.nl\/wp-content\/uploads\/2023\/06\/pologtiedition2511-1140x760.jpg"}],"twitter_card":"summary_large_image","twitter_misc":{"Tiempo de lectura":"1 minuto"},"schema":{"@context":"https:\/\/schema.org","@graph":[{"@type":"Article","@id":"https:\/\/all-car-news.com\/es\/el-precio-del-volkswagen-polo-gti-edition-25-sorprende-un-poco\/#article","isPartOf":{"@id":"https:\/\/all-car-news.com\/es\/el-precio-del-volkswagen-polo-gti-edition-25-sorprende-un-poco\/"},"author":{"name":"","@id":""},"headline":"El precio del Volkswagen Polo GTI Edition 25 sorprende un poco","datePublished":"2023-06-28T08:11:52+00:00","dateModified":"2023-06-28T08:11:52+00:00","mainEntityOfPage":{"@id":"https:\/\/all-car-news.com\/es\/el-precio-del-volkswagen-polo-gti-edition-25-sorprende-un-poco\/"},"wordCount":285,"publisher":{"@id":"https:\/\/all-car-news.com\/es\/#organization"},"articleSection":["noticias de autos"],"inLanguage":"es"},{"@type":"WebPage","@id":"https:\/\/all-car-news.com\/es\/el-precio-del-volkswagen-polo-gti-edition-25-sorprende-un-poco\/","url":"https:\/\/all-car-news.com\/es\/el-precio-del-volkswagen-polo-gti-edition-25-sorprende-un-poco\/","name":"El precio del Volkswagen Polo GTI Edition 25 sorprende un poco - All cars news","isPartOf":{"@id":"https:\/\/all-car-news.com\/es\/#website"},"datePublished":"2023-06-28T08:11:52+00:00","dateModified":"2023-06-28T08:11:52+00:00","breadcrumb":{"@id":"https:\/\/all-car-news.com\/es\/el-precio-del-volkswagen-polo-gti-edition-25-sorprende-un-poco\/#breadcrumb"},"inLanguage":"es","potentialAction":[{"@type":"ReadAction","target":["https:\/\/all-car-news.com\/es\/el-precio-del-volkswagen-polo-gti-edition-25-sorprende-un-poco\/"]}]},{"@type":"BreadcrumbList","@id":"https:\/\/all-car-news.com\/es\/el-precio-del-volkswagen-polo-gti-edition-25-sorprende-un-poco\/#breadcrumb","itemListElement":[{"@type":"ListItem","position":1,"name":"Home","item":"https:\/\/all-car-news.com\/es\/"},{"@type":"ListItem","position":2,"name":"El precio del Volkswagen Polo GTI Edition 25 sorprende un poco"}]},{"@type":"WebSite","@id":"https:\/\/all-car-news.com\/es\/#website","url":"https:\/\/all-car-news.com\/es\/","name":"All cars news","description":"","publisher":{"@id":"https:\/\/all-car-news.com\/es\/#organization"},"potentialAction":[{"@type":"SearchAction","target":{"@type":"EntryPoint","urlTemplate":"https:\/\/all-car-news.com\/es\/?s={search_term_string}"},"query-input":"required name=search_term_string"}],"inLanguage":"es"},{"@type":"Organization","@id":"https:\/\/all-car-news.com\/es\/#organization","name":"All cars news","url":"https:\/\/all-car-news.com\/es\/","logo":{"@type":"ImageObject","inLanguage":"es","@id":"https:\/\/all-car-news.com\/es\/#\/schema\/logo\/image\/","url":"https:\/\/all-car-news.com\/wp-content\/uploads\/2022\/02\/CMYK-AllCarNews_LANDSCAPE_300px-1.png","contentUrl":"https:\/\/all-car-news.com\/wp-content\/uploads\/2022\/02\/CMYK-AllCarNews_LANDSCAPE_300px-1.png","width":300,"height":100,"caption":"All cars news"},"image":{"@id":"https:\/\/all-car-news.com\/es\/#\/schema\/logo\/image\/"}}]}},"_links":{"self":[{"href":"https:\/\/all-car-news.com\/es\/wp-json\/wp\/v2\/posts\/136810","targetHints":{"allow":["GET"]}}],"collection":[{"href":"https:\/\/all-car-news.com\/es\/wp-json\/wp\/v2\/posts"}],"about":[{"href":"https:\/\/all-car-news.com\/es\/wp-json\/wp\/v2\/types\/post"}],"replies":[{"embeddable":true,"href":"https:\/\/all-car-news.com\/es\/wp-json\/wp\/v2\/comments?post=136810"}],"version-history":[{"count":0,"href":"https:\/\/all-car-news.com\/es\/wp-json\/wp\/v2\/posts\/136810\/revisions"}],"wp:featuredmedia":[{"embeddable":true,"href":"https:\/\/all-car-news.com\/es\/wp-json\/wp\/v2\/media\/136783"}],"wp:attachment":[{"href":"https:\/\/all-car-news.com\/es\/wp-json\/wp\/v2\/media?parent=136810"}],"wp:term":[{"taxonomy":"category","embeddable":true,"href":"https:\/\/all-car-news.com\/es\/wp-json\/wp\/v2\/categories?post=136810"},{"taxonomy":"post_tag","embeddable":true,"href":"https:\/\/all-car-news.com\/es\/wp-json\/wp\/v2\/tags?post=136810"}],"curies":[{"name":"wp","href":"https:\/\/api.w.org\/{rel}","templated":true}]}}