{"id":136765,"date":"2023-06-27T07:07:19","date_gmt":"2023-06-27T07:07:19","guid":{"rendered":"https:\/\/all-car-news.com\/opel-presenta-su-nuevo-logotipo\/"},"modified":"2023-06-27T07:07:19","modified_gmt":"2023-06-27T07:07:19","slug":"opel-presenta-su-nuevo-logotipo","status":"publish","type":"post","link":"https:\/\/all-car-news.com\/es\/opel-presenta-su-nuevo-logotipo\/","title":{"rendered":"Opel presenta su nuevo logotipo"},"content":{"rendered":"<h2>Transici\u00f3n EV<\/h2>\n<p>El nuevo logotipo de Opel sigue siendo un elemento central del Opel Vizor, una de las caracter\u00edsticas clave del dise\u00f1o de los modelos de Opel. El rayo -conocido como \u00abBlitz\u00bb en alem\u00e1n- est\u00e1 estrechamente relacionado con la electricidad y es el logotipo ideal para simbolizar la transici\u00f3n de Opel hacia la movilidad 100% el\u00e9ctrica.<\/p>\n<h2>El bombardeo<\/h2>\n<p>\u00abNuestro &#8216;Blitz&#8217; es m\u00e1s relevante que nunca. No solo simboliza nuestro compromiso con la democratizaci\u00f3n de la innovaci\u00f3n y la movilidad, sino que tambi\u00e9n demuestra nuestra dedicaci\u00f3n a convertirnos en una marca totalmente el\u00e9ctrica en Europa para 2028. En 2023, ya tendremos 15 modelos electrificados en nuestra cartera y podremos decir con orgullo que Opel es el\u00e9ctrica\u00bb, dijo Florian Huettl, Consejero Delegado de Opel.<\/p>\n<figure class=\"wp-block-image size-content\"><img decoding=\"async\" loading=\"lazy\" width=\"1140\" height=\"806\" src=\"https:\/\/autorai.nl\/wp-content\/uploads\/2023\/06\/opel-nieuw-merklogo-foto2-1140x806.jpg\" alt=\"\" class=\"wp-image-161576\"><\/figure>\n<h2>Primer modelo de producci\u00f3n<\/h2>\n<p>Opel est\u00e1 introduciendo gradualmente el nuevo \u00abBlitz\u00bb en toda su gama de productos a lo largo de los pr\u00f3ximos a\u00f1os. Ya en 2024, el primer modelo de producci\u00f3n llevar\u00e1 el nuevo logotipo. Sin embargo, el logotipo tambi\u00e9n actuar\u00e1 a partir de 2023, seg\u00fan ha anunciado el Consejero Delegado de Opel, Florian Huettl.  <\/p>\n<p>El alto ejecutivo afirma: \u00abLa IAA Mobility es uno de los mayores salones del autom\u00f3vil del mundo y, por lo tanto, el lugar perfecto para presentar con orgullo nuestro nuevo \u00abBlitz\u00bb a una gran audiencia internacional. Adem\u00e1s, tambi\u00e9n tenemos preparada una sorpresa. Los visitantes de este evento en M\u00fanich estar\u00e1n encantados\u00bb.<\/p>\n<h2>IAA Movilidad<\/h2>\n<p>IAA Mobility 2023 se celebrar\u00e1 en M\u00fanich del 5 al 10 de septiembre. Opel mostrar\u00e1 un total de tres primicias mundiales en el evento: el nuevo Opel Astra Sports Tourer El\u00e9ctrico, el nuevo Opel Corsa El\u00e9ctrico y otra sorpresa.<\/p>\n<figure class=\"wp-block-image size-content\"><img decoding=\"async\" loading=\"lazy\" width=\"1140\" height=\"806\" src=\"https:\/\/autorai.nl\/wp-content\/uploads\/2023\/06\/opel-nieuw-merklogo-foto4-1140x806.jpg\" alt=\"\" class=\"wp-image-161578\"><\/figure>\n<figure class=\"wp-block-image size-content\"><img decoding=\"async\" loading=\"lazy\" width=\"1140\" height=\"806\" src=\"https:\/\/autorai.nl\/wp-content\/uploads\/2023\/06\/opel-nieuw-merklogo-foto3-1140x806.jpg\" alt=\"\" class=\"wp-image-161577\"><\/figure>\n","protected":false},"excerpt":{"rendered":"Transici\u00f3n EV El nuevo logotipo de Opel sigue siendo un elemento central del Opel Vizor, una de las caracter\u00edsticas clave&hellip;","protected":false},"author":0,"featured_media":136747,"comment_status":"","ping_status":"open","sticky":false,"template":"","format":"standard","meta":{"footnotes":""},"categories":[129,126],"tags":[],"class_list":["post-136765","post","type-post","status-publish","format-standard","has-post-thumbnail","hentry","category-fondo","category-noticias-de-autos"],"acf":[],"yoast_head":"<!-- This site is optimized with the Yoast SEO plugin v21.2 - https:\/\/yoast.com\/wordpress\/plugins\/seo\/ -->\n<title>Opel presenta su nuevo logotipo - All cars news<\/title>\n<meta name=\"robots\" content=\"index, follow, max-snippet:-1, max-image-preview:large, max-video-preview:-1\" \/>\n<link rel=\"canonical\" href=\"https:\/\/all-car-news.com\/es\/opel-presenta-su-nuevo-logotipo\/\" \/>\n<meta property=\"og:locale\" content=\"es_ES\" \/>\n<meta property=\"og:type\" content=\"article\" \/>\n<meta property=\"og:title\" content=\"Opel presenta su nuevo logotipo - All cars news\" \/>\n<meta property=\"og:description\" content=\"Transici\u00f3n EV El nuevo logotipo de Opel sigue siendo un elemento central del Opel Vizor, una de las caracter\u00edsticas clave del dise\u00f1o de los modelos de Opel. El rayo -conocido como &quot;Blitz&quot; en alem\u00e1n- est\u00e1 estrechamente relacionado con la electricidad y es el logotipo ideal para simbolizar la transici\u00f3n de Opel hacia la movilidad 100% el\u00e9ctrica. El Blitz &quot;Nuestro [...]\" \/>\n<meta property=\"og:url\" content=\"https:\/\/all-car-news.com\/es\/opel-presenta-su-nuevo-logotipo\/\" \/>\n<meta property=\"og:site_name\" content=\"All cars news\" \/>\n<meta property=\"article:published_time\" content=\"2023-06-27T07:07:19+00:00\" \/>\n<meta property=\"og:image\" content=\"https:\/\/autorai.nl\/wp-content\/uploads\/2023\/06\/opel-nieuw-merklogo-foto2-1140x806.jpg\" \/>\n<meta name=\"twitter:card\" content=\"summary_large_image\" \/>\n<meta name=\"twitter:label1\" content=\"Tiempo de lectura\" \/>\n\t<meta name=\"twitter:data1\" content=\"1 minuto\" \/>\n<script type=\"application\/ld+json\" class=\"yoast-schema-graph\">{\"@context\":\"https:\/\/schema.org\",\"@graph\":[{\"@type\":\"Article\",\"@id\":\"https:\/\/all-car-news.com\/es\/opel-presenta-su-nuevo-logotipo\/#article\",\"isPartOf\":{\"@id\":\"https:\/\/all-car-news.com\/es\/opel-presenta-su-nuevo-logotipo\/\"},\"author\":{\"name\":\"\",\"@id\":\"\"},\"headline\":\"Opel presenta su nuevo logotipo\",\"datePublished\":\"2023-06-27T07:07:19+00:00\",\"dateModified\":\"2023-06-27T07:07:19+00:00\",\"mainEntityOfPage\":{\"@id\":\"https:\/\/all-car-news.com\/es\/opel-presenta-su-nuevo-logotipo\/\"},\"wordCount\":293,\"publisher\":{\"@id\":\"https:\/\/all-car-news.com\/es\/#organization\"},\"articleSection\":[\"Fondo\",\"noticias de autos\"],\"inLanguage\":\"es\"},{\"@type\":\"WebPage\",\"@id\":\"https:\/\/all-car-news.com\/es\/opel-presenta-su-nuevo-logotipo\/\",\"url\":\"https:\/\/all-car-news.com\/es\/opel-presenta-su-nuevo-logotipo\/\",\"name\":\"Opel presenta su nuevo logotipo - All cars news\",\"isPartOf\":{\"@id\":\"https:\/\/all-car-news.com\/es\/#website\"},\"datePublished\":\"2023-06-27T07:07:19+00:00\",\"dateModified\":\"2023-06-27T07:07:19+00:00\",\"breadcrumb\":{\"@id\":\"https:\/\/all-car-news.com\/es\/opel-presenta-su-nuevo-logotipo\/#breadcrumb\"},\"inLanguage\":\"es\",\"potentialAction\":[{\"@type\":\"ReadAction\",\"target\":[\"https:\/\/all-car-news.com\/es\/opel-presenta-su-nuevo-logotipo\/\"]}]},{\"@type\":\"BreadcrumbList\",\"@id\":\"https:\/\/all-car-news.com\/es\/opel-presenta-su-nuevo-logotipo\/#breadcrumb\",\"itemListElement\":[{\"@type\":\"ListItem\",\"position\":1,\"name\":\"Home\",\"item\":\"https:\/\/all-car-news.com\/es\/\"},{\"@type\":\"ListItem\",\"position\":2,\"name\":\"Opel presenta su nuevo logotipo\"}]},{\"@type\":\"WebSite\",\"@id\":\"https:\/\/all-car-news.com\/es\/#website\",\"url\":\"https:\/\/all-car-news.com\/es\/\",\"name\":\"All cars news\",\"description\":\"\",\"publisher\":{\"@id\":\"https:\/\/all-car-news.com\/es\/#organization\"},\"potentialAction\":[{\"@type\":\"SearchAction\",\"target\":{\"@type\":\"EntryPoint\",\"urlTemplate\":\"https:\/\/all-car-news.com\/es\/?s={search_term_string}\"},\"query-input\":\"required name=search_term_string\"}],\"inLanguage\":\"es\"},{\"@type\":\"Organization\",\"@id\":\"https:\/\/all-car-news.com\/es\/#organization\",\"name\":\"All cars news\",\"url\":\"https:\/\/all-car-news.com\/es\/\",\"logo\":{\"@type\":\"ImageObject\",\"inLanguage\":\"es\",\"@id\":\"https:\/\/all-car-news.com\/es\/#\/schema\/logo\/image\/\",\"url\":\"https:\/\/all-car-news.com\/wp-content\/uploads\/2022\/02\/CMYK-AllCarNews_LANDSCAPE_300px-1.png\",\"contentUrl\":\"https:\/\/all-car-news.com\/wp-content\/uploads\/2022\/02\/CMYK-AllCarNews_LANDSCAPE_300px-1.png\",\"width\":300,\"height\":100,\"caption\":\"All cars news\"},\"image\":{\"@id\":\"https:\/\/all-car-news.com\/es\/#\/schema\/logo\/image\/\"}}]}<\/script>\n<!-- \/ Yoast SEO plugin. -->","yoast_head_json":{"title":"Opel presenta su nuevo logotipo - All cars news","robots":{"index":"index","follow":"follow","max-snippet":"max-snippet:-1","max-image-preview":"max-image-preview:large","max-video-preview":"max-video-preview:-1"},"canonical":"https:\/\/all-car-news.com\/es\/opel-presenta-su-nuevo-logotipo\/","og_locale":"es_ES","og_type":"article","og_title":"Opel presenta su nuevo logotipo - All cars news","og_description":"Transici\u00f3n EV El nuevo logotipo de Opel sigue siendo un elemento central del Opel Vizor, una de las caracter\u00edsticas clave del dise\u00f1o de los modelos de Opel. El rayo -conocido como \"Blitz\" en alem\u00e1n- est\u00e1 estrechamente relacionado con la electricidad y es el logotipo ideal para simbolizar la transici\u00f3n de Opel hacia la movilidad 100% el\u00e9ctrica. El Blitz \"Nuestro [...]","og_url":"https:\/\/all-car-news.com\/es\/opel-presenta-su-nuevo-logotipo\/","og_site_name":"All cars news","article_published_time":"2023-06-27T07:07:19+00:00","og_image":[{"url":"https:\/\/autorai.nl\/wp-content\/uploads\/2023\/06\/opel-nieuw-merklogo-foto2-1140x806.jpg"}],"twitter_card":"summary_large_image","twitter_misc":{"Tiempo de lectura":"1 minuto"},"schema":{"@context":"https:\/\/schema.org","@graph":[{"@type":"Article","@id":"https:\/\/all-car-news.com\/es\/opel-presenta-su-nuevo-logotipo\/#article","isPartOf":{"@id":"https:\/\/all-car-news.com\/es\/opel-presenta-su-nuevo-logotipo\/"},"author":{"name":"","@id":""},"headline":"Opel presenta su nuevo logotipo","datePublished":"2023-06-27T07:07:19+00:00","dateModified":"2023-06-27T07:07:19+00:00","mainEntityOfPage":{"@id":"https:\/\/all-car-news.com\/es\/opel-presenta-su-nuevo-logotipo\/"},"wordCount":293,"publisher":{"@id":"https:\/\/all-car-news.com\/es\/#organization"},"articleSection":["Fondo","noticias de autos"],"inLanguage":"es"},{"@type":"WebPage","@id":"https:\/\/all-car-news.com\/es\/opel-presenta-su-nuevo-logotipo\/","url":"https:\/\/all-car-news.com\/es\/opel-presenta-su-nuevo-logotipo\/","name":"Opel presenta su nuevo logotipo - All cars news","isPartOf":{"@id":"https:\/\/all-car-news.com\/es\/#website"},"datePublished":"2023-06-27T07:07:19+00:00","dateModified":"2023-06-27T07:07:19+00:00","breadcrumb":{"@id":"https:\/\/all-car-news.com\/es\/opel-presenta-su-nuevo-logotipo\/#breadcrumb"},"inLanguage":"es","potentialAction":[{"@type":"ReadAction","target":["https:\/\/all-car-news.com\/es\/opel-presenta-su-nuevo-logotipo\/"]}]},{"@type":"BreadcrumbList","@id":"https:\/\/all-car-news.com\/es\/opel-presenta-su-nuevo-logotipo\/#breadcrumb","itemListElement":[{"@type":"ListItem","position":1,"name":"Home","item":"https:\/\/all-car-news.com\/es\/"},{"@type":"ListItem","position":2,"name":"Opel presenta su nuevo logotipo"}]},{"@type":"WebSite","@id":"https:\/\/all-car-news.com\/es\/#website","url":"https:\/\/all-car-news.com\/es\/","name":"All cars news","description":"","publisher":{"@id":"https:\/\/all-car-news.com\/es\/#organization"},"potentialAction":[{"@type":"SearchAction","target":{"@type":"EntryPoint","urlTemplate":"https:\/\/all-car-news.com\/es\/?s={search_term_string}"},"query-input":"required name=search_term_string"}],"inLanguage":"es"},{"@type":"Organization","@id":"https:\/\/all-car-news.com\/es\/#organization","name":"All cars news","url":"https:\/\/all-car-news.com\/es\/","logo":{"@type":"ImageObject","inLanguage":"es","@id":"https:\/\/all-car-news.com\/es\/#\/schema\/logo\/image\/","url":"https:\/\/all-car-news.com\/wp-content\/uploads\/2022\/02\/CMYK-AllCarNews_LANDSCAPE_300px-1.png","contentUrl":"https:\/\/all-car-news.com\/wp-content\/uploads\/2022\/02\/CMYK-AllCarNews_LANDSCAPE_300px-1.png","width":300,"height":100,"caption":"All cars news"},"image":{"@id":"https:\/\/all-car-news.com\/es\/#\/schema\/logo\/image\/"}}]}},"_links":{"self":[{"href":"https:\/\/all-car-news.com\/es\/wp-json\/wp\/v2\/posts\/136765","targetHints":{"allow":["GET"]}}],"collection":[{"href":"https:\/\/all-car-news.com\/es\/wp-json\/wp\/v2\/posts"}],"about":[{"href":"https:\/\/all-car-news.com\/es\/wp-json\/wp\/v2\/types\/post"}],"replies":[{"embeddable":true,"href":"https:\/\/all-car-news.com\/es\/wp-json\/wp\/v2\/comments?post=136765"}],"version-history":[{"count":0,"href":"https:\/\/all-car-news.com\/es\/wp-json\/wp\/v2\/posts\/136765\/revisions"}],"wp:featuredmedia":[{"embeddable":true,"href":"https:\/\/all-car-news.com\/es\/wp-json\/wp\/v2\/media\/136747"}],"wp:attachment":[{"href":"https:\/\/all-car-news.com\/es\/wp-json\/wp\/v2\/media?parent=136765"}],"wp:term":[{"taxonomy":"category","embeddable":true,"href":"https:\/\/all-car-news.com\/es\/wp-json\/wp\/v2\/categories?post=136765"},{"taxonomy":"post_tag","embeddable":true,"href":"https:\/\/all-car-news.com\/es\/wp-json\/wp\/v2\/tags?post=136765"}],"curies":[{"name":"wp","href":"https:\/\/api.w.org\/{rel}","templated":true}]}}