{"id":136761,"date":"2023-06-27T09:44:55","date_gmt":"2023-06-27T09:44:55","guid":{"rendered":"https:\/\/all-car-news.com\/alpine-muestra-musculo-7-modelos-en-camino\/"},"modified":"2023-06-27T09:44:55","modified_gmt":"2023-06-27T09:44:55","slug":"alpine-muestra-musculo-7-modelos-en-camino","status":"publish","type":"post","link":"https:\/\/all-car-news.com\/es\/alpine-muestra-musculo-7-modelos-en-camino\/","title":{"rendered":"Alpine muestra m\u00fasculo: \u00a17 modelos en camino!"},"content":{"rendered":"<h2>Alpine de vuelta desde 2017<\/h2>\n<p>Primero, una rese\u00f1a. Alpine resucit\u00f3 en 2017 con la llegada del A110. Pero, por desgracia, Alpine carec\u00eda de perspectivas de futuro. As\u00ed que lleg\u00f3 la hora de la reorganizaci\u00f3n en 2021. A partir de entonces, Alpine se convirti\u00f3 en una unidad de negocio independiente.<\/p>\n<p>Ahora se presenta un s\u00f3lido plan de futuro, en el que Alpine flexionar\u00e1 sus m\u00fasculos no s\u00f3lo en t\u00e9rminos de lanzamiento de nuevos modelos, sino tambi\u00e9n en t\u00e9rminos de internacionalizaci\u00f3n. Porque m\u00e1s gente en todo el mundo va a conocer Alpine.<\/p>\n<h2>Gama de modelos adaptada a los nuevos mercados<\/h2>\n<p>El lanzamiento de nuevos modelos 100% el\u00e9ctricos a partir de 2024 permitir\u00e1 a Alpine aumentar sus ingresos, acerc\u00e1ndose a su objetivo de equilibrio a partir de 2026. A partir de 2027, Alpine empezar\u00e1 a ampliar a\u00fan m\u00e1s su presencia internacional, con el apoyo de una gama de modelos adaptada a nuevos mercados, incluido Estados Unidos. Este mayor despliegue contribuye a mejorar los resultados financieros y el valor de la marca.<\/p>\n<figure class=\"wp-block-image size-content\"><img decoding=\"async\" loading=\"lazy\" width=\"1140\" height=\"641\" src=\"https:\/\/autorai.nl\/wp-content\/uploads\/2023\/06\/alpine-toekomstplannen-header-1140x641.jpg\" alt=\"Alpine\" class=\"wp-image-161585\"><\/figure>\n<h3>Plan de futuro alpino: todos en fila.<\/h3>\n<ul>\n<li>M\u00e1s de 8.000 millones de euros en ventas para 2030<\/li>\n<li>Punto de equilibrio en 2026<\/li>\n<li>Producci\u00f3n neutra en CO2 en 2030<\/li>\n<li>Desarrollo de una plataforma propia de APP de alto rendimiento (Alpine Performance Platform)<\/li>\n<li>En el futuro, s\u00f3lo habr\u00e1 deportivos 100% el\u00e9ctricos<\/li>\n<li>Alpine refuerza su reputaci\u00f3n en el automovilismo con su propio Hypercar para carreras de resistencia en 2024<\/li>\n<li>Atraer m\u00e1s inversores a la F\u00f3rmula 1<\/li>\n<li>Invertir en Alpine Racing Ltd (Reino Unido)<\/li>\n<li>Una gama 100% el\u00e9ctrica para finales de 2026<\/li>\n<li>Entrada en el mercado chino<\/li>\n<li>Entrada en el mercado estadounidense en 2027<\/li>\n<\/ul>\n<h2>Siete nuevos modelos<\/h2>\n<p>Por \u00faltimo, como se ha indicado, Alpine presentar\u00e1 siete nuevos modelos. Todos ellos llegar\u00e1n al mercado antes de 2030. \u00bfQu\u00e9 modelos est\u00e1n en proyecto?<\/p>\n<ul>\n<li>2024 &#8211; Alpine A290 (utilitario del segmento B basado en Renault 5 y Renault 4 &#8211; plataforma CMFB-EV)<\/li>\n<li>2025 &#8211; Crossover GT del segmento C producido en la Manufactura Alpine Dieppe Jean R\u00e9d\u00e9l\u00e9<\/li>\n<li>2026 &#8211; Nuevo A110 100% el\u00e9ctrico<\/li>\n<li>? &#8211; Roadster basado en el A110<\/li>\n<li>? &#8211; Nuevo A310, un coup\u00e9 deportivo de cuatro plazas<\/li>\n<li>? &#8211; Dos modelos en el segmento D\/E<\/li>\n<\/ul>\n<h2>Alpine A110, m\u00e1s popular que nunca<\/h2>\n<p>Casi siete a\u00f1os despu\u00e9s de su lanzamiento, el A110 es el deportivo m\u00e1s vendido en Francia y se encuentra entre los cinco mejores deportivos de Europa. Las carteras de pedidos est\u00e1n llenas desde hace m\u00e1s de siete meses y se espera que las ventas superen las 4.200 unidades en 2023. El A110 actual sigue teniendo un motor de gasolina, pero su sucesor ser\u00e1 100% el\u00e9ctrico, en l\u00ednea con los planes futuros de Alpine.<\/p>\n<h2>APP (Plataforma de rendimiento Alpine)<\/h2>\n<p>La plataforma modular Alpine Performance Platform (APP) constituye la base de todos los futuros modelos Alpine. Gracias a la modularidad de APP, la plataforma del futuro A110 el\u00e9ctrico puede adaptarse en longitud y anchura seg\u00fan las necesidades. El APP tambi\u00e9n sirve de base para un roadster basado en el A110 y el nuevo A310, un coup\u00e9 deportivo de cuatro plazas. Adem\u00e1s de la plataforma APP, Alpine tambi\u00e9n est\u00e1 desarrollando sus propias tecnolog\u00edas para sus exclusivos modelos deportivos, como un motor de combusti\u00f3n interna de hidr\u00f3geno o el ADM (M\u00f3dulo Din\u00e1mico Alpine).<\/p>\n<h2>Expansi\u00f3n internacional Alpine<\/h2>\n<p><strong>En palabras de Laurent Rossi, Director General de Alpine:<\/strong>  \u00abEsta gama ampliada de deportivos reforzar\u00e1 nuestra cuota de mercado en nuestros mercados clave de Europa y Jap\u00f3n. Impulsar\u00e1n nuestro crecimiento internacional, especialmente en Estados Unidos y Asia, donde nuestros nuevos modelos saldr\u00e1n a la venta a partir de 2027. Nuestro objetivo es pasar de ser una marca de un segmento nicho a una marca global de pleno derecho. Combinando una gama de productos m\u00e1s amplia con la expansi\u00f3n internacional, pretendemos alcanzar un margen operativo superior al 10% en 2030.\u00bb<\/p>\n<p><strong>Luca de Meo, Director General del Grupo Renault, ha declarado:<\/strong>  \u00abAlpine es la marca para los amantes del automovilismo y la tecnolog\u00eda punta. Nos centramos en la excelencia. Hace s\u00f3lo dos a\u00f1os, Alpine estaba en un callej\u00f3n sin salida y carec\u00eda de perspectivas claras. Desde entonces, hemos hecho de Alpine un fabricante de autom\u00f3viles de pleno derecho, con activos excepcionales: un centro t\u00e9cnico de primera clase, una experiencia de fabricaci\u00f3n \u00fanica, una red de distribuci\u00f3n en expansi\u00f3n. Adem\u00e1s, la entrada de Alpine en la F1 prepara a la empresa para alcanzar nuevas cotas, dando a la marca el reconocimiento que corresponde a la cumbre del automovilismo\u00bb.<\/p>\n<p>Alpine cuenta con casi 2.000 empleados, 140 puntos de venta y cinco instalaciones de dise\u00f1o y fabricaci\u00f3n.<\/p>\n","protected":false},"excerpt":{"rendered":"Alpine de vuelta desde 2017 En primer lugar, una mirada retrospectiva. Alpine resucit\u00f3 en 2017 con la llegada del A110.&hellip;","protected":false},"author":0,"featured_media":136741,"comment_status":"","ping_status":"open","sticky":false,"template":"","format":"standard","meta":{"footnotes":""},"categories":[129,126],"tags":[],"class_list":["post-136761","post","type-post","status-publish","format-standard","has-post-thumbnail","hentry","category-fondo","category-noticias-de-autos"],"acf":[],"yoast_head":"<!-- This site is optimized with the Yoast SEO plugin v21.2 - https:\/\/yoast.com\/wordpress\/plugins\/seo\/ -->\n<title>Alpine muestra m\u00fasculo: \u00a17 modelos en camino! - All cars news<\/title>\n<meta name=\"robots\" content=\"index, follow, max-snippet:-1, max-image-preview:large, max-video-preview:-1\" \/>\n<link rel=\"canonical\" href=\"https:\/\/all-car-news.com\/es\/alpine-muestra-musculo-7-modelos-en-camino\/\" \/>\n<meta property=\"og:locale\" content=\"es_ES\" \/>\n<meta property=\"og:type\" content=\"article\" \/>\n<meta property=\"og:title\" content=\"Alpine muestra m\u00fasculo: \u00a17 modelos en camino! - All cars news\" \/>\n<meta property=\"og:description\" content=\"Alpine de vuelta desde 2017 En primer lugar, una mirada retrospectiva. Alpine resucit\u00f3 en 2017 con la llegada del A110. Pero, por desgracia, Alpine carec\u00eda de perspectivas de futuro. As\u00ed que era hora de reorganizarse en 2021. A partir de entonces, Alpine se convirti\u00f3 en una unidad de negocio independiente. Ahora existe un s\u00f3lido plan de futuro [...]\" \/>\n<meta property=\"og:url\" content=\"https:\/\/all-car-news.com\/es\/alpine-muestra-musculo-7-modelos-en-camino\/\" \/>\n<meta property=\"og:site_name\" content=\"All cars news\" \/>\n<meta property=\"article:published_time\" content=\"2023-06-27T09:44:55+00:00\" \/>\n<meta property=\"og:image\" content=\"https:\/\/autorai.nl\/wp-content\/uploads\/2023\/06\/alpine-toekomstplannen-header-1140x641.jpg\" \/>\n<meta name=\"twitter:card\" content=\"summary_large_image\" \/>\n<meta name=\"twitter:label1\" content=\"Tiempo de lectura\" \/>\n\t<meta name=\"twitter:data1\" content=\"4 minutos\" \/>\n<script type=\"application\/ld+json\" class=\"yoast-schema-graph\">{\"@context\":\"https:\/\/schema.org\",\"@graph\":[{\"@type\":\"Article\",\"@id\":\"https:\/\/all-car-news.com\/es\/alpine-muestra-musculo-7-modelos-en-camino\/#article\",\"isPartOf\":{\"@id\":\"https:\/\/all-car-news.com\/es\/alpine-muestra-musculo-7-modelos-en-camino\/\"},\"author\":{\"name\":\"\",\"@id\":\"\"},\"headline\":\"Alpine muestra m\u00fasculo: \u00a17 modelos en camino!\",\"datePublished\":\"2023-06-27T09:44:55+00:00\",\"dateModified\":\"2023-06-27T09:44:55+00:00\",\"mainEntityOfPage\":{\"@id\":\"https:\/\/all-car-news.com\/es\/alpine-muestra-musculo-7-modelos-en-camino\/\"},\"wordCount\":787,\"publisher\":{\"@id\":\"https:\/\/all-car-news.com\/es\/#organization\"},\"articleSection\":[\"Fondo\",\"noticias de autos\"],\"inLanguage\":\"es\"},{\"@type\":\"WebPage\",\"@id\":\"https:\/\/all-car-news.com\/es\/alpine-muestra-musculo-7-modelos-en-camino\/\",\"url\":\"https:\/\/all-car-news.com\/es\/alpine-muestra-musculo-7-modelos-en-camino\/\",\"name\":\"Alpine muestra m\u00fasculo: \u00a17 modelos en camino! - All cars news\",\"isPartOf\":{\"@id\":\"https:\/\/all-car-news.com\/es\/#website\"},\"datePublished\":\"2023-06-27T09:44:55+00:00\",\"dateModified\":\"2023-06-27T09:44:55+00:00\",\"breadcrumb\":{\"@id\":\"https:\/\/all-car-news.com\/es\/alpine-muestra-musculo-7-modelos-en-camino\/#breadcrumb\"},\"inLanguage\":\"es\",\"potentialAction\":[{\"@type\":\"ReadAction\",\"target\":[\"https:\/\/all-car-news.com\/es\/alpine-muestra-musculo-7-modelos-en-camino\/\"]}]},{\"@type\":\"BreadcrumbList\",\"@id\":\"https:\/\/all-car-news.com\/es\/alpine-muestra-musculo-7-modelos-en-camino\/#breadcrumb\",\"itemListElement\":[{\"@type\":\"ListItem\",\"position\":1,\"name\":\"Home\",\"item\":\"https:\/\/all-car-news.com\/es\/\"},{\"@type\":\"ListItem\",\"position\":2,\"name\":\"Alpine muestra m\u00fasculo: \u00a17 modelos en camino!\"}]},{\"@type\":\"WebSite\",\"@id\":\"https:\/\/all-car-news.com\/es\/#website\",\"url\":\"https:\/\/all-car-news.com\/es\/\",\"name\":\"All cars news\",\"description\":\"\",\"publisher\":{\"@id\":\"https:\/\/all-car-news.com\/es\/#organization\"},\"potentialAction\":[{\"@type\":\"SearchAction\",\"target\":{\"@type\":\"EntryPoint\",\"urlTemplate\":\"https:\/\/all-car-news.com\/es\/?s={search_term_string}\"},\"query-input\":\"required name=search_term_string\"}],\"inLanguage\":\"es\"},{\"@type\":\"Organization\",\"@id\":\"https:\/\/all-car-news.com\/es\/#organization\",\"name\":\"All cars news\",\"url\":\"https:\/\/all-car-news.com\/es\/\",\"logo\":{\"@type\":\"ImageObject\",\"inLanguage\":\"es\",\"@id\":\"https:\/\/all-car-news.com\/es\/#\/schema\/logo\/image\/\",\"url\":\"https:\/\/all-car-news.com\/wp-content\/uploads\/2022\/02\/CMYK-AllCarNews_LANDSCAPE_300px-1.png\",\"contentUrl\":\"https:\/\/all-car-news.com\/wp-content\/uploads\/2022\/02\/CMYK-AllCarNews_LANDSCAPE_300px-1.png\",\"width\":300,\"height\":100,\"caption\":\"All cars news\"},\"image\":{\"@id\":\"https:\/\/all-car-news.com\/es\/#\/schema\/logo\/image\/\"}}]}<\/script>\n<!-- \/ Yoast SEO plugin. -->","yoast_head_json":{"title":"Alpine muestra m\u00fasculo: \u00a17 modelos en camino! - All cars news","robots":{"index":"index","follow":"follow","max-snippet":"max-snippet:-1","max-image-preview":"max-image-preview:large","max-video-preview":"max-video-preview:-1"},"canonical":"https:\/\/all-car-news.com\/es\/alpine-muestra-musculo-7-modelos-en-camino\/","og_locale":"es_ES","og_type":"article","og_title":"Alpine muestra m\u00fasculo: \u00a17 modelos en camino! - All cars news","og_description":"Alpine de vuelta desde 2017 En primer lugar, una mirada retrospectiva. Alpine resucit\u00f3 en 2017 con la llegada del A110. Pero, por desgracia, Alpine carec\u00eda de perspectivas de futuro. As\u00ed que era hora de reorganizarse en 2021. A partir de entonces, Alpine se convirti\u00f3 en una unidad de negocio independiente. Ahora existe un s\u00f3lido plan de futuro [...]","og_url":"https:\/\/all-car-news.com\/es\/alpine-muestra-musculo-7-modelos-en-camino\/","og_site_name":"All cars news","article_published_time":"2023-06-27T09:44:55+00:00","og_image":[{"url":"https:\/\/autorai.nl\/wp-content\/uploads\/2023\/06\/alpine-toekomstplannen-header-1140x641.jpg"}],"twitter_card":"summary_large_image","twitter_misc":{"Tiempo de lectura":"4 minutos"},"schema":{"@context":"https:\/\/schema.org","@graph":[{"@type":"Article","@id":"https:\/\/all-car-news.com\/es\/alpine-muestra-musculo-7-modelos-en-camino\/#article","isPartOf":{"@id":"https:\/\/all-car-news.com\/es\/alpine-muestra-musculo-7-modelos-en-camino\/"},"author":{"name":"","@id":""},"headline":"Alpine muestra m\u00fasculo: \u00a17 modelos en camino!","datePublished":"2023-06-27T09:44:55+00:00","dateModified":"2023-06-27T09:44:55+00:00","mainEntityOfPage":{"@id":"https:\/\/all-car-news.com\/es\/alpine-muestra-musculo-7-modelos-en-camino\/"},"wordCount":787,"publisher":{"@id":"https:\/\/all-car-news.com\/es\/#organization"},"articleSection":["Fondo","noticias de autos"],"inLanguage":"es"},{"@type":"WebPage","@id":"https:\/\/all-car-news.com\/es\/alpine-muestra-musculo-7-modelos-en-camino\/","url":"https:\/\/all-car-news.com\/es\/alpine-muestra-musculo-7-modelos-en-camino\/","name":"Alpine muestra m\u00fasculo: \u00a17 modelos en camino! - All cars news","isPartOf":{"@id":"https:\/\/all-car-news.com\/es\/#website"},"datePublished":"2023-06-27T09:44:55+00:00","dateModified":"2023-06-27T09:44:55+00:00","breadcrumb":{"@id":"https:\/\/all-car-news.com\/es\/alpine-muestra-musculo-7-modelos-en-camino\/#breadcrumb"},"inLanguage":"es","potentialAction":[{"@type":"ReadAction","target":["https:\/\/all-car-news.com\/es\/alpine-muestra-musculo-7-modelos-en-camino\/"]}]},{"@type":"BreadcrumbList","@id":"https:\/\/all-car-news.com\/es\/alpine-muestra-musculo-7-modelos-en-camino\/#breadcrumb","itemListElement":[{"@type":"ListItem","position":1,"name":"Home","item":"https:\/\/all-car-news.com\/es\/"},{"@type":"ListItem","position":2,"name":"Alpine muestra m\u00fasculo: \u00a17 modelos en camino!"}]},{"@type":"WebSite","@id":"https:\/\/all-car-news.com\/es\/#website","url":"https:\/\/all-car-news.com\/es\/","name":"All cars news","description":"","publisher":{"@id":"https:\/\/all-car-news.com\/es\/#organization"},"potentialAction":[{"@type":"SearchAction","target":{"@type":"EntryPoint","urlTemplate":"https:\/\/all-car-news.com\/es\/?s={search_term_string}"},"query-input":"required name=search_term_string"}],"inLanguage":"es"},{"@type":"Organization","@id":"https:\/\/all-car-news.com\/es\/#organization","name":"All cars news","url":"https:\/\/all-car-news.com\/es\/","logo":{"@type":"ImageObject","inLanguage":"es","@id":"https:\/\/all-car-news.com\/es\/#\/schema\/logo\/image\/","url":"https:\/\/all-car-news.com\/wp-content\/uploads\/2022\/02\/CMYK-AllCarNews_LANDSCAPE_300px-1.png","contentUrl":"https:\/\/all-car-news.com\/wp-content\/uploads\/2022\/02\/CMYK-AllCarNews_LANDSCAPE_300px-1.png","width":300,"height":100,"caption":"All cars news"},"image":{"@id":"https:\/\/all-car-news.com\/es\/#\/schema\/logo\/image\/"}}]}},"_links":{"self":[{"href":"https:\/\/all-car-news.com\/es\/wp-json\/wp\/v2\/posts\/136761","targetHints":{"allow":["GET"]}}],"collection":[{"href":"https:\/\/all-car-news.com\/es\/wp-json\/wp\/v2\/posts"}],"about":[{"href":"https:\/\/all-car-news.com\/es\/wp-json\/wp\/v2\/types\/post"}],"replies":[{"embeddable":true,"href":"https:\/\/all-car-news.com\/es\/wp-json\/wp\/v2\/comments?post=136761"}],"version-history":[{"count":0,"href":"https:\/\/all-car-news.com\/es\/wp-json\/wp\/v2\/posts\/136761\/revisions"}],"wp:featuredmedia":[{"embeddable":true,"href":"https:\/\/all-car-news.com\/es\/wp-json\/wp\/v2\/media\/136741"}],"wp:attachment":[{"href":"https:\/\/all-car-news.com\/es\/wp-json\/wp\/v2\/media?parent=136761"}],"wp:term":[{"taxonomy":"category","embeddable":true,"href":"https:\/\/all-car-news.com\/es\/wp-json\/wp\/v2\/categories?post=136761"},{"taxonomy":"post_tag","embeddable":true,"href":"https:\/\/all-car-news.com\/es\/wp-json\/wp\/v2\/tags?post=136761"}],"curies":[{"name":"wp","href":"https:\/\/api.w.org\/{rel}","templated":true}]}}