{"id":136207,"date":"2023-06-02T17:14:55","date_gmt":"2023-06-02T17:14:55","guid":{"rendered":"https:\/\/all-car-news.com\/autorai-podcast-13-randall-van-poelvoorde-sobre-el-impacto-de-la-inteligencia-artificial-en-la-industria-del-automovil\/"},"modified":"2023-06-02T17:14:55","modified_gmt":"2023-06-02T17:14:55","slug":"autorai-podcast-13-randall-van-poelvoorde-sobre-el-impacto-de-la-inteligencia-artificial-en-la-industria-del-automovil","status":"publish","type":"post","link":"https:\/\/all-car-news.com\/es\/autorai-podcast-13-randall-van-poelvoorde-sobre-el-impacto-de-la-inteligencia-artificial-en-la-industria-del-automovil\/","title":{"rendered":"AutoRAI Podcast #13 | Randall van Poelvoorde sobre el impacto de la Inteligencia Artificial en la industria del autom\u00f3vil"},"content":{"rendered":"<p>En el decimotercer episodio del Podcast AutoRAI, Randall van Poelvoorde, empresario y explorador de la IA, es nuestro invitado para hablar de los principales avances de la Inteligencia Artificial en la industria del autom\u00f3vil. Lo hacemos junto a nuestro presentador habitual Jur Raatjes y los periodistas de AutoRAI Nile van Leeuwen y Max Veldhuis. Tambi\u00e9n hablamos del enorme descenso de las solicitudes de subvenci\u00f3n para coches el\u00e9ctricos, los recortes de precios de los coches nuevos, el aumento de las ventas de coches en los \u00faltimos meses, el nuevo BMW Serie 5, el auge de los juegos en el coche y el incierto futuro de VDL Nedcar. Adem\u00e1s, las secciones habituales vuelven a correr a cargo de Bart Oostvogels, con una oda al Ford Focus RS y los \u00ab30 segundos\u00bb.  <\/p>\n<p>Todos los episodios de AutoRAI Podcast est\u00e1n disponibles en su aplicaci\u00f3n de podcast favorita. \u00bfY sabes la respuesta de \u00ab30 segundos\u00bb? Env\u00ede su respuesta a podcast@autorai.nl.<\/p>\n","protected":false},"excerpt":{"rendered":"En el decimotercer episodio del Podcast AutoRAI, Randall van Poelvoorde, empresario y explorador de la IA, es nuestro invitado para&hellip;","protected":false},"author":0,"featured_media":136198,"comment_status":"","ping_status":"open","sticky":false,"template":"","format":"standard","meta":{"footnotes":""},"categories":[222],"tags":[],"class_list":["post-136207","post","type-post","status-publish","format-standard","has-post-thumbnail","hentry","category-podcast-de-autorai"],"acf":[],"yoast_head":"<!-- This site is optimized with the Yoast SEO plugin v21.2 - https:\/\/yoast.com\/wordpress\/plugins\/seo\/ -->\n<title>AutoRAI Podcast #13 | Randall van Poelvoorde sobre el impacto de la Inteligencia Artificial en la industria del autom\u00f3vil - All cars news<\/title>\n<meta name=\"robots\" content=\"index, follow, max-snippet:-1, max-image-preview:large, max-video-preview:-1\" \/>\n<link rel=\"canonical\" href=\"https:\/\/all-car-news.com\/es\/autorai-podcast-13-randall-van-poelvoorde-sobre-el-impacto-de-la-inteligencia-artificial-en-la-industria-del-automovil\/\" \/>\n<meta property=\"og:locale\" content=\"es_ES\" \/>\n<meta property=\"og:type\" content=\"article\" \/>\n<meta property=\"og:title\" content=\"AutoRAI Podcast #13 | Randall van Poelvoorde sobre el impacto de la Inteligencia Artificial en la industria del autom\u00f3vil - All cars news\" \/>\n<meta property=\"og:description\" content=\"En el decimotercer episodio del Podcast AutoRAI, Randall van Poelvoorde, empresario y explorador de la IA, es nuestro invitado para hablar de los principales avances de la Inteligencia Artificial en la industria del autom\u00f3vil. Lo hacemos junto a nuestro presentador habitual Jur Raatjes y los periodistas de AutoRAI Nile van Leeuwen y Max Veldhuis. Adem\u00e1s, analizamos el enorme descenso de [...]\" \/>\n<meta property=\"og:url\" content=\"https:\/\/all-car-news.com\/es\/autorai-podcast-13-randall-van-poelvoorde-sobre-el-impacto-de-la-inteligencia-artificial-en-la-industria-del-automovil\/\" \/>\n<meta property=\"og:site_name\" content=\"All cars news\" \/>\n<meta property=\"article:published_time\" content=\"2023-06-02T17:14:55+00:00\" \/>\n<meta name=\"twitter:card\" content=\"summary_large_image\" \/>\n<meta name=\"twitter:label1\" content=\"Tiempo de lectura\" \/>\n\t<meta name=\"twitter:data1\" content=\"1 minuto\" \/>\n<script type=\"application\/ld+json\" class=\"yoast-schema-graph\">{\"@context\":\"https:\/\/schema.org\",\"@graph\":[{\"@type\":\"Article\",\"@id\":\"https:\/\/all-car-news.com\/es\/autorai-podcast-13-randall-van-poelvoorde-sobre-el-impacto-de-la-inteligencia-artificial-en-la-industria-del-automovil\/#article\",\"isPartOf\":{\"@id\":\"https:\/\/all-car-news.com\/es\/autorai-podcast-13-randall-van-poelvoorde-sobre-el-impacto-de-la-inteligencia-artificial-en-la-industria-del-automovil\/\"},\"author\":{\"name\":\"\",\"@id\":\"\"},\"headline\":\"AutoRAI Podcast #13 | Randall van Poelvoorde sobre el impacto de la Inteligencia Artificial en la industria del autom\u00f3vil\",\"datePublished\":\"2023-06-02T17:14:55+00:00\",\"dateModified\":\"2023-06-02T17:14:55+00:00\",\"mainEntityOfPage\":{\"@id\":\"https:\/\/all-car-news.com\/es\/autorai-podcast-13-randall-van-poelvoorde-sobre-el-impacto-de-la-inteligencia-artificial-en-la-industria-del-automovil\/\"},\"wordCount\":180,\"publisher\":{\"@id\":\"https:\/\/all-car-news.com\/es\/#organization\"},\"articleSection\":[\"Podcast de AutoRAI\"],\"inLanguage\":\"es\"},{\"@type\":\"WebPage\",\"@id\":\"https:\/\/all-car-news.com\/es\/autorai-podcast-13-randall-van-poelvoorde-sobre-el-impacto-de-la-inteligencia-artificial-en-la-industria-del-automovil\/\",\"url\":\"https:\/\/all-car-news.com\/es\/autorai-podcast-13-randall-van-poelvoorde-sobre-el-impacto-de-la-inteligencia-artificial-en-la-industria-del-automovil\/\",\"name\":\"AutoRAI Podcast #13 | Randall van Poelvoorde sobre el impacto de la Inteligencia Artificial en la industria del autom\u00f3vil - All cars news\",\"isPartOf\":{\"@id\":\"https:\/\/all-car-news.com\/es\/#website\"},\"datePublished\":\"2023-06-02T17:14:55+00:00\",\"dateModified\":\"2023-06-02T17:14:55+00:00\",\"breadcrumb\":{\"@id\":\"https:\/\/all-car-news.com\/es\/autorai-podcast-13-randall-van-poelvoorde-sobre-el-impacto-de-la-inteligencia-artificial-en-la-industria-del-automovil\/#breadcrumb\"},\"inLanguage\":\"es\",\"potentialAction\":[{\"@type\":\"ReadAction\",\"target\":[\"https:\/\/all-car-news.com\/es\/autorai-podcast-13-randall-van-poelvoorde-sobre-el-impacto-de-la-inteligencia-artificial-en-la-industria-del-automovil\/\"]}]},{\"@type\":\"BreadcrumbList\",\"@id\":\"https:\/\/all-car-news.com\/es\/autorai-podcast-13-randall-van-poelvoorde-sobre-el-impacto-de-la-inteligencia-artificial-en-la-industria-del-automovil\/#breadcrumb\",\"itemListElement\":[{\"@type\":\"ListItem\",\"position\":1,\"name\":\"Home\",\"item\":\"https:\/\/all-car-news.com\/es\/\"},{\"@type\":\"ListItem\",\"position\":2,\"name\":\"AutoRAI Podcast #13 | Randall van Poelvoorde sobre el impacto de la Inteligencia Artificial en la industria del autom\u00f3vil\"}]},{\"@type\":\"WebSite\",\"@id\":\"https:\/\/all-car-news.com\/es\/#website\",\"url\":\"https:\/\/all-car-news.com\/es\/\",\"name\":\"All cars news\",\"description\":\"\",\"publisher\":{\"@id\":\"https:\/\/all-car-news.com\/es\/#organization\"},\"potentialAction\":[{\"@type\":\"SearchAction\",\"target\":{\"@type\":\"EntryPoint\",\"urlTemplate\":\"https:\/\/all-car-news.com\/es\/?s={search_term_string}\"},\"query-input\":\"required name=search_term_string\"}],\"inLanguage\":\"es\"},{\"@type\":\"Organization\",\"@id\":\"https:\/\/all-car-news.com\/es\/#organization\",\"name\":\"All cars news\",\"url\":\"https:\/\/all-car-news.com\/es\/\",\"logo\":{\"@type\":\"ImageObject\",\"inLanguage\":\"es\",\"@id\":\"https:\/\/all-car-news.com\/es\/#\/schema\/logo\/image\/\",\"url\":\"https:\/\/all-car-news.com\/wp-content\/uploads\/2022\/02\/CMYK-AllCarNews_LANDSCAPE_300px-1.png\",\"contentUrl\":\"https:\/\/all-car-news.com\/wp-content\/uploads\/2022\/02\/CMYK-AllCarNews_LANDSCAPE_300px-1.png\",\"width\":300,\"height\":100,\"caption\":\"All cars news\"},\"image\":{\"@id\":\"https:\/\/all-car-news.com\/es\/#\/schema\/logo\/image\/\"}}]}<\/script>\n<!-- \/ Yoast SEO plugin. -->","yoast_head_json":{"title":"AutoRAI Podcast #13 | Randall van Poelvoorde sobre el impacto de la Inteligencia Artificial en la industria del autom\u00f3vil - All cars news","robots":{"index":"index","follow":"follow","max-snippet":"max-snippet:-1","max-image-preview":"max-image-preview:large","max-video-preview":"max-video-preview:-1"},"canonical":"https:\/\/all-car-news.com\/es\/autorai-podcast-13-randall-van-poelvoorde-sobre-el-impacto-de-la-inteligencia-artificial-en-la-industria-del-automovil\/","og_locale":"es_ES","og_type":"article","og_title":"AutoRAI Podcast #13 | Randall van Poelvoorde sobre el impacto de la Inteligencia Artificial en la industria del autom\u00f3vil - All cars news","og_description":"En el decimotercer episodio del Podcast AutoRAI, Randall van Poelvoorde, empresario y explorador de la IA, es nuestro invitado para hablar de los principales avances de la Inteligencia Artificial en la industria del autom\u00f3vil. Lo hacemos junto a nuestro presentador habitual Jur Raatjes y los periodistas de AutoRAI Nile van Leeuwen y Max Veldhuis. Adem\u00e1s, analizamos el enorme descenso de [...]","og_url":"https:\/\/all-car-news.com\/es\/autorai-podcast-13-randall-van-poelvoorde-sobre-el-impacto-de-la-inteligencia-artificial-en-la-industria-del-automovil\/","og_site_name":"All cars news","article_published_time":"2023-06-02T17:14:55+00:00","twitter_card":"summary_large_image","twitter_misc":{"Tiempo de lectura":"1 minuto"},"schema":{"@context":"https:\/\/schema.org","@graph":[{"@type":"Article","@id":"https:\/\/all-car-news.com\/es\/autorai-podcast-13-randall-van-poelvoorde-sobre-el-impacto-de-la-inteligencia-artificial-en-la-industria-del-automovil\/#article","isPartOf":{"@id":"https:\/\/all-car-news.com\/es\/autorai-podcast-13-randall-van-poelvoorde-sobre-el-impacto-de-la-inteligencia-artificial-en-la-industria-del-automovil\/"},"author":{"name":"","@id":""},"headline":"AutoRAI Podcast #13 | Randall van Poelvoorde sobre el impacto de la Inteligencia Artificial en la industria del autom\u00f3vil","datePublished":"2023-06-02T17:14:55+00:00","dateModified":"2023-06-02T17:14:55+00:00","mainEntityOfPage":{"@id":"https:\/\/all-car-news.com\/es\/autorai-podcast-13-randall-van-poelvoorde-sobre-el-impacto-de-la-inteligencia-artificial-en-la-industria-del-automovil\/"},"wordCount":180,"publisher":{"@id":"https:\/\/all-car-news.com\/es\/#organization"},"articleSection":["Podcast de AutoRAI"],"inLanguage":"es"},{"@type":"WebPage","@id":"https:\/\/all-car-news.com\/es\/autorai-podcast-13-randall-van-poelvoorde-sobre-el-impacto-de-la-inteligencia-artificial-en-la-industria-del-automovil\/","url":"https:\/\/all-car-news.com\/es\/autorai-podcast-13-randall-van-poelvoorde-sobre-el-impacto-de-la-inteligencia-artificial-en-la-industria-del-automovil\/","name":"AutoRAI Podcast #13 | Randall van Poelvoorde sobre el impacto de la Inteligencia Artificial en la industria del autom\u00f3vil - All cars news","isPartOf":{"@id":"https:\/\/all-car-news.com\/es\/#website"},"datePublished":"2023-06-02T17:14:55+00:00","dateModified":"2023-06-02T17:14:55+00:00","breadcrumb":{"@id":"https:\/\/all-car-news.com\/es\/autorai-podcast-13-randall-van-poelvoorde-sobre-el-impacto-de-la-inteligencia-artificial-en-la-industria-del-automovil\/#breadcrumb"},"inLanguage":"es","potentialAction":[{"@type":"ReadAction","target":["https:\/\/all-car-news.com\/es\/autorai-podcast-13-randall-van-poelvoorde-sobre-el-impacto-de-la-inteligencia-artificial-en-la-industria-del-automovil\/"]}]},{"@type":"BreadcrumbList","@id":"https:\/\/all-car-news.com\/es\/autorai-podcast-13-randall-van-poelvoorde-sobre-el-impacto-de-la-inteligencia-artificial-en-la-industria-del-automovil\/#breadcrumb","itemListElement":[{"@type":"ListItem","position":1,"name":"Home","item":"https:\/\/all-car-news.com\/es\/"},{"@type":"ListItem","position":2,"name":"AutoRAI Podcast #13 | Randall van Poelvoorde sobre el impacto de la Inteligencia Artificial en la industria del autom\u00f3vil"}]},{"@type":"WebSite","@id":"https:\/\/all-car-news.com\/es\/#website","url":"https:\/\/all-car-news.com\/es\/","name":"All cars news","description":"","publisher":{"@id":"https:\/\/all-car-news.com\/es\/#organization"},"potentialAction":[{"@type":"SearchAction","target":{"@type":"EntryPoint","urlTemplate":"https:\/\/all-car-news.com\/es\/?s={search_term_string}"},"query-input":"required name=search_term_string"}],"inLanguage":"es"},{"@type":"Organization","@id":"https:\/\/all-car-news.com\/es\/#organization","name":"All cars news","url":"https:\/\/all-car-news.com\/es\/","logo":{"@type":"ImageObject","inLanguage":"es","@id":"https:\/\/all-car-news.com\/es\/#\/schema\/logo\/image\/","url":"https:\/\/all-car-news.com\/wp-content\/uploads\/2022\/02\/CMYK-AllCarNews_LANDSCAPE_300px-1.png","contentUrl":"https:\/\/all-car-news.com\/wp-content\/uploads\/2022\/02\/CMYK-AllCarNews_LANDSCAPE_300px-1.png","width":300,"height":100,"caption":"All cars news"},"image":{"@id":"https:\/\/all-car-news.com\/es\/#\/schema\/logo\/image\/"}}]}},"_links":{"self":[{"href":"https:\/\/all-car-news.com\/es\/wp-json\/wp\/v2\/posts\/136207","targetHints":{"allow":["GET"]}}],"collection":[{"href":"https:\/\/all-car-news.com\/es\/wp-json\/wp\/v2\/posts"}],"about":[{"href":"https:\/\/all-car-news.com\/es\/wp-json\/wp\/v2\/types\/post"}],"replies":[{"embeddable":true,"href":"https:\/\/all-car-news.com\/es\/wp-json\/wp\/v2\/comments?post=136207"}],"version-history":[{"count":0,"href":"https:\/\/all-car-news.com\/es\/wp-json\/wp\/v2\/posts\/136207\/revisions"}],"wp:featuredmedia":[{"embeddable":true,"href":"https:\/\/all-car-news.com\/es\/wp-json\/wp\/v2\/media\/136198"}],"wp:attachment":[{"href":"https:\/\/all-car-news.com\/es\/wp-json\/wp\/v2\/media?parent=136207"}],"wp:term":[{"taxonomy":"category","embeddable":true,"href":"https:\/\/all-car-news.com\/es\/wp-json\/wp\/v2\/categories?post=136207"},{"taxonomy":"post_tag","embeddable":true,"href":"https:\/\/all-car-news.com\/es\/wp-json\/wp\/v2\/tags?post=136207"}],"curies":[{"name":"wp","href":"https:\/\/api.w.org\/{rel}","templated":true}]}}