{"id":135988,"date":"2023-05-27T08:15:00","date_gmt":"2023-05-27T08:15:00","guid":{"rendered":"https:\/\/all-car-news.com\/citroen-mehari-sopla-55-velas-una-retrospectiva\/"},"modified":"2023-05-27T08:15:00","modified_gmt":"2023-05-27T08:15:00","slug":"citroen-mehari-sopla-55-velas-una-retrospectiva","status":"publish","type":"post","link":"https:\/\/all-car-news.com\/es\/citroen-mehari-sopla-55-velas-una-retrospectiva\/","title":{"rendered":"Citro\u00ebn Mehari sopla 55 velas: una retrospectiva"},"content":{"rendered":"<h2>Dise\u00f1ado por Roland de La Poype<\/h2>\n<p>El Citro\u00ebn Mehare -con caja de carga abierta y cap\u00f3 retr\u00e1ctil- estaba propulsado por un motor bicil\u00edndrico refrigerado por aire de 21 a 24 kW (28 a 32 CV). La carrocer\u00eda se fabric\u00f3 en pl\u00e1stico ABS (acrilonitrilo butadieno estireno) y fue dise\u00f1ada por Roland de La Poype. Citro\u00ebn bas\u00f3 el Mehari en la plataforma del Dyane y originalmente lo llam\u00f3 Dyane 6 Mehari.  <\/p>\n<h2>Casi 20 a\u00f1os de producci\u00f3n<\/h2>\n<p>El Mehari se mantuvo en producci\u00f3n durante casi 20 a\u00f1os -de 1968 a 1987- y finalmente Citro\u00ebn fabric\u00f3 144.953 Mehari, de los cuales 1.213 eran Mehari 4\u00d74 con tracci\u00f3n a las cuatro ruedas. Esto convirti\u00f3 al Mehari en un \u00e9xito sorprendente para un veh\u00edculo de estas caracter\u00edsticas. Citro\u00ebn produjo el Mehari principalmente en su f\u00e1brica de Forest (B\u00e9lgica), pero el coche tambi\u00e9n se fabric\u00f3 en otras siete plantas de Francia, Espa\u00f1a y Portugal.<\/p>\n<figure class=\"wp-block-image size-content\"><img decoding=\"async\" loading=\"lazy\" width=\"1140\" height=\"740\" src=\"https:\/\/autorai.nl\/wp-content\/uploads\/2023\/05\/citroen-mehari-55-jaar-foto6-1140x740.jpg\" alt=\"Citro\u00ebn Mehari\" class=\"wp-image-159228\"><\/figure>\n<h2>Para cada terreno y cada estaci\u00f3n<\/h2>\n<p>El nombre Mehari procede de una especie de dromedario que se encuentra en el norte de \u00c1frica y el S\u00e1hara. Se sabe que estos animales son excelentes en terrenos accidentados, tienen gran perseverancia y poca necesidad de comida y bebida. Los meharis norteafricanos pueden transportar mercanc\u00edas y personas largas distancias por terrenos abruptos, por eso su nombre encaja tan bien con este polivalente Citro\u00ebn, ya que tambi\u00e9n puede dominar los terrenos abruptos y posee unas capacidades sin precedentes.<\/p>\n<p>Desde lejos, el Mehari no parece en absoluto adecuado para todas las estaciones. Parece m\u00e1s un peque\u00f1o descapotable o un coche de playa. Pero gracias a su capota de invierno retr\u00e1ctil, puede armarse contra las inclemencias del tiempo y utilizarse durante todo el a\u00f1o.<\/p>\n<h2>Vers\u00e1til<\/h2>\n<p>El Citro\u00ebn Mehari es muy vers\u00e1til y se adapta a casi cualquier uso. Parte del suelo de la parte trasera puede abatirse para formar un respaldo para dos asientos adicionales en la parte trasera. As\u00ed, hay espacio para cuatro personas. En resumen, el coche puede utilizarse para todo tipo de fines.<\/p>\n<p>La carrocer\u00eda del Mehari est\u00e1 formada por s\u00f3lo 11 paneles f\u00e1cilmente reparables. El coche es f\u00e1cil de limpiar tanto por fuera como por dentro con la manguera de jard\u00edn. El coche es f\u00e1cil de mantener y tambi\u00e9n barato de reparar. Para ello, Citro\u00ebn utiliz\u00f3 materiales modernos para la \u00e9poca.<\/p>\n<p>El Mehari es un bonito recuerdo de la infancia de toda una generaci\u00f3n. Con su innovadora carrocer\u00eda, el Mehari se convirti\u00f3 con el paso de los a\u00f1os en un aut\u00e9ntico icono en el mundo del autom\u00f3vil y m\u00e1s all\u00e1.<\/p>\n<figure class=\"wp-block-image size-content\"><img decoding=\"async\" loading=\"lazy\" width=\"1140\" height=\"765\" src=\"https:\/\/autorai.nl\/wp-content\/uploads\/2023\/05\/citroen-mehari-55-jaar-foto2-1140x765.jpg\" alt=\"Citro\u00ebn Mehari\" class=\"wp-image-159224\"><\/figure>\n<h2>Tres versiones m\u00edticas<\/h2>\n<p>Aunque el Mehari se fabric\u00f3 durante casi 20 a\u00f1os, s\u00f3lo aparecieron tres versiones especiales, dos de las cuales tambi\u00e9n se produjeron en peque\u00f1as cantidades. &nbsp;En 1979, Citro\u00ebn present\u00f3 el Mehari 4\u00d74, dotado de tracci\u00f3n total. En una edici\u00f3n de s\u00f3lo 1.213 ejemplares, esta versi\u00f3n ofrece una libertad casi sin precedentes incluso hoy en d\u00eda. En 1983, Citro\u00ebn lanz\u00f3 dos ediciones especiales. El primero fue el M\u00e9hari Plage, de color amarillo vivo y aire vacacional. Esta versi\u00f3n s\u00f3lo se ha vendido en Espa\u00f1a y Portugal. La otra edici\u00f3n especial fue la Mehari Azur, que apareci\u00f3 \u00fanicamente para los mercados franc\u00e9s, italiano y portugu\u00e9s en una edici\u00f3n de s\u00f3lo 700 ejemplares.<\/p>\n<h2>Citro\u00ebn Mehari en el ej\u00e9rcito<\/h2>\n<p>El Mehari atrajo fuertemente la atenci\u00f3n de departamentos gubernamentales, como polic\u00eda y aduanas, as\u00ed como de gestores de aeropuertos, hip\u00f3dromos y pistas de carreras. Y comerciantes, artesanos y particulares se sintieron atra\u00eddos por el Citro\u00ebn Mehari.<\/p>\n<p>En el ej\u00e9rcito franc\u00e9s, los mehari tuvieron una gran y duradera carrera. El ej\u00e9rcito recibi\u00f3 hasta 11.457 Mehari entre 1972 y 1987. El Mehari 4\u00d74 prest\u00f3 incluso apoyo m\u00e9dico. En el Rally Par\u00eds Dakar de 1980, los equipos m\u00e9dicos utilizaron diez ejemplares del Mehari 4\u00d74 para la asistencia m\u00e9dica a lo largo de la ruta. Por \u00faltimo, el Mehari tambi\u00e9n hizo carrera en el cine, sobre todo gracias a las famosas pel\u00edculas de Louis de Fun\u00e8s \u00abLe gendarme de Saint Tropez\u00bb.<\/p>\n<div class=\"galery galery-0\">\n<figure>\n\t\t\t\t\t<span style=\"cursor: pointer\" data-src=\"https:\/\/autorai.nl\/wp-content\/uploads\/2023\/05\/citroen-mehari-55-jaar-foto1-1600x1039.jpg\" data-fancybox=\"galery-0\" title=\"Un Citro\u00ebn M\u00c8hari Azur en un pr\u00c8 en 1983. Foto de Georges Guyot. Utilisation \u00c8ditoriale uniquement, nous contacter pour toute autre utilisation\"><br \/>\n\t\t\t\t\t\t\t<img decoding=\"async\" width=\"360\" height=\"270\" src=\"https:\/\/autorai.nl\/wp-content\/uploads\/2023\/05\/citroen-mehari-55-jaar-foto1-360x270.jpg\" class=\"attachment-small size-small\" alt=\"\" loading=\"lazy\"><i class=\"fa fa-search-plus\" aria-hidden=\"true\"><\/i><br \/>\n\t\t\t\t\t\t<\/span><br \/>\n\t\t\t\t\t<\/figure>\n<figure>\n\t\t\t\t\t<span style=\"cursor: pointer\" data-src=\"https:\/\/autorai.nl\/wp-content\/uploads\/2023\/05\/citroen-mehari-55-jaar-foto8-1600x1075.jpg\" data-fancybox=\"galery-0\" title=\"Un Citro\u00ebn M\u00c8hari 4x4 en una pista todoterreno en 1979. Foto de Robert Lamanda, Eric Vivier y Georges Guyot. Para cualquier otro uso, p\u00f3ngase en contacto con nosotros.\"><br \/>\n\t\t\t\t\t\t\t<img decoding=\"async\" width=\"360\" height=\"270\" src=\"https:\/\/autorai.nl\/wp-content\/uploads\/2023\/05\/citroen-mehari-55-jaar-foto8-360x270.jpg\" class=\"attachment-small size-small\" alt=\"\" loading=\"lazy\"><i class=\"fa fa-search-plus\" aria-hidden=\"true\"><\/i><br \/>\n\t\t\t\t\t\t<\/span><br \/>\n\t\t\t\t\t<\/figure>\n<figure>\n\t\t\t\t\t<span style=\"cursor: pointer\" data-src=\"https:\/\/autorai.nl\/wp-content\/uploads\/2023\/05\/citroen-mehari-55-jaar-foto7-1600x1051.jpg\" data-fancybox=\"galery-0\" title=\"Un Citro\u00ebn M\u00c8hari en un pr\u00c8 en 1978. Foto de Georges Guyot. Utilisation \u00c8ditoriale uniquement, nous contacter pour toute autre utilisation\"><br \/>\n\t\t\t\t\t\t\t<img decoding=\"async\" width=\"360\" height=\"270\" src=\"https:\/\/autorai.nl\/wp-content\/uploads\/2023\/05\/citroen-mehari-55-jaar-foto7-360x270.jpg\" class=\"attachment-small size-small\" alt=\"\" loading=\"lazy\"><i class=\"fa fa-search-plus\" aria-hidden=\"true\"><\/i><br \/>\n\t\t\t\t\t\t<\/span><br \/>\n\t\t\t\t\t<\/figure>\n<figure>\n\t\t\t\t\t<span style=\"cursor: pointer\" data-src=\"https:\/\/autorai.nl\/wp-content\/uploads\/2023\/05\/citroen-mehari-55-jaar-foto6-1600x1038.jpg\" data-fancybox=\"galery-0\" title=\"Une Citro\u00cen M\u00c8hari d\u00c8capotable rouge sur une plage tractant un bateau pneumatique \u2021 moteur, un homme se tient \u2021 c\u00d9t\u00c8 et un petit gar\u00c1on \u2021 l'arri\u00cbre en 1971. Utilisation \u00c8ditoriale uniquement, nous contacter pour toute autre utilisation\"><br \/>\n\t\t\t\t\t\t\t<img decoding=\"async\" width=\"360\" height=\"270\" src=\"https:\/\/autorai.nl\/wp-content\/uploads\/2023\/05\/citroen-mehari-55-jaar-foto6-360x270.jpg\" class=\"attachment-small size-small\" alt=\"Citro\u00ebn Mehari\" loading=\"lazy\"><i class=\"fa fa-search-plus\" aria-hidden=\"true\"><\/i><br \/>\n\t\t\t\t\t\t<\/span><br \/>\n\t\t\t\t\t<\/figure>\n<figure>\n\t\t\t\t\t<span style=\"cursor: pointer\" data-src=\"https:\/\/autorai.nl\/wp-content\/uploads\/2023\/05\/citroen-mehari-55-jaar-foto5-1600x1038.jpg\" data-fancybox=\"galery-0\" title=\"Un Citro\u00ebn M\u00c8hari de la gendarmerie nationale stationn\u00c8e devant les locaux de la gendarmerie mobile en 1974. Foto de Jean-Fran\u00c1ois Malard. Para cualquier otro uso, p\u00f3ngase en contacto con nosotros.\"><br \/>\n\t\t\t\t\t\t\t<img decoding=\"async\" width=\"360\" height=\"270\" src=\"https:\/\/autorai.nl\/wp-content\/uploads\/2023\/05\/citroen-mehari-55-jaar-foto5-360x270.jpg\" class=\"attachment-small size-small\" alt=\"Citro\u00ebn Mehari\" loading=\"lazy\"><i class=\"fa fa-search-plus\" aria-hidden=\"true\"><\/i><br \/>\n\t\t\t\t\t\t<\/span><br \/>\n\t\t\t\t\t<\/figure>\n<figure>\n\t\t\t\t\t<span style=\"cursor: pointer\" data-src=\"https:\/\/autorai.nl\/wp-content\/uploads\/2023\/05\/citroen-mehari-55-jaar-foto4-1600x1060.jpg\" data-fancybox=\"galery-0\" title=\"Une Citro\u00cen M\u00c8hari Entreprise sur un parking en 1978. Foto de Georges Guyot. Utilisation \u00c8ditoriale uniquement, nous contacter pour toute autre utilisation\"><br \/>\n\t\t\t\t\t\t\t<img decoding=\"async\" width=\"360\" height=\"270\" src=\"https:\/\/autorai.nl\/wp-content\/uploads\/2023\/05\/citroen-mehari-55-jaar-foto4-360x270.jpg\" class=\"attachment-small size-small\" alt=\"\" loading=\"lazy\"><i class=\"fa fa-search-plus\" aria-hidden=\"true\"><\/i><br \/>\n\t\t\t\t\t\t<\/span><br \/>\n\t\t\t\t\t<\/figure>\n<figure>\n\t\t\t\t\t<span style=\"cursor: pointer\" data-src=\"https:\/\/autorai.nl\/wp-content\/uploads\/2023\/05\/citroen-mehari-55-jaar-foto3-1600x1036.jpg\" data-fancybox=\"galery-0\" title=\"Vue de d\u00c8tail de l'arri\u00cbre de la Citro\u00cen M\u00c8hari Azur en 1983. Foto de Georges Guyot. Para cualquier otro uso, p\u00f3ngase en contacto con nosotros.\"><br \/>\n\t\t\t\t\t\t\t<img decoding=\"async\" width=\"360\" height=\"270\" src=\"https:\/\/autorai.nl\/wp-content\/uploads\/2023\/05\/citroen-mehari-55-jaar-foto3-360x270.jpg\" class=\"attachment-small size-small\" alt=\"\" loading=\"lazy\"><i class=\"fa fa-search-plus\" aria-hidden=\"true\"><\/i><br \/>\n\t\t\t\t\t\t<\/span><br \/>\n\t\t\t\t\t<\/figure>\n<figure>\n\t\t\t\t\t<span style=\"cursor: pointer\" data-src=\"https:\/\/autorai.nl\/wp-content\/uploads\/2023\/05\/citroen-mehari-55-jaar-foto2-1600x1073.jpg\" data-fancybox=\"galery-0\" title=\"\"><br \/>\n\t\t\t\t\t\t\t<img decoding=\"async\" width=\"360\" height=\"270\" src=\"https:\/\/autorai.nl\/wp-content\/uploads\/2023\/05\/citroen-mehari-55-jaar-foto2-360x270.jpg\" class=\"attachment-small size-small\" alt=\"Citro\u00ebn Mehari\" loading=\"lazy\"><i class=\"fa fa-search-plus\" aria-hidden=\"true\"><\/i><br \/>\n\t\t\t\t\t\t<\/span><br \/>\n\t\t\t\t\t<\/figure>\n<div class=\"clear\"><\/div>\n<\/div>\n","protected":false},"excerpt":{"rendered":"Dise\u00f1ado por Roland de La Poype El Citro\u00ebn Mehare -con caja de carga abierta y cap\u00f3 retr\u00e1ctil- estaba propulsado por&hellip;","protected":false},"author":0,"featured_media":135985,"comment_status":"","ping_status":"open","sticky":false,"template":"","format":"standard","meta":{"footnotes":""},"categories":[129,126],"tags":[],"class_list":["post-135988","post","type-post","status-publish","format-standard","has-post-thumbnail","hentry","category-fondo","category-noticias-de-autos"],"acf":[],"yoast_head":"<!-- This site is optimized with the Yoast SEO plugin v21.2 - https:\/\/yoast.com\/wordpress\/plugins\/seo\/ -->\n<title>Citro\u00ebn Mehari sopla 55 velas: una retrospectiva - All cars news<\/title>\n<meta name=\"robots\" content=\"index, follow, max-snippet:-1, max-image-preview:large, max-video-preview:-1\" \/>\n<link rel=\"canonical\" href=\"https:\/\/all-car-news.com\/es\/citroen-mehari-sopla-55-velas-una-retrospectiva\/\" \/>\n<meta property=\"og:locale\" content=\"es_ES\" \/>\n<meta property=\"og:type\" content=\"article\" \/>\n<meta property=\"og:title\" content=\"Citro\u00ebn Mehari sopla 55 velas: una retrospectiva - All cars news\" \/>\n<meta property=\"og:description\" content=\"Dise\u00f1ado por Roland de La Poype El Citro\u00ebn Mehare -con caja de carga abierta y cap\u00f3 retr\u00e1ctil- estaba propulsado por un motor bicil\u00edndrico refrigerado por aire de 21 a 24 kW (28 a 32 CV). La carrocer\u00eda se fabric\u00f3 en pl\u00e1stico ABS (acrilonitrilo butadieno estireno) y fue dise\u00f1ada por Roland de La Poype. Citro\u00ebn bas\u00f3 el Mehari en la plataforma [...]\" \/>\n<meta property=\"og:url\" content=\"https:\/\/all-car-news.com\/es\/citroen-mehari-sopla-55-velas-una-retrospectiva\/\" \/>\n<meta property=\"og:site_name\" content=\"All cars news\" \/>\n<meta property=\"article:published_time\" content=\"2023-05-27T08:15:00+00:00\" \/>\n<meta property=\"og:image\" content=\"https:\/\/autorai.nl\/wp-content\/uploads\/2023\/05\/citroen-mehari-55-jaar-foto6-1140x740.jpg\" \/>\n<meta name=\"twitter:card\" content=\"summary_large_image\" \/>\n<meta name=\"twitter:label1\" content=\"Tiempo de lectura\" \/>\n\t<meta name=\"twitter:data1\" content=\"4 minutos\" \/>\n<script type=\"application\/ld+json\" class=\"yoast-schema-graph\">{\"@context\":\"https:\/\/schema.org\",\"@graph\":[{\"@type\":\"Article\",\"@id\":\"https:\/\/all-car-news.com\/es\/citroen-mehari-sopla-55-velas-una-retrospectiva\/#article\",\"isPartOf\":{\"@id\":\"https:\/\/all-car-news.com\/es\/citroen-mehari-sopla-55-velas-una-retrospectiva\/\"},\"author\":{\"name\":\"\",\"@id\":\"\"},\"headline\":\"Citro\u00ebn Mehari sopla 55 velas: una retrospectiva\",\"datePublished\":\"2023-05-27T08:15:00+00:00\",\"dateModified\":\"2023-05-27T08:15:00+00:00\",\"mainEntityOfPage\":{\"@id\":\"https:\/\/all-car-news.com\/es\/citroen-mehari-sopla-55-velas-una-retrospectiva\/\"},\"wordCount\":718,\"publisher\":{\"@id\":\"https:\/\/all-car-news.com\/es\/#organization\"},\"articleSection\":[\"Fondo\",\"noticias de autos\"],\"inLanguage\":\"es\"},{\"@type\":\"WebPage\",\"@id\":\"https:\/\/all-car-news.com\/es\/citroen-mehari-sopla-55-velas-una-retrospectiva\/\",\"url\":\"https:\/\/all-car-news.com\/es\/citroen-mehari-sopla-55-velas-una-retrospectiva\/\",\"name\":\"Citro\u00ebn Mehari sopla 55 velas: una retrospectiva - All cars news\",\"isPartOf\":{\"@id\":\"https:\/\/all-car-news.com\/es\/#website\"},\"datePublished\":\"2023-05-27T08:15:00+00:00\",\"dateModified\":\"2023-05-27T08:15:00+00:00\",\"breadcrumb\":{\"@id\":\"https:\/\/all-car-news.com\/es\/citroen-mehari-sopla-55-velas-una-retrospectiva\/#breadcrumb\"},\"inLanguage\":\"es\",\"potentialAction\":[{\"@type\":\"ReadAction\",\"target\":[\"https:\/\/all-car-news.com\/es\/citroen-mehari-sopla-55-velas-una-retrospectiva\/\"]}]},{\"@type\":\"BreadcrumbList\",\"@id\":\"https:\/\/all-car-news.com\/es\/citroen-mehari-sopla-55-velas-una-retrospectiva\/#breadcrumb\",\"itemListElement\":[{\"@type\":\"ListItem\",\"position\":1,\"name\":\"Home\",\"item\":\"https:\/\/all-car-news.com\/es\/\"},{\"@type\":\"ListItem\",\"position\":2,\"name\":\"Citro\u00ebn Mehari sopla 55 velas: una retrospectiva\"}]},{\"@type\":\"WebSite\",\"@id\":\"https:\/\/all-car-news.com\/es\/#website\",\"url\":\"https:\/\/all-car-news.com\/es\/\",\"name\":\"All cars news\",\"description\":\"\",\"publisher\":{\"@id\":\"https:\/\/all-car-news.com\/es\/#organization\"},\"potentialAction\":[{\"@type\":\"SearchAction\",\"target\":{\"@type\":\"EntryPoint\",\"urlTemplate\":\"https:\/\/all-car-news.com\/es\/?s={search_term_string}\"},\"query-input\":\"required name=search_term_string\"}],\"inLanguage\":\"es\"},{\"@type\":\"Organization\",\"@id\":\"https:\/\/all-car-news.com\/es\/#organization\",\"name\":\"All cars news\",\"url\":\"https:\/\/all-car-news.com\/es\/\",\"logo\":{\"@type\":\"ImageObject\",\"inLanguage\":\"es\",\"@id\":\"https:\/\/all-car-news.com\/es\/#\/schema\/logo\/image\/\",\"url\":\"https:\/\/all-car-news.com\/wp-content\/uploads\/2022\/02\/CMYK-AllCarNews_LANDSCAPE_300px-1.png\",\"contentUrl\":\"https:\/\/all-car-news.com\/wp-content\/uploads\/2022\/02\/CMYK-AllCarNews_LANDSCAPE_300px-1.png\",\"width\":300,\"height\":100,\"caption\":\"All cars news\"},\"image\":{\"@id\":\"https:\/\/all-car-news.com\/es\/#\/schema\/logo\/image\/\"}}]}<\/script>\n<!-- \/ Yoast SEO plugin. -->","yoast_head_json":{"title":"Citro\u00ebn Mehari sopla 55 velas: una retrospectiva - All cars news","robots":{"index":"index","follow":"follow","max-snippet":"max-snippet:-1","max-image-preview":"max-image-preview:large","max-video-preview":"max-video-preview:-1"},"canonical":"https:\/\/all-car-news.com\/es\/citroen-mehari-sopla-55-velas-una-retrospectiva\/","og_locale":"es_ES","og_type":"article","og_title":"Citro\u00ebn Mehari sopla 55 velas: una retrospectiva - All cars news","og_description":"Dise\u00f1ado por Roland de La Poype El Citro\u00ebn Mehare -con caja de carga abierta y cap\u00f3 retr\u00e1ctil- estaba propulsado por un motor bicil\u00edndrico refrigerado por aire de 21 a 24 kW (28 a 32 CV). La carrocer\u00eda se fabric\u00f3 en pl\u00e1stico ABS (acrilonitrilo butadieno estireno) y fue dise\u00f1ada por Roland de La Poype. Citro\u00ebn bas\u00f3 el Mehari en la plataforma [...]","og_url":"https:\/\/all-car-news.com\/es\/citroen-mehari-sopla-55-velas-una-retrospectiva\/","og_site_name":"All cars news","article_published_time":"2023-05-27T08:15:00+00:00","og_image":[{"url":"https:\/\/autorai.nl\/wp-content\/uploads\/2023\/05\/citroen-mehari-55-jaar-foto6-1140x740.jpg"}],"twitter_card":"summary_large_image","twitter_misc":{"Tiempo de lectura":"4 minutos"},"schema":{"@context":"https:\/\/schema.org","@graph":[{"@type":"Article","@id":"https:\/\/all-car-news.com\/es\/citroen-mehari-sopla-55-velas-una-retrospectiva\/#article","isPartOf":{"@id":"https:\/\/all-car-news.com\/es\/citroen-mehari-sopla-55-velas-una-retrospectiva\/"},"author":{"name":"","@id":""},"headline":"Citro\u00ebn Mehari sopla 55 velas: una retrospectiva","datePublished":"2023-05-27T08:15:00+00:00","dateModified":"2023-05-27T08:15:00+00:00","mainEntityOfPage":{"@id":"https:\/\/all-car-news.com\/es\/citroen-mehari-sopla-55-velas-una-retrospectiva\/"},"wordCount":718,"publisher":{"@id":"https:\/\/all-car-news.com\/es\/#organization"},"articleSection":["Fondo","noticias de autos"],"inLanguage":"es"},{"@type":"WebPage","@id":"https:\/\/all-car-news.com\/es\/citroen-mehari-sopla-55-velas-una-retrospectiva\/","url":"https:\/\/all-car-news.com\/es\/citroen-mehari-sopla-55-velas-una-retrospectiva\/","name":"Citro\u00ebn Mehari sopla 55 velas: una retrospectiva - All cars news","isPartOf":{"@id":"https:\/\/all-car-news.com\/es\/#website"},"datePublished":"2023-05-27T08:15:00+00:00","dateModified":"2023-05-27T08:15:00+00:00","breadcrumb":{"@id":"https:\/\/all-car-news.com\/es\/citroen-mehari-sopla-55-velas-una-retrospectiva\/#breadcrumb"},"inLanguage":"es","potentialAction":[{"@type":"ReadAction","target":["https:\/\/all-car-news.com\/es\/citroen-mehari-sopla-55-velas-una-retrospectiva\/"]}]},{"@type":"BreadcrumbList","@id":"https:\/\/all-car-news.com\/es\/citroen-mehari-sopla-55-velas-una-retrospectiva\/#breadcrumb","itemListElement":[{"@type":"ListItem","position":1,"name":"Home","item":"https:\/\/all-car-news.com\/es\/"},{"@type":"ListItem","position":2,"name":"Citro\u00ebn Mehari sopla 55 velas: una retrospectiva"}]},{"@type":"WebSite","@id":"https:\/\/all-car-news.com\/es\/#website","url":"https:\/\/all-car-news.com\/es\/","name":"All cars news","description":"","publisher":{"@id":"https:\/\/all-car-news.com\/es\/#organization"},"potentialAction":[{"@type":"SearchAction","target":{"@type":"EntryPoint","urlTemplate":"https:\/\/all-car-news.com\/es\/?s={search_term_string}"},"query-input":"required name=search_term_string"}],"inLanguage":"es"},{"@type":"Organization","@id":"https:\/\/all-car-news.com\/es\/#organization","name":"All cars news","url":"https:\/\/all-car-news.com\/es\/","logo":{"@type":"ImageObject","inLanguage":"es","@id":"https:\/\/all-car-news.com\/es\/#\/schema\/logo\/image\/","url":"https:\/\/all-car-news.com\/wp-content\/uploads\/2022\/02\/CMYK-AllCarNews_LANDSCAPE_300px-1.png","contentUrl":"https:\/\/all-car-news.com\/wp-content\/uploads\/2022\/02\/CMYK-AllCarNews_LANDSCAPE_300px-1.png","width":300,"height":100,"caption":"All cars news"},"image":{"@id":"https:\/\/all-car-news.com\/es\/#\/schema\/logo\/image\/"}}]}},"_links":{"self":[{"href":"https:\/\/all-car-news.com\/es\/wp-json\/wp\/v2\/posts\/135988","targetHints":{"allow":["GET"]}}],"collection":[{"href":"https:\/\/all-car-news.com\/es\/wp-json\/wp\/v2\/posts"}],"about":[{"href":"https:\/\/all-car-news.com\/es\/wp-json\/wp\/v2\/types\/post"}],"replies":[{"embeddable":true,"href":"https:\/\/all-car-news.com\/es\/wp-json\/wp\/v2\/comments?post=135988"}],"version-history":[{"count":0,"href":"https:\/\/all-car-news.com\/es\/wp-json\/wp\/v2\/posts\/135988\/revisions"}],"wp:featuredmedia":[{"embeddable":true,"href":"https:\/\/all-car-news.com\/es\/wp-json\/wp\/v2\/media\/135985"}],"wp:attachment":[{"href":"https:\/\/all-car-news.com\/es\/wp-json\/wp\/v2\/media?parent=135988"}],"wp:term":[{"taxonomy":"category","embeddable":true,"href":"https:\/\/all-car-news.com\/es\/wp-json\/wp\/v2\/categories?post=135988"},{"taxonomy":"post_tag","embeddable":true,"href":"https:\/\/all-car-news.com\/es\/wp-json\/wp\/v2\/tags?post=135988"}],"curies":[{"name":"wp","href":"https:\/\/api.w.org\/{rel}","templated":true}]}}