{"id":135686,"date":"2023-05-16T10:40:42","date_gmt":"2023-05-16T10:40:42","guid":{"rendered":"https:\/\/all-car-news.com\/te-sobra-dinero-esta-es-la-estacion-de-recarga-de-diseno-mas-cara-del-mundo\/"},"modified":"2023-05-16T10:40:42","modified_gmt":"2023-05-16T10:40:42","slug":"te-sobra-dinero-esta-es-la-estacion-de-recarga-de-diseno-mas-cara-del-mundo","status":"publish","type":"post","link":"https:\/\/all-car-news.com\/es\/te-sobra-dinero-esta-es-la-estacion-de-recarga-de-diseno-mas-cara-del-mundo\/","title":{"rendered":"\u00bfTe sobra dinero? Esta es la estaci\u00f3n de recarga de dise\u00f1o m\u00e1s cara del mundo"},"content":{"rendered":"<h2>Obras de arte<\/h2>\n<p>Las estaciones de recarga se han desarrollado como obras de arte. Por supuesto, es posible cargar el coche el\u00e9ctrico con una estaci\u00f3n de carga de este tipo, pero la estaci\u00f3n de carga tambi\u00e9n tiene valor est\u00e9tico como complemento de su hogar o negocio. El precio de partida de 68.500 euros es casi igual al de un Kia EV6 GT muy gordo. Por 105.000 euros, tambi\u00e9n tienes un Porsche Taycan Sport Turismo.<\/p>\n<h2>Piedra natural<\/h2>\n<p>\u00abDise\u00f1amos y vendemos la estaci\u00f3n de carga m\u00e1s lujosa del mundo\u00bb, afirma Joey Oraile, propietario de la start-up Jilain. Los precios de estas estaciones de carga \u00fanicas y artesanales oscilan entre 68.500 y 105.000 euros. Se fabrican con materiales de alta calidad, como acero inoxidable 316L y piedra natural, y est\u00e1n disponibles en distintos colores. El cliente puede elegir entre un acabado cepillado, mate o pulido\u00bb.<\/p>\n<figure class=\"wp-block-image size-content\"><img decoding=\"async\" loading=\"lazy\" width=\"1140\" height=\"760\" src=\"https:\/\/autorai.nl\/wp-content\/uploads\/2023\/05\/Joey_jilain-1140x760.jpg\" alt=\"\" class=\"wp-image-158735\"><\/figure>\n<h2>Si no te gusta, c\u00e1mbialo<\/h2>\n<p>A partir de 2016, Joey Oraile vio c\u00f3mo se pasaba de los motores de combusti\u00f3n interna convencionales de&nbsp;a los veh\u00edculos de cero emisiones. Observ\u00f3 que, en esta evoluci\u00f3n, las estaciones de recarga eran un ni\u00f1o infravalorado&nbsp;y decidi\u00f3 sacar provecho de ello. Bajo&nbsp;el lema: &#8216;Si no te gusta, c\u00e1mbialo&#8217;, el antiguo estudiante de Administraci\u00f3n T\u00e9cnica de Empresas&nbsp;puso en marcha Jilain en 2018.&nbsp;<\/p>\n<h2>Jilian<\/h2>\n<p>El nombre de Jilain deriva de Jalan Lain, que en neerland\u00e9s significa \u00abotra carretera&nbsp;\u00ab. El abuelo de Joey le contaba a menudo que en la isla&nbsp;de Pulau Babar (Molucas), Jalan Lain es la carretera que lleva al \u00fanico lugar&nbsp;donde sale agua dulce.<\/p>\n<p>\u00abSi la gente de all\u00ed contaminara la tierra, dejar\u00eda de tener agua potable limpia. Esto ilustra la necesidad de ser ahorrativos con la tierra y la electrificaci\u00f3n tambi\u00e9n contribuye a ello. Con nuestras estaciones de carga de dise\u00f1o, tambi\u00e9n estamos abriendo un camino diferente al de otros proveedores.\u00bb<\/p>\n<div class=\"galery galery-0\">\n<figure>\n\t\t\t\t\t<span style=\"cursor: pointer\" data-src=\"https:\/\/autorai.nl\/wp-content\/uploads\/2023\/05\/jilain-laadpaal-foto1-1600x1600.jpg\" data-fancybox=\"galery-0\" title=\"\"><br \/>\n\t\t\t\t\t\t\t<img decoding=\"async\" width=\"360\" height=\"270\" src=\"https:\/\/autorai.nl\/wp-content\/uploads\/2023\/05\/jilain-laadpaal-foto1-360x270.jpg\" class=\"attachment-small size-small\" alt=\"\" loading=\"lazy\"><i class=\"fa fa-search-plus\" aria-hidden=\"true\"><\/i><br \/>\n\t\t\t\t\t\t<\/span><br \/>\n\t\t\t\t\t<\/figure>\n<figure>\n\t\t\t\t\t<span style=\"cursor: pointer\" data-src=\"https:\/\/autorai.nl\/wp-content\/uploads\/2023\/05\/jilain-laadpaal-foto5-1600x1600.jpg\" data-fancybox=\"galery-0\" title=\"\"><br \/>\n\t\t\t\t\t\t\t<img decoding=\"async\" width=\"360\" height=\"270\" src=\"https:\/\/autorai.nl\/wp-content\/uploads\/2023\/05\/jilain-laadpaal-foto5-360x270.jpg\" class=\"attachment-small size-small\" alt=\"\" loading=\"lazy\"><i class=\"fa fa-search-plus\" aria-hidden=\"true\"><\/i><br \/>\n\t\t\t\t\t\t<\/span><br \/>\n\t\t\t\t\t<\/figure>\n<figure>\n\t\t\t\t\t<span style=\"cursor: pointer\" data-src=\"https:\/\/autorai.nl\/wp-content\/uploads\/2023\/05\/jilain-laadpaal-foto4-1600x1600.jpg\" data-fancybox=\"galery-0\" title=\"\"><br \/>\n\t\t\t\t\t\t\t<img decoding=\"async\" width=\"360\" height=\"270\" src=\"https:\/\/autorai.nl\/wp-content\/uploads\/2023\/05\/jilain-laadpaal-foto4-360x270.jpg\" class=\"attachment-small size-small\" alt=\"\" loading=\"lazy\"><i class=\"fa fa-search-plus\" aria-hidden=\"true\"><\/i><br \/>\n\t\t\t\t\t\t<\/span><br \/>\n\t\t\t\t\t<\/figure>\n<figure>\n\t\t\t\t\t<span style=\"cursor: pointer\" data-src=\"https:\/\/autorai.nl\/wp-content\/uploads\/2023\/05\/jilain-laadpaal-foto3-1600x1600.jpg\" data-fancybox=\"galery-0\" title=\"\"><br \/>\n\t\t\t\t\t\t\t<img decoding=\"async\" width=\"360\" height=\"270\" src=\"https:\/\/autorai.nl\/wp-content\/uploads\/2023\/05\/jilain-laadpaal-foto3-360x270.jpg\" class=\"attachment-small size-small\" alt=\"\" loading=\"lazy\"><i class=\"fa fa-search-plus\" aria-hidden=\"true\"><\/i><br \/>\n\t\t\t\t\t\t<\/span><br \/>\n\t\t\t\t\t<\/figure>\n<figure>\n\t\t\t\t\t<span style=\"cursor: pointer\" data-src=\"https:\/\/autorai.nl\/wp-content\/uploads\/2023\/05\/jilain-laadpaal-foto2-1600x1600.jpg\" data-fancybox=\"galery-0\" title=\"\"><br \/>\n\t\t\t\t\t\t\t<img decoding=\"async\" width=\"360\" height=\"270\" src=\"https:\/\/autorai.nl\/wp-content\/uploads\/2023\/05\/jilain-laadpaal-foto2-360x270.jpg\" class=\"attachment-small size-small\" alt=\"\" loading=\"lazy\"><i class=\"fa fa-search-plus\" aria-hidden=\"true\"><\/i><br \/>\n\t\t\t\t\t\t<\/span><br \/>\n\t\t\t\t\t<\/figure>\n<div class=\"clear\"><\/div>\n<\/div>\n<h2>Especificaciones t\u00e9cnicas Estaci\u00f3n de carga Jilain<\/h2>\n<p>Con un precio de hasta 105.000 euros, tambi\u00e9n cabe esperar especificaciones de carga de gama alta. \u00abLa estaci\u00f3n de carga puede suministrar dos veces 22 kW. Una caracter\u00edstica especial es el sistema de accionamiento con una sola mano. Utilizamos un enchufe Mennekes de tipo 2, pero en este caso se puede manejar con una sola mano. De hecho, se enchufa en \u00e1ngulo. El marco es de acero inoxidable grueso. Para ello utilizamos acero inoxidable 316L. Este material tambi\u00e9n se utiliza en los relojes Rolex y Breitling, as\u00ed como en yates de lujo. Como quiero hacer negocios de forma sostenible, producimos estas estaciones de carga \u00edntegramente en los Pa\u00edses Bajos. Por supuesto, algunos materiales vienen de otros pa\u00edses, como la piedra natural, porque eso no se da aqu\u00ed\u00bb, explica Joey Oraile a AutoRAI.nl.<\/p>\n<figure class=\"wp-block-table\">\n<table>\n<tbody>\n<tr>\n<td>\n  <strong>Marca<\/strong>\n<\/td>\n<td>\n  <strong>Jilain<\/strong>\n<\/td>\n<\/tr>\n<tr>\n<td><\/td>\n<td><\/td>\n<\/tr>\n<tr>\n<td>\n  <strong>Modelo<\/strong>\n<\/td>\n<td>Eva<\/td>\n<\/tr>\n<tr>\n<td>\n  <strong>Enchufe<\/strong>\n<\/td>\n<td>Persiana monomanual, Mennekes tipo 2<\/td>\n<\/tr>\n<tr>\n<td>\n  <strong>Enchufe de carga<\/strong>\n<\/td>\n<td>Cable de carga de 3 metros, Mennekes tipo 2<\/td>\n<\/tr>\n<tr>\n<td>\n  <strong>Potencia m\u00e1xima de salida<\/strong>\n<\/td>\n<td>32A trif\u00e1sica&nbsp;<\/td>\n<\/tr>\n<tr>\n<td>\n  <strong>Potencia regulable<\/strong>\n<\/td>\n<td>De 2\u00d711 a 2&#215;22 kW<\/td>\n<\/tr>\n<tr>\n<td>\n  <strong>Tensi\u00f3n de entrada<\/strong>\n<\/td>\n<td>400V 50Hz (1 o 2 conexiones &nbsp;)<\/td>\n<\/tr>\n<tr>\n<td>\n  <strong>Potencia de entrada<\/strong>\n<\/td>\n<td>16 \/ 32 \/ 64 amperios<\/td>\n<\/tr>\n<tr>\n<td>\n  <strong>Disyuntores diferenciales<\/strong>\n<\/td>\n<td>2pcs Doepke HD disyuntor diferencial 32A<\/td>\n<\/tr>\n<tr>\n<td>\n  <strong>Detecci\u00f3n de fallos de CC<\/strong>\n<\/td>\n<td>Equipado con m\u00f3dulos RCM<\/td>\n<\/tr>\n<tr>\n<td>\n  <strong>LED de estado<\/strong>\n<\/td>\n<td>3 colores,&nbsp; regulable<\/td>\n<\/tr>\n<tr>\n<td>\n  <strong>Grado de protecci\u00f3n<\/strong>\n<\/td>\n<td>IP54<\/td>\n<\/tr>\n<tr>\n<td>\n  <strong>Temperatura<\/strong>\n<\/td>\n<td>-25 \/ +40<\/td>\n<\/tr>\n<tr>\n<td>\n  <strong>Altura de la columna de carga<\/strong>\n<\/td>\n<td>1800 mm<\/td>\n<\/tr>\n<tr>\n<td>\n  <strong>Anchura de la columna de carga<\/strong>\n<\/td>\n<td>350 mm<\/td>\n<\/tr>\n<tr>\n<td>\n  <strong>Longitud de la columna de carga<\/strong>\n<\/td>\n<td>954 mm<\/td>\n<\/tr>\n<tr>\n<td>\n  <strong>Material del bastidor<\/strong>\n<\/td>\n<td>acero inoxidable 316 L<\/td>\n<\/tr>\n<tr>\n<td><strong>Material del cuerpo 1.<\/strong><\/td>\n<td>acero inoxidable 316L<\/td>\n<\/tr>\n<tr>\n<td><strong>Material del cuerpo 2.<\/strong><\/td>\n<td>Piedra natural<\/td>\n<\/tr>\n<tr>\n<td>\n  <strong>Equilibrio de carga<\/strong>\n<\/td>\n<td>S\u00ed<\/td>\n<\/tr>\n<\/tbody>\n<\/table>\n<\/figure>\n<figure class=\"wp-block-image size-content\"><img decoding=\"async\" loading=\"lazy\" width=\"1140\" height=\"713\" src=\"https:\/\/autorai.nl\/wp-content\/uploads\/2023\/05\/jilain-laadpalen-overzicht-1140x713.jpg\" alt=\"Jilain\" class=\"wp-image-158739\"><\/figure>\n<h2>Oro de 18 quilates<\/h2>\n<p>Adem\u00e1s de las estaciones de carga Jilian Eve, la start-up tambi\u00e9n ofrece accesorios especiales&nbsp;para veh\u00edculos (el\u00e9ctricos). \u00bfQu\u00e9 le parece el&nbsp;Jilain Visionaire, un tirador de ventana fabricado en oro de 18 quilates? Este producto&nbsp;no s\u00f3lo es una herramienta pr\u00e1ctica, sino que tambi\u00e9n llama la atenci\u00f3n como obra de arte&nbsp;.<\/p>\n<p>La variante hueca puede adquirirse desde m\u00e1s de 230.000 euros (!!) y la variante maciza&nbsp;desde m\u00e1s de 673.000 euros (!!). Los clientes tienen la oportunidad&nbsp;de personalizar su Visionaire con un texto.&nbsp;Por ahora, los art\u00edculos de lujo de Jilain s\u00f3lo est\u00e1n disponibles en los Pa\u00edses Bajos&nbsp;y pueden encargarse en <a href=\"https:\/\/jilain.com\/\" target=\"_blank\" rel=\"noreferrer noopener\">jilain.com<\/a> a partir del mi\u00e9rcoles 17 de mayo &#8217;23. El plazo de entrega de una estaci\u00f3n de carga&nbsp;Jilain Eve es de unos seis meses y el del extractor de ventanas Jilain&nbsp;de cuatro meses.<\/p>\n<figure class=\"wp-block-image size-full\"><img decoding=\"async\" loading=\"lazy\" width=\"1024\" height=\"1024\" src=\"https:\/\/autorai.nl\/wp-content\/uploads\/2023\/05\/jilain-visionaire.jpg\" alt=\"Jilain Visionario\" class=\"wp-image-158736\"><\/figure>\n","protected":false},"excerpt":{"rendered":"Obra de arte Las estaciones de recarga se han desarrollado como una obra de arte. Por supuesto, es posible cargar&hellip;","protected":false},"author":0,"featured_media":135653,"comment_status":"","ping_status":"open","sticky":false,"template":"","format":"standard","meta":{"footnotes":""},"categories":[129,204,126],"tags":[],"class_list":["post-135686","post","type-post","status-publish","format-standard","has-post-thumbnail","hentry","category-fondo","category-gadgets-es","category-noticias-de-autos"],"acf":[],"yoast_head":"<!-- This site is optimized with the Yoast SEO plugin v21.2 - https:\/\/yoast.com\/wordpress\/plugins\/seo\/ -->\n<title>\u00bfTe sobra dinero? Esta es la estaci\u00f3n de recarga de dise\u00f1o m\u00e1s cara del mundo - All cars news<\/title>\n<meta name=\"robots\" content=\"index, follow, max-snippet:-1, max-image-preview:large, max-video-preview:-1\" \/>\n<link rel=\"canonical\" href=\"https:\/\/all-car-news.com\/es\/te-sobra-dinero-esta-es-la-estacion-de-recarga-de-diseno-mas-cara-del-mundo\/\" \/>\n<meta property=\"og:locale\" content=\"es_ES\" \/>\n<meta property=\"og:type\" content=\"article\" \/>\n<meta property=\"og:title\" content=\"\u00bfTe sobra dinero? Esta es la estaci\u00f3n de recarga de dise\u00f1o m\u00e1s cara del mundo - All cars news\" \/>\n<meta property=\"og:description\" content=\"Obra de arte Las estaciones de recarga se han desarrollado como una obra de arte. Por supuesto, es posible cargar el coche el\u00e9ctrico con una estaci\u00f3n de carga de este tipo, pero la estaci\u00f3n de carga tambi\u00e9n tiene un valor est\u00e9tico como a\u00f1adido a su hogar o negocio. El precio de partida de 68.500 euros es casi igual al de un Kia EV6 GT muy gordo. Para [...]\" \/>\n<meta property=\"og:url\" content=\"https:\/\/all-car-news.com\/es\/te-sobra-dinero-esta-es-la-estacion-de-recarga-de-diseno-mas-cara-del-mundo\/\" \/>\n<meta property=\"og:site_name\" content=\"All cars news\" \/>\n<meta property=\"article:published_time\" content=\"2023-05-16T10:40:42+00:00\" \/>\n<meta property=\"og:image\" content=\"https:\/\/autorai.nl\/wp-content\/uploads\/2023\/05\/Joey_jilain-1140x760.jpg\" \/>\n<meta name=\"twitter:card\" content=\"summary_large_image\" \/>\n<meta name=\"twitter:label1\" content=\"Tiempo de lectura\" \/>\n\t<meta name=\"twitter:data1\" content=\"4 minutos\" \/>\n<script type=\"application\/ld+json\" class=\"yoast-schema-graph\">{\"@context\":\"https:\/\/schema.org\",\"@graph\":[{\"@type\":\"Article\",\"@id\":\"https:\/\/all-car-news.com\/es\/te-sobra-dinero-esta-es-la-estacion-de-recarga-de-diseno-mas-cara-del-mundo\/#article\",\"isPartOf\":{\"@id\":\"https:\/\/all-car-news.com\/es\/te-sobra-dinero-esta-es-la-estacion-de-recarga-de-diseno-mas-cara-del-mundo\/\"},\"author\":{\"name\":\"\",\"@id\":\"\"},\"headline\":\"\u00bfTe sobra dinero? Esta es la estaci\u00f3n de recarga de dise\u00f1o m\u00e1s cara del mundo\",\"datePublished\":\"2023-05-16T10:40:42+00:00\",\"dateModified\":\"2023-05-16T10:40:42+00:00\",\"mainEntityOfPage\":{\"@id\":\"https:\/\/all-car-news.com\/es\/te-sobra-dinero-esta-es-la-estacion-de-recarga-de-diseno-mas-cara-del-mundo\/\"},\"wordCount\":777,\"publisher\":{\"@id\":\"https:\/\/all-car-news.com\/es\/#organization\"},\"articleSection\":[\"Fondo\",\"Gadgets\",\"noticias de autos\"],\"inLanguage\":\"es\"},{\"@type\":\"WebPage\",\"@id\":\"https:\/\/all-car-news.com\/es\/te-sobra-dinero-esta-es-la-estacion-de-recarga-de-diseno-mas-cara-del-mundo\/\",\"url\":\"https:\/\/all-car-news.com\/es\/te-sobra-dinero-esta-es-la-estacion-de-recarga-de-diseno-mas-cara-del-mundo\/\",\"name\":\"\u00bfTe sobra dinero? Esta es la estaci\u00f3n de recarga de dise\u00f1o m\u00e1s cara del mundo - All cars news\",\"isPartOf\":{\"@id\":\"https:\/\/all-car-news.com\/es\/#website\"},\"datePublished\":\"2023-05-16T10:40:42+00:00\",\"dateModified\":\"2023-05-16T10:40:42+00:00\",\"breadcrumb\":{\"@id\":\"https:\/\/all-car-news.com\/es\/te-sobra-dinero-esta-es-la-estacion-de-recarga-de-diseno-mas-cara-del-mundo\/#breadcrumb\"},\"inLanguage\":\"es\",\"potentialAction\":[{\"@type\":\"ReadAction\",\"target\":[\"https:\/\/all-car-news.com\/es\/te-sobra-dinero-esta-es-la-estacion-de-recarga-de-diseno-mas-cara-del-mundo\/\"]}]},{\"@type\":\"BreadcrumbList\",\"@id\":\"https:\/\/all-car-news.com\/es\/te-sobra-dinero-esta-es-la-estacion-de-recarga-de-diseno-mas-cara-del-mundo\/#breadcrumb\",\"itemListElement\":[{\"@type\":\"ListItem\",\"position\":1,\"name\":\"Home\",\"item\":\"https:\/\/all-car-news.com\/es\/\"},{\"@type\":\"ListItem\",\"position\":2,\"name\":\"\u00bfTe sobra dinero? Esta es la estaci\u00f3n de recarga de dise\u00f1o m\u00e1s cara del mundo\"}]},{\"@type\":\"WebSite\",\"@id\":\"https:\/\/all-car-news.com\/es\/#website\",\"url\":\"https:\/\/all-car-news.com\/es\/\",\"name\":\"All cars news\",\"description\":\"\",\"publisher\":{\"@id\":\"https:\/\/all-car-news.com\/es\/#organization\"},\"potentialAction\":[{\"@type\":\"SearchAction\",\"target\":{\"@type\":\"EntryPoint\",\"urlTemplate\":\"https:\/\/all-car-news.com\/es\/?s={search_term_string}\"},\"query-input\":\"required name=search_term_string\"}],\"inLanguage\":\"es\"},{\"@type\":\"Organization\",\"@id\":\"https:\/\/all-car-news.com\/es\/#organization\",\"name\":\"All cars news\",\"url\":\"https:\/\/all-car-news.com\/es\/\",\"logo\":{\"@type\":\"ImageObject\",\"inLanguage\":\"es\",\"@id\":\"https:\/\/all-car-news.com\/es\/#\/schema\/logo\/image\/\",\"url\":\"https:\/\/all-car-news.com\/wp-content\/uploads\/2022\/02\/CMYK-AllCarNews_LANDSCAPE_300px-1.png\",\"contentUrl\":\"https:\/\/all-car-news.com\/wp-content\/uploads\/2022\/02\/CMYK-AllCarNews_LANDSCAPE_300px-1.png\",\"width\":300,\"height\":100,\"caption\":\"All cars news\"},\"image\":{\"@id\":\"https:\/\/all-car-news.com\/es\/#\/schema\/logo\/image\/\"}}]}<\/script>\n<!-- \/ Yoast SEO plugin. -->","yoast_head_json":{"title":"\u00bfTe sobra dinero? Esta es la estaci\u00f3n de recarga de dise\u00f1o m\u00e1s cara del mundo - All cars news","robots":{"index":"index","follow":"follow","max-snippet":"max-snippet:-1","max-image-preview":"max-image-preview:large","max-video-preview":"max-video-preview:-1"},"canonical":"https:\/\/all-car-news.com\/es\/te-sobra-dinero-esta-es-la-estacion-de-recarga-de-diseno-mas-cara-del-mundo\/","og_locale":"es_ES","og_type":"article","og_title":"\u00bfTe sobra dinero? Esta es la estaci\u00f3n de recarga de dise\u00f1o m\u00e1s cara del mundo - All cars news","og_description":"Obra de arte Las estaciones de recarga se han desarrollado como una obra de arte. Por supuesto, es posible cargar el coche el\u00e9ctrico con una estaci\u00f3n de carga de este tipo, pero la estaci\u00f3n de carga tambi\u00e9n tiene un valor est\u00e9tico como a\u00f1adido a su hogar o negocio. El precio de partida de 68.500 euros es casi igual al de un Kia EV6 GT muy gordo. Para [...]","og_url":"https:\/\/all-car-news.com\/es\/te-sobra-dinero-esta-es-la-estacion-de-recarga-de-diseno-mas-cara-del-mundo\/","og_site_name":"All cars news","article_published_time":"2023-05-16T10:40:42+00:00","og_image":[{"url":"https:\/\/autorai.nl\/wp-content\/uploads\/2023\/05\/Joey_jilain-1140x760.jpg"}],"twitter_card":"summary_large_image","twitter_misc":{"Tiempo de lectura":"4 minutos"},"schema":{"@context":"https:\/\/schema.org","@graph":[{"@type":"Article","@id":"https:\/\/all-car-news.com\/es\/te-sobra-dinero-esta-es-la-estacion-de-recarga-de-diseno-mas-cara-del-mundo\/#article","isPartOf":{"@id":"https:\/\/all-car-news.com\/es\/te-sobra-dinero-esta-es-la-estacion-de-recarga-de-diseno-mas-cara-del-mundo\/"},"author":{"name":"","@id":""},"headline":"\u00bfTe sobra dinero? Esta es la estaci\u00f3n de recarga de dise\u00f1o m\u00e1s cara del mundo","datePublished":"2023-05-16T10:40:42+00:00","dateModified":"2023-05-16T10:40:42+00:00","mainEntityOfPage":{"@id":"https:\/\/all-car-news.com\/es\/te-sobra-dinero-esta-es-la-estacion-de-recarga-de-diseno-mas-cara-del-mundo\/"},"wordCount":777,"publisher":{"@id":"https:\/\/all-car-news.com\/es\/#organization"},"articleSection":["Fondo","Gadgets","noticias de autos"],"inLanguage":"es"},{"@type":"WebPage","@id":"https:\/\/all-car-news.com\/es\/te-sobra-dinero-esta-es-la-estacion-de-recarga-de-diseno-mas-cara-del-mundo\/","url":"https:\/\/all-car-news.com\/es\/te-sobra-dinero-esta-es-la-estacion-de-recarga-de-diseno-mas-cara-del-mundo\/","name":"\u00bfTe sobra dinero? Esta es la estaci\u00f3n de recarga de dise\u00f1o m\u00e1s cara del mundo - All cars news","isPartOf":{"@id":"https:\/\/all-car-news.com\/es\/#website"},"datePublished":"2023-05-16T10:40:42+00:00","dateModified":"2023-05-16T10:40:42+00:00","breadcrumb":{"@id":"https:\/\/all-car-news.com\/es\/te-sobra-dinero-esta-es-la-estacion-de-recarga-de-diseno-mas-cara-del-mundo\/#breadcrumb"},"inLanguage":"es","potentialAction":[{"@type":"ReadAction","target":["https:\/\/all-car-news.com\/es\/te-sobra-dinero-esta-es-la-estacion-de-recarga-de-diseno-mas-cara-del-mundo\/"]}]},{"@type":"BreadcrumbList","@id":"https:\/\/all-car-news.com\/es\/te-sobra-dinero-esta-es-la-estacion-de-recarga-de-diseno-mas-cara-del-mundo\/#breadcrumb","itemListElement":[{"@type":"ListItem","position":1,"name":"Home","item":"https:\/\/all-car-news.com\/es\/"},{"@type":"ListItem","position":2,"name":"\u00bfTe sobra dinero? Esta es la estaci\u00f3n de recarga de dise\u00f1o m\u00e1s cara del mundo"}]},{"@type":"WebSite","@id":"https:\/\/all-car-news.com\/es\/#website","url":"https:\/\/all-car-news.com\/es\/","name":"All cars news","description":"","publisher":{"@id":"https:\/\/all-car-news.com\/es\/#organization"},"potentialAction":[{"@type":"SearchAction","target":{"@type":"EntryPoint","urlTemplate":"https:\/\/all-car-news.com\/es\/?s={search_term_string}"},"query-input":"required name=search_term_string"}],"inLanguage":"es"},{"@type":"Organization","@id":"https:\/\/all-car-news.com\/es\/#organization","name":"All cars news","url":"https:\/\/all-car-news.com\/es\/","logo":{"@type":"ImageObject","inLanguage":"es","@id":"https:\/\/all-car-news.com\/es\/#\/schema\/logo\/image\/","url":"https:\/\/all-car-news.com\/wp-content\/uploads\/2022\/02\/CMYK-AllCarNews_LANDSCAPE_300px-1.png","contentUrl":"https:\/\/all-car-news.com\/wp-content\/uploads\/2022\/02\/CMYK-AllCarNews_LANDSCAPE_300px-1.png","width":300,"height":100,"caption":"All cars news"},"image":{"@id":"https:\/\/all-car-news.com\/es\/#\/schema\/logo\/image\/"}}]}},"_links":{"self":[{"href":"https:\/\/all-car-news.com\/es\/wp-json\/wp\/v2\/posts\/135686","targetHints":{"allow":["GET"]}}],"collection":[{"href":"https:\/\/all-car-news.com\/es\/wp-json\/wp\/v2\/posts"}],"about":[{"href":"https:\/\/all-car-news.com\/es\/wp-json\/wp\/v2\/types\/post"}],"replies":[{"embeddable":true,"href":"https:\/\/all-car-news.com\/es\/wp-json\/wp\/v2\/comments?post=135686"}],"version-history":[{"count":0,"href":"https:\/\/all-car-news.com\/es\/wp-json\/wp\/v2\/posts\/135686\/revisions"}],"wp:featuredmedia":[{"embeddable":true,"href":"https:\/\/all-car-news.com\/es\/wp-json\/wp\/v2\/media\/135653"}],"wp:attachment":[{"href":"https:\/\/all-car-news.com\/es\/wp-json\/wp\/v2\/media?parent=135686"}],"wp:term":[{"taxonomy":"category","embeddable":true,"href":"https:\/\/all-car-news.com\/es\/wp-json\/wp\/v2\/categories?post=135686"},{"taxonomy":"post_tag","embeddable":true,"href":"https:\/\/all-car-news.com\/es\/wp-json\/wp\/v2\/tags?post=135686"}],"curies":[{"name":"wp","href":"https:\/\/api.w.org\/{rel}","templated":true}]}}