{"id":135603,"date":"2023-05-14T10:07:00","date_gmt":"2023-05-14T10:07:00","guid":{"rendered":"https:\/\/all-car-news.com\/esta-es-la-nueva-generacion-del-honda-cr-v\/"},"modified":"2023-05-14T10:07:00","modified_gmt":"2023-05-14T10:07:00","slug":"esta-es-la-nueva-generacion-del-honda-cr-v","status":"publish","type":"post","link":"https:\/\/all-car-news.com\/es\/esta-es-la-nueva-generacion-del-honda-cr-v\/","title":{"rendered":"Esta es la nueva generaci\u00f3n del Honda CR-V"},"content":{"rendered":"<h2>SUV llevado al siguiente nivel<\/h2>\n<p>Honda lleva su CR-V al siguiente nivel. No s\u00f3lo con mejores sistemas de propulsi\u00f3n, sino tambi\u00e9n haciendo m\u00e1s hincapi\u00e9 en el uso de mejores materiales y tejidos. Como resultado, Honda est\u00e1 empujando el SUV m\u00e1s hacia el segmento premium.<\/p>\n<p>El CR-V dispondr\u00e1 de una cadena cinem\u00e1tica totalmente h\u00edbrida (e:HEV) o, por primera vez en el mercado europeo, de una cadena cinem\u00e1tica h\u00edbrida enchufable (e:PHEV). Ambas variantes est\u00e1n equipadas con un motor de gasolina de 2.0 litros y cuatro cilindros de inyecci\u00f3n directa y ciclo Atkinson, que ha sido revisado para mejorar la eficiencia, el refinamiento y las prestaciones din\u00e1micas en toda la gama.<\/p>\n<h2>Honda CR-V e:PHEV<\/h2>\n<p>El e:PHEV utiliza los mismos motores el\u00e9ctricos ligeros y potentes que la variante e:HEV. El CR-V enchufable tiene una autonom\u00eda el\u00e9ctrica de 82 km, lo que le permite realizar la mayor\u00eda de los trayectos diarios de forma totalmente el\u00e9ctrica. A una temperatura de la bater\u00eda de 25 grados, una bater\u00eda vac\u00eda puede cargarse al 100% en s\u00f3lo 2,5 horas.<\/p>\n<h2>Honda CR-V e:HEV<\/h2>\n<p>El CR-V totalmente h\u00edbrido contar\u00e1 con la versi\u00f3n m\u00e1s avanzada del galardonado sistema de propulsi\u00f3n h\u00edbrido completo e:HEV, estrenado en el Civic hatchback. Una bater\u00eda de iones de litio de alta capacidad y dos motores el\u00e9ctricos compactos y ligeros trabajan conjuntamente con el motor de gasolina para alternar r\u00e1pidamente entre EV, Hybrid y Engine Drive.<\/p>\n<figure class=\"wp-block-image size-content\"><img decoding=\"async\" loading=\"lazy\" width=\"1140\" height=\"760\" src=\"https:\/\/autorai.nl\/wp-content\/uploads\/2023\/05\/honda-cr-v-2023-nieuw-foto19-1140x760.jpg\" alt=\"\" class=\"wp-image-158381\"><figcaption>NUEVO HONDA CR-V: NUEVAS OPCIONES DE PROPULSI\u00d3N PARA EL FAVORITO MUNDIAL<\/figcaption><\/figure>\n<h2>Mayor espacio interior<\/h2>\n<p>Las esquinas delanteras del CR-V son bajas, gracias a un cap\u00f3 ancho y despejado, lo que proporciona a los conductores una buena percepci\u00f3n espacial del coche. Gracias a las grandes ventanillas del habit\u00e1culo, el CR-V ofrece una buena visibilidad exterior para todos los ocupantes. El dise\u00f1o evolutivo tambi\u00e9n oculta un aumento en todas las dimensiones del CR-V. El nuevo CR-V es m\u00e1s ancho, m\u00e1s largo y m\u00e1s grande que el modelo saliente y ofrece m\u00e1s espacio interior para los pasajeros, una batalla 40 mm m\u00e1s larga proporciona 16 mm m\u00e1s de espacio para las piernas en la parte trasera y un 18% m\u00e1s de maletero.<\/p>\n<p>Ocho posiciones para el respaldo del asiento trasero, con 10,5\u00b0 m\u00e1s de \u00e1ngulo, tambi\u00e9n permiten a los pasajeros relajarse c\u00f3modamente. El nuevo CR-V es el primer veh\u00edculo equipado con Honda SENSING 360, el nuevo sistema omnidireccional de seguridad y asistencia al conductor de la compa\u00f1\u00eda, que elimina los \u00e1ngulos muertos alrededor del veh\u00edculo y ayuda a evitar colisiones aliviando al conductor.<\/p>\n<h2>Modelo ic\u00f3nico<\/h2>\n<p>\u00abEl nuevo CR-V se basa en todo lo que el ic\u00f3nico modelo representa: dise\u00f1o progresivo, un habit\u00e1culo premium, niveles de seguridad, facilidad de uso y confort l\u00edderes en el sector, y un rendimiento eficiente y sensible\u00bb, dijo Tom Gardner, vicepresidente senior de Honda Motor Europe Ltd. \u00abEsta \u00faltima iteraci\u00f3n es el paquete SUV definitivo, que ofrece un producto \u00fanico, din\u00e1mico y premium que se adapta perfectamente a las demandas actuales del mercado europeo\u00bb.<\/p>\n","protected":false},"excerpt":{"rendered":"Honda lleva su CR-V al siguiente nivel. No s\u00f3lo con mejores sistemas de propulsi\u00f3n, sino tambi\u00e9n haciendo m\u00e1s hincapi\u00e9 en&hellip;","protected":false},"author":0,"featured_media":135597,"comment_status":"","ping_status":"open","sticky":false,"template":"","format":"standard","meta":{"footnotes":""},"categories":[129,126],"tags":[],"class_list":["post-135603","post","type-post","status-publish","format-standard","has-post-thumbnail","hentry","category-fondo","category-noticias-de-autos"],"acf":[],"yoast_head":"<!-- This site is optimized with the Yoast SEO plugin v21.2 - https:\/\/yoast.com\/wordpress\/plugins\/seo\/ -->\n<title>Esta es la nueva generaci\u00f3n del Honda CR-V - All cars news<\/title>\n<meta name=\"robots\" content=\"index, follow, max-snippet:-1, max-image-preview:large, max-video-preview:-1\" \/>\n<link rel=\"canonical\" href=\"https:\/\/all-car-news.com\/es\/esta-es-la-nueva-generacion-del-honda-cr-v\/\" \/>\n<meta property=\"og:locale\" content=\"es_ES\" \/>\n<meta property=\"og:type\" content=\"article\" \/>\n<meta property=\"og:title\" content=\"Esta es la nueva generaci\u00f3n del Honda CR-V - All cars news\" \/>\n<meta property=\"og:description\" content=\"Honda lleva su CR-V al siguiente nivel. No s\u00f3lo con mejores sistemas de propulsi\u00f3n, sino tambi\u00e9n haciendo m\u00e1s hincapi\u00e9 en el uso de mejores materiales y tejidos. Como resultado, Honda est\u00e1 empujando el SUV m\u00e1s hacia el segmento premium. El CR-V tendr\u00e1 una cadena cinem\u00e1tica totalmente h\u00edbrida (e:HEV) o [...]\" \/>\n<meta property=\"og:url\" content=\"https:\/\/all-car-news.com\/es\/esta-es-la-nueva-generacion-del-honda-cr-v\/\" \/>\n<meta property=\"og:site_name\" content=\"All cars news\" \/>\n<meta property=\"article:published_time\" content=\"2023-05-14T10:07:00+00:00\" \/>\n<meta property=\"og:image\" content=\"https:\/\/autorai.nl\/wp-content\/uploads\/2023\/05\/honda-cr-v-2023-nieuw-foto19-1140x760.jpg\" \/>\n<meta name=\"twitter:card\" content=\"summary_large_image\" \/>\n<meta name=\"twitter:label1\" content=\"Tiempo de lectura\" \/>\n\t<meta name=\"twitter:data1\" content=\"3 minutos\" \/>\n<script type=\"application\/ld+json\" class=\"yoast-schema-graph\">{\"@context\":\"https:\/\/schema.org\",\"@graph\":[{\"@type\":\"Article\",\"@id\":\"https:\/\/all-car-news.com\/es\/esta-es-la-nueva-generacion-del-honda-cr-v\/#article\",\"isPartOf\":{\"@id\":\"https:\/\/all-car-news.com\/es\/esta-es-la-nueva-generacion-del-honda-cr-v\/\"},\"author\":{\"name\":\"\",\"@id\":\"\"},\"headline\":\"Esta es la nueva generaci\u00f3n del Honda CR-V\",\"datePublished\":\"2023-05-14T10:07:00+00:00\",\"dateModified\":\"2023-05-14T10:07:00+00:00\",\"mainEntityOfPage\":{\"@id\":\"https:\/\/all-car-news.com\/es\/esta-es-la-nueva-generacion-del-honda-cr-v\/\"},\"wordCount\":543,\"publisher\":{\"@id\":\"https:\/\/all-car-news.com\/es\/#organization\"},\"articleSection\":[\"Fondo\",\"noticias de autos\"],\"inLanguage\":\"es\"},{\"@type\":\"WebPage\",\"@id\":\"https:\/\/all-car-news.com\/es\/esta-es-la-nueva-generacion-del-honda-cr-v\/\",\"url\":\"https:\/\/all-car-news.com\/es\/esta-es-la-nueva-generacion-del-honda-cr-v\/\",\"name\":\"Esta es la nueva generaci\u00f3n del Honda CR-V - All cars news\",\"isPartOf\":{\"@id\":\"https:\/\/all-car-news.com\/es\/#website\"},\"datePublished\":\"2023-05-14T10:07:00+00:00\",\"dateModified\":\"2023-05-14T10:07:00+00:00\",\"breadcrumb\":{\"@id\":\"https:\/\/all-car-news.com\/es\/esta-es-la-nueva-generacion-del-honda-cr-v\/#breadcrumb\"},\"inLanguage\":\"es\",\"potentialAction\":[{\"@type\":\"ReadAction\",\"target\":[\"https:\/\/all-car-news.com\/es\/esta-es-la-nueva-generacion-del-honda-cr-v\/\"]}]},{\"@type\":\"BreadcrumbList\",\"@id\":\"https:\/\/all-car-news.com\/es\/esta-es-la-nueva-generacion-del-honda-cr-v\/#breadcrumb\",\"itemListElement\":[{\"@type\":\"ListItem\",\"position\":1,\"name\":\"Home\",\"item\":\"https:\/\/all-car-news.com\/es\/\"},{\"@type\":\"ListItem\",\"position\":2,\"name\":\"Esta es la nueva generaci\u00f3n del Honda CR-V\"}]},{\"@type\":\"WebSite\",\"@id\":\"https:\/\/all-car-news.com\/es\/#website\",\"url\":\"https:\/\/all-car-news.com\/es\/\",\"name\":\"All cars news\",\"description\":\"\",\"publisher\":{\"@id\":\"https:\/\/all-car-news.com\/es\/#organization\"},\"potentialAction\":[{\"@type\":\"SearchAction\",\"target\":{\"@type\":\"EntryPoint\",\"urlTemplate\":\"https:\/\/all-car-news.com\/es\/?s={search_term_string}\"},\"query-input\":\"required name=search_term_string\"}],\"inLanguage\":\"es\"},{\"@type\":\"Organization\",\"@id\":\"https:\/\/all-car-news.com\/es\/#organization\",\"name\":\"All cars news\",\"url\":\"https:\/\/all-car-news.com\/es\/\",\"logo\":{\"@type\":\"ImageObject\",\"inLanguage\":\"es\",\"@id\":\"https:\/\/all-car-news.com\/es\/#\/schema\/logo\/image\/\",\"url\":\"https:\/\/all-car-news.com\/wp-content\/uploads\/2022\/02\/CMYK-AllCarNews_LANDSCAPE_300px-1.png\",\"contentUrl\":\"https:\/\/all-car-news.com\/wp-content\/uploads\/2022\/02\/CMYK-AllCarNews_LANDSCAPE_300px-1.png\",\"width\":300,\"height\":100,\"caption\":\"All cars news\"},\"image\":{\"@id\":\"https:\/\/all-car-news.com\/es\/#\/schema\/logo\/image\/\"}}]}<\/script>\n<!-- \/ Yoast SEO plugin. -->","yoast_head_json":{"title":"Esta es la nueva generaci\u00f3n del Honda CR-V - All cars news","robots":{"index":"index","follow":"follow","max-snippet":"max-snippet:-1","max-image-preview":"max-image-preview:large","max-video-preview":"max-video-preview:-1"},"canonical":"https:\/\/all-car-news.com\/es\/esta-es-la-nueva-generacion-del-honda-cr-v\/","og_locale":"es_ES","og_type":"article","og_title":"Esta es la nueva generaci\u00f3n del Honda CR-V - All cars news","og_description":"Honda lleva su CR-V al siguiente nivel. No s\u00f3lo con mejores sistemas de propulsi\u00f3n, sino tambi\u00e9n haciendo m\u00e1s hincapi\u00e9 en el uso de mejores materiales y tejidos. Como resultado, Honda est\u00e1 empujando el SUV m\u00e1s hacia el segmento premium. El CR-V tendr\u00e1 una cadena cinem\u00e1tica totalmente h\u00edbrida (e:HEV) o [...]","og_url":"https:\/\/all-car-news.com\/es\/esta-es-la-nueva-generacion-del-honda-cr-v\/","og_site_name":"All cars news","article_published_time":"2023-05-14T10:07:00+00:00","og_image":[{"url":"https:\/\/autorai.nl\/wp-content\/uploads\/2023\/05\/honda-cr-v-2023-nieuw-foto19-1140x760.jpg"}],"twitter_card":"summary_large_image","twitter_misc":{"Tiempo de lectura":"3 minutos"},"schema":{"@context":"https:\/\/schema.org","@graph":[{"@type":"Article","@id":"https:\/\/all-car-news.com\/es\/esta-es-la-nueva-generacion-del-honda-cr-v\/#article","isPartOf":{"@id":"https:\/\/all-car-news.com\/es\/esta-es-la-nueva-generacion-del-honda-cr-v\/"},"author":{"name":"","@id":""},"headline":"Esta es la nueva generaci\u00f3n del Honda CR-V","datePublished":"2023-05-14T10:07:00+00:00","dateModified":"2023-05-14T10:07:00+00:00","mainEntityOfPage":{"@id":"https:\/\/all-car-news.com\/es\/esta-es-la-nueva-generacion-del-honda-cr-v\/"},"wordCount":543,"publisher":{"@id":"https:\/\/all-car-news.com\/es\/#organization"},"articleSection":["Fondo","noticias de autos"],"inLanguage":"es"},{"@type":"WebPage","@id":"https:\/\/all-car-news.com\/es\/esta-es-la-nueva-generacion-del-honda-cr-v\/","url":"https:\/\/all-car-news.com\/es\/esta-es-la-nueva-generacion-del-honda-cr-v\/","name":"Esta es la nueva generaci\u00f3n del Honda CR-V - All cars news","isPartOf":{"@id":"https:\/\/all-car-news.com\/es\/#website"},"datePublished":"2023-05-14T10:07:00+00:00","dateModified":"2023-05-14T10:07:00+00:00","breadcrumb":{"@id":"https:\/\/all-car-news.com\/es\/esta-es-la-nueva-generacion-del-honda-cr-v\/#breadcrumb"},"inLanguage":"es","potentialAction":[{"@type":"ReadAction","target":["https:\/\/all-car-news.com\/es\/esta-es-la-nueva-generacion-del-honda-cr-v\/"]}]},{"@type":"BreadcrumbList","@id":"https:\/\/all-car-news.com\/es\/esta-es-la-nueva-generacion-del-honda-cr-v\/#breadcrumb","itemListElement":[{"@type":"ListItem","position":1,"name":"Home","item":"https:\/\/all-car-news.com\/es\/"},{"@type":"ListItem","position":2,"name":"Esta es la nueva generaci\u00f3n del Honda CR-V"}]},{"@type":"WebSite","@id":"https:\/\/all-car-news.com\/es\/#website","url":"https:\/\/all-car-news.com\/es\/","name":"All cars news","description":"","publisher":{"@id":"https:\/\/all-car-news.com\/es\/#organization"},"potentialAction":[{"@type":"SearchAction","target":{"@type":"EntryPoint","urlTemplate":"https:\/\/all-car-news.com\/es\/?s={search_term_string}"},"query-input":"required name=search_term_string"}],"inLanguage":"es"},{"@type":"Organization","@id":"https:\/\/all-car-news.com\/es\/#organization","name":"All cars news","url":"https:\/\/all-car-news.com\/es\/","logo":{"@type":"ImageObject","inLanguage":"es","@id":"https:\/\/all-car-news.com\/es\/#\/schema\/logo\/image\/","url":"https:\/\/all-car-news.com\/wp-content\/uploads\/2022\/02\/CMYK-AllCarNews_LANDSCAPE_300px-1.png","contentUrl":"https:\/\/all-car-news.com\/wp-content\/uploads\/2022\/02\/CMYK-AllCarNews_LANDSCAPE_300px-1.png","width":300,"height":100,"caption":"All cars news"},"image":{"@id":"https:\/\/all-car-news.com\/es\/#\/schema\/logo\/image\/"}}]}},"_links":{"self":[{"href":"https:\/\/all-car-news.com\/es\/wp-json\/wp\/v2\/posts\/135603","targetHints":{"allow":["GET"]}}],"collection":[{"href":"https:\/\/all-car-news.com\/es\/wp-json\/wp\/v2\/posts"}],"about":[{"href":"https:\/\/all-car-news.com\/es\/wp-json\/wp\/v2\/types\/post"}],"replies":[{"embeddable":true,"href":"https:\/\/all-car-news.com\/es\/wp-json\/wp\/v2\/comments?post=135603"}],"version-history":[{"count":0,"href":"https:\/\/all-car-news.com\/es\/wp-json\/wp\/v2\/posts\/135603\/revisions"}],"wp:featuredmedia":[{"embeddable":true,"href":"https:\/\/all-car-news.com\/es\/wp-json\/wp\/v2\/media\/135597"}],"wp:attachment":[{"href":"https:\/\/all-car-news.com\/es\/wp-json\/wp\/v2\/media?parent=135603"}],"wp:term":[{"taxonomy":"category","embeddable":true,"href":"https:\/\/all-car-news.com\/es\/wp-json\/wp\/v2\/categories?post=135603"},{"taxonomy":"post_tag","embeddable":true,"href":"https:\/\/all-car-news.com\/es\/wp-json\/wp\/v2\/tags?post=135603"}],"curies":[{"name":"wp","href":"https:\/\/api.w.org\/{rel}","templated":true}]}}