{"id":135483,"date":"2023-05-12T09:13:18","date_gmt":"2023-05-12T09:13:18","guid":{"rendered":"https:\/\/all-car-news.com\/cupra-raval-de-donde-viene-el-nombre-raval\/"},"modified":"2023-05-12T09:13:18","modified_gmt":"2023-05-12T09:13:18","slug":"cupra-raval-de-donde-viene-el-nombre-raval","status":"publish","type":"post","link":"https:\/\/all-car-news.com\/es\/cupra-raval-de-donde-viene-el-nombre-raval\/","title":{"rendered":"Cupra Raval: \u00bfde d\u00f3nde viene el nombre \u00abRaval\u00bb?"},"content":{"rendered":"<h2>Cupra Raval<\/h2>\n<p>Seg\u00fan el fabricante, el nombre Cupra Raval es una oda al bullicioso barrio del Raval, en el coraz\u00f3n de Barcelona. \u00abEl Raval es uno de los barrios m\u00e1s sorprendentes de Barcelona y nuestro futuro coche compacto el\u00e9ctrico lleva el nombre de este distrito porque refleja exactamente ese esp\u00edritu. Al igual que hicimos con el Cupra Born en su d\u00eda, ahora queremos subrayar la esencia del Raval y seguir inspirando al mundo desde Barcelona\u00bb, explica Wayne Griffiths, CEO de Cupra.<\/p>\n<h2>2025<\/h2>\n<p>La producci\u00f3n del Cupra Raval tendr\u00e1 lugar en la planta principal de SEAT S.A. en Martorell, cerca de Barcelona. Est\u00e1 invirtiendo 3.000 millones de euros en la transformaci\u00f3n de la planta de veh\u00edculos ICE a el\u00e9ctricos y producir\u00e1 all\u00ed coches el\u00e9ctricos a partir de 2025 sobre la base de la plataforma MEB Small del Grupo Volkswagen. SEAT S.A. es responsable del grupo de peque\u00f1os BEV para varias marcas del Grupo.<\/p>\n<figure class=\"wp-block-image size-content\"><img decoding=\"async\" loading=\"lazy\" width=\"1140\" height=\"641\" src=\"https:\/\/autorai.nl\/wp-content\/uploads\/2023\/05\/cupra-raval-foto2-1140x641.jpg\" alt=\"CUPRA Raval\" class=\"wp-image-158277\"><\/figure>\n<h2>Tambi\u00e9n como Volkswagen: el ID.2<\/h2>\n<p>Por su parte, Volkswagen tambi\u00e9n sacar\u00e1 un modelo bajo la denominaci\u00f3n ID.3. Ese coche se llamar\u00e1 ID.2. El <a href=\"https:\/\/autorai.nl\/wordt-de-elektrische-volkswagen-id-2all-een-bestseller\/\">Volkswagen ID.2all<\/a> ya da una idea de ese coche. Gracias a que Volkswagen, ya sabemos un poco acerca de lo que las especificaciones Cupra y Volkswagen tienen en la tienda. De hecho, el ID.2 mide 4,05 metros de largo, 1,81 metros de ancho y 1,53 metros de alto. La distancia entre ejes es de 2,60 metros. El maletero mide entre 490 y 1.330 litros. Los modelos tienen tracci\u00f3n delantera. El ID.2 tiene un motor el\u00e9ctrico con una potencia de 166 kW (226 CV) y una autonom\u00eda prevista de hasta 450 kil\u00f3metros. Cargar la bater\u00eda del 10% al 80% lleva unos 20 minutos. El ID.2all Concept pasa de 0 a 100 km\/h en menos de 7 segundos y alcanza una velocidad m\u00e1xima de 160 km\/h. Cuente con un rendimiento similar para el Cupra Raval.<\/p>\n<figure class=\"wp-block-image size-content\"><img decoding=\"async\" loading=\"lazy\" width=\"1140\" height=\"760\" src=\"https:\/\/autorai.nl\/wp-content\/uploads\/2023\/05\/cupra-raval-foto1-1140x760.jpg\" alt=\"\" class=\"wp-image-158279\"><\/figure><\/p>\n","protected":false},"excerpt":{"rendered":"Cupra Raval Seg\u00fan el fabricante, el nombre Cupra Raval es una oda al bullicioso barrio del Raval, en el coraz\u00f3n&hellip;","protected":false},"author":0,"featured_media":135444,"comment_status":"","ping_status":"open","sticky":false,"template":"","format":"standard","meta":{"footnotes":""},"categories":[129,126],"tags":[],"class_list":["post-135483","post","type-post","status-publish","format-standard","has-post-thumbnail","hentry","category-fondo","category-noticias-de-autos"],"acf":[],"yoast_head":"<!-- This site is optimized with the Yoast SEO plugin v21.2 - https:\/\/yoast.com\/wordpress\/plugins\/seo\/ -->\n<title>Cupra Raval: \u00bfde d\u00f3nde viene el nombre &quot;Raval&quot;? - All cars news<\/title>\n<meta name=\"robots\" content=\"index, follow, max-snippet:-1, max-image-preview:large, max-video-preview:-1\" \/>\n<link rel=\"canonical\" href=\"https:\/\/all-car-news.com\/es\/cupra-raval-de-donde-viene-el-nombre-raval\/\" \/>\n<meta property=\"og:locale\" content=\"es_ES\" \/>\n<meta property=\"og:type\" content=\"article\" \/>\n<meta property=\"og:title\" content=\"Cupra Raval: \u00bfde d\u00f3nde viene el nombre &quot;Raval&quot;? - All cars news\" \/>\n<meta property=\"og:description\" content=\"Cupra Raval Seg\u00fan el fabricante, el nombre Cupra Raval es una oda al bullicioso barrio del Raval, en el coraz\u00f3n de Barcelona. &quot;El Raval es uno de los barrios m\u00e1s sorprendentes de Barcelona y nuestro futuro coche compacto el\u00e9ctrico lleva el nombre de este distrito porque refleja exactamente ese esp\u00edritu. Al igual que hicimos en su momento con [...]\" \/>\n<meta property=\"og:url\" content=\"https:\/\/all-car-news.com\/es\/cupra-raval-de-donde-viene-el-nombre-raval\/\" \/>\n<meta property=\"og:site_name\" content=\"All cars news\" \/>\n<meta property=\"article:published_time\" content=\"2023-05-12T09:13:18+00:00\" \/>\n<meta property=\"og:image\" content=\"https:\/\/autorai.nl\/wp-content\/uploads\/2023\/05\/cupra-raval-foto2-1140x641.jpg\" \/>\n<meta name=\"twitter:card\" content=\"summary_large_image\" \/>\n<meta name=\"twitter:label1\" content=\"Tiempo de lectura\" \/>\n\t<meta name=\"twitter:data1\" content=\"2 minutos\" \/>\n<script type=\"application\/ld+json\" class=\"yoast-schema-graph\">{\"@context\":\"https:\/\/schema.org\",\"@graph\":[{\"@type\":\"Article\",\"@id\":\"https:\/\/all-car-news.com\/es\/cupra-raval-de-donde-viene-el-nombre-raval\/#article\",\"isPartOf\":{\"@id\":\"https:\/\/all-car-news.com\/es\/cupra-raval-de-donde-viene-el-nombre-raval\/\"},\"author\":{\"name\":\"\",\"@id\":\"\"},\"headline\":\"Cupra Raval: \u00bfde d\u00f3nde viene el nombre \u00abRaval\u00bb?\",\"datePublished\":\"2023-05-12T09:13:18+00:00\",\"dateModified\":\"2023-05-12T09:13:18+00:00\",\"mainEntityOfPage\":{\"@id\":\"https:\/\/all-car-news.com\/es\/cupra-raval-de-donde-viene-el-nombre-raval\/\"},\"wordCount\":325,\"publisher\":{\"@id\":\"https:\/\/all-car-news.com\/es\/#organization\"},\"articleSection\":[\"Fondo\",\"noticias de autos\"],\"inLanguage\":\"es\"},{\"@type\":\"WebPage\",\"@id\":\"https:\/\/all-car-news.com\/es\/cupra-raval-de-donde-viene-el-nombre-raval\/\",\"url\":\"https:\/\/all-car-news.com\/es\/cupra-raval-de-donde-viene-el-nombre-raval\/\",\"name\":\"Cupra Raval: \u00bfde d\u00f3nde viene el nombre \\\"Raval\\\"? - All cars news\",\"isPartOf\":{\"@id\":\"https:\/\/all-car-news.com\/es\/#website\"},\"datePublished\":\"2023-05-12T09:13:18+00:00\",\"dateModified\":\"2023-05-12T09:13:18+00:00\",\"breadcrumb\":{\"@id\":\"https:\/\/all-car-news.com\/es\/cupra-raval-de-donde-viene-el-nombre-raval\/#breadcrumb\"},\"inLanguage\":\"es\",\"potentialAction\":[{\"@type\":\"ReadAction\",\"target\":[\"https:\/\/all-car-news.com\/es\/cupra-raval-de-donde-viene-el-nombre-raval\/\"]}]},{\"@type\":\"BreadcrumbList\",\"@id\":\"https:\/\/all-car-news.com\/es\/cupra-raval-de-donde-viene-el-nombre-raval\/#breadcrumb\",\"itemListElement\":[{\"@type\":\"ListItem\",\"position\":1,\"name\":\"Home\",\"item\":\"https:\/\/all-car-news.com\/es\/\"},{\"@type\":\"ListItem\",\"position\":2,\"name\":\"Cupra Raval: \u00bfde d\u00f3nde viene el nombre \u00abRaval\u00bb?\"}]},{\"@type\":\"WebSite\",\"@id\":\"https:\/\/all-car-news.com\/es\/#website\",\"url\":\"https:\/\/all-car-news.com\/es\/\",\"name\":\"All cars news\",\"description\":\"\",\"publisher\":{\"@id\":\"https:\/\/all-car-news.com\/es\/#organization\"},\"potentialAction\":[{\"@type\":\"SearchAction\",\"target\":{\"@type\":\"EntryPoint\",\"urlTemplate\":\"https:\/\/all-car-news.com\/es\/?s={search_term_string}\"},\"query-input\":\"required name=search_term_string\"}],\"inLanguage\":\"es\"},{\"@type\":\"Organization\",\"@id\":\"https:\/\/all-car-news.com\/es\/#organization\",\"name\":\"All cars news\",\"url\":\"https:\/\/all-car-news.com\/es\/\",\"logo\":{\"@type\":\"ImageObject\",\"inLanguage\":\"es\",\"@id\":\"https:\/\/all-car-news.com\/es\/#\/schema\/logo\/image\/\",\"url\":\"https:\/\/all-car-news.com\/wp-content\/uploads\/2022\/02\/CMYK-AllCarNews_LANDSCAPE_300px-1.png\",\"contentUrl\":\"https:\/\/all-car-news.com\/wp-content\/uploads\/2022\/02\/CMYK-AllCarNews_LANDSCAPE_300px-1.png\",\"width\":300,\"height\":100,\"caption\":\"All cars news\"},\"image\":{\"@id\":\"https:\/\/all-car-news.com\/es\/#\/schema\/logo\/image\/\"}}]}<\/script>\n<!-- \/ Yoast SEO plugin. -->","yoast_head_json":{"title":"Cupra Raval: \u00bfde d\u00f3nde viene el nombre \"Raval\"? - All cars news","robots":{"index":"index","follow":"follow","max-snippet":"max-snippet:-1","max-image-preview":"max-image-preview:large","max-video-preview":"max-video-preview:-1"},"canonical":"https:\/\/all-car-news.com\/es\/cupra-raval-de-donde-viene-el-nombre-raval\/","og_locale":"es_ES","og_type":"article","og_title":"Cupra Raval: \u00bfde d\u00f3nde viene el nombre \"Raval\"? - All cars news","og_description":"Cupra Raval Seg\u00fan el fabricante, el nombre Cupra Raval es una oda al bullicioso barrio del Raval, en el coraz\u00f3n de Barcelona. \"El Raval es uno de los barrios m\u00e1s sorprendentes de Barcelona y nuestro futuro coche compacto el\u00e9ctrico lleva el nombre de este distrito porque refleja exactamente ese esp\u00edritu. Al igual que hicimos en su momento con [...]","og_url":"https:\/\/all-car-news.com\/es\/cupra-raval-de-donde-viene-el-nombre-raval\/","og_site_name":"All cars news","article_published_time":"2023-05-12T09:13:18+00:00","og_image":[{"url":"https:\/\/autorai.nl\/wp-content\/uploads\/2023\/05\/cupra-raval-foto2-1140x641.jpg"}],"twitter_card":"summary_large_image","twitter_misc":{"Tiempo de lectura":"2 minutos"},"schema":{"@context":"https:\/\/schema.org","@graph":[{"@type":"Article","@id":"https:\/\/all-car-news.com\/es\/cupra-raval-de-donde-viene-el-nombre-raval\/#article","isPartOf":{"@id":"https:\/\/all-car-news.com\/es\/cupra-raval-de-donde-viene-el-nombre-raval\/"},"author":{"name":"","@id":""},"headline":"Cupra Raval: \u00bfde d\u00f3nde viene el nombre \u00abRaval\u00bb?","datePublished":"2023-05-12T09:13:18+00:00","dateModified":"2023-05-12T09:13:18+00:00","mainEntityOfPage":{"@id":"https:\/\/all-car-news.com\/es\/cupra-raval-de-donde-viene-el-nombre-raval\/"},"wordCount":325,"publisher":{"@id":"https:\/\/all-car-news.com\/es\/#organization"},"articleSection":["Fondo","noticias de autos"],"inLanguage":"es"},{"@type":"WebPage","@id":"https:\/\/all-car-news.com\/es\/cupra-raval-de-donde-viene-el-nombre-raval\/","url":"https:\/\/all-car-news.com\/es\/cupra-raval-de-donde-viene-el-nombre-raval\/","name":"Cupra Raval: \u00bfde d\u00f3nde viene el nombre \"Raval\"? - All cars news","isPartOf":{"@id":"https:\/\/all-car-news.com\/es\/#website"},"datePublished":"2023-05-12T09:13:18+00:00","dateModified":"2023-05-12T09:13:18+00:00","breadcrumb":{"@id":"https:\/\/all-car-news.com\/es\/cupra-raval-de-donde-viene-el-nombre-raval\/#breadcrumb"},"inLanguage":"es","potentialAction":[{"@type":"ReadAction","target":["https:\/\/all-car-news.com\/es\/cupra-raval-de-donde-viene-el-nombre-raval\/"]}]},{"@type":"BreadcrumbList","@id":"https:\/\/all-car-news.com\/es\/cupra-raval-de-donde-viene-el-nombre-raval\/#breadcrumb","itemListElement":[{"@type":"ListItem","position":1,"name":"Home","item":"https:\/\/all-car-news.com\/es\/"},{"@type":"ListItem","position":2,"name":"Cupra Raval: \u00bfde d\u00f3nde viene el nombre \u00abRaval\u00bb?"}]},{"@type":"WebSite","@id":"https:\/\/all-car-news.com\/es\/#website","url":"https:\/\/all-car-news.com\/es\/","name":"All cars news","description":"","publisher":{"@id":"https:\/\/all-car-news.com\/es\/#organization"},"potentialAction":[{"@type":"SearchAction","target":{"@type":"EntryPoint","urlTemplate":"https:\/\/all-car-news.com\/es\/?s={search_term_string}"},"query-input":"required name=search_term_string"}],"inLanguage":"es"},{"@type":"Organization","@id":"https:\/\/all-car-news.com\/es\/#organization","name":"All cars news","url":"https:\/\/all-car-news.com\/es\/","logo":{"@type":"ImageObject","inLanguage":"es","@id":"https:\/\/all-car-news.com\/es\/#\/schema\/logo\/image\/","url":"https:\/\/all-car-news.com\/wp-content\/uploads\/2022\/02\/CMYK-AllCarNews_LANDSCAPE_300px-1.png","contentUrl":"https:\/\/all-car-news.com\/wp-content\/uploads\/2022\/02\/CMYK-AllCarNews_LANDSCAPE_300px-1.png","width":300,"height":100,"caption":"All cars news"},"image":{"@id":"https:\/\/all-car-news.com\/es\/#\/schema\/logo\/image\/"}}]}},"_links":{"self":[{"href":"https:\/\/all-car-news.com\/es\/wp-json\/wp\/v2\/posts\/135483","targetHints":{"allow":["GET"]}}],"collection":[{"href":"https:\/\/all-car-news.com\/es\/wp-json\/wp\/v2\/posts"}],"about":[{"href":"https:\/\/all-car-news.com\/es\/wp-json\/wp\/v2\/types\/post"}],"replies":[{"embeddable":true,"href":"https:\/\/all-car-news.com\/es\/wp-json\/wp\/v2\/comments?post=135483"}],"version-history":[{"count":0,"href":"https:\/\/all-car-news.com\/es\/wp-json\/wp\/v2\/posts\/135483\/revisions"}],"wp:featuredmedia":[{"embeddable":true,"href":"https:\/\/all-car-news.com\/es\/wp-json\/wp\/v2\/media\/135444"}],"wp:attachment":[{"href":"https:\/\/all-car-news.com\/es\/wp-json\/wp\/v2\/media?parent=135483"}],"wp:term":[{"taxonomy":"category","embeddable":true,"href":"https:\/\/all-car-news.com\/es\/wp-json\/wp\/v2\/categories?post=135483"},{"taxonomy":"post_tag","embeddable":true,"href":"https:\/\/all-car-news.com\/es\/wp-json\/wp\/v2\/tags?post=135483"}],"curies":[{"name":"wp","href":"https:\/\/api.w.org\/{rel}","templated":true}]}}