{"id":135413,"date":"2023-05-11T09:52:00","date_gmt":"2023-05-11T09:52:00","guid":{"rendered":"https:\/\/all-car-news.com\/tiene-fiebre-del-heno-aire-fresco-en-cada-vez-mas-coches\/"},"modified":"2023-05-11T09:52:00","modified_gmt":"2023-05-11T09:52:00","slug":"tiene-fiebre-del-heno-aire-fresco-en-cada-vez-mas-coches","status":"publish","type":"post","link":"https:\/\/all-car-news.com\/es\/tiene-fiebre-del-heno-aire-fresco-en-cada-vez-mas-coches\/","title":{"rendered":"\u00bfTiene fiebre del heno? Aire fresco en cada vez m\u00e1s coches"},"content":{"rendered":"<h2>Sistemas de depuraci\u00f3n del aire en los autom\u00f3viles<\/h2>\n<p>Gracias a los sistemas de depuraci\u00f3n del aire de los autom\u00f3viles, los ocupantes siempre pueden respirar aire limpio. Cada vez m\u00e1s marcas ofrecen esta tecnolog\u00eda, piensa en Jaguar, Land Rover, Mercedes-Benz, Lexus, Skoda, Toyota, Volkswagen, BMW, Opel y muchas m\u00e1s.<\/p>\n<h2>Buena calidad del aire<\/h2>\n<p>Un sistema de purificaci\u00f3n del aire de este tipo es especialmente valioso en primavera y verano, sobre todo para los muchos enfermos de fiebre del heno. De todos modos, una buena calidad del aire en el interior del coche tiene varias ventajas. Al fin y al cabo, contribuye a la comodidad del conductor y sus pasajeros, evita los irritantes picores de ojos y nariz y, por tanto, proporciona una seguridad vial adicional.<\/p>\n<h2>Varios nombres<\/h2>\n<p>Cada fabricante utiliza su propio nombre para este sistema de filtrado. En Skoda se llama Air Care, Lexus habla de un sistema nanoe X, Jaguar y Land Rover hablan de ionizaci\u00f3n del aire del habit\u00e1culo, Mercedes-Benz bautiza el sistema como Air Balance, Volvo lo llama <a href=\"https:\/\/autorai.nl\/volvo-zorgt-voor-frisse-lucht-in-interieur\/\">tecnolog\u00eda Advanced Air Cleaner<\/a> y en Opel se llama Intelli-Air. El mensaje es claro: cada fabricante utiliza sus propios nombres para estos sistemas, pero su funcionamiento es siempre el mismo en l\u00edneas generales.<\/p>\n<figure class=\"wp-block-image size-content\"><img decoding=\"async\" loading=\"lazy\" width=\"1140\" height=\"641\" src=\"https:\/\/autorai.nl\/wp-content\/uploads\/2023\/05\/opel-luchtreiniging-interieur-foto-1140x641.jpg\" alt=\"\" class=\"wp-image-158004\"><figcaption>2022 Opel Astra, IntelliAir<\/figcaption><\/figure>\n<h2>Sistemas inteligentes<\/h2>\n<p>A<strong> <\/strong>combina filtros de aire y part\u00edculas con un sistema de control de la calidad del aire. Ese sistema no s\u00f3lo controla continuamente la calidad del aire en el interior, sino que tambi\u00e9n refresca autom\u00e1ticamente el aire en cuanto deja de estar fresco. En el caso de Intelli-Air, la calidad del aire se controla a trav\u00e9s de la v\u00e1lvula de recirculaci\u00f3n. Si la calidad del aire exterior es mala, el sensor de calidad del aire (AQS) cierra la v\u00e1lvula del orificio de ventilaci\u00f3n, impidiendo que entre aire sucio en el interior. Si el aire del interior est\u00e1 viciado o contaminado -por ejemplo, debido al tabaco o al polvo de la ropa-, la rejilla de ventilaci\u00f3n permite que vuelva a entrar aire fresco.<\/p>\n<h2>Olores desagradables<\/h2>\n<p>Los filtros suelen constar de dos o incluso varias capas, que no s\u00f3lo detienen las peque\u00f1as part\u00edculas del aire exterior antes de que entren en el interior, sino que tambi\u00e9n filtran los malos olores y gases como el ozono. Lo mejor de todo es que los filtros de&nbsp;eliminan casi el 100% del polen del aire.<\/p>\n<p>Los materiales filtrantes utilizados son hidr\u00f3fugos, por lo que no se congelan en invierno ni atraen bacterias. A pesar de su excelente filtraci\u00f3n, dejan pasar bien el aire fresco. Los filtros suelen tener que cambiarse anualmente para garantizar un aire interior \u00f3ptimamente limpio durante todo el a\u00f1o.<\/p>\n<h2>Fiebre del henoaa&#8230;. hatschjoe&#8230; nval<\/h2>\n<p>Todo el mundo puede protegerse de un ataque de fiebre del heno mientras conduce. Cuando la concentraci\u00f3n de polen sea alta, conduzca con todas las ventanillas cerradas. Esto tambi\u00e9n es bueno para la seguridad vial: cuando el conductor estornuda, no mira a la carretera y aumenta el riesgo de accidente. En el tr\u00e1fico urbano, un coche ya recorre 20 metros mientras el conductor estornuda. A velocidades de 100 km\/h, el conductor no ve la carretera hasta m\u00e1s de 50 metros. \u00bfPrevenir los estornudos en el coche? En <a href=\"https:\/\/autorai.nl\/hooikoorts-tips-voorkom-niesaanvallen-in-de-auto\/\">este<\/a> art\u00edculo enumeramos varios consejos. Hatschjoe&#8230; Salud.<\/p>\n<div class=\"galery galery-0\">\n<figure>\n\t\t\t\t\t<span style=\"cursor: pointer\" data-src=\"https:\/\/autorai.nl\/wp-content\/uploads\/2023\/05\/land-rover-Cabin-Air-Ionisation-1600x792.jpeg\" data-fancybox=\"galery-0\" title=\"\"><br \/>\n\t\t\t\t\t\t\t<img decoding=\"async\" width=\"360\" height=\"270\" src=\"https:\/\/autorai.nl\/wp-content\/uploads\/2023\/05\/land-rover-Cabin-Air-Ionisation-360x270.jpeg\" class=\"attachment-small size-small\" alt=\"\" loading=\"lazy\"><i class=\"fa fa-search-plus\" aria-hidden=\"true\"><\/i><br \/>\n\t\t\t\t\t\t<\/span><br \/>\n\t\t\t\t\t<\/figure>\n<figure>\n\t\t\t\t\t<span style=\"cursor: pointer\" data-src=\"https:\/\/autorai.nl\/wp-content\/uploads\/2023\/05\/climatronic-air-care-system-1600x900.jpg\" data-fancybox=\"galery-0\" title=\"\"><br \/>\n\t\t\t\t\t\t\t<img decoding=\"async\" width=\"360\" height=\"270\" src=\"https:\/\/autorai.nl\/wp-content\/uploads\/2023\/05\/climatronic-air-care-system-360x270.jpg\" class=\"attachment-small size-small\" alt=\"\" loading=\"lazy\"><i class=\"fa fa-search-plus\" aria-hidden=\"true\"><\/i><br \/>\n\t\t\t\t\t\t<\/span><br \/>\n\t\t\t\t\t<\/figure>\n<figure>\n\t\t\t\t\t<span style=\"cursor: pointer\" data-src=\"https:\/\/autorai.nl\/wp-content\/uploads\/2023\/05\/04_Lexus-rolt-nieuwe-generatie-nanoe-X-uit-1600x1049.jpg\" data-fancybox=\"galery-0\" title=\"\"><br \/>\n\t\t\t\t\t\t\t<img decoding=\"async\" width=\"360\" height=\"270\" src=\"https:\/\/autorai.nl\/wp-content\/uploads\/2023\/05\/04_Lexus-rolt-nieuwe-generatie-nanoe-X-uit-360x270.jpg\" class=\"attachment-small size-small\" alt=\"\" loading=\"lazy\"><i class=\"fa fa-search-plus\" aria-hidden=\"true\"><\/i><br \/>\n\t\t\t\t\t\t<\/span><br \/>\n\t\t\t\t\t<\/figure>\n<figure>\n\t\t\t\t\t<span style=\"cursor: pointer\" data-src=\"https:\/\/autorai.nl\/wp-content\/uploads\/2023\/05\/01_Lexus-rolt-nieuwe-generatie-nanoe-X-uit-scaled-1-1600x900.jpg\" data-fancybox=\"galery-0\" title=\"\"><br \/>\n\t\t\t\t\t\t\t<img decoding=\"async\" width=\"360\" height=\"270\" src=\"https:\/\/autorai.nl\/wp-content\/uploads\/2023\/05\/01_Lexus-rolt-nieuwe-generatie-nanoe-X-uit-scaled-1-360x270.jpg\" class=\"attachment-small size-small\" alt=\"\" loading=\"lazy\"><i class=\"fa fa-search-plus\" aria-hidden=\"true\"><\/i><br \/>\n\t\t\t\t\t\t<\/span><br \/>\n\t\t\t\t\t<\/figure>\n<div class=\"clear\"><\/div>\n<\/div>\n","protected":false},"excerpt":{"rendered":"Sistemas de depuraci\u00f3n del aire en los coches Gracias a los sistemas de depuraci\u00f3n del aire en los coches, los&hellip;","protected":false},"author":0,"featured_media":135402,"comment_status":"","ping_status":"open","sticky":false,"template":"","format":"standard","meta":{"footnotes":""},"categories":[129,126],"tags":[],"class_list":["post-135413","post","type-post","status-publish","format-standard","has-post-thumbnail","hentry","category-fondo","category-noticias-de-autos"],"acf":[],"yoast_head":"<!-- This site is optimized with the Yoast SEO plugin v21.2 - https:\/\/yoast.com\/wordpress\/plugins\/seo\/ -->\n<title>\u00bfTiene fiebre del heno? Aire fresco en cada vez m\u00e1s coches - All cars news<\/title>\n<meta name=\"robots\" content=\"index, follow, max-snippet:-1, max-image-preview:large, max-video-preview:-1\" \/>\n<link rel=\"canonical\" href=\"https:\/\/all-car-news.com\/es\/tiene-fiebre-del-heno-aire-fresco-en-cada-vez-mas-coches\/\" \/>\n<meta property=\"og:locale\" content=\"es_ES\" \/>\n<meta property=\"og:type\" content=\"article\" \/>\n<meta property=\"og:title\" content=\"\u00bfTiene fiebre del heno? Aire fresco en cada vez m\u00e1s coches - All cars news\" \/>\n<meta property=\"og:description\" content=\"Sistemas de depuraci\u00f3n del aire en los coches Gracias a los sistemas de depuraci\u00f3n del aire en los coches, los ocupantes pueden respirar siempre aire limpio. Cada vez m\u00e1s marcas ofrecen esta tecnolog\u00eda, piensa en Jaguar, Land Rover, Mercedes-Benz, Lexus, Skoda, Toyota, Volkswagen, BMW, Opel y muchas m\u00e1s. Buena calidad del aire Un sistema de limpieza del aire de este tipo es especialmente valioso en primavera y [...]\" \/>\n<meta property=\"og:url\" content=\"https:\/\/all-car-news.com\/es\/tiene-fiebre-del-heno-aire-fresco-en-cada-vez-mas-coches\/\" \/>\n<meta property=\"og:site_name\" content=\"All cars news\" \/>\n<meta property=\"article:published_time\" content=\"2023-05-11T09:52:00+00:00\" \/>\n<meta property=\"og:image\" content=\"https:\/\/autorai.nl\/wp-content\/uploads\/2023\/05\/opel-luchtreiniging-interieur-foto-1140x641.jpg\" \/>\n<meta name=\"twitter:card\" content=\"summary_large_image\" \/>\n<meta name=\"twitter:label1\" content=\"Tiempo de lectura\" \/>\n\t<meta name=\"twitter:data1\" content=\"3 minutos\" \/>\n<script type=\"application\/ld+json\" class=\"yoast-schema-graph\">{\"@context\":\"https:\/\/schema.org\",\"@graph\":[{\"@type\":\"Article\",\"@id\":\"https:\/\/all-car-news.com\/es\/tiene-fiebre-del-heno-aire-fresco-en-cada-vez-mas-coches\/#article\",\"isPartOf\":{\"@id\":\"https:\/\/all-car-news.com\/es\/tiene-fiebre-del-heno-aire-fresco-en-cada-vez-mas-coches\/\"},\"author\":{\"name\":\"\",\"@id\":\"\"},\"headline\":\"\u00bfTiene fiebre del heno? Aire fresco en cada vez m\u00e1s coches\",\"datePublished\":\"2023-05-11T09:52:00+00:00\",\"dateModified\":\"2023-05-11T09:52:00+00:00\",\"mainEntityOfPage\":{\"@id\":\"https:\/\/all-car-news.com\/es\/tiene-fiebre-del-heno-aire-fresco-en-cada-vez-mas-coches\/\"},\"wordCount\":579,\"publisher\":{\"@id\":\"https:\/\/all-car-news.com\/es\/#organization\"},\"articleSection\":[\"Fondo\",\"noticias de autos\"],\"inLanguage\":\"es\"},{\"@type\":\"WebPage\",\"@id\":\"https:\/\/all-car-news.com\/es\/tiene-fiebre-del-heno-aire-fresco-en-cada-vez-mas-coches\/\",\"url\":\"https:\/\/all-car-news.com\/es\/tiene-fiebre-del-heno-aire-fresco-en-cada-vez-mas-coches\/\",\"name\":\"\u00bfTiene fiebre del heno? Aire fresco en cada vez m\u00e1s coches - All cars news\",\"isPartOf\":{\"@id\":\"https:\/\/all-car-news.com\/es\/#website\"},\"datePublished\":\"2023-05-11T09:52:00+00:00\",\"dateModified\":\"2023-05-11T09:52:00+00:00\",\"breadcrumb\":{\"@id\":\"https:\/\/all-car-news.com\/es\/tiene-fiebre-del-heno-aire-fresco-en-cada-vez-mas-coches\/#breadcrumb\"},\"inLanguage\":\"es\",\"potentialAction\":[{\"@type\":\"ReadAction\",\"target\":[\"https:\/\/all-car-news.com\/es\/tiene-fiebre-del-heno-aire-fresco-en-cada-vez-mas-coches\/\"]}]},{\"@type\":\"BreadcrumbList\",\"@id\":\"https:\/\/all-car-news.com\/es\/tiene-fiebre-del-heno-aire-fresco-en-cada-vez-mas-coches\/#breadcrumb\",\"itemListElement\":[{\"@type\":\"ListItem\",\"position\":1,\"name\":\"Home\",\"item\":\"https:\/\/all-car-news.com\/es\/\"},{\"@type\":\"ListItem\",\"position\":2,\"name\":\"\u00bfTiene fiebre del heno? Aire fresco en cada vez m\u00e1s coches\"}]},{\"@type\":\"WebSite\",\"@id\":\"https:\/\/all-car-news.com\/es\/#website\",\"url\":\"https:\/\/all-car-news.com\/es\/\",\"name\":\"All cars news\",\"description\":\"\",\"publisher\":{\"@id\":\"https:\/\/all-car-news.com\/es\/#organization\"},\"potentialAction\":[{\"@type\":\"SearchAction\",\"target\":{\"@type\":\"EntryPoint\",\"urlTemplate\":\"https:\/\/all-car-news.com\/es\/?s={search_term_string}\"},\"query-input\":\"required name=search_term_string\"}],\"inLanguage\":\"es\"},{\"@type\":\"Organization\",\"@id\":\"https:\/\/all-car-news.com\/es\/#organization\",\"name\":\"All cars news\",\"url\":\"https:\/\/all-car-news.com\/es\/\",\"logo\":{\"@type\":\"ImageObject\",\"inLanguage\":\"es\",\"@id\":\"https:\/\/all-car-news.com\/es\/#\/schema\/logo\/image\/\",\"url\":\"https:\/\/all-car-news.com\/wp-content\/uploads\/2022\/02\/CMYK-AllCarNews_LANDSCAPE_300px-1.png\",\"contentUrl\":\"https:\/\/all-car-news.com\/wp-content\/uploads\/2022\/02\/CMYK-AllCarNews_LANDSCAPE_300px-1.png\",\"width\":300,\"height\":100,\"caption\":\"All cars news\"},\"image\":{\"@id\":\"https:\/\/all-car-news.com\/es\/#\/schema\/logo\/image\/\"}}]}<\/script>\n<!-- \/ Yoast SEO plugin. -->","yoast_head_json":{"title":"\u00bfTiene fiebre del heno? Aire fresco en cada vez m\u00e1s coches - All cars news","robots":{"index":"index","follow":"follow","max-snippet":"max-snippet:-1","max-image-preview":"max-image-preview:large","max-video-preview":"max-video-preview:-1"},"canonical":"https:\/\/all-car-news.com\/es\/tiene-fiebre-del-heno-aire-fresco-en-cada-vez-mas-coches\/","og_locale":"es_ES","og_type":"article","og_title":"\u00bfTiene fiebre del heno? Aire fresco en cada vez m\u00e1s coches - All cars news","og_description":"Sistemas de depuraci\u00f3n del aire en los coches Gracias a los sistemas de depuraci\u00f3n del aire en los coches, los ocupantes pueden respirar siempre aire limpio. Cada vez m\u00e1s marcas ofrecen esta tecnolog\u00eda, piensa en Jaguar, Land Rover, Mercedes-Benz, Lexus, Skoda, Toyota, Volkswagen, BMW, Opel y muchas m\u00e1s. Buena calidad del aire Un sistema de limpieza del aire de este tipo es especialmente valioso en primavera y [...]","og_url":"https:\/\/all-car-news.com\/es\/tiene-fiebre-del-heno-aire-fresco-en-cada-vez-mas-coches\/","og_site_name":"All cars news","article_published_time":"2023-05-11T09:52:00+00:00","og_image":[{"url":"https:\/\/autorai.nl\/wp-content\/uploads\/2023\/05\/opel-luchtreiniging-interieur-foto-1140x641.jpg"}],"twitter_card":"summary_large_image","twitter_misc":{"Tiempo de lectura":"3 minutos"},"schema":{"@context":"https:\/\/schema.org","@graph":[{"@type":"Article","@id":"https:\/\/all-car-news.com\/es\/tiene-fiebre-del-heno-aire-fresco-en-cada-vez-mas-coches\/#article","isPartOf":{"@id":"https:\/\/all-car-news.com\/es\/tiene-fiebre-del-heno-aire-fresco-en-cada-vez-mas-coches\/"},"author":{"name":"","@id":""},"headline":"\u00bfTiene fiebre del heno? Aire fresco en cada vez m\u00e1s coches","datePublished":"2023-05-11T09:52:00+00:00","dateModified":"2023-05-11T09:52:00+00:00","mainEntityOfPage":{"@id":"https:\/\/all-car-news.com\/es\/tiene-fiebre-del-heno-aire-fresco-en-cada-vez-mas-coches\/"},"wordCount":579,"publisher":{"@id":"https:\/\/all-car-news.com\/es\/#organization"},"articleSection":["Fondo","noticias de autos"],"inLanguage":"es"},{"@type":"WebPage","@id":"https:\/\/all-car-news.com\/es\/tiene-fiebre-del-heno-aire-fresco-en-cada-vez-mas-coches\/","url":"https:\/\/all-car-news.com\/es\/tiene-fiebre-del-heno-aire-fresco-en-cada-vez-mas-coches\/","name":"\u00bfTiene fiebre del heno? Aire fresco en cada vez m\u00e1s coches - All cars news","isPartOf":{"@id":"https:\/\/all-car-news.com\/es\/#website"},"datePublished":"2023-05-11T09:52:00+00:00","dateModified":"2023-05-11T09:52:00+00:00","breadcrumb":{"@id":"https:\/\/all-car-news.com\/es\/tiene-fiebre-del-heno-aire-fresco-en-cada-vez-mas-coches\/#breadcrumb"},"inLanguage":"es","potentialAction":[{"@type":"ReadAction","target":["https:\/\/all-car-news.com\/es\/tiene-fiebre-del-heno-aire-fresco-en-cada-vez-mas-coches\/"]}]},{"@type":"BreadcrumbList","@id":"https:\/\/all-car-news.com\/es\/tiene-fiebre-del-heno-aire-fresco-en-cada-vez-mas-coches\/#breadcrumb","itemListElement":[{"@type":"ListItem","position":1,"name":"Home","item":"https:\/\/all-car-news.com\/es\/"},{"@type":"ListItem","position":2,"name":"\u00bfTiene fiebre del heno? Aire fresco en cada vez m\u00e1s coches"}]},{"@type":"WebSite","@id":"https:\/\/all-car-news.com\/es\/#website","url":"https:\/\/all-car-news.com\/es\/","name":"All cars news","description":"","publisher":{"@id":"https:\/\/all-car-news.com\/es\/#organization"},"potentialAction":[{"@type":"SearchAction","target":{"@type":"EntryPoint","urlTemplate":"https:\/\/all-car-news.com\/es\/?s={search_term_string}"},"query-input":"required name=search_term_string"}],"inLanguage":"es"},{"@type":"Organization","@id":"https:\/\/all-car-news.com\/es\/#organization","name":"All cars news","url":"https:\/\/all-car-news.com\/es\/","logo":{"@type":"ImageObject","inLanguage":"es","@id":"https:\/\/all-car-news.com\/es\/#\/schema\/logo\/image\/","url":"https:\/\/all-car-news.com\/wp-content\/uploads\/2022\/02\/CMYK-AllCarNews_LANDSCAPE_300px-1.png","contentUrl":"https:\/\/all-car-news.com\/wp-content\/uploads\/2022\/02\/CMYK-AllCarNews_LANDSCAPE_300px-1.png","width":300,"height":100,"caption":"All cars news"},"image":{"@id":"https:\/\/all-car-news.com\/es\/#\/schema\/logo\/image\/"}}]}},"_links":{"self":[{"href":"https:\/\/all-car-news.com\/es\/wp-json\/wp\/v2\/posts\/135413","targetHints":{"allow":["GET"]}}],"collection":[{"href":"https:\/\/all-car-news.com\/es\/wp-json\/wp\/v2\/posts"}],"about":[{"href":"https:\/\/all-car-news.com\/es\/wp-json\/wp\/v2\/types\/post"}],"replies":[{"embeddable":true,"href":"https:\/\/all-car-news.com\/es\/wp-json\/wp\/v2\/comments?post=135413"}],"version-history":[{"count":0,"href":"https:\/\/all-car-news.com\/es\/wp-json\/wp\/v2\/posts\/135413\/revisions"}],"wp:featuredmedia":[{"embeddable":true,"href":"https:\/\/all-car-news.com\/es\/wp-json\/wp\/v2\/media\/135402"}],"wp:attachment":[{"href":"https:\/\/all-car-news.com\/es\/wp-json\/wp\/v2\/media?parent=135413"}],"wp:term":[{"taxonomy":"category","embeddable":true,"href":"https:\/\/all-car-news.com\/es\/wp-json\/wp\/v2\/categories?post=135413"},{"taxonomy":"post_tag","embeddable":true,"href":"https:\/\/all-car-news.com\/es\/wp-json\/wp\/v2\/tags?post=135413"}],"curies":[{"name":"wp","href":"https:\/\/api.w.org\/{rel}","templated":true}]}}