{"id":135409,"date":"2023-05-11T12:44:00","date_gmt":"2023-05-11T12:44:00","guid":{"rendered":"https:\/\/all-car-news.com\/reportaje-fotografico-dos-bugatti-en-una-coleccion-de-coches-holandesa\/"},"modified":"2023-05-11T12:44:00","modified_gmt":"2023-05-11T12:44:00","slug":"reportaje-fotografico-dos-bugatti-en-una-coleccion-de-coches-holandesa","status":"publish","type":"post","link":"https:\/\/all-car-news.com\/es\/reportaje-fotografico-dos-bugatti-en-una-coleccion-de-coches-holandesa\/","title":{"rendered":"Reportaje fotogr\u00e1fico: Dos Bugatti en una colecci\u00f3n de coches holandesa"},"content":{"rendered":"<h2>Maasdijk Automoci\u00f3n<\/h2>\n<p>Una visi\u00f3n extra\u00f1a: dos ejemplares del Chiron uno al lado del otro. Y eso s\u00f3lo en los Pa\u00edses Bajos. Est\u00e1n en Maasdijk Automotive, una empresa especializada en coches para entusiastas. Durante nuestra visita hab\u00eda Ferraris, Mercedes-AMG y Lamborghinis. Cosas exclusivas, en otras palabras. En lo m\u00e1s alto de la cadena alimentaria, el Chiron no es un superdeportivo, sino un aut\u00e9ntico hiperdeportivo. Mientras que el Chiron azul oscuro fue completamente ensamblado por el propio propietario, no es el caso del otro ejemplar. Este est\u00e1 a la venta. El precio puede solicitarse a Maasdijk Automotive.<\/p>\n<figure class=\"wp-block-image size-content\"><img decoding=\"async\" loading=\"lazy\" width=\"1140\" height=\"760\" src=\"https:\/\/autorai.nl\/wp-content\/uploads\/2023\/05\/IMG_7343-1140x760.jpg\" alt=\"\" class=\"wp-image-158083\"><\/figure>\n<figure class=\"wp-block-gallery has-nested-images columns-default is-cropped\">\n<figure class=\"wp-block-image size-large\"><img decoding=\"async\" loading=\"lazy\" width=\"1140\" height=\"760\" data-id=\"158111\" src=\"https:\/\/autorai.nl\/wp-content\/uploads\/2023\/05\/IMG_7407-1-1140x760.jpg\" alt=\"\" class=\"wp-image-158111\"><\/figure>\n<figure class=\"wp-block-image size-large\"><img decoding=\"async\" loading=\"lazy\" width=\"1140\" height=\"760\" data-id=\"158112\" src=\"https:\/\/autorai.nl\/wp-content\/uploads\/2023\/05\/IMG_7441-1-1140x760.jpg\" alt=\"\" class=\"wp-image-158112\"><\/figure>\n<\/figure>\n<h2>Prestaciones del Bugatti Chiron<\/h2>\n<p>\u00bfPor qu\u00e9 el Chiron puede llamarse hipercoche? Echa un vistazo a sus especificaciones. El Bugatti Chiron tiene un motor W16 de 8,0 litros y desarrolla la friolera de 1.500 CV y 1.600 Nm. Esto permite al Chiron acelerar de 0 a 100 km\/h en menos de 2,5 segundos y, con la llave adecuada, alcanza una velocidad m\u00e1xima de 420 km\/h. El Chiron incorpora numerosas tecnolog\u00edas avanzadas, como un aler\u00f3n trasero activo que reduce la resistencia aerodin\u00e1mica y mejora la estabilidad a altas velocidades.<\/p>\n<figure class=\"wp-block-image size-content\"><img decoding=\"async\" loading=\"lazy\" width=\"1140\" height=\"760\" src=\"https:\/\/autorai.nl\/wp-content\/uploads\/2023\/05\/IMG_7353-1140x760.jpg\" alt=\"\" class=\"wp-image-158087\"><\/figure>\n<figure class=\"wp-block-gallery has-nested-images columns-default is-cropped\">\n<figure class=\"wp-block-image size-large\"><img decoding=\"async\" loading=\"lazy\" width=\"1140\" height=\"760\" data-id=\"158088\" src=\"https:\/\/autorai.nl\/wp-content\/uploads\/2023\/05\/IMG_7426-1140x760.jpg\" alt=\"\" class=\"wp-image-158088\"><\/figure>\n<figure class=\"wp-block-image size-large\"><img decoding=\"async\" loading=\"lazy\" width=\"1140\" height=\"760\" data-id=\"158089\" src=\"https:\/\/autorai.nl\/wp-content\/uploads\/2023\/05\/IMG_7363-1140x760.jpg\" alt=\"\" class=\"wp-image-158089\"><\/figure>\n<\/figure>\n<h2>Carbono desnudo<\/h2>\n<p>Las composiciones de estos dos Bugatti Chiron son bastante diferentes. Uno es azul oscuro carb\u00f3n y el otro es azul con morado oscuro. Esta especificaci\u00f3n es similar a la del lanzamiento del Chiron cuando se present\u00f3 en el Sal\u00f3n del Autom\u00f3vil de Ginebra. La carrocer\u00eda del Bugatti Chiron es de fibra de carbono est\u00e1ndar, pero en la variante azul oscuro es realmente visible. Todos los patrones de carbono van hacia el centro del coche, donde convergen todas las l\u00edneas.<\/p>\n<figure class=\"wp-block-image size-content\"><img decoding=\"async\" loading=\"lazy\" width=\"1140\" height=\"760\" src=\"https:\/\/autorai.nl\/wp-content\/uploads\/2023\/05\/IMG_7351-1-1140x760.jpg\" alt=\"\" class=\"wp-image-158113\"><\/figure>\n<h2>Acabado de primera clase<\/h2>\n<p>El interior del Bugatti Chiron es realmente impresionante, una obra maestra. Cada parte del interior ha sido dise\u00f1ada con la m\u00e1xima precisi\u00f3n y elaborada artesanalmente por fabricantes de autom\u00f3viles franceses. El habit\u00e1culo del Chiron est\u00e1 fabricado con los mejores materiales. Los asientos est\u00e1n tapizados en cuero y las costuras est\u00e1n hechas a mano, lo que confiere al interior una sensaci\u00f3n de lujo. Un detalle especial del Chiron azul carbono es que la evoluci\u00f3n del modelo de Bugatti est\u00e1 incorporada pict\u00f3ricamente en el panel de la puerta. Encontrar\u00e1 el Type 37, el Type 57, el Veyron y el Chiron. La cabina est\u00e1 acabada en fibra de carbono y aluminio pulido y su dise\u00f1o se inspira en la aviaci\u00f3n.  <\/p>\n<p><strong>Fotograf\u00eda: <a href=\"https:\/\/www.instagram.com\/yn.automotive\/\" target=\"_blank\" rel=\"noreferrer noopener\">YN Automotive<\/a><\/strong><\/p>\n<figure class=\"wp-block-image size-content\"><img decoding=\"async\" loading=\"lazy\" width=\"1140\" height=\"760\" src=\"https:\/\/autorai.nl\/wp-content\/uploads\/2023\/05\/IMG_7389-1-1140x760.jpg\" alt=\"\" class=\"wp-image-158093\"><\/figure>\n<figure class=\"wp-block-image size-content\"><img decoding=\"async\" loading=\"lazy\" width=\"1140\" height=\"760\" src=\"https:\/\/autorai.nl\/wp-content\/uploads\/2023\/05\/IMG_7380-1140x760.jpg\" alt=\"\" class=\"wp-image-158090\"><\/figure>\n<figure class=\"wp-block-image size-content\"><img decoding=\"async\" loading=\"lazy\" width=\"1140\" height=\"760\" src=\"https:\/\/autorai.nl\/wp-content\/uploads\/2023\/05\/IMG_7388-1140x760.jpg\" alt=\"\" class=\"wp-image-158091\"><\/figure>\n<figure class=\"wp-block-gallery has-nested-images columns-default is-cropped\">\n<figure class=\"wp-block-image size-large\"><img decoding=\"async\" loading=\"lazy\" width=\"1140\" height=\"760\" data-id=\"158094\" src=\"https:\/\/autorai.nl\/wp-content\/uploads\/2023\/05\/IMG_7542-1140x760.jpg\" alt=\"\" class=\"wp-image-158094\"><\/figure>\n<figure class=\"wp-block-image size-large\"><img decoding=\"async\" loading=\"lazy\" width=\"1140\" height=\"760\" data-id=\"158095\" src=\"https:\/\/autorai.nl\/wp-content\/uploads\/2023\/05\/IMG_7392-1140x760.jpg\" alt=\"\" class=\"wp-image-158095\"><\/figure>\n<figure class=\"wp-block-image size-large\"><img decoding=\"async\" loading=\"lazy\" width=\"1140\" height=\"760\" data-id=\"158097\" src=\"https:\/\/autorai.nl\/wp-content\/uploads\/2023\/05\/IMG_7398-1140x760.jpg\" alt=\"\" class=\"wp-image-158097\"><\/figure>\n<figure class=\"wp-block-image size-large\"><img decoding=\"async\" loading=\"lazy\" width=\"1140\" height=\"760\" data-id=\"158107\" src=\"https:\/\/autorai.nl\/wp-content\/uploads\/2023\/05\/IMG_7401-1140x760.jpg\" alt=\"\" class=\"wp-image-158107\"><\/figure>\n<figure class=\"wp-block-image size-large\"><img decoding=\"async\" loading=\"lazy\" width=\"1140\" height=\"760\" data-id=\"158103\" src=\"https:\/\/autorai.nl\/wp-content\/uploads\/2023\/05\/IMG_7407-1140x760.jpg\" alt=\"\" class=\"wp-image-158103\"><\/figure>\n<figure class=\"wp-block-image size-large\"><img decoding=\"async\" loading=\"lazy\" width=\"1140\" height=\"760\" data-id=\"158098\" src=\"https:\/\/autorai.nl\/wp-content\/uploads\/2023\/05\/IMG_7426-1-1140x760.jpg\" alt=\"\" class=\"wp-image-158098\"><\/figure>\n<figure class=\"wp-block-image size-large\"><img decoding=\"async\" loading=\"lazy\" width=\"1140\" height=\"760\" data-id=\"158108\" src=\"https:\/\/autorai.nl\/wp-content\/uploads\/2023\/05\/IMG_7437-1140x760.jpg\" alt=\"\" class=\"wp-image-158108\"><\/figure>\n<figure class=\"wp-block-image size-large\"><img decoding=\"async\" loading=\"lazy\" width=\"1140\" height=\"760\" data-id=\"158109\" src=\"https:\/\/autorai.nl\/wp-content\/uploads\/2023\/05\/IMG_7441-1140x760.jpg\" alt=\"\" class=\"wp-image-158109\"><\/figure>\n<figure class=\"wp-block-image size-large\"><img decoding=\"async\" loading=\"lazy\" width=\"1140\" height=\"760\" data-id=\"158106\" src=\"https:\/\/autorai.nl\/wp-content\/uploads\/2023\/05\/IMG_7443-1140x760.jpg\" alt=\"\" class=\"wp-image-158106\"><\/figure>\n<figure class=\"wp-block-image size-large\"><img decoding=\"async\" loading=\"lazy\" width=\"1140\" height=\"760\" data-id=\"158110\" src=\"https:\/\/autorai.nl\/wp-content\/uploads\/2023\/05\/IMG_7490-1140x760.jpg\" alt=\"\" class=\"wp-image-158110\"><\/figure>\n<figure class=\"wp-block-image size-large\"><img decoding=\"async\" loading=\"lazy\" width=\"1140\" height=\"760\" data-id=\"158105\" src=\"https:\/\/autorai.nl\/wp-content\/uploads\/2023\/05\/IMG_7491-1140x760.jpg\" alt=\"\" class=\"wp-image-158105\"><\/figure>\n<figure class=\"wp-block-image size-large\"><img decoding=\"async\" loading=\"lazy\" width=\"1140\" height=\"760\" data-id=\"158101\" src=\"https:\/\/autorai.nl\/wp-content\/uploads\/2023\/05\/IMG_7494-1140x760.jpg\" alt=\"\" class=\"wp-image-158101\"><\/figure>\n<figure class=\"wp-block-image size-large\"><img decoding=\"async\" loading=\"lazy\" width=\"1140\" height=\"760\" data-id=\"158104\" src=\"https:\/\/autorai.nl\/wp-content\/uploads\/2023\/05\/IMG_7511-1140x760.jpg\" alt=\"\" class=\"wp-image-158104\"><\/figure>\n<figure class=\"wp-block-image size-large\"><img decoding=\"async\" loading=\"lazy\" width=\"1140\" height=\"760\" data-id=\"158096\" src=\"https:\/\/autorai.nl\/wp-content\/uploads\/2023\/05\/IMG_7519-1140x760.jpg\" alt=\"\" class=\"wp-image-158096\"><\/figure>\n<figure class=\"wp-block-image size-large\"><img decoding=\"async\" loading=\"lazy\" width=\"1140\" height=\"760\" data-id=\"158102\" src=\"https:\/\/autorai.nl\/wp-content\/uploads\/2023\/05\/IMG_7524-1140x760.jpg\" alt=\"\" class=\"wp-image-158102\"><\/figure>\n<figure class=\"wp-block-image size-large\"><img decoding=\"async\" loading=\"lazy\" width=\"1140\" height=\"760\" data-id=\"158099\" src=\"https:\/\/autorai.nl\/wp-content\/uploads\/2023\/05\/IMG_7526-1140x760.jpg\" alt=\"\" class=\"wp-image-158099\"><\/figure>\n<figure class=\"wp-block-image size-large\"><img decoding=\"async\" loading=\"lazy\" width=\"1140\" height=\"760\" data-id=\"158100\" src=\"https:\/\/autorai.nl\/wp-content\/uploads\/2023\/05\/IMG_7530-1140x760.jpg\" alt=\"\" class=\"wp-image-158100\"><\/figure>\n<\/figure><\/p>\n","protected":false},"excerpt":{"rendered":"Maasdijk Automotive Un espect\u00e1culo extra\u00f1o: dos ejemplares del Chiron uno al lado del otro. Y eso s\u00f3lo en los Pa\u00edses&hellip;","protected":false},"author":0,"featured_media":135390,"comment_status":"","ping_status":"open","sticky":false,"template":"","format":"standard","meta":{"footnotes":""},"categories":[129,126],"tags":[],"class_list":["post-135409","post","type-post","status-publish","format-standard","has-post-thumbnail","hentry","category-fondo","category-noticias-de-autos"],"acf":[],"yoast_head":"<!-- This site is optimized with the Yoast SEO plugin v21.2 - https:\/\/yoast.com\/wordpress\/plugins\/seo\/ -->\n<title>Reportaje fotogr\u00e1fico: Dos Bugatti en una colecci\u00f3n de coches holandesa - All cars news<\/title>\n<meta name=\"robots\" content=\"index, follow, max-snippet:-1, max-image-preview:large, max-video-preview:-1\" \/>\n<link rel=\"canonical\" href=\"https:\/\/all-car-news.com\/es\/reportaje-fotografico-dos-bugatti-en-una-coleccion-de-coches-holandesa\/\" \/>\n<meta property=\"og:locale\" content=\"es_ES\" \/>\n<meta property=\"og:type\" content=\"article\" \/>\n<meta property=\"og:title\" content=\"Reportaje fotogr\u00e1fico: Dos Bugatti en una colecci\u00f3n de coches holandesa - All cars news\" \/>\n<meta property=\"og:description\" content=\"Maasdijk Automotive Un espect\u00e1culo extra\u00f1o: dos ejemplares del Chiron uno al lado del otro. Y eso s\u00f3lo en los Pa\u00edses Bajos. Est\u00e1n en Maasdijk Automotive, una empresa especializada en coches para entusiastas. Durante nuestra visita hab\u00eda Ferraris, Mercedes-AMG y Lamborghinis. Cosas exclusivas, en otras palabras. En la cima de la cadena alimentaria, el Chiron no es un superdeportivo, sino un [...]\" \/>\n<meta property=\"og:url\" content=\"https:\/\/all-car-news.com\/es\/reportaje-fotografico-dos-bugatti-en-una-coleccion-de-coches-holandesa\/\" \/>\n<meta property=\"og:site_name\" content=\"All cars news\" \/>\n<meta property=\"article:published_time\" content=\"2023-05-11T12:44:00+00:00\" \/>\n<meta property=\"og:image\" content=\"https:\/\/autorai.nl\/wp-content\/uploads\/2023\/05\/IMG_7343-1140x760.jpg\" \/>\n<meta name=\"twitter:card\" content=\"summary_large_image\" \/>\n<meta name=\"twitter:label1\" content=\"Tiempo de lectura\" \/>\n\t<meta name=\"twitter:data1\" content=\"2 minutos\" \/>\n<script type=\"application\/ld+json\" class=\"yoast-schema-graph\">{\"@context\":\"https:\/\/schema.org\",\"@graph\":[{\"@type\":\"Article\",\"@id\":\"https:\/\/all-car-news.com\/es\/reportaje-fotografico-dos-bugatti-en-una-coleccion-de-coches-holandesa\/#article\",\"isPartOf\":{\"@id\":\"https:\/\/all-car-news.com\/es\/reportaje-fotografico-dos-bugatti-en-una-coleccion-de-coches-holandesa\/\"},\"author\":{\"name\":\"\",\"@id\":\"\"},\"headline\":\"Reportaje fotogr\u00e1fico: Dos Bugatti en una colecci\u00f3n de coches holandesa\",\"datePublished\":\"2023-05-11T12:44:00+00:00\",\"dateModified\":\"2023-05-11T12:44:00+00:00\",\"mainEntityOfPage\":{\"@id\":\"https:\/\/all-car-news.com\/es\/reportaje-fotografico-dos-bugatti-en-una-coleccion-de-coches-holandesa\/\"},\"wordCount\":425,\"publisher\":{\"@id\":\"https:\/\/all-car-news.com\/es\/#organization\"},\"articleSection\":[\"Fondo\",\"noticias de autos\"],\"inLanguage\":\"es\"},{\"@type\":\"WebPage\",\"@id\":\"https:\/\/all-car-news.com\/es\/reportaje-fotografico-dos-bugatti-en-una-coleccion-de-coches-holandesa\/\",\"url\":\"https:\/\/all-car-news.com\/es\/reportaje-fotografico-dos-bugatti-en-una-coleccion-de-coches-holandesa\/\",\"name\":\"Reportaje fotogr\u00e1fico: Dos Bugatti en una colecci\u00f3n de coches holandesa - All cars news\",\"isPartOf\":{\"@id\":\"https:\/\/all-car-news.com\/es\/#website\"},\"datePublished\":\"2023-05-11T12:44:00+00:00\",\"dateModified\":\"2023-05-11T12:44:00+00:00\",\"breadcrumb\":{\"@id\":\"https:\/\/all-car-news.com\/es\/reportaje-fotografico-dos-bugatti-en-una-coleccion-de-coches-holandesa\/#breadcrumb\"},\"inLanguage\":\"es\",\"potentialAction\":[{\"@type\":\"ReadAction\",\"target\":[\"https:\/\/all-car-news.com\/es\/reportaje-fotografico-dos-bugatti-en-una-coleccion-de-coches-holandesa\/\"]}]},{\"@type\":\"BreadcrumbList\",\"@id\":\"https:\/\/all-car-news.com\/es\/reportaje-fotografico-dos-bugatti-en-una-coleccion-de-coches-holandesa\/#breadcrumb\",\"itemListElement\":[{\"@type\":\"ListItem\",\"position\":1,\"name\":\"Home\",\"item\":\"https:\/\/all-car-news.com\/es\/\"},{\"@type\":\"ListItem\",\"position\":2,\"name\":\"Reportaje fotogr\u00e1fico: Dos Bugatti en una colecci\u00f3n de coches holandesa\"}]},{\"@type\":\"WebSite\",\"@id\":\"https:\/\/all-car-news.com\/es\/#website\",\"url\":\"https:\/\/all-car-news.com\/es\/\",\"name\":\"All cars news\",\"description\":\"\",\"publisher\":{\"@id\":\"https:\/\/all-car-news.com\/es\/#organization\"},\"potentialAction\":[{\"@type\":\"SearchAction\",\"target\":{\"@type\":\"EntryPoint\",\"urlTemplate\":\"https:\/\/all-car-news.com\/es\/?s={search_term_string}\"},\"query-input\":\"required name=search_term_string\"}],\"inLanguage\":\"es\"},{\"@type\":\"Organization\",\"@id\":\"https:\/\/all-car-news.com\/es\/#organization\",\"name\":\"All cars news\",\"url\":\"https:\/\/all-car-news.com\/es\/\",\"logo\":{\"@type\":\"ImageObject\",\"inLanguage\":\"es\",\"@id\":\"https:\/\/all-car-news.com\/es\/#\/schema\/logo\/image\/\",\"url\":\"https:\/\/all-car-news.com\/wp-content\/uploads\/2022\/02\/CMYK-AllCarNews_LANDSCAPE_300px-1.png\",\"contentUrl\":\"https:\/\/all-car-news.com\/wp-content\/uploads\/2022\/02\/CMYK-AllCarNews_LANDSCAPE_300px-1.png\",\"width\":300,\"height\":100,\"caption\":\"All cars news\"},\"image\":{\"@id\":\"https:\/\/all-car-news.com\/es\/#\/schema\/logo\/image\/\"}}]}<\/script>\n<!-- \/ Yoast SEO plugin. -->","yoast_head_json":{"title":"Reportaje fotogr\u00e1fico: Dos Bugatti en una colecci\u00f3n de coches holandesa - All cars news","robots":{"index":"index","follow":"follow","max-snippet":"max-snippet:-1","max-image-preview":"max-image-preview:large","max-video-preview":"max-video-preview:-1"},"canonical":"https:\/\/all-car-news.com\/es\/reportaje-fotografico-dos-bugatti-en-una-coleccion-de-coches-holandesa\/","og_locale":"es_ES","og_type":"article","og_title":"Reportaje fotogr\u00e1fico: Dos Bugatti en una colecci\u00f3n de coches holandesa - All cars news","og_description":"Maasdijk Automotive Un espect\u00e1culo extra\u00f1o: dos ejemplares del Chiron uno al lado del otro. Y eso s\u00f3lo en los Pa\u00edses Bajos. Est\u00e1n en Maasdijk Automotive, una empresa especializada en coches para entusiastas. Durante nuestra visita hab\u00eda Ferraris, Mercedes-AMG y Lamborghinis. Cosas exclusivas, en otras palabras. En la cima de la cadena alimentaria, el Chiron no es un superdeportivo, sino un [...]","og_url":"https:\/\/all-car-news.com\/es\/reportaje-fotografico-dos-bugatti-en-una-coleccion-de-coches-holandesa\/","og_site_name":"All cars news","article_published_time":"2023-05-11T12:44:00+00:00","og_image":[{"url":"https:\/\/autorai.nl\/wp-content\/uploads\/2023\/05\/IMG_7343-1140x760.jpg"}],"twitter_card":"summary_large_image","twitter_misc":{"Tiempo de lectura":"2 minutos"},"schema":{"@context":"https:\/\/schema.org","@graph":[{"@type":"Article","@id":"https:\/\/all-car-news.com\/es\/reportaje-fotografico-dos-bugatti-en-una-coleccion-de-coches-holandesa\/#article","isPartOf":{"@id":"https:\/\/all-car-news.com\/es\/reportaje-fotografico-dos-bugatti-en-una-coleccion-de-coches-holandesa\/"},"author":{"name":"","@id":""},"headline":"Reportaje fotogr\u00e1fico: Dos Bugatti en una colecci\u00f3n de coches holandesa","datePublished":"2023-05-11T12:44:00+00:00","dateModified":"2023-05-11T12:44:00+00:00","mainEntityOfPage":{"@id":"https:\/\/all-car-news.com\/es\/reportaje-fotografico-dos-bugatti-en-una-coleccion-de-coches-holandesa\/"},"wordCount":425,"publisher":{"@id":"https:\/\/all-car-news.com\/es\/#organization"},"articleSection":["Fondo","noticias de autos"],"inLanguage":"es"},{"@type":"WebPage","@id":"https:\/\/all-car-news.com\/es\/reportaje-fotografico-dos-bugatti-en-una-coleccion-de-coches-holandesa\/","url":"https:\/\/all-car-news.com\/es\/reportaje-fotografico-dos-bugatti-en-una-coleccion-de-coches-holandesa\/","name":"Reportaje fotogr\u00e1fico: Dos Bugatti en una colecci\u00f3n de coches holandesa - All cars news","isPartOf":{"@id":"https:\/\/all-car-news.com\/es\/#website"},"datePublished":"2023-05-11T12:44:00+00:00","dateModified":"2023-05-11T12:44:00+00:00","breadcrumb":{"@id":"https:\/\/all-car-news.com\/es\/reportaje-fotografico-dos-bugatti-en-una-coleccion-de-coches-holandesa\/#breadcrumb"},"inLanguage":"es","potentialAction":[{"@type":"ReadAction","target":["https:\/\/all-car-news.com\/es\/reportaje-fotografico-dos-bugatti-en-una-coleccion-de-coches-holandesa\/"]}]},{"@type":"BreadcrumbList","@id":"https:\/\/all-car-news.com\/es\/reportaje-fotografico-dos-bugatti-en-una-coleccion-de-coches-holandesa\/#breadcrumb","itemListElement":[{"@type":"ListItem","position":1,"name":"Home","item":"https:\/\/all-car-news.com\/es\/"},{"@type":"ListItem","position":2,"name":"Reportaje fotogr\u00e1fico: Dos Bugatti en una colecci\u00f3n de coches holandesa"}]},{"@type":"WebSite","@id":"https:\/\/all-car-news.com\/es\/#website","url":"https:\/\/all-car-news.com\/es\/","name":"All cars news","description":"","publisher":{"@id":"https:\/\/all-car-news.com\/es\/#organization"},"potentialAction":[{"@type":"SearchAction","target":{"@type":"EntryPoint","urlTemplate":"https:\/\/all-car-news.com\/es\/?s={search_term_string}"},"query-input":"required name=search_term_string"}],"inLanguage":"es"},{"@type":"Organization","@id":"https:\/\/all-car-news.com\/es\/#organization","name":"All cars news","url":"https:\/\/all-car-news.com\/es\/","logo":{"@type":"ImageObject","inLanguage":"es","@id":"https:\/\/all-car-news.com\/es\/#\/schema\/logo\/image\/","url":"https:\/\/all-car-news.com\/wp-content\/uploads\/2022\/02\/CMYK-AllCarNews_LANDSCAPE_300px-1.png","contentUrl":"https:\/\/all-car-news.com\/wp-content\/uploads\/2022\/02\/CMYK-AllCarNews_LANDSCAPE_300px-1.png","width":300,"height":100,"caption":"All cars news"},"image":{"@id":"https:\/\/all-car-news.com\/es\/#\/schema\/logo\/image\/"}}]}},"_links":{"self":[{"href":"https:\/\/all-car-news.com\/es\/wp-json\/wp\/v2\/posts\/135409","targetHints":{"allow":["GET"]}}],"collection":[{"href":"https:\/\/all-car-news.com\/es\/wp-json\/wp\/v2\/posts"}],"about":[{"href":"https:\/\/all-car-news.com\/es\/wp-json\/wp\/v2\/types\/post"}],"replies":[{"embeddable":true,"href":"https:\/\/all-car-news.com\/es\/wp-json\/wp\/v2\/comments?post=135409"}],"version-history":[{"count":0,"href":"https:\/\/all-car-news.com\/es\/wp-json\/wp\/v2\/posts\/135409\/revisions"}],"wp:featuredmedia":[{"embeddable":true,"href":"https:\/\/all-car-news.com\/es\/wp-json\/wp\/v2\/media\/135390"}],"wp:attachment":[{"href":"https:\/\/all-car-news.com\/es\/wp-json\/wp\/v2\/media?parent=135409"}],"wp:term":[{"taxonomy":"category","embeddable":true,"href":"https:\/\/all-car-news.com\/es\/wp-json\/wp\/v2\/categories?post=135409"},{"taxonomy":"post_tag","embeddable":true,"href":"https:\/\/all-car-news.com\/es\/wp-json\/wp\/v2\/tags?post=135409"}],"curies":[{"name":"wp","href":"https:\/\/api.w.org\/{rel}","templated":true}]}}