{"id":135064,"date":"2023-04-29T07:13:00","date_gmt":"2023-04-29T07:13:00","guid":{"rendered":"https:\/\/all-car-news.com\/retrato-del-coche-bmw-130i-challenge-rally-de-hank\/"},"modified":"2023-04-29T07:13:00","modified_gmt":"2023-04-29T07:13:00","slug":"retrato-del-coche-bmw-130i-challenge-rally-de-hank","status":"publish","type":"post","link":"https:\/\/all-car-news.com\/es\/retrato-del-coche-bmw-130i-challenge-rally-de-hank\/","title":{"rendered":"Retrato del coche: BMW 130i Challenge Rally de Hank"},"content":{"rendered":"<h2>Desaf\u00edo BMW 130i<\/h2>\n<p>Dise\u00f1ado espec\u00edficamente para rallyes y carreras, el BMW 130i Challenge cuenta con unas especificaciones impresionantes. El coche est\u00e1 propulsado por un motor de gasolina de seis cilindros y 3,0 litros que rinde 265 CV y 315 Nm de par. El coche tiene tracci\u00f3n trasera y est\u00e1 equipado con una caja de cambios manual de seis velocidades adaptada a los rallyes. Por supuesto, el propio coche tambi\u00e9n se ha adaptado por completo a los rallies y entre sus caracter\u00edsticas se incluyen un volante diferente, asientos de cubo y una jaula antivuelco homologada por la FIA.<\/p>\n<h2>Freno de mano hidr\u00e1ulico  <\/h2>\n<p>El BMW 130i tambi\u00e9n dispone de freno de mano hidr\u00e1ulico. Para la sesi\u00f3n de fotos, el coche se condujo un rato en el exterior, tras lo cual se produjo un giro de 180 grados gracias a ese freno de mano hidr\u00e1ulico y a las habilidades al volante de Hank. El coche de rally BMW 130i Challenge tambi\u00e9n cuenta con una suspensi\u00f3n deportiva totalmente modificada, especialmente ajustada a las capacidades del coche. Basta ya de hablar del coche en s\u00ed. Es hora de dejar hablar al propio Hank.<\/p>\n<figure class=\"wp-block-image size-content\"><img decoding=\"async\" loading=\"lazy\" width=\"1140\" height=\"760\" src=\"https:\/\/autorai.nl\/wp-content\/uploads\/2023\/04\/bmw-130i-challenge-hank-yn-automotive-foto4-1140x760.jpg\" alt=\"Desaf\u00edo BMW 130i de Hank\" class=\"wp-image-156959\"><\/figure>\n<h2>\u00bfDe d\u00f3nde viene su pasi\u00f3n por los coches?<\/h2>\n<p>\u00abDesde que era joven me han gustado los coches y todo lo que conllevan. Sol\u00eda correr mucho en karts de alquiler. Tambi\u00e9n corr\u00eda con todo tipo de veh\u00edculos en casa, en pistas de hierba y tierra. Incluso de ni\u00f1o, he sido un aut\u00e9ntico demonio de la velocidad. Empec\u00e9 a derrapar en circuitos como el aeropuerto de Weeze cuando ten\u00eda 16 a\u00f1os. A mi padre tambi\u00e9n le han gustado siempre los coches, concretamente los Porsches. Compite en la categor\u00eda de rallies hist\u00f3ricos\u00bb.<\/p>\n<h2>\u00bfPor qu\u00e9 eligi\u00f3 el rally y no el m\u00e1s popular motociclismo en pista?<\/h2>\n<p>\u00abDespu\u00e9s de varios a\u00f1os derrapando en una competici\u00f3n, empez\u00f3 a aburrirme. En el drifting, los puntos se obtienen por el estilo y por c\u00f3mo se realizan los derrapes, igual que en el patinaje art\u00edstico. Adem\u00e1s, a menudo conduces en las mismas pistas. Lleg\u00f3 un momento en que era demasiado de lo mismo, as\u00ed que era hora de hacer algo diferente. Sol\u00eda conducir todo tipo de veh\u00edculos por prados y pistas de tierra, as\u00ed que la elecci\u00f3n por los rallies no se hizo esperar. Me gusta especialmente la cooperaci\u00f3n con el navegador. Los rallies son un aut\u00e9ntico deporte de equipo, con recorridos muy variados. Tambi\u00e9n hay variaciones entre las superficies por las que se conduce, por lo que es importante tener una buena estrategia de neum\u00e1ticos.\u00bb<\/p>\n<figure class=\"wp-block-image size-content\"><img decoding=\"async\" loading=\"lazy\" width=\"1140\" height=\"760\" src=\"https:\/\/autorai.nl\/wp-content\/uploads\/2023\/04\/bmw-130i-challenge-hank-yn-automotive-foto6-1140x760.jpg\" alt=\"Desaf\u00edo BMW 130i\" class=\"wp-image-156961\"><\/figure>\n<h2>\u00bfPor qu\u00e9 elegiste un BMW 130i Challenge como coche de rally?<\/h2>\n<p>\u00abUna vez tomada la decisi\u00f3n de conducir rallies, obtuvimos la licencia con un Peugeot 206. Una vez obtenido el carn\u00e9, empez\u00f3 la b\u00fasqueda de un coche de rally adecuado. Miramos diferentes tipos de coches, tras lo cual acabamos con un Opel Manta. La elecci\u00f3n estaba casi hecha, cuando el piloto de rallies y preparador profesional Jan Nijhof se estrell\u00f3 con un coche de rallies BMW 130i Challenge. Jan Nijhof decidi\u00f3 vender su coche tras el accidente. Decidimos hacernos cargo del coche y as\u00ed comenz\u00f3 la aventura de rally en la clase de rally 130i Challenge, junto con el navegante Joep. El 130i Challenge es una clase muy divertida, ya que los ocho equipos de rally tienen en l\u00edneas generales el mismo coche. El reparador de rallies Jan Nijhof todav\u00eda nos ayuda aqu\u00ed y all\u00e1 con el coche y con los entresijos del oficio\u00bb.<\/p>\n<h2>\u00bfQu\u00e9 viene despu\u00e9s de la clase de rally 130i Challenge?<\/h2>\n<p>\u00abPrimero quiero ganar esta clase\u00bb, empez\u00f3 Melse. \u00abPrimero quiero terminar esta clase y s\u00f3lo despu\u00e9s buscar otros retos de rallyes divertidos. Si quisi\u00e9ramos pasar a otra clase, nos ir\u00edamos a los veloces coches de rally R5 con motores turboalimentados de cuatro cilindros. Sin embargo, esta clase es muy cara econ\u00f3micamente. Una alternativa m\u00e1s asequible a la clase 130i Challenge es la clase GR Yaris Cup. Estos coches son m\u00e1s lentos en asfalto, pero mucho m\u00e1s r\u00e1pidos en terreno de tierra gracias, entre otras cosas, a la tracci\u00f3n a las cuatro ruedas.\u00bb<\/p>\n<div class=\"galery galery-0\">\n<figure>\n\t\t\t\t\t<span style=\"cursor: pointer\" data-src=\"https:\/\/autorai.nl\/wp-content\/uploads\/2023\/04\/bmw-130i-challenge-hank-yn-automotive-foto10-1600x1067.jpg\" data-fancybox=\"galery-0\" title=\"\"><br \/>\n\t\t\t\t\t\t\t<img decoding=\"async\" width=\"360\" height=\"270\" src=\"https:\/\/autorai.nl\/wp-content\/uploads\/2023\/04\/bmw-130i-challenge-hank-yn-automotive-foto10-360x270.jpg\" class=\"attachment-small size-small\" alt=\"\" loading=\"lazy\"><i class=\"fa fa-search-plus\" aria-hidden=\"true\"><\/i><br \/>\n\t\t\t\t\t\t<\/span><br \/>\n\t\t\t\t\t<\/figure>\n<figure>\n\t\t\t\t\t<span style=\"cursor: pointer\" data-src=\"https:\/\/autorai.nl\/wp-content\/uploads\/2023\/04\/bmw-130i-challenge-hank-yn-automotive-foto8-1600x1067.jpg\" data-fancybox=\"galery-0\" title=\"\"><br \/>\n\t\t\t\t\t\t\t<img decoding=\"async\" width=\"360\" height=\"270\" src=\"https:\/\/autorai.nl\/wp-content\/uploads\/2023\/04\/bmw-130i-challenge-hank-yn-automotive-foto8-360x270.jpg\" class=\"attachment-small size-small\" alt=\"\" loading=\"lazy\"><i class=\"fa fa-search-plus\" aria-hidden=\"true\"><\/i><br \/>\n\t\t\t\t\t\t<\/span><br \/>\n\t\t\t\t\t<\/figure>\n<figure>\n\t\t\t\t\t<span style=\"cursor: pointer\" data-src=\"https:\/\/autorai.nl\/wp-content\/uploads\/2023\/04\/bmw-130i-challenge-hank-yn-automotive-foto9-1600x1067.jpg\" data-fancybox=\"galery-0\" title=\"\"><br \/>\n\t\t\t\t\t\t\t<img decoding=\"async\" width=\"360\" height=\"270\" src=\"https:\/\/autorai.nl\/wp-content\/uploads\/2023\/04\/bmw-130i-challenge-hank-yn-automotive-foto9-360x270.jpg\" class=\"attachment-small size-small\" alt=\"\" loading=\"lazy\"><i class=\"fa fa-search-plus\" aria-hidden=\"true\"><\/i><br \/>\n\t\t\t\t\t\t<\/span><br \/>\n\t\t\t\t\t<\/figure>\n<figure>\n\t\t\t\t\t<span style=\"cursor: pointer\" data-src=\"https:\/\/autorai.nl\/wp-content\/uploads\/2023\/04\/bmw-130i-challenge-hank-yn-automotive-foto3-1600x1067.jpg\" data-fancybox=\"galery-0\" title=\"\"><br \/>\n\t\t\t\t\t\t\t<img decoding=\"async\" width=\"360\" height=\"270\" src=\"https:\/\/autorai.nl\/wp-content\/uploads\/2023\/04\/bmw-130i-challenge-hank-yn-automotive-foto3-360x270.jpg\" class=\"attachment-small size-small\" alt=\"\" loading=\"lazy\"><i class=\"fa fa-search-plus\" aria-hidden=\"true\"><\/i><br \/>\n\t\t\t\t\t\t<\/span><br \/>\n\t\t\t\t\t<\/figure>\n<div class=\"clear\"><\/div>\n<\/div>\n<h2>\u00bfCu\u00e1l es su mejor logro hasta la fecha en los rallies? \u00bfY d\u00f3nde quiere estar dentro de un a\u00f1o?<\/h2>\n<p>\u00abEn nuestro a\u00f1o de debut en la clase de rallyes 130i Challenge, acabamos terceros de ocho equipos participantes, lo que fue un logro muy bonito para nuestra primera temporada. Tambi\u00e9n ganamos el Dwarsliggerstrophy, que es un trofeo por crear el mayor espect\u00e1culo. Dentro de un a\u00f1o, quiero ser campe\u00f3n en la clase de rallyes 130i Challenge. En varias pruebas ya fuimos m\u00e1s r\u00e1pidos que la competencia y aprendimos mucho el a\u00f1o pasado.\u00bb<\/p>\n<p>Si quieres seguir las aventuras de rally de Hank y Joep puedes echar un vistazo a <a href=\"http:\/\/www.instagram.com\/adrenalineracers\" target=\"_blank\" rel=\"noreferrer noopener\"><\/a><a href=\"http:\/\/www.instagram.com\/adrenalineracers\"><br \/>\n  <strong>www.instagram.com\/adrenalineracers<\/strong><br \/>\n<\/a>.<\/p>\n<p><strong>Fotograf\u00eda: <a href=\"https:\/\/www.instagram.com\/yn.automotive\/\" target=\"_blank\" rel=\"noreferrer noopener\">YN Automotive<\/a><\/strong><\/p>\n<figure class=\"wp-block-image size-content\"><img decoding=\"async\" loading=\"lazy\" width=\"855\" height=\"1140\" src=\"https:\/\/autorai.nl\/wp-content\/uploads\/2023\/04\/dwarsliggerbokaal-bmw-130i-challenge-855x1140.jpg\" alt=\"Hank y su copa Dwarsliggers\" class=\"wp-image-156966\"><\/figure>\n","protected":false},"excerpt":{"rendered":"BMW 130i Challenge El coche de rally BMW 130i Challenge est\u00e1 especialmente dise\u00f1ado para pruebas de rally y carreras y&hellip;","protected":false},"author":0,"featured_media":135051,"comment_status":"","ping_status":"open","sticky":false,"template":"","format":"standard","meta":{"footnotes":""},"categories":[129,126],"tags":[],"class_list":["post-135064","post","type-post","status-publish","format-standard","has-post-thumbnail","hentry","category-fondo","category-noticias-de-autos"],"acf":[],"yoast_head":"<!-- This site is optimized with the Yoast SEO plugin v21.2 - https:\/\/yoast.com\/wordpress\/plugins\/seo\/ -->\n<title>Retrato del coche: BMW 130i Challenge Rally de Hank - All cars news<\/title>\n<meta name=\"robots\" content=\"index, follow, max-snippet:-1, max-image-preview:large, max-video-preview:-1\" \/>\n<link rel=\"canonical\" href=\"https:\/\/all-car-news.com\/es\/retrato-del-coche-bmw-130i-challenge-rally-de-hank\/\" \/>\n<meta property=\"og:locale\" content=\"es_ES\" \/>\n<meta property=\"og:type\" content=\"article\" \/>\n<meta property=\"og:title\" content=\"Retrato del coche: BMW 130i Challenge Rally de Hank - All cars news\" \/>\n<meta property=\"og:description\" content=\"BMW 130i Challenge El coche de rally BMW 130i Challenge est\u00e1 especialmente dise\u00f1ado para pruebas de rally y carreras y cuenta con unas especificaciones impresionantes. El coche est\u00e1 propulsado por un motor de gasolina de seis cilindros y 3,0 litros que rinde 265 CV y 315 Nm de par. El coche tiene tracci\u00f3n trasera y est\u00e1 equipado con una transmisi\u00f3n manual de seis velocidades adaptada [...].\" \/>\n<meta property=\"og:url\" content=\"https:\/\/all-car-news.com\/es\/retrato-del-coche-bmw-130i-challenge-rally-de-hank\/\" \/>\n<meta property=\"og:site_name\" content=\"All cars news\" \/>\n<meta property=\"article:published_time\" content=\"2023-04-29T07:13:00+00:00\" \/>\n<meta property=\"og:image\" content=\"https:\/\/autorai.nl\/wp-content\/uploads\/2023\/04\/bmw-130i-challenge-hank-yn-automotive-foto4-1140x760.jpg\" \/>\n<meta name=\"twitter:card\" content=\"summary_large_image\" \/>\n<meta name=\"twitter:label1\" content=\"Tiempo de lectura\" \/>\n\t<meta name=\"twitter:data1\" content=\"4 minutos\" \/>\n<script type=\"application\/ld+json\" class=\"yoast-schema-graph\">{\"@context\":\"https:\/\/schema.org\",\"@graph\":[{\"@type\":\"Article\",\"@id\":\"https:\/\/all-car-news.com\/es\/retrato-del-coche-bmw-130i-challenge-rally-de-hank\/#article\",\"isPartOf\":{\"@id\":\"https:\/\/all-car-news.com\/es\/retrato-del-coche-bmw-130i-challenge-rally-de-hank\/\"},\"author\":{\"name\":\"\",\"@id\":\"\"},\"headline\":\"Retrato del coche: BMW 130i Challenge Rally de Hank\",\"datePublished\":\"2023-04-29T07:13:00+00:00\",\"dateModified\":\"2023-04-29T07:13:00+00:00\",\"mainEntityOfPage\":{\"@id\":\"https:\/\/all-car-news.com\/es\/retrato-del-coche-bmw-130i-challenge-rally-de-hank\/\"},\"wordCount\":855,\"publisher\":{\"@id\":\"https:\/\/all-car-news.com\/es\/#organization\"},\"articleSection\":[\"Fondo\",\"noticias de autos\"],\"inLanguage\":\"es\"},{\"@type\":\"WebPage\",\"@id\":\"https:\/\/all-car-news.com\/es\/retrato-del-coche-bmw-130i-challenge-rally-de-hank\/\",\"url\":\"https:\/\/all-car-news.com\/es\/retrato-del-coche-bmw-130i-challenge-rally-de-hank\/\",\"name\":\"Retrato del coche: BMW 130i Challenge Rally de Hank - All cars news\",\"isPartOf\":{\"@id\":\"https:\/\/all-car-news.com\/es\/#website\"},\"datePublished\":\"2023-04-29T07:13:00+00:00\",\"dateModified\":\"2023-04-29T07:13:00+00:00\",\"breadcrumb\":{\"@id\":\"https:\/\/all-car-news.com\/es\/retrato-del-coche-bmw-130i-challenge-rally-de-hank\/#breadcrumb\"},\"inLanguage\":\"es\",\"potentialAction\":[{\"@type\":\"ReadAction\",\"target\":[\"https:\/\/all-car-news.com\/es\/retrato-del-coche-bmw-130i-challenge-rally-de-hank\/\"]}]},{\"@type\":\"BreadcrumbList\",\"@id\":\"https:\/\/all-car-news.com\/es\/retrato-del-coche-bmw-130i-challenge-rally-de-hank\/#breadcrumb\",\"itemListElement\":[{\"@type\":\"ListItem\",\"position\":1,\"name\":\"Home\",\"item\":\"https:\/\/all-car-news.com\/es\/\"},{\"@type\":\"ListItem\",\"position\":2,\"name\":\"Retrato del coche: BMW 130i Challenge Rally de Hank\"}]},{\"@type\":\"WebSite\",\"@id\":\"https:\/\/all-car-news.com\/es\/#website\",\"url\":\"https:\/\/all-car-news.com\/es\/\",\"name\":\"All cars news\",\"description\":\"\",\"publisher\":{\"@id\":\"https:\/\/all-car-news.com\/es\/#organization\"},\"potentialAction\":[{\"@type\":\"SearchAction\",\"target\":{\"@type\":\"EntryPoint\",\"urlTemplate\":\"https:\/\/all-car-news.com\/es\/?s={search_term_string}\"},\"query-input\":\"required name=search_term_string\"}],\"inLanguage\":\"es\"},{\"@type\":\"Organization\",\"@id\":\"https:\/\/all-car-news.com\/es\/#organization\",\"name\":\"All cars news\",\"url\":\"https:\/\/all-car-news.com\/es\/\",\"logo\":{\"@type\":\"ImageObject\",\"inLanguage\":\"es\",\"@id\":\"https:\/\/all-car-news.com\/es\/#\/schema\/logo\/image\/\",\"url\":\"https:\/\/all-car-news.com\/wp-content\/uploads\/2022\/02\/CMYK-AllCarNews_LANDSCAPE_300px-1.png\",\"contentUrl\":\"https:\/\/all-car-news.com\/wp-content\/uploads\/2022\/02\/CMYK-AllCarNews_LANDSCAPE_300px-1.png\",\"width\":300,\"height\":100,\"caption\":\"All cars news\"},\"image\":{\"@id\":\"https:\/\/all-car-news.com\/es\/#\/schema\/logo\/image\/\"}}]}<\/script>\n<!-- \/ Yoast SEO plugin. -->","yoast_head_json":{"title":"Retrato del coche: BMW 130i Challenge Rally de Hank - All cars news","robots":{"index":"index","follow":"follow","max-snippet":"max-snippet:-1","max-image-preview":"max-image-preview:large","max-video-preview":"max-video-preview:-1"},"canonical":"https:\/\/all-car-news.com\/es\/retrato-del-coche-bmw-130i-challenge-rally-de-hank\/","og_locale":"es_ES","og_type":"article","og_title":"Retrato del coche: BMW 130i Challenge Rally de Hank - All cars news","og_description":"BMW 130i Challenge El coche de rally BMW 130i Challenge est\u00e1 especialmente dise\u00f1ado para pruebas de rally y carreras y cuenta con unas especificaciones impresionantes. El coche est\u00e1 propulsado por un motor de gasolina de seis cilindros y 3,0 litros que rinde 265 CV y 315 Nm de par. El coche tiene tracci\u00f3n trasera y est\u00e1 equipado con una transmisi\u00f3n manual de seis velocidades adaptada [...].","og_url":"https:\/\/all-car-news.com\/es\/retrato-del-coche-bmw-130i-challenge-rally-de-hank\/","og_site_name":"All cars news","article_published_time":"2023-04-29T07:13:00+00:00","og_image":[{"url":"https:\/\/autorai.nl\/wp-content\/uploads\/2023\/04\/bmw-130i-challenge-hank-yn-automotive-foto4-1140x760.jpg"}],"twitter_card":"summary_large_image","twitter_misc":{"Tiempo de lectura":"4 minutos"},"schema":{"@context":"https:\/\/schema.org","@graph":[{"@type":"Article","@id":"https:\/\/all-car-news.com\/es\/retrato-del-coche-bmw-130i-challenge-rally-de-hank\/#article","isPartOf":{"@id":"https:\/\/all-car-news.com\/es\/retrato-del-coche-bmw-130i-challenge-rally-de-hank\/"},"author":{"name":"","@id":""},"headline":"Retrato del coche: BMW 130i Challenge Rally de Hank","datePublished":"2023-04-29T07:13:00+00:00","dateModified":"2023-04-29T07:13:00+00:00","mainEntityOfPage":{"@id":"https:\/\/all-car-news.com\/es\/retrato-del-coche-bmw-130i-challenge-rally-de-hank\/"},"wordCount":855,"publisher":{"@id":"https:\/\/all-car-news.com\/es\/#organization"},"articleSection":["Fondo","noticias de autos"],"inLanguage":"es"},{"@type":"WebPage","@id":"https:\/\/all-car-news.com\/es\/retrato-del-coche-bmw-130i-challenge-rally-de-hank\/","url":"https:\/\/all-car-news.com\/es\/retrato-del-coche-bmw-130i-challenge-rally-de-hank\/","name":"Retrato del coche: BMW 130i Challenge Rally de Hank - All cars news","isPartOf":{"@id":"https:\/\/all-car-news.com\/es\/#website"},"datePublished":"2023-04-29T07:13:00+00:00","dateModified":"2023-04-29T07:13:00+00:00","breadcrumb":{"@id":"https:\/\/all-car-news.com\/es\/retrato-del-coche-bmw-130i-challenge-rally-de-hank\/#breadcrumb"},"inLanguage":"es","potentialAction":[{"@type":"ReadAction","target":["https:\/\/all-car-news.com\/es\/retrato-del-coche-bmw-130i-challenge-rally-de-hank\/"]}]},{"@type":"BreadcrumbList","@id":"https:\/\/all-car-news.com\/es\/retrato-del-coche-bmw-130i-challenge-rally-de-hank\/#breadcrumb","itemListElement":[{"@type":"ListItem","position":1,"name":"Home","item":"https:\/\/all-car-news.com\/es\/"},{"@type":"ListItem","position":2,"name":"Retrato del coche: BMW 130i Challenge Rally de Hank"}]},{"@type":"WebSite","@id":"https:\/\/all-car-news.com\/es\/#website","url":"https:\/\/all-car-news.com\/es\/","name":"All cars news","description":"","publisher":{"@id":"https:\/\/all-car-news.com\/es\/#organization"},"potentialAction":[{"@type":"SearchAction","target":{"@type":"EntryPoint","urlTemplate":"https:\/\/all-car-news.com\/es\/?s={search_term_string}"},"query-input":"required name=search_term_string"}],"inLanguage":"es"},{"@type":"Organization","@id":"https:\/\/all-car-news.com\/es\/#organization","name":"All cars news","url":"https:\/\/all-car-news.com\/es\/","logo":{"@type":"ImageObject","inLanguage":"es","@id":"https:\/\/all-car-news.com\/es\/#\/schema\/logo\/image\/","url":"https:\/\/all-car-news.com\/wp-content\/uploads\/2022\/02\/CMYK-AllCarNews_LANDSCAPE_300px-1.png","contentUrl":"https:\/\/all-car-news.com\/wp-content\/uploads\/2022\/02\/CMYK-AllCarNews_LANDSCAPE_300px-1.png","width":300,"height":100,"caption":"All cars news"},"image":{"@id":"https:\/\/all-car-news.com\/es\/#\/schema\/logo\/image\/"}}]}},"_links":{"self":[{"href":"https:\/\/all-car-news.com\/es\/wp-json\/wp\/v2\/posts\/135064","targetHints":{"allow":["GET"]}}],"collection":[{"href":"https:\/\/all-car-news.com\/es\/wp-json\/wp\/v2\/posts"}],"about":[{"href":"https:\/\/all-car-news.com\/es\/wp-json\/wp\/v2\/types\/post"}],"replies":[{"embeddable":true,"href":"https:\/\/all-car-news.com\/es\/wp-json\/wp\/v2\/comments?post=135064"}],"version-history":[{"count":0,"href":"https:\/\/all-car-news.com\/es\/wp-json\/wp\/v2\/posts\/135064\/revisions"}],"wp:featuredmedia":[{"embeddable":true,"href":"https:\/\/all-car-news.com\/es\/wp-json\/wp\/v2\/media\/135051"}],"wp:attachment":[{"href":"https:\/\/all-car-news.com\/es\/wp-json\/wp\/v2\/media?parent=135064"}],"wp:term":[{"taxonomy":"category","embeddable":true,"href":"https:\/\/all-car-news.com\/es\/wp-json\/wp\/v2\/categories?post=135064"},{"taxonomy":"post_tag","embeddable":true,"href":"https:\/\/all-car-news.com\/es\/wp-json\/wp\/v2\/tags?post=135064"}],"curies":[{"name":"wp","href":"https:\/\/api.w.org\/{rel}","templated":true}]}}