{"id":135032,"date":"2023-04-28T08:25:49","date_gmt":"2023-04-28T08:25:49","guid":{"rendered":"https:\/\/all-car-news.com\/nevs-emily-gt-el-saab-electrico-secreto-que-nunca-llego\/"},"modified":"2023-04-28T08:25:49","modified_gmt":"2023-04-28T08:25:49","slug":"nevs-emily-gt-el-saab-electrico-secreto-que-nunca-llego","status":"publish","type":"post","link":"https:\/\/all-car-news.com\/es\/nevs-emily-gt-el-saab-electrico-secreto-que-nunca-llego\/","title":{"rendered":"NEVS Emily GT: el SAAB el\u00e9ctrico secreto que nunca lleg\u00f3"},"content":{"rendered":"<h2>NEVS Emily GT<\/h2>\n<p>Despu\u00e9s de todo, el NEVS Emily GT se muestra al mundo. El coche, que se desarroll\u00f3 en s\u00f3lo cinco meses, se basa en gran medida en el Saab 9-5 en t\u00e9rminos de dise\u00f1o, pero con influencias modernas. Aqu\u00ed y all\u00e1, incluso detectamos algunos rasgos de dise\u00f1o de un Aston Martin Rapide.  <\/p>\n<h2>Casi 1.000 kil\u00f3metros de autonom\u00eda<\/h2>\n<p>No s\u00f3lo est\u00e9ticamente, esta Emily es impresionante. Este \u00abSAAB\u00bb tambi\u00e9n impresiona a nivel t\u00e9cnico. Cuenta con cuatro motores el\u00e9ctricos y una bater\u00eda lo suficientemente grande para una autonom\u00eda de hasta 948 kil\u00f3metros.<\/p>\n<figure class=\"wp-block-image size-content\"><img decoding=\"async\" loading=\"lazy\" width=\"1140\" height=\"713\" src=\"https:\/\/autorai.nl\/wp-content\/uploads\/2023\/04\/NEVS-project-emily2-1140x713.jpg\" alt=\"\" class=\"wp-image-157486\"><\/figure>\n<h2>350 personas<\/h2>\n<p>Adem\u00e1s, Christian von Koenigsegg -el hombre detr\u00e1s del fabricante de hipercoches Koenigsegg- particip\u00f3 en el proyecto. El coche fue desarrollado por un equipo de 350 personas, pero finalmente nunca lleg\u00f3 a fabricarse. Sin embargo, esto \u00faltimo puede cambiar, ya que NEVS tambi\u00e9n puede revender el coche a\u00fan no desarrollado a otra parte con suficiente influencia financiera para construir el coche.<\/p>\n<h2>Nina Selander, Directora General de NEVS<\/h2>\n<p>En declaraciones a <a href=\"https:\/\/www.saabplanet.com\/uncovering-the-secret-project-nevs-emily-gt-top-secret-electric-sports-gt-from-trollhattan\/\" target=\"_blank\" rel=\"noreferrer noopener\">Saab Planet<\/a>, la consejera delegada de NEVS, Nina Selander, afirma que el Emily GT podr\u00eda atraer la atenci\u00f3n de clientes potenciales interesados en deportivos GT con propulsi\u00f3n el\u00e9ctrica. Entre los compradores potenciales tambi\u00e9n podr\u00edan figurar fabricantes de autom\u00f3viles ya existentes que deseen entrar en el mercado de los veh\u00edculos el\u00e9ctricos o ampliar su oferta de autom\u00f3viles el\u00e9ctricos. El futuro del Emily GT depende del inter\u00e9s de los compradores potenciales y de la estrategia que NEVS o un posible nuevo propietario adopte para el desarrollo ulterior de este coche. Dado el creciente inter\u00e9s por los veh\u00edculos el\u00e9ctricos en todo el mundo, el Emily GT a\u00fan puede tener posibilidades de \u00e9xito en las manos adecuadas.<\/p>\n<p>Vea a continuaci\u00f3n una serie de tres v\u00eddeos del NEVS Emily GT<\/p>\n<h2>V\u00cdDEO 1: Dise\u00f1o NEVS Emily GT<\/h2>\n<\/p>\n<figure class=\"wp-block-embed is-type-video is-provider-youtube wp-block-embed-youtube wp-embed-aspect-16-9 wp-has-aspect-ratio\">\n<div class=\"wp-block-embed__wrapper\">\n<\/div>\n<\/figure>\n<h2>V\u00cdDEO 2: Desarrollo Emily GT<\/h2>\n<\/p>\n<figure class=\"wp-block-embed is-type-video is-provider-youtube wp-block-embed-youtube wp-embed-aspect-16-9 wp-has-aspect-ratio\">\n<div class=\"wp-block-embed__wrapper\">\n<\/div>\n<\/figure>\n<h2>V\u00cdDEO 3: Conducci\u00f3n del Emily GT<\/h2>\n<\/p>\n<figure class=\"wp-block-embed is-type-video is-provider-youtube wp-block-embed-youtube wp-embed-aspect-16-9 wp-has-aspect-ratio\">\n<div class=\"wp-block-embed__wrapper\">\n<\/div>\n<\/figure>\n<blockquote class=\"instagram-media\" data-instgrm-captioned=\"\" data-instgrm-permalink=\"https:\/\/www.instagram.com\/p\/CrgJMOZoks8\/?utm_source=ig_embed&amp;utm_campaign=loading\" data-instgrm-version=\"14\" style=\"background:#FFF;border:0;border-radius:3px;margin: 1px;max-width:540px;min-width:326px;padding:0;width:99.375%;width:-webkit-calc(100% - 2px);width:calc(100% - 2px)\">\n<div style=\"padding:16px\"> <a href=\"https:\/\/www.instagram.com\/p\/CrgJMOZoks8\/?utm_source=ig_embed&amp;utm_campaign=loading\" style=\"background:#FFFFFF;line-height:0;padding:0 0;text-align:center;text-decoration:none;width:100%\" target=\"_blank\" rel=\"noopener\"> <\/p>\n<div style=\"flex-direction: row;align-items: center\">\n<div style=\"background-color: #F4F4F4;border-radius: 50%;flex-grow: 0;height: 40px;margin-right: 14px;width: 40px\"><\/div>\n<div style=\"flex-direction: column;flex-grow: 1;justify-content: center\">\n<div style=\"background-color: #F4F4F4;border-radius: 4px;flex-grow: 0;height: 14px;margin-bottom: 6px;width: 100px\"><\/div>\n<div style=\"background-color: #F4F4F4;border-radius: 4px;flex-grow: 0;height: 14px;width: 60px\"><\/div>\n<\/div>\n<\/div>\n<div style=\"padding: 19% 0\"><\/div>\n<div style=\"height:50px;margin:0 auto 12px;width:50px\"><\/div>\n<div style=\"padding-top: 8px\">\n<div style=\"color:#3897f0;font-family:Arial,sans-serif;font-size:14px;font-style:normal;font-weight:550;line-height:18px\">Ver esta publicaci\u00f3n en Instagram<\/div>\n<\/div>\n<div style=\"padding: 12.5% 0\"><\/div>\n<div style=\"flex-direction: row;margin-bottom: 14px;align-items: center\">\n<div>\n<div style=\"background-color: #F4F4F4;border-radius: 50%;height: 12.5px;width: 12.5px\"><\/div>\n<div style=\"background-color: #F4F4F4;height: 12.5px;width: 12.5px;flex-grow: 0;margin-right: 14px;margin-left: 2px\"><\/div>\n<div style=\"background-color: #F4F4F4;border-radius: 50%;height: 12.5px;width: 12.5px\"><\/div>\n<\/div>\n<div style=\"margin-left: 8px\">\n<div style=\"background-color: #F4F4F4;border-radius: 50%;flex-grow: 0;height: 20px;width: 20px\"><\/div>\n<div style=\"width: 0;height: 0;border-top: 2px solid transparent;border-left: 6px solid #f4f4f4;border-bottom: 2px solid transparent\"><\/div>\n<\/div>\n<div style=\"margin-left: auto\">\n<div style=\"width: 0px;border-top: 8px solid #F4F4F4;border-right: 8px solid transparent\"><\/div>\n<div style=\"background-color: #F4F4F4;flex-grow: 0;height: 12px;width: 16px\"><\/div>\n<div style=\"width: 0;height: 0;border-top: 8px solid #F4F4F4;border-left: 8px solid transparent\"><\/div>\n<\/div>\n<\/div>\n<div style=\"flex-direction: column;flex-grow: 1;justify-content: center;margin-bottom: 24px\">\n<div style=\"background-color: #F4F4F4;border-radius: 4px;flex-grow: 0;height: 14px;margin-bottom: 6px;width: 224px\"><\/div>\n<div style=\"background-color: #F4F4F4;border-radius: 4px;flex-grow: 0;height: 14px;width: 144px\"><\/div>\n<\/div>\n<p><\/a><\/p>\n<p style=\"color:#c9c8cd;font-family:Arial,sans-serif;font-size:14px;line-height:17px;margin-bottom:0;margin-top:8px;overflow:hidden;padding:8px 0 7px;text-align:center\"><a href=\"https:\/\/www.instagram.com\/p\/CrgJMOZoks8\/?utm_source=ig_embed&amp;utm_campaign=loading\" style=\"color:#c9c8cd;font-family:Arial,sans-serif;font-size:14px;font-style:normal;font-weight:normal;line-height:17px;text-decoration:none\" target=\"_blank\" rel=\"noopener\">Una publicaci\u00f3n compartida por Plint Marketing (@plintmarketing)<\/a><\/p>\n<\/div>\n<\/blockquote>\n","protected":false},"excerpt":{"rendered":"NEVS Emily GT El NEVS Emily GT se muestra al mundo despu\u00e9s de todo. El coche -desarrollado en s\u00f3lo cinco&hellip;","protected":false},"author":0,"featured_media":135017,"comment_status":"","ping_status":"open","sticky":false,"template":"","format":"standard","meta":{"footnotes":""},"categories":[129,126],"tags":[],"class_list":["post-135032","post","type-post","status-publish","format-standard","has-post-thumbnail","hentry","category-fondo","category-noticias-de-autos"],"acf":[],"yoast_head":"<!-- This site is optimized with the Yoast SEO plugin v21.2 - https:\/\/yoast.com\/wordpress\/plugins\/seo\/ -->\n<title>NEVS Emily GT: el SAAB el\u00e9ctrico secreto que nunca lleg\u00f3 - All cars news<\/title>\n<meta name=\"robots\" content=\"index, follow, max-snippet:-1, max-image-preview:large, max-video-preview:-1\" \/>\n<link rel=\"canonical\" href=\"https:\/\/all-car-news.com\/es\/nevs-emily-gt-el-saab-electrico-secreto-que-nunca-llego\/\" \/>\n<meta property=\"og:locale\" content=\"es_ES\" \/>\n<meta property=\"og:type\" content=\"article\" \/>\n<meta property=\"og:title\" content=\"NEVS Emily GT: el SAAB el\u00e9ctrico secreto que nunca lleg\u00f3 - All cars news\" \/>\n<meta property=\"og:description\" content=\"NEVS Emily GT El NEVS Emily GT se muestra al mundo despu\u00e9s de todo. El coche -desarrollado en s\u00f3lo cinco meses- se basa en gran medida en el Saab 9-5 en t\u00e9rminos de dise\u00f1o, pero con influencias modernas. Aqu\u00ed y all\u00e1, incluso detectamos algunos rasgos de dise\u00f1o de un Aston Martin Rapide. Casi [...]\" \/>\n<meta property=\"og:url\" content=\"https:\/\/all-car-news.com\/es\/nevs-emily-gt-el-saab-electrico-secreto-que-nunca-llego\/\" \/>\n<meta property=\"og:site_name\" content=\"All cars news\" \/>\n<meta property=\"article:published_time\" content=\"2023-04-28T08:25:49+00:00\" \/>\n<meta property=\"og:image\" content=\"https:\/\/autorai.nl\/wp-content\/uploads\/2023\/04\/NEVS-project-emily2-1140x713.jpg\" \/>\n<meta name=\"twitter:card\" content=\"summary_large_image\" \/>\n<meta name=\"twitter:label1\" content=\"Tiempo de lectura\" \/>\n\t<meta name=\"twitter:data1\" content=\"2 minutos\" \/>\n<script type=\"application\/ld+json\" class=\"yoast-schema-graph\">{\"@context\":\"https:\/\/schema.org\",\"@graph\":[{\"@type\":\"Article\",\"@id\":\"https:\/\/all-car-news.com\/es\/nevs-emily-gt-el-saab-electrico-secreto-que-nunca-llego\/#article\",\"isPartOf\":{\"@id\":\"https:\/\/all-car-news.com\/es\/nevs-emily-gt-el-saab-electrico-secreto-que-nunca-llego\/\"},\"author\":{\"name\":\"\",\"@id\":\"\"},\"headline\":\"NEVS Emily GT: el SAAB el\u00e9ctrico secreto que nunca lleg\u00f3\",\"datePublished\":\"2023-04-28T08:25:49+00:00\",\"dateModified\":\"2023-04-28T08:25:49+00:00\",\"mainEntityOfPage\":{\"@id\":\"https:\/\/all-car-news.com\/es\/nevs-emily-gt-el-saab-electrico-secreto-que-nunca-llego\/\"},\"wordCount\":364,\"publisher\":{\"@id\":\"https:\/\/all-car-news.com\/es\/#organization\"},\"articleSection\":[\"Fondo\",\"noticias de autos\"],\"inLanguage\":\"es\"},{\"@type\":\"WebPage\",\"@id\":\"https:\/\/all-car-news.com\/es\/nevs-emily-gt-el-saab-electrico-secreto-que-nunca-llego\/\",\"url\":\"https:\/\/all-car-news.com\/es\/nevs-emily-gt-el-saab-electrico-secreto-que-nunca-llego\/\",\"name\":\"NEVS Emily GT: el SAAB el\u00e9ctrico secreto que nunca lleg\u00f3 - All cars news\",\"isPartOf\":{\"@id\":\"https:\/\/all-car-news.com\/es\/#website\"},\"datePublished\":\"2023-04-28T08:25:49+00:00\",\"dateModified\":\"2023-04-28T08:25:49+00:00\",\"breadcrumb\":{\"@id\":\"https:\/\/all-car-news.com\/es\/nevs-emily-gt-el-saab-electrico-secreto-que-nunca-llego\/#breadcrumb\"},\"inLanguage\":\"es\",\"potentialAction\":[{\"@type\":\"ReadAction\",\"target\":[\"https:\/\/all-car-news.com\/es\/nevs-emily-gt-el-saab-electrico-secreto-que-nunca-llego\/\"]}]},{\"@type\":\"BreadcrumbList\",\"@id\":\"https:\/\/all-car-news.com\/es\/nevs-emily-gt-el-saab-electrico-secreto-que-nunca-llego\/#breadcrumb\",\"itemListElement\":[{\"@type\":\"ListItem\",\"position\":1,\"name\":\"Home\",\"item\":\"https:\/\/all-car-news.com\/es\/\"},{\"@type\":\"ListItem\",\"position\":2,\"name\":\"NEVS Emily GT: el SAAB el\u00e9ctrico secreto que nunca lleg\u00f3\"}]},{\"@type\":\"WebSite\",\"@id\":\"https:\/\/all-car-news.com\/es\/#website\",\"url\":\"https:\/\/all-car-news.com\/es\/\",\"name\":\"All cars news\",\"description\":\"\",\"publisher\":{\"@id\":\"https:\/\/all-car-news.com\/es\/#organization\"},\"potentialAction\":[{\"@type\":\"SearchAction\",\"target\":{\"@type\":\"EntryPoint\",\"urlTemplate\":\"https:\/\/all-car-news.com\/es\/?s={search_term_string}\"},\"query-input\":\"required name=search_term_string\"}],\"inLanguage\":\"es\"},{\"@type\":\"Organization\",\"@id\":\"https:\/\/all-car-news.com\/es\/#organization\",\"name\":\"All cars news\",\"url\":\"https:\/\/all-car-news.com\/es\/\",\"logo\":{\"@type\":\"ImageObject\",\"inLanguage\":\"es\",\"@id\":\"https:\/\/all-car-news.com\/es\/#\/schema\/logo\/image\/\",\"url\":\"https:\/\/all-car-news.com\/wp-content\/uploads\/2022\/02\/CMYK-AllCarNews_LANDSCAPE_300px-1.png\",\"contentUrl\":\"https:\/\/all-car-news.com\/wp-content\/uploads\/2022\/02\/CMYK-AllCarNews_LANDSCAPE_300px-1.png\",\"width\":300,\"height\":100,\"caption\":\"All cars news\"},\"image\":{\"@id\":\"https:\/\/all-car-news.com\/es\/#\/schema\/logo\/image\/\"}}]}<\/script>\n<!-- \/ Yoast SEO plugin. -->","yoast_head_json":{"title":"NEVS Emily GT: el SAAB el\u00e9ctrico secreto que nunca lleg\u00f3 - All cars news","robots":{"index":"index","follow":"follow","max-snippet":"max-snippet:-1","max-image-preview":"max-image-preview:large","max-video-preview":"max-video-preview:-1"},"canonical":"https:\/\/all-car-news.com\/es\/nevs-emily-gt-el-saab-electrico-secreto-que-nunca-llego\/","og_locale":"es_ES","og_type":"article","og_title":"NEVS Emily GT: el SAAB el\u00e9ctrico secreto que nunca lleg\u00f3 - All cars news","og_description":"NEVS Emily GT El NEVS Emily GT se muestra al mundo despu\u00e9s de todo. El coche -desarrollado en s\u00f3lo cinco meses- se basa en gran medida en el Saab 9-5 en t\u00e9rminos de dise\u00f1o, pero con influencias modernas. Aqu\u00ed y all\u00e1, incluso detectamos algunos rasgos de dise\u00f1o de un Aston Martin Rapide. Casi [...]","og_url":"https:\/\/all-car-news.com\/es\/nevs-emily-gt-el-saab-electrico-secreto-que-nunca-llego\/","og_site_name":"All cars news","article_published_time":"2023-04-28T08:25:49+00:00","og_image":[{"url":"https:\/\/autorai.nl\/wp-content\/uploads\/2023\/04\/NEVS-project-emily2-1140x713.jpg"}],"twitter_card":"summary_large_image","twitter_misc":{"Tiempo de lectura":"2 minutos"},"schema":{"@context":"https:\/\/schema.org","@graph":[{"@type":"Article","@id":"https:\/\/all-car-news.com\/es\/nevs-emily-gt-el-saab-electrico-secreto-que-nunca-llego\/#article","isPartOf":{"@id":"https:\/\/all-car-news.com\/es\/nevs-emily-gt-el-saab-electrico-secreto-que-nunca-llego\/"},"author":{"name":"","@id":""},"headline":"NEVS Emily GT: el SAAB el\u00e9ctrico secreto que nunca lleg\u00f3","datePublished":"2023-04-28T08:25:49+00:00","dateModified":"2023-04-28T08:25:49+00:00","mainEntityOfPage":{"@id":"https:\/\/all-car-news.com\/es\/nevs-emily-gt-el-saab-electrico-secreto-que-nunca-llego\/"},"wordCount":364,"publisher":{"@id":"https:\/\/all-car-news.com\/es\/#organization"},"articleSection":["Fondo","noticias de autos"],"inLanguage":"es"},{"@type":"WebPage","@id":"https:\/\/all-car-news.com\/es\/nevs-emily-gt-el-saab-electrico-secreto-que-nunca-llego\/","url":"https:\/\/all-car-news.com\/es\/nevs-emily-gt-el-saab-electrico-secreto-que-nunca-llego\/","name":"NEVS Emily GT: el SAAB el\u00e9ctrico secreto que nunca lleg\u00f3 - All cars news","isPartOf":{"@id":"https:\/\/all-car-news.com\/es\/#website"},"datePublished":"2023-04-28T08:25:49+00:00","dateModified":"2023-04-28T08:25:49+00:00","breadcrumb":{"@id":"https:\/\/all-car-news.com\/es\/nevs-emily-gt-el-saab-electrico-secreto-que-nunca-llego\/#breadcrumb"},"inLanguage":"es","potentialAction":[{"@type":"ReadAction","target":["https:\/\/all-car-news.com\/es\/nevs-emily-gt-el-saab-electrico-secreto-que-nunca-llego\/"]}]},{"@type":"BreadcrumbList","@id":"https:\/\/all-car-news.com\/es\/nevs-emily-gt-el-saab-electrico-secreto-que-nunca-llego\/#breadcrumb","itemListElement":[{"@type":"ListItem","position":1,"name":"Home","item":"https:\/\/all-car-news.com\/es\/"},{"@type":"ListItem","position":2,"name":"NEVS Emily GT: el SAAB el\u00e9ctrico secreto que nunca lleg\u00f3"}]},{"@type":"WebSite","@id":"https:\/\/all-car-news.com\/es\/#website","url":"https:\/\/all-car-news.com\/es\/","name":"All cars news","description":"","publisher":{"@id":"https:\/\/all-car-news.com\/es\/#organization"},"potentialAction":[{"@type":"SearchAction","target":{"@type":"EntryPoint","urlTemplate":"https:\/\/all-car-news.com\/es\/?s={search_term_string}"},"query-input":"required name=search_term_string"}],"inLanguage":"es"},{"@type":"Organization","@id":"https:\/\/all-car-news.com\/es\/#organization","name":"All cars news","url":"https:\/\/all-car-news.com\/es\/","logo":{"@type":"ImageObject","inLanguage":"es","@id":"https:\/\/all-car-news.com\/es\/#\/schema\/logo\/image\/","url":"https:\/\/all-car-news.com\/wp-content\/uploads\/2022\/02\/CMYK-AllCarNews_LANDSCAPE_300px-1.png","contentUrl":"https:\/\/all-car-news.com\/wp-content\/uploads\/2022\/02\/CMYK-AllCarNews_LANDSCAPE_300px-1.png","width":300,"height":100,"caption":"All cars news"},"image":{"@id":"https:\/\/all-car-news.com\/es\/#\/schema\/logo\/image\/"}}]}},"_links":{"self":[{"href":"https:\/\/all-car-news.com\/es\/wp-json\/wp\/v2\/posts\/135032","targetHints":{"allow":["GET"]}}],"collection":[{"href":"https:\/\/all-car-news.com\/es\/wp-json\/wp\/v2\/posts"}],"about":[{"href":"https:\/\/all-car-news.com\/es\/wp-json\/wp\/v2\/types\/post"}],"replies":[{"embeddable":true,"href":"https:\/\/all-car-news.com\/es\/wp-json\/wp\/v2\/comments?post=135032"}],"version-history":[{"count":0,"href":"https:\/\/all-car-news.com\/es\/wp-json\/wp\/v2\/posts\/135032\/revisions"}],"wp:featuredmedia":[{"embeddable":true,"href":"https:\/\/all-car-news.com\/es\/wp-json\/wp\/v2\/media\/135017"}],"wp:attachment":[{"href":"https:\/\/all-car-news.com\/es\/wp-json\/wp\/v2\/media?parent=135032"}],"wp:term":[{"taxonomy":"category","embeddable":true,"href":"https:\/\/all-car-news.com\/es\/wp-json\/wp\/v2\/categories?post=135032"},{"taxonomy":"post_tag","embeddable":true,"href":"https:\/\/all-car-news.com\/es\/wp-json\/wp\/v2\/tags?post=135032"}],"curies":[{"name":"wp","href":"https:\/\/api.w.org\/{rel}","templated":true}]}}