{"id":134624,"date":"2023-04-18T11:37:52","date_gmt":"2023-04-18T11:37:52","guid":{"rendered":"https:\/\/all-car-news.com\/el-primer-maybach-electrico-el-suv-eqs-680\/"},"modified":"2023-04-18T11:37:52","modified_gmt":"2023-04-18T11:37:52","slug":"el-primer-maybach-electrico-el-suv-eqs-680","status":"publish","type":"post","link":"https:\/\/all-car-news.com\/es\/el-primer-maybach-electrico-el-suv-eqs-680\/","title":{"rendered":"El primer Maybach el\u00e9ctrico: el SUV EQS 680"},"content":{"rendered":"<h2>Electrificaci\u00f3n<\/h2>\n<p>En Maybach las cosas tambi\u00e9n van deprisa. En febrero, la marca mostr\u00f3 por primera vez un modelo enchufable: el Mercedes-Maybach <a href=\"https:\/\/autorai.nl\/dit-is-de-eerste-plug-in-hybrid-van-mercedes-maybach\/\">S 580 e h\u00edbrido enchufable<\/a>. Ahora, la marca presenta su primer modelo totalmente el\u00e9ctrico: el SUV Mercedes-Maybach EQS. La marca ha llenado el SUV EQS de extras de lujo y tambi\u00e9n ha vestido el exterior con un extra de elegancia.  <\/p>\n<figure class=\"wp-block-image size-content\"><img decoding=\"async\" loading=\"lazy\" width=\"1140\" height=\"760\" src=\"https:\/\/autorai.nl\/wp-content\/uploads\/2023\/04\/Maybach-EQS-5-1140x760.jpg\" alt=\"\" class=\"wp-image-156689\"><figcaption> <\/figcaption><\/figure>\n<h2>Exterior<\/h2>\n<p>Con el exterior, empecemos de inmediato. La versi\u00f3n Maybach del EQS se reconoce por una \u00abparrilla\u00bb con aletas cromadas. La decoraci\u00f3n cromada de la parrilla no tiene ninguna funci\u00f3n, pero es evidente que resulta elegante. Eso cuenta, por supuesto. Tambi\u00e9n hay algunos elementos decorativos adicionales en el parachoques y en las tomas de aire no funcionales detectamos muchos logotipos Maybach. Las molduras de las ventanillas se han sustituido por otras cromadas y el coche monta llantas de 22 pulgadas.<\/p>\n<figure class=\"wp-block-image size-content\"><img decoding=\"async\" loading=\"lazy\" width=\"1140\" height=\"760\" src=\"https:\/\/autorai.nl\/wp-content\/uploads\/2023\/04\/Maybach-EQS-7-1140x760.jpg\" alt=\"\" class=\"wp-image-156690\"><figcaption> <\/figcaption><\/figure>\n<h2>Interior<\/h2>\n<p>En el interior encontrar\u00e1, por supuesto, materiales de alta calidad como cuero Nappa y mucha madera. Por supuesto, tambi\u00e9n est\u00e1 presente la <a href=\"https:\/\/www.youtube.com\/watch?v=u3Egu9pHKcw&amp;t=128s&amp;ab_channel=AutoRAITV\">pantalla MBUX Hyperscreen<\/a>, con animaciones especiales de arranque y un color azul intenso exclusivo de Mercedes-Maybach. En la parte trasera hay dos \u00abasientos ejecutivos\u00bb que, al igual que los delanteros, disponen de ventilaci\u00f3n, masaje y calefacci\u00f3n para cuello y hombros.  <\/p>\n<figure class=\"wp-block-image size-content\"><img decoding=\"async\" loading=\"lazy\" width=\"1140\" height=\"760\" src=\"https:\/\/autorai.nl\/wp-content\/uploads\/2023\/04\/Maybach-EQS-2-1140x760.jpg\" alt=\"\" class=\"wp-image-156691\"><figcaption> <\/figcaption><\/figure>\n<p>Adem\u00e1s, el asiento derecho tambi\u00e9n dispone de una funci\u00f3n para el conductor por la que el asiento del pasajero delantero se desliza autom\u00e1ticamente hacia delante, lo que permite al pasajero trasero estirar las piernas y casi estirarse. Como opci\u00f3n, tambi\u00e9n existe un compartimento trasero First Class, en el que la consola central contin\u00faa de delante a atr\u00e1s como un neum\u00e1tico flotante. Tambi\u00e9n hay disponibles mesas plegables para la consola central, un compartimento refrigerado y copas de champ\u00e1n ba\u00f1adas en plata. Gracias en parte al cristal laminado ac\u00fasticamente eficaz y al aislamiento adicional, el EQS es silencioso como un rat\u00f3n.<\/p>\n<figure class=\"wp-block-image size-content\"><img decoding=\"async\" loading=\"lazy\" width=\"1140\" height=\"760\" src=\"https:\/\/autorai.nl\/wp-content\/uploads\/2023\/04\/Maybach-EQS-3-1140x760.jpg\" alt=\"\" class=\"wp-image-156692\"><figcaption> <\/figcaption><\/figure>\n<h2>M\u00e1s fuerte<\/h2>\n<p>La versi\u00f3n Maybach del coche tiene m\u00e1s potencia que el SUV EQS normal. El SUV EQS 680 cuenta con 658 CV y 950 Nm de par, mientras que el SUV normal Mercedes-Benz EQS 580 \u00abs\u00f3lo\u00bb tiene que conformarse con 544 CV y 858 Nm. Como resultado, la versi\u00f3n Maybach acelera de 0 a 100 km\/h en s\u00f3lo 4,4 segundos. A pesar de su mayor potencia, Mercedes-Maybach promete que este coche seguir\u00e1 siendo m\u00e1s econ\u00f3mico. Esto se debe a que el motor el\u00e9ctrico delantero cuenta con el mismo sistema de desacoplamiento que el SUV EQE, lo que permite desconectar por completo la fuente de energ\u00eda cuando se necesita poca potencia. Esto promete una autonom\u00eda de 600 kil\u00f3metros.<\/p>\n<p>Lea tambi\u00e9n:<\/p>\n<figure class=\"wp-block-embed is-type-wp-embed is-provider-autorai-nl wp-block-embed-autorai-nl\">\n<div class=\"wp-block-embed__wrapper\">\n<blockquote class=\"wp-embedded-content\" data-secret=\"8BDZouodFM\"><p><a href=\"https:\/\/autorai.nl\/dit-is-de-eerste-plug-in-hybrid-van-mercedes-maybach\/\">Este es el primer Mercedes Maybach con enchufe<\/a><\/p><\/blockquote>\n<\/div>\n<\/figure>\n","protected":false},"excerpt":{"rendered":"Electrificaci\u00f3n Las cosas tambi\u00e9n van deprisa en Maybach. En febrero, la marca mostr\u00f3 por primera vez un modelo enchufable: el&hellip;","protected":false},"author":0,"featured_media":134594,"comment_status":"","ping_status":"open","sticky":false,"template":"","format":"standard","meta":{"footnotes":""},"categories":[126],"tags":[],"class_list":["post-134624","post","type-post","status-publish","format-standard","has-post-thumbnail","hentry","category-noticias-de-autos"],"acf":[],"yoast_head":"<!-- This site is optimized with the Yoast SEO plugin v21.2 - https:\/\/yoast.com\/wordpress\/plugins\/seo\/ -->\n<title>El primer Maybach el\u00e9ctrico: el SUV EQS 680 - All cars news<\/title>\n<meta name=\"robots\" content=\"index, follow, max-snippet:-1, max-image-preview:large, max-video-preview:-1\" \/>\n<link rel=\"canonical\" href=\"https:\/\/all-car-news.com\/es\/el-primer-maybach-electrico-el-suv-eqs-680\/\" \/>\n<meta property=\"og:locale\" content=\"es_ES\" \/>\n<meta property=\"og:type\" content=\"article\" \/>\n<meta property=\"og:title\" content=\"El primer Maybach el\u00e9ctrico: el SUV EQS 680 - All cars news\" \/>\n<meta property=\"og:description\" content=\"Electrificaci\u00f3n Las cosas tambi\u00e9n van deprisa en Maybach. En febrero, la marca mostr\u00f3 por primera vez un modelo enchufable: el Mercedes-Maybach S 580 e h\u00edbrido enchufable. Ahora, la marca presenta su primer modelo totalmente el\u00e9ctrico: el SUV Mercedes-Maybach EQS. La marca ha llenado el SUV EQS de lujosos [...]\" \/>\n<meta property=\"og:url\" content=\"https:\/\/all-car-news.com\/es\/el-primer-maybach-electrico-el-suv-eqs-680\/\" \/>\n<meta property=\"og:site_name\" content=\"All cars news\" \/>\n<meta property=\"article:published_time\" content=\"2023-04-18T11:37:52+00:00\" \/>\n<meta property=\"og:image\" content=\"https:\/\/autorai.nl\/wp-content\/uploads\/2023\/04\/Maybach-EQS-5-1140x760.jpg\" \/>\n<meta name=\"twitter:card\" content=\"summary_large_image\" \/>\n<meta name=\"twitter:label1\" content=\"Tiempo de lectura\" \/>\n\t<meta name=\"twitter:data1\" content=\"2 minutos\" \/>\n<script type=\"application\/ld+json\" class=\"yoast-schema-graph\">{\"@context\":\"https:\/\/schema.org\",\"@graph\":[{\"@type\":\"Article\",\"@id\":\"https:\/\/all-car-news.com\/es\/el-primer-maybach-electrico-el-suv-eqs-680\/#article\",\"isPartOf\":{\"@id\":\"https:\/\/all-car-news.com\/es\/el-primer-maybach-electrico-el-suv-eqs-680\/\"},\"author\":{\"name\":\"\",\"@id\":\"\"},\"headline\":\"El primer Maybach el\u00e9ctrico: el SUV EQS 680\",\"datePublished\":\"2023-04-18T11:37:52+00:00\",\"dateModified\":\"2023-04-18T11:37:52+00:00\",\"mainEntityOfPage\":{\"@id\":\"https:\/\/all-car-news.com\/es\/el-primer-maybach-electrico-el-suv-eqs-680\/\"},\"wordCount\":467,\"publisher\":{\"@id\":\"https:\/\/all-car-news.com\/es\/#organization\"},\"articleSection\":[\"noticias de autos\"],\"inLanguage\":\"es\"},{\"@type\":\"WebPage\",\"@id\":\"https:\/\/all-car-news.com\/es\/el-primer-maybach-electrico-el-suv-eqs-680\/\",\"url\":\"https:\/\/all-car-news.com\/es\/el-primer-maybach-electrico-el-suv-eqs-680\/\",\"name\":\"El primer Maybach el\u00e9ctrico: el SUV EQS 680 - All cars news\",\"isPartOf\":{\"@id\":\"https:\/\/all-car-news.com\/es\/#website\"},\"datePublished\":\"2023-04-18T11:37:52+00:00\",\"dateModified\":\"2023-04-18T11:37:52+00:00\",\"breadcrumb\":{\"@id\":\"https:\/\/all-car-news.com\/es\/el-primer-maybach-electrico-el-suv-eqs-680\/#breadcrumb\"},\"inLanguage\":\"es\",\"potentialAction\":[{\"@type\":\"ReadAction\",\"target\":[\"https:\/\/all-car-news.com\/es\/el-primer-maybach-electrico-el-suv-eqs-680\/\"]}]},{\"@type\":\"BreadcrumbList\",\"@id\":\"https:\/\/all-car-news.com\/es\/el-primer-maybach-electrico-el-suv-eqs-680\/#breadcrumb\",\"itemListElement\":[{\"@type\":\"ListItem\",\"position\":1,\"name\":\"Home\",\"item\":\"https:\/\/all-car-news.com\/es\/\"},{\"@type\":\"ListItem\",\"position\":2,\"name\":\"El primer Maybach el\u00e9ctrico: el SUV EQS 680\"}]},{\"@type\":\"WebSite\",\"@id\":\"https:\/\/all-car-news.com\/es\/#website\",\"url\":\"https:\/\/all-car-news.com\/es\/\",\"name\":\"All cars news\",\"description\":\"\",\"publisher\":{\"@id\":\"https:\/\/all-car-news.com\/es\/#organization\"},\"potentialAction\":[{\"@type\":\"SearchAction\",\"target\":{\"@type\":\"EntryPoint\",\"urlTemplate\":\"https:\/\/all-car-news.com\/es\/?s={search_term_string}\"},\"query-input\":\"required name=search_term_string\"}],\"inLanguage\":\"es\"},{\"@type\":\"Organization\",\"@id\":\"https:\/\/all-car-news.com\/es\/#organization\",\"name\":\"All cars news\",\"url\":\"https:\/\/all-car-news.com\/es\/\",\"logo\":{\"@type\":\"ImageObject\",\"inLanguage\":\"es\",\"@id\":\"https:\/\/all-car-news.com\/es\/#\/schema\/logo\/image\/\",\"url\":\"https:\/\/all-car-news.com\/wp-content\/uploads\/2022\/02\/CMYK-AllCarNews_LANDSCAPE_300px-1.png\",\"contentUrl\":\"https:\/\/all-car-news.com\/wp-content\/uploads\/2022\/02\/CMYK-AllCarNews_LANDSCAPE_300px-1.png\",\"width\":300,\"height\":100,\"caption\":\"All cars news\"},\"image\":{\"@id\":\"https:\/\/all-car-news.com\/es\/#\/schema\/logo\/image\/\"}}]}<\/script>\n<!-- \/ Yoast SEO plugin. -->","yoast_head_json":{"title":"El primer Maybach el\u00e9ctrico: el SUV EQS 680 - All cars news","robots":{"index":"index","follow":"follow","max-snippet":"max-snippet:-1","max-image-preview":"max-image-preview:large","max-video-preview":"max-video-preview:-1"},"canonical":"https:\/\/all-car-news.com\/es\/el-primer-maybach-electrico-el-suv-eqs-680\/","og_locale":"es_ES","og_type":"article","og_title":"El primer Maybach el\u00e9ctrico: el SUV EQS 680 - All cars news","og_description":"Electrificaci\u00f3n Las cosas tambi\u00e9n van deprisa en Maybach. En febrero, la marca mostr\u00f3 por primera vez un modelo enchufable: el Mercedes-Maybach S 580 e h\u00edbrido enchufable. Ahora, la marca presenta su primer modelo totalmente el\u00e9ctrico: el SUV Mercedes-Maybach EQS. La marca ha llenado el SUV EQS de lujosos [...]","og_url":"https:\/\/all-car-news.com\/es\/el-primer-maybach-electrico-el-suv-eqs-680\/","og_site_name":"All cars news","article_published_time":"2023-04-18T11:37:52+00:00","og_image":[{"url":"https:\/\/autorai.nl\/wp-content\/uploads\/2023\/04\/Maybach-EQS-5-1140x760.jpg"}],"twitter_card":"summary_large_image","twitter_misc":{"Tiempo de lectura":"2 minutos"},"schema":{"@context":"https:\/\/schema.org","@graph":[{"@type":"Article","@id":"https:\/\/all-car-news.com\/es\/el-primer-maybach-electrico-el-suv-eqs-680\/#article","isPartOf":{"@id":"https:\/\/all-car-news.com\/es\/el-primer-maybach-electrico-el-suv-eqs-680\/"},"author":{"name":"","@id":""},"headline":"El primer Maybach el\u00e9ctrico: el SUV EQS 680","datePublished":"2023-04-18T11:37:52+00:00","dateModified":"2023-04-18T11:37:52+00:00","mainEntityOfPage":{"@id":"https:\/\/all-car-news.com\/es\/el-primer-maybach-electrico-el-suv-eqs-680\/"},"wordCount":467,"publisher":{"@id":"https:\/\/all-car-news.com\/es\/#organization"},"articleSection":["noticias de autos"],"inLanguage":"es"},{"@type":"WebPage","@id":"https:\/\/all-car-news.com\/es\/el-primer-maybach-electrico-el-suv-eqs-680\/","url":"https:\/\/all-car-news.com\/es\/el-primer-maybach-electrico-el-suv-eqs-680\/","name":"El primer Maybach el\u00e9ctrico: el SUV EQS 680 - All cars news","isPartOf":{"@id":"https:\/\/all-car-news.com\/es\/#website"},"datePublished":"2023-04-18T11:37:52+00:00","dateModified":"2023-04-18T11:37:52+00:00","breadcrumb":{"@id":"https:\/\/all-car-news.com\/es\/el-primer-maybach-electrico-el-suv-eqs-680\/#breadcrumb"},"inLanguage":"es","potentialAction":[{"@type":"ReadAction","target":["https:\/\/all-car-news.com\/es\/el-primer-maybach-electrico-el-suv-eqs-680\/"]}]},{"@type":"BreadcrumbList","@id":"https:\/\/all-car-news.com\/es\/el-primer-maybach-electrico-el-suv-eqs-680\/#breadcrumb","itemListElement":[{"@type":"ListItem","position":1,"name":"Home","item":"https:\/\/all-car-news.com\/es\/"},{"@type":"ListItem","position":2,"name":"El primer Maybach el\u00e9ctrico: el SUV EQS 680"}]},{"@type":"WebSite","@id":"https:\/\/all-car-news.com\/es\/#website","url":"https:\/\/all-car-news.com\/es\/","name":"All cars news","description":"","publisher":{"@id":"https:\/\/all-car-news.com\/es\/#organization"},"potentialAction":[{"@type":"SearchAction","target":{"@type":"EntryPoint","urlTemplate":"https:\/\/all-car-news.com\/es\/?s={search_term_string}"},"query-input":"required name=search_term_string"}],"inLanguage":"es"},{"@type":"Organization","@id":"https:\/\/all-car-news.com\/es\/#organization","name":"All cars news","url":"https:\/\/all-car-news.com\/es\/","logo":{"@type":"ImageObject","inLanguage":"es","@id":"https:\/\/all-car-news.com\/es\/#\/schema\/logo\/image\/","url":"https:\/\/all-car-news.com\/wp-content\/uploads\/2022\/02\/CMYK-AllCarNews_LANDSCAPE_300px-1.png","contentUrl":"https:\/\/all-car-news.com\/wp-content\/uploads\/2022\/02\/CMYK-AllCarNews_LANDSCAPE_300px-1.png","width":300,"height":100,"caption":"All cars news"},"image":{"@id":"https:\/\/all-car-news.com\/es\/#\/schema\/logo\/image\/"}}]}},"_links":{"self":[{"href":"https:\/\/all-car-news.com\/es\/wp-json\/wp\/v2\/posts\/134624","targetHints":{"allow":["GET"]}}],"collection":[{"href":"https:\/\/all-car-news.com\/es\/wp-json\/wp\/v2\/posts"}],"about":[{"href":"https:\/\/all-car-news.com\/es\/wp-json\/wp\/v2\/types\/post"}],"replies":[{"embeddable":true,"href":"https:\/\/all-car-news.com\/es\/wp-json\/wp\/v2\/comments?post=134624"}],"version-history":[{"count":0,"href":"https:\/\/all-car-news.com\/es\/wp-json\/wp\/v2\/posts\/134624\/revisions"}],"wp:featuredmedia":[{"embeddable":true,"href":"https:\/\/all-car-news.com\/es\/wp-json\/wp\/v2\/media\/134594"}],"wp:attachment":[{"href":"https:\/\/all-car-news.com\/es\/wp-json\/wp\/v2\/media?parent=134624"}],"wp:term":[{"taxonomy":"category","embeddable":true,"href":"https:\/\/all-car-news.com\/es\/wp-json\/wp\/v2\/categories?post=134624"},{"taxonomy":"post_tag","embeddable":true,"href":"https:\/\/all-car-news.com\/es\/wp-json\/wp\/v2\/tags?post=134624"}],"curies":[{"name":"wp","href":"https:\/\/api.w.org\/{rel}","templated":true}]}}